{"id":93333,"date":"2022-10-14T15:03:15","date_gmt":"2022-10-14T18:03:15","guid":{"rendered":"https:\/\/redenoticiaz.com.br\/litoralsp\/2022\/10\/14\/varejo-paulista-deve-registrar-aumento-de-r-800-milhoes-nas-vendas-em-outubro"},"modified":"2022-10-14T15:03:50","modified_gmt":"2022-10-14T18:03:50","slug":"varejo-paulista-deve-registrar-aumento-de-r-800-milhoes-nas-vendas-em-outubro","status":"publish","type":"post","link":"https:\/\/redenoticiaz.com.br\/litoralsp\/2022\/10\/14\/varejo-paulista-deve-registrar-aumento-de-r-800-milhoes-nas-vendas-em-outubro","title":{"rendered":"Varejo paulista deve registrar aumento de R$ 800 milh\u00f5es nas vendas em outubro"},"content":{"rendered":"<p>A Federa\u00e7\u00e3o do Com\u00e9rcio de Bens, Servi\u00e7os e Turismo do Estado de S\u00e3o Paulo (FecomercioSP) espera registrar aumento de R$ 800 milh\u00f5es nas vendas em outubro. O aumento seria de 4% em rela\u00e7\u00e3o ao registrado em outubro de 2021.<\/p>\n<p>No geral, segundo a federa\u00e7\u00e3o, o Dia das Crian\u00e7as apresenta pouca influ\u00eancia para o varejo, mas provoca um impacto interessante no\u00a0movimento de vendas nos dias em que a antecedem a data.<\/p>\n<p>Os supermercados, por sua vez, devem apresentar uma movimenta\u00e7\u00e3o menor em compara\u00e7\u00e3o ao ano passado.<\/p>\n<p>Outro reflexo do Dia das Crian\u00e7as \u00e9 a antecipa\u00e7\u00e3o das compras dos presentes de Natal, j\u00e1 que os consumidores costumam encontrar pre\u00e7os mais atrativos nesta \u00e9poca do ano do que em dezembro.<\/p>\n<p><strong>Leia mais<\/strong><\/p>\n<p><a href=\"https:\/\/redenoticiaz.com.br\/blog\/2022\/10\/09\/cinco-erros-que-todo-o-empreendedor-na-area-da-moda-deve-evitar\">Os erros que todo o empreendedor na \u00e1rea da moda deve evitar<\/a><\/p>\n","protected":false},"excerpt":{"rendered":"<p>A Federa\u00e7\u00e3o do Com\u00e9rcio de Bens, Servi\u00e7os e Turismo do Estado de S\u00e3o Paulo (FecomercioSP) espera registrar aumento de R$ 800 milh\u00f5es nas vendas em outubro. O aumento seria de 4% em rela\u00e7\u00e3o ao registrado em outubro de 2021. No geral, segundo a federa\u00e7\u00e3o, o Dia das Crian\u00e7as apresenta pouca influ\u00eancia para o varejo, mas &hellip;<\/p>\n","protected":false},"author":12,"featured_media":93334,"comment_status":"open","ping_status":"closed","sticky":false,"template":"","format":"standard","meta":{"footnotes":""},"categories":[97],"tags":[38095,60127,60128,60129,60130,60131,60132],"class_list":["post-93333","post","type-post","status-publish","format-standard","has-post-thumbnail","hentry","category-economia","tag-dia-das-criancas","tag-fecomerciosp","tag-federacao-do-comercio-de-bens","tag-r-800-milhoes","tag-servicos-e-turismo-do-estado-de-sao-paulo","tag-varejo-paulista","tag-vendas-em-outubro"],"yoast_head":"<!-- This site is optimized with the Yoast SEO plugin v27.5 - https:\/\/yoast.com\/product\/yoast-seo-wordpress\/ -->\n<title>Varejo paulista deve registrar aumento de R$ 800 milh\u00f5es nas vendas em outubro - Litoral SP<\/title>\n<meta name=\"description\" content=\"A FecomercioSP espera registrar aumento de R$ 800 milh\u00f5es nas vendas em outubro. O aumento seria de 4% em rela\u00e7\u00e3o a outubro de 2021.\" \/>\n<meta name=\"robots\" content=\"index, follow, max-snippet:-1, max-image-preview:large, max-video-preview:-1\" \/>\n<link rel=\"canonical\" href=\"https:\/\/redenoticiaz.com.br\/litoralsp\/2022\/10\/14\/varejo-paulista-deve-registrar-aumento-de-r-800-milhoes-nas-vendas-em-outubro\" \/>\n<meta property=\"og:locale\" content=\"pt_BR\" \/>\n<meta property=\"og:type\" content=\"article\" \/>\n<meta property=\"og:title\" content=\"Varejo paulista deve registrar aumento de R$ 800 milh\u00f5es nas vendas em outubro - Litoral SP\" \/>\n<meta property=\"og:description\" content=\"A FecomercioSP espera registrar aumento de R$ 800 milh\u00f5es nas vendas em outubro. O aumento seria de 4% em rela\u00e7\u00e3o a outubro de 2021.\" \/>\n<meta property=\"og:url\" content=\"https:\/\/redenoticiaz.com.br\/litoralsp\/2022\/10\/14\/varejo-paulista-deve-registrar-aumento-de-r-800-milhoes-nas-vendas-em-outubro\" \/>\n<meta property=\"og:site_name\" content=\"Litoral SP\" \/>\n<meta property=\"article:published_time\" content=\"2022-10-14T18:03:15+00:00\" \/>\n<meta property=\"article:modified_time\" content=\"2022-10-14T18:03:50+00:00\" \/>\n<meta property=\"og:image\" content=\"https:\/\/redenoticiaz.com.br\/litoralsp\/wp-content\/uploads\/sites\/3\/2022\/10\/20201006-brinquedo_08102015-_dsc4487-1068x639-1.jpg?v=1665770569\" \/>\n\t<meta property=\"og:image:width\" content=\"1068\" \/>\n\t<meta property=\"og:image:height\" content=\"639\" \/>\n\t<meta property=\"og:image:type\" content=\"image\/jpeg\" \/>\n<meta name=\"author\" content=\"Gustavo Silva\" \/>\n<meta name=\"twitter:card\" content=\"summary_large_image\" \/>\n<meta name=\"twitter:label1\" content=\"Escrito por\" \/>\n\t<meta name=\"twitter:data1\" content=\"Gustavo Silva\" \/>\n\t<meta name=\"twitter:label2\" content=\"Est. tempo de leitura\" \/>\n\t<meta name=\"twitter:data2\" content=\"1 minuto\" \/>\n<script type=\"application\/ld+json\" class=\"yoast-schema-graph\">{\"@context\":\"https:\\\/\\\/schema.org\",\"@graph\":[{\"@type\":\"Article\",\"@id\":\"https:\\\/\\\/redenoticiaz.com.br\\\/litoralsp\\\/2022\\\/10\\\/14\\\/varejo-paulista-deve-registrar-aumento-de-r-800-milhoes-nas-vendas-em-outubro#article\",\"isPartOf\":{\"@id\":\"https:\\\/\\\/redenoticiaz.com.br\\\/litoralsp\\\/2022\\\/10\\\/14\\\/varejo-paulista-deve-registrar-aumento-de-r-800-milhoes-nas-vendas-em-outubro\"},\"author\":{\"name\":\"Gustavo Silva\",\"@id\":\"https:\\\/\\\/redenoticiaz.com.br\\\/litoralsp\\\/#\\\/schema\\\/person\\\/16057b37a3c0ee6b096d7f887c566e2e\"},\"headline\":\"Varejo paulista deve registrar aumento de R$ 800 milh\u00f5es nas vendas em outubro\",\"datePublished\":\"2022-10-14T18:03:15+00:00\",\"dateModified\":\"2022-10-14T18:03:50+00:00\",\"mainEntityOfPage\":{\"@id\":\"https:\\\/\\\/redenoticiaz.com.br\\\/litoralsp\\\/2022\\\/10\\\/14\\\/varejo-paulista-deve-registrar-aumento-de-r-800-milhoes-nas-vendas-em-outubro\"},\"wordCount\":155,\"commentCount\":0,\"publisher\":{\"@id\":\"https:\\\/\\\/redenoticiaz.com.br\\\/litoralsp\\\/#organization\"},\"image\":{\"@id\":\"https:\\\/\\\/redenoticiaz.com.br\\\/litoralsp\\\/2022\\\/10\\\/14\\\/varejo-paulista-deve-registrar-aumento-de-r-800-milhoes-nas-vendas-em-outubro#primaryimage\"},\"thumbnailUrl\":\"https:\\\/\\\/redenoticiaz.com.br\\\/litoralsp\\\/wp-content\\\/uploads\\\/sites\\\/3\\\/2022\\\/10\\\/20201006-brinquedo_08102015-_dsc4487-1068x639-1.jpg?v=1665770569\",\"keywords\":[\"dia das crian\u00e7as\",\"FecomercioSP\",\"Federa\u00e7\u00e3o do Com\u00e9rcio de Bens\",\"R$ 800 milh\u00f5es\",\"Servi\u00e7os e Turismo do Estado de S\u00e3o Paulo\",\"Varejo paulista\",\"vendas em outubro\"],\"articleSection\":[\"Economia\"],\"inLanguage\":\"pt-BR\",\"potentialAction\":[{\"@type\":\"CommentAction\",\"name\":\"Comment\",\"target\":[\"https:\\\/\\\/redenoticiaz.com.br\\\/litoralsp\\\/2022\\\/10\\\/14\\\/varejo-paulista-deve-registrar-aumento-de-r-800-milhoes-nas-vendas-em-outubro#respond\"]}]},{\"@type\":\"WebPage\",\"@id\":\"https:\\\/\\\/redenoticiaz.com.br\\\/litoralsp\\\/2022\\\/10\\\/14\\\/varejo-paulista-deve-registrar-aumento-de-r-800-milhoes-nas-vendas-em-outubro\",\"url\":\"https:\\\/\\\/redenoticiaz.com.br\\\/litoralsp\\\/2022\\\/10\\\/14\\\/varejo-paulista-deve-registrar-aumento-de-r-800-milhoes-nas-vendas-em-outubro\",\"name\":\"Varejo paulista deve registrar aumento de R$ 800 milh\u00f5es nas vendas em outubro - Litoral SP\",\"isPartOf\":{\"@id\":\"https:\\\/\\\/redenoticiaz.com.br\\\/litoralsp\\\/#website\"},\"primaryImageOfPage\":{\"@id\":\"https:\\\/\\\/redenoticiaz.com.br\\\/litoralsp\\\/2022\\\/10\\\/14\\\/varejo-paulista-deve-registrar-aumento-de-r-800-milhoes-nas-vendas-em-outubro#primaryimage\"},\"image\":{\"@id\":\"https:\\\/\\\/redenoticiaz.com.br\\\/litoralsp\\\/2022\\\/10\\\/14\\\/varejo-paulista-deve-registrar-aumento-de-r-800-milhoes-nas-vendas-em-outubro#primaryimage\"},\"thumbnailUrl\":\"https:\\\/\\\/redenoticiaz.com.br\\\/litoralsp\\\/wp-content\\\/uploads\\\/sites\\\/3\\\/2022\\\/10\\\/20201006-brinquedo_08102015-_dsc4487-1068x639-1.jpg?v=1665770569\",\"datePublished\":\"2022-10-14T18:03:15+00:00\",\"dateModified\":\"2022-10-14T18:03:50+00:00\",\"description\":\"A FecomercioSP espera registrar aumento de R$ 800 milh\u00f5es nas vendas em outubro. O aumento seria de 4% em rela\u00e7\u00e3o a outubro de 2021.\",\"inLanguage\":\"pt-BR\",\"potentialAction\":[{\"@type\":\"ReadAction\",\"target\":[\"https:\\\/\\\/redenoticiaz.com.br\\\/litoralsp\\\/2022\\\/10\\\/14\\\/varejo-paulista-deve-registrar-aumento-de-r-800-milhoes-nas-vendas-em-outubro\"]}]},{\"@type\":\"ImageObject\",\"inLanguage\":\"pt-BR\",\"@id\":\"https:\\\/\\\/redenoticiaz.com.br\\\/litoralsp\\\/2022\\\/10\\\/14\\\/varejo-paulista-deve-registrar-aumento-de-r-800-milhoes-nas-vendas-em-outubro#primaryimage\",\"url\":\"https:\\\/\\\/redenoticiaz.com.br\\\/litoralsp\\\/wp-content\\\/uploads\\\/sites\\\/3\\\/2022\\\/10\\\/20201006-brinquedo_08102015-_dsc4487-1068x639-1.jpg?v=1665770569\",\"contentUrl\":\"https:\\\/\\\/redenoticiaz.com.br\\\/litoralsp\\\/wp-content\\\/uploads\\\/sites\\\/3\\\/2022\\\/10\\\/20201006-brinquedo_08102015-_dsc4487-1068x639-1.jpg?v=1665770569\",\"width\":1068,\"height\":639,\"caption\":\"Varejo paulista deve registrar aumento de R$ 800 milh\u00f5es nas vendas em outubro\"},{\"@type\":\"WebSite\",\"@id\":\"https:\\\/\\\/redenoticiaz.com.br\\\/litoralsp\\\/#website\",\"url\":\"https:\\\/\\\/redenoticiaz.com.br\\\/litoralsp\\\/\",\"name\":\"Litoral SP\",\"description\":\"Rede NoticiaZ\",\"publisher\":{\"@id\":\"https:\\\/\\\/redenoticiaz.com.br\\\/litoralsp\\\/#organization\"},\"potentialAction\":[{\"@type\":\"SearchAction\",\"target\":{\"@type\":\"EntryPoint\",\"urlTemplate\":\"https:\\\/\\\/redenoticiaz.com.br\\\/litoralsp\\\/?s={search_term_string}\"},\"query-input\":{\"@type\":\"PropertyValueSpecification\",\"valueRequired\":true,\"valueName\":\"search_term_string\"}}],\"inLanguage\":\"pt-BR\"},{\"@type\":\"Organization\",\"@id\":\"https:\\\/\\\/redenoticiaz.com.br\\\/litoralsp\\\/#organization\",\"name\":\"Litoral SP\",\"url\":\"https:\\\/\\\/redenoticiaz.com.br\\\/litoralsp\\\/\",\"logo\":{\"@type\":\"ImageObject\",\"inLanguage\":\"pt-BR\",\"@id\":\"https:\\\/\\\/redenoticiaz.com.br\\\/litoralsp\\\/#\\\/schema\\\/logo\\\/image\\\/\",\"url\":\"https:\\\/\\\/redenoticiaz.com.br\\\/litoralsp\\\/wp-content\\\/uploads\\\/sites\\\/3\\\/2020\\\/11\\\/logo.jpg\",\"contentUrl\":\"https:\\\/\\\/redenoticiaz.com.br\\\/litoralsp\\\/wp-content\\\/uploads\\\/sites\\\/3\\\/2020\\\/11\\\/logo.jpg\",\"width\":400,\"height\":250,\"caption\":\"Litoral SP\"},\"image\":{\"@id\":\"https:\\\/\\\/redenoticiaz.com.br\\\/litoralsp\\\/#\\\/schema\\\/logo\\\/image\\\/\"}},{\"@type\":\"Person\",\"@id\":\"https:\\\/\\\/redenoticiaz.com.br\\\/litoralsp\\\/#\\\/schema\\\/person\\\/16057b37a3c0ee6b096d7f887c566e2e\",\"name\":\"Gustavo Silva\",\"image\":{\"@type\":\"ImageObject\",\"inLanguage\":\"pt-BR\",\"@id\":\"https:\\\/\\\/secure.gravatar.com\\\/avatar\\\/3ee4e82f93b26de0a7cf4ea5eb7893da637ed6bb0c9170c58065944c56e28a33?s=96&d=mm&r=g\",\"url\":\"https:\\\/\\\/secure.gravatar.com\\\/avatar\\\/3ee4e82f93b26de0a7cf4ea5eb7893da637ed6bb0c9170c58065944c56e28a33?s=96&d=mm&r=g\",\"contentUrl\":\"https:\\\/\\\/secure.gravatar.com\\\/avatar\\\/3ee4e82f93b26de0a7cf4ea5eb7893da637ed6bb0c9170c58065944c56e28a33?s=96&d=mm&r=g\",\"caption\":\"Gustavo Silva\"},\"url\":\"https:\\\/\\\/redenoticiaz.com.br\\\/litoralsp\\\/author\\\/gustavosilva\"}]}<\/script>\n<!-- \/ Yoast SEO plugin. -->","yoast_head_json":{"title":"Varejo paulista deve registrar aumento de R$ 800 milh\u00f5es nas vendas em outubro - Litoral SP","description":"A FecomercioSP espera registrar aumento de R$ 800 milh\u00f5es nas vendas em outubro. O aumento seria de 4% em rela\u00e7\u00e3o a outubro de 2021.","robots":{"index":"index","follow":"follow","max-snippet":"max-snippet:-1","max-image-preview":"max-image-preview:large","max-video-preview":"max-video-preview:-1"},"canonical":"https:\/\/redenoticiaz.com.br\/litoralsp\/2022\/10\/14\/varejo-paulista-deve-registrar-aumento-de-r-800-milhoes-nas-vendas-em-outubro","og_locale":"pt_BR","og_type":"article","og_title":"Varejo paulista deve registrar aumento de R$ 800 milh\u00f5es nas vendas em outubro - Litoral SP","og_description":"A FecomercioSP espera registrar aumento de R$ 800 milh\u00f5es nas vendas em outubro. O aumento seria de 4% em rela\u00e7\u00e3o a outubro de 2021.","og_url":"https:\/\/redenoticiaz.com.br\/litoralsp\/2022\/10\/14\/varejo-paulista-deve-registrar-aumento-de-r-800-milhoes-nas-vendas-em-outubro","og_site_name":"Litoral SP","article_published_time":"2022-10-14T18:03:15+00:00","article_modified_time":"2022-10-14T18:03:50+00:00","og_image":[{"width":1068,"height":639,"url":"https:\/\/redenoticiaz.com.br\/litoralsp\/wp-content\/uploads\/sites\/3\/2022\/10\/20201006-brinquedo_08102015-_dsc4487-1068x639-1.jpg?v=1665770569","type":"image\/jpeg"}],"author":"Gustavo Silva","twitter_card":"summary_large_image","twitter_misc":{"Escrito por":"Gustavo Silva","Est. tempo de leitura":"1 minuto"},"schema":{"@context":"https:\/\/schema.org","@graph":[{"@type":"Article","@id":"https:\/\/redenoticiaz.com.br\/litoralsp\/2022\/10\/14\/varejo-paulista-deve-registrar-aumento-de-r-800-milhoes-nas-vendas-em-outubro#article","isPartOf":{"@id":"https:\/\/redenoticiaz.com.br\/litoralsp\/2022\/10\/14\/varejo-paulista-deve-registrar-aumento-de-r-800-milhoes-nas-vendas-em-outubro"},"author":{"name":"Gustavo Silva","@id":"https:\/\/redenoticiaz.com.br\/litoralsp\/#\/schema\/person\/16057b37a3c0ee6b096d7f887c566e2e"},"headline":"Varejo paulista deve registrar aumento de R$ 800 milh\u00f5es nas vendas em outubro","datePublished":"2022-10-14T18:03:15+00:00","dateModified":"2022-10-14T18:03:50+00:00","mainEntityOfPage":{"@id":"https:\/\/redenoticiaz.com.br\/litoralsp\/2022\/10\/14\/varejo-paulista-deve-registrar-aumento-de-r-800-milhoes-nas-vendas-em-outubro"},"wordCount":155,"commentCount":0,"publisher":{"@id":"https:\/\/redenoticiaz.com.br\/litoralsp\/#organization"},"image":{"@id":"https:\/\/redenoticiaz.com.br\/litoralsp\/2022\/10\/14\/varejo-paulista-deve-registrar-aumento-de-r-800-milhoes-nas-vendas-em-outubro#primaryimage"},"thumbnailUrl":"https:\/\/redenoticiaz.com.br\/litoralsp\/wp-content\/uploads\/sites\/3\/2022\/10\/20201006-brinquedo_08102015-_dsc4487-1068x639-1.jpg?v=1665770569","keywords":["dia das crian\u00e7as","FecomercioSP","Federa\u00e7\u00e3o do Com\u00e9rcio de Bens","R$ 800 milh\u00f5es","Servi\u00e7os e Turismo do Estado de S\u00e3o Paulo","Varejo paulista","vendas em outubro"],"articleSection":["Economia"],"inLanguage":"pt-BR","potentialAction":[{"@type":"CommentAction","name":"Comment","target":["https:\/\/redenoticiaz.com.br\/litoralsp\/2022\/10\/14\/varejo-paulista-deve-registrar-aumento-de-r-800-milhoes-nas-vendas-em-outubro#respond"]}]},{"@type":"WebPage","@id":"https:\/\/redenoticiaz.com.br\/litoralsp\/2022\/10\/14\/varejo-paulista-deve-registrar-aumento-de-r-800-milhoes-nas-vendas-em-outubro","url":"https:\/\/redenoticiaz.com.br\/litoralsp\/2022\/10\/14\/varejo-paulista-deve-registrar-aumento-de-r-800-milhoes-nas-vendas-em-outubro","name":"Varejo paulista deve registrar aumento de R$ 800 milh\u00f5es nas vendas em outubro - Litoral SP","isPartOf":{"@id":"https:\/\/redenoticiaz.com.br\/litoralsp\/#website"},"primaryImageOfPage":{"@id":"https:\/\/redenoticiaz.com.br\/litoralsp\/2022\/10\/14\/varejo-paulista-deve-registrar-aumento-de-r-800-milhoes-nas-vendas-em-outubro#primaryimage"},"image":{"@id":"https:\/\/redenoticiaz.com.br\/litoralsp\/2022\/10\/14\/varejo-paulista-deve-registrar-aumento-de-r-800-milhoes-nas-vendas-em-outubro#primaryimage"},"thumbnailUrl":"https:\/\/redenoticiaz.com.br\/litoralsp\/wp-content\/uploads\/sites\/3\/2022\/10\/20201006-brinquedo_08102015-_dsc4487-1068x639-1.jpg?v=1665770569","datePublished":"2022-10-14T18:03:15+00:00","dateModified":"2022-10-14T18:03:50+00:00","description":"A FecomercioSP espera registrar aumento de R$ 800 milh\u00f5es nas vendas em outubro. O aumento seria de 4% em rela\u00e7\u00e3o a outubro de 2021.","inLanguage":"pt-BR","potentialAction":[{"@type":"ReadAction","target":["https:\/\/redenoticiaz.com.br\/litoralsp\/2022\/10\/14\/varejo-paulista-deve-registrar-aumento-de-r-800-milhoes-nas-vendas-em-outubro"]}]},{"@type":"ImageObject","inLanguage":"pt-BR","@id":"https:\/\/redenoticiaz.com.br\/litoralsp\/2022\/10\/14\/varejo-paulista-deve-registrar-aumento-de-r-800-milhoes-nas-vendas-em-outubro#primaryimage","url":"https:\/\/redenoticiaz.com.br\/litoralsp\/wp-content\/uploads\/sites\/3\/2022\/10\/20201006-brinquedo_08102015-_dsc4487-1068x639-1.jpg?v=1665770569","contentUrl":"https:\/\/redenoticiaz.com.br\/litoralsp\/wp-content\/uploads\/sites\/3\/2022\/10\/20201006-brinquedo_08102015-_dsc4487-1068x639-1.jpg?v=1665770569","width":1068,"height":639,"caption":"Varejo paulista deve registrar aumento de R$ 800 milh\u00f5es nas vendas em outubro"},{"@type":"WebSite","@id":"https:\/\/redenoticiaz.com.br\/litoralsp\/#website","url":"https:\/\/redenoticiaz.com.br\/litoralsp\/","name":"Litoral SP","description":"Rede NoticiaZ","publisher":{"@id":"https:\/\/redenoticiaz.com.br\/litoralsp\/#organization"},"potentialAction":[{"@type":"SearchAction","target":{"@type":"EntryPoint","urlTemplate":"https:\/\/redenoticiaz.com.br\/litoralsp\/?s={search_term_string}"},"query-input":{"@type":"PropertyValueSpecification","valueRequired":true,"valueName":"search_term_string"}}],"inLanguage":"pt-BR"},{"@type":"Organization","@id":"https:\/\/redenoticiaz.com.br\/litoralsp\/#organization","name":"Litoral SP","url":"https:\/\/redenoticiaz.com.br\/litoralsp\/","logo":{"@type":"ImageObject","inLanguage":"pt-BR","@id":"https:\/\/redenoticiaz.com.br\/litoralsp\/#\/schema\/logo\/image\/","url":"https:\/\/redenoticiaz.com.br\/litoralsp\/wp-content\/uploads\/sites\/3\/2020\/11\/logo.jpg","contentUrl":"https:\/\/redenoticiaz.com.br\/litoralsp\/wp-content\/uploads\/sites\/3\/2020\/11\/logo.jpg","width":400,"height":250,"caption":"Litoral SP"},"image":{"@id":"https:\/\/redenoticiaz.com.br\/litoralsp\/#\/schema\/logo\/image\/"}},{"@type":"Person","@id":"https:\/\/redenoticiaz.com.br\/litoralsp\/#\/schema\/person\/16057b37a3c0ee6b096d7f887c566e2e","name":"Gustavo Silva","image":{"@type":"ImageObject","inLanguage":"pt-BR","@id":"https:\/\/secure.gravatar.com\/avatar\/3ee4e82f93b26de0a7cf4ea5eb7893da637ed6bb0c9170c58065944c56e28a33?s=96&d=mm&r=g","url":"https:\/\/secure.gravatar.com\/avatar\/3ee4e82f93b26de0a7cf4ea5eb7893da637ed6bb0c9170c58065944c56e28a33?s=96&d=mm&r=g","contentUrl":"https:\/\/secure.gravatar.com\/avatar\/3ee4e82f93b26de0a7cf4ea5eb7893da637ed6bb0c9170c58065944c56e28a33?s=96&d=mm&r=g","caption":"Gustavo Silva"},"url":"https:\/\/redenoticiaz.com.br\/litoralsp\/author\/gustavosilva"}]}},"_links":{"self":[{"href":"https:\/\/redenoticiaz.com.br\/litoralsp\/wp-json\/wp\/v2\/posts\/93333","targetHints":{"allow":["GET"]}}],"collection":[{"href":"https:\/\/redenoticiaz.com.br\/litoralsp\/wp-json\/wp\/v2\/posts"}],"about":[{"href":"https:\/\/redenoticiaz.com.br\/litoralsp\/wp-json\/wp\/v2\/types\/post"}],"author":[{"embeddable":true,"href":"https:\/\/redenoticiaz.com.br\/litoralsp\/wp-json\/wp\/v2\/users\/12"}],"replies":[{"embeddable":true,"href":"https:\/\/redenoticiaz.com.br\/litoralsp\/wp-json\/wp\/v2\/comments?post=93333"}],"version-history":[{"count":0,"href":"https:\/\/redenoticiaz.com.br\/litoralsp\/wp-json\/wp\/v2\/posts\/93333\/revisions"}],"wp:featuredmedia":[{"embeddable":true,"href":"https:\/\/redenoticiaz.com.br\/litoralsp\/wp-json\/wp\/v2\/media\/93334"}],"wp:attachment":[{"href":"https:\/\/redenoticiaz.com.br\/litoralsp\/wp-json\/wp\/v2\/media?parent=93333"}],"wp:term":[{"taxonomy":"category","embeddable":true,"href":"https:\/\/redenoticiaz.com.br\/litoralsp\/wp-json\/wp\/v2\/categories?post=93333"},{"taxonomy":"post_tag","embeddable":true,"href":"https:\/\/redenoticiaz.com.br\/litoralsp\/wp-json\/wp\/v2\/tags?post=93333"}],"curies":[{"name":"wp","href":"https:\/\/api.w.org\/{rel}","templated":true}]}}