{"id":93402,"date":"2022-10-17T07:29:43","date_gmt":"2022-10-17T10:29:43","guid":{"rendered":"https:\/\/redenoticiaz.com.br\/litoralsp\/2022\/10\/17\/lula-e-bolsonaro-ficam-cara-a-cara-no-primeiro-debate-do-segundo-turno"},"modified":"2022-10-17T07:29:43","modified_gmt":"2022-10-17T10:29:43","slug":"lula-e-bolsonaro-ficam-cara-a-cara-no-primeiro-debate-do-segundo-turno","status":"publish","type":"post","link":"https:\/\/redenoticiaz.com.br\/litoralsp\/2022\/10\/17\/lula-e-bolsonaro-ficam-cara-a-cara-no-primeiro-debate-do-segundo-turno","title":{"rendered":"Lula e Bolsonaro ficam cara a cara no primeiro debate do segundo turno"},"content":{"rendered":"<p>O t\u00e3o aguardado embate cara a cara entre os candidatos \u00e0 Presid\u00eancia da Rep\u00fablica, Luiz In\u00e1cio Lula da Silva (PT) e Jair Bolsonaro (PL), enfim aconteceu. Foi realizado no domingo (16), o primeiro <strong>debate entre os presidenci\u00e1veis na TV Bandeirantes<\/strong>. E o que n\u00e3o faltou foram acusa\u00e7\u00f5es, provoca\u00e7\u00f5es e temas voltados a fake news, vacinas, or\u00e7amento secretos e demais discuss\u00f5es.<\/p>\n<div class=\"mc-column content-text active-extra-styles \" data-block-type=\"unstyled\" data-block-weight=\"44\" data-block-id=\"3\">\n<p class=\"content-text__container \" data-track-category=\"Link no Texto\" data-track-links=\"\">Al\u00e9m da Band, a TV Cultura, UOL e Folha de S. Paulo tamb\u00e9m participaram na promo\u00e7\u00e3o do debate. Ele foi dividido em tr\u00eas blocos. Os candidatos tiveram momentos de confronto direto, em que precisaram administrar &#8220;bancos de tempo&#8221; com 15 minutos cada, e tamb\u00e9m responderam a perguntas formuladas por jornalistas.<\/p>\n<div class=\"mc-column content-text active-extra-styles \" data-block-type=\"unstyled\" data-block-weight=\"45\" data-block-id=\"8\">\n<p class=\"content-text__container \" data-track-category=\"Link no Texto\" data-track-links=\"\">No primeiro bloco, os dois candidatos responderam a uma mesma pergunta sobre or\u00e7amento. Depois, debateram em confronto direto sobre temas como a gest\u00e3o federal na pandemia de Covid, o pagamento de aux\u00edlios como Bolsa Fam\u00edlia e Aux\u00edlio Brasil e as obras realizadas em governos anteriores.<\/p>\n<\/div>\n<div class=\"mc-column content-text active-extra-styles \" data-block-type=\"unstyled\" data-block-weight=\"49\" data-block-id=\"9\">\n<p class=\"content-text__container \" data-track-category=\"Link no Texto\" data-track-links=\"\">No segundo bloco, questionados por jornalistas, Lula e Bolsonaro trataram de temas como propostas para mudar a composi\u00e7\u00e3o do Supremo Tribunal Federal (STF), pre\u00e7os dos combust\u00edveis, divulga\u00e7\u00e3o de fake news e rela\u00e7\u00e3o com o Congresso, al\u00e9m da acusa\u00e7\u00e3o de suposta pedofilia por parte de Bolsonaro \u2013 repudiada pelo candidato.<\/p>\n<\/div>\n<div class=\"mc-column content-text active-extra-styles \" data-block-type=\"unstyled\" data-block-weight=\"42\" data-block-id=\"10\">\n<p class=\"content-text__container \" data-track-category=\"Link no Texto\" data-track-links=\"\">No terceiro bloco, os candidatos responderam a uma mesma pergunta sobre o d\u00e9ficit educacional na pandemia. Depois, voltaram ao confronto direto e usaram a maior parte do tempo para trocar acusa\u00e7\u00f5es sobre corrup\u00e7\u00e3o. Por fim, apresentaram suas considera\u00e7\u00f5es finais.<\/p>\n<h3 data-track-category=\"Link no Texto\">Corrup\u00e7\u00e3o acabou ou n\u00e3o?<\/h3>\n<p class=\"content-text__container \" data-track-category=\"Link no Texto\" data-track-links=\"\">Esquemas voltados sobre o &#8220;centr\u00e3o&#8221;, or\u00e7amento secreto e o petrol\u00e3o foram as primeiras perguntas feitas pelos jornalistas, diretamente aos candidatos. Bolsonaro negou que tenha comprado o centr\u00e3o com o or\u00e7amento secreto e disse que pode at\u00e9 entender que o &#8220;parlamento trabalha melhor na distribui\u00e7\u00e3o de renda&#8221; do que o Executivo.<\/p>\n<div class=\"mc-column content-text active-extra-styles \" data-block-type=\"unstyled\" data-block-weight=\"98\" data-block-id=\"19\">\n<p class=\"content-text__container \" data-track-category=\"Link no Texto\" data-track-links=\"\">&#8220;Eu comprei com o or\u00e7amento? Eu vetei. Derrubaram o veto. Agora, se eu comprei, eu tenho voto. Vamos supor que o senhor seja deputado, se o senhor recebeu um dinheiro do or\u00e7amento secreto, o senhor vai votar comigo. \u00c9 l\u00f3gica, ou n\u00e3o \u00e9? Eu tenho aqui uma lista preliminar, 13 deputados do PT que receberam recurso desse tal or\u00e7amento secreto. Eu n\u00e3o tenho nada a ver com esse or\u00e7amento secreto. Posso at\u00e9 entender que o parlamento trabalha melhor na distribui\u00e7\u00e3o de renda do que n\u00f3s do lado de c\u00e1, o meu Minist\u00e9rio da Economia e o presidente&#8221;.<\/p>\n<div class=\"mc-column content-text active-extra-styles \" data-block-type=\"unstyled\" data-block-weight=\"19\" data-block-id=\"21\">\n<p class=\"content-text__container \" data-track-category=\"Link no Texto\" data-track-links=\"\">Lula disse que os deputados s\u00e3o responsabilidade do povo brasileiro e que, se eleito, pretende criar um or\u00e7amento participativo.<\/p>\n<\/div>\n<div class=\"mc-column content-text active-extra-styles \" data-block-type=\"unstyled\" data-block-weight=\"66\" data-block-id=\"22\">\n<p class=\"content-text__container \" data-track-category=\"Link no Texto\" data-track-links=\"\">&#8220;Eu vou tentar confrontar essa hist\u00f3ria do or\u00e7amento secreto, eu vou tentar criar um or\u00e7amento participativo que foi uma coisa que criamos nos estados brasileiros [&#8230;] vamos pegar o or\u00e7amento e vamos mandar para o povo dar opini\u00e3o para saber o que ele quer efetivamente que seja feito para ver se a gente consegue diminuir o poder de sequestro que o centr\u00e3o fez no presidente Bolsonaro&#8221;.<\/p>\n<h3 data-track-category=\"Link no Texto\">Aux\u00edlio Brasil x Bolsa Fam\u00edlia<\/h3>\n<div class=\"mc-column content-text active-extra-styles \" data-block-type=\"unstyled\" data-block-weight=\"42\" data-block-id=\"29\">\n<p class=\"content-text__container \" data-track-category=\"Link no Texto\" data-track-links=\"\">Logo no primeiro trecho do confronto direto, Jair Bolsonaro usou parte do tempo para comparar o Bolsa Fam\u00edlia, criado na gest\u00e3o PT, com o Aux\u00edlio Emergencial pago na pandemia e o Aux\u00edlio Brasil criado para suceder o Bolsa Fam\u00edlia no ano passado.<\/p>\n<\/div>\n<div class=\"mc-column content-text active-extra-styles \" data-block-type=\"unstyled\" data-block-weight=\"65\" data-block-id=\"30\">\n<p class=\"content-text__container \" data-track-category=\"Link no Texto\" data-track-links=\"\">&#8220;S\u00f3 de Aux\u00edlio Emergencial, em 2020, n\u00f3s gastamos o equivalente a 15 anos de Bolsa Fam\u00edlia. O Bolsa Fam\u00edlia pagava muito pouco, eu tinha vergonha de ver as pessoas mais humildes especial do Nordeste, do interior do Nordeste recebendo, algumas fam\u00edlias come\u00e7ando a receber R$ 42 reais. Se podia dar algo melhor, como t\u00e1 dizendo agora, por que que n\u00e3o deu l\u00e1 atr\u00e1s?&#8221;, disse Bolsonaro.<\/p>\n<div class=\"mc-column content-text active-extra-styles \" data-block-type=\"unstyled\" data-block-weight=\"20\" data-block-id=\"32\">\n<p class=\"content-text__container \" data-track-category=\"Link no Texto\" data-track-links=\"\">Em resposta, Lula citou outras medidas de assist\u00eancia social adotadas pelo governo federal entre 2003 e 2010, quando era presidente.<\/p>\n<\/div>\n<div class=\"mc-column content-text active-extra-styles \" data-block-type=\"unstyled\" data-block-weight=\"82\" data-block-id=\"33\">\n<p class=\"content-text__container \" data-track-category=\"Link no Texto\" data-track-links=\"\">&#8220;O nosso programa de inclus\u00e3o social n\u00e3o era s\u00f3 o Bolsa Fam\u00edlia. O nosso programa de inclus\u00e3o social foi a maior pol\u00edtica de distribui\u00e7\u00e3o de renda que esse pa\u00eds j\u00e1 conheceu para o pobre. Era ajuda ao pequeno produtor rural, era 1,4 milh\u00e3o de cisternas que n\u00f3s fizemos para o Nordeste. Era o Pnae [programa de alimenta\u00e7\u00e3o escolar] para levar comida para as crian\u00e7as mais pobres, e a gente comprava do pequeno produtor. Al\u00e9m do aumento do sal\u00e1rio m\u00ednimo de 74%&#8221;, enumerou.<\/p>\n<\/div>\n<div class=\"mc-column content-text active-extra-styles\" data-block-type=\"raw\" data-block-weight=\"3\" data-block-id=\"34\">\n<div class=\"content-intertitle\">\n<h3>Gest\u00e3o na pandemia<\/h3>\n<\/div>\n<\/div>\n<div class=\"mc-column content-text active-extra-styles \" data-block-type=\"unstyled\" data-block-weight=\"26\" data-block-id=\"35\">\n<p class=\"content-text__container \" data-track-category=\"Link no Texto\" data-track-links=\"\">Na primeira rodada de confronto direto, Lula questionou Bolsonaro sobre a conduta do governo na pandemia. At\u00e9 este domingo, o Brasil contabilizava 687.195 mortes pela Covid.<\/p>\n<\/div>\n<div class=\"mc-column content-text active-extra-styles \" data-block-type=\"unstyled\" data-block-weight=\"72\" data-block-id=\"36\">\n<p class=\"content-text__container \" data-track-category=\"Link no Texto\" data-track-links=\"\">&#8220;A sua neglig\u00eancia fez com que 680 [mil] pessoas morressem quando mais da metade poderia ter sido salva. A verdade \u00e9 que o senhor n\u00e3o cuidou, debochou, riu, desacreditou a vacina. [&#8230;] O senhor gozou das pessoas, imitou as pessoas morrendo afogadas por falta de oxig\u00eanio em Manaus. N\u00e3o tem na hist\u00f3ria de nenhum governo no mundo algu\u00e9m que brincou com a pandemia e com a pandemia como voc\u00ea brincou&#8221;, disse Lula.<\/p>\n<\/div>\n<div class=\"mc-column content-text active-extra-styles \" data-block-type=\"unstyled\" data-block-weight=\"34\" data-block-id=\"38\">\n<p class=\"content-text__container \" data-track-category=\"Link no Texto\" data-track-links=\"\">Em resposta, Bolsonaro citou a ocasi\u00e3o em que Lula disse &#8220;ainda bem&#8221; ao se referir ao papel da Covid-19 em demonstrar a necessidade do Estado. E defendeu a pol\u00edtica do governo contra o v\u00edrus.<\/p>\n<\/div>\n<div class=\"mc-column content-text active-extra-styles \" data-block-type=\"unstyled\" data-block-weight=\"73\" data-block-id=\"39\">\n<p class=\"content-text__container \" data-track-category=\"Link no Texto\" data-track-links=\"\">&#8220;A primeira vacina no mundo foi aplicada em dezembro de 2020. Em janeiro do ano seguinte, um m\u00eas depois. O Brasil come\u00e7ou a vacinar. N\u00f3s compramos mais de 500 milh\u00f5es de doses de vacina. E todos aqueles que quiseram tomar vacina, tomaram. E o Brasil foi um dos pa\u00edses que mais vacinou no mundo e em tempo mais r\u00e1pido. Ent\u00e3o, o senhor se informe antes de fazer acusa\u00e7\u00f5es levianas e mentirosas&#8221;, disse Bolsonaro.<\/p>\n<div class=\"mc-column content-text active-extra-styles\" data-block-type=\"raw\" data-block-weight=\"3\" data-block-id=\"42\">\n<div class=\"content-intertitle\">\n<h3>Or\u00e7amento e cortes<\/h3>\n<\/div>\n<\/div>\n<div class=\"mc-column content-text active-extra-styles \" data-block-type=\"unstyled\" data-block-weight=\"23\" data-block-id=\"43\">\n<p class=\"content-text__container \" data-track-category=\"Link no Texto\" data-track-links=\"\">No primeiro bloco, os dois candidatos foram questionados sobre quais cortes far\u00e3o no or\u00e7amento, se eleitos, para viabilizar os projetos prometidos na campanha.<\/p>\n<\/div>\n<div class=\"mc-column content-text active-extra-styles \" data-block-type=\"unstyled\" data-block-weight=\"24\" data-block-id=\"44\">\n<p class=\"content-text__container \" data-track-category=\"Link no Texto\" data-track-links=\"\">Primeiro a responder, Bolsonaro disse que o Aux\u00edlio Brasil ser\u00e1 &#8220;permanente&#8221; e bancado a partir da reforma tribut\u00e1ria que ainda tramita no Senado.<\/p>\n<\/div>\n<div class=\"mc-column content-text active-extra-styles \" data-block-type=\"unstyled\" data-block-weight=\"30\" data-block-id=\"45\">\n<p class=\"content-text__container \" data-track-category=\"Link no Texto\" data-track-links=\"\">&#8220;Bem como nosso governo estuda, ao se privatizar alguma coisa, uma parte obviamente vai para pagar juros da d\u00edvida e outra parte para irrigar projetos outros que podem acontecer&#8221;, disse.<\/p>\n<\/div>\n<div class=\"mc-column content-text active-extra-styles \" data-block-type=\"unstyled\" data-block-weight=\"37\" data-block-id=\"46\">\n<p class=\"content-text__container \" data-track-category=\"Link no Texto\" data-track-links=\"\">Lula fez refer\u00eancia ao Programa de Acelera\u00e7\u00e3o do Crescimento (PAC) que implementou em seu segundo mandato. O candidato tamb\u00e9m citou a aprova\u00e7\u00e3o de uma reforma tribut\u00e1ria pelo Congresso para &#8220;taxar menos os mais pobres e os trabalhadores&#8221;.<\/p>\n<\/div>\n<div class=\"mc-column content-text active-extra-styles \" data-block-type=\"unstyled\" data-block-weight=\"47\" data-block-id=\"47\">\n<p class=\"content-text__container \" data-track-category=\"Link no Texto\" data-track-links=\"\">&#8220;Por isso \u00e9 que n\u00f3s propomos uma isen\u00e7\u00e3o at\u00e9 R$ 5 mil, n\u00e3o pagamento do Imposto de Renda. E cobrar dos mais ricos, que muitas vezes n\u00e3o pagam sobre o lucro e sobre o dividendo. A\u00ed, vamos ter dinheiro para fazer as pol\u00edticas que n\u00f3s fizermos&#8221;, completou.<\/p>\n<h3 data-track-category=\"Link no Texto\">Fake news em pauta<\/h3>\n<div class=\"mc-column content-text active-extra-styles \" data-block-type=\"unstyled\" data-block-weight=\"30\" data-block-id=\"56\">\n<p class=\"content-text__container \" data-track-category=\"Link no Texto\" data-track-links=\"\">Lula e Bolsonaro foram questionados pela jornalista Patricia Campos Mello, da Folha, se se comprometeriam a propor lei espec\u00edfica para punir autoridades eleitas e servidores que divulguem fake news.<\/p>\n<\/div>\n<div class=\"mc-column content-text active-extra-styles \" data-block-type=\"unstyled\" data-block-weight=\"21\" data-block-id=\"57\">\n<p class=\"content-text__container \" data-track-category=\"Link no Texto\" data-track-links=\"\">Os candidatos usaram o tempo para acusar o advers\u00e1rio de propagar not\u00edcias falsas \u2013 e nenhum dos dois respondeu \u00e0 pergunta.<\/p>\n<\/div>\n<div class=\"mc-column content-text active-extra-styles \" data-block-type=\"unstyled\" data-block-weight=\"59\" data-block-id=\"58\">\n<p class=\"content-text__container \" data-track-category=\"Link no Texto\" data-track-links=\"\">&#8220;Eu j\u00e1 participei de outras campanhas contra o FHC, o Collor, o Serra e o n\u00edvel era outro. Era um n\u00edvel civilizado, em que a verdade sempre prevalecia. [&#8230;] Eu acho que a campanha tem que ser regulada, a Justi\u00e7a tem que tomar decis\u00e3o e, toda vez que houver mentira, n\u00f3s vamos entrar com processo para tirar&#8221;, diz Lula.<\/p>\n<\/div>\n<div class=\"mc-column content-text active-extra-styles \" data-block-type=\"unstyled\" data-block-weight=\"32\" data-block-id=\"59\">\n<p class=\"content-text__container \" data-track-category=\"Link no Texto\" data-track-links=\"\">Em resposta, Bolsonaro citou a decis\u00e3o do presidente do TSE, ministro Alexandre de Moraes, que mandou a campanha do PT tirar do ar um v\u00eddeo de Bolsonaro com fala sobre meninas venezuelanas.<\/p>\n<\/div>\n<div class=\"mc-column content-text active-extra-styles \" data-block-type=\"unstyled\" data-block-weight=\"25\" data-block-id=\"60\">\n<p class=\"content-text__container \" data-track-category=\"Link no Texto\" data-track-links=\"\">&#8220;Me acusou de pedofilia, tentando me atingir naquilo que tenho mais de sagrado. Defesa da fam\u00edlia brasileira, defesa das crian\u00e7as&#8221;, defendeu-se o candidato \u00e0 reelei\u00e7\u00e3o.<\/p>\n<h3 data-track-category=\"Link no Texto\">Educa\u00e7\u00e3o<\/h3>\n<div class=\"mc-column content-text active-extra-styles \" data-block-type=\"unstyled\" data-block-weight=\"28\" data-block-id=\"64\">\n<p class=\"content-text__container \" data-track-category=\"Link no Texto\" data-track-links=\"\">No terceiro bloco, Lula e Bolsonaro foram questionados sobre como resolver a defasagem educacional agravada pela pandemia, e a desigualdade que afeta os alunos em sala de aula.<\/p>\n<\/div>\n<div class=\"mc-column content-text active-extra-styles \" data-block-type=\"unstyled\" data-block-weight=\"62\" data-block-id=\"65\">\n<p class=\"content-text__container \" data-track-category=\"Link no Texto\" data-track-links=\"\">&#8220;O governo federal vai compartilhar com governadores e prefeitos a responsabilidade de recuperar essas aulas, para que esses alunos possam aprender mais. N\u00f3s vamos ter que fazer um verdadeiro mutir\u00e3o. Convidar professores, quem sabe, trabalhar de domingo, quem sabe, trabalhar de s\u00e1bado para que a gente possa fazer que essa meninada consiga aprender o que deixaram de aprender na pandemia&#8221;, prometeu Lula.<\/p>\n<\/div>\n<div class=\"mc-column content-text active-extra-styles \" data-block-type=\"unstyled\" data-block-weight=\"78\" data-block-id=\"66\">\n<p class=\"content-text__container \" data-track-category=\"Link no Texto\" data-track-links=\"\">&#8220;A garotada ficou dois anos em casa, eu fui contra isso. N\u00f3s j\u00e1 estamos fazendo, o nosso ministro da Educa\u00e7\u00e3o tem um aplicativo que est\u00e1 h\u00e1 um ano em vigor. Chama-se GraphoGame. [&#8230;] No tempo do Lula, a garotada levava tr\u00eas anos para ser alfabetizada. Agora, no nosso governo, leva seis meses. N\u00f3s vamos come\u00e7ar agora com o Fies t\u00e9cnico, para a garotada do ensino m\u00e9dio ter uma profiss\u00e3o. Auxiliar de enfermagem, enfermeiro, entre tantos outros&#8221;, disse Bolsonaro.<\/p>\n<p data-track-category=\"Link no Texto\" data-track-links=\"\"><strong>LEIA TAMB\u00c9M<\/strong><\/p>\n<p data-track-category=\"Link no Texto\" data-track-links=\"\"><a href=\"https:\/\/redenoticiaz.com.br\/blog\/2022\/10\/16\/como-os-estados-unidos-acompanham-o-segundo-turno-das-eleicoes-do-brasil\">Como os Estados Unidos acompanham o segundo turno das elei\u00e7\u00f5es do Brasil?<\/a><\/p>\n<\/div>\n<\/div>\n<\/div>\n<\/div>\n<\/div>\n<\/div>\n<\/div>\n<\/div>\n<\/div>\n","protected":false},"excerpt":{"rendered":"<p>O t\u00e3o aguardado embate cara a cara entre os candidatos \u00e0 Presid\u00eancia da Rep\u00fablica, Luiz In\u00e1cio Lula da Silva (PT) e Jair Bolsonaro (PL), enfim aconteceu. Foi realizado no domingo (16), o primeiro debate entre os presidenci\u00e1veis na TV Bandeirantes. E o que n\u00e3o faltou foram acusa\u00e7\u00f5es, provoca\u00e7\u00f5es e temas voltados a fake news, vacinas, &hellip;<\/p>\n","protected":false},"author":6,"featured_media":93403,"comment_status":"open","ping_status":"closed","sticky":false,"template":"","format":"standard","meta":{"footnotes":""},"categories":[48],"tags":[20726,16,60005,34604,18,60170,4170,58744],"class_list":["post-93402","post","type-post","status-publish","format-standard","has-post-thumbnail","hentry","category-eleicoes","tag-band","tag-bolsonaro","tag-debate-do-segundo-turno","tag-eleicoes-presidenciais","tag-jair-bolsonaro","tag-luiz-inacio-lula-da-siilva","tag-lula","tag-tv-bandeirantes"],"yoast_head":"<!-- This site is optimized with the Yoast SEO plugin v27.4 - https:\/\/yoast.com\/product\/yoast-seo-wordpress\/ -->\n<title>Lula e Bolsonaro ficam cara a cara no primeiro debate do segundo turno - Litoral SP<\/title>\n<meta name=\"robots\" content=\"index, follow, max-snippet:-1, max-image-preview:large, max-video-preview:-1\" \/>\n<link rel=\"canonical\" href=\"https:\/\/redenoticiaz.com.br\/litoralsp\/2022\/10\/17\/lula-e-bolsonaro-ficam-cara-a-cara-no-primeiro-debate-do-segundo-turno\" \/>\n<meta property=\"og:locale\" content=\"pt_BR\" \/>\n<meta property=\"og:type\" content=\"article\" \/>\n<meta property=\"og:title\" content=\"Lula e Bolsonaro ficam cara a cara no primeiro debate do segundo turno - Litoral SP\" \/>\n<meta property=\"og:description\" content=\"O t\u00e3o aguardado embate cara a cara entre os candidatos \u00e0 Presid\u00eancia da Rep\u00fablica, Luiz In\u00e1cio Lula da Silva (PT) e Jair Bolsonaro (PL), enfim aconteceu. Foi realizado no domingo (16), o primeiro debate entre os presidenci\u00e1veis na TV Bandeirantes. E o que n\u00e3o faltou foram acusa\u00e7\u00f5es, provoca\u00e7\u00f5es e temas voltados a fake news, vacinas, &hellip;\" \/>\n<meta property=\"og:url\" content=\"https:\/\/redenoticiaz.com.br\/litoralsp\/2022\/10\/17\/lula-e-bolsonaro-ficam-cara-a-cara-no-primeiro-debate-do-segundo-turno\" \/>\n<meta property=\"og:site_name\" content=\"Litoral SP\" \/>\n<meta property=\"article:published_time\" content=\"2022-10-17T10:29:43+00:00\" \/>\n<meta name=\"author\" content=\"Leonardo Francisco\" \/>\n<meta name=\"twitter:card\" content=\"summary_large_image\" \/>\n<meta name=\"twitter:label1\" content=\"Escrito por\" \/>\n\t<meta name=\"twitter:data1\" content=\"Leonardo Francisco\" \/>\n\t<meta name=\"twitter:label2\" content=\"Est. tempo de leitura\" \/>\n\t<meta name=\"twitter:data2\" content=\"8 minutos\" \/>\n<script type=\"application\/ld+json\" class=\"yoast-schema-graph\">{\"@context\":\"https:\\\/\\\/schema.org\",\"@graph\":[{\"@type\":\"Article\",\"@id\":\"https:\\\/\\\/redenoticiaz.com.br\\\/litoralsp\\\/2022\\\/10\\\/17\\\/lula-e-bolsonaro-ficam-cara-a-cara-no-primeiro-debate-do-segundo-turno#article\",\"isPartOf\":{\"@id\":\"https:\\\/\\\/redenoticiaz.com.br\\\/litoralsp\\\/2022\\\/10\\\/17\\\/lula-e-bolsonaro-ficam-cara-a-cara-no-primeiro-debate-do-segundo-turno\"},\"author\":{\"name\":\"Leonardo Francisco\",\"@id\":\"https:\\\/\\\/redenoticiaz.com.br\\\/litoralsp\\\/#\\\/schema\\\/person\\\/0f0b8a5bdafefe82841e07ae8d81ecb3\"},\"headline\":\"Lula e Bolsonaro ficam cara a cara no primeiro debate do segundo turno\",\"datePublished\":\"2022-10-17T10:29:43+00:00\",\"mainEntityOfPage\":{\"@id\":\"https:\\\/\\\/redenoticiaz.com.br\\\/litoralsp\\\/2022\\\/10\\\/17\\\/lula-e-bolsonaro-ficam-cara-a-cara-no-primeiro-debate-do-segundo-turno\"},\"wordCount\":1551,\"commentCount\":0,\"publisher\":{\"@id\":\"https:\\\/\\\/redenoticiaz.com.br\\\/litoralsp\\\/#organization\"},\"image\":{\"@id\":\"https:\\\/\\\/redenoticiaz.com.br\\\/litoralsp\\\/2022\\\/10\\\/17\\\/lula-e-bolsonaro-ficam-cara-a-cara-no-primeiro-debate-do-segundo-turno#primaryimage\"},\"thumbnailUrl\":\"https:\\\/\\\/redenoticiaz.com.br\\\/litoralsp\\\/wp-content\\\/uploads\\\/sites\\\/3\\\/2022\\\/10\\\/DEBATE-BAND-PRES.jpg?v=1666002518\",\"keywords\":[\"BAND\",\"Bolsonaro\",\"DEBATE DO SEGUNDO TURNO\",\"Elei\u00e7\u00f5es Presidenciais\",\"Jair Bolsonaro\",\"LUIZ IN\u00c1CIO LULA DA SIILVA\",\"Lula\",\"TV BANDEIRANTES\"],\"articleSection\":[\"Elei\u00e7\u00f5es\"],\"inLanguage\":\"pt-BR\",\"potentialAction\":[{\"@type\":\"CommentAction\",\"name\":\"Comment\",\"target\":[\"https:\\\/\\\/redenoticiaz.com.br\\\/litoralsp\\\/2022\\\/10\\\/17\\\/lula-e-bolsonaro-ficam-cara-a-cara-no-primeiro-debate-do-segundo-turno#respond\"]}]},{\"@type\":\"WebPage\",\"@id\":\"https:\\\/\\\/redenoticiaz.com.br\\\/litoralsp\\\/2022\\\/10\\\/17\\\/lula-e-bolsonaro-ficam-cara-a-cara-no-primeiro-debate-do-segundo-turno\",\"url\":\"https:\\\/\\\/redenoticiaz.com.br\\\/litoralsp\\\/2022\\\/10\\\/17\\\/lula-e-bolsonaro-ficam-cara-a-cara-no-primeiro-debate-do-segundo-turno\",\"name\":\"Lula e Bolsonaro ficam cara a cara no primeiro debate do segundo turno - Litoral SP\",\"isPartOf\":{\"@id\":\"https:\\\/\\\/redenoticiaz.com.br\\\/litoralsp\\\/#website\"},\"primaryImageOfPage\":{\"@id\":\"https:\\\/\\\/redenoticiaz.com.br\\\/litoralsp\\\/2022\\\/10\\\/17\\\/lula-e-bolsonaro-ficam-cara-a-cara-no-primeiro-debate-do-segundo-turno#primaryimage\"},\"image\":{\"@id\":\"https:\\\/\\\/redenoticiaz.com.br\\\/litoralsp\\\/2022\\\/10\\\/17\\\/lula-e-bolsonaro-ficam-cara-a-cara-no-primeiro-debate-do-segundo-turno#primaryimage\"},\"thumbnailUrl\":\"https:\\\/\\\/redenoticiaz.com.br\\\/litoralsp\\\/wp-content\\\/uploads\\\/sites\\\/3\\\/2022\\\/10\\\/DEBATE-BAND-PRES.jpg?v=1666002518\",\"datePublished\":\"2022-10-17T10:29:43+00:00\",\"inLanguage\":\"pt-BR\",\"potentialAction\":[{\"@type\":\"ReadAction\",\"target\":[\"https:\\\/\\\/redenoticiaz.com.br\\\/litoralsp\\\/2022\\\/10\\\/17\\\/lula-e-bolsonaro-ficam-cara-a-cara-no-primeiro-debate-do-segundo-turno\"]}]},{\"@type\":\"ImageObject\",\"inLanguage\":\"pt-BR\",\"@id\":\"https:\\\/\\\/redenoticiaz.com.br\\\/litoralsp\\\/2022\\\/10\\\/17\\\/lula-e-bolsonaro-ficam-cara-a-cara-no-primeiro-debate-do-segundo-turno#primaryimage\",\"url\":\"https:\\\/\\\/redenoticiaz.com.br\\\/litoralsp\\\/wp-content\\\/uploads\\\/sites\\\/3\\\/2022\\\/10\\\/DEBATE-BAND-PRES.jpg?v=1666002518\",\"contentUrl\":\"https:\\\/\\\/redenoticiaz.com.br\\\/litoralsp\\\/wp-content\\\/uploads\\\/sites\\\/3\\\/2022\\\/10\\\/DEBATE-BAND-PRES.jpg?v=1666002518\",\"width\":680,\"height\":426,\"caption\":\"Cr\u00e9ditos: Reprodu\u00e7\u00e3o\\\/AFP\"},{\"@type\":\"WebSite\",\"@id\":\"https:\\\/\\\/redenoticiaz.com.br\\\/litoralsp\\\/#website\",\"url\":\"https:\\\/\\\/redenoticiaz.com.br\\\/litoralsp\\\/\",\"name\":\"Litoral SP\",\"description\":\"Rede NoticiaZ\",\"publisher\":{\"@id\":\"https:\\\/\\\/redenoticiaz.com.br\\\/litoralsp\\\/#organization\"},\"potentialAction\":[{\"@type\":\"SearchAction\",\"target\":{\"@type\":\"EntryPoint\",\"urlTemplate\":\"https:\\\/\\\/redenoticiaz.com.br\\\/litoralsp\\\/?s={search_term_string}\"},\"query-input\":{\"@type\":\"PropertyValueSpecification\",\"valueRequired\":true,\"valueName\":\"search_term_string\"}}],\"inLanguage\":\"pt-BR\"},{\"@type\":\"Organization\",\"@id\":\"https:\\\/\\\/redenoticiaz.com.br\\\/litoralsp\\\/#organization\",\"name\":\"Litoral SP\",\"url\":\"https:\\\/\\\/redenoticiaz.com.br\\\/litoralsp\\\/\",\"logo\":{\"@type\":\"ImageObject\",\"inLanguage\":\"pt-BR\",\"@id\":\"https:\\\/\\\/redenoticiaz.com.br\\\/litoralsp\\\/#\\\/schema\\\/logo\\\/image\\\/\",\"url\":\"https:\\\/\\\/redenoticiaz.com.br\\\/litoralsp\\\/wp-content\\\/uploads\\\/sites\\\/3\\\/2020\\\/11\\\/logo.jpg\",\"contentUrl\":\"https:\\\/\\\/redenoticiaz.com.br\\\/litoralsp\\\/wp-content\\\/uploads\\\/sites\\\/3\\\/2020\\\/11\\\/logo.jpg\",\"width\":400,\"height\":250,\"caption\":\"Litoral SP\"},\"image\":{\"@id\":\"https:\\\/\\\/redenoticiaz.com.br\\\/litoralsp\\\/#\\\/schema\\\/logo\\\/image\\\/\"}},{\"@type\":\"Person\",\"@id\":\"https:\\\/\\\/redenoticiaz.com.br\\\/litoralsp\\\/#\\\/schema\\\/person\\\/0f0b8a5bdafefe82841e07ae8d81ecb3\",\"name\":\"Leonardo Francisco\",\"image\":{\"@type\":\"ImageObject\",\"inLanguage\":\"pt-BR\",\"@id\":\"https:\\\/\\\/secure.gravatar.com\\\/avatar\\\/a7358cb406a99b682ec6df1e77e31ae82e63601f6784e8a3df411d72b37864da?s=96&d=mm&r=g\",\"url\":\"https:\\\/\\\/secure.gravatar.com\\\/avatar\\\/a7358cb406a99b682ec6df1e77e31ae82e63601f6784e8a3df411d72b37864da?s=96&d=mm&r=g\",\"contentUrl\":\"https:\\\/\\\/secure.gravatar.com\\\/avatar\\\/a7358cb406a99b682ec6df1e77e31ae82e63601f6784e8a3df411d72b37864da?s=96&d=mm&r=g\",\"caption\":\"Leonardo Francisco\"},\"url\":\"https:\\\/\\\/redenoticiaz.com.br\\\/litoralsp\\\/author\\\/leonardo-francisco\"}]}<\/script>\n<!-- \/ Yoast SEO plugin. -->","yoast_head_json":{"title":"Lula e Bolsonaro ficam cara a cara no primeiro debate do segundo turno - Litoral SP","robots":{"index":"index","follow":"follow","max-snippet":"max-snippet:-1","max-image-preview":"max-image-preview:large","max-video-preview":"max-video-preview:-1"},"canonical":"https:\/\/redenoticiaz.com.br\/litoralsp\/2022\/10\/17\/lula-e-bolsonaro-ficam-cara-a-cara-no-primeiro-debate-do-segundo-turno","og_locale":"pt_BR","og_type":"article","og_title":"Lula e Bolsonaro ficam cara a cara no primeiro debate do segundo turno - Litoral SP","og_description":"O t\u00e3o aguardado embate cara a cara entre os candidatos \u00e0 Presid\u00eancia da Rep\u00fablica, Luiz In\u00e1cio Lula da Silva (PT) e Jair Bolsonaro (PL), enfim aconteceu. Foi realizado no domingo (16), o primeiro debate entre os presidenci\u00e1veis na TV Bandeirantes. E o que n\u00e3o faltou foram acusa\u00e7\u00f5es, provoca\u00e7\u00f5es e temas voltados a fake news, vacinas, &hellip;","og_url":"https:\/\/redenoticiaz.com.br\/litoralsp\/2022\/10\/17\/lula-e-bolsonaro-ficam-cara-a-cara-no-primeiro-debate-do-segundo-turno","og_site_name":"Litoral SP","article_published_time":"2022-10-17T10:29:43+00:00","author":"Leonardo Francisco","twitter_card":"summary_large_image","twitter_misc":{"Escrito por":"Leonardo Francisco","Est. tempo de leitura":"8 minutos"},"schema":{"@context":"https:\/\/schema.org","@graph":[{"@type":"Article","@id":"https:\/\/redenoticiaz.com.br\/litoralsp\/2022\/10\/17\/lula-e-bolsonaro-ficam-cara-a-cara-no-primeiro-debate-do-segundo-turno#article","isPartOf":{"@id":"https:\/\/redenoticiaz.com.br\/litoralsp\/2022\/10\/17\/lula-e-bolsonaro-ficam-cara-a-cara-no-primeiro-debate-do-segundo-turno"},"author":{"name":"Leonardo Francisco","@id":"https:\/\/redenoticiaz.com.br\/litoralsp\/#\/schema\/person\/0f0b8a5bdafefe82841e07ae8d81ecb3"},"headline":"Lula e Bolsonaro ficam cara a cara no primeiro debate do segundo turno","datePublished":"2022-10-17T10:29:43+00:00","mainEntityOfPage":{"@id":"https:\/\/redenoticiaz.com.br\/litoralsp\/2022\/10\/17\/lula-e-bolsonaro-ficam-cara-a-cara-no-primeiro-debate-do-segundo-turno"},"wordCount":1551,"commentCount":0,"publisher":{"@id":"https:\/\/redenoticiaz.com.br\/litoralsp\/#organization"},"image":{"@id":"https:\/\/redenoticiaz.com.br\/litoralsp\/2022\/10\/17\/lula-e-bolsonaro-ficam-cara-a-cara-no-primeiro-debate-do-segundo-turno#primaryimage"},"thumbnailUrl":"https:\/\/redenoticiaz.com.br\/litoralsp\/wp-content\/uploads\/sites\/3\/2022\/10\/DEBATE-BAND-PRES.jpg?v=1666002518","keywords":["BAND","Bolsonaro","DEBATE DO SEGUNDO TURNO","Elei\u00e7\u00f5es Presidenciais","Jair Bolsonaro","LUIZ IN\u00c1CIO LULA DA SIILVA","Lula","TV BANDEIRANTES"],"articleSection":["Elei\u00e7\u00f5es"],"inLanguage":"pt-BR","potentialAction":[{"@type":"CommentAction","name":"Comment","target":["https:\/\/redenoticiaz.com.br\/litoralsp\/2022\/10\/17\/lula-e-bolsonaro-ficam-cara-a-cara-no-primeiro-debate-do-segundo-turno#respond"]}]},{"@type":"WebPage","@id":"https:\/\/redenoticiaz.com.br\/litoralsp\/2022\/10\/17\/lula-e-bolsonaro-ficam-cara-a-cara-no-primeiro-debate-do-segundo-turno","url":"https:\/\/redenoticiaz.com.br\/litoralsp\/2022\/10\/17\/lula-e-bolsonaro-ficam-cara-a-cara-no-primeiro-debate-do-segundo-turno","name":"Lula e Bolsonaro ficam cara a cara no primeiro debate do segundo turno - Litoral SP","isPartOf":{"@id":"https:\/\/redenoticiaz.com.br\/litoralsp\/#website"},"primaryImageOfPage":{"@id":"https:\/\/redenoticiaz.com.br\/litoralsp\/2022\/10\/17\/lula-e-bolsonaro-ficam-cara-a-cara-no-primeiro-debate-do-segundo-turno#primaryimage"},"image":{"@id":"https:\/\/redenoticiaz.com.br\/litoralsp\/2022\/10\/17\/lula-e-bolsonaro-ficam-cara-a-cara-no-primeiro-debate-do-segundo-turno#primaryimage"},"thumbnailUrl":"https:\/\/redenoticiaz.com.br\/litoralsp\/wp-content\/uploads\/sites\/3\/2022\/10\/DEBATE-BAND-PRES.jpg?v=1666002518","datePublished":"2022-10-17T10:29:43+00:00","inLanguage":"pt-BR","potentialAction":[{"@type":"ReadAction","target":["https:\/\/redenoticiaz.com.br\/litoralsp\/2022\/10\/17\/lula-e-bolsonaro-ficam-cara-a-cara-no-primeiro-debate-do-segundo-turno"]}]},{"@type":"ImageObject","inLanguage":"pt-BR","@id":"https:\/\/redenoticiaz.com.br\/litoralsp\/2022\/10\/17\/lula-e-bolsonaro-ficam-cara-a-cara-no-primeiro-debate-do-segundo-turno#primaryimage","url":"https:\/\/redenoticiaz.com.br\/litoralsp\/wp-content\/uploads\/sites\/3\/2022\/10\/DEBATE-BAND-PRES.jpg?v=1666002518","contentUrl":"https:\/\/redenoticiaz.com.br\/litoralsp\/wp-content\/uploads\/sites\/3\/2022\/10\/DEBATE-BAND-PRES.jpg?v=1666002518","width":680,"height":426,"caption":"Cr\u00e9ditos: Reprodu\u00e7\u00e3o\/AFP"},{"@type":"WebSite","@id":"https:\/\/redenoticiaz.com.br\/litoralsp\/#website","url":"https:\/\/redenoticiaz.com.br\/litoralsp\/","name":"Litoral SP","description":"Rede NoticiaZ","publisher":{"@id":"https:\/\/redenoticiaz.com.br\/litoralsp\/#organization"},"potentialAction":[{"@type":"SearchAction","target":{"@type":"EntryPoint","urlTemplate":"https:\/\/redenoticiaz.com.br\/litoralsp\/?s={search_term_string}"},"query-input":{"@type":"PropertyValueSpecification","valueRequired":true,"valueName":"search_term_string"}}],"inLanguage":"pt-BR"},{"@type":"Organization","@id":"https:\/\/redenoticiaz.com.br\/litoralsp\/#organization","name":"Litoral SP","url":"https:\/\/redenoticiaz.com.br\/litoralsp\/","logo":{"@type":"ImageObject","inLanguage":"pt-BR","@id":"https:\/\/redenoticiaz.com.br\/litoralsp\/#\/schema\/logo\/image\/","url":"https:\/\/redenoticiaz.com.br\/litoralsp\/wp-content\/uploads\/sites\/3\/2020\/11\/logo.jpg","contentUrl":"https:\/\/redenoticiaz.com.br\/litoralsp\/wp-content\/uploads\/sites\/3\/2020\/11\/logo.jpg","width":400,"height":250,"caption":"Litoral SP"},"image":{"@id":"https:\/\/redenoticiaz.com.br\/litoralsp\/#\/schema\/logo\/image\/"}},{"@type":"Person","@id":"https:\/\/redenoticiaz.com.br\/litoralsp\/#\/schema\/person\/0f0b8a5bdafefe82841e07ae8d81ecb3","name":"Leonardo Francisco","image":{"@type":"ImageObject","inLanguage":"pt-BR","@id":"https:\/\/secure.gravatar.com\/avatar\/a7358cb406a99b682ec6df1e77e31ae82e63601f6784e8a3df411d72b37864da?s=96&d=mm&r=g","url":"https:\/\/secure.gravatar.com\/avatar\/a7358cb406a99b682ec6df1e77e31ae82e63601f6784e8a3df411d72b37864da?s=96&d=mm&r=g","contentUrl":"https:\/\/secure.gravatar.com\/avatar\/a7358cb406a99b682ec6df1e77e31ae82e63601f6784e8a3df411d72b37864da?s=96&d=mm&r=g","caption":"Leonardo Francisco"},"url":"https:\/\/redenoticiaz.com.br\/litoralsp\/author\/leonardo-francisco"}]}},"_links":{"self":[{"href":"https:\/\/redenoticiaz.com.br\/litoralsp\/wp-json\/wp\/v2\/posts\/93402","targetHints":{"allow":["GET"]}}],"collection":[{"href":"https:\/\/redenoticiaz.com.br\/litoralsp\/wp-json\/wp\/v2\/posts"}],"about":[{"href":"https:\/\/redenoticiaz.com.br\/litoralsp\/wp-json\/wp\/v2\/types\/post"}],"author":[{"embeddable":true,"href":"https:\/\/redenoticiaz.com.br\/litoralsp\/wp-json\/wp\/v2\/users\/6"}],"replies":[{"embeddable":true,"href":"https:\/\/redenoticiaz.com.br\/litoralsp\/wp-json\/wp\/v2\/comments?post=93402"}],"version-history":[{"count":1,"href":"https:\/\/redenoticiaz.com.br\/litoralsp\/wp-json\/wp\/v2\/posts\/93402\/revisions"}],"predecessor-version":[{"id":93404,"href":"https:\/\/redenoticiaz.com.br\/litoralsp\/wp-json\/wp\/v2\/posts\/93402\/revisions\/93404"}],"wp:featuredmedia":[{"embeddable":true,"href":"https:\/\/redenoticiaz.com.br\/litoralsp\/wp-json\/wp\/v2\/media\/93403"}],"wp:attachment":[{"href":"https:\/\/redenoticiaz.com.br\/litoralsp\/wp-json\/wp\/v2\/media?parent=93402"}],"wp:term":[{"taxonomy":"category","embeddable":true,"href":"https:\/\/redenoticiaz.com.br\/litoralsp\/wp-json\/wp\/v2\/categories?post=93402"},{"taxonomy":"post_tag","embeddable":true,"href":"https:\/\/redenoticiaz.com.br\/litoralsp\/wp-json\/wp\/v2\/tags?post=93402"}],"curies":[{"name":"wp","href":"https:\/\/api.w.org\/{rel}","templated":true}]}}