{"id":93466,"date":"2022-10-18T09:28:07","date_gmt":"2022-10-18T12:28:07","guid":{"rendered":"https:\/\/redenoticiaz.com.br\/litoralsp\/?p=93466"},"modified":"2022-10-18T09:28:07","modified_gmt":"2022-10-18T12:28:07","slug":"policiais-sao-alvo-de-tiros-durante-operacao-contra-o-trafico-em-morro-de-santos","status":"publish","type":"post","link":"https:\/\/redenoticiaz.com.br\/litoralsp\/2022\/10\/18\/policiais-sao-alvo-de-tiros-durante-operacao-contra-o-trafico-em-morro-de-santos","title":{"rendered":"Policiais s\u00e3o alvo de tiros durante opera\u00e7\u00e3o contra o tr\u00e1fico em morro de Santos"},"content":{"rendered":"<p>Policiais do 2\u00ba Batalh\u00e3o de A\u00e7\u00f5es Especiais de Pol\u00edcia (2\u00ba BAEP) sofreram uma <strong>tentativa de homic\u00eddio<\/strong> durante uma opera\u00e7\u00e3o realizada no Morro Nova Cintra, em Santos, nessa segunda-feira (17). Houve apreens\u00f5es de armas, entorpecentes e de um adolescente.<\/p>\n<p>De acordo com a Pol\u00edcia Militar, a opera\u00e7\u00e3o tinha como objetivo coibir a criminalidade e o tr\u00e1fico de drogas no local. Na patrulha, diversos homens portando armamentos, inclusive armas longas, com mochilas nas costas, foram encontrados. Eles estavam envolvidos com o tr\u00e1fico de drogas.<\/p>\n<p>Antes da abordagem, houveram trocasde tiros e foi necess\u00e1ria a chegada do helic\u00f3ptero \u00c1guia para auxiliar no combate. Nenhum policial ficou ferido, mas uma das viaturas foi atingida com alguns disparos.<\/p>\n<p>Um menor foi apreendido em posse de uma arma de fogo, drogas e apetrechos utilizados para o tr\u00e1fico de drogas, sendo uma pistola turca 9mm, com sete muni\u00e7\u00f5es intactas, 25 frascos de lan\u00e7a perfume, 1.275 Kg de maconha, 0.120kg de haxixe, quatro cadernos de anota\u00e7\u00f5es, uma m\u00e1quina, um cart\u00e3o banc\u00e1rio e quatro aparelhos celulares.<\/p>\n<p>O menor de idade permaneceu \u00e0 disposi\u00e7\u00e3o da Justi\u00e7a. Os demais suspeitos est\u00e3o sendo procurados.<\/p>\n<p><strong>LEIA TAMB\u00c9M<\/strong><\/p>\n<p><a href=\"https:\/\/redenoticiaz.com.br\/litoralsp\/2022\/10\/17\/video-visita-de-tarcisio-de-freitas-a-paraisopolis-e-suspensa-apos-tiroteio\">V\u00cdDEO \u2013 Visita de Tarc\u00edsio de Freitas a Parais\u00f3polis \u00e9 suspensa ap\u00f3s tiroteio<\/a><\/p>\n","protected":false},"excerpt":{"rendered":"<p>Policiais do 2\u00ba Batalh\u00e3o de A\u00e7\u00f5es Especiais de Pol\u00edcia (2\u00ba BAEP) sofreram uma tentativa de homic\u00eddio durante uma opera\u00e7\u00e3o realizada no Morro Nova Cintra, em Santos, nessa segunda-feira (17). Houve apreens\u00f5es de armas, entorpecentes e de um adolescente. De acordo com a Pol\u00edcia Militar, a opera\u00e7\u00e3o tinha como objetivo coibir a criminalidade e o tr\u00e1fico &hellip;<\/p>\n","protected":false},"author":6,"featured_media":93467,"comment_status":"open","ping_status":"closed","sticky":false,"template":"","format":"standard","meta":{"footnotes":""},"categories":[10,180],"tags":[9218,9354,11,1766,986,61,5359],"class_list":["post-93466","post","type-post","status-publish","format-standard","has-post-thumbnail","hentry","category-policia","category-santos","tag-2o-baep","tag-morro-nova-cintra","tag-operacao","tag-policia-militar","tag-santos","tag-trafico-de-drogas","tag-troca-de-tiros"],"yoast_head":"<!-- This site is optimized with the Yoast SEO plugin v27.4 - https:\/\/yoast.com\/product\/yoast-seo-wordpress\/ -->\n<title>Policiais s\u00e3o alvo de tiros durante opera\u00e7\u00e3o contra o tr\u00e1fico em morro de Santos - Litoral SP<\/title>\n<meta name=\"description\" content=\"Policiais do 2\u00ba Batalh\u00e3o de A\u00e7\u00f5es Especiais de Pol\u00edcia (2\u00ba BAEP) sofreram uma tentativa de homic\u00eddio durante uma opera\u00e7\u00e3o realizada no\" \/>\n<meta name=\"robots\" content=\"index, follow, max-snippet:-1, max-image-preview:large, max-video-preview:-1\" \/>\n<link rel=\"canonical\" href=\"https:\/\/redenoticiaz.com.br\/litoralsp\/2022\/10\/18\/policiais-sao-alvo-de-tiros-durante-operacao-contra-o-trafico-em-morro-de-santos\" \/>\n<meta property=\"og:locale\" content=\"pt_BR\" \/>\n<meta property=\"og:type\" content=\"article\" \/>\n<meta property=\"og:title\" content=\"Policiais s\u00e3o alvo de tiros durante opera\u00e7\u00e3o contra o tr\u00e1fico em morro de Santos - Litoral SP\" \/>\n<meta property=\"og:description\" content=\"Policiais do 2\u00ba Batalh\u00e3o de A\u00e7\u00f5es Especiais de Pol\u00edcia (2\u00ba BAEP) sofreram uma tentativa de homic\u00eddio durante uma opera\u00e7\u00e3o realizada no\" \/>\n<meta property=\"og:url\" content=\"https:\/\/redenoticiaz.com.br\/litoralsp\/2022\/10\/18\/policiais-sao-alvo-de-tiros-durante-operacao-contra-o-trafico-em-morro-de-santos\" \/>\n<meta property=\"og:site_name\" content=\"Litoral SP\" \/>\n<meta property=\"article:published_time\" content=\"2022-10-18T12:28:07+00:00\" \/>\n<meta property=\"og:image\" content=\"https:\/\/redenoticiaz.com.br\/litoralsp\/wp-content\/uploads\/sites\/3\/2022\/10\/WhatsApp-Image-2022-10-18-at-07.13.17.jpeg\" \/>\n\t<meta property=\"og:image:width\" content=\"1280\" \/>\n\t<meta property=\"og:image:height\" content=\"700\" \/>\n\t<meta property=\"og:image:type\" content=\"image\/jpeg\" \/>\n<meta name=\"author\" content=\"Leonardo Francisco\" \/>\n<meta name=\"twitter:card\" content=\"summary_large_image\" \/>\n<meta name=\"twitter:label1\" content=\"Escrito por\" \/>\n\t<meta name=\"twitter:data1\" content=\"Leonardo Francisco\" \/>\n\t<meta name=\"twitter:label2\" content=\"Est. tempo de leitura\" \/>\n\t<meta name=\"twitter:data2\" content=\"2 minutos\" \/>\n<script type=\"application\/ld+json\" class=\"yoast-schema-graph\">{\"@context\":\"https:\\\/\\\/schema.org\",\"@graph\":[{\"@type\":\"Article\",\"@id\":\"https:\\\/\\\/redenoticiaz.com.br\\\/litoralsp\\\/2022\\\/10\\\/18\\\/policiais-sao-alvo-de-tiros-durante-operacao-contra-o-trafico-em-morro-de-santos#article\",\"isPartOf\":{\"@id\":\"https:\\\/\\\/redenoticiaz.com.br\\\/litoralsp\\\/2022\\\/10\\\/18\\\/policiais-sao-alvo-de-tiros-durante-operacao-contra-o-trafico-em-morro-de-santos\"},\"author\":{\"name\":\"Leonardo Francisco\",\"@id\":\"https:\\\/\\\/redenoticiaz.com.br\\\/litoralsp\\\/#\\\/schema\\\/person\\\/0f0b8a5bdafefe82841e07ae8d81ecb3\"},\"headline\":\"Policiais s\u00e3o alvo de tiros durante opera\u00e7\u00e3o contra o tr\u00e1fico em morro de Santos\",\"datePublished\":\"2022-10-18T12:28:07+00:00\",\"mainEntityOfPage\":{\"@id\":\"https:\\\/\\\/redenoticiaz.com.br\\\/litoralsp\\\/2022\\\/10\\\/18\\\/policiais-sao-alvo-de-tiros-durante-operacao-contra-o-trafico-em-morro-de-santos\"},\"wordCount\":233,\"commentCount\":0,\"publisher\":{\"@id\":\"https:\\\/\\\/redenoticiaz.com.br\\\/litoralsp\\\/#organization\"},\"image\":{\"@id\":\"https:\\\/\\\/redenoticiaz.com.br\\\/litoralsp\\\/2022\\\/10\\\/18\\\/policiais-sao-alvo-de-tiros-durante-operacao-contra-o-trafico-em-morro-de-santos#primaryimage\"},\"thumbnailUrl\":\"https:\\\/\\\/redenoticiaz.com.br\\\/litoralsp\\\/wp-content\\\/uploads\\\/sites\\\/3\\\/2022\\\/10\\\/WhatsApp-Image-2022-10-18-at-07.13.17.jpeg\",\"keywords\":[\"2\u00ba BAEP\",\"MORRO NOVA CINTRA\",\"opera\u00e7\u00e3o\",\"policia militar\",\"Santos\",\"TR\u00c1FICO DE DROGAS\",\"TROCA DE TIROS\"],\"articleSection\":[\"Pol\u00edcia\",\"Santos\"],\"inLanguage\":\"pt-BR\",\"potentialAction\":[{\"@type\":\"CommentAction\",\"name\":\"Comment\",\"target\":[\"https:\\\/\\\/redenoticiaz.com.br\\\/litoralsp\\\/2022\\\/10\\\/18\\\/policiais-sao-alvo-de-tiros-durante-operacao-contra-o-trafico-em-morro-de-santos#respond\"]}]},{\"@type\":\"WebPage\",\"@id\":\"https:\\\/\\\/redenoticiaz.com.br\\\/litoralsp\\\/2022\\\/10\\\/18\\\/policiais-sao-alvo-de-tiros-durante-operacao-contra-o-trafico-em-morro-de-santos\",\"url\":\"https:\\\/\\\/redenoticiaz.com.br\\\/litoralsp\\\/2022\\\/10\\\/18\\\/policiais-sao-alvo-de-tiros-durante-operacao-contra-o-trafico-em-morro-de-santos\",\"name\":\"Policiais s\u00e3o alvo de tiros durante opera\u00e7\u00e3o contra o tr\u00e1fico em morro de Santos - Litoral SP\",\"isPartOf\":{\"@id\":\"https:\\\/\\\/redenoticiaz.com.br\\\/litoralsp\\\/#website\"},\"primaryImageOfPage\":{\"@id\":\"https:\\\/\\\/redenoticiaz.com.br\\\/litoralsp\\\/2022\\\/10\\\/18\\\/policiais-sao-alvo-de-tiros-durante-operacao-contra-o-trafico-em-morro-de-santos#primaryimage\"},\"image\":{\"@id\":\"https:\\\/\\\/redenoticiaz.com.br\\\/litoralsp\\\/2022\\\/10\\\/18\\\/policiais-sao-alvo-de-tiros-durante-operacao-contra-o-trafico-em-morro-de-santos#primaryimage\"},\"thumbnailUrl\":\"https:\\\/\\\/redenoticiaz.com.br\\\/litoralsp\\\/wp-content\\\/uploads\\\/sites\\\/3\\\/2022\\\/10\\\/WhatsApp-Image-2022-10-18-at-07.13.17.jpeg\",\"datePublished\":\"2022-10-18T12:28:07+00:00\",\"description\":\"Policiais do 2\u00ba Batalh\u00e3o de A\u00e7\u00f5es Especiais de Pol\u00edcia (2\u00ba BAEP) sofreram uma tentativa de homic\u00eddio durante uma opera\u00e7\u00e3o realizada no\",\"inLanguage\":\"pt-BR\",\"potentialAction\":[{\"@type\":\"ReadAction\",\"target\":[\"https:\\\/\\\/redenoticiaz.com.br\\\/litoralsp\\\/2022\\\/10\\\/18\\\/policiais-sao-alvo-de-tiros-durante-operacao-contra-o-trafico-em-morro-de-santos\"]}]},{\"@type\":\"ImageObject\",\"inLanguage\":\"pt-BR\",\"@id\":\"https:\\\/\\\/redenoticiaz.com.br\\\/litoralsp\\\/2022\\\/10\\\/18\\\/policiais-sao-alvo-de-tiros-durante-operacao-contra-o-trafico-em-morro-de-santos#primaryimage\",\"url\":\"https:\\\/\\\/redenoticiaz.com.br\\\/litoralsp\\\/wp-content\\\/uploads\\\/sites\\\/3\\\/2022\\\/10\\\/WhatsApp-Image-2022-10-18-at-07.13.17.jpeg\",\"contentUrl\":\"https:\\\/\\\/redenoticiaz.com.br\\\/litoralsp\\\/wp-content\\\/uploads\\\/sites\\\/3\\\/2022\\\/10\\\/WhatsApp-Image-2022-10-18-at-07.13.17.jpeg\",\"width\":1280,\"height\":700,\"caption\":\"Cr\u00e9ditos: Divulga\u00e7\u00e3o\\\/PM\"},{\"@type\":\"WebSite\",\"@id\":\"https:\\\/\\\/redenoticiaz.com.br\\\/litoralsp\\\/#website\",\"url\":\"https:\\\/\\\/redenoticiaz.com.br\\\/litoralsp\\\/\",\"name\":\"Litoral SP\",\"description\":\"Rede NoticiaZ\",\"publisher\":{\"@id\":\"https:\\\/\\\/redenoticiaz.com.br\\\/litoralsp\\\/#organization\"},\"potentialAction\":[{\"@type\":\"SearchAction\",\"target\":{\"@type\":\"EntryPoint\",\"urlTemplate\":\"https:\\\/\\\/redenoticiaz.com.br\\\/litoralsp\\\/?s={search_term_string}\"},\"query-input\":{\"@type\":\"PropertyValueSpecification\",\"valueRequired\":true,\"valueName\":\"search_term_string\"}}],\"inLanguage\":\"pt-BR\"},{\"@type\":\"Organization\",\"@id\":\"https:\\\/\\\/redenoticiaz.com.br\\\/litoralsp\\\/#organization\",\"name\":\"Litoral SP\",\"url\":\"https:\\\/\\\/redenoticiaz.com.br\\\/litoralsp\\\/\",\"logo\":{\"@type\":\"ImageObject\",\"inLanguage\":\"pt-BR\",\"@id\":\"https:\\\/\\\/redenoticiaz.com.br\\\/litoralsp\\\/#\\\/schema\\\/logo\\\/image\\\/\",\"url\":\"https:\\\/\\\/redenoticiaz.com.br\\\/litoralsp\\\/wp-content\\\/uploads\\\/sites\\\/3\\\/2020\\\/11\\\/logo.jpg\",\"contentUrl\":\"https:\\\/\\\/redenoticiaz.com.br\\\/litoralsp\\\/wp-content\\\/uploads\\\/sites\\\/3\\\/2020\\\/11\\\/logo.jpg\",\"width\":400,\"height\":250,\"caption\":\"Litoral SP\"},\"image\":{\"@id\":\"https:\\\/\\\/redenoticiaz.com.br\\\/litoralsp\\\/#\\\/schema\\\/logo\\\/image\\\/\"}},{\"@type\":\"Person\",\"@id\":\"https:\\\/\\\/redenoticiaz.com.br\\\/litoralsp\\\/#\\\/schema\\\/person\\\/0f0b8a5bdafefe82841e07ae8d81ecb3\",\"name\":\"Leonardo Francisco\",\"image\":{\"@type\":\"ImageObject\",\"inLanguage\":\"pt-BR\",\"@id\":\"https:\\\/\\\/secure.gravatar.com\\\/avatar\\\/a7358cb406a99b682ec6df1e77e31ae82e63601f6784e8a3df411d72b37864da?s=96&d=mm&r=g\",\"url\":\"https:\\\/\\\/secure.gravatar.com\\\/avatar\\\/a7358cb406a99b682ec6df1e77e31ae82e63601f6784e8a3df411d72b37864da?s=96&d=mm&r=g\",\"contentUrl\":\"https:\\\/\\\/secure.gravatar.com\\\/avatar\\\/a7358cb406a99b682ec6df1e77e31ae82e63601f6784e8a3df411d72b37864da?s=96&d=mm&r=g\",\"caption\":\"Leonardo Francisco\"},\"url\":\"https:\\\/\\\/redenoticiaz.com.br\\\/litoralsp\\\/author\\\/leonardo-francisco\"}]}<\/script>\n<!-- \/ Yoast SEO plugin. -->","yoast_head_json":{"title":"Policiais s\u00e3o alvo de tiros durante opera\u00e7\u00e3o contra o tr\u00e1fico em morro de Santos - Litoral SP","description":"Policiais do 2\u00ba Batalh\u00e3o de A\u00e7\u00f5es Especiais de Pol\u00edcia (2\u00ba BAEP) sofreram uma tentativa de homic\u00eddio durante uma opera\u00e7\u00e3o realizada no","robots":{"index":"index","follow":"follow","max-snippet":"max-snippet:-1","max-image-preview":"max-image-preview:large","max-video-preview":"max-video-preview:-1"},"canonical":"https:\/\/redenoticiaz.com.br\/litoralsp\/2022\/10\/18\/policiais-sao-alvo-de-tiros-durante-operacao-contra-o-trafico-em-morro-de-santos","og_locale":"pt_BR","og_type":"article","og_title":"Policiais s\u00e3o alvo de tiros durante opera\u00e7\u00e3o contra o tr\u00e1fico em morro de Santos - Litoral SP","og_description":"Policiais do 2\u00ba Batalh\u00e3o de A\u00e7\u00f5es Especiais de Pol\u00edcia (2\u00ba BAEP) sofreram uma tentativa de homic\u00eddio durante uma opera\u00e7\u00e3o realizada no","og_url":"https:\/\/redenoticiaz.com.br\/litoralsp\/2022\/10\/18\/policiais-sao-alvo-de-tiros-durante-operacao-contra-o-trafico-em-morro-de-santos","og_site_name":"Litoral SP","article_published_time":"2022-10-18T12:28:07+00:00","og_image":[{"width":1280,"height":700,"url":"https:\/\/redenoticiaz.com.br\/litoralsp\/wp-content\/uploads\/sites\/3\/2022\/10\/WhatsApp-Image-2022-10-18-at-07.13.17.jpeg","type":"image\/jpeg"}],"author":"Leonardo Francisco","twitter_card":"summary_large_image","twitter_misc":{"Escrito por":"Leonardo Francisco","Est. tempo de leitura":"2 minutos"},"schema":{"@context":"https:\/\/schema.org","@graph":[{"@type":"Article","@id":"https:\/\/redenoticiaz.com.br\/litoralsp\/2022\/10\/18\/policiais-sao-alvo-de-tiros-durante-operacao-contra-o-trafico-em-morro-de-santos#article","isPartOf":{"@id":"https:\/\/redenoticiaz.com.br\/litoralsp\/2022\/10\/18\/policiais-sao-alvo-de-tiros-durante-operacao-contra-o-trafico-em-morro-de-santos"},"author":{"name":"Leonardo Francisco","@id":"https:\/\/redenoticiaz.com.br\/litoralsp\/#\/schema\/person\/0f0b8a5bdafefe82841e07ae8d81ecb3"},"headline":"Policiais s\u00e3o alvo de tiros durante opera\u00e7\u00e3o contra o tr\u00e1fico em morro de Santos","datePublished":"2022-10-18T12:28:07+00:00","mainEntityOfPage":{"@id":"https:\/\/redenoticiaz.com.br\/litoralsp\/2022\/10\/18\/policiais-sao-alvo-de-tiros-durante-operacao-contra-o-trafico-em-morro-de-santos"},"wordCount":233,"commentCount":0,"publisher":{"@id":"https:\/\/redenoticiaz.com.br\/litoralsp\/#organization"},"image":{"@id":"https:\/\/redenoticiaz.com.br\/litoralsp\/2022\/10\/18\/policiais-sao-alvo-de-tiros-durante-operacao-contra-o-trafico-em-morro-de-santos#primaryimage"},"thumbnailUrl":"https:\/\/redenoticiaz.com.br\/litoralsp\/wp-content\/uploads\/sites\/3\/2022\/10\/WhatsApp-Image-2022-10-18-at-07.13.17.jpeg","keywords":["2\u00ba BAEP","MORRO NOVA CINTRA","opera\u00e7\u00e3o","policia militar","Santos","TR\u00c1FICO DE DROGAS","TROCA DE TIROS"],"articleSection":["Pol\u00edcia","Santos"],"inLanguage":"pt-BR","potentialAction":[{"@type":"CommentAction","name":"Comment","target":["https:\/\/redenoticiaz.com.br\/litoralsp\/2022\/10\/18\/policiais-sao-alvo-de-tiros-durante-operacao-contra-o-trafico-em-morro-de-santos#respond"]}]},{"@type":"WebPage","@id":"https:\/\/redenoticiaz.com.br\/litoralsp\/2022\/10\/18\/policiais-sao-alvo-de-tiros-durante-operacao-contra-o-trafico-em-morro-de-santos","url":"https:\/\/redenoticiaz.com.br\/litoralsp\/2022\/10\/18\/policiais-sao-alvo-de-tiros-durante-operacao-contra-o-trafico-em-morro-de-santos","name":"Policiais s\u00e3o alvo de tiros durante opera\u00e7\u00e3o contra o tr\u00e1fico em morro de Santos - Litoral SP","isPartOf":{"@id":"https:\/\/redenoticiaz.com.br\/litoralsp\/#website"},"primaryImageOfPage":{"@id":"https:\/\/redenoticiaz.com.br\/litoralsp\/2022\/10\/18\/policiais-sao-alvo-de-tiros-durante-operacao-contra-o-trafico-em-morro-de-santos#primaryimage"},"image":{"@id":"https:\/\/redenoticiaz.com.br\/litoralsp\/2022\/10\/18\/policiais-sao-alvo-de-tiros-durante-operacao-contra-o-trafico-em-morro-de-santos#primaryimage"},"thumbnailUrl":"https:\/\/redenoticiaz.com.br\/litoralsp\/wp-content\/uploads\/sites\/3\/2022\/10\/WhatsApp-Image-2022-10-18-at-07.13.17.jpeg","datePublished":"2022-10-18T12:28:07+00:00","description":"Policiais do 2\u00ba Batalh\u00e3o de A\u00e7\u00f5es Especiais de Pol\u00edcia (2\u00ba BAEP) sofreram uma tentativa de homic\u00eddio durante uma opera\u00e7\u00e3o realizada no","inLanguage":"pt-BR","potentialAction":[{"@type":"ReadAction","target":["https:\/\/redenoticiaz.com.br\/litoralsp\/2022\/10\/18\/policiais-sao-alvo-de-tiros-durante-operacao-contra-o-trafico-em-morro-de-santos"]}]},{"@type":"ImageObject","inLanguage":"pt-BR","@id":"https:\/\/redenoticiaz.com.br\/litoralsp\/2022\/10\/18\/policiais-sao-alvo-de-tiros-durante-operacao-contra-o-trafico-em-morro-de-santos#primaryimage","url":"https:\/\/redenoticiaz.com.br\/litoralsp\/wp-content\/uploads\/sites\/3\/2022\/10\/WhatsApp-Image-2022-10-18-at-07.13.17.jpeg","contentUrl":"https:\/\/redenoticiaz.com.br\/litoralsp\/wp-content\/uploads\/sites\/3\/2022\/10\/WhatsApp-Image-2022-10-18-at-07.13.17.jpeg","width":1280,"height":700,"caption":"Cr\u00e9ditos: Divulga\u00e7\u00e3o\/PM"},{"@type":"WebSite","@id":"https:\/\/redenoticiaz.com.br\/litoralsp\/#website","url":"https:\/\/redenoticiaz.com.br\/litoralsp\/","name":"Litoral SP","description":"Rede NoticiaZ","publisher":{"@id":"https:\/\/redenoticiaz.com.br\/litoralsp\/#organization"},"potentialAction":[{"@type":"SearchAction","target":{"@type":"EntryPoint","urlTemplate":"https:\/\/redenoticiaz.com.br\/litoralsp\/?s={search_term_string}"},"query-input":{"@type":"PropertyValueSpecification","valueRequired":true,"valueName":"search_term_string"}}],"inLanguage":"pt-BR"},{"@type":"Organization","@id":"https:\/\/redenoticiaz.com.br\/litoralsp\/#organization","name":"Litoral SP","url":"https:\/\/redenoticiaz.com.br\/litoralsp\/","logo":{"@type":"ImageObject","inLanguage":"pt-BR","@id":"https:\/\/redenoticiaz.com.br\/litoralsp\/#\/schema\/logo\/image\/","url":"https:\/\/redenoticiaz.com.br\/litoralsp\/wp-content\/uploads\/sites\/3\/2020\/11\/logo.jpg","contentUrl":"https:\/\/redenoticiaz.com.br\/litoralsp\/wp-content\/uploads\/sites\/3\/2020\/11\/logo.jpg","width":400,"height":250,"caption":"Litoral SP"},"image":{"@id":"https:\/\/redenoticiaz.com.br\/litoralsp\/#\/schema\/logo\/image\/"}},{"@type":"Person","@id":"https:\/\/redenoticiaz.com.br\/litoralsp\/#\/schema\/person\/0f0b8a5bdafefe82841e07ae8d81ecb3","name":"Leonardo Francisco","image":{"@type":"ImageObject","inLanguage":"pt-BR","@id":"https:\/\/secure.gravatar.com\/avatar\/a7358cb406a99b682ec6df1e77e31ae82e63601f6784e8a3df411d72b37864da?s=96&d=mm&r=g","url":"https:\/\/secure.gravatar.com\/avatar\/a7358cb406a99b682ec6df1e77e31ae82e63601f6784e8a3df411d72b37864da?s=96&d=mm&r=g","contentUrl":"https:\/\/secure.gravatar.com\/avatar\/a7358cb406a99b682ec6df1e77e31ae82e63601f6784e8a3df411d72b37864da?s=96&d=mm&r=g","caption":"Leonardo Francisco"},"url":"https:\/\/redenoticiaz.com.br\/litoralsp\/author\/leonardo-francisco"}]}},"_links":{"self":[{"href":"https:\/\/redenoticiaz.com.br\/litoralsp\/wp-json\/wp\/v2\/posts\/93466","targetHints":{"allow":["GET"]}}],"collection":[{"href":"https:\/\/redenoticiaz.com.br\/litoralsp\/wp-json\/wp\/v2\/posts"}],"about":[{"href":"https:\/\/redenoticiaz.com.br\/litoralsp\/wp-json\/wp\/v2\/types\/post"}],"author":[{"embeddable":true,"href":"https:\/\/redenoticiaz.com.br\/litoralsp\/wp-json\/wp\/v2\/users\/6"}],"replies":[{"embeddable":true,"href":"https:\/\/redenoticiaz.com.br\/litoralsp\/wp-json\/wp\/v2\/comments?post=93466"}],"version-history":[{"count":2,"href":"https:\/\/redenoticiaz.com.br\/litoralsp\/wp-json\/wp\/v2\/posts\/93466\/revisions"}],"predecessor-version":[{"id":93469,"href":"https:\/\/redenoticiaz.com.br\/litoralsp\/wp-json\/wp\/v2\/posts\/93466\/revisions\/93469"}],"wp:featuredmedia":[{"embeddable":true,"href":"https:\/\/redenoticiaz.com.br\/litoralsp\/wp-json\/wp\/v2\/media\/93467"}],"wp:attachment":[{"href":"https:\/\/redenoticiaz.com.br\/litoralsp\/wp-json\/wp\/v2\/media?parent=93466"}],"wp:term":[{"taxonomy":"category","embeddable":true,"href":"https:\/\/redenoticiaz.com.br\/litoralsp\/wp-json\/wp\/v2\/categories?post=93466"},{"taxonomy":"post_tag","embeddable":true,"href":"https:\/\/redenoticiaz.com.br\/litoralsp\/wp-json\/wp\/v2\/tags?post=93466"}],"curies":[{"name":"wp","href":"https:\/\/api.w.org\/{rel}","templated":true}]}}