{"id":93470,"date":"2022-10-18T09:47:00","date_gmt":"2022-10-18T12:47:00","guid":{"rendered":"https:\/\/redenoticiaz.com.br\/litoralsp\/?p=93470"},"modified":"2022-10-18T09:48:00","modified_gmt":"2022-10-18T12:48:00","slug":"video-operacao-contra-o-trafico-internacional-de-drogas-e-realizada-em-sao-paulo","status":"publish","type":"post","link":"https:\/\/redenoticiaz.com.br\/litoralsp\/2022\/10\/18\/video-operacao-contra-o-trafico-internacional-de-drogas-e-realizada-em-sao-paulo","title":{"rendered":"V\u00cdDEO \u2013 Opera\u00e7\u00e3o contra o tr\u00e1fico internacional de drogas \u00e9 realizada em S\u00e3o Paulo"},"content":{"rendered":"<div class=\"mc-column content-text active-extra-styles \" data-block-type=\"unstyled\" data-block-weight=\"60\" data-block-id=\"3\">\n<p class=\"content-text__container \" data-track-category=\"Link no Texto\" data-track-links=\"\">Nesta ter\u00e7a-feira (18), a Pol\u00edcia Federal realizou a <strong>Opera\u00e7\u00e3o G\u00eanesis<\/strong>, com o objetivo de combater o tr\u00e1fico internacional de drogas. As opera\u00e7\u00f5es se concentraram nas cidades de Santos, S\u00e3o Vicente, Cubat\u00e3o e Praia Grande, Litoral de S\u00e3o Paulo.<\/p>\n<p class=\"content-text__container \" data-track-category=\"Link no Texto\" data-track-links=\"\">De acordo com a PF, a miss\u00e3o era combater o tr\u00e1fico de drogas nas cidades da Baixada Santista. A organiza\u00e7\u00e3o criminosa, alvo da opera\u00e7\u00e3o, atua no processo de exporta\u00e7\u00e3o de cargas l\u00edcitas pelo Porto de Santos.<\/p>\n<\/div>\n<div class=\"wall protected-content\">\n<div class=\"mc-column content-text active-extra-styles \" data-block-type=\"unstyled\" data-block-weight=\"67\" data-block-id=\"4\">\n<p class=\"content-text__container \" data-track-category=\"Link no Texto\" data-track-links=\"\">Ainda segundo a Pol\u00edcia Federal, a opera\u00e7\u00e3o come\u00e7ou por volta das 5h e contou com a participa\u00e7\u00e3o de 100 policiais. Eles realizaram a opera\u00e7\u00e3o com o objetivo de cumprir 20 mandados judiciais expedidos pela 5\u00aa Vara Federal Criminal de Santos, sendo 17 mandados de busca e apreens\u00e3o e tr\u00eas mandados de pris\u00e3o preventiva. Os policiais visitaram uma casa no bairro Embar\u00e9 e um apartamento no bairro do Gonzaga.<\/p>\n<p class=\"content-text__container \" data-track-category=\"Link no Texto\" data-track-links=\"\">Tamb\u00e9m foram determinados pela Pol\u00edcia Federal, a apreens\u00e3o de todos os bens, im\u00f3veis e ve\u00edculos. Al\u00e9m disso, tamb\u00e9m a necessidade da apreens\u00e3o de todos os valores depositados em contas banc\u00e1rias e aplica\u00e7\u00f5es financeiras em nome de sete investigados.<\/p>\n<div class=\"mc-column content-text active-extra-styles \" data-block-type=\"unstyled\" data-block-weight=\"28\" data-block-id=\"8\">\n<p class=\"content-text__container \" data-track-category=\"Link no Texto\" data-track-links=\"\">Os investigados ser\u00e3o indiciados pelos crimes de tr\u00e1fico internacional de drogas e associa\u00e7\u00e3o para o tr\u00e1fico, com penas que variam de 10 a 25 anos de reclus\u00e3o.<\/p>\n<h3 data-track-category=\"Link no Texto\">Veja o v\u00eddeo:<\/h3>\n<div style=\"width: 640px;\" class=\"wp-video\"><video class=\"wp-video-shortcode\" id=\"video-93470-1\" width=\"640\" height=\"352\" preload=\"metadata\" controls=\"controls\"><source type=\"video\/mp4\" src=\"https:\/\/redenoticiaz.com.br\/litoralsp\/wp-content\/uploads\/sites\/3\/2022\/10\/WhatsApp-Video-2022-10-18-at-07.13.55.mp4?_=1\" \/><a href=\"https:\/\/redenoticiaz.com.br\/litoralsp\/wp-content\/uploads\/sites\/3\/2022\/10\/WhatsApp-Video-2022-10-18-at-07.13.55.mp4\">https:\/\/redenoticiaz.com.br\/litoralsp\/wp-content\/uploads\/sites\/3\/2022\/10\/WhatsApp-Video-2022-10-18-at-07.13.55.mp4<\/a><\/video><\/div>\n<div class=\"mc-column content-text active-extra-styles \" data-block-type=\"unstyled\" data-block-weight=\"51\" data-block-id=\"12\">\n<p class=\"content-text__container \" data-track-category=\"Link no Texto\" data-track-links=\"\">A Pol\u00edcia Federal explica que a Opera\u00e7\u00e3o G\u00eanesis come\u00e7ou em novembro de 2021, ap\u00f3s apurar ocorr\u00eancias de tr\u00e1fico internacional de drogas. Foram apreendidas cerca de 1,6 toneladas de coca\u00edna em tr\u00eas eventos. O primeiro foi em Hamburgo, na Alemanha, e os demais em Santos. As cargas tinham o destino final a cidade de Antu\u00e9rpia, na B\u00e9lgica e Durban, na \u00c1frica do Sul.<\/p>\n<\/div>\n<div class=\"mc-column content-text active-extra-styles \" data-block-type=\"unstyled\" data-block-weight=\"38\" data-block-id=\"13\">\n<p class=\"content-text__container \" data-track-category=\"Link no Texto\" data-track-links=\"\">Segundo a Pol\u00edcia Federal, a organiza\u00e7\u00e3o criminosa atuava no processo de exporta\u00e7\u00e3o de cargas l\u00edcitas (contrata\u00e7\u00e3o, estufagem e transporte). Os entorpecentes eram colocados de forma oculta, aumentando a quantidades de coca\u00edna destinadas ao pa\u00edses da Europa e \u00c1frica.<\/p>\n<\/div>\n<div class=\"mc-column content-text active-extra-styles \" data-block-type=\"unstyled\" data-block-weight=\"26\" data-block-id=\"14\">\n<p class=\"content-text__container \" data-track-category=\"Link no Texto\" data-track-links=\"\">O nome da opera\u00e7\u00e3o faz alus\u00e3o a primeira apreens\u00e3o, que deu origem ao procedimento, criando mecanismos que permitiram identificar os mandamentos de atua\u00e7\u00e3o da organiza\u00e7\u00e3o criminosa.<\/p>\n<p data-track-category=\"Link no Texto\" data-track-links=\"\"><strong>LEIA TAMB\u00c9M<\/strong><\/p>\n<p data-track-category=\"Link no Texto\" data-track-links=\"\"><a href=\"https:\/\/redenoticiaz.com.br\/litoralsp\/2022\/10\/17\/suspeito-de-trafico-de-drogas-em-praia-grande-e-preso-em-flagrante\">Suspeito de tr\u00e1fico de drogas em Praia Grande \u00e9 preso em flagrante<\/a><\/p>\n<\/div>\n<\/div>\n<\/div>\n<\/div>\n","protected":false},"excerpt":{"rendered":"<p>Nesta ter\u00e7a-feira (18), a Pol\u00edcia Federal realizou a Opera\u00e7\u00e3o G\u00eanesis, com o objetivo de combater o tr\u00e1fico internacional de drogas. As opera\u00e7\u00f5es se concentraram nas cidades de Santos, S\u00e3o Vicente, Cubat\u00e3o e Praia Grande, Litoral de S\u00e3o Paulo. De acordo com a PF, a miss\u00e3o era combater o tr\u00e1fico de drogas nas cidades da Baixada &hellip;<\/p>\n","protected":false},"author":6,"featured_media":93473,"comment_status":"open","ping_status":"closed","sticky":false,"template":"","format":"standard","meta":{"footnotes":""},"categories":[186,10,18537,182,180,181],"tags":[1148,1024,14,74,1101,986,33,36498],"class_list":["post-93470","post","type-post","status-publish","format-standard","has-post-thumbnail","hentry","category-cubatao","category-policia","category-porto","category-praia-grande","category-santos","category-sao-vicente","tag-baixada-santista","tag-cubatao","tag-policia-federal","tag-porto-de-santos","tag-praia-grande","tag-santos","tag-sao-vicente","tag-trafico-internacional-de-drogas"],"yoast_head":"<!-- This site is optimized with the Yoast SEO plugin v27.4 - https:\/\/yoast.com\/product\/yoast-seo-wordpress\/ -->\n<title>V\u00cdDEO \u2013 Opera\u00e7\u00e3o contra o tr\u00e1fico internacional de drogas \u00e9 realizada em S\u00e3o Paulo - Litoral SP<\/title>\n<meta name=\"description\" content=\"Nesta ter\u00e7a-feira (18), a Pol\u00edcia Federal realizou a Opera\u00e7\u00e3o G\u00eanesis, com o objetivo de combater o tr\u00e1fico internacional de drogas. As opera\u00e7\u00f5es\" \/>\n<meta name=\"robots\" content=\"index, follow, max-snippet:-1, max-image-preview:large, max-video-preview:-1\" \/>\n<link rel=\"canonical\" href=\"https:\/\/redenoticiaz.com.br\/litoralsp\/2022\/10\/18\/video-operacao-contra-o-trafico-internacional-de-drogas-e-realizada-em-sao-paulo\" \/>\n<meta property=\"og:locale\" content=\"pt_BR\" \/>\n<meta property=\"og:type\" content=\"article\" \/>\n<meta property=\"og:title\" content=\"V\u00cdDEO \u2013 Opera\u00e7\u00e3o contra o tr\u00e1fico internacional de drogas \u00e9 realizada em S\u00e3o Paulo - Litoral SP\" \/>\n<meta property=\"og:description\" content=\"Nesta ter\u00e7a-feira (18), a Pol\u00edcia Federal realizou a Opera\u00e7\u00e3o G\u00eanesis, com o objetivo de combater o tr\u00e1fico internacional de drogas. As opera\u00e7\u00f5es\" \/>\n<meta property=\"og:url\" content=\"https:\/\/redenoticiaz.com.br\/litoralsp\/2022\/10\/18\/video-operacao-contra-o-trafico-internacional-de-drogas-e-realizada-em-sao-paulo\" \/>\n<meta property=\"og:site_name\" content=\"Litoral SP\" \/>\n<meta property=\"article:published_time\" content=\"2022-10-18T12:47:00+00:00\" \/>\n<meta property=\"article:modified_time\" content=\"2022-10-18T12:48:00+00:00\" \/>\n<meta property=\"og:image\" content=\"https:\/\/redenoticiaz.com.br\/litoralsp\/wp-content\/uploads\/sites\/3\/2022\/10\/WhatsApp-Image-2022-10-18-at-07.13.54-e1666097163174.jpeg\" \/>\n\t<meta property=\"og:image:width\" content=\"316\" \/>\n\t<meta property=\"og:image:height\" content=\"367\" \/>\n\t<meta property=\"og:image:type\" content=\"image\/jpeg\" \/>\n<meta name=\"author\" content=\"Leonardo Francisco\" \/>\n<meta name=\"twitter:card\" content=\"summary_large_image\" \/>\n<meta name=\"twitter:label1\" content=\"Escrito por\" \/>\n\t<meta name=\"twitter:data1\" content=\"Leonardo Francisco\" \/>\n\t<meta name=\"twitter:label2\" content=\"Est. tempo de leitura\" \/>\n\t<meta name=\"twitter:data2\" content=\"2 minutos\" \/>\n<script type=\"application\/ld+json\" class=\"yoast-schema-graph\">{\"@context\":\"https:\\\/\\\/schema.org\",\"@graph\":[{\"@type\":\"Article\",\"@id\":\"https:\\\/\\\/redenoticiaz.com.br\\\/litoralsp\\\/2022\\\/10\\\/18\\\/video-operacao-contra-o-trafico-internacional-de-drogas-e-realizada-em-sao-paulo#article\",\"isPartOf\":{\"@id\":\"https:\\\/\\\/redenoticiaz.com.br\\\/litoralsp\\\/2022\\\/10\\\/18\\\/video-operacao-contra-o-trafico-internacional-de-drogas-e-realizada-em-sao-paulo\"},\"author\":{\"name\":\"Leonardo Francisco\",\"@id\":\"https:\\\/\\\/redenoticiaz.com.br\\\/litoralsp\\\/#\\\/schema\\\/person\\\/0f0b8a5bdafefe82841e07ae8d81ecb3\"},\"headline\":\"V\u00cdDEO \u2013 Opera\u00e7\u00e3o contra o tr\u00e1fico internacional de drogas \u00e9 realizada em S\u00e3o Paulo\",\"datePublished\":\"2022-10-18T12:47:00+00:00\",\"dateModified\":\"2022-10-18T12:48:00+00:00\",\"mainEntityOfPage\":{\"@id\":\"https:\\\/\\\/redenoticiaz.com.br\\\/litoralsp\\\/2022\\\/10\\\/18\\\/video-operacao-contra-o-trafico-internacional-de-drogas-e-realizada-em-sao-paulo\"},\"wordCount\":438,\"commentCount\":0,\"publisher\":{\"@id\":\"https:\\\/\\\/redenoticiaz.com.br\\\/litoralsp\\\/#organization\"},\"image\":{\"@id\":\"https:\\\/\\\/redenoticiaz.com.br\\\/litoralsp\\\/2022\\\/10\\\/18\\\/video-operacao-contra-o-trafico-internacional-de-drogas-e-realizada-em-sao-paulo#primaryimage\"},\"thumbnailUrl\":\"https:\\\/\\\/redenoticiaz.com.br\\\/litoralsp\\\/wp-content\\\/uploads\\\/sites\\\/3\\\/2022\\\/10\\\/WhatsApp-Image-2022-10-18-at-07.13.54-e1666097163174.jpeg\",\"keywords\":[\"BAIXADA SANTISTA\",\"CUBAT\u00c3O\",\"policia federal\",\"porto de santos\",\"PRAIA GRANDE\",\"Santos\",\"S\u00e3o Vicente\",\"TR\u00c1FICO INTERNACIONAL DE DROGAS\"],\"articleSection\":[\"Cubat\u00e3o\",\"Pol\u00edcia\",\"Porto\",\"Praia Grande\",\"Santos\",\"S\u00e3o Vicente\"],\"inLanguage\":\"pt-BR\",\"potentialAction\":[{\"@type\":\"CommentAction\",\"name\":\"Comment\",\"target\":[\"https:\\\/\\\/redenoticiaz.com.br\\\/litoralsp\\\/2022\\\/10\\\/18\\\/video-operacao-contra-o-trafico-internacional-de-drogas-e-realizada-em-sao-paulo#respond\"]}]},{\"@type\":\"WebPage\",\"@id\":\"https:\\\/\\\/redenoticiaz.com.br\\\/litoralsp\\\/2022\\\/10\\\/18\\\/video-operacao-contra-o-trafico-internacional-de-drogas-e-realizada-em-sao-paulo\",\"url\":\"https:\\\/\\\/redenoticiaz.com.br\\\/litoralsp\\\/2022\\\/10\\\/18\\\/video-operacao-contra-o-trafico-internacional-de-drogas-e-realizada-em-sao-paulo\",\"name\":\"V\u00cdDEO \u2013 Opera\u00e7\u00e3o contra o tr\u00e1fico internacional de drogas \u00e9 realizada em S\u00e3o Paulo - Litoral SP\",\"isPartOf\":{\"@id\":\"https:\\\/\\\/redenoticiaz.com.br\\\/litoralsp\\\/#website\"},\"primaryImageOfPage\":{\"@id\":\"https:\\\/\\\/redenoticiaz.com.br\\\/litoralsp\\\/2022\\\/10\\\/18\\\/video-operacao-contra-o-trafico-internacional-de-drogas-e-realizada-em-sao-paulo#primaryimage\"},\"image\":{\"@id\":\"https:\\\/\\\/redenoticiaz.com.br\\\/litoralsp\\\/2022\\\/10\\\/18\\\/video-operacao-contra-o-trafico-internacional-de-drogas-e-realizada-em-sao-paulo#primaryimage\"},\"thumbnailUrl\":\"https:\\\/\\\/redenoticiaz.com.br\\\/litoralsp\\\/wp-content\\\/uploads\\\/sites\\\/3\\\/2022\\\/10\\\/WhatsApp-Image-2022-10-18-at-07.13.54-e1666097163174.jpeg\",\"datePublished\":\"2022-10-18T12:47:00+00:00\",\"dateModified\":\"2022-10-18T12:48:00+00:00\",\"description\":\"Nesta ter\u00e7a-feira (18), a Pol\u00edcia Federal realizou a Opera\u00e7\u00e3o G\u00eanesis, com o objetivo de combater o tr\u00e1fico internacional de drogas. As opera\u00e7\u00f5es\",\"inLanguage\":\"pt-BR\",\"potentialAction\":[{\"@type\":\"ReadAction\",\"target\":[\"https:\\\/\\\/redenoticiaz.com.br\\\/litoralsp\\\/2022\\\/10\\\/18\\\/video-operacao-contra-o-trafico-internacional-de-drogas-e-realizada-em-sao-paulo\"]}]},{\"@type\":\"ImageObject\",\"inLanguage\":\"pt-BR\",\"@id\":\"https:\\\/\\\/redenoticiaz.com.br\\\/litoralsp\\\/2022\\\/10\\\/18\\\/video-operacao-contra-o-trafico-internacional-de-drogas-e-realizada-em-sao-paulo#primaryimage\",\"url\":\"https:\\\/\\\/redenoticiaz.com.br\\\/litoralsp\\\/wp-content\\\/uploads\\\/sites\\\/3\\\/2022\\\/10\\\/WhatsApp-Image-2022-10-18-at-07.13.54-e1666097163174.jpeg\",\"contentUrl\":\"https:\\\/\\\/redenoticiaz.com.br\\\/litoralsp\\\/wp-content\\\/uploads\\\/sites\\\/3\\\/2022\\\/10\\\/WhatsApp-Image-2022-10-18-at-07.13.54-e1666097163174.jpeg\",\"width\":316,\"height\":367,\"caption\":\"Cr\u00e9ditos: Divulga\u00e7\u00e3o\\\/Pol\u00edcia Federal\"},{\"@type\":\"WebSite\",\"@id\":\"https:\\\/\\\/redenoticiaz.com.br\\\/litoralsp\\\/#website\",\"url\":\"https:\\\/\\\/redenoticiaz.com.br\\\/litoralsp\\\/\",\"name\":\"Litoral SP\",\"description\":\"Rede NoticiaZ\",\"publisher\":{\"@id\":\"https:\\\/\\\/redenoticiaz.com.br\\\/litoralsp\\\/#organization\"},\"potentialAction\":[{\"@type\":\"SearchAction\",\"target\":{\"@type\":\"EntryPoint\",\"urlTemplate\":\"https:\\\/\\\/redenoticiaz.com.br\\\/litoralsp\\\/?s={search_term_string}\"},\"query-input\":{\"@type\":\"PropertyValueSpecification\",\"valueRequired\":true,\"valueName\":\"search_term_string\"}}],\"inLanguage\":\"pt-BR\"},{\"@type\":\"Organization\",\"@id\":\"https:\\\/\\\/redenoticiaz.com.br\\\/litoralsp\\\/#organization\",\"name\":\"Litoral SP\",\"url\":\"https:\\\/\\\/redenoticiaz.com.br\\\/litoralsp\\\/\",\"logo\":{\"@type\":\"ImageObject\",\"inLanguage\":\"pt-BR\",\"@id\":\"https:\\\/\\\/redenoticiaz.com.br\\\/litoralsp\\\/#\\\/schema\\\/logo\\\/image\\\/\",\"url\":\"https:\\\/\\\/redenoticiaz.com.br\\\/litoralsp\\\/wp-content\\\/uploads\\\/sites\\\/3\\\/2020\\\/11\\\/logo.jpg\",\"contentUrl\":\"https:\\\/\\\/redenoticiaz.com.br\\\/litoralsp\\\/wp-content\\\/uploads\\\/sites\\\/3\\\/2020\\\/11\\\/logo.jpg\",\"width\":400,\"height\":250,\"caption\":\"Litoral SP\"},\"image\":{\"@id\":\"https:\\\/\\\/redenoticiaz.com.br\\\/litoralsp\\\/#\\\/schema\\\/logo\\\/image\\\/\"}},{\"@type\":\"Person\",\"@id\":\"https:\\\/\\\/redenoticiaz.com.br\\\/litoralsp\\\/#\\\/schema\\\/person\\\/0f0b8a5bdafefe82841e07ae8d81ecb3\",\"name\":\"Leonardo Francisco\",\"image\":{\"@type\":\"ImageObject\",\"inLanguage\":\"pt-BR\",\"@id\":\"https:\\\/\\\/secure.gravatar.com\\\/avatar\\\/a7358cb406a99b682ec6df1e77e31ae82e63601f6784e8a3df411d72b37864da?s=96&d=mm&r=g\",\"url\":\"https:\\\/\\\/secure.gravatar.com\\\/avatar\\\/a7358cb406a99b682ec6df1e77e31ae82e63601f6784e8a3df411d72b37864da?s=96&d=mm&r=g\",\"contentUrl\":\"https:\\\/\\\/secure.gravatar.com\\\/avatar\\\/a7358cb406a99b682ec6df1e77e31ae82e63601f6784e8a3df411d72b37864da?s=96&d=mm&r=g\",\"caption\":\"Leonardo Francisco\"},\"url\":\"https:\\\/\\\/redenoticiaz.com.br\\\/litoralsp\\\/author\\\/leonardo-francisco\"}]}<\/script>\n<!-- \/ Yoast SEO plugin. -->","yoast_head_json":{"title":"V\u00cdDEO \u2013 Opera\u00e7\u00e3o contra o tr\u00e1fico internacional de drogas \u00e9 realizada em S\u00e3o Paulo - Litoral SP","description":"Nesta ter\u00e7a-feira (18), a Pol\u00edcia Federal realizou a Opera\u00e7\u00e3o G\u00eanesis, com o objetivo de combater o tr\u00e1fico internacional de drogas. As opera\u00e7\u00f5es","robots":{"index":"index","follow":"follow","max-snippet":"max-snippet:-1","max-image-preview":"max-image-preview:large","max-video-preview":"max-video-preview:-1"},"canonical":"https:\/\/redenoticiaz.com.br\/litoralsp\/2022\/10\/18\/video-operacao-contra-o-trafico-internacional-de-drogas-e-realizada-em-sao-paulo","og_locale":"pt_BR","og_type":"article","og_title":"V\u00cdDEO \u2013 Opera\u00e7\u00e3o contra o tr\u00e1fico internacional de drogas \u00e9 realizada em S\u00e3o Paulo - Litoral SP","og_description":"Nesta ter\u00e7a-feira (18), a Pol\u00edcia Federal realizou a Opera\u00e7\u00e3o G\u00eanesis, com o objetivo de combater o tr\u00e1fico internacional de drogas. As opera\u00e7\u00f5es","og_url":"https:\/\/redenoticiaz.com.br\/litoralsp\/2022\/10\/18\/video-operacao-contra-o-trafico-internacional-de-drogas-e-realizada-em-sao-paulo","og_site_name":"Litoral SP","article_published_time":"2022-10-18T12:47:00+00:00","article_modified_time":"2022-10-18T12:48:00+00:00","og_image":[{"width":316,"height":367,"url":"https:\/\/redenoticiaz.com.br\/litoralsp\/wp-content\/uploads\/sites\/3\/2022\/10\/WhatsApp-Image-2022-10-18-at-07.13.54-e1666097163174.jpeg","type":"image\/jpeg"}],"author":"Leonardo Francisco","twitter_card":"summary_large_image","twitter_misc":{"Escrito por":"Leonardo Francisco","Est. tempo de leitura":"2 minutos"},"schema":{"@context":"https:\/\/schema.org","@graph":[{"@type":"Article","@id":"https:\/\/redenoticiaz.com.br\/litoralsp\/2022\/10\/18\/video-operacao-contra-o-trafico-internacional-de-drogas-e-realizada-em-sao-paulo#article","isPartOf":{"@id":"https:\/\/redenoticiaz.com.br\/litoralsp\/2022\/10\/18\/video-operacao-contra-o-trafico-internacional-de-drogas-e-realizada-em-sao-paulo"},"author":{"name":"Leonardo Francisco","@id":"https:\/\/redenoticiaz.com.br\/litoralsp\/#\/schema\/person\/0f0b8a5bdafefe82841e07ae8d81ecb3"},"headline":"V\u00cdDEO \u2013 Opera\u00e7\u00e3o contra o tr\u00e1fico internacional de drogas \u00e9 realizada em S\u00e3o Paulo","datePublished":"2022-10-18T12:47:00+00:00","dateModified":"2022-10-18T12:48:00+00:00","mainEntityOfPage":{"@id":"https:\/\/redenoticiaz.com.br\/litoralsp\/2022\/10\/18\/video-operacao-contra-o-trafico-internacional-de-drogas-e-realizada-em-sao-paulo"},"wordCount":438,"commentCount":0,"publisher":{"@id":"https:\/\/redenoticiaz.com.br\/litoralsp\/#organization"},"image":{"@id":"https:\/\/redenoticiaz.com.br\/litoralsp\/2022\/10\/18\/video-operacao-contra-o-trafico-internacional-de-drogas-e-realizada-em-sao-paulo#primaryimage"},"thumbnailUrl":"https:\/\/redenoticiaz.com.br\/litoralsp\/wp-content\/uploads\/sites\/3\/2022\/10\/WhatsApp-Image-2022-10-18-at-07.13.54-e1666097163174.jpeg","keywords":["BAIXADA SANTISTA","CUBAT\u00c3O","policia federal","porto de santos","PRAIA GRANDE","Santos","S\u00e3o Vicente","TR\u00c1FICO INTERNACIONAL DE DROGAS"],"articleSection":["Cubat\u00e3o","Pol\u00edcia","Porto","Praia Grande","Santos","S\u00e3o Vicente"],"inLanguage":"pt-BR","potentialAction":[{"@type":"CommentAction","name":"Comment","target":["https:\/\/redenoticiaz.com.br\/litoralsp\/2022\/10\/18\/video-operacao-contra-o-trafico-internacional-de-drogas-e-realizada-em-sao-paulo#respond"]}]},{"@type":"WebPage","@id":"https:\/\/redenoticiaz.com.br\/litoralsp\/2022\/10\/18\/video-operacao-contra-o-trafico-internacional-de-drogas-e-realizada-em-sao-paulo","url":"https:\/\/redenoticiaz.com.br\/litoralsp\/2022\/10\/18\/video-operacao-contra-o-trafico-internacional-de-drogas-e-realizada-em-sao-paulo","name":"V\u00cdDEO \u2013 Opera\u00e7\u00e3o contra o tr\u00e1fico internacional de drogas \u00e9 realizada em S\u00e3o Paulo - Litoral SP","isPartOf":{"@id":"https:\/\/redenoticiaz.com.br\/litoralsp\/#website"},"primaryImageOfPage":{"@id":"https:\/\/redenoticiaz.com.br\/litoralsp\/2022\/10\/18\/video-operacao-contra-o-trafico-internacional-de-drogas-e-realizada-em-sao-paulo#primaryimage"},"image":{"@id":"https:\/\/redenoticiaz.com.br\/litoralsp\/2022\/10\/18\/video-operacao-contra-o-trafico-internacional-de-drogas-e-realizada-em-sao-paulo#primaryimage"},"thumbnailUrl":"https:\/\/redenoticiaz.com.br\/litoralsp\/wp-content\/uploads\/sites\/3\/2022\/10\/WhatsApp-Image-2022-10-18-at-07.13.54-e1666097163174.jpeg","datePublished":"2022-10-18T12:47:00+00:00","dateModified":"2022-10-18T12:48:00+00:00","description":"Nesta ter\u00e7a-feira (18), a Pol\u00edcia Federal realizou a Opera\u00e7\u00e3o G\u00eanesis, com o objetivo de combater o tr\u00e1fico internacional de drogas. As opera\u00e7\u00f5es","inLanguage":"pt-BR","potentialAction":[{"@type":"ReadAction","target":["https:\/\/redenoticiaz.com.br\/litoralsp\/2022\/10\/18\/video-operacao-contra-o-trafico-internacional-de-drogas-e-realizada-em-sao-paulo"]}]},{"@type":"ImageObject","inLanguage":"pt-BR","@id":"https:\/\/redenoticiaz.com.br\/litoralsp\/2022\/10\/18\/video-operacao-contra-o-trafico-internacional-de-drogas-e-realizada-em-sao-paulo#primaryimage","url":"https:\/\/redenoticiaz.com.br\/litoralsp\/wp-content\/uploads\/sites\/3\/2022\/10\/WhatsApp-Image-2022-10-18-at-07.13.54-e1666097163174.jpeg","contentUrl":"https:\/\/redenoticiaz.com.br\/litoralsp\/wp-content\/uploads\/sites\/3\/2022\/10\/WhatsApp-Image-2022-10-18-at-07.13.54-e1666097163174.jpeg","width":316,"height":367,"caption":"Cr\u00e9ditos: Divulga\u00e7\u00e3o\/Pol\u00edcia Federal"},{"@type":"WebSite","@id":"https:\/\/redenoticiaz.com.br\/litoralsp\/#website","url":"https:\/\/redenoticiaz.com.br\/litoralsp\/","name":"Litoral SP","description":"Rede NoticiaZ","publisher":{"@id":"https:\/\/redenoticiaz.com.br\/litoralsp\/#organization"},"potentialAction":[{"@type":"SearchAction","target":{"@type":"EntryPoint","urlTemplate":"https:\/\/redenoticiaz.com.br\/litoralsp\/?s={search_term_string}"},"query-input":{"@type":"PropertyValueSpecification","valueRequired":true,"valueName":"search_term_string"}}],"inLanguage":"pt-BR"},{"@type":"Organization","@id":"https:\/\/redenoticiaz.com.br\/litoralsp\/#organization","name":"Litoral SP","url":"https:\/\/redenoticiaz.com.br\/litoralsp\/","logo":{"@type":"ImageObject","inLanguage":"pt-BR","@id":"https:\/\/redenoticiaz.com.br\/litoralsp\/#\/schema\/logo\/image\/","url":"https:\/\/redenoticiaz.com.br\/litoralsp\/wp-content\/uploads\/sites\/3\/2020\/11\/logo.jpg","contentUrl":"https:\/\/redenoticiaz.com.br\/litoralsp\/wp-content\/uploads\/sites\/3\/2020\/11\/logo.jpg","width":400,"height":250,"caption":"Litoral SP"},"image":{"@id":"https:\/\/redenoticiaz.com.br\/litoralsp\/#\/schema\/logo\/image\/"}},{"@type":"Person","@id":"https:\/\/redenoticiaz.com.br\/litoralsp\/#\/schema\/person\/0f0b8a5bdafefe82841e07ae8d81ecb3","name":"Leonardo Francisco","image":{"@type":"ImageObject","inLanguage":"pt-BR","@id":"https:\/\/secure.gravatar.com\/avatar\/a7358cb406a99b682ec6df1e77e31ae82e63601f6784e8a3df411d72b37864da?s=96&d=mm&r=g","url":"https:\/\/secure.gravatar.com\/avatar\/a7358cb406a99b682ec6df1e77e31ae82e63601f6784e8a3df411d72b37864da?s=96&d=mm&r=g","contentUrl":"https:\/\/secure.gravatar.com\/avatar\/a7358cb406a99b682ec6df1e77e31ae82e63601f6784e8a3df411d72b37864da?s=96&d=mm&r=g","caption":"Leonardo Francisco"},"url":"https:\/\/redenoticiaz.com.br\/litoralsp\/author\/leonardo-francisco"}]}},"_links":{"self":[{"href":"https:\/\/redenoticiaz.com.br\/litoralsp\/wp-json\/wp\/v2\/posts\/93470","targetHints":{"allow":["GET"]}}],"collection":[{"href":"https:\/\/redenoticiaz.com.br\/litoralsp\/wp-json\/wp\/v2\/posts"}],"about":[{"href":"https:\/\/redenoticiaz.com.br\/litoralsp\/wp-json\/wp\/v2\/types\/post"}],"author":[{"embeddable":true,"href":"https:\/\/redenoticiaz.com.br\/litoralsp\/wp-json\/wp\/v2\/users\/6"}],"replies":[{"embeddable":true,"href":"https:\/\/redenoticiaz.com.br\/litoralsp\/wp-json\/wp\/v2\/comments?post=93470"}],"version-history":[{"count":2,"href":"https:\/\/redenoticiaz.com.br\/litoralsp\/wp-json\/wp\/v2\/posts\/93470\/revisions"}],"predecessor-version":[{"id":93475,"href":"https:\/\/redenoticiaz.com.br\/litoralsp\/wp-json\/wp\/v2\/posts\/93470\/revisions\/93475"}],"wp:featuredmedia":[{"embeddable":true,"href":"https:\/\/redenoticiaz.com.br\/litoralsp\/wp-json\/wp\/v2\/media\/93473"}],"wp:attachment":[{"href":"https:\/\/redenoticiaz.com.br\/litoralsp\/wp-json\/wp\/v2\/media?parent=93470"}],"wp:term":[{"taxonomy":"category","embeddable":true,"href":"https:\/\/redenoticiaz.com.br\/litoralsp\/wp-json\/wp\/v2\/categories?post=93470"},{"taxonomy":"post_tag","embeddable":true,"href":"https:\/\/redenoticiaz.com.br\/litoralsp\/wp-json\/wp\/v2\/tags?post=93470"}],"curies":[{"name":"wp","href":"https:\/\/api.w.org\/{rel}","templated":true}]}}