{"id":93476,"date":"2022-10-18T10:09:01","date_gmt":"2022-10-18T13:09:01","guid":{"rendered":"https:\/\/redenoticiaz.com.br\/litoralsp\/?p=93476"},"modified":"2022-10-18T10:09:01","modified_gmt":"2022-10-18T13:09:01","slug":"cobranca-da-taxa-ambiental-de-ubatuba-vai-comecar-em-novembro","status":"publish","type":"post","link":"https:\/\/redenoticiaz.com.br\/litoralsp\/2022\/10\/18\/cobranca-da-taxa-ambiental-de-ubatuba-vai-comecar-em-novembro","title":{"rendered":"Cobran\u00e7a da taxa ambiental de Ubatuba vai come\u00e7ar em novembro"},"content":{"rendered":"<div class=\"mc-column content-text active-extra-styles \" data-block-type=\"unstyled\" data-block-weight=\"39\" data-block-id=\"3\">\n<p class=\"content-text__container \" data-track-category=\"Link no Texto\" data-track-links=\"\">Agora \u00e9 oficial. Depois de tr\u00eas adiamentos, a Prefeitura de Ubatuba definiu a nova data para o <strong>in\u00edcio da cobran\u00e7a da taxa ambiental<\/strong>. Segundo a administra\u00e7\u00e3o, a taxa come\u00e7a a ser cobrada no dia 10 de novembro. O an\u00fancio foi confirmado ap\u00f3s tr\u00eas adiamentos ao longo deste ano.<\/p>\n<\/div>\n<div class=\"wall protected-content\">\n<div class=\"mc-column content-text active-extra-styles \" data-block-type=\"unstyled\" data-block-weight=\"30\" data-block-id=\"4\">\n<p class=\"content-text__container \" data-track-category=\"Link no Texto\" data-track-links=\"\">A prefeitura explica que a proposta de implanta\u00e7\u00e3o de uma cobran\u00e7a para turistas \u00e9 para evitar o impacto ambiental na cidade vem desde 2017, quando a lei foi aprovada, mas at\u00e9 ent\u00e3o n\u00e3o saiu do papel.<\/p>\n<div class=\"mc-column content-text active-extra-styles \" data-block-type=\"unstyled\" data-block-weight=\"46\" data-block-id=\"7\">\n<p class=\"content-text__container \" data-track-category=\"Link no Texto\" data-track-links=\"\">Neste ano, a prefeitura contratou a empresa que vai fazer a cobran\u00e7a nas entradas da cidade, mas j\u00e1 mudou tr\u00eas vezes o in\u00edcio da opera\u00e7\u00e3o. Em agosto, \u00faltimo adiamento, a prefeitura suspendeu o in\u00edcio da cobran\u00e7a para que fossem feitas mudan\u00e7as nas regras de isen\u00e7\u00e3o.<\/p>\n<\/div>\n<div class=\"mc-column content-text active-extra-styles \" data-block-type=\"unstyled\" data-block-weight=\"40\" data-block-id=\"8\">\n<p class=\"content-text__container \" data-track-category=\"Link no Texto\" data-track-links=\"\">Na \u00faltima semana, uma lei complementar foi aprovada com altera\u00e7\u00f5es para isentar moradores. Entre elas est\u00e1 o aumento do n\u00famero de ve\u00edculos que podem ser cadastrados por morador, redu\u00e7\u00e3o dos documentos necess\u00e1rios para o cadastro e comprova\u00e7\u00e3o de resid\u00eancia.<\/p>\n<\/div>\n<div class=\"mc-column content-text active-extra-styles\" data-block-type=\"raw\" data-block-weight=\"1\" data-block-id=\"9\">\n<div class=\"content-intertitle\">\n<h3>Isen\u00e7\u00f5es<\/h3>\n<\/div>\n<\/div>\n<div class=\"mc-column content-text active-extra-styles\" data-block-type=\"raw\" data-block-weight=\"63\" data-block-id=\"10\">\n<ul class=\"content-unordered-list\">\n<li>Moradores podem cadastrar tr\u00eas ve\u00edculos de sua propriedade ou do c\u00f4njuge, filhos e pais para isen\u00e7\u00e3o;<\/li>\n<li>Ve\u00edculos com placas de Ubatuba, Ilhabela, S\u00e3o Sebasti\u00e3o, Caraguatatuba, Paraty, Cunha, S\u00e3o Luiz do Paraitinga e Natividade da Serra est\u00e3o isentos da cobran\u00e7a;<\/li>\n<li>Ve\u00edculos com passagem r\u00e1pida pela cidade, com per\u00edodo menor a quatro horas, n\u00e3o ser\u00e3o cobrados;<\/li>\n<li>Ambul\u00e2ncias e ve\u00edculos de servi\u00e7os p\u00fablicos tamb\u00e9m s\u00e3o isentos.<\/li>\n<\/ul>\n<\/div>\n<div class=\"mc-column content-text active-extra-styles \" data-block-type=\"unstyled\" data-block-weight=\"57\" data-block-id=\"11\">\n<p class=\"content-text__container \" data-track-category=\"Link no Texto\" data-track-links=\"\">Os moradores podem fazer o pedido de isen\u00e7\u00e3o da cobran\u00e7a da taxa presencialmente na sede da empresa Eco Ubatuba. O hor\u00e1rio de funcionamento \u00e9 de segunda \u00e0 sexta-feira, das 9h \u00e0s 17h. Aos s\u00e1bados, das 9h \u00e0s 13h, nas bases da Lagoinha, Saco da Ribeira e tamb\u00e9m na sede localizada na Rua Pacaembu, 70, Estufa I.<\/p>\n<div class=\"mc-column content-text active-extra-styles \" data-block-type=\"unstyled\" data-block-weight=\"15\" data-block-id=\"13\">\n<p class=\"content-text__container \" data-track-category=\"Link no Texto\" data-track-links=\"\">Tamb\u00e9m \u00e9 poss\u00edvel receber atendimento de forma digital por meio do <a href=\"http:\/\/www.ecoubatuba.com.br\" target=\"_blank\" rel=\"noopener\">site a empresa<\/a>.<\/p>\n<\/div>\n<div class=\"mc-column content-text active-extra-styles\" data-block-type=\"raw\" data-block-weight=\"4\" data-block-id=\"14\">\n<div class=\"content-intertitle\">\n<h3>Confira os valores da taxa ambiental<\/h3>\n<\/div>\n<\/div>\n<div class=\"mc-column content-text active-extra-styles\" data-block-type=\"raw\" data-block-weight=\"42\" data-block-id=\"15\">\n<ul class=\"content-unordered-list\">\n<li>Motocicleta, motoneta e bicicleta a motor &#8211; R$ 3,50<\/li>\n<li>Ve\u00edculos de pequeno porte (passeio\/autom\u00f3vel) &#8211; R$ 13<\/li>\n<li>Ve\u00edculos utilit\u00e1rios (caminhonete e furg\u00e3o) &#8211; R$ 19,50<\/li>\n<li>Ve\u00edculos de excurs\u00e3o (Vans) &#8211; R$ 39<\/li>\n<li>Micro-\u00f4nibus e caminh\u00f5es &#8211; R$ 59<\/li>\n<li>\u00d4nibus &#8211; R$ 92<\/li>\n<\/ul>\n<\/div>\n<div class=\"mc-column content-text active-extra-styles \" data-block-type=\"unstyled\" data-block-weight=\"36\" data-block-id=\"16\">\n<p class=\"content-text__container \" data-track-category=\"Link no Texto\" data-track-links=\"\">Segundo a prefeitura, o pagamento pode ser realizado de forma autom\u00e1tica com as tags de ped\u00e1gio e estacionamento para ve\u00edculos, pelo aplicativo da ECO Ubatuba, na sede da empresa ou nos postos de pagamento na cidade.<\/p>\n<p data-track-category=\"Link no Texto\" data-track-links=\"\"><strong>LEIA TAMB\u00c9M<\/strong><\/p>\n<p data-track-category=\"Link no Texto\" data-track-links=\"\"><a href=\"https:\/\/redenoticiaz.com.br\/litoralsp\/2022\/07\/06\/cobranca-da-taxa-ambiental-de-ubatuba-e-adiada-novamente\">Cobran\u00e7a da taxa ambiental de Ubatuba \u00e9 adiada novamente<\/a><\/p>\n<\/div>\n<\/div>\n<\/div>\n<\/div>\n","protected":false},"excerpt":{"rendered":"<p>Agora \u00e9 oficial. Depois de tr\u00eas adiamentos, a Prefeitura de Ubatuba definiu a nova data para o in\u00edcio da cobran\u00e7a da taxa ambiental. Segundo a administra\u00e7\u00e3o, a taxa come\u00e7a a ser cobrada no dia 10 de novembro. O an\u00fancio foi confirmado ap\u00f3s tr\u00eas adiamentos ao longo deste ano. A prefeitura explica que a proposta de &hellip;<\/p>\n","protected":false},"author":6,"featured_media":93477,"comment_status":"open","ping_status":"closed","sticky":false,"template":"","format":"standard","meta":{"footnotes":""},"categories":[1487,45592,189],"tags":[57810,12263,52019,1333],"class_list":["post-93476","post","type-post","status-publish","format-standard","has-post-thumbnail","hentry","category-meio-ambiente","category-praia","category-ubatuba","tag-cobranca","tag-meio-ambiente","tag-taxa-ambiental","tag-ubatuba"],"yoast_head":"<!-- This site is optimized with the Yoast SEO plugin v27.5 - https:\/\/yoast.com\/product\/yoast-seo-wordpress\/ -->\n<title>Cobran\u00e7a da taxa ambiental de Ubatuba vai come\u00e7ar em novembro - Litoral SP<\/title>\n<meta name=\"description\" content=\"Agora \u00e9 oficial. Depois de tr\u00eas adiamentos, a Prefeitura de Ubatuba definiu a nova data para o in\u00edcio da cobran\u00e7a da taxa ambiental. Segundo\" \/>\n<meta name=\"robots\" content=\"index, follow, max-snippet:-1, max-image-preview:large, max-video-preview:-1\" \/>\n<link rel=\"canonical\" href=\"https:\/\/redenoticiaz.com.br\/litoralsp\/2022\/10\/18\/cobranca-da-taxa-ambiental-de-ubatuba-vai-comecar-em-novembro\" \/>\n<meta property=\"og:locale\" content=\"pt_BR\" \/>\n<meta property=\"og:type\" content=\"article\" \/>\n<meta property=\"og:title\" content=\"Cobran\u00e7a da taxa ambiental de Ubatuba vai come\u00e7ar em novembro - Litoral SP\" \/>\n<meta property=\"og:description\" content=\"Agora \u00e9 oficial. Depois de tr\u00eas adiamentos, a Prefeitura de Ubatuba definiu a nova data para o in\u00edcio da cobran\u00e7a da taxa ambiental. Segundo\" \/>\n<meta property=\"og:url\" content=\"https:\/\/redenoticiaz.com.br\/litoralsp\/2022\/10\/18\/cobranca-da-taxa-ambiental-de-ubatuba-vai-comecar-em-novembro\" \/>\n<meta property=\"og:site_name\" content=\"Litoral SP\" \/>\n<meta property=\"article:published_time\" content=\"2022-10-18T13:09:01+00:00\" \/>\n<meta property=\"og:image\" content=\"https:\/\/redenoticiaz.com.br\/litoralsp\/wp-content\/uploads\/sites\/3\/2022\/10\/praia-grande-ubatuba.jpg\" \/>\n\t<meta property=\"og:image:width\" content=\"1080\" \/>\n\t<meta property=\"og:image:height\" content=\"607\" \/>\n\t<meta property=\"og:image:type\" content=\"image\/jpeg\" \/>\n<meta name=\"author\" content=\"Leonardo Francisco\" \/>\n<meta name=\"twitter:card\" content=\"summary_large_image\" \/>\n<meta name=\"twitter:label1\" content=\"Escrito por\" \/>\n\t<meta name=\"twitter:data1\" content=\"Leonardo Francisco\" \/>\n\t<meta name=\"twitter:label2\" content=\"Est. tempo de leitura\" \/>\n\t<meta name=\"twitter:data2\" content=\"3 minutos\" \/>\n<script type=\"application\/ld+json\" class=\"yoast-schema-graph\">{\"@context\":\"https:\\\/\\\/schema.org\",\"@graph\":[{\"@type\":\"Article\",\"@id\":\"https:\\\/\\\/redenoticiaz.com.br\\\/litoralsp\\\/2022\\\/10\\\/18\\\/cobranca-da-taxa-ambiental-de-ubatuba-vai-comecar-em-novembro#article\",\"isPartOf\":{\"@id\":\"https:\\\/\\\/redenoticiaz.com.br\\\/litoralsp\\\/2022\\\/10\\\/18\\\/cobranca-da-taxa-ambiental-de-ubatuba-vai-comecar-em-novembro\"},\"author\":{\"name\":\"Leonardo Francisco\",\"@id\":\"https:\\\/\\\/redenoticiaz.com.br\\\/litoralsp\\\/#\\\/schema\\\/person\\\/0f0b8a5bdafefe82841e07ae8d81ecb3\"},\"headline\":\"Cobran\u00e7a da taxa ambiental de Ubatuba vai come\u00e7ar em novembro\",\"datePublished\":\"2022-10-18T13:09:01+00:00\",\"mainEntityOfPage\":{\"@id\":\"https:\\\/\\\/redenoticiaz.com.br\\\/litoralsp\\\/2022\\\/10\\\/18\\\/cobranca-da-taxa-ambiental-de-ubatuba-vai-comecar-em-novembro\"},\"wordCount\":465,\"commentCount\":0,\"publisher\":{\"@id\":\"https:\\\/\\\/redenoticiaz.com.br\\\/litoralsp\\\/#organization\"},\"image\":{\"@id\":\"https:\\\/\\\/redenoticiaz.com.br\\\/litoralsp\\\/2022\\\/10\\\/18\\\/cobranca-da-taxa-ambiental-de-ubatuba-vai-comecar-em-novembro#primaryimage\"},\"thumbnailUrl\":\"https:\\\/\\\/redenoticiaz.com.br\\\/litoralsp\\\/wp-content\\\/uploads\\\/sites\\\/3\\\/2022\\\/10\\\/praia-grande-ubatuba.jpg\",\"keywords\":[\"COBRAN\u00c7A\",\"MEIO AMBIENTE\",\"TAXA AMBIENTAL\",\"UBATUBA\"],\"articleSection\":[\"Meio Ambiente\",\"Praia\",\"Ubatuba\"],\"inLanguage\":\"pt-BR\",\"potentialAction\":[{\"@type\":\"CommentAction\",\"name\":\"Comment\",\"target\":[\"https:\\\/\\\/redenoticiaz.com.br\\\/litoralsp\\\/2022\\\/10\\\/18\\\/cobranca-da-taxa-ambiental-de-ubatuba-vai-comecar-em-novembro#respond\"]}]},{\"@type\":\"WebPage\",\"@id\":\"https:\\\/\\\/redenoticiaz.com.br\\\/litoralsp\\\/2022\\\/10\\\/18\\\/cobranca-da-taxa-ambiental-de-ubatuba-vai-comecar-em-novembro\",\"url\":\"https:\\\/\\\/redenoticiaz.com.br\\\/litoralsp\\\/2022\\\/10\\\/18\\\/cobranca-da-taxa-ambiental-de-ubatuba-vai-comecar-em-novembro\",\"name\":\"Cobran\u00e7a da taxa ambiental de Ubatuba vai come\u00e7ar em novembro - Litoral SP\",\"isPartOf\":{\"@id\":\"https:\\\/\\\/redenoticiaz.com.br\\\/litoralsp\\\/#website\"},\"primaryImageOfPage\":{\"@id\":\"https:\\\/\\\/redenoticiaz.com.br\\\/litoralsp\\\/2022\\\/10\\\/18\\\/cobranca-da-taxa-ambiental-de-ubatuba-vai-comecar-em-novembro#primaryimage\"},\"image\":{\"@id\":\"https:\\\/\\\/redenoticiaz.com.br\\\/litoralsp\\\/2022\\\/10\\\/18\\\/cobranca-da-taxa-ambiental-de-ubatuba-vai-comecar-em-novembro#primaryimage\"},\"thumbnailUrl\":\"https:\\\/\\\/redenoticiaz.com.br\\\/litoralsp\\\/wp-content\\\/uploads\\\/sites\\\/3\\\/2022\\\/10\\\/praia-grande-ubatuba.jpg\",\"datePublished\":\"2022-10-18T13:09:01+00:00\",\"description\":\"Agora \u00e9 oficial. Depois de tr\u00eas adiamentos, a Prefeitura de Ubatuba definiu a nova data para o in\u00edcio da cobran\u00e7a da taxa ambiental. Segundo\",\"inLanguage\":\"pt-BR\",\"potentialAction\":[{\"@type\":\"ReadAction\",\"target\":[\"https:\\\/\\\/redenoticiaz.com.br\\\/litoralsp\\\/2022\\\/10\\\/18\\\/cobranca-da-taxa-ambiental-de-ubatuba-vai-comecar-em-novembro\"]}]},{\"@type\":\"ImageObject\",\"inLanguage\":\"pt-BR\",\"@id\":\"https:\\\/\\\/redenoticiaz.com.br\\\/litoralsp\\\/2022\\\/10\\\/18\\\/cobranca-da-taxa-ambiental-de-ubatuba-vai-comecar-em-novembro#primaryimage\",\"url\":\"https:\\\/\\\/redenoticiaz.com.br\\\/litoralsp\\\/wp-content\\\/uploads\\\/sites\\\/3\\\/2022\\\/10\\\/praia-grande-ubatuba.jpg\",\"contentUrl\":\"https:\\\/\\\/redenoticiaz.com.br\\\/litoralsp\\\/wp-content\\\/uploads\\\/sites\\\/3\\\/2022\\\/10\\\/praia-grande-ubatuba.jpg\",\"width\":1080,\"height\":607,\"caption\":\"Cr\u00e9ditos: Divulga\u00e7\u00e3o\"},{\"@type\":\"WebSite\",\"@id\":\"https:\\\/\\\/redenoticiaz.com.br\\\/litoralsp\\\/#website\",\"url\":\"https:\\\/\\\/redenoticiaz.com.br\\\/litoralsp\\\/\",\"name\":\"Litoral SP\",\"description\":\"Rede NoticiaZ\",\"publisher\":{\"@id\":\"https:\\\/\\\/redenoticiaz.com.br\\\/litoralsp\\\/#organization\"},\"potentialAction\":[{\"@type\":\"SearchAction\",\"target\":{\"@type\":\"EntryPoint\",\"urlTemplate\":\"https:\\\/\\\/redenoticiaz.com.br\\\/litoralsp\\\/?s={search_term_string}\"},\"query-input\":{\"@type\":\"PropertyValueSpecification\",\"valueRequired\":true,\"valueName\":\"search_term_string\"}}],\"inLanguage\":\"pt-BR\"},{\"@type\":\"Organization\",\"@id\":\"https:\\\/\\\/redenoticiaz.com.br\\\/litoralsp\\\/#organization\",\"name\":\"Litoral SP\",\"url\":\"https:\\\/\\\/redenoticiaz.com.br\\\/litoralsp\\\/\",\"logo\":{\"@type\":\"ImageObject\",\"inLanguage\":\"pt-BR\",\"@id\":\"https:\\\/\\\/redenoticiaz.com.br\\\/litoralsp\\\/#\\\/schema\\\/logo\\\/image\\\/\",\"url\":\"https:\\\/\\\/redenoticiaz.com.br\\\/litoralsp\\\/wp-content\\\/uploads\\\/sites\\\/3\\\/2020\\\/11\\\/logo.jpg\",\"contentUrl\":\"https:\\\/\\\/redenoticiaz.com.br\\\/litoralsp\\\/wp-content\\\/uploads\\\/sites\\\/3\\\/2020\\\/11\\\/logo.jpg\",\"width\":400,\"height\":250,\"caption\":\"Litoral SP\"},\"image\":{\"@id\":\"https:\\\/\\\/redenoticiaz.com.br\\\/litoralsp\\\/#\\\/schema\\\/logo\\\/image\\\/\"}},{\"@type\":\"Person\",\"@id\":\"https:\\\/\\\/redenoticiaz.com.br\\\/litoralsp\\\/#\\\/schema\\\/person\\\/0f0b8a5bdafefe82841e07ae8d81ecb3\",\"name\":\"Leonardo Francisco\",\"image\":{\"@type\":\"ImageObject\",\"inLanguage\":\"pt-BR\",\"@id\":\"https:\\\/\\\/secure.gravatar.com\\\/avatar\\\/a7358cb406a99b682ec6df1e77e31ae82e63601f6784e8a3df411d72b37864da?s=96&d=mm&r=g\",\"url\":\"https:\\\/\\\/secure.gravatar.com\\\/avatar\\\/a7358cb406a99b682ec6df1e77e31ae82e63601f6784e8a3df411d72b37864da?s=96&d=mm&r=g\",\"contentUrl\":\"https:\\\/\\\/secure.gravatar.com\\\/avatar\\\/a7358cb406a99b682ec6df1e77e31ae82e63601f6784e8a3df411d72b37864da?s=96&d=mm&r=g\",\"caption\":\"Leonardo Francisco\"},\"url\":\"https:\\\/\\\/redenoticiaz.com.br\\\/litoralsp\\\/author\\\/leonardo-francisco\"}]}<\/script>\n<!-- \/ Yoast SEO plugin. -->","yoast_head_json":{"title":"Cobran\u00e7a da taxa ambiental de Ubatuba vai come\u00e7ar em novembro - Litoral SP","description":"Agora \u00e9 oficial. Depois de tr\u00eas adiamentos, a Prefeitura de Ubatuba definiu a nova data para o in\u00edcio da cobran\u00e7a da taxa ambiental. Segundo","robots":{"index":"index","follow":"follow","max-snippet":"max-snippet:-1","max-image-preview":"max-image-preview:large","max-video-preview":"max-video-preview:-1"},"canonical":"https:\/\/redenoticiaz.com.br\/litoralsp\/2022\/10\/18\/cobranca-da-taxa-ambiental-de-ubatuba-vai-comecar-em-novembro","og_locale":"pt_BR","og_type":"article","og_title":"Cobran\u00e7a da taxa ambiental de Ubatuba vai come\u00e7ar em novembro - Litoral SP","og_description":"Agora \u00e9 oficial. Depois de tr\u00eas adiamentos, a Prefeitura de Ubatuba definiu a nova data para o in\u00edcio da cobran\u00e7a da taxa ambiental. Segundo","og_url":"https:\/\/redenoticiaz.com.br\/litoralsp\/2022\/10\/18\/cobranca-da-taxa-ambiental-de-ubatuba-vai-comecar-em-novembro","og_site_name":"Litoral SP","article_published_time":"2022-10-18T13:09:01+00:00","og_image":[{"width":1080,"height":607,"url":"https:\/\/redenoticiaz.com.br\/litoralsp\/wp-content\/uploads\/sites\/3\/2022\/10\/praia-grande-ubatuba.jpg","type":"image\/jpeg"}],"author":"Leonardo Francisco","twitter_card":"summary_large_image","twitter_misc":{"Escrito por":"Leonardo Francisco","Est. tempo de leitura":"3 minutos"},"schema":{"@context":"https:\/\/schema.org","@graph":[{"@type":"Article","@id":"https:\/\/redenoticiaz.com.br\/litoralsp\/2022\/10\/18\/cobranca-da-taxa-ambiental-de-ubatuba-vai-comecar-em-novembro#article","isPartOf":{"@id":"https:\/\/redenoticiaz.com.br\/litoralsp\/2022\/10\/18\/cobranca-da-taxa-ambiental-de-ubatuba-vai-comecar-em-novembro"},"author":{"name":"Leonardo Francisco","@id":"https:\/\/redenoticiaz.com.br\/litoralsp\/#\/schema\/person\/0f0b8a5bdafefe82841e07ae8d81ecb3"},"headline":"Cobran\u00e7a da taxa ambiental de Ubatuba vai come\u00e7ar em novembro","datePublished":"2022-10-18T13:09:01+00:00","mainEntityOfPage":{"@id":"https:\/\/redenoticiaz.com.br\/litoralsp\/2022\/10\/18\/cobranca-da-taxa-ambiental-de-ubatuba-vai-comecar-em-novembro"},"wordCount":465,"commentCount":0,"publisher":{"@id":"https:\/\/redenoticiaz.com.br\/litoralsp\/#organization"},"image":{"@id":"https:\/\/redenoticiaz.com.br\/litoralsp\/2022\/10\/18\/cobranca-da-taxa-ambiental-de-ubatuba-vai-comecar-em-novembro#primaryimage"},"thumbnailUrl":"https:\/\/redenoticiaz.com.br\/litoralsp\/wp-content\/uploads\/sites\/3\/2022\/10\/praia-grande-ubatuba.jpg","keywords":["COBRAN\u00c7A","MEIO AMBIENTE","TAXA AMBIENTAL","UBATUBA"],"articleSection":["Meio Ambiente","Praia","Ubatuba"],"inLanguage":"pt-BR","potentialAction":[{"@type":"CommentAction","name":"Comment","target":["https:\/\/redenoticiaz.com.br\/litoralsp\/2022\/10\/18\/cobranca-da-taxa-ambiental-de-ubatuba-vai-comecar-em-novembro#respond"]}]},{"@type":"WebPage","@id":"https:\/\/redenoticiaz.com.br\/litoralsp\/2022\/10\/18\/cobranca-da-taxa-ambiental-de-ubatuba-vai-comecar-em-novembro","url":"https:\/\/redenoticiaz.com.br\/litoralsp\/2022\/10\/18\/cobranca-da-taxa-ambiental-de-ubatuba-vai-comecar-em-novembro","name":"Cobran\u00e7a da taxa ambiental de Ubatuba vai come\u00e7ar em novembro - Litoral SP","isPartOf":{"@id":"https:\/\/redenoticiaz.com.br\/litoralsp\/#website"},"primaryImageOfPage":{"@id":"https:\/\/redenoticiaz.com.br\/litoralsp\/2022\/10\/18\/cobranca-da-taxa-ambiental-de-ubatuba-vai-comecar-em-novembro#primaryimage"},"image":{"@id":"https:\/\/redenoticiaz.com.br\/litoralsp\/2022\/10\/18\/cobranca-da-taxa-ambiental-de-ubatuba-vai-comecar-em-novembro#primaryimage"},"thumbnailUrl":"https:\/\/redenoticiaz.com.br\/litoralsp\/wp-content\/uploads\/sites\/3\/2022\/10\/praia-grande-ubatuba.jpg","datePublished":"2022-10-18T13:09:01+00:00","description":"Agora \u00e9 oficial. Depois de tr\u00eas adiamentos, a Prefeitura de Ubatuba definiu a nova data para o in\u00edcio da cobran\u00e7a da taxa ambiental. Segundo","inLanguage":"pt-BR","potentialAction":[{"@type":"ReadAction","target":["https:\/\/redenoticiaz.com.br\/litoralsp\/2022\/10\/18\/cobranca-da-taxa-ambiental-de-ubatuba-vai-comecar-em-novembro"]}]},{"@type":"ImageObject","inLanguage":"pt-BR","@id":"https:\/\/redenoticiaz.com.br\/litoralsp\/2022\/10\/18\/cobranca-da-taxa-ambiental-de-ubatuba-vai-comecar-em-novembro#primaryimage","url":"https:\/\/redenoticiaz.com.br\/litoralsp\/wp-content\/uploads\/sites\/3\/2022\/10\/praia-grande-ubatuba.jpg","contentUrl":"https:\/\/redenoticiaz.com.br\/litoralsp\/wp-content\/uploads\/sites\/3\/2022\/10\/praia-grande-ubatuba.jpg","width":1080,"height":607,"caption":"Cr\u00e9ditos: Divulga\u00e7\u00e3o"},{"@type":"WebSite","@id":"https:\/\/redenoticiaz.com.br\/litoralsp\/#website","url":"https:\/\/redenoticiaz.com.br\/litoralsp\/","name":"Litoral SP","description":"Rede NoticiaZ","publisher":{"@id":"https:\/\/redenoticiaz.com.br\/litoralsp\/#organization"},"potentialAction":[{"@type":"SearchAction","target":{"@type":"EntryPoint","urlTemplate":"https:\/\/redenoticiaz.com.br\/litoralsp\/?s={search_term_string}"},"query-input":{"@type":"PropertyValueSpecification","valueRequired":true,"valueName":"search_term_string"}}],"inLanguage":"pt-BR"},{"@type":"Organization","@id":"https:\/\/redenoticiaz.com.br\/litoralsp\/#organization","name":"Litoral SP","url":"https:\/\/redenoticiaz.com.br\/litoralsp\/","logo":{"@type":"ImageObject","inLanguage":"pt-BR","@id":"https:\/\/redenoticiaz.com.br\/litoralsp\/#\/schema\/logo\/image\/","url":"https:\/\/redenoticiaz.com.br\/litoralsp\/wp-content\/uploads\/sites\/3\/2020\/11\/logo.jpg","contentUrl":"https:\/\/redenoticiaz.com.br\/litoralsp\/wp-content\/uploads\/sites\/3\/2020\/11\/logo.jpg","width":400,"height":250,"caption":"Litoral SP"},"image":{"@id":"https:\/\/redenoticiaz.com.br\/litoralsp\/#\/schema\/logo\/image\/"}},{"@type":"Person","@id":"https:\/\/redenoticiaz.com.br\/litoralsp\/#\/schema\/person\/0f0b8a5bdafefe82841e07ae8d81ecb3","name":"Leonardo Francisco","image":{"@type":"ImageObject","inLanguage":"pt-BR","@id":"https:\/\/secure.gravatar.com\/avatar\/a7358cb406a99b682ec6df1e77e31ae82e63601f6784e8a3df411d72b37864da?s=96&d=mm&r=g","url":"https:\/\/secure.gravatar.com\/avatar\/a7358cb406a99b682ec6df1e77e31ae82e63601f6784e8a3df411d72b37864da?s=96&d=mm&r=g","contentUrl":"https:\/\/secure.gravatar.com\/avatar\/a7358cb406a99b682ec6df1e77e31ae82e63601f6784e8a3df411d72b37864da?s=96&d=mm&r=g","caption":"Leonardo Francisco"},"url":"https:\/\/redenoticiaz.com.br\/litoralsp\/author\/leonardo-francisco"}]}},"_links":{"self":[{"href":"https:\/\/redenoticiaz.com.br\/litoralsp\/wp-json\/wp\/v2\/posts\/93476","targetHints":{"allow":["GET"]}}],"collection":[{"href":"https:\/\/redenoticiaz.com.br\/litoralsp\/wp-json\/wp\/v2\/posts"}],"about":[{"href":"https:\/\/redenoticiaz.com.br\/litoralsp\/wp-json\/wp\/v2\/types\/post"}],"author":[{"embeddable":true,"href":"https:\/\/redenoticiaz.com.br\/litoralsp\/wp-json\/wp\/v2\/users\/6"}],"replies":[{"embeddable":true,"href":"https:\/\/redenoticiaz.com.br\/litoralsp\/wp-json\/wp\/v2\/comments?post=93476"}],"version-history":[{"count":2,"href":"https:\/\/redenoticiaz.com.br\/litoralsp\/wp-json\/wp\/v2\/posts\/93476\/revisions"}],"predecessor-version":[{"id":93479,"href":"https:\/\/redenoticiaz.com.br\/litoralsp\/wp-json\/wp\/v2\/posts\/93476\/revisions\/93479"}],"wp:featuredmedia":[{"embeddable":true,"href":"https:\/\/redenoticiaz.com.br\/litoralsp\/wp-json\/wp\/v2\/media\/93477"}],"wp:attachment":[{"href":"https:\/\/redenoticiaz.com.br\/litoralsp\/wp-json\/wp\/v2\/media?parent=93476"}],"wp:term":[{"taxonomy":"category","embeddable":true,"href":"https:\/\/redenoticiaz.com.br\/litoralsp\/wp-json\/wp\/v2\/categories?post=93476"},{"taxonomy":"post_tag","embeddable":true,"href":"https:\/\/redenoticiaz.com.br\/litoralsp\/wp-json\/wp\/v2\/tags?post=93476"}],"curies":[{"name":"wp","href":"https:\/\/api.w.org\/{rel}","templated":true}]}}