{"id":93716,"date":"2022-10-22T13:04:39","date_gmt":"2022-10-22T16:04:39","guid":{"rendered":"https:\/\/redenoticiaz.com.br\/litoralsp\/?p=93716"},"modified":"2022-10-22T13:04:39","modified_gmt":"2022-10-22T16:04:39","slug":"giorgia-meloni-toma-posse-como-primeira-ministra-da-italia-e-faz-historia","status":"publish","type":"post","link":"https:\/\/redenoticiaz.com.br\/litoralsp\/2022\/10\/22\/giorgia-meloni-toma-posse-como-primeira-ministra-da-italia-e-faz-historia","title":{"rendered":"Giorgia Meloni toma posse como primeira-ministra da It\u00e1lia e faz hist\u00f3ria"},"content":{"rendered":"<p>Pela primeira vez a It\u00e1lia ser\u00e1 governada por uma mulher. Giorgia Meloni tomou posse neste s\u00e1bado (22) como <strong>primeira-ministra<\/strong> e assim acaba dando ao pa\u00eds o governo mais direitista desde a Segunda Guerra Mundial.<\/p>\n<div class=\"mc-column content-text active-extra-styles \" data-block-type=\"unstyled\" data-block-weight=\"40\" data-block-id=\"4\">\n<p class=\"content-text__container \" data-track-category=\"Link no Texto\" data-track-links=\"\">O partido de Meloni, chamado Fratelli d&#8217;Italia (Irm\u00e3os da It\u00e1lia, em tradu\u00e7\u00e3o livre), venceu as elei\u00e7\u00f5es gerais de 25 de setembro como parte de uma coaliz\u00e3o que inclui os partidos dos ex-primeiros-ministros Silvio Berlusconi e Matteo Salvini, ambos de direita. Na cerim\u00f4nia, ela fez o juramento.<\/p>\n<\/div>\n<div class=\"mc-column content-text active-extra-styles\" data-block-type=\"raw\" data-block-weight=\"16\" data-block-id=\"5\">\n<p class=\"content-text__container\">\n<blockquote class=\"content-blockquote theme-border-color-primary-before\"><p>&#8220;Juro ser fiel \u00e0 rep\u00fablica&#8221;, disse Meloni antes de apertar as m\u00e3os do presidente Sergio Mattarella.<\/p><\/blockquote>\n<\/div>\n<div data-block-type=\"raw\" data-block-weight=\"16\" data-block-id=\"5\">\n<div class=\"mc-column content-text active-extra-styles \" data-block-type=\"unstyled\" data-block-weight=\"19\" data-block-id=\"8\">\n<p class=\"content-text__container \" data-track-category=\"Link no Texto\" data-track-links=\"\">A equipe de Meloni substituir\u00e1 um governo de unidade nacional liderado pelo ex-chefe do Banco Central Europeu Mario Draghi.<\/p>\n<\/div>\n<div class=\"mc-column content-text active-extra-styles \" data-block-type=\"unstyled\" data-block-weight=\"37\" data-block-id=\"9\">\n<p class=\"content-text__container \" data-track-category=\"Link no Texto\" data-track-links=\"\">Tamb\u00e9m ser\u00e1 o 68\u00ba governo da It\u00e1lia desde 1946 e enfrenta desafios assustadores, incluindo uma recess\u00e3o iminente e o aumento das contas de energia, al\u00e9m de apresentar uma frente unida em sua resposta \u00e0 guerra na Ucr\u00e2nia. Embora Meloni tenha prometido apoio \u00e0 Ucr\u00e2nia, Berlusconi a enfraqueceu repetidamente revelando apoio ao seu &#8220;amigo&#8221;, o presidente russo Vladimir Putin.<\/p>\n<\/div>\n<div class=\"mc-column content-text active-extra-styles \" data-block-type=\"unstyled\" data-block-weight=\"31\" data-block-id=\"11\">\n<p class=\"content-text__container \" data-track-category=\"Link no Texto\" data-track-links=\"\">Embora o processo de montagem de uma nova administra\u00e7\u00e3o tenha sido r\u00e1pido para os padr\u00f5es italianos, exp\u00f4s tens\u00f5es na coaliz\u00e3o, com Berlusconi repetidamente aparecendo para tentar minar a autoridade de Meloni.<\/p>\n<h3 data-track-category=\"Link no Texto\">Temor com o novo governo<\/h3>\n<p class=\"content-text__container \" data-track-category=\"Link no Texto\" data-track-links=\"\">A nova gest\u00e3o, embora eleita de forma democr\u00e1tica, gera temor por parte da popula\u00e7\u00e3o. Silvio Berlusconi, em uma nota p\u00fablica na semana passada, escreveu que a achava &#8220;<span class=\"highlight highlighted\">arrogante&#8230; dominadora&#8230; arrogante&#8230; ofensiva&#8221;<\/span>.<\/p>\n<div class=\"mc-column content-text active-extra-styles \" data-block-type=\"unstyled\" data-block-weight=\"48\" data-block-id=\"18\">\n<p class=\"content-text__container \" data-track-category=\"Link no Texto\" data-track-links=\"\">O homem de 86 anos desencadeou uma nova tempestade pol\u00edtica esta semana quando disse aos deputados do seu partido Forza Italia (For\u00e7a It\u00e1lia), parte da coaliz\u00e3o de Meloni, que culpava a Ucr\u00e2nia pela guerra e disse ter trocado presentes e &#8220;cartas doces&#8221; com o presidente russo Vladimir Putin.<\/p>\n<\/div>\n<div class=\"mc-column content-text active-extra-styles \" data-block-type=\"unstyled\" data-block-weight=\"14\" data-block-id=\"19\">\n<p class=\"content-text__container \" data-track-category=\"Link no Texto\" data-track-links=\"\">Meloni posteriormente emitiu uma declara\u00e7\u00e3o dizendo que seu governo seria firmemente pr\u00f3-OTAN e pr\u00f3-europeu:<\/p>\n<\/div>\n<div class=\"mc-column content-text active-extra-styles\" data-block-type=\"raw\" data-block-weight=\"15\" data-block-id=\"20\">\n<p class=\"content-text__container\">\n<blockquote class=\"content-blockquote theme-border-color-primary-before\"><p>&#8220;Quem n\u00e3o concorda com essa pedra angular n\u00e3o pode fazer parte do governo&#8221;, disse ela.<\/p><\/blockquote>\n<p>&nbsp;<\/p>\n<\/div>\n<div class=\"mc-column content-text active-extra-styles \" data-block-type=\"unstyled\" data-block-weight=\"43\" data-block-id=\"21\">\n<p class=\"content-text__container \" data-track-category=\"Link no Texto\" data-track-links=\"\">O bra\u00e7o direito de Berlusconi em Forza Italia, Antonio Tajani, dever\u00e1 ser o pr\u00f3ximo ministro das Rela\u00e7\u00f5es Exteriores. Ele voou para Bruxelas na quinta-feira para conversa\u00e7\u00f5es com aliados da UE e assegurou-lhes que seu partido condenou a invas\u00e3o &#8220;inaceit\u00e1vel&#8221; da Ucr\u00e2nia pela R\u00fassia.<\/p>\n<\/div>\n<div class=\"mc-column content-text active-extra-styles \" data-block-type=\"unstyled\" data-block-weight=\"29\" data-block-id=\"22\">\n<p class=\"content-text__container \" data-track-category=\"Link no Texto\" data-track-links=\"\">Espera-se que o posto crucial do Minist\u00e9rio da Economia v\u00e1 para Giancarlo Giorgetti, vice-chefe do Lega (Liga), partido de Matteo Salvini, e ministro da ind\u00fastria no governo de Draghi.<\/p>\n<\/div>\n<div class=\"mc-column content-text active-extra-styles \" data-block-type=\"unstyled\" data-block-weight=\"32\" data-block-id=\"23\">\n<p class=\"content-text__container \" data-track-category=\"Link no Texto\" data-track-links=\"\">Meloni far\u00e1 seu primeiro discurso no parlamento na pr\u00f3xima semana e precisa ganhar votos de confian\u00e7a em ambas as c\u00e2maras antes que as formalidades estejam completas e ela possa come\u00e7ar a governar.<\/p>\n<p data-track-category=\"Link no Texto\" data-track-links=\"\"><strong>LEIA TAMB\u00c9M<\/strong><\/p>\n<p data-track-category=\"Link no Texto\" data-track-links=\"\"><a href=\"https:\/\/redenoticiaz.com.br\/litoralsp\/2022\/10\/21\/mega-sena-acumula-e-premio-vai-a-r-100-milhoes\">Mega-Sena acumula e pr\u00eamio vai a R$ 100 milh\u00f5es<\/a><\/p>\n<\/div>\n<\/div>\n<\/div>\n","protected":false},"excerpt":{"rendered":"<p>Pela primeira vez a It\u00e1lia ser\u00e1 governada por uma mulher. Giorgia Meloni tomou posse neste s\u00e1bado (22) como primeira-ministra e assim acaba dando ao pa\u00eds o governo mais direitista desde a Segunda Guerra Mundial. O partido de Meloni, chamado Fratelli d&#8217;Italia (Irm\u00e3os da It\u00e1lia, em tradu\u00e7\u00e3o livre), venceu as elei\u00e7\u00f5es gerais de 25 de setembro &hellip;<\/p>\n","protected":false},"author":6,"featured_media":93717,"comment_status":"open","ping_status":"closed","sticky":false,"template":"","format":"standard","meta":{"footnotes":""},"categories":[84,10],"tags":[60314,60313,19413,60262],"class_list":["post-93716","post","type-post","status-publish","format-standard","has-post-thumbnail","hentry","category-mundo","category-policia","tag-extrema-direita","tag-giorgia-meloni","tag-italia","tag-primeira-ministra"],"yoast_head":"<!-- This site is optimized with the Yoast SEO plugin v27.5 - https:\/\/yoast.com\/product\/yoast-seo-wordpress\/ -->\n<title>Giorgia Meloni toma posse como primeira-ministra da It\u00e1lia e faz hist\u00f3ria - Litoral SP<\/title>\n<meta name=\"description\" content=\"It\u00e1lia ser\u00e1 governada por uma mulher. Giorgia Meloni tomou posse neste s\u00e1bado (22) como primeira-ministra e assim acaba dando ao pa\u00eds o governo\" \/>\n<meta name=\"robots\" content=\"index, follow, max-snippet:-1, max-image-preview:large, max-video-preview:-1\" \/>\n<link rel=\"canonical\" href=\"https:\/\/redenoticiaz.com.br\/litoralsp\/2022\/10\/22\/giorgia-meloni-toma-posse-como-primeira-ministra-da-italia-e-faz-historia\" \/>\n<meta property=\"og:locale\" content=\"pt_BR\" \/>\n<meta property=\"og:type\" content=\"article\" \/>\n<meta property=\"og:title\" content=\"Giorgia Meloni toma posse como primeira-ministra da It\u00e1lia e faz hist\u00f3ria - Litoral SP\" \/>\n<meta property=\"og:description\" content=\"It\u00e1lia ser\u00e1 governada por uma mulher. Giorgia Meloni tomou posse neste s\u00e1bado (22) como primeira-ministra e assim acaba dando ao pa\u00eds o governo\" \/>\n<meta property=\"og:url\" content=\"https:\/\/redenoticiaz.com.br\/litoralsp\/2022\/10\/22\/giorgia-meloni-toma-posse-como-primeira-ministra-da-italia-e-faz-historia\" \/>\n<meta property=\"og:site_name\" content=\"Litoral SP\" \/>\n<meta property=\"article:published_time\" content=\"2022-10-22T16:04:39+00:00\" \/>\n<meta property=\"og:image\" content=\"https:\/\/redenoticiaz.com.br\/litoralsp\/wp-content\/uploads\/sites\/3\/2022\/10\/giorgia.jpg\" \/>\n\t<meta property=\"og:image:width\" content=\"900\" \/>\n\t<meta property=\"og:image:height\" content=\"506\" \/>\n\t<meta property=\"og:image:type\" content=\"image\/jpeg\" \/>\n<meta name=\"author\" content=\"Leonardo Francisco\" \/>\n<meta name=\"twitter:card\" content=\"summary_large_image\" \/>\n<meta name=\"twitter:label1\" content=\"Escrito por\" \/>\n\t<meta name=\"twitter:data1\" content=\"Leonardo Francisco\" \/>\n\t<meta name=\"twitter:label2\" content=\"Est. tempo de leitura\" \/>\n\t<meta name=\"twitter:data2\" content=\"3 minutos\" \/>\n<script type=\"application\/ld+json\" class=\"yoast-schema-graph\">{\"@context\":\"https:\\\/\\\/schema.org\",\"@graph\":[{\"@type\":\"Article\",\"@id\":\"https:\\\/\\\/redenoticiaz.com.br\\\/litoralsp\\\/2022\\\/10\\\/22\\\/giorgia-meloni-toma-posse-como-primeira-ministra-da-italia-e-faz-historia#article\",\"isPartOf\":{\"@id\":\"https:\\\/\\\/redenoticiaz.com.br\\\/litoralsp\\\/2022\\\/10\\\/22\\\/giorgia-meloni-toma-posse-como-primeira-ministra-da-italia-e-faz-historia\"},\"author\":{\"name\":\"Leonardo Francisco\",\"@id\":\"https:\\\/\\\/redenoticiaz.com.br\\\/litoralsp\\\/#\\\/schema\\\/person\\\/0f0b8a5bdafefe82841e07ae8d81ecb3\"},\"headline\":\"Giorgia Meloni toma posse como primeira-ministra da It\u00e1lia e faz hist\u00f3ria\",\"datePublished\":\"2022-10-22T16:04:39+00:00\",\"mainEntityOfPage\":{\"@id\":\"https:\\\/\\\/redenoticiaz.com.br\\\/litoralsp\\\/2022\\\/10\\\/22\\\/giorgia-meloni-toma-posse-como-primeira-ministra-da-italia-e-faz-historia\"},\"wordCount\":492,\"commentCount\":0,\"publisher\":{\"@id\":\"https:\\\/\\\/redenoticiaz.com.br\\\/litoralsp\\\/#organization\"},\"image\":{\"@id\":\"https:\\\/\\\/redenoticiaz.com.br\\\/litoralsp\\\/2022\\\/10\\\/22\\\/giorgia-meloni-toma-posse-como-primeira-ministra-da-italia-e-faz-historia#primaryimage\"},\"thumbnailUrl\":\"https:\\\/\\\/redenoticiaz.com.br\\\/litoralsp\\\/wp-content\\\/uploads\\\/sites\\\/3\\\/2022\\\/10\\\/giorgia.jpg\",\"keywords\":[\"EXTREMA DIREITA\",\"GIORGIA MELONI\",\"It\u00e1lia\",\"PRIMEIRA-MINISTRA\"],\"articleSection\":[\"Mundo\",\"Pol\u00edcia\"],\"inLanguage\":\"pt-BR\",\"potentialAction\":[{\"@type\":\"CommentAction\",\"name\":\"Comment\",\"target\":[\"https:\\\/\\\/redenoticiaz.com.br\\\/litoralsp\\\/2022\\\/10\\\/22\\\/giorgia-meloni-toma-posse-como-primeira-ministra-da-italia-e-faz-historia#respond\"]}]},{\"@type\":\"WebPage\",\"@id\":\"https:\\\/\\\/redenoticiaz.com.br\\\/litoralsp\\\/2022\\\/10\\\/22\\\/giorgia-meloni-toma-posse-como-primeira-ministra-da-italia-e-faz-historia\",\"url\":\"https:\\\/\\\/redenoticiaz.com.br\\\/litoralsp\\\/2022\\\/10\\\/22\\\/giorgia-meloni-toma-posse-como-primeira-ministra-da-italia-e-faz-historia\",\"name\":\"Giorgia Meloni toma posse como primeira-ministra da It\u00e1lia e faz hist\u00f3ria - Litoral SP\",\"isPartOf\":{\"@id\":\"https:\\\/\\\/redenoticiaz.com.br\\\/litoralsp\\\/#website\"},\"primaryImageOfPage\":{\"@id\":\"https:\\\/\\\/redenoticiaz.com.br\\\/litoralsp\\\/2022\\\/10\\\/22\\\/giorgia-meloni-toma-posse-como-primeira-ministra-da-italia-e-faz-historia#primaryimage\"},\"image\":{\"@id\":\"https:\\\/\\\/redenoticiaz.com.br\\\/litoralsp\\\/2022\\\/10\\\/22\\\/giorgia-meloni-toma-posse-como-primeira-ministra-da-italia-e-faz-historia#primaryimage\"},\"thumbnailUrl\":\"https:\\\/\\\/redenoticiaz.com.br\\\/litoralsp\\\/wp-content\\\/uploads\\\/sites\\\/3\\\/2022\\\/10\\\/giorgia.jpg\",\"datePublished\":\"2022-10-22T16:04:39+00:00\",\"description\":\"It\u00e1lia ser\u00e1 governada por uma mulher. Giorgia Meloni tomou posse neste s\u00e1bado (22) como primeira-ministra e assim acaba dando ao pa\u00eds o governo\",\"inLanguage\":\"pt-BR\",\"potentialAction\":[{\"@type\":\"ReadAction\",\"target\":[\"https:\\\/\\\/redenoticiaz.com.br\\\/litoralsp\\\/2022\\\/10\\\/22\\\/giorgia-meloni-toma-posse-como-primeira-ministra-da-italia-e-faz-historia\"]}]},{\"@type\":\"ImageObject\",\"inLanguage\":\"pt-BR\",\"@id\":\"https:\\\/\\\/redenoticiaz.com.br\\\/litoralsp\\\/2022\\\/10\\\/22\\\/giorgia-meloni-toma-posse-como-primeira-ministra-da-italia-e-faz-historia#primaryimage\",\"url\":\"https:\\\/\\\/redenoticiaz.com.br\\\/litoralsp\\\/wp-content\\\/uploads\\\/sites\\\/3\\\/2022\\\/10\\\/giorgia.jpg\",\"contentUrl\":\"https:\\\/\\\/redenoticiaz.com.br\\\/litoralsp\\\/wp-content\\\/uploads\\\/sites\\\/3\\\/2022\\\/10\\\/giorgia.jpg\",\"width\":900,\"height\":506,\"caption\":\"Cr\u00e9ditos: Reprodu\u00e7\u00e3o\\\/Reuters\"},{\"@type\":\"WebSite\",\"@id\":\"https:\\\/\\\/redenoticiaz.com.br\\\/litoralsp\\\/#website\",\"url\":\"https:\\\/\\\/redenoticiaz.com.br\\\/litoralsp\\\/\",\"name\":\"Litoral SP\",\"description\":\"Rede NoticiaZ\",\"publisher\":{\"@id\":\"https:\\\/\\\/redenoticiaz.com.br\\\/litoralsp\\\/#organization\"},\"potentialAction\":[{\"@type\":\"SearchAction\",\"target\":{\"@type\":\"EntryPoint\",\"urlTemplate\":\"https:\\\/\\\/redenoticiaz.com.br\\\/litoralsp\\\/?s={search_term_string}\"},\"query-input\":{\"@type\":\"PropertyValueSpecification\",\"valueRequired\":true,\"valueName\":\"search_term_string\"}}],\"inLanguage\":\"pt-BR\"},{\"@type\":\"Organization\",\"@id\":\"https:\\\/\\\/redenoticiaz.com.br\\\/litoralsp\\\/#organization\",\"name\":\"Litoral SP\",\"url\":\"https:\\\/\\\/redenoticiaz.com.br\\\/litoralsp\\\/\",\"logo\":{\"@type\":\"ImageObject\",\"inLanguage\":\"pt-BR\",\"@id\":\"https:\\\/\\\/redenoticiaz.com.br\\\/litoralsp\\\/#\\\/schema\\\/logo\\\/image\\\/\",\"url\":\"https:\\\/\\\/redenoticiaz.com.br\\\/litoralsp\\\/wp-content\\\/uploads\\\/sites\\\/3\\\/2020\\\/11\\\/logo.jpg\",\"contentUrl\":\"https:\\\/\\\/redenoticiaz.com.br\\\/litoralsp\\\/wp-content\\\/uploads\\\/sites\\\/3\\\/2020\\\/11\\\/logo.jpg\",\"width\":400,\"height\":250,\"caption\":\"Litoral SP\"},\"image\":{\"@id\":\"https:\\\/\\\/redenoticiaz.com.br\\\/litoralsp\\\/#\\\/schema\\\/logo\\\/image\\\/\"}},{\"@type\":\"Person\",\"@id\":\"https:\\\/\\\/redenoticiaz.com.br\\\/litoralsp\\\/#\\\/schema\\\/person\\\/0f0b8a5bdafefe82841e07ae8d81ecb3\",\"name\":\"Leonardo Francisco\",\"image\":{\"@type\":\"ImageObject\",\"inLanguage\":\"pt-BR\",\"@id\":\"https:\\\/\\\/secure.gravatar.com\\\/avatar\\\/a7358cb406a99b682ec6df1e77e31ae82e63601f6784e8a3df411d72b37864da?s=96&d=mm&r=g\",\"url\":\"https:\\\/\\\/secure.gravatar.com\\\/avatar\\\/a7358cb406a99b682ec6df1e77e31ae82e63601f6784e8a3df411d72b37864da?s=96&d=mm&r=g\",\"contentUrl\":\"https:\\\/\\\/secure.gravatar.com\\\/avatar\\\/a7358cb406a99b682ec6df1e77e31ae82e63601f6784e8a3df411d72b37864da?s=96&d=mm&r=g\",\"caption\":\"Leonardo Francisco\"},\"url\":\"https:\\\/\\\/redenoticiaz.com.br\\\/litoralsp\\\/author\\\/leonardo-francisco\"}]}<\/script>\n<!-- \/ Yoast SEO plugin. -->","yoast_head_json":{"title":"Giorgia Meloni toma posse como primeira-ministra da It\u00e1lia e faz hist\u00f3ria - Litoral SP","description":"It\u00e1lia ser\u00e1 governada por uma mulher. Giorgia Meloni tomou posse neste s\u00e1bado (22) como primeira-ministra e assim acaba dando ao pa\u00eds o governo","robots":{"index":"index","follow":"follow","max-snippet":"max-snippet:-1","max-image-preview":"max-image-preview:large","max-video-preview":"max-video-preview:-1"},"canonical":"https:\/\/redenoticiaz.com.br\/litoralsp\/2022\/10\/22\/giorgia-meloni-toma-posse-como-primeira-ministra-da-italia-e-faz-historia","og_locale":"pt_BR","og_type":"article","og_title":"Giorgia Meloni toma posse como primeira-ministra da It\u00e1lia e faz hist\u00f3ria - Litoral SP","og_description":"It\u00e1lia ser\u00e1 governada por uma mulher. Giorgia Meloni tomou posse neste s\u00e1bado (22) como primeira-ministra e assim acaba dando ao pa\u00eds o governo","og_url":"https:\/\/redenoticiaz.com.br\/litoralsp\/2022\/10\/22\/giorgia-meloni-toma-posse-como-primeira-ministra-da-italia-e-faz-historia","og_site_name":"Litoral SP","article_published_time":"2022-10-22T16:04:39+00:00","og_image":[{"width":900,"height":506,"url":"https:\/\/redenoticiaz.com.br\/litoralsp\/wp-content\/uploads\/sites\/3\/2022\/10\/giorgia.jpg","type":"image\/jpeg"}],"author":"Leonardo Francisco","twitter_card":"summary_large_image","twitter_misc":{"Escrito por":"Leonardo Francisco","Est. tempo de leitura":"3 minutos"},"schema":{"@context":"https:\/\/schema.org","@graph":[{"@type":"Article","@id":"https:\/\/redenoticiaz.com.br\/litoralsp\/2022\/10\/22\/giorgia-meloni-toma-posse-como-primeira-ministra-da-italia-e-faz-historia#article","isPartOf":{"@id":"https:\/\/redenoticiaz.com.br\/litoralsp\/2022\/10\/22\/giorgia-meloni-toma-posse-como-primeira-ministra-da-italia-e-faz-historia"},"author":{"name":"Leonardo Francisco","@id":"https:\/\/redenoticiaz.com.br\/litoralsp\/#\/schema\/person\/0f0b8a5bdafefe82841e07ae8d81ecb3"},"headline":"Giorgia Meloni toma posse como primeira-ministra da It\u00e1lia e faz hist\u00f3ria","datePublished":"2022-10-22T16:04:39+00:00","mainEntityOfPage":{"@id":"https:\/\/redenoticiaz.com.br\/litoralsp\/2022\/10\/22\/giorgia-meloni-toma-posse-como-primeira-ministra-da-italia-e-faz-historia"},"wordCount":492,"commentCount":0,"publisher":{"@id":"https:\/\/redenoticiaz.com.br\/litoralsp\/#organization"},"image":{"@id":"https:\/\/redenoticiaz.com.br\/litoralsp\/2022\/10\/22\/giorgia-meloni-toma-posse-como-primeira-ministra-da-italia-e-faz-historia#primaryimage"},"thumbnailUrl":"https:\/\/redenoticiaz.com.br\/litoralsp\/wp-content\/uploads\/sites\/3\/2022\/10\/giorgia.jpg","keywords":["EXTREMA DIREITA","GIORGIA MELONI","It\u00e1lia","PRIMEIRA-MINISTRA"],"articleSection":["Mundo","Pol\u00edcia"],"inLanguage":"pt-BR","potentialAction":[{"@type":"CommentAction","name":"Comment","target":["https:\/\/redenoticiaz.com.br\/litoralsp\/2022\/10\/22\/giorgia-meloni-toma-posse-como-primeira-ministra-da-italia-e-faz-historia#respond"]}]},{"@type":"WebPage","@id":"https:\/\/redenoticiaz.com.br\/litoralsp\/2022\/10\/22\/giorgia-meloni-toma-posse-como-primeira-ministra-da-italia-e-faz-historia","url":"https:\/\/redenoticiaz.com.br\/litoralsp\/2022\/10\/22\/giorgia-meloni-toma-posse-como-primeira-ministra-da-italia-e-faz-historia","name":"Giorgia Meloni toma posse como primeira-ministra da It\u00e1lia e faz hist\u00f3ria - Litoral SP","isPartOf":{"@id":"https:\/\/redenoticiaz.com.br\/litoralsp\/#website"},"primaryImageOfPage":{"@id":"https:\/\/redenoticiaz.com.br\/litoralsp\/2022\/10\/22\/giorgia-meloni-toma-posse-como-primeira-ministra-da-italia-e-faz-historia#primaryimage"},"image":{"@id":"https:\/\/redenoticiaz.com.br\/litoralsp\/2022\/10\/22\/giorgia-meloni-toma-posse-como-primeira-ministra-da-italia-e-faz-historia#primaryimage"},"thumbnailUrl":"https:\/\/redenoticiaz.com.br\/litoralsp\/wp-content\/uploads\/sites\/3\/2022\/10\/giorgia.jpg","datePublished":"2022-10-22T16:04:39+00:00","description":"It\u00e1lia ser\u00e1 governada por uma mulher. Giorgia Meloni tomou posse neste s\u00e1bado (22) como primeira-ministra e assim acaba dando ao pa\u00eds o governo","inLanguage":"pt-BR","potentialAction":[{"@type":"ReadAction","target":["https:\/\/redenoticiaz.com.br\/litoralsp\/2022\/10\/22\/giorgia-meloni-toma-posse-como-primeira-ministra-da-italia-e-faz-historia"]}]},{"@type":"ImageObject","inLanguage":"pt-BR","@id":"https:\/\/redenoticiaz.com.br\/litoralsp\/2022\/10\/22\/giorgia-meloni-toma-posse-como-primeira-ministra-da-italia-e-faz-historia#primaryimage","url":"https:\/\/redenoticiaz.com.br\/litoralsp\/wp-content\/uploads\/sites\/3\/2022\/10\/giorgia.jpg","contentUrl":"https:\/\/redenoticiaz.com.br\/litoralsp\/wp-content\/uploads\/sites\/3\/2022\/10\/giorgia.jpg","width":900,"height":506,"caption":"Cr\u00e9ditos: Reprodu\u00e7\u00e3o\/Reuters"},{"@type":"WebSite","@id":"https:\/\/redenoticiaz.com.br\/litoralsp\/#website","url":"https:\/\/redenoticiaz.com.br\/litoralsp\/","name":"Litoral SP","description":"Rede NoticiaZ","publisher":{"@id":"https:\/\/redenoticiaz.com.br\/litoralsp\/#organization"},"potentialAction":[{"@type":"SearchAction","target":{"@type":"EntryPoint","urlTemplate":"https:\/\/redenoticiaz.com.br\/litoralsp\/?s={search_term_string}"},"query-input":{"@type":"PropertyValueSpecification","valueRequired":true,"valueName":"search_term_string"}}],"inLanguage":"pt-BR"},{"@type":"Organization","@id":"https:\/\/redenoticiaz.com.br\/litoralsp\/#organization","name":"Litoral SP","url":"https:\/\/redenoticiaz.com.br\/litoralsp\/","logo":{"@type":"ImageObject","inLanguage":"pt-BR","@id":"https:\/\/redenoticiaz.com.br\/litoralsp\/#\/schema\/logo\/image\/","url":"https:\/\/redenoticiaz.com.br\/litoralsp\/wp-content\/uploads\/sites\/3\/2020\/11\/logo.jpg","contentUrl":"https:\/\/redenoticiaz.com.br\/litoralsp\/wp-content\/uploads\/sites\/3\/2020\/11\/logo.jpg","width":400,"height":250,"caption":"Litoral SP"},"image":{"@id":"https:\/\/redenoticiaz.com.br\/litoralsp\/#\/schema\/logo\/image\/"}},{"@type":"Person","@id":"https:\/\/redenoticiaz.com.br\/litoralsp\/#\/schema\/person\/0f0b8a5bdafefe82841e07ae8d81ecb3","name":"Leonardo Francisco","image":{"@type":"ImageObject","inLanguage":"pt-BR","@id":"https:\/\/secure.gravatar.com\/avatar\/a7358cb406a99b682ec6df1e77e31ae82e63601f6784e8a3df411d72b37864da?s=96&d=mm&r=g","url":"https:\/\/secure.gravatar.com\/avatar\/a7358cb406a99b682ec6df1e77e31ae82e63601f6784e8a3df411d72b37864da?s=96&d=mm&r=g","contentUrl":"https:\/\/secure.gravatar.com\/avatar\/a7358cb406a99b682ec6df1e77e31ae82e63601f6784e8a3df411d72b37864da?s=96&d=mm&r=g","caption":"Leonardo Francisco"},"url":"https:\/\/redenoticiaz.com.br\/litoralsp\/author\/leonardo-francisco"}]}},"_links":{"self":[{"href":"https:\/\/redenoticiaz.com.br\/litoralsp\/wp-json\/wp\/v2\/posts\/93716","targetHints":{"allow":["GET"]}}],"collection":[{"href":"https:\/\/redenoticiaz.com.br\/litoralsp\/wp-json\/wp\/v2\/posts"}],"about":[{"href":"https:\/\/redenoticiaz.com.br\/litoralsp\/wp-json\/wp\/v2\/types\/post"}],"author":[{"embeddable":true,"href":"https:\/\/redenoticiaz.com.br\/litoralsp\/wp-json\/wp\/v2\/users\/6"}],"replies":[{"embeddable":true,"href":"https:\/\/redenoticiaz.com.br\/litoralsp\/wp-json\/wp\/v2\/comments?post=93716"}],"version-history":[{"count":1,"href":"https:\/\/redenoticiaz.com.br\/litoralsp\/wp-json\/wp\/v2\/posts\/93716\/revisions"}],"predecessor-version":[{"id":93718,"href":"https:\/\/redenoticiaz.com.br\/litoralsp\/wp-json\/wp\/v2\/posts\/93716\/revisions\/93718"}],"wp:featuredmedia":[{"embeddable":true,"href":"https:\/\/redenoticiaz.com.br\/litoralsp\/wp-json\/wp\/v2\/media\/93717"}],"wp:attachment":[{"href":"https:\/\/redenoticiaz.com.br\/litoralsp\/wp-json\/wp\/v2\/media?parent=93716"}],"wp:term":[{"taxonomy":"category","embeddable":true,"href":"https:\/\/redenoticiaz.com.br\/litoralsp\/wp-json\/wp\/v2\/categories?post=93716"},{"taxonomy":"post_tag","embeddable":true,"href":"https:\/\/redenoticiaz.com.br\/litoralsp\/wp-json\/wp\/v2\/tags?post=93716"}],"curies":[{"name":"wp","href":"https:\/\/api.w.org\/{rel}","templated":true}]}}