{"id":93917,"date":"2022-10-29T13:00:32","date_gmt":"2022-10-29T16:00:32","guid":{"rendered":"https:\/\/redenoticiaz.com.br\/litoralsp\/?p=93917"},"modified":"2022-10-25T21:42:07","modified_gmt":"2022-10-26T00:42:07","slug":"pesquisa-revela-que-norte-americanos-sao-favoraveis-ao-aumento-do-numero-de-imigrantes","status":"publish","type":"post","link":"https:\/\/redenoticiaz.com.br\/litoralsp\/2022\/10\/29\/pesquisa-revela-que-norte-americanos-sao-favoraveis-ao-aumento-do-numero-de-imigrantes","title":{"rendered":"Pesquisa revela que norte-americanos s\u00e3o favor\u00e1veis ao aumento do n\u00famero de imigrantes"},"content":{"rendered":"<p>Um dos sonhos de v\u00e1rios brasileiros e tamb\u00e9m dos demais pa\u00edses da Am\u00e9rica Latina \u00e9 trabalhar e fazer a vida nos Estados Unidos, A boa not\u00edcia da vez \u00e9 que, de acordo com a pesquisa, pesquisa Gallup a maioria dos norte-americanos \u00e9 favor\u00e1vel para a vinda de <strong>novos imigrantes<\/strong>.<\/p>\n<p>Um exemplo envolve o pr\u00f3prio Brasil. As libera\u00e7\u00f5es de vistos aos cidad\u00e3os nascidos no Brasil bateram e continuam batendo recordes em 2022. Com dados do m\u00eas de maio deste ano, a Embaixada e os consulados dos Estados Unidos no Brasil emitiram 79.212 vistos para brasileiros. O n\u00famero \u00e9 13% superior a abril e o maior patamar do ano. Apenas nos cinco primeiros meses deste ano, foram emitidos 345.660 vistos.<\/p>\n<p>Conforme os pesquisadores, os Estados Unidos precisam n\u00e3o s\u00f3 de turistas para movimentar sua economia que est\u00e1 em franca ascens\u00e3o, mas tamb\u00e9m de m\u00e3o-de-obra, n\u00e3o s\u00f3 para servi\u00e7os gerais, mas tamb\u00e9m para profiss\u00f5es mais estrat\u00e9gicas, como a \u00e1rea de tecnologia e sa\u00fade. Outra quest\u00e3o importante, empresas brasileiras est\u00e3o deixando o pa\u00eds e migrando para outros lugares em busca de seguran\u00e7a econ\u00f4mica.<\/p>\n<p>\u201cIsso est\u00e1 muito relacionado \u00e0 quest\u00e3o econ\u00f4mica, hoje as empresas no Brasil ainda se ressentem muito dos estragos da pandemia, e esses pa\u00edses onde os brasileiros tem buscado levar seus neg\u00f3cios, apresentam incentivos, tem um cen\u00e1rio para o empreendedor muito mais favor\u00e1vel, eles oferecem incentivos fiscais, s\u00e3o pa\u00edses que vem incentivando atividades industrial e empresarial, com flexibiliza\u00e7\u00e3o de impostos, leis trabalhistas mais interessantes que a brasileira, ent\u00e3o muitos empres\u00e1rios brasileiros est\u00e3o olhando com mais carinho para o exterior\u201d, explica o especialista em Direito Internacional, Leonardo Le\u00e3o, especialista em processos de imigra\u00e7\u00e3o.<\/p>\n<h3><strong>Estados Unidos precisa de imigrantes<\/strong><\/h3>\n<p>O Instituto Gallup realizou uma pesquisa, publicada pela AFP, entre os dias 5 a 26 de julho, garantindo que a maioria da popula\u00e7\u00e3o americana aprova a imigra\u00e7\u00e3o. 58% dos cidad\u00e3os desejam o aumento de imigrantes nos EUA ou esperam que o n\u00famero deles continue est\u00e1vel.<\/p>\n<p>\u201cA pesquisa \u00e9 positiva visto que a economia americana e o mercado de trabalho est\u00e3o superaquecidos. O momento \u00e9 considerado ideal para aplicar o seu pleito imigrat\u00f3rio em busca do Green Card. Al\u00e9m disso, os EUA t\u00eam muito a oferecer para os estrangeiros que conseguem melhores oportunidades de trabalho e mais qualidade de vida em rela\u00e7\u00e3o ao Brasil\u201d, explica Le\u00e3o.<\/p>\n<p>Le\u00e3o tamb\u00e9m aponta a quest\u00e3o da qualidade de vida, muitos profissionais tem procurado uma mudan\u00e7a de pa\u00eds, em busca n\u00e3o s\u00f3 de um sal\u00e1rio pago em d\u00f3lar, mas tamb\u00e9m de outros benef\u00edcios, como seguran\u00e7a e educa\u00e7\u00e3o.<\/p>\n<p>\u201cO desejo dos brasileiros de ir para outro pa\u00eds, se deve a motivos tradicionais, como a busca por uma qualidade de vida melhor para sua fam\u00edlia, a busca por seguran\u00e7a dos pa\u00edses mais desenvolvidos, um dos principais fatores \u00e9 a discrep\u00e2ncia em rela\u00e7\u00e3o a atividade econ\u00f4mica. Hoje o Brasil ainda sente muitos reflexos negativos do per\u00edodo da pandemia, ao contr\u00e1rio de outros pa\u00edses, como os Estados Unidos, por exemplo, que a economia j\u00e1 est\u00e1 superaquecida e existe uma abund\u00e2ncia de gera\u00e7\u00e3o de empregos\u201d<\/p>\n<h3><strong>Uma boa not\u00edcia<\/strong><\/h3>\n<p>O Consulado Geral dos EUA no Rio de Janeiro informou em agosto que a fila de vistos de imigrantes brasileiros est\u00e1 finalizada. Isso significa que os n\u00fameros de casos pendentes est\u00e3o encerrados e a fila voltou ao que era considerado normal antes da pandemia de Covid-19.<\/p>\n<p>\u201cIsso aconteceu porque os funcion\u00e1rios que representam os EUA no Brasil trabalharam incansavelmente por seis meses e esse esfor\u00e7o permitiu acelerar a fila dos processos. O tempo de processamento de vistos de imigra\u00e7\u00e3o tem batido recordes. Seguindo assim, em breve os funcion\u00e1rios v\u00e3o conseguir colocar a fila mais r\u00e1pida do que o tempo de 2019, antes da pandemia\u201d, finalizou.<\/p>\n<p><strong>LEIA TAMB\u00c9M<\/strong><\/p>\n<p><a href=\"https:\/\/redenoticiaz.com.br\/blog\/2022\/10\/22\/conheca-os-seis-pecados-do-imigrante-brasileiro-quando-chega-aos-estados-unidos\">Conhe\u00e7a os seis pecados do imigrante brasileiro quando chega aos Estados Unidos<\/a><\/p>\n","protected":false},"excerpt":{"rendered":"<p>Um dos sonhos de v\u00e1rios brasileiros e tamb\u00e9m dos demais pa\u00edses da Am\u00e9rica Latina \u00e9 trabalhar e fazer a vida nos Estados Unidos, A boa not\u00edcia da vez \u00e9 que, de acordo com a pesquisa, pesquisa Gallup a maioria dos norte-americanos \u00e9 favor\u00e1vel para a vinda de novos imigrantes. Um exemplo envolve o pr\u00f3prio Brasil. &hellip;<\/p>\n","protected":false},"author":6,"featured_media":93918,"comment_status":"open","ping_status":"closed","sticky":false,"template":"","format":"standard","meta":{"footnotes":""},"categories":[84,775],"tags":[5866,173,4495,60398,31216],"class_list":["post-93917","post","type-post","status-publish","format-standard","has-post-thumbnail","hentry","category-mundo","category-turismo","tag-america-latina","tag-brasil","tag-estados-unidos","tag-imigracao","tag-imigrantes"],"yoast_head":"<!-- This site is optimized with the Yoast SEO plugin v27.5 - https:\/\/yoast.com\/product\/yoast-seo-wordpress\/ -->\n<title>Pesquisa revela que norte-americanos s\u00e3o favor\u00e1veis ao aumento do n\u00famero de imigrantes - Litoral SP<\/title>\n<meta name=\"description\" content=\"not\u00edcia da vez \u00e9 que, de acordo com a pesquisa, pesquisa Gallup a maioria dos norte-americanos \u00e9 favor\u00e1vel para a vinda de novos imigrantes.\" \/>\n<meta name=\"robots\" content=\"index, follow, max-snippet:-1, max-image-preview:large, max-video-preview:-1\" \/>\n<link rel=\"canonical\" href=\"https:\/\/redenoticiaz.com.br\/litoralsp\/2022\/10\/29\/pesquisa-revela-que-norte-americanos-sao-favoraveis-ao-aumento-do-numero-de-imigrantes\" \/>\n<meta property=\"og:locale\" content=\"pt_BR\" \/>\n<meta property=\"og:type\" content=\"article\" \/>\n<meta property=\"og:title\" content=\"Pesquisa revela que norte-americanos s\u00e3o favor\u00e1veis ao aumento do n\u00famero de imigrantes - Litoral SP\" \/>\n<meta property=\"og:description\" content=\"not\u00edcia da vez \u00e9 que, de acordo com a pesquisa, pesquisa Gallup a maioria dos norte-americanos \u00e9 favor\u00e1vel para a vinda de novos imigrantes.\" \/>\n<meta property=\"og:url\" content=\"https:\/\/redenoticiaz.com.br\/litoralsp\/2022\/10\/29\/pesquisa-revela-que-norte-americanos-sao-favoraveis-ao-aumento-do-numero-de-imigrantes\" \/>\n<meta property=\"og:site_name\" content=\"Litoral SP\" \/>\n<meta property=\"article:published_time\" content=\"2022-10-29T16:00:32+00:00\" \/>\n<meta name=\"author\" content=\"Leonardo Francisco\" \/>\n<meta name=\"twitter:card\" content=\"summary_large_image\" \/>\n<meta name=\"twitter:image\" content=\"https:\/\/redenoticiaz.com.br\/litoralsp\/wp-content\/uploads\/sites\/3\/2022\/10\/barrado-na-imigracao.jpg?v=1666744867\" \/>\n<meta name=\"twitter:label1\" content=\"Escrito por\" \/>\n\t<meta name=\"twitter:data1\" content=\"Leonardo Francisco\" \/>\n\t<meta name=\"twitter:label2\" content=\"Est. tempo de leitura\" \/>\n\t<meta name=\"twitter:data2\" content=\"4 minutos\" \/>\n<script type=\"application\/ld+json\" class=\"yoast-schema-graph\">{\"@context\":\"https:\\\/\\\/schema.org\",\"@graph\":[{\"@type\":\"Article\",\"@id\":\"https:\\\/\\\/redenoticiaz.com.br\\\/litoralsp\\\/2022\\\/10\\\/29\\\/pesquisa-revela-que-norte-americanos-sao-favoraveis-ao-aumento-do-numero-de-imigrantes#article\",\"isPartOf\":{\"@id\":\"https:\\\/\\\/redenoticiaz.com.br\\\/litoralsp\\\/2022\\\/10\\\/29\\\/pesquisa-revela-que-norte-americanos-sao-favoraveis-ao-aumento-do-numero-de-imigrantes\"},\"author\":{\"name\":\"Leonardo Francisco\",\"@id\":\"https:\\\/\\\/redenoticiaz.com.br\\\/litoralsp\\\/#\\\/schema\\\/person\\\/0f0b8a5bdafefe82841e07ae8d81ecb3\"},\"headline\":\"Pesquisa revela que norte-americanos s\u00e3o favor\u00e1veis ao aumento do n\u00famero de imigrantes\",\"datePublished\":\"2022-10-29T16:00:32+00:00\",\"mainEntityOfPage\":{\"@id\":\"https:\\\/\\\/redenoticiaz.com.br\\\/litoralsp\\\/2022\\\/10\\\/29\\\/pesquisa-revela-que-norte-americanos-sao-favoraveis-ao-aumento-do-numero-de-imigrantes\"},\"wordCount\":706,\"commentCount\":0,\"publisher\":{\"@id\":\"https:\\\/\\\/redenoticiaz.com.br\\\/litoralsp\\\/#organization\"},\"image\":{\"@id\":\"https:\\\/\\\/redenoticiaz.com.br\\\/litoralsp\\\/2022\\\/10\\\/29\\\/pesquisa-revela-que-norte-americanos-sao-favoraveis-ao-aumento-do-numero-de-imigrantes#primaryimage\"},\"thumbnailUrl\":\"https:\\\/\\\/redenoticiaz.com.br\\\/litoralsp\\\/wp-content\\\/uploads\\\/sites\\\/3\\\/2022\\\/10\\\/barrado-na-imigracao.jpg?v=1666744867\",\"keywords\":[\"AM\u00c9RICA LATINA\",\"Brasil\",\"Estados Unidos\",\"IMIGRA\u00c7\u00c3O\",\"IMIGRANTES\"],\"articleSection\":[\"Mundo\",\"Turismo\"],\"inLanguage\":\"pt-BR\",\"potentialAction\":[{\"@type\":\"CommentAction\",\"name\":\"Comment\",\"target\":[\"https:\\\/\\\/redenoticiaz.com.br\\\/litoralsp\\\/2022\\\/10\\\/29\\\/pesquisa-revela-que-norte-americanos-sao-favoraveis-ao-aumento-do-numero-de-imigrantes#respond\"]}]},{\"@type\":\"WebPage\",\"@id\":\"https:\\\/\\\/redenoticiaz.com.br\\\/litoralsp\\\/2022\\\/10\\\/29\\\/pesquisa-revela-que-norte-americanos-sao-favoraveis-ao-aumento-do-numero-de-imigrantes\",\"url\":\"https:\\\/\\\/redenoticiaz.com.br\\\/litoralsp\\\/2022\\\/10\\\/29\\\/pesquisa-revela-que-norte-americanos-sao-favoraveis-ao-aumento-do-numero-de-imigrantes\",\"name\":\"Pesquisa revela que norte-americanos s\u00e3o favor\u00e1veis ao aumento do n\u00famero de imigrantes - Litoral SP\",\"isPartOf\":{\"@id\":\"https:\\\/\\\/redenoticiaz.com.br\\\/litoralsp\\\/#website\"},\"primaryImageOfPage\":{\"@id\":\"https:\\\/\\\/redenoticiaz.com.br\\\/litoralsp\\\/2022\\\/10\\\/29\\\/pesquisa-revela-que-norte-americanos-sao-favoraveis-ao-aumento-do-numero-de-imigrantes#primaryimage\"},\"image\":{\"@id\":\"https:\\\/\\\/redenoticiaz.com.br\\\/litoralsp\\\/2022\\\/10\\\/29\\\/pesquisa-revela-que-norte-americanos-sao-favoraveis-ao-aumento-do-numero-de-imigrantes#primaryimage\"},\"thumbnailUrl\":\"https:\\\/\\\/redenoticiaz.com.br\\\/litoralsp\\\/wp-content\\\/uploads\\\/sites\\\/3\\\/2022\\\/10\\\/barrado-na-imigracao.jpg?v=1666744867\",\"datePublished\":\"2022-10-29T16:00:32+00:00\",\"description\":\"not\u00edcia da vez \u00e9 que, de acordo com a pesquisa, pesquisa Gallup a maioria dos norte-americanos \u00e9 favor\u00e1vel para a vinda de novos imigrantes.\",\"inLanguage\":\"pt-BR\",\"potentialAction\":[{\"@type\":\"ReadAction\",\"target\":[\"https:\\\/\\\/redenoticiaz.com.br\\\/litoralsp\\\/2022\\\/10\\\/29\\\/pesquisa-revela-que-norte-americanos-sao-favoraveis-ao-aumento-do-numero-de-imigrantes\"]}]},{\"@type\":\"ImageObject\",\"inLanguage\":\"pt-BR\",\"@id\":\"https:\\\/\\\/redenoticiaz.com.br\\\/litoralsp\\\/2022\\\/10\\\/29\\\/pesquisa-revela-que-norte-americanos-sao-favoraveis-ao-aumento-do-numero-de-imigrantes#primaryimage\",\"url\":\"https:\\\/\\\/redenoticiaz.com.br\\\/litoralsp\\\/wp-content\\\/uploads\\\/sites\\\/3\\\/2022\\\/10\\\/barrado-na-imigracao.jpg?v=1666744867\",\"contentUrl\":\"https:\\\/\\\/redenoticiaz.com.br\\\/litoralsp\\\/wp-content\\\/uploads\\\/sites\\\/3\\\/2022\\\/10\\\/barrado-na-imigracao.jpg?v=1666744867\",\"width\":1360,\"height\":907,\"caption\":\"Cr\u00e9ditos: Reprodu\u00e7\u00e3o\"},{\"@type\":\"WebSite\",\"@id\":\"https:\\\/\\\/redenoticiaz.com.br\\\/litoralsp\\\/#website\",\"url\":\"https:\\\/\\\/redenoticiaz.com.br\\\/litoralsp\\\/\",\"name\":\"Litoral SP\",\"description\":\"Rede NoticiaZ\",\"publisher\":{\"@id\":\"https:\\\/\\\/redenoticiaz.com.br\\\/litoralsp\\\/#organization\"},\"potentialAction\":[{\"@type\":\"SearchAction\",\"target\":{\"@type\":\"EntryPoint\",\"urlTemplate\":\"https:\\\/\\\/redenoticiaz.com.br\\\/litoralsp\\\/?s={search_term_string}\"},\"query-input\":{\"@type\":\"PropertyValueSpecification\",\"valueRequired\":true,\"valueName\":\"search_term_string\"}}],\"inLanguage\":\"pt-BR\"},{\"@type\":\"Organization\",\"@id\":\"https:\\\/\\\/redenoticiaz.com.br\\\/litoralsp\\\/#organization\",\"name\":\"Litoral SP\",\"url\":\"https:\\\/\\\/redenoticiaz.com.br\\\/litoralsp\\\/\",\"logo\":{\"@type\":\"ImageObject\",\"inLanguage\":\"pt-BR\",\"@id\":\"https:\\\/\\\/redenoticiaz.com.br\\\/litoralsp\\\/#\\\/schema\\\/logo\\\/image\\\/\",\"url\":\"https:\\\/\\\/redenoticiaz.com.br\\\/litoralsp\\\/wp-content\\\/uploads\\\/sites\\\/3\\\/2020\\\/11\\\/logo.jpg\",\"contentUrl\":\"https:\\\/\\\/redenoticiaz.com.br\\\/litoralsp\\\/wp-content\\\/uploads\\\/sites\\\/3\\\/2020\\\/11\\\/logo.jpg\",\"width\":400,\"height\":250,\"caption\":\"Litoral SP\"},\"image\":{\"@id\":\"https:\\\/\\\/redenoticiaz.com.br\\\/litoralsp\\\/#\\\/schema\\\/logo\\\/image\\\/\"}},{\"@type\":\"Person\",\"@id\":\"https:\\\/\\\/redenoticiaz.com.br\\\/litoralsp\\\/#\\\/schema\\\/person\\\/0f0b8a5bdafefe82841e07ae8d81ecb3\",\"name\":\"Leonardo Francisco\",\"image\":{\"@type\":\"ImageObject\",\"inLanguage\":\"pt-BR\",\"@id\":\"https:\\\/\\\/secure.gravatar.com\\\/avatar\\\/a7358cb406a99b682ec6df1e77e31ae82e63601f6784e8a3df411d72b37864da?s=96&d=mm&r=g\",\"url\":\"https:\\\/\\\/secure.gravatar.com\\\/avatar\\\/a7358cb406a99b682ec6df1e77e31ae82e63601f6784e8a3df411d72b37864da?s=96&d=mm&r=g\",\"contentUrl\":\"https:\\\/\\\/secure.gravatar.com\\\/avatar\\\/a7358cb406a99b682ec6df1e77e31ae82e63601f6784e8a3df411d72b37864da?s=96&d=mm&r=g\",\"caption\":\"Leonardo Francisco\"},\"url\":\"https:\\\/\\\/redenoticiaz.com.br\\\/litoralsp\\\/author\\\/leonardo-francisco\"}]}<\/script>\n<!-- \/ Yoast SEO plugin. -->","yoast_head_json":{"title":"Pesquisa revela que norte-americanos s\u00e3o favor\u00e1veis ao aumento do n\u00famero de imigrantes - Litoral SP","description":"not\u00edcia da vez \u00e9 que, de acordo com a pesquisa, pesquisa Gallup a maioria dos norte-americanos \u00e9 favor\u00e1vel para a vinda de novos imigrantes.","robots":{"index":"index","follow":"follow","max-snippet":"max-snippet:-1","max-image-preview":"max-image-preview:large","max-video-preview":"max-video-preview:-1"},"canonical":"https:\/\/redenoticiaz.com.br\/litoralsp\/2022\/10\/29\/pesquisa-revela-que-norte-americanos-sao-favoraveis-ao-aumento-do-numero-de-imigrantes","og_locale":"pt_BR","og_type":"article","og_title":"Pesquisa revela que norte-americanos s\u00e3o favor\u00e1veis ao aumento do n\u00famero de imigrantes - Litoral SP","og_description":"not\u00edcia da vez \u00e9 que, de acordo com a pesquisa, pesquisa Gallup a maioria dos norte-americanos \u00e9 favor\u00e1vel para a vinda de novos imigrantes.","og_url":"https:\/\/redenoticiaz.com.br\/litoralsp\/2022\/10\/29\/pesquisa-revela-que-norte-americanos-sao-favoraveis-ao-aumento-do-numero-de-imigrantes","og_site_name":"Litoral SP","article_published_time":"2022-10-29T16:00:32+00:00","author":"Leonardo Francisco","twitter_card":"summary_large_image","twitter_image":"https:\/\/redenoticiaz.com.br\/litoralsp\/wp-content\/uploads\/sites\/3\/2022\/10\/barrado-na-imigracao.jpg?v=1666744867","twitter_misc":{"Escrito por":"Leonardo Francisco","Est. tempo de leitura":"4 minutos"},"schema":{"@context":"https:\/\/schema.org","@graph":[{"@type":"Article","@id":"https:\/\/redenoticiaz.com.br\/litoralsp\/2022\/10\/29\/pesquisa-revela-que-norte-americanos-sao-favoraveis-ao-aumento-do-numero-de-imigrantes#article","isPartOf":{"@id":"https:\/\/redenoticiaz.com.br\/litoralsp\/2022\/10\/29\/pesquisa-revela-que-norte-americanos-sao-favoraveis-ao-aumento-do-numero-de-imigrantes"},"author":{"name":"Leonardo Francisco","@id":"https:\/\/redenoticiaz.com.br\/litoralsp\/#\/schema\/person\/0f0b8a5bdafefe82841e07ae8d81ecb3"},"headline":"Pesquisa revela que norte-americanos s\u00e3o favor\u00e1veis ao aumento do n\u00famero de imigrantes","datePublished":"2022-10-29T16:00:32+00:00","mainEntityOfPage":{"@id":"https:\/\/redenoticiaz.com.br\/litoralsp\/2022\/10\/29\/pesquisa-revela-que-norte-americanos-sao-favoraveis-ao-aumento-do-numero-de-imigrantes"},"wordCount":706,"commentCount":0,"publisher":{"@id":"https:\/\/redenoticiaz.com.br\/litoralsp\/#organization"},"image":{"@id":"https:\/\/redenoticiaz.com.br\/litoralsp\/2022\/10\/29\/pesquisa-revela-que-norte-americanos-sao-favoraveis-ao-aumento-do-numero-de-imigrantes#primaryimage"},"thumbnailUrl":"https:\/\/redenoticiaz.com.br\/litoralsp\/wp-content\/uploads\/sites\/3\/2022\/10\/barrado-na-imigracao.jpg?v=1666744867","keywords":["AM\u00c9RICA LATINA","Brasil","Estados Unidos","IMIGRA\u00c7\u00c3O","IMIGRANTES"],"articleSection":["Mundo","Turismo"],"inLanguage":"pt-BR","potentialAction":[{"@type":"CommentAction","name":"Comment","target":["https:\/\/redenoticiaz.com.br\/litoralsp\/2022\/10\/29\/pesquisa-revela-que-norte-americanos-sao-favoraveis-ao-aumento-do-numero-de-imigrantes#respond"]}]},{"@type":"WebPage","@id":"https:\/\/redenoticiaz.com.br\/litoralsp\/2022\/10\/29\/pesquisa-revela-que-norte-americanos-sao-favoraveis-ao-aumento-do-numero-de-imigrantes","url":"https:\/\/redenoticiaz.com.br\/litoralsp\/2022\/10\/29\/pesquisa-revela-que-norte-americanos-sao-favoraveis-ao-aumento-do-numero-de-imigrantes","name":"Pesquisa revela que norte-americanos s\u00e3o favor\u00e1veis ao aumento do n\u00famero de imigrantes - Litoral SP","isPartOf":{"@id":"https:\/\/redenoticiaz.com.br\/litoralsp\/#website"},"primaryImageOfPage":{"@id":"https:\/\/redenoticiaz.com.br\/litoralsp\/2022\/10\/29\/pesquisa-revela-que-norte-americanos-sao-favoraveis-ao-aumento-do-numero-de-imigrantes#primaryimage"},"image":{"@id":"https:\/\/redenoticiaz.com.br\/litoralsp\/2022\/10\/29\/pesquisa-revela-que-norte-americanos-sao-favoraveis-ao-aumento-do-numero-de-imigrantes#primaryimage"},"thumbnailUrl":"https:\/\/redenoticiaz.com.br\/litoralsp\/wp-content\/uploads\/sites\/3\/2022\/10\/barrado-na-imigracao.jpg?v=1666744867","datePublished":"2022-10-29T16:00:32+00:00","description":"not\u00edcia da vez \u00e9 que, de acordo com a pesquisa, pesquisa Gallup a maioria dos norte-americanos \u00e9 favor\u00e1vel para a vinda de novos imigrantes.","inLanguage":"pt-BR","potentialAction":[{"@type":"ReadAction","target":["https:\/\/redenoticiaz.com.br\/litoralsp\/2022\/10\/29\/pesquisa-revela-que-norte-americanos-sao-favoraveis-ao-aumento-do-numero-de-imigrantes"]}]},{"@type":"ImageObject","inLanguage":"pt-BR","@id":"https:\/\/redenoticiaz.com.br\/litoralsp\/2022\/10\/29\/pesquisa-revela-que-norte-americanos-sao-favoraveis-ao-aumento-do-numero-de-imigrantes#primaryimage","url":"https:\/\/redenoticiaz.com.br\/litoralsp\/wp-content\/uploads\/sites\/3\/2022\/10\/barrado-na-imigracao.jpg?v=1666744867","contentUrl":"https:\/\/redenoticiaz.com.br\/litoralsp\/wp-content\/uploads\/sites\/3\/2022\/10\/barrado-na-imigracao.jpg?v=1666744867","width":1360,"height":907,"caption":"Cr\u00e9ditos: Reprodu\u00e7\u00e3o"},{"@type":"WebSite","@id":"https:\/\/redenoticiaz.com.br\/litoralsp\/#website","url":"https:\/\/redenoticiaz.com.br\/litoralsp\/","name":"Litoral SP","description":"Rede NoticiaZ","publisher":{"@id":"https:\/\/redenoticiaz.com.br\/litoralsp\/#organization"},"potentialAction":[{"@type":"SearchAction","target":{"@type":"EntryPoint","urlTemplate":"https:\/\/redenoticiaz.com.br\/litoralsp\/?s={search_term_string}"},"query-input":{"@type":"PropertyValueSpecification","valueRequired":true,"valueName":"search_term_string"}}],"inLanguage":"pt-BR"},{"@type":"Organization","@id":"https:\/\/redenoticiaz.com.br\/litoralsp\/#organization","name":"Litoral SP","url":"https:\/\/redenoticiaz.com.br\/litoralsp\/","logo":{"@type":"ImageObject","inLanguage":"pt-BR","@id":"https:\/\/redenoticiaz.com.br\/litoralsp\/#\/schema\/logo\/image\/","url":"https:\/\/redenoticiaz.com.br\/litoralsp\/wp-content\/uploads\/sites\/3\/2020\/11\/logo.jpg","contentUrl":"https:\/\/redenoticiaz.com.br\/litoralsp\/wp-content\/uploads\/sites\/3\/2020\/11\/logo.jpg","width":400,"height":250,"caption":"Litoral SP"},"image":{"@id":"https:\/\/redenoticiaz.com.br\/litoralsp\/#\/schema\/logo\/image\/"}},{"@type":"Person","@id":"https:\/\/redenoticiaz.com.br\/litoralsp\/#\/schema\/person\/0f0b8a5bdafefe82841e07ae8d81ecb3","name":"Leonardo Francisco","image":{"@type":"ImageObject","inLanguage":"pt-BR","@id":"https:\/\/secure.gravatar.com\/avatar\/a7358cb406a99b682ec6df1e77e31ae82e63601f6784e8a3df411d72b37864da?s=96&d=mm&r=g","url":"https:\/\/secure.gravatar.com\/avatar\/a7358cb406a99b682ec6df1e77e31ae82e63601f6784e8a3df411d72b37864da?s=96&d=mm&r=g","contentUrl":"https:\/\/secure.gravatar.com\/avatar\/a7358cb406a99b682ec6df1e77e31ae82e63601f6784e8a3df411d72b37864da?s=96&d=mm&r=g","caption":"Leonardo Francisco"},"url":"https:\/\/redenoticiaz.com.br\/litoralsp\/author\/leonardo-francisco"}]}},"_links":{"self":[{"href":"https:\/\/redenoticiaz.com.br\/litoralsp\/wp-json\/wp\/v2\/posts\/93917","targetHints":{"allow":["GET"]}}],"collection":[{"href":"https:\/\/redenoticiaz.com.br\/litoralsp\/wp-json\/wp\/v2\/posts"}],"about":[{"href":"https:\/\/redenoticiaz.com.br\/litoralsp\/wp-json\/wp\/v2\/types\/post"}],"author":[{"embeddable":true,"href":"https:\/\/redenoticiaz.com.br\/litoralsp\/wp-json\/wp\/v2\/users\/6"}],"replies":[{"embeddable":true,"href":"https:\/\/redenoticiaz.com.br\/litoralsp\/wp-json\/wp\/v2\/comments?post=93917"}],"version-history":[{"count":0,"href":"https:\/\/redenoticiaz.com.br\/litoralsp\/wp-json\/wp\/v2\/posts\/93917\/revisions"}],"wp:featuredmedia":[{"embeddable":true,"href":"https:\/\/redenoticiaz.com.br\/litoralsp\/wp-json\/wp\/v2\/media\/93918"}],"wp:attachment":[{"href":"https:\/\/redenoticiaz.com.br\/litoralsp\/wp-json\/wp\/v2\/media?parent=93917"}],"wp:term":[{"taxonomy":"category","embeddable":true,"href":"https:\/\/redenoticiaz.com.br\/litoralsp\/wp-json\/wp\/v2\/categories?post=93917"},{"taxonomy":"post_tag","embeddable":true,"href":"https:\/\/redenoticiaz.com.br\/litoralsp\/wp-json\/wp\/v2\/tags?post=93917"}],"curies":[{"name":"wp","href":"https:\/\/api.w.org\/{rel}","templated":true}]}}