{"id":93938,"date":"2022-10-26T09:17:48","date_gmt":"2022-10-26T12:17:48","guid":{"rendered":"https:\/\/redenoticiaz.com.br\/litoralsp\/?p=93938"},"modified":"2022-10-26T09:17:48","modified_gmt":"2022-10-26T12:17:48","slug":"video-suspeito-de-integrar-faccao-e-preso-com-r-71-mil-dentro-de-carro","status":"publish","type":"post","link":"https:\/\/redenoticiaz.com.br\/litoralsp\/2022\/10\/26\/video-suspeito-de-integrar-faccao-e-preso-com-r-71-mil-dentro-de-carro","title":{"rendered":"V\u00cdDEO &#8211; Suspeito de integrar fac\u00e7\u00e3o \u00e9 preso com R$ 71 mil dentro de carro"},"content":{"rendered":"<div id=\"chunk-e9ko5\">\n<div class=\"mc-column content-text active-extra-styles \" data-block-type=\"unstyled\" data-block-weight=\"62\" data-block-id=\"3\">\n<p class=\"content-text__container \" data-track-category=\"Link no Texto\" data-track-links=\"\">A Pol\u00edcia Civil prendeu em flagrante um homem de 44 anos, apontado como respons\u00e1vel de lavagem de dinheiro do tr\u00e1fico de drogas na Baixada Santista. A pris\u00e3o ocorreu em S\u00e3o Vicente e com ele foi achado <strong>R$ 71 mil escondidos dentro do carro <\/strong>do suspeito de integrar uma fac\u00e7\u00e3o.<\/p>\n<\/div>\n<\/div>\n<div class=\"wall protected-content\">\n<div id=\"chunk-8h5iu\">\n<div class=\"mc-column content-text active-extra-styles \" data-block-type=\"unstyled\" data-block-weight=\"66\" data-block-id=\"4\">\n<p class=\"content-text__container \" data-track-category=\"Link no Texto\" data-track-links=\"\">De acordo com a corpora\u00e7\u00e3o, policiais da Delegacia de Investiga\u00e7\u00f5es Sobre Entorpecentes (DISE) de Praia Grande a pris\u00e3o ocorreu na segunda-feira (24). O flagrante foi poss\u00edvel, pois os investigadores apuraram que o suspeito era o respons\u00e1vel pela arrecada\u00e7\u00e3o de dinheiro em diversos pontos de venda de drogas na regi\u00e3o e que o carro usado por ele estaria com muito dinheiro e seria levado \u00e0 S\u00e3o Paulo.<\/p>\n<div id=\"chunk-at283\">\n<div class=\"mc-column content-text active-extra-styles \" data-block-type=\"unstyled\" data-block-weight=\"61\" data-block-id=\"7\">\n<p class=\"content-text__container \" data-track-category=\"Link no Texto\" data-track-links=\"\">Os agentes se posicionaram as margens da rodovia dos Imigrantes, na altura do bairro Vila Margarida, em S\u00e3o Vicente. Ao avistar o ve\u00edculo do suspeito, eles pediram para que ele parecesse. Ap\u00f3s a ordem dos agentes, o suspeito e o carro foram revistados. Os policiais encontraram R$ 5.500 na bolsa do motorista, al\u00e9m de R$ 65.500 escondidos em um compartimento secreto.<\/p>\n<h3 data-track-category=\"Link no Texto\">Veja os v\u00eddeos:<\/h3>\n<div class=\"wp-playlist wp-video-playlist wp-playlist-light\">\n\t\t<video controls=\"controls\" preload=\"none\" width=\"640\"\n\t\t height=\"352\"\t><\/video>\n\t<div class=\"wp-playlist-next\"><\/div>\n\t<div class=\"wp-playlist-prev\"><\/div>\n\t<noscript>\n\t<ol>\n\t\t<li><a href='https:\/\/redenoticiaz.com.br\/litoralsp\/wp-content\/uploads\/sites\/3\/2022\/10\/WhatsApp-Video-2022-10-25-at-18.45.37.mp4'>Abordagem carro<\/a><\/li><li><a href='https:\/\/redenoticiaz.com.br\/litoralsp\/wp-content\/uploads\/sites\/3\/2022\/10\/WhatsApp-Video-2022-10-25-at-12.17.26.mp4'>Apreens\u00e3o dinheiro<\/a><\/li>\t<\/ol>\n\t<\/noscript>\n\t<script type=\"application\/json\" class=\"wp-playlist-script\">{\"type\":\"video\",\"tracklist\":true,\"tracknumbers\":true,\"images\":true,\"artists\":true,\"tracks\":[{\"src\":\"https:\/\/redenoticiaz.com.br\/litoralsp\/wp-content\/uploads\/sites\/3\/2022\/10\/WhatsApp-Video-2022-10-25-at-18.45.37.mp4\",\"type\":\"video\/mp4\",\"title\":\"Abordagem carro\",\"caption\":\"\",\"description\":\"\",\"meta\":{\"length_formatted\":\"0:34\"},\"dimensions\":{\"original\":{\"width\":848,\"height\":480},\"resized\":{\"width\":640,\"height\":362}},\"image\":{\"src\":\"https:\/\/redenoticiaz.com.br\/litoralsp\/wp-includes\/images\/media\/video.svg\",\"width\":48,\"height\":64},\"thumb\":{\"src\":\"https:\/\/redenoticiaz.com.br\/litoralsp\/wp-includes\/images\/media\/video.svg\",\"width\":48,\"height\":64}},{\"src\":\"https:\/\/redenoticiaz.com.br\/litoralsp\/wp-content\/uploads\/sites\/3\/2022\/10\/WhatsApp-Video-2022-10-25-at-12.17.26.mp4\",\"type\":\"video\/mp4\",\"title\":\"Apreens\\u00e3o dinheiro\",\"caption\":\"\",\"description\":\"\",\"meta\":{\"length_formatted\":\"0:22\"},\"dimensions\":{\"original\":{\"width\":640,\"height\":352},\"resized\":{\"width\":640,\"height\":352}},\"image\":{\"src\":\"https:\/\/redenoticiaz.com.br\/litoralsp\/wp-includes\/images\/media\/video.svg\",\"width\":48,\"height\":64},\"thumb\":{\"src\":\"https:\/\/redenoticiaz.com.br\/litoralsp\/wp-includes\/images\/media\/video.svg\",\"width\":48,\"height\":64}}]}<\/script>\n<\/div>\n\t\n<\/div>\n<\/div>\n<div id=\"chunk-5ikkc\">\n<div class=\"mc-column content-text active-extra-styles \" data-block-type=\"unstyled\" data-block-weight=\"36\" data-block-id=\"8\">\n<p class=\"content-text__container \" data-track-category=\"Link no Texto\" data-track-links=\"\">Ao ser questionado pelos policiais, o homem confessou que foi contratado pelo crime organizado para \u2018recolher\u2019 o dinheiro para uma organiza\u00e7\u00e3o criminosa e que esta organiza\u00e7\u00e3o tamb\u00e9m teria comprado o carro e colocado no nome dele.<\/p>\n<\/div>\n<\/div>\n<div id=\"chunk-dk3ak\">\n<div class=\"mc-column content-text active-extra-styles \" data-block-type=\"unstyled\" data-block-weight=\"48\" data-block-id=\"9\">\n<p class=\"content-text__container \" data-track-category=\"Link no Texto\" data-track-links=\"\">Diante do flagrante, o criminoso foi preso por lavagem de dinheiro. Segundo a Pol\u00edcia, tamb\u00e9m foram apreendidos o valor encontrado dentro do carro, um total de R$ 71 mil, al\u00e9m de tr\u00eas celulares, tal\u00f5es de recibos, tr\u00eas chips e notas fiscais comerciais, que ser\u00e3o analisadas nas investiga\u00e7\u00f5es.<\/p>\n<p data-track-category=\"Link no Texto\" data-track-links=\"\"><strong>LEIA TAMB\u00c9M<\/strong><\/p>\n<p data-track-category=\"Link no Texto\" data-track-links=\"\"><a href=\"https:\/\/redenoticiaz.com.br\/litoralsp\/2022\/10\/25\/policia-civil-prende-o-tigrao-do-trafico-de-drogas-e-apreende-arsenal-em-santos\">Pol\u00edcia Civil prende o \u201cTigr\u00e3o\u201d do tr\u00e1fico de drogas e apreende arsenal em Santos<\/a><\/p>\n<\/div>\n<\/div>\n<\/div>\n<\/div>\n<\/div>\n","protected":false},"excerpt":{"rendered":"<p>A Pol\u00edcia Civil prendeu em flagrante um homem de 44 anos, apontado como respons\u00e1vel de lavagem de dinheiro do tr\u00e1fico de drogas na Baixada Santista. A pris\u00e3o ocorreu em S\u00e3o Vicente e com ele foi achado R$ 71 mil escondidos dentro do carro do suspeito de integrar uma fac\u00e7\u00e3o. De acordo com a corpora\u00e7\u00e3o, policiais &hellip;<\/p>\n","protected":false},"author":6,"featured_media":93939,"comment_status":"open","ping_status":"closed","sticky":false,"template":"","format":"standard","meta":{"footnotes":""},"categories":[10,181],"tags":[6443,9493,50335,1762,33,22818],"class_list":["post-93938","post","type-post","status-publish","format-standard","has-post-thumbnail","hentry","category-policia","category-sao-vicente","tag-carro","tag-dinheiro","tag-dise-de-praia-grande","tag-policia-civil","tag-sao-vicente","tag-suspeito-preso"],"yoast_head":"<!-- This site is optimized with the Yoast SEO plugin v27.4 - https:\/\/yoast.com\/product\/yoast-seo-wordpress\/ -->\n<title>V\u00cdDEO &#8211; Suspeito de integrar fac\u00e7\u00e3o \u00e9 preso com R$ 71 mil dentro de carro - Litoral SP<\/title>\n<meta name=\"description\" content=\"Baixada Santista. A pris\u00e3o ocorreu em S\u00e3o Vicente e com ele foi achado R$ 71 mil escondidos dentro do carro do suspeito de integrar uma fac\u00e7\u00e3o.\" \/>\n<meta name=\"robots\" content=\"index, follow, max-snippet:-1, max-image-preview:large, max-video-preview:-1\" \/>\n<link rel=\"canonical\" href=\"https:\/\/redenoticiaz.com.br\/litoralsp\/2022\/10\/26\/video-suspeito-de-integrar-faccao-e-preso-com-r-71-mil-dentro-de-carro\" \/>\n<meta property=\"og:locale\" content=\"pt_BR\" \/>\n<meta property=\"og:type\" content=\"article\" \/>\n<meta property=\"og:title\" content=\"V\u00cdDEO &#8211; Suspeito de integrar fac\u00e7\u00e3o \u00e9 preso com R$ 71 mil dentro de carro - Litoral SP\" \/>\n<meta property=\"og:description\" content=\"Baixada Santista. A pris\u00e3o ocorreu em S\u00e3o Vicente e com ele foi achado R$ 71 mil escondidos dentro do carro do suspeito de integrar uma fac\u00e7\u00e3o.\" \/>\n<meta property=\"og:url\" content=\"https:\/\/redenoticiaz.com.br\/litoralsp\/2022\/10\/26\/video-suspeito-de-integrar-faccao-e-preso-com-r-71-mil-dentro-de-carro\" \/>\n<meta property=\"og:site_name\" content=\"Litoral SP\" \/>\n<meta property=\"article:published_time\" content=\"2022-10-26T12:17:48+00:00\" \/>\n<meta property=\"og:image\" content=\"https:\/\/redenoticiaz.com.br\/litoralsp\/wp-content\/uploads\/sites\/3\/2022\/10\/WhatsApp-Image-2022-10-25-at-12.17.27.jpeg\" \/>\n\t<meta property=\"og:image:width\" content=\"1599\" \/>\n\t<meta property=\"og:image:height\" content=\"899\" \/>\n\t<meta property=\"og:image:type\" content=\"image\/jpeg\" \/>\n<meta name=\"author\" content=\"Leonardo Francisco\" \/>\n<meta name=\"twitter:card\" content=\"summary_large_image\" \/>\n<meta name=\"twitter:label1\" content=\"Escrito por\" \/>\n\t<meta name=\"twitter:data1\" content=\"Leonardo Francisco\" \/>\n\t<meta name=\"twitter:label2\" content=\"Est. tempo de leitura\" \/>\n\t<meta name=\"twitter:data2\" content=\"2 minutos\" \/>\n<script type=\"application\/ld+json\" class=\"yoast-schema-graph\">{\"@context\":\"https:\\\/\\\/schema.org\",\"@graph\":[{\"@type\":\"Article\",\"@id\":\"https:\\\/\\\/redenoticiaz.com.br\\\/litoralsp\\\/2022\\\/10\\\/26\\\/video-suspeito-de-integrar-faccao-e-preso-com-r-71-mil-dentro-de-carro#article\",\"isPartOf\":{\"@id\":\"https:\\\/\\\/redenoticiaz.com.br\\\/litoralsp\\\/2022\\\/10\\\/26\\\/video-suspeito-de-integrar-faccao-e-preso-com-r-71-mil-dentro-de-carro\"},\"author\":{\"name\":\"Leonardo Francisco\",\"@id\":\"https:\\\/\\\/redenoticiaz.com.br\\\/litoralsp\\\/#\\\/schema\\\/person\\\/0f0b8a5bdafefe82841e07ae8d81ecb3\"},\"headline\":\"V\u00cdDEO &#8211; Suspeito de integrar fac\u00e7\u00e3o \u00e9 preso com R$ 71 mil dentro de carro\",\"datePublished\":\"2022-10-26T12:17:48+00:00\",\"mainEntityOfPage\":{\"@id\":\"https:\\\/\\\/redenoticiaz.com.br\\\/litoralsp\\\/2022\\\/10\\\/26\\\/video-suspeito-de-integrar-faccao-e-preso-com-r-71-mil-dentro-de-carro\"},\"wordCount\":323,\"commentCount\":0,\"publisher\":{\"@id\":\"https:\\\/\\\/redenoticiaz.com.br\\\/litoralsp\\\/#organization\"},\"image\":{\"@id\":\"https:\\\/\\\/redenoticiaz.com.br\\\/litoralsp\\\/2022\\\/10\\\/26\\\/video-suspeito-de-integrar-faccao-e-preso-com-r-71-mil-dentro-de-carro#primaryimage\"},\"thumbnailUrl\":\"https:\\\/\\\/redenoticiaz.com.br\\\/litoralsp\\\/wp-content\\\/uploads\\\/sites\\\/3\\\/2022\\\/10\\\/WhatsApp-Image-2022-10-25-at-12.17.27.jpeg\",\"keywords\":[\"carro\",\"dinheiro\",\"DISE DE PRAIA GRANDE\",\"POL\u00cdCIA CIVIL\",\"S\u00e3o Vicente\",\"SUSPEITO PRESO\"],\"articleSection\":[\"Pol\u00edcia\",\"S\u00e3o Vicente\"],\"inLanguage\":\"pt-BR\",\"potentialAction\":[{\"@type\":\"CommentAction\",\"name\":\"Comment\",\"target\":[\"https:\\\/\\\/redenoticiaz.com.br\\\/litoralsp\\\/2022\\\/10\\\/26\\\/video-suspeito-de-integrar-faccao-e-preso-com-r-71-mil-dentro-de-carro#respond\"]}]},{\"@type\":\"WebPage\",\"@id\":\"https:\\\/\\\/redenoticiaz.com.br\\\/litoralsp\\\/2022\\\/10\\\/26\\\/video-suspeito-de-integrar-faccao-e-preso-com-r-71-mil-dentro-de-carro\",\"url\":\"https:\\\/\\\/redenoticiaz.com.br\\\/litoralsp\\\/2022\\\/10\\\/26\\\/video-suspeito-de-integrar-faccao-e-preso-com-r-71-mil-dentro-de-carro\",\"name\":\"V\u00cdDEO &#8211; Suspeito de integrar fac\u00e7\u00e3o \u00e9 preso com R$ 71 mil dentro de carro - Litoral SP\",\"isPartOf\":{\"@id\":\"https:\\\/\\\/redenoticiaz.com.br\\\/litoralsp\\\/#website\"},\"primaryImageOfPage\":{\"@id\":\"https:\\\/\\\/redenoticiaz.com.br\\\/litoralsp\\\/2022\\\/10\\\/26\\\/video-suspeito-de-integrar-faccao-e-preso-com-r-71-mil-dentro-de-carro#primaryimage\"},\"image\":{\"@id\":\"https:\\\/\\\/redenoticiaz.com.br\\\/litoralsp\\\/2022\\\/10\\\/26\\\/video-suspeito-de-integrar-faccao-e-preso-com-r-71-mil-dentro-de-carro#primaryimage\"},\"thumbnailUrl\":\"https:\\\/\\\/redenoticiaz.com.br\\\/litoralsp\\\/wp-content\\\/uploads\\\/sites\\\/3\\\/2022\\\/10\\\/WhatsApp-Image-2022-10-25-at-12.17.27.jpeg\",\"datePublished\":\"2022-10-26T12:17:48+00:00\",\"description\":\"Baixada Santista. A pris\u00e3o ocorreu em S\u00e3o Vicente e com ele foi achado R$ 71 mil escondidos dentro do carro do suspeito de integrar uma fac\u00e7\u00e3o.\",\"inLanguage\":\"pt-BR\",\"potentialAction\":[{\"@type\":\"ReadAction\",\"target\":[\"https:\\\/\\\/redenoticiaz.com.br\\\/litoralsp\\\/2022\\\/10\\\/26\\\/video-suspeito-de-integrar-faccao-e-preso-com-r-71-mil-dentro-de-carro\"]}]},{\"@type\":\"ImageObject\",\"inLanguage\":\"pt-BR\",\"@id\":\"https:\\\/\\\/redenoticiaz.com.br\\\/litoralsp\\\/2022\\\/10\\\/26\\\/video-suspeito-de-integrar-faccao-e-preso-com-r-71-mil-dentro-de-carro#primaryimage\",\"url\":\"https:\\\/\\\/redenoticiaz.com.br\\\/litoralsp\\\/wp-content\\\/uploads\\\/sites\\\/3\\\/2022\\\/10\\\/WhatsApp-Image-2022-10-25-at-12.17.27.jpeg\",\"contentUrl\":\"https:\\\/\\\/redenoticiaz.com.br\\\/litoralsp\\\/wp-content\\\/uploads\\\/sites\\\/3\\\/2022\\\/10\\\/WhatsApp-Image-2022-10-25-at-12.17.27.jpeg\",\"width\":1599,\"height\":899,\"caption\":\"Cr\u00e9ditos: Divulga\u00e7\u00e3o\\\/Pol\u00edcia Civil\"},{\"@type\":\"WebSite\",\"@id\":\"https:\\\/\\\/redenoticiaz.com.br\\\/litoralsp\\\/#website\",\"url\":\"https:\\\/\\\/redenoticiaz.com.br\\\/litoralsp\\\/\",\"name\":\"Litoral SP\",\"description\":\"Rede NoticiaZ\",\"publisher\":{\"@id\":\"https:\\\/\\\/redenoticiaz.com.br\\\/litoralsp\\\/#organization\"},\"potentialAction\":[{\"@type\":\"SearchAction\",\"target\":{\"@type\":\"EntryPoint\",\"urlTemplate\":\"https:\\\/\\\/redenoticiaz.com.br\\\/litoralsp\\\/?s={search_term_string}\"},\"query-input\":{\"@type\":\"PropertyValueSpecification\",\"valueRequired\":true,\"valueName\":\"search_term_string\"}}],\"inLanguage\":\"pt-BR\"},{\"@type\":\"Organization\",\"@id\":\"https:\\\/\\\/redenoticiaz.com.br\\\/litoralsp\\\/#organization\",\"name\":\"Litoral SP\",\"url\":\"https:\\\/\\\/redenoticiaz.com.br\\\/litoralsp\\\/\",\"logo\":{\"@type\":\"ImageObject\",\"inLanguage\":\"pt-BR\",\"@id\":\"https:\\\/\\\/redenoticiaz.com.br\\\/litoralsp\\\/#\\\/schema\\\/logo\\\/image\\\/\",\"url\":\"https:\\\/\\\/redenoticiaz.com.br\\\/litoralsp\\\/wp-content\\\/uploads\\\/sites\\\/3\\\/2020\\\/11\\\/logo.jpg\",\"contentUrl\":\"https:\\\/\\\/redenoticiaz.com.br\\\/litoralsp\\\/wp-content\\\/uploads\\\/sites\\\/3\\\/2020\\\/11\\\/logo.jpg\",\"width\":400,\"height\":250,\"caption\":\"Litoral SP\"},\"image\":{\"@id\":\"https:\\\/\\\/redenoticiaz.com.br\\\/litoralsp\\\/#\\\/schema\\\/logo\\\/image\\\/\"}},{\"@type\":\"Person\",\"@id\":\"https:\\\/\\\/redenoticiaz.com.br\\\/litoralsp\\\/#\\\/schema\\\/person\\\/0f0b8a5bdafefe82841e07ae8d81ecb3\",\"name\":\"Leonardo Francisco\",\"image\":{\"@type\":\"ImageObject\",\"inLanguage\":\"pt-BR\",\"@id\":\"https:\\\/\\\/secure.gravatar.com\\\/avatar\\\/a7358cb406a99b682ec6df1e77e31ae82e63601f6784e8a3df411d72b37864da?s=96&d=mm&r=g\",\"url\":\"https:\\\/\\\/secure.gravatar.com\\\/avatar\\\/a7358cb406a99b682ec6df1e77e31ae82e63601f6784e8a3df411d72b37864da?s=96&d=mm&r=g\",\"contentUrl\":\"https:\\\/\\\/secure.gravatar.com\\\/avatar\\\/a7358cb406a99b682ec6df1e77e31ae82e63601f6784e8a3df411d72b37864da?s=96&d=mm&r=g\",\"caption\":\"Leonardo Francisco\"},\"url\":\"https:\\\/\\\/redenoticiaz.com.br\\\/litoralsp\\\/author\\\/leonardo-francisco\"}]}<\/script>\n<!-- \/ Yoast SEO plugin. -->","yoast_head_json":{"title":"V\u00cdDEO &#8211; Suspeito de integrar fac\u00e7\u00e3o \u00e9 preso com R$ 71 mil dentro de carro - Litoral SP","description":"Baixada Santista. A pris\u00e3o ocorreu em S\u00e3o Vicente e com ele foi achado R$ 71 mil escondidos dentro do carro do suspeito de integrar uma fac\u00e7\u00e3o.","robots":{"index":"index","follow":"follow","max-snippet":"max-snippet:-1","max-image-preview":"max-image-preview:large","max-video-preview":"max-video-preview:-1"},"canonical":"https:\/\/redenoticiaz.com.br\/litoralsp\/2022\/10\/26\/video-suspeito-de-integrar-faccao-e-preso-com-r-71-mil-dentro-de-carro","og_locale":"pt_BR","og_type":"article","og_title":"V\u00cdDEO &#8211; Suspeito de integrar fac\u00e7\u00e3o \u00e9 preso com R$ 71 mil dentro de carro - Litoral SP","og_description":"Baixada Santista. A pris\u00e3o ocorreu em S\u00e3o Vicente e com ele foi achado R$ 71 mil escondidos dentro do carro do suspeito de integrar uma fac\u00e7\u00e3o.","og_url":"https:\/\/redenoticiaz.com.br\/litoralsp\/2022\/10\/26\/video-suspeito-de-integrar-faccao-e-preso-com-r-71-mil-dentro-de-carro","og_site_name":"Litoral SP","article_published_time":"2022-10-26T12:17:48+00:00","og_image":[{"width":1599,"height":899,"url":"https:\/\/redenoticiaz.com.br\/litoralsp\/wp-content\/uploads\/sites\/3\/2022\/10\/WhatsApp-Image-2022-10-25-at-12.17.27.jpeg","type":"image\/jpeg"}],"author":"Leonardo Francisco","twitter_card":"summary_large_image","twitter_misc":{"Escrito por":"Leonardo Francisco","Est. tempo de leitura":"2 minutos"},"schema":{"@context":"https:\/\/schema.org","@graph":[{"@type":"Article","@id":"https:\/\/redenoticiaz.com.br\/litoralsp\/2022\/10\/26\/video-suspeito-de-integrar-faccao-e-preso-com-r-71-mil-dentro-de-carro#article","isPartOf":{"@id":"https:\/\/redenoticiaz.com.br\/litoralsp\/2022\/10\/26\/video-suspeito-de-integrar-faccao-e-preso-com-r-71-mil-dentro-de-carro"},"author":{"name":"Leonardo Francisco","@id":"https:\/\/redenoticiaz.com.br\/litoralsp\/#\/schema\/person\/0f0b8a5bdafefe82841e07ae8d81ecb3"},"headline":"V\u00cdDEO &#8211; Suspeito de integrar fac\u00e7\u00e3o \u00e9 preso com R$ 71 mil dentro de carro","datePublished":"2022-10-26T12:17:48+00:00","mainEntityOfPage":{"@id":"https:\/\/redenoticiaz.com.br\/litoralsp\/2022\/10\/26\/video-suspeito-de-integrar-faccao-e-preso-com-r-71-mil-dentro-de-carro"},"wordCount":323,"commentCount":0,"publisher":{"@id":"https:\/\/redenoticiaz.com.br\/litoralsp\/#organization"},"image":{"@id":"https:\/\/redenoticiaz.com.br\/litoralsp\/2022\/10\/26\/video-suspeito-de-integrar-faccao-e-preso-com-r-71-mil-dentro-de-carro#primaryimage"},"thumbnailUrl":"https:\/\/redenoticiaz.com.br\/litoralsp\/wp-content\/uploads\/sites\/3\/2022\/10\/WhatsApp-Image-2022-10-25-at-12.17.27.jpeg","keywords":["carro","dinheiro","DISE DE PRAIA GRANDE","POL\u00cdCIA CIVIL","S\u00e3o Vicente","SUSPEITO PRESO"],"articleSection":["Pol\u00edcia","S\u00e3o Vicente"],"inLanguage":"pt-BR","potentialAction":[{"@type":"CommentAction","name":"Comment","target":["https:\/\/redenoticiaz.com.br\/litoralsp\/2022\/10\/26\/video-suspeito-de-integrar-faccao-e-preso-com-r-71-mil-dentro-de-carro#respond"]}]},{"@type":"WebPage","@id":"https:\/\/redenoticiaz.com.br\/litoralsp\/2022\/10\/26\/video-suspeito-de-integrar-faccao-e-preso-com-r-71-mil-dentro-de-carro","url":"https:\/\/redenoticiaz.com.br\/litoralsp\/2022\/10\/26\/video-suspeito-de-integrar-faccao-e-preso-com-r-71-mil-dentro-de-carro","name":"V\u00cdDEO &#8211; Suspeito de integrar fac\u00e7\u00e3o \u00e9 preso com R$ 71 mil dentro de carro - Litoral SP","isPartOf":{"@id":"https:\/\/redenoticiaz.com.br\/litoralsp\/#website"},"primaryImageOfPage":{"@id":"https:\/\/redenoticiaz.com.br\/litoralsp\/2022\/10\/26\/video-suspeito-de-integrar-faccao-e-preso-com-r-71-mil-dentro-de-carro#primaryimage"},"image":{"@id":"https:\/\/redenoticiaz.com.br\/litoralsp\/2022\/10\/26\/video-suspeito-de-integrar-faccao-e-preso-com-r-71-mil-dentro-de-carro#primaryimage"},"thumbnailUrl":"https:\/\/redenoticiaz.com.br\/litoralsp\/wp-content\/uploads\/sites\/3\/2022\/10\/WhatsApp-Image-2022-10-25-at-12.17.27.jpeg","datePublished":"2022-10-26T12:17:48+00:00","description":"Baixada Santista. A pris\u00e3o ocorreu em S\u00e3o Vicente e com ele foi achado R$ 71 mil escondidos dentro do carro do suspeito de integrar uma fac\u00e7\u00e3o.","inLanguage":"pt-BR","potentialAction":[{"@type":"ReadAction","target":["https:\/\/redenoticiaz.com.br\/litoralsp\/2022\/10\/26\/video-suspeito-de-integrar-faccao-e-preso-com-r-71-mil-dentro-de-carro"]}]},{"@type":"ImageObject","inLanguage":"pt-BR","@id":"https:\/\/redenoticiaz.com.br\/litoralsp\/2022\/10\/26\/video-suspeito-de-integrar-faccao-e-preso-com-r-71-mil-dentro-de-carro#primaryimage","url":"https:\/\/redenoticiaz.com.br\/litoralsp\/wp-content\/uploads\/sites\/3\/2022\/10\/WhatsApp-Image-2022-10-25-at-12.17.27.jpeg","contentUrl":"https:\/\/redenoticiaz.com.br\/litoralsp\/wp-content\/uploads\/sites\/3\/2022\/10\/WhatsApp-Image-2022-10-25-at-12.17.27.jpeg","width":1599,"height":899,"caption":"Cr\u00e9ditos: Divulga\u00e7\u00e3o\/Pol\u00edcia Civil"},{"@type":"WebSite","@id":"https:\/\/redenoticiaz.com.br\/litoralsp\/#website","url":"https:\/\/redenoticiaz.com.br\/litoralsp\/","name":"Litoral SP","description":"Rede NoticiaZ","publisher":{"@id":"https:\/\/redenoticiaz.com.br\/litoralsp\/#organization"},"potentialAction":[{"@type":"SearchAction","target":{"@type":"EntryPoint","urlTemplate":"https:\/\/redenoticiaz.com.br\/litoralsp\/?s={search_term_string}"},"query-input":{"@type":"PropertyValueSpecification","valueRequired":true,"valueName":"search_term_string"}}],"inLanguage":"pt-BR"},{"@type":"Organization","@id":"https:\/\/redenoticiaz.com.br\/litoralsp\/#organization","name":"Litoral SP","url":"https:\/\/redenoticiaz.com.br\/litoralsp\/","logo":{"@type":"ImageObject","inLanguage":"pt-BR","@id":"https:\/\/redenoticiaz.com.br\/litoralsp\/#\/schema\/logo\/image\/","url":"https:\/\/redenoticiaz.com.br\/litoralsp\/wp-content\/uploads\/sites\/3\/2020\/11\/logo.jpg","contentUrl":"https:\/\/redenoticiaz.com.br\/litoralsp\/wp-content\/uploads\/sites\/3\/2020\/11\/logo.jpg","width":400,"height":250,"caption":"Litoral SP"},"image":{"@id":"https:\/\/redenoticiaz.com.br\/litoralsp\/#\/schema\/logo\/image\/"}},{"@type":"Person","@id":"https:\/\/redenoticiaz.com.br\/litoralsp\/#\/schema\/person\/0f0b8a5bdafefe82841e07ae8d81ecb3","name":"Leonardo Francisco","image":{"@type":"ImageObject","inLanguage":"pt-BR","@id":"https:\/\/secure.gravatar.com\/avatar\/a7358cb406a99b682ec6df1e77e31ae82e63601f6784e8a3df411d72b37864da?s=96&d=mm&r=g","url":"https:\/\/secure.gravatar.com\/avatar\/a7358cb406a99b682ec6df1e77e31ae82e63601f6784e8a3df411d72b37864da?s=96&d=mm&r=g","contentUrl":"https:\/\/secure.gravatar.com\/avatar\/a7358cb406a99b682ec6df1e77e31ae82e63601f6784e8a3df411d72b37864da?s=96&d=mm&r=g","caption":"Leonardo Francisco"},"url":"https:\/\/redenoticiaz.com.br\/litoralsp\/author\/leonardo-francisco"}]}},"_links":{"self":[{"href":"https:\/\/redenoticiaz.com.br\/litoralsp\/wp-json\/wp\/v2\/posts\/93938","targetHints":{"allow":["GET"]}}],"collection":[{"href":"https:\/\/redenoticiaz.com.br\/litoralsp\/wp-json\/wp\/v2\/posts"}],"about":[{"href":"https:\/\/redenoticiaz.com.br\/litoralsp\/wp-json\/wp\/v2\/types\/post"}],"author":[{"embeddable":true,"href":"https:\/\/redenoticiaz.com.br\/litoralsp\/wp-json\/wp\/v2\/users\/6"}],"replies":[{"embeddable":true,"href":"https:\/\/redenoticiaz.com.br\/litoralsp\/wp-json\/wp\/v2\/comments?post=93938"}],"version-history":[{"count":1,"href":"https:\/\/redenoticiaz.com.br\/litoralsp\/wp-json\/wp\/v2\/posts\/93938\/revisions"}],"predecessor-version":[{"id":93942,"href":"https:\/\/redenoticiaz.com.br\/litoralsp\/wp-json\/wp\/v2\/posts\/93938\/revisions\/93942"}],"wp:featuredmedia":[{"embeddable":true,"href":"https:\/\/redenoticiaz.com.br\/litoralsp\/wp-json\/wp\/v2\/media\/93939"}],"wp:attachment":[{"href":"https:\/\/redenoticiaz.com.br\/litoralsp\/wp-json\/wp\/v2\/media?parent=93938"}],"wp:term":[{"taxonomy":"category","embeddable":true,"href":"https:\/\/redenoticiaz.com.br\/litoralsp\/wp-json\/wp\/v2\/categories?post=93938"},{"taxonomy":"post_tag","embeddable":true,"href":"https:\/\/redenoticiaz.com.br\/litoralsp\/wp-json\/wp\/v2\/tags?post=93938"}],"curies":[{"name":"wp","href":"https:\/\/api.w.org\/{rel}","templated":true}]}}