{"id":93965,"date":"2022-10-26T14:38:57","date_gmt":"2022-10-26T17:38:57","guid":{"rendered":"https:\/\/redenoticiaz.com.br\/litoralsp\/?p=93965"},"modified":"2022-10-26T14:38:57","modified_gmt":"2022-10-26T17:38:57","slug":"video-jovens-que-se-afogavam-no-mar-sao-resgatadas-por-guarda-vidas-de-folga-em-mongagua-no-litoral-de-sp","status":"publish","type":"post","link":"https:\/\/redenoticiaz.com.br\/litoralsp\/2022\/10\/26\/video-jovens-que-se-afogavam-no-mar-sao-resgatadas-por-guarda-vidas-de-folga-em-mongagua-no-litoral-de-sp","title":{"rendered":"V\u00cdDEO &#8211; Jovens que se afogavam no mar s\u00e3o resgatadas por guarda-vidas de folga em Mongagu\u00e1, no litoral de SP"},"content":{"rendered":"<p>Um v\u00eddeo mostra o momento do resgate de duas turistas, de 15 e 20 anos, que se afogavam em uma \u00e1rea de correnteza em Mongagu\u00e1, no litoral de S\u00e3o Paulo. Ambas foram resgatadas por tr\u00eas guarda-vidas, onde dois deles estavam de folga no dia.<\/p>\n<div style=\"width: 736px;\" class=\"wp-video\"><video class=\"wp-video-shortcode\" id=\"video-93965-1\" width=\"736\" height=\"448\" preload=\"metadata\" controls=\"controls\"><source type=\"video\/mp4\" src=\"https:\/\/redenoticiaz.com.br\/litoralsp\/wp-content\/uploads\/sites\/3\/2022\/10\/WhatsApp-Video-2022-10-26-at-14.15.37.mp4?_=1\" \/><a href=\"https:\/\/redenoticiaz.com.br\/litoralsp\/wp-content\/uploads\/sites\/3\/2022\/10\/WhatsApp-Video-2022-10-26-at-14.15.37.mp4\">https:\/\/redenoticiaz.com.br\/litoralsp\/wp-content\/uploads\/sites\/3\/2022\/10\/WhatsApp-Video-2022-10-26-at-14.15.37.mp4<\/a><\/video><\/div>\n<div id=\"chunk-adsep\">\n<div class=\"mc-column content-text active-extra-styles \" data-block-type=\"unstyled\" data-block-weight=\"56\" data-block-id=\"3\">\n<div id=\"chunk-th4e\">\n<div class=\"mc-column content-text active-extra-styles \" data-block-type=\"unstyled\" data-block-weight=\"42\" data-block-id=\"4\">\n<p data-track-category=\"Link no Texto\" data-track-links=\"\">J\u00falio Cesar Biazus e Ronaldo Ribeiro s\u00e3o guarda-vidas e estavam de folga no \u00faltimo do domingo (23). Eles combinaram de ir surfar pr\u00f3ximo \u00e0 plataforma de Mongagu\u00e1.<\/p>\n<\/div>\n<\/div>\n<div id=\"chunk-9tnev\">\n<div class=\"mc-column content-text active-extra-styles \" data-block-type=\"unstyled\" data-block-weight=\"51\" data-block-id=\"5\">\n<div id=\"chunk-9tnev\">\n<div class=\"mc-column content-text active-extra-styles \" data-block-type=\"unstyled\" data-block-weight=\"51\" data-block-id=\"5\">\n<p class=\"content-text__container \" data-track-category=\"Link no Texto\" data-track-links=\"\">Por\u00e9m, ao entrarem na \u00e1gua, por volta das 12h, foram surpreendidos por duas mulheres desesperadas no fundo do mar. O cabo Biazus relatou que as jovens foram arrastadas por uma forte correnteza. \u201cUma delas come\u00e7ou a entrar em afogamento, a outra foi ajudar e as duas come\u00e7aram a se afogar\u201d, lembrou.<\/p>\n<\/div>\n<\/div>\n<div id=\"chunk-3mg9n\">\n<div class=\"content-ads content-ads--reveal\" data-block-type=\"ads\" data-block-id=\"6\">\n<div id=\"banner_materia2\" class=\"tag-manager-publicidade-container mc-has-reveal mc-has-ad-lazyload tag-manager-publicidade-banner_materia2 tag-manager-publicidade-container--carregado tag-manager-publicidade-container--visivel\" data-id=\"banner_materia2\" data-req=\"true\" data-google-query-id=\"CP3F0Nev_voCFaRHuAQdYWgMvg\" data-cid=\"138407695646\" data-lid=\"6128879236\">\n<div id=\"chunk-c9jjo\">\n<div class=\"mc-column content-text active-extra-styles \" data-block-type=\"unstyled\" data-block-weight=\"30\" data-block-id=\"9\">\n<p class=\"content-text__container \" data-track-category=\"Link no Texto\" data-track-links=\"\">Al\u00e9m dos dois cabos, um terceiro guarda-vidas, que estava em servi\u00e7o, se uniu para ajudar no resgate. Segundo Biazus, o profissional j\u00e1 havia apitado para as jovens sa\u00edrem do mar.<\/p>\n<p data-track-category=\"Link no Texto\" data-track-links=\"\">As duas jovens foram retiradas do mar com aux\u00edlio das pranchas de surfe dos dois guarda-vidas.<\/p>\n<p data-track-category=\"Link no Texto\" data-track-links=\"\"><strong>Leia mais<\/strong><\/p>\n<p data-track-category=\"Link no Texto\" data-track-links=\"\"><a href=\"https:\/\/redenoticiaz.com.br\/litoralsp\/2022\/10\/20\/idoso-sofre-tentativa-de-roubo-e-criminosos-acabam-presos-apos-perseguicao-no-litoral-de-sp\">Idoso sofre tentativa de roubo e criminosos acabam presos ap\u00f3s persegui\u00e7\u00e3o no litoral de SP<\/a><\/p>\n<\/div>\n<\/div>\n<\/div>\n<\/div>\n<\/div>\n<\/div>\n<\/div>\n<\/div>\n<\/div>\n","protected":false},"excerpt":{"rendered":"<p>Um v\u00eddeo mostra o momento do resgate de duas turistas, de 15 e 20 anos, que se afogavam em uma \u00e1rea de correnteza em Mongagu\u00e1, no litoral de S\u00e3o Paulo. Ambas foram resgatadas por tr\u00eas guarda-vidas, onde dois deles estavam de folga no dia. J\u00falio Cesar Biazus e Ronaldo Ribeiro s\u00e3o guarda-vidas e estavam de &hellip;<\/p>\n","protected":false},"author":12,"featured_media":93967,"comment_status":"open","ping_status":"closed","sticky":false,"template":"","format":"standard","meta":{"footnotes":""},"categories":[4,183],"tags":[7600,8377,60424],"class_list":["post-93965","post","type-post","status-publish","format-standard","has-post-thumbnail","hentry","category-geral","category-mongagua","tag-afogamento","tag-guarda-vidas","tag-jovens-se-afogam"],"yoast_head":"<!-- This site is optimized with the Yoast SEO plugin v27.5 - https:\/\/yoast.com\/product\/yoast-seo-wordpress\/ -->\n<title>V\u00cdDEO &#8211; Jovens que se afogavam no mar s\u00e3o resgatadas por guarda-vidas de folga em Mongagu\u00e1, no litoral de SP - Litoral SP<\/title>\n<meta name=\"description\" content=\"Um v\u00eddeo mostra o momento do resgate de duas turistas, de 15 e 20 anos, que se afogavam em uma \u00e1rea de correnteza em Mongagu\u00e1.\" \/>\n<meta name=\"robots\" content=\"index, follow, max-snippet:-1, max-image-preview:large, max-video-preview:-1\" \/>\n<link rel=\"canonical\" href=\"https:\/\/redenoticiaz.com.br\/litoralsp\/2022\/10\/26\/video-jovens-que-se-afogavam-no-mar-sao-resgatadas-por-guarda-vidas-de-folga-em-mongagua-no-litoral-de-sp\" \/>\n<meta property=\"og:locale\" content=\"pt_BR\" \/>\n<meta property=\"og:type\" content=\"article\" \/>\n<meta property=\"og:title\" content=\"V\u00cdDEO &#8211; Jovens que se afogavam no mar s\u00e3o resgatadas por guarda-vidas de folga em Mongagu\u00e1, no litoral de SP - Litoral SP\" \/>\n<meta property=\"og:description\" content=\"Um v\u00eddeo mostra o momento do resgate de duas turistas, de 15 e 20 anos, que se afogavam em uma \u00e1rea de correnteza em Mongagu\u00e1.\" \/>\n<meta property=\"og:url\" content=\"https:\/\/redenoticiaz.com.br\/litoralsp\/2022\/10\/26\/video-jovens-que-se-afogavam-no-mar-sao-resgatadas-por-guarda-vidas-de-folga-em-mongagua-no-litoral-de-sp\" \/>\n<meta property=\"og:site_name\" content=\"Litoral SP\" \/>\n<meta property=\"article:published_time\" content=\"2022-10-26T17:38:57+00:00\" \/>\n<meta property=\"og:image\" content=\"https:\/\/redenoticiaz.com.br\/litoralsp\/wp-content\/uploads\/sites\/3\/2022\/10\/resgate-jovens.jpg\" \/>\n\t<meta property=\"og:image:width\" content=\"836\" \/>\n\t<meta property=\"og:image:height\" content=\"418\" \/>\n\t<meta property=\"og:image:type\" content=\"image\/jpeg\" \/>\n<meta name=\"author\" content=\"Gustavo Silva\" \/>\n<meta name=\"twitter:card\" content=\"summary_large_image\" \/>\n<meta name=\"twitter:label1\" content=\"Escrito por\" \/>\n\t<meta name=\"twitter:data1\" content=\"Gustavo Silva\" \/>\n\t<meta name=\"twitter:label2\" content=\"Est. tempo de leitura\" \/>\n\t<meta name=\"twitter:data2\" content=\"2 minutos\" \/>\n<script type=\"application\/ld+json\" class=\"yoast-schema-graph\">{\"@context\":\"https:\\\/\\\/schema.org\",\"@graph\":[{\"@type\":\"Article\",\"@id\":\"https:\\\/\\\/redenoticiaz.com.br\\\/litoralsp\\\/2022\\\/10\\\/26\\\/video-jovens-que-se-afogavam-no-mar-sao-resgatadas-por-guarda-vidas-de-folga-em-mongagua-no-litoral-de-sp#article\",\"isPartOf\":{\"@id\":\"https:\\\/\\\/redenoticiaz.com.br\\\/litoralsp\\\/2022\\\/10\\\/26\\\/video-jovens-que-se-afogavam-no-mar-sao-resgatadas-por-guarda-vidas-de-folga-em-mongagua-no-litoral-de-sp\"},\"author\":{\"name\":\"Gustavo Silva\",\"@id\":\"https:\\\/\\\/redenoticiaz.com.br\\\/litoralsp\\\/#\\\/schema\\\/person\\\/16057b37a3c0ee6b096d7f887c566e2e\"},\"headline\":\"V\u00cdDEO &#8211; Jovens que se afogavam no mar s\u00e3o resgatadas por guarda-vidas de folga em Mongagu\u00e1, no litoral de SP\",\"datePublished\":\"2022-10-26T17:38:57+00:00\",\"mainEntityOfPage\":{\"@id\":\"https:\\\/\\\/redenoticiaz.com.br\\\/litoralsp\\\/2022\\\/10\\\/26\\\/video-jovens-que-se-afogavam-no-mar-sao-resgatadas-por-guarda-vidas-de-folga-em-mongagua-no-litoral-de-sp\"},\"wordCount\":235,\"commentCount\":0,\"publisher\":{\"@id\":\"https:\\\/\\\/redenoticiaz.com.br\\\/litoralsp\\\/#organization\"},\"image\":{\"@id\":\"https:\\\/\\\/redenoticiaz.com.br\\\/litoralsp\\\/2022\\\/10\\\/26\\\/video-jovens-que-se-afogavam-no-mar-sao-resgatadas-por-guarda-vidas-de-folga-em-mongagua-no-litoral-de-sp#primaryimage\"},\"thumbnailUrl\":\"https:\\\/\\\/redenoticiaz.com.br\\\/litoralsp\\\/wp-content\\\/uploads\\\/sites\\\/3\\\/2022\\\/10\\\/resgate-jovens.jpg\",\"keywords\":[\"AFOGAMENTO\",\"GUARDA-VIDAS\",\"JOVENS SE AFOGAM\"],\"articleSection\":[\"Geral\",\"Mongagu\u00e1\"],\"inLanguage\":\"pt-BR\",\"potentialAction\":[{\"@type\":\"CommentAction\",\"name\":\"Comment\",\"target\":[\"https:\\\/\\\/redenoticiaz.com.br\\\/litoralsp\\\/2022\\\/10\\\/26\\\/video-jovens-que-se-afogavam-no-mar-sao-resgatadas-por-guarda-vidas-de-folga-em-mongagua-no-litoral-de-sp#respond\"]}]},{\"@type\":\"WebPage\",\"@id\":\"https:\\\/\\\/redenoticiaz.com.br\\\/litoralsp\\\/2022\\\/10\\\/26\\\/video-jovens-que-se-afogavam-no-mar-sao-resgatadas-por-guarda-vidas-de-folga-em-mongagua-no-litoral-de-sp\",\"url\":\"https:\\\/\\\/redenoticiaz.com.br\\\/litoralsp\\\/2022\\\/10\\\/26\\\/video-jovens-que-se-afogavam-no-mar-sao-resgatadas-por-guarda-vidas-de-folga-em-mongagua-no-litoral-de-sp\",\"name\":\"V\u00cdDEO &#8211; Jovens que se afogavam no mar s\u00e3o resgatadas por guarda-vidas de folga em Mongagu\u00e1, no litoral de SP - Litoral SP\",\"isPartOf\":{\"@id\":\"https:\\\/\\\/redenoticiaz.com.br\\\/litoralsp\\\/#website\"},\"primaryImageOfPage\":{\"@id\":\"https:\\\/\\\/redenoticiaz.com.br\\\/litoralsp\\\/2022\\\/10\\\/26\\\/video-jovens-que-se-afogavam-no-mar-sao-resgatadas-por-guarda-vidas-de-folga-em-mongagua-no-litoral-de-sp#primaryimage\"},\"image\":{\"@id\":\"https:\\\/\\\/redenoticiaz.com.br\\\/litoralsp\\\/2022\\\/10\\\/26\\\/video-jovens-que-se-afogavam-no-mar-sao-resgatadas-por-guarda-vidas-de-folga-em-mongagua-no-litoral-de-sp#primaryimage\"},\"thumbnailUrl\":\"https:\\\/\\\/redenoticiaz.com.br\\\/litoralsp\\\/wp-content\\\/uploads\\\/sites\\\/3\\\/2022\\\/10\\\/resgate-jovens.jpg\",\"datePublished\":\"2022-10-26T17:38:57+00:00\",\"description\":\"Um v\u00eddeo mostra o momento do resgate de duas turistas, de 15 e 20 anos, que se afogavam em uma \u00e1rea de correnteza em Mongagu\u00e1.\",\"inLanguage\":\"pt-BR\",\"potentialAction\":[{\"@type\":\"ReadAction\",\"target\":[\"https:\\\/\\\/redenoticiaz.com.br\\\/litoralsp\\\/2022\\\/10\\\/26\\\/video-jovens-que-se-afogavam-no-mar-sao-resgatadas-por-guarda-vidas-de-folga-em-mongagua-no-litoral-de-sp\"]}]},{\"@type\":\"ImageObject\",\"inLanguage\":\"pt-BR\",\"@id\":\"https:\\\/\\\/redenoticiaz.com.br\\\/litoralsp\\\/2022\\\/10\\\/26\\\/video-jovens-que-se-afogavam-no-mar-sao-resgatadas-por-guarda-vidas-de-folga-em-mongagua-no-litoral-de-sp#primaryimage\",\"url\":\"https:\\\/\\\/redenoticiaz.com.br\\\/litoralsp\\\/wp-content\\\/uploads\\\/sites\\\/3\\\/2022\\\/10\\\/resgate-jovens.jpg\",\"contentUrl\":\"https:\\\/\\\/redenoticiaz.com.br\\\/litoralsp\\\/wp-content\\\/uploads\\\/sites\\\/3\\\/2022\\\/10\\\/resgate-jovens.jpg\",\"width\":836,\"height\":418},{\"@type\":\"WebSite\",\"@id\":\"https:\\\/\\\/redenoticiaz.com.br\\\/litoralsp\\\/#website\",\"url\":\"https:\\\/\\\/redenoticiaz.com.br\\\/litoralsp\\\/\",\"name\":\"Litoral SP\",\"description\":\"Rede NoticiaZ\",\"publisher\":{\"@id\":\"https:\\\/\\\/redenoticiaz.com.br\\\/litoralsp\\\/#organization\"},\"potentialAction\":[{\"@type\":\"SearchAction\",\"target\":{\"@type\":\"EntryPoint\",\"urlTemplate\":\"https:\\\/\\\/redenoticiaz.com.br\\\/litoralsp\\\/?s={search_term_string}\"},\"query-input\":{\"@type\":\"PropertyValueSpecification\",\"valueRequired\":true,\"valueName\":\"search_term_string\"}}],\"inLanguage\":\"pt-BR\"},{\"@type\":\"Organization\",\"@id\":\"https:\\\/\\\/redenoticiaz.com.br\\\/litoralsp\\\/#organization\",\"name\":\"Litoral SP\",\"url\":\"https:\\\/\\\/redenoticiaz.com.br\\\/litoralsp\\\/\",\"logo\":{\"@type\":\"ImageObject\",\"inLanguage\":\"pt-BR\",\"@id\":\"https:\\\/\\\/redenoticiaz.com.br\\\/litoralsp\\\/#\\\/schema\\\/logo\\\/image\\\/\",\"url\":\"https:\\\/\\\/redenoticiaz.com.br\\\/litoralsp\\\/wp-content\\\/uploads\\\/sites\\\/3\\\/2020\\\/11\\\/logo.jpg\",\"contentUrl\":\"https:\\\/\\\/redenoticiaz.com.br\\\/litoralsp\\\/wp-content\\\/uploads\\\/sites\\\/3\\\/2020\\\/11\\\/logo.jpg\",\"width\":400,\"height\":250,\"caption\":\"Litoral SP\"},\"image\":{\"@id\":\"https:\\\/\\\/redenoticiaz.com.br\\\/litoralsp\\\/#\\\/schema\\\/logo\\\/image\\\/\"}},{\"@type\":\"Person\",\"@id\":\"https:\\\/\\\/redenoticiaz.com.br\\\/litoralsp\\\/#\\\/schema\\\/person\\\/16057b37a3c0ee6b096d7f887c566e2e\",\"name\":\"Gustavo Silva\",\"image\":{\"@type\":\"ImageObject\",\"inLanguage\":\"pt-BR\",\"@id\":\"https:\\\/\\\/secure.gravatar.com\\\/avatar\\\/3ee4e82f93b26de0a7cf4ea5eb7893da637ed6bb0c9170c58065944c56e28a33?s=96&d=mm&r=g\",\"url\":\"https:\\\/\\\/secure.gravatar.com\\\/avatar\\\/3ee4e82f93b26de0a7cf4ea5eb7893da637ed6bb0c9170c58065944c56e28a33?s=96&d=mm&r=g\",\"contentUrl\":\"https:\\\/\\\/secure.gravatar.com\\\/avatar\\\/3ee4e82f93b26de0a7cf4ea5eb7893da637ed6bb0c9170c58065944c56e28a33?s=96&d=mm&r=g\",\"caption\":\"Gustavo Silva\"},\"url\":\"https:\\\/\\\/redenoticiaz.com.br\\\/litoralsp\\\/author\\\/gustavosilva\"}]}<\/script>\n<!-- \/ Yoast SEO plugin. -->","yoast_head_json":{"title":"V\u00cdDEO &#8211; Jovens que se afogavam no mar s\u00e3o resgatadas por guarda-vidas de folga em Mongagu\u00e1, no litoral de SP - Litoral SP","description":"Um v\u00eddeo mostra o momento do resgate de duas turistas, de 15 e 20 anos, que se afogavam em uma \u00e1rea de correnteza em Mongagu\u00e1.","robots":{"index":"index","follow":"follow","max-snippet":"max-snippet:-1","max-image-preview":"max-image-preview:large","max-video-preview":"max-video-preview:-1"},"canonical":"https:\/\/redenoticiaz.com.br\/litoralsp\/2022\/10\/26\/video-jovens-que-se-afogavam-no-mar-sao-resgatadas-por-guarda-vidas-de-folga-em-mongagua-no-litoral-de-sp","og_locale":"pt_BR","og_type":"article","og_title":"V\u00cdDEO &#8211; Jovens que se afogavam no mar s\u00e3o resgatadas por guarda-vidas de folga em Mongagu\u00e1, no litoral de SP - Litoral SP","og_description":"Um v\u00eddeo mostra o momento do resgate de duas turistas, de 15 e 20 anos, que se afogavam em uma \u00e1rea de correnteza em Mongagu\u00e1.","og_url":"https:\/\/redenoticiaz.com.br\/litoralsp\/2022\/10\/26\/video-jovens-que-se-afogavam-no-mar-sao-resgatadas-por-guarda-vidas-de-folga-em-mongagua-no-litoral-de-sp","og_site_name":"Litoral SP","article_published_time":"2022-10-26T17:38:57+00:00","og_image":[{"width":836,"height":418,"url":"https:\/\/redenoticiaz.com.br\/litoralsp\/wp-content\/uploads\/sites\/3\/2022\/10\/resgate-jovens.jpg","type":"image\/jpeg"}],"author":"Gustavo Silva","twitter_card":"summary_large_image","twitter_misc":{"Escrito por":"Gustavo Silva","Est. tempo de leitura":"2 minutos"},"schema":{"@context":"https:\/\/schema.org","@graph":[{"@type":"Article","@id":"https:\/\/redenoticiaz.com.br\/litoralsp\/2022\/10\/26\/video-jovens-que-se-afogavam-no-mar-sao-resgatadas-por-guarda-vidas-de-folga-em-mongagua-no-litoral-de-sp#article","isPartOf":{"@id":"https:\/\/redenoticiaz.com.br\/litoralsp\/2022\/10\/26\/video-jovens-que-se-afogavam-no-mar-sao-resgatadas-por-guarda-vidas-de-folga-em-mongagua-no-litoral-de-sp"},"author":{"name":"Gustavo Silva","@id":"https:\/\/redenoticiaz.com.br\/litoralsp\/#\/schema\/person\/16057b37a3c0ee6b096d7f887c566e2e"},"headline":"V\u00cdDEO &#8211; Jovens que se afogavam no mar s\u00e3o resgatadas por guarda-vidas de folga em Mongagu\u00e1, no litoral de SP","datePublished":"2022-10-26T17:38:57+00:00","mainEntityOfPage":{"@id":"https:\/\/redenoticiaz.com.br\/litoralsp\/2022\/10\/26\/video-jovens-que-se-afogavam-no-mar-sao-resgatadas-por-guarda-vidas-de-folga-em-mongagua-no-litoral-de-sp"},"wordCount":235,"commentCount":0,"publisher":{"@id":"https:\/\/redenoticiaz.com.br\/litoralsp\/#organization"},"image":{"@id":"https:\/\/redenoticiaz.com.br\/litoralsp\/2022\/10\/26\/video-jovens-que-se-afogavam-no-mar-sao-resgatadas-por-guarda-vidas-de-folga-em-mongagua-no-litoral-de-sp#primaryimage"},"thumbnailUrl":"https:\/\/redenoticiaz.com.br\/litoralsp\/wp-content\/uploads\/sites\/3\/2022\/10\/resgate-jovens.jpg","keywords":["AFOGAMENTO","GUARDA-VIDAS","JOVENS SE AFOGAM"],"articleSection":["Geral","Mongagu\u00e1"],"inLanguage":"pt-BR","potentialAction":[{"@type":"CommentAction","name":"Comment","target":["https:\/\/redenoticiaz.com.br\/litoralsp\/2022\/10\/26\/video-jovens-que-se-afogavam-no-mar-sao-resgatadas-por-guarda-vidas-de-folga-em-mongagua-no-litoral-de-sp#respond"]}]},{"@type":"WebPage","@id":"https:\/\/redenoticiaz.com.br\/litoralsp\/2022\/10\/26\/video-jovens-que-se-afogavam-no-mar-sao-resgatadas-por-guarda-vidas-de-folga-em-mongagua-no-litoral-de-sp","url":"https:\/\/redenoticiaz.com.br\/litoralsp\/2022\/10\/26\/video-jovens-que-se-afogavam-no-mar-sao-resgatadas-por-guarda-vidas-de-folga-em-mongagua-no-litoral-de-sp","name":"V\u00cdDEO &#8211; Jovens que se afogavam no mar s\u00e3o resgatadas por guarda-vidas de folga em Mongagu\u00e1, no litoral de SP - Litoral SP","isPartOf":{"@id":"https:\/\/redenoticiaz.com.br\/litoralsp\/#website"},"primaryImageOfPage":{"@id":"https:\/\/redenoticiaz.com.br\/litoralsp\/2022\/10\/26\/video-jovens-que-se-afogavam-no-mar-sao-resgatadas-por-guarda-vidas-de-folga-em-mongagua-no-litoral-de-sp#primaryimage"},"image":{"@id":"https:\/\/redenoticiaz.com.br\/litoralsp\/2022\/10\/26\/video-jovens-que-se-afogavam-no-mar-sao-resgatadas-por-guarda-vidas-de-folga-em-mongagua-no-litoral-de-sp#primaryimage"},"thumbnailUrl":"https:\/\/redenoticiaz.com.br\/litoralsp\/wp-content\/uploads\/sites\/3\/2022\/10\/resgate-jovens.jpg","datePublished":"2022-10-26T17:38:57+00:00","description":"Um v\u00eddeo mostra o momento do resgate de duas turistas, de 15 e 20 anos, que se afogavam em uma \u00e1rea de correnteza em Mongagu\u00e1.","inLanguage":"pt-BR","potentialAction":[{"@type":"ReadAction","target":["https:\/\/redenoticiaz.com.br\/litoralsp\/2022\/10\/26\/video-jovens-que-se-afogavam-no-mar-sao-resgatadas-por-guarda-vidas-de-folga-em-mongagua-no-litoral-de-sp"]}]},{"@type":"ImageObject","inLanguage":"pt-BR","@id":"https:\/\/redenoticiaz.com.br\/litoralsp\/2022\/10\/26\/video-jovens-que-se-afogavam-no-mar-sao-resgatadas-por-guarda-vidas-de-folga-em-mongagua-no-litoral-de-sp#primaryimage","url":"https:\/\/redenoticiaz.com.br\/litoralsp\/wp-content\/uploads\/sites\/3\/2022\/10\/resgate-jovens.jpg","contentUrl":"https:\/\/redenoticiaz.com.br\/litoralsp\/wp-content\/uploads\/sites\/3\/2022\/10\/resgate-jovens.jpg","width":836,"height":418},{"@type":"WebSite","@id":"https:\/\/redenoticiaz.com.br\/litoralsp\/#website","url":"https:\/\/redenoticiaz.com.br\/litoralsp\/","name":"Litoral SP","description":"Rede NoticiaZ","publisher":{"@id":"https:\/\/redenoticiaz.com.br\/litoralsp\/#organization"},"potentialAction":[{"@type":"SearchAction","target":{"@type":"EntryPoint","urlTemplate":"https:\/\/redenoticiaz.com.br\/litoralsp\/?s={search_term_string}"},"query-input":{"@type":"PropertyValueSpecification","valueRequired":true,"valueName":"search_term_string"}}],"inLanguage":"pt-BR"},{"@type":"Organization","@id":"https:\/\/redenoticiaz.com.br\/litoralsp\/#organization","name":"Litoral SP","url":"https:\/\/redenoticiaz.com.br\/litoralsp\/","logo":{"@type":"ImageObject","inLanguage":"pt-BR","@id":"https:\/\/redenoticiaz.com.br\/litoralsp\/#\/schema\/logo\/image\/","url":"https:\/\/redenoticiaz.com.br\/litoralsp\/wp-content\/uploads\/sites\/3\/2020\/11\/logo.jpg","contentUrl":"https:\/\/redenoticiaz.com.br\/litoralsp\/wp-content\/uploads\/sites\/3\/2020\/11\/logo.jpg","width":400,"height":250,"caption":"Litoral SP"},"image":{"@id":"https:\/\/redenoticiaz.com.br\/litoralsp\/#\/schema\/logo\/image\/"}},{"@type":"Person","@id":"https:\/\/redenoticiaz.com.br\/litoralsp\/#\/schema\/person\/16057b37a3c0ee6b096d7f887c566e2e","name":"Gustavo Silva","image":{"@type":"ImageObject","inLanguage":"pt-BR","@id":"https:\/\/secure.gravatar.com\/avatar\/3ee4e82f93b26de0a7cf4ea5eb7893da637ed6bb0c9170c58065944c56e28a33?s=96&d=mm&r=g","url":"https:\/\/secure.gravatar.com\/avatar\/3ee4e82f93b26de0a7cf4ea5eb7893da637ed6bb0c9170c58065944c56e28a33?s=96&d=mm&r=g","contentUrl":"https:\/\/secure.gravatar.com\/avatar\/3ee4e82f93b26de0a7cf4ea5eb7893da637ed6bb0c9170c58065944c56e28a33?s=96&d=mm&r=g","caption":"Gustavo Silva"},"url":"https:\/\/redenoticiaz.com.br\/litoralsp\/author\/gustavosilva"}]}},"_links":{"self":[{"href":"https:\/\/redenoticiaz.com.br\/litoralsp\/wp-json\/wp\/v2\/posts\/93965","targetHints":{"allow":["GET"]}}],"collection":[{"href":"https:\/\/redenoticiaz.com.br\/litoralsp\/wp-json\/wp\/v2\/posts"}],"about":[{"href":"https:\/\/redenoticiaz.com.br\/litoralsp\/wp-json\/wp\/v2\/types\/post"}],"author":[{"embeddable":true,"href":"https:\/\/redenoticiaz.com.br\/litoralsp\/wp-json\/wp\/v2\/users\/12"}],"replies":[{"embeddable":true,"href":"https:\/\/redenoticiaz.com.br\/litoralsp\/wp-json\/wp\/v2\/comments?post=93965"}],"version-history":[{"count":1,"href":"https:\/\/redenoticiaz.com.br\/litoralsp\/wp-json\/wp\/v2\/posts\/93965\/revisions"}],"predecessor-version":[{"id":93968,"href":"https:\/\/redenoticiaz.com.br\/litoralsp\/wp-json\/wp\/v2\/posts\/93965\/revisions\/93968"}],"wp:featuredmedia":[{"embeddable":true,"href":"https:\/\/redenoticiaz.com.br\/litoralsp\/wp-json\/wp\/v2\/media\/93967"}],"wp:attachment":[{"href":"https:\/\/redenoticiaz.com.br\/litoralsp\/wp-json\/wp\/v2\/media?parent=93965"}],"wp:term":[{"taxonomy":"category","embeddable":true,"href":"https:\/\/redenoticiaz.com.br\/litoralsp\/wp-json\/wp\/v2\/categories?post=93965"},{"taxonomy":"post_tag","embeddable":true,"href":"https:\/\/redenoticiaz.com.br\/litoralsp\/wp-json\/wp\/v2\/tags?post=93965"}],"curies":[{"name":"wp","href":"https:\/\/api.w.org\/{rel}","templated":true}]}}