{"id":93969,"date":"2022-10-26T15:18:41","date_gmt":"2022-10-26T18:18:41","guid":{"rendered":"https:\/\/redenoticiaz.com.br\/litoralsp\/2022\/10\/26\/video-a-fazenda-14-tem-brigas-e-discussoes-durante-a-madrugada"},"modified":"2022-10-26T15:20:47","modified_gmt":"2022-10-26T18:20:47","slug":"video-a-fazenda-14-tem-brigas-e-discussoes-durante-a-madrugada","status":"publish","type":"post","link":"https:\/\/redenoticiaz.com.br\/litoralsp\/2022\/10\/26\/video-a-fazenda-14-tem-brigas-e-discussoes-durante-a-madrugada","title":{"rendered":"V\u00cdDEO \u2013 \u2018A Fazenda 14\u2019 tem brigas e discuss\u00f5es durante a madrugada"},"content":{"rendered":"<p>Ap\u00f3s a forma\u00e7\u00e3o da ro\u00e7a em &#8220;A Fazenda 14&#8221;, da RecordTV, alguns participantes perderam a cabe\u00e7a e se envolveram em brigas e discuss\u00f5es durante a madrugada dessa quarta-feira, (26).<\/p>\n<h4>Bia briga com Pel\u00e9<\/h4>\n<p>Durante a vota\u00e7\u00e3o para a ro\u00e7a, Pel\u00e9 provocou Bia e disse que, caso se torne o s\u00e9timo fazendeiro, ir\u00e1 colocar a neta posti\u00e7a de Gretchen direto na pr\u00f3xima berlinda.<\/p>\n<p>No in\u00edcio da madrugada, as integrantes do &#8220;grupo A&#8221; relembraram que, mais de uma vez, o rapper pediu para ser colocado propositalmente na ro\u00e7a para que deixasse o jogo.<\/p>\n<p>&#8220;Estou triste sim. Nunca fiquei tanto tempo sem falar com as pessoas que eu amo. Eu preciso me sentir vivo, e ir para a ro\u00e7a faz isso&#8221;, respondeu Pel\u00e9.<\/p>\n<h4>Deborah discute com Lucas<\/h4>\n<p><iframe loading=\"lazy\" title=\"Treta! Deborah e Lucas trocam provoca\u00e7\u00f5es e ofensas | A Fazenda 14\" width=\"500\" height=\"281\" src=\"https:\/\/www.youtube.com\/embed\/AeqZBSoisiY?feature=oembed\" frameborder=\"0\" allow=\"accelerometer; autoplay; clipboard-write; encrypted-media; gyroscope; picture-in-picture; web-share\" referrerpolicy=\"strict-origin-when-cross-origin\" allowfullscreen><\/iframe><\/p>\n<p>Lucas e Deborah discutiram ap\u00f3s uma provoca\u00e7\u00e3o de Deolane para a ruiva. Pouco antes de descer para a baia, Deolane gritou para Deborah:<\/p>\n<blockquote><p>Cuidado para n\u00e3o perder o casamento, hein! Porque pensa num amor grande pelo Shay&#8230; Se liga hein, Fofinho [apelido do marido de Deborah]! O amor t\u00e1 grande.<\/p><\/blockquote>\n<p>Ap\u00f3s Deolane sair, Lucas continuou discutindo com Deborah e defendeu a advogada dos xingamentos. &#8220;Vai tomar seu rem\u00e9dio para n\u00e3o come\u00e7ar a quebrar as coisas&#8221;, disparou o ator. &#8220;Voc\u00ea vai falar de rem\u00e9dio para mim?&#8221;, respondeu a ruiva.<\/p>\n<p>&#8220;Vou falar sim. Eu falo o que quiser!&#8221;, continuou Lucas. &#8220;Que coisa feia! Voc\u00ea fala de arma, de rem\u00e9dio&#8230; Voc\u00ea falou de arma para o Shay, eu ouvi e vi o seu gesto&#8221;, rebateu Deborah, relembrando a suposta amea\u00e7a do ator a Shay.<\/p>\n<p>&#8220;Se voc\u00ea \u00e9 a brava mesmo, repete o que eu falei! Sustenta o argumento, assume a sua cal\u00fania&#8230; Que gesto que eu fiz?&#8221;, questionou Lucas.<\/p>\n<p><strong>Leia mais<\/strong><\/p>\n<p><a href=\"https:\/\/redenoticiaz.com.br\/blog\/2022\/10\/25\/veja-os-finalistas-do-concurso-de-fotos-mais-engracadas-da-vida-selvagem\">Veja os finalistas do concurso de fotos mais engra\u00e7adas da vida selvagem<\/a><\/p>\n","protected":false},"excerpt":{"rendered":"<p>Ap\u00f3s a forma\u00e7\u00e3o da ro\u00e7a em &#8220;A Fazenda 14&#8221;, da RecordTV, alguns participantes perderam a cabe\u00e7a e se envolveram em brigas e discuss\u00f5es durante a madrugada dessa quarta-feira, (26). Bia briga com Pel\u00e9 Durante a vota\u00e7\u00e3o para a ro\u00e7a, Pel\u00e9 provocou Bia e disse que, caso se torne o s\u00e9timo fazendeiro, ir\u00e1 colocar a neta &hellip;<\/p>\n","protected":false},"author":12,"featured_media":93970,"comment_status":"open","ping_status":"closed","sticky":false,"template":"","format":"standard","meta":{"footnotes":""},"categories":[170],"tags":[10121,59180,59297,59301,59186,60425,60426],"class_list":["post-93969","post","type-post","status-publish","format-standard","has-post-thumbnail","hentry","category-entretenimento","tag-a-fazenda","tag-a-fazenda-14","tag-bia-miranda","tag-deborah-albuquerque","tag-deolane-bezerra","tag-lucas-santos","tag-pele-milflows"],"yoast_head":"<!-- This site is optimized with the Yoast SEO plugin v27.5 - https:\/\/yoast.com\/product\/yoast-seo-wordpress\/ -->\n<title>V\u00cdDEO \u2013 \u2018A Fazenda 14\u2019 tem brigas e discuss\u00f5es durante a madrugada - Litoral SP<\/title>\n<meta name=\"description\" content=\"Ap\u00f3s a forma\u00e7\u00e3o da ro\u00e7a, alguns participantes se envolveram em brigas e discuss\u00f5es durante a madrugada dessa quarta-feira, (26).\" \/>\n<meta name=\"robots\" content=\"index, follow, max-snippet:-1, max-image-preview:large, max-video-preview:-1\" \/>\n<link rel=\"canonical\" href=\"https:\/\/redenoticiaz.com.br\/litoralsp\/2022\/10\/26\/video-a-fazenda-14-tem-brigas-e-discussoes-durante-a-madrugada\" \/>\n<meta property=\"og:locale\" content=\"pt_BR\" \/>\n<meta property=\"og:type\" content=\"article\" \/>\n<meta property=\"og:title\" content=\"V\u00cdDEO \u2013 \u2018A Fazenda 14\u2019 tem brigas e discuss\u00f5es durante a madrugada - Litoral SP\" \/>\n<meta property=\"og:description\" content=\"Ap\u00f3s a forma\u00e7\u00e3o da ro\u00e7a, alguns participantes se envolveram em brigas e discuss\u00f5es durante a madrugada dessa quarta-feira, (26).\" \/>\n<meta property=\"og:url\" content=\"https:\/\/redenoticiaz.com.br\/litoralsp\/2022\/10\/26\/video-a-fazenda-14-tem-brigas-e-discussoes-durante-a-madrugada\" \/>\n<meta property=\"og:site_name\" content=\"Litoral SP\" \/>\n<meta property=\"article:published_time\" content=\"2022-10-26T18:18:41+00:00\" \/>\n<meta property=\"article:modified_time\" content=\"2022-10-26T18:20:47+00:00\" \/>\n<meta property=\"og:image\" content=\"https:\/\/redenoticiaz.com.br\/litoralsp\/wp-content\/uploads\/sites\/3\/2022\/10\/a-fazenda-2022-lucas-e-deborah-discutem.jpg?v=1666808234\" \/>\n\t<meta property=\"og:image:width\" content=\"750\" \/>\n\t<meta property=\"og:image:height\" content=\"420\" \/>\n\t<meta property=\"og:image:type\" content=\"image\/jpeg\" \/>\n<meta name=\"author\" content=\"Gustavo Silva\" \/>\n<meta name=\"twitter:card\" content=\"summary_large_image\" \/>\n<meta name=\"twitter:label1\" content=\"Escrito por\" \/>\n\t<meta name=\"twitter:data1\" content=\"Gustavo Silva\" \/>\n\t<meta name=\"twitter:label2\" content=\"Est. tempo de leitura\" \/>\n\t<meta name=\"twitter:data2\" content=\"2 minutos\" \/>\n<script type=\"application\/ld+json\" class=\"yoast-schema-graph\">{\"@context\":\"https:\\\/\\\/schema.org\",\"@graph\":[{\"@type\":\"Article\",\"@id\":\"https:\\\/\\\/redenoticiaz.com.br\\\/litoralsp\\\/2022\\\/10\\\/26\\\/video-a-fazenda-14-tem-brigas-e-discussoes-durante-a-madrugada#article\",\"isPartOf\":{\"@id\":\"https:\\\/\\\/redenoticiaz.com.br\\\/litoralsp\\\/2022\\\/10\\\/26\\\/video-a-fazenda-14-tem-brigas-e-discussoes-durante-a-madrugada\"},\"author\":{\"name\":\"Gustavo Silva\",\"@id\":\"https:\\\/\\\/redenoticiaz.com.br\\\/litoralsp\\\/#\\\/schema\\\/person\\\/16057b37a3c0ee6b096d7f887c566e2e\"},\"headline\":\"V\u00cdDEO \u2013 \u2018A Fazenda 14\u2019 tem brigas e discuss\u00f5es durante a madrugada\",\"datePublished\":\"2022-10-26T18:18:41+00:00\",\"dateModified\":\"2022-10-26T18:20:47+00:00\",\"mainEntityOfPage\":{\"@id\":\"https:\\\/\\\/redenoticiaz.com.br\\\/litoralsp\\\/2022\\\/10\\\/26\\\/video-a-fazenda-14-tem-brigas-e-discussoes-durante-a-madrugada\"},\"wordCount\":332,\"commentCount\":0,\"publisher\":{\"@id\":\"https:\\\/\\\/redenoticiaz.com.br\\\/litoralsp\\\/#organization\"},\"image\":{\"@id\":\"https:\\\/\\\/redenoticiaz.com.br\\\/litoralsp\\\/2022\\\/10\\\/26\\\/video-a-fazenda-14-tem-brigas-e-discussoes-durante-a-madrugada#primaryimage\"},\"thumbnailUrl\":\"https:\\\/\\\/redenoticiaz.com.br\\\/litoralsp\\\/wp-content\\\/uploads\\\/sites\\\/3\\\/2022\\\/10\\\/a-fazenda-2022-lucas-e-deborah-discutem.jpg?v=1666808234\",\"keywords\":[\"A FAZENDA\",\"A Fazenda 14\",\"Bia Miranda\",\"Deborah Albuquerque\",\"Deolane Bezerra\",\"LUCAS SANTOS\",\"Pel\u00e9 Milflows\"],\"articleSection\":[\"Entretenimento\"],\"inLanguage\":\"pt-BR\",\"potentialAction\":[{\"@type\":\"CommentAction\",\"name\":\"Comment\",\"target\":[\"https:\\\/\\\/redenoticiaz.com.br\\\/litoralsp\\\/2022\\\/10\\\/26\\\/video-a-fazenda-14-tem-brigas-e-discussoes-durante-a-madrugada#respond\"]}]},{\"@type\":\"WebPage\",\"@id\":\"https:\\\/\\\/redenoticiaz.com.br\\\/litoralsp\\\/2022\\\/10\\\/26\\\/video-a-fazenda-14-tem-brigas-e-discussoes-durante-a-madrugada\",\"url\":\"https:\\\/\\\/redenoticiaz.com.br\\\/litoralsp\\\/2022\\\/10\\\/26\\\/video-a-fazenda-14-tem-brigas-e-discussoes-durante-a-madrugada\",\"name\":\"V\u00cdDEO \u2013 \u2018A Fazenda 14\u2019 tem brigas e discuss\u00f5es durante a madrugada - Litoral SP\",\"isPartOf\":{\"@id\":\"https:\\\/\\\/redenoticiaz.com.br\\\/litoralsp\\\/#website\"},\"primaryImageOfPage\":{\"@id\":\"https:\\\/\\\/redenoticiaz.com.br\\\/litoralsp\\\/2022\\\/10\\\/26\\\/video-a-fazenda-14-tem-brigas-e-discussoes-durante-a-madrugada#primaryimage\"},\"image\":{\"@id\":\"https:\\\/\\\/redenoticiaz.com.br\\\/litoralsp\\\/2022\\\/10\\\/26\\\/video-a-fazenda-14-tem-brigas-e-discussoes-durante-a-madrugada#primaryimage\"},\"thumbnailUrl\":\"https:\\\/\\\/redenoticiaz.com.br\\\/litoralsp\\\/wp-content\\\/uploads\\\/sites\\\/3\\\/2022\\\/10\\\/a-fazenda-2022-lucas-e-deborah-discutem.jpg?v=1666808234\",\"datePublished\":\"2022-10-26T18:18:41+00:00\",\"dateModified\":\"2022-10-26T18:20:47+00:00\",\"description\":\"Ap\u00f3s a forma\u00e7\u00e3o da ro\u00e7a, alguns participantes se envolveram em brigas e discuss\u00f5es durante a madrugada dessa quarta-feira, (26).\",\"inLanguage\":\"pt-BR\",\"potentialAction\":[{\"@type\":\"ReadAction\",\"target\":[\"https:\\\/\\\/redenoticiaz.com.br\\\/litoralsp\\\/2022\\\/10\\\/26\\\/video-a-fazenda-14-tem-brigas-e-discussoes-durante-a-madrugada\"]}]},{\"@type\":\"ImageObject\",\"inLanguage\":\"pt-BR\",\"@id\":\"https:\\\/\\\/redenoticiaz.com.br\\\/litoralsp\\\/2022\\\/10\\\/26\\\/video-a-fazenda-14-tem-brigas-e-discussoes-durante-a-madrugada#primaryimage\",\"url\":\"https:\\\/\\\/redenoticiaz.com.br\\\/litoralsp\\\/wp-content\\\/uploads\\\/sites\\\/3\\\/2022\\\/10\\\/a-fazenda-2022-lucas-e-deborah-discutem.jpg?v=1666808234\",\"contentUrl\":\"https:\\\/\\\/redenoticiaz.com.br\\\/litoralsp\\\/wp-content\\\/uploads\\\/sites\\\/3\\\/2022\\\/10\\\/a-fazenda-2022-lucas-e-deborah-discutem.jpg?v=1666808234\",\"width\":750,\"height\":420,\"caption\":\"V\u00cdDEO - 'A Fazenda 14' tem brigas e discuss\u00f5es durante a madrugada\"},{\"@type\":\"WebSite\",\"@id\":\"https:\\\/\\\/redenoticiaz.com.br\\\/litoralsp\\\/#website\",\"url\":\"https:\\\/\\\/redenoticiaz.com.br\\\/litoralsp\\\/\",\"name\":\"Litoral SP\",\"description\":\"Rede NoticiaZ\",\"publisher\":{\"@id\":\"https:\\\/\\\/redenoticiaz.com.br\\\/litoralsp\\\/#organization\"},\"potentialAction\":[{\"@type\":\"SearchAction\",\"target\":{\"@type\":\"EntryPoint\",\"urlTemplate\":\"https:\\\/\\\/redenoticiaz.com.br\\\/litoralsp\\\/?s={search_term_string}\"},\"query-input\":{\"@type\":\"PropertyValueSpecification\",\"valueRequired\":true,\"valueName\":\"search_term_string\"}}],\"inLanguage\":\"pt-BR\"},{\"@type\":\"Organization\",\"@id\":\"https:\\\/\\\/redenoticiaz.com.br\\\/litoralsp\\\/#organization\",\"name\":\"Litoral SP\",\"url\":\"https:\\\/\\\/redenoticiaz.com.br\\\/litoralsp\\\/\",\"logo\":{\"@type\":\"ImageObject\",\"inLanguage\":\"pt-BR\",\"@id\":\"https:\\\/\\\/redenoticiaz.com.br\\\/litoralsp\\\/#\\\/schema\\\/logo\\\/image\\\/\",\"url\":\"https:\\\/\\\/redenoticiaz.com.br\\\/litoralsp\\\/wp-content\\\/uploads\\\/sites\\\/3\\\/2020\\\/11\\\/logo.jpg\",\"contentUrl\":\"https:\\\/\\\/redenoticiaz.com.br\\\/litoralsp\\\/wp-content\\\/uploads\\\/sites\\\/3\\\/2020\\\/11\\\/logo.jpg\",\"width\":400,\"height\":250,\"caption\":\"Litoral SP\"},\"image\":{\"@id\":\"https:\\\/\\\/redenoticiaz.com.br\\\/litoralsp\\\/#\\\/schema\\\/logo\\\/image\\\/\"}},{\"@type\":\"Person\",\"@id\":\"https:\\\/\\\/redenoticiaz.com.br\\\/litoralsp\\\/#\\\/schema\\\/person\\\/16057b37a3c0ee6b096d7f887c566e2e\",\"name\":\"Gustavo Silva\",\"image\":{\"@type\":\"ImageObject\",\"inLanguage\":\"pt-BR\",\"@id\":\"https:\\\/\\\/secure.gravatar.com\\\/avatar\\\/3ee4e82f93b26de0a7cf4ea5eb7893da637ed6bb0c9170c58065944c56e28a33?s=96&d=mm&r=g\",\"url\":\"https:\\\/\\\/secure.gravatar.com\\\/avatar\\\/3ee4e82f93b26de0a7cf4ea5eb7893da637ed6bb0c9170c58065944c56e28a33?s=96&d=mm&r=g\",\"contentUrl\":\"https:\\\/\\\/secure.gravatar.com\\\/avatar\\\/3ee4e82f93b26de0a7cf4ea5eb7893da637ed6bb0c9170c58065944c56e28a33?s=96&d=mm&r=g\",\"caption\":\"Gustavo Silva\"},\"url\":\"https:\\\/\\\/redenoticiaz.com.br\\\/litoralsp\\\/author\\\/gustavosilva\"}]}<\/script>\n<!-- \/ Yoast SEO plugin. -->","yoast_head_json":{"title":"V\u00cdDEO \u2013 \u2018A Fazenda 14\u2019 tem brigas e discuss\u00f5es durante a madrugada - Litoral SP","description":"Ap\u00f3s a forma\u00e7\u00e3o da ro\u00e7a, alguns participantes se envolveram em brigas e discuss\u00f5es durante a madrugada dessa quarta-feira, (26).","robots":{"index":"index","follow":"follow","max-snippet":"max-snippet:-1","max-image-preview":"max-image-preview:large","max-video-preview":"max-video-preview:-1"},"canonical":"https:\/\/redenoticiaz.com.br\/litoralsp\/2022\/10\/26\/video-a-fazenda-14-tem-brigas-e-discussoes-durante-a-madrugada","og_locale":"pt_BR","og_type":"article","og_title":"V\u00cdDEO \u2013 \u2018A Fazenda 14\u2019 tem brigas e discuss\u00f5es durante a madrugada - Litoral SP","og_description":"Ap\u00f3s a forma\u00e7\u00e3o da ro\u00e7a, alguns participantes se envolveram em brigas e discuss\u00f5es durante a madrugada dessa quarta-feira, (26).","og_url":"https:\/\/redenoticiaz.com.br\/litoralsp\/2022\/10\/26\/video-a-fazenda-14-tem-brigas-e-discussoes-durante-a-madrugada","og_site_name":"Litoral SP","article_published_time":"2022-10-26T18:18:41+00:00","article_modified_time":"2022-10-26T18:20:47+00:00","og_image":[{"width":750,"height":420,"url":"https:\/\/redenoticiaz.com.br\/litoralsp\/wp-content\/uploads\/sites\/3\/2022\/10\/a-fazenda-2022-lucas-e-deborah-discutem.jpg?v=1666808234","type":"image\/jpeg"}],"author":"Gustavo Silva","twitter_card":"summary_large_image","twitter_misc":{"Escrito por":"Gustavo Silva","Est. tempo de leitura":"2 minutos"},"schema":{"@context":"https:\/\/schema.org","@graph":[{"@type":"Article","@id":"https:\/\/redenoticiaz.com.br\/litoralsp\/2022\/10\/26\/video-a-fazenda-14-tem-brigas-e-discussoes-durante-a-madrugada#article","isPartOf":{"@id":"https:\/\/redenoticiaz.com.br\/litoralsp\/2022\/10\/26\/video-a-fazenda-14-tem-brigas-e-discussoes-durante-a-madrugada"},"author":{"name":"Gustavo Silva","@id":"https:\/\/redenoticiaz.com.br\/litoralsp\/#\/schema\/person\/16057b37a3c0ee6b096d7f887c566e2e"},"headline":"V\u00cdDEO \u2013 \u2018A Fazenda 14\u2019 tem brigas e discuss\u00f5es durante a madrugada","datePublished":"2022-10-26T18:18:41+00:00","dateModified":"2022-10-26T18:20:47+00:00","mainEntityOfPage":{"@id":"https:\/\/redenoticiaz.com.br\/litoralsp\/2022\/10\/26\/video-a-fazenda-14-tem-brigas-e-discussoes-durante-a-madrugada"},"wordCount":332,"commentCount":0,"publisher":{"@id":"https:\/\/redenoticiaz.com.br\/litoralsp\/#organization"},"image":{"@id":"https:\/\/redenoticiaz.com.br\/litoralsp\/2022\/10\/26\/video-a-fazenda-14-tem-brigas-e-discussoes-durante-a-madrugada#primaryimage"},"thumbnailUrl":"https:\/\/redenoticiaz.com.br\/litoralsp\/wp-content\/uploads\/sites\/3\/2022\/10\/a-fazenda-2022-lucas-e-deborah-discutem.jpg?v=1666808234","keywords":["A FAZENDA","A Fazenda 14","Bia Miranda","Deborah Albuquerque","Deolane Bezerra","LUCAS SANTOS","Pel\u00e9 Milflows"],"articleSection":["Entretenimento"],"inLanguage":"pt-BR","potentialAction":[{"@type":"CommentAction","name":"Comment","target":["https:\/\/redenoticiaz.com.br\/litoralsp\/2022\/10\/26\/video-a-fazenda-14-tem-brigas-e-discussoes-durante-a-madrugada#respond"]}]},{"@type":"WebPage","@id":"https:\/\/redenoticiaz.com.br\/litoralsp\/2022\/10\/26\/video-a-fazenda-14-tem-brigas-e-discussoes-durante-a-madrugada","url":"https:\/\/redenoticiaz.com.br\/litoralsp\/2022\/10\/26\/video-a-fazenda-14-tem-brigas-e-discussoes-durante-a-madrugada","name":"V\u00cdDEO \u2013 \u2018A Fazenda 14\u2019 tem brigas e discuss\u00f5es durante a madrugada - Litoral SP","isPartOf":{"@id":"https:\/\/redenoticiaz.com.br\/litoralsp\/#website"},"primaryImageOfPage":{"@id":"https:\/\/redenoticiaz.com.br\/litoralsp\/2022\/10\/26\/video-a-fazenda-14-tem-brigas-e-discussoes-durante-a-madrugada#primaryimage"},"image":{"@id":"https:\/\/redenoticiaz.com.br\/litoralsp\/2022\/10\/26\/video-a-fazenda-14-tem-brigas-e-discussoes-durante-a-madrugada#primaryimage"},"thumbnailUrl":"https:\/\/redenoticiaz.com.br\/litoralsp\/wp-content\/uploads\/sites\/3\/2022\/10\/a-fazenda-2022-lucas-e-deborah-discutem.jpg?v=1666808234","datePublished":"2022-10-26T18:18:41+00:00","dateModified":"2022-10-26T18:20:47+00:00","description":"Ap\u00f3s a forma\u00e7\u00e3o da ro\u00e7a, alguns participantes se envolveram em brigas e discuss\u00f5es durante a madrugada dessa quarta-feira, (26).","inLanguage":"pt-BR","potentialAction":[{"@type":"ReadAction","target":["https:\/\/redenoticiaz.com.br\/litoralsp\/2022\/10\/26\/video-a-fazenda-14-tem-brigas-e-discussoes-durante-a-madrugada"]}]},{"@type":"ImageObject","inLanguage":"pt-BR","@id":"https:\/\/redenoticiaz.com.br\/litoralsp\/2022\/10\/26\/video-a-fazenda-14-tem-brigas-e-discussoes-durante-a-madrugada#primaryimage","url":"https:\/\/redenoticiaz.com.br\/litoralsp\/wp-content\/uploads\/sites\/3\/2022\/10\/a-fazenda-2022-lucas-e-deborah-discutem.jpg?v=1666808234","contentUrl":"https:\/\/redenoticiaz.com.br\/litoralsp\/wp-content\/uploads\/sites\/3\/2022\/10\/a-fazenda-2022-lucas-e-deborah-discutem.jpg?v=1666808234","width":750,"height":420,"caption":"V\u00cdDEO - 'A Fazenda 14' tem brigas e discuss\u00f5es durante a madrugada"},{"@type":"WebSite","@id":"https:\/\/redenoticiaz.com.br\/litoralsp\/#website","url":"https:\/\/redenoticiaz.com.br\/litoralsp\/","name":"Litoral SP","description":"Rede NoticiaZ","publisher":{"@id":"https:\/\/redenoticiaz.com.br\/litoralsp\/#organization"},"potentialAction":[{"@type":"SearchAction","target":{"@type":"EntryPoint","urlTemplate":"https:\/\/redenoticiaz.com.br\/litoralsp\/?s={search_term_string}"},"query-input":{"@type":"PropertyValueSpecification","valueRequired":true,"valueName":"search_term_string"}}],"inLanguage":"pt-BR"},{"@type":"Organization","@id":"https:\/\/redenoticiaz.com.br\/litoralsp\/#organization","name":"Litoral SP","url":"https:\/\/redenoticiaz.com.br\/litoralsp\/","logo":{"@type":"ImageObject","inLanguage":"pt-BR","@id":"https:\/\/redenoticiaz.com.br\/litoralsp\/#\/schema\/logo\/image\/","url":"https:\/\/redenoticiaz.com.br\/litoralsp\/wp-content\/uploads\/sites\/3\/2020\/11\/logo.jpg","contentUrl":"https:\/\/redenoticiaz.com.br\/litoralsp\/wp-content\/uploads\/sites\/3\/2020\/11\/logo.jpg","width":400,"height":250,"caption":"Litoral SP"},"image":{"@id":"https:\/\/redenoticiaz.com.br\/litoralsp\/#\/schema\/logo\/image\/"}},{"@type":"Person","@id":"https:\/\/redenoticiaz.com.br\/litoralsp\/#\/schema\/person\/16057b37a3c0ee6b096d7f887c566e2e","name":"Gustavo Silva","image":{"@type":"ImageObject","inLanguage":"pt-BR","@id":"https:\/\/secure.gravatar.com\/avatar\/3ee4e82f93b26de0a7cf4ea5eb7893da637ed6bb0c9170c58065944c56e28a33?s=96&d=mm&r=g","url":"https:\/\/secure.gravatar.com\/avatar\/3ee4e82f93b26de0a7cf4ea5eb7893da637ed6bb0c9170c58065944c56e28a33?s=96&d=mm&r=g","contentUrl":"https:\/\/secure.gravatar.com\/avatar\/3ee4e82f93b26de0a7cf4ea5eb7893da637ed6bb0c9170c58065944c56e28a33?s=96&d=mm&r=g","caption":"Gustavo Silva"},"url":"https:\/\/redenoticiaz.com.br\/litoralsp\/author\/gustavosilva"}]}},"_links":{"self":[{"href":"https:\/\/redenoticiaz.com.br\/litoralsp\/wp-json\/wp\/v2\/posts\/93969","targetHints":{"allow":["GET"]}}],"collection":[{"href":"https:\/\/redenoticiaz.com.br\/litoralsp\/wp-json\/wp\/v2\/posts"}],"about":[{"href":"https:\/\/redenoticiaz.com.br\/litoralsp\/wp-json\/wp\/v2\/types\/post"}],"author":[{"embeddable":true,"href":"https:\/\/redenoticiaz.com.br\/litoralsp\/wp-json\/wp\/v2\/users\/12"}],"replies":[{"embeddable":true,"href":"https:\/\/redenoticiaz.com.br\/litoralsp\/wp-json\/wp\/v2\/comments?post=93969"}],"version-history":[{"count":0,"href":"https:\/\/redenoticiaz.com.br\/litoralsp\/wp-json\/wp\/v2\/posts\/93969\/revisions"}],"wp:featuredmedia":[{"embeddable":true,"href":"https:\/\/redenoticiaz.com.br\/litoralsp\/wp-json\/wp\/v2\/media\/93970"}],"wp:attachment":[{"href":"https:\/\/redenoticiaz.com.br\/litoralsp\/wp-json\/wp\/v2\/media?parent=93969"}],"wp:term":[{"taxonomy":"category","embeddable":true,"href":"https:\/\/redenoticiaz.com.br\/litoralsp\/wp-json\/wp\/v2\/categories?post=93969"},{"taxonomy":"post_tag","embeddable":true,"href":"https:\/\/redenoticiaz.com.br\/litoralsp\/wp-json\/wp\/v2\/tags?post=93969"}],"curies":[{"name":"wp","href":"https:\/\/api.w.org\/{rel}","templated":true}]}}