{"id":93982,"date":"2022-10-26T17:29:02","date_gmt":"2022-10-26T20:29:02","guid":{"rendered":"https:\/\/redenoticiaz.com.br\/litoralsp\/?p=93982"},"modified":"2022-10-26T17:29:02","modified_gmt":"2022-10-26T20:29:02","slug":"prefeitura-de-santos-confirma-queima-de-fogos-no-ano-novo","status":"publish","type":"post","link":"https:\/\/redenoticiaz.com.br\/litoralsp\/2022\/10\/26\/prefeitura-de-santos-confirma-queima-de-fogos-no-ano-novo","title":{"rendered":"Prefeitura de Santos confirma queima de fogos no ano novo"},"content":{"rendered":"<div id=\"chunk-cc4qa\">\n<div class=\"mc-column content-text active-extra-styles \" data-block-type=\"unstyled\" data-block-weight=\"35\" data-block-id=\"3\">\n<p data-track-category=\"Link no Texto\" data-track-links=\"\">A Prefeitura de Santos confirmou a queima de fogos no R\u00e9veillon deste ano em v\u00e1rios pontos da orla da cidade, al\u00e9m, dos tradicionais shows musicais.<\/p>\n<p data-track-category=\"Link no Texto\" data-track-links=\"\">De acordo com a Prefeitura, a expectativa \u00e9 reunir novamente mais de 1 milh\u00e3o de pessoas para a festa de ano novo.<\/p>\n<p data-track-category=\"Link no Texto\" data-track-links=\"\">Ainda de acordo com o poder p\u00fablico, o chamamento para empresas que buscam apoiar a festividade j\u00e1 foi aberto.<\/p>\n<p data-track-category=\"Link no Texto\" data-track-links=\"\">Sendo assim, os interessados podem preencher o formul\u00e1rio disponibilizado no Di\u00e1rio Oficial e encaminhar proposta de apoio exclusivamente no endere\u00e7o eletr\u00f4nico: eventos@santos.sp.gov.br.<\/p>\n<p data-track-category=\"Link no Texto\" data-track-links=\"\">Os hor\u00e1rios de atendimento vai das 8h do dia 25 de outubro at\u00e9 \u00e0s 17h do dia 8 de novembro de 2022.<\/p>\n<div id=\"chunk-f5tbc\">\n<div class=\"block-podcast\">Leia mais<\/div>\n<\/div>\n<\/div>\n<div><a href=\"https:\/\/redenoticiaz.com.br\/litoralsp\/2022\/01\/09\/saiba-como-cumprir-as-metas-tracadas-para-o-ano-novo\">Saiba como cumprir as metas tra\u00e7adas para o Ano Novo<\/a><\/div>\n<\/div>\n","protected":false},"excerpt":{"rendered":"<p>A Prefeitura de Santos confirmou a queima de fogos no R\u00e9veillon deste ano em v\u00e1rios pontos da orla da cidade, al\u00e9m, dos tradicionais shows musicais. De acordo com a Prefeitura, a expectativa \u00e9 reunir novamente mais de 1 milh\u00e3o de pessoas para a festa de ano novo. Ainda de acordo com o poder p\u00fablico, o &hellip;<\/p>\n","protected":false},"author":12,"featured_media":18677,"comment_status":"open","ping_status":"closed","sticky":false,"template":"","format":"standard","meta":{"footnotes":""},"categories":[180],"tags":[99,1906,1271,986],"class_list":["post-93982","post","type-post","status-publish","format-standard","has-post-thumbnail","hentry","category-santos","tag-ano-novo","tag-queima-de-fogos","tag-reveillon","tag-santos"],"yoast_head":"<!-- This site is optimized with the Yoast SEO plugin v27.5 - https:\/\/yoast.com\/product\/yoast-seo-wordpress\/ -->\n<title>Prefeitura de Santos confirma queima de fogos no ano novo - Litoral SP<\/title>\n<meta name=\"description\" content=\"A Prefeitura de Santos confirmou a queima de fogos no R\u00e9veillon deste ano em v\u00e1rios pontos da orla da cidade, al\u00e9m, dos tradicionais shows musicais.\" \/>\n<meta name=\"robots\" content=\"index, follow, max-snippet:-1, max-image-preview:large, max-video-preview:-1\" \/>\n<link rel=\"canonical\" href=\"https:\/\/redenoticiaz.com.br\/litoralsp\/2022\/10\/26\/prefeitura-de-santos-confirma-queima-de-fogos-no-ano-novo\" \/>\n<meta property=\"og:locale\" content=\"pt_BR\" \/>\n<meta property=\"og:type\" content=\"article\" \/>\n<meta property=\"og:title\" content=\"Prefeitura de Santos confirma queima de fogos no ano novo - Litoral SP\" \/>\n<meta property=\"og:description\" content=\"A Prefeitura de Santos confirmou a queima de fogos no R\u00e9veillon deste ano em v\u00e1rios pontos da orla da cidade, al\u00e9m, dos tradicionais shows musicais.\" \/>\n<meta property=\"og:url\" content=\"https:\/\/redenoticiaz.com.br\/litoralsp\/2022\/10\/26\/prefeitura-de-santos-confirma-queima-de-fogos-no-ano-novo\" \/>\n<meta property=\"og:site_name\" content=\"Litoral SP\" \/>\n<meta property=\"article:published_time\" content=\"2022-10-26T20:29:02+00:00\" \/>\n<meta property=\"og:image\" content=\"https:\/\/redenoticiaz.com.br\/litoralsp\/wp-content\/uploads\/sites\/3\/2021\/11\/image-2.jpg\" \/>\n\t<meta property=\"og:image:width\" content=\"1016\" \/>\n\t<meta property=\"og:image:height\" content=\"508\" \/>\n\t<meta property=\"og:image:type\" content=\"image\/jpeg\" \/>\n<meta name=\"author\" content=\"Gustavo Silva\" \/>\n<meta name=\"twitter:card\" content=\"summary_large_image\" \/>\n<meta name=\"twitter:label1\" content=\"Escrito por\" \/>\n\t<meta name=\"twitter:data1\" content=\"Gustavo Silva\" \/>\n\t<meta name=\"twitter:label2\" content=\"Est. tempo de leitura\" \/>\n\t<meta name=\"twitter:data2\" content=\"1 minuto\" \/>\n<script type=\"application\/ld+json\" class=\"yoast-schema-graph\">{\"@context\":\"https:\\\/\\\/schema.org\",\"@graph\":[{\"@type\":\"Article\",\"@id\":\"https:\\\/\\\/redenoticiaz.com.br\\\/litoralsp\\\/2022\\\/10\\\/26\\\/prefeitura-de-santos-confirma-queima-de-fogos-no-ano-novo#article\",\"isPartOf\":{\"@id\":\"https:\\\/\\\/redenoticiaz.com.br\\\/litoralsp\\\/2022\\\/10\\\/26\\\/prefeitura-de-santos-confirma-queima-de-fogos-no-ano-novo\"},\"author\":{\"name\":\"Gustavo Silva\",\"@id\":\"https:\\\/\\\/redenoticiaz.com.br\\\/litoralsp\\\/#\\\/schema\\\/person\\\/16057b37a3c0ee6b096d7f887c566e2e\"},\"headline\":\"Prefeitura de Santos confirma queima de fogos no ano novo\",\"datePublished\":\"2022-10-26T20:29:02+00:00\",\"mainEntityOfPage\":{\"@id\":\"https:\\\/\\\/redenoticiaz.com.br\\\/litoralsp\\\/2022\\\/10\\\/26\\\/prefeitura-de-santos-confirma-queima-de-fogos-no-ano-novo\"},\"wordCount\":142,\"commentCount\":0,\"publisher\":{\"@id\":\"https:\\\/\\\/redenoticiaz.com.br\\\/litoralsp\\\/#organization\"},\"image\":{\"@id\":\"https:\\\/\\\/redenoticiaz.com.br\\\/litoralsp\\\/2022\\\/10\\\/26\\\/prefeitura-de-santos-confirma-queima-de-fogos-no-ano-novo#primaryimage\"},\"thumbnailUrl\":\"https:\\\/\\\/redenoticiaz.com.br\\\/litoralsp\\\/wp-content\\\/uploads\\\/sites\\\/3\\\/2021\\\/11\\\/image-2.jpg\",\"keywords\":[\"ANO NOVO\",\"QUEIMA DE FOGOS\",\"R\u00c9VEILLON\",\"Santos\"],\"articleSection\":[\"Santos\"],\"inLanguage\":\"pt-BR\",\"potentialAction\":[{\"@type\":\"CommentAction\",\"name\":\"Comment\",\"target\":[\"https:\\\/\\\/redenoticiaz.com.br\\\/litoralsp\\\/2022\\\/10\\\/26\\\/prefeitura-de-santos-confirma-queima-de-fogos-no-ano-novo#respond\"]}]},{\"@type\":\"WebPage\",\"@id\":\"https:\\\/\\\/redenoticiaz.com.br\\\/litoralsp\\\/2022\\\/10\\\/26\\\/prefeitura-de-santos-confirma-queima-de-fogos-no-ano-novo\",\"url\":\"https:\\\/\\\/redenoticiaz.com.br\\\/litoralsp\\\/2022\\\/10\\\/26\\\/prefeitura-de-santos-confirma-queima-de-fogos-no-ano-novo\",\"name\":\"Prefeitura de Santos confirma queima de fogos no ano novo - Litoral SP\",\"isPartOf\":{\"@id\":\"https:\\\/\\\/redenoticiaz.com.br\\\/litoralsp\\\/#website\"},\"primaryImageOfPage\":{\"@id\":\"https:\\\/\\\/redenoticiaz.com.br\\\/litoralsp\\\/2022\\\/10\\\/26\\\/prefeitura-de-santos-confirma-queima-de-fogos-no-ano-novo#primaryimage\"},\"image\":{\"@id\":\"https:\\\/\\\/redenoticiaz.com.br\\\/litoralsp\\\/2022\\\/10\\\/26\\\/prefeitura-de-santos-confirma-queima-de-fogos-no-ano-novo#primaryimage\"},\"thumbnailUrl\":\"https:\\\/\\\/redenoticiaz.com.br\\\/litoralsp\\\/wp-content\\\/uploads\\\/sites\\\/3\\\/2021\\\/11\\\/image-2.jpg\",\"datePublished\":\"2022-10-26T20:29:02+00:00\",\"description\":\"A Prefeitura de Santos confirmou a queima de fogos no R\u00e9veillon deste ano em v\u00e1rios pontos da orla da cidade, al\u00e9m, dos tradicionais shows musicais.\",\"inLanguage\":\"pt-BR\",\"potentialAction\":[{\"@type\":\"ReadAction\",\"target\":[\"https:\\\/\\\/redenoticiaz.com.br\\\/litoralsp\\\/2022\\\/10\\\/26\\\/prefeitura-de-santos-confirma-queima-de-fogos-no-ano-novo\"]}]},{\"@type\":\"ImageObject\",\"inLanguage\":\"pt-BR\",\"@id\":\"https:\\\/\\\/redenoticiaz.com.br\\\/litoralsp\\\/2022\\\/10\\\/26\\\/prefeitura-de-santos-confirma-queima-de-fogos-no-ano-novo#primaryimage\",\"url\":\"https:\\\/\\\/redenoticiaz.com.br\\\/litoralsp\\\/wp-content\\\/uploads\\\/sites\\\/3\\\/2021\\\/11\\\/image-2.jpg\",\"contentUrl\":\"https:\\\/\\\/redenoticiaz.com.br\\\/litoralsp\\\/wp-content\\\/uploads\\\/sites\\\/3\\\/2021\\\/11\\\/image-2.jpg\",\"width\":1016,\"height\":508,\"caption\":\"Cr\u00e9ditos: Prefeitura Municipal de Praia Grande\"},{\"@type\":\"WebSite\",\"@id\":\"https:\\\/\\\/redenoticiaz.com.br\\\/litoralsp\\\/#website\",\"url\":\"https:\\\/\\\/redenoticiaz.com.br\\\/litoralsp\\\/\",\"name\":\"Litoral SP\",\"description\":\"Rede NoticiaZ\",\"publisher\":{\"@id\":\"https:\\\/\\\/redenoticiaz.com.br\\\/litoralsp\\\/#organization\"},\"potentialAction\":[{\"@type\":\"SearchAction\",\"target\":{\"@type\":\"EntryPoint\",\"urlTemplate\":\"https:\\\/\\\/redenoticiaz.com.br\\\/litoralsp\\\/?s={search_term_string}\"},\"query-input\":{\"@type\":\"PropertyValueSpecification\",\"valueRequired\":true,\"valueName\":\"search_term_string\"}}],\"inLanguage\":\"pt-BR\"},{\"@type\":\"Organization\",\"@id\":\"https:\\\/\\\/redenoticiaz.com.br\\\/litoralsp\\\/#organization\",\"name\":\"Litoral SP\",\"url\":\"https:\\\/\\\/redenoticiaz.com.br\\\/litoralsp\\\/\",\"logo\":{\"@type\":\"ImageObject\",\"inLanguage\":\"pt-BR\",\"@id\":\"https:\\\/\\\/redenoticiaz.com.br\\\/litoralsp\\\/#\\\/schema\\\/logo\\\/image\\\/\",\"url\":\"https:\\\/\\\/redenoticiaz.com.br\\\/litoralsp\\\/wp-content\\\/uploads\\\/sites\\\/3\\\/2020\\\/11\\\/logo.jpg\",\"contentUrl\":\"https:\\\/\\\/redenoticiaz.com.br\\\/litoralsp\\\/wp-content\\\/uploads\\\/sites\\\/3\\\/2020\\\/11\\\/logo.jpg\",\"width\":400,\"height\":250,\"caption\":\"Litoral SP\"},\"image\":{\"@id\":\"https:\\\/\\\/redenoticiaz.com.br\\\/litoralsp\\\/#\\\/schema\\\/logo\\\/image\\\/\"}},{\"@type\":\"Person\",\"@id\":\"https:\\\/\\\/redenoticiaz.com.br\\\/litoralsp\\\/#\\\/schema\\\/person\\\/16057b37a3c0ee6b096d7f887c566e2e\",\"name\":\"Gustavo Silva\",\"image\":{\"@type\":\"ImageObject\",\"inLanguage\":\"pt-BR\",\"@id\":\"https:\\\/\\\/secure.gravatar.com\\\/avatar\\\/3ee4e82f93b26de0a7cf4ea5eb7893da637ed6bb0c9170c58065944c56e28a33?s=96&d=mm&r=g\",\"url\":\"https:\\\/\\\/secure.gravatar.com\\\/avatar\\\/3ee4e82f93b26de0a7cf4ea5eb7893da637ed6bb0c9170c58065944c56e28a33?s=96&d=mm&r=g\",\"contentUrl\":\"https:\\\/\\\/secure.gravatar.com\\\/avatar\\\/3ee4e82f93b26de0a7cf4ea5eb7893da637ed6bb0c9170c58065944c56e28a33?s=96&d=mm&r=g\",\"caption\":\"Gustavo Silva\"},\"url\":\"https:\\\/\\\/redenoticiaz.com.br\\\/litoralsp\\\/author\\\/gustavosilva\"}]}<\/script>\n<!-- \/ Yoast SEO plugin. -->","yoast_head_json":{"title":"Prefeitura de Santos confirma queima de fogos no ano novo - Litoral SP","description":"A Prefeitura de Santos confirmou a queima de fogos no R\u00e9veillon deste ano em v\u00e1rios pontos da orla da cidade, al\u00e9m, dos tradicionais shows musicais.","robots":{"index":"index","follow":"follow","max-snippet":"max-snippet:-1","max-image-preview":"max-image-preview:large","max-video-preview":"max-video-preview:-1"},"canonical":"https:\/\/redenoticiaz.com.br\/litoralsp\/2022\/10\/26\/prefeitura-de-santos-confirma-queima-de-fogos-no-ano-novo","og_locale":"pt_BR","og_type":"article","og_title":"Prefeitura de Santos confirma queima de fogos no ano novo - Litoral SP","og_description":"A Prefeitura de Santos confirmou a queima de fogos no R\u00e9veillon deste ano em v\u00e1rios pontos da orla da cidade, al\u00e9m, dos tradicionais shows musicais.","og_url":"https:\/\/redenoticiaz.com.br\/litoralsp\/2022\/10\/26\/prefeitura-de-santos-confirma-queima-de-fogos-no-ano-novo","og_site_name":"Litoral SP","article_published_time":"2022-10-26T20:29:02+00:00","og_image":[{"width":1016,"height":508,"url":"https:\/\/redenoticiaz.com.br\/litoralsp\/wp-content\/uploads\/sites\/3\/2021\/11\/image-2.jpg","type":"image\/jpeg"}],"author":"Gustavo Silva","twitter_card":"summary_large_image","twitter_misc":{"Escrito por":"Gustavo Silva","Est. tempo de leitura":"1 minuto"},"schema":{"@context":"https:\/\/schema.org","@graph":[{"@type":"Article","@id":"https:\/\/redenoticiaz.com.br\/litoralsp\/2022\/10\/26\/prefeitura-de-santos-confirma-queima-de-fogos-no-ano-novo#article","isPartOf":{"@id":"https:\/\/redenoticiaz.com.br\/litoralsp\/2022\/10\/26\/prefeitura-de-santos-confirma-queima-de-fogos-no-ano-novo"},"author":{"name":"Gustavo Silva","@id":"https:\/\/redenoticiaz.com.br\/litoralsp\/#\/schema\/person\/16057b37a3c0ee6b096d7f887c566e2e"},"headline":"Prefeitura de Santos confirma queima de fogos no ano novo","datePublished":"2022-10-26T20:29:02+00:00","mainEntityOfPage":{"@id":"https:\/\/redenoticiaz.com.br\/litoralsp\/2022\/10\/26\/prefeitura-de-santos-confirma-queima-de-fogos-no-ano-novo"},"wordCount":142,"commentCount":0,"publisher":{"@id":"https:\/\/redenoticiaz.com.br\/litoralsp\/#organization"},"image":{"@id":"https:\/\/redenoticiaz.com.br\/litoralsp\/2022\/10\/26\/prefeitura-de-santos-confirma-queima-de-fogos-no-ano-novo#primaryimage"},"thumbnailUrl":"https:\/\/redenoticiaz.com.br\/litoralsp\/wp-content\/uploads\/sites\/3\/2021\/11\/image-2.jpg","keywords":["ANO NOVO","QUEIMA DE FOGOS","R\u00c9VEILLON","Santos"],"articleSection":["Santos"],"inLanguage":"pt-BR","potentialAction":[{"@type":"CommentAction","name":"Comment","target":["https:\/\/redenoticiaz.com.br\/litoralsp\/2022\/10\/26\/prefeitura-de-santos-confirma-queima-de-fogos-no-ano-novo#respond"]}]},{"@type":"WebPage","@id":"https:\/\/redenoticiaz.com.br\/litoralsp\/2022\/10\/26\/prefeitura-de-santos-confirma-queima-de-fogos-no-ano-novo","url":"https:\/\/redenoticiaz.com.br\/litoralsp\/2022\/10\/26\/prefeitura-de-santos-confirma-queima-de-fogos-no-ano-novo","name":"Prefeitura de Santos confirma queima de fogos no ano novo - Litoral SP","isPartOf":{"@id":"https:\/\/redenoticiaz.com.br\/litoralsp\/#website"},"primaryImageOfPage":{"@id":"https:\/\/redenoticiaz.com.br\/litoralsp\/2022\/10\/26\/prefeitura-de-santos-confirma-queima-de-fogos-no-ano-novo#primaryimage"},"image":{"@id":"https:\/\/redenoticiaz.com.br\/litoralsp\/2022\/10\/26\/prefeitura-de-santos-confirma-queima-de-fogos-no-ano-novo#primaryimage"},"thumbnailUrl":"https:\/\/redenoticiaz.com.br\/litoralsp\/wp-content\/uploads\/sites\/3\/2021\/11\/image-2.jpg","datePublished":"2022-10-26T20:29:02+00:00","description":"A Prefeitura de Santos confirmou a queima de fogos no R\u00e9veillon deste ano em v\u00e1rios pontos da orla da cidade, al\u00e9m, dos tradicionais shows musicais.","inLanguage":"pt-BR","potentialAction":[{"@type":"ReadAction","target":["https:\/\/redenoticiaz.com.br\/litoralsp\/2022\/10\/26\/prefeitura-de-santos-confirma-queima-de-fogos-no-ano-novo"]}]},{"@type":"ImageObject","inLanguage":"pt-BR","@id":"https:\/\/redenoticiaz.com.br\/litoralsp\/2022\/10\/26\/prefeitura-de-santos-confirma-queima-de-fogos-no-ano-novo#primaryimage","url":"https:\/\/redenoticiaz.com.br\/litoralsp\/wp-content\/uploads\/sites\/3\/2021\/11\/image-2.jpg","contentUrl":"https:\/\/redenoticiaz.com.br\/litoralsp\/wp-content\/uploads\/sites\/3\/2021\/11\/image-2.jpg","width":1016,"height":508,"caption":"Cr\u00e9ditos: Prefeitura Municipal de Praia Grande"},{"@type":"WebSite","@id":"https:\/\/redenoticiaz.com.br\/litoralsp\/#website","url":"https:\/\/redenoticiaz.com.br\/litoralsp\/","name":"Litoral SP","description":"Rede NoticiaZ","publisher":{"@id":"https:\/\/redenoticiaz.com.br\/litoralsp\/#organization"},"potentialAction":[{"@type":"SearchAction","target":{"@type":"EntryPoint","urlTemplate":"https:\/\/redenoticiaz.com.br\/litoralsp\/?s={search_term_string}"},"query-input":{"@type":"PropertyValueSpecification","valueRequired":true,"valueName":"search_term_string"}}],"inLanguage":"pt-BR"},{"@type":"Organization","@id":"https:\/\/redenoticiaz.com.br\/litoralsp\/#organization","name":"Litoral SP","url":"https:\/\/redenoticiaz.com.br\/litoralsp\/","logo":{"@type":"ImageObject","inLanguage":"pt-BR","@id":"https:\/\/redenoticiaz.com.br\/litoralsp\/#\/schema\/logo\/image\/","url":"https:\/\/redenoticiaz.com.br\/litoralsp\/wp-content\/uploads\/sites\/3\/2020\/11\/logo.jpg","contentUrl":"https:\/\/redenoticiaz.com.br\/litoralsp\/wp-content\/uploads\/sites\/3\/2020\/11\/logo.jpg","width":400,"height":250,"caption":"Litoral SP"},"image":{"@id":"https:\/\/redenoticiaz.com.br\/litoralsp\/#\/schema\/logo\/image\/"}},{"@type":"Person","@id":"https:\/\/redenoticiaz.com.br\/litoralsp\/#\/schema\/person\/16057b37a3c0ee6b096d7f887c566e2e","name":"Gustavo Silva","image":{"@type":"ImageObject","inLanguage":"pt-BR","@id":"https:\/\/secure.gravatar.com\/avatar\/3ee4e82f93b26de0a7cf4ea5eb7893da637ed6bb0c9170c58065944c56e28a33?s=96&d=mm&r=g","url":"https:\/\/secure.gravatar.com\/avatar\/3ee4e82f93b26de0a7cf4ea5eb7893da637ed6bb0c9170c58065944c56e28a33?s=96&d=mm&r=g","contentUrl":"https:\/\/secure.gravatar.com\/avatar\/3ee4e82f93b26de0a7cf4ea5eb7893da637ed6bb0c9170c58065944c56e28a33?s=96&d=mm&r=g","caption":"Gustavo Silva"},"url":"https:\/\/redenoticiaz.com.br\/litoralsp\/author\/gustavosilva"}]}},"_links":{"self":[{"href":"https:\/\/redenoticiaz.com.br\/litoralsp\/wp-json\/wp\/v2\/posts\/93982","targetHints":{"allow":["GET"]}}],"collection":[{"href":"https:\/\/redenoticiaz.com.br\/litoralsp\/wp-json\/wp\/v2\/posts"}],"about":[{"href":"https:\/\/redenoticiaz.com.br\/litoralsp\/wp-json\/wp\/v2\/types\/post"}],"author":[{"embeddable":true,"href":"https:\/\/redenoticiaz.com.br\/litoralsp\/wp-json\/wp\/v2\/users\/12"}],"replies":[{"embeddable":true,"href":"https:\/\/redenoticiaz.com.br\/litoralsp\/wp-json\/wp\/v2\/comments?post=93982"}],"version-history":[{"count":1,"href":"https:\/\/redenoticiaz.com.br\/litoralsp\/wp-json\/wp\/v2\/posts\/93982\/revisions"}],"predecessor-version":[{"id":93986,"href":"https:\/\/redenoticiaz.com.br\/litoralsp\/wp-json\/wp\/v2\/posts\/93982\/revisions\/93986"}],"wp:featuredmedia":[{"embeddable":true,"href":"https:\/\/redenoticiaz.com.br\/litoralsp\/wp-json\/wp\/v2\/media\/18677"}],"wp:attachment":[{"href":"https:\/\/redenoticiaz.com.br\/litoralsp\/wp-json\/wp\/v2\/media?parent=93982"}],"wp:term":[{"taxonomy":"category","embeddable":true,"href":"https:\/\/redenoticiaz.com.br\/litoralsp\/wp-json\/wp\/v2\/categories?post=93982"},{"taxonomy":"post_tag","embeddable":true,"href":"https:\/\/redenoticiaz.com.br\/litoralsp\/wp-json\/wp\/v2\/tags?post=93982"}],"curies":[{"name":"wp","href":"https:\/\/api.w.org\/{rel}","templated":true}]}}