{"id":94030,"date":"2022-10-27T13:45:29","date_gmt":"2022-10-27T16:45:29","guid":{"rendered":"https:\/\/redenoticiaz.com.br\/litoralsp\/?p=94030"},"modified":"2022-10-27T13:45:29","modified_gmt":"2022-10-27T16:45:29","slug":"homem-furta-celular-e-acaba-preso-por-policial-em-peruibe","status":"publish","type":"post","link":"https:\/\/redenoticiaz.com.br\/litoralsp\/2022\/10\/27\/homem-furta-celular-e-acaba-preso-por-policial-em-peruibe","title":{"rendered":"Homem furta celular e acaba preso por policial em Peru\u00edbe"},"content":{"rendered":"<p>Um homem foi preso ap\u00f3s furtar um celular pr\u00f3ximo a Avenida 24 de Dezembro, no Centro de Peru\u00edbe.<\/p>\n<p>De acordo com as autoridades, o homem de 35 anos furtou o aparelho de uma jovem de 18 anos que estava passando pelo local.<\/p>\n<p>Ainda de acordo com a v\u00edtima, ela estava parada, olhando seu celular enquanto esperava o carro solicitado via aplicativo, quando o indiv\u00edduo veio por tr\u00e1s subtraindo o celular das suas m\u00e3os.<\/p>\n<p>Ao tentar fugir, foi contido pelo policial civil sendo-lhe dada voz de pris\u00e3o. Logo em seguida a a\u00e7\u00e3o deste policial, uma viatura da Guarda Municipal que passava pelo local foi acionada para prestar apoio.<\/p>\n<p>O homem foi conduzido \u00e0 Delegacia Sede de Peru\u00edbe. Ele j\u00e1 registra antecedentes criminais por diversos crimes.<br \/>\nAp\u00f3s a elabora\u00e7\u00e3o dos procedimentos de Pol\u00edcia Judici\u00e1ria, ele foi encaminhado \u00e0 cadeia p\u00fablica.<\/p>\n<p><strong>Leia mais<\/strong><\/p>\n<p><a href=\"https:\/\/redenoticiaz.com.br\/litoralsp\/2022\/09\/29\/dupla-que-furtou-estabelecimento-comercial-em-peruibe-e-presa\">Dupla que furtou estabelecimento comercial em Peru\u00edbe \u00e9 presa<\/a><\/p>\n","protected":false},"excerpt":{"rendered":"<p>Um homem foi preso ap\u00f3s furtar um celular pr\u00f3ximo a Avenida 24 de Dezembro, no Centro de Peru\u00edbe. De acordo com as autoridades, o homem de 35 anos furtou o aparelho de uma jovem de 18 anos que estava passando pelo local. Ainda de acordo com a v\u00edtima, ela estava parada, olhando seu celular enquanto &hellip;<\/p>\n","protected":false},"author":12,"featured_media":94031,"comment_status":"open","ping_status":"closed","sticky":false,"template":"","format":"standard","meta":{"footnotes":""},"categories":[185],"tags":[36096,3892,3209,1060],"class_list":["post-94030","post","type-post","status-publish","format-standard","has-post-thumbnail","hentry","category-peruibe","tag-celular-roubado","tag-furto","tag-furto-celular","tag-peruibe"],"yoast_head":"<!-- This site is optimized with the Yoast SEO plugin v27.5 - https:\/\/yoast.com\/product\/yoast-seo-wordpress\/ -->\n<title>Homem furta celular e acaba preso por policial em Peru\u00edbe - Litoral SP<\/title>\n<meta name=\"description\" content=\"De acordo com as autoridades, o homem de 35 anos furtou o aparelho de uma jovem de 18 anos que estava passando pelo local.\" \/>\n<meta name=\"robots\" content=\"index, follow, max-snippet:-1, max-image-preview:large, max-video-preview:-1\" \/>\n<link rel=\"canonical\" href=\"https:\/\/redenoticiaz.com.br\/litoralsp\/2022\/10\/27\/homem-furta-celular-e-acaba-preso-por-policial-em-peruibe\" \/>\n<meta property=\"og:locale\" content=\"pt_BR\" \/>\n<meta property=\"og:type\" content=\"article\" \/>\n<meta property=\"og:title\" content=\"Homem furta celular e acaba preso por policial em Peru\u00edbe - Litoral SP\" \/>\n<meta property=\"og:description\" content=\"De acordo com as autoridades, o homem de 35 anos furtou o aparelho de uma jovem de 18 anos que estava passando pelo local.\" \/>\n<meta property=\"og:url\" content=\"https:\/\/redenoticiaz.com.br\/litoralsp\/2022\/10\/27\/homem-furta-celular-e-acaba-preso-por-policial-em-peruibe\" \/>\n<meta property=\"og:site_name\" content=\"Litoral SP\" \/>\n<meta property=\"article:published_time\" content=\"2022-10-27T16:45:29+00:00\" \/>\n<meta property=\"og:image\" content=\"https:\/\/redenoticiaz.com.br\/litoralsp\/wp-content\/uploads\/sites\/3\/2022\/10\/o-que-fazer-em-peruibe-a-noite.jpg\" \/>\n\t<meta property=\"og:image:width\" content=\"780\" \/>\n\t<meta property=\"og:image:height\" content=\"520\" \/>\n\t<meta property=\"og:image:type\" content=\"image\/jpeg\" \/>\n<meta name=\"author\" content=\"Gustavo Silva\" \/>\n<meta name=\"twitter:card\" content=\"summary_large_image\" \/>\n<meta name=\"twitter:label1\" content=\"Escrito por\" \/>\n\t<meta name=\"twitter:data1\" content=\"Gustavo Silva\" \/>\n\t<meta name=\"twitter:label2\" content=\"Est. tempo de leitura\" \/>\n\t<meta name=\"twitter:data2\" content=\"1 minuto\" \/>\n<script type=\"application\/ld+json\" class=\"yoast-schema-graph\">{\"@context\":\"https:\\\/\\\/schema.org\",\"@graph\":[{\"@type\":\"Article\",\"@id\":\"https:\\\/\\\/redenoticiaz.com.br\\\/litoralsp\\\/2022\\\/10\\\/27\\\/homem-furta-celular-e-acaba-preso-por-policial-em-peruibe#article\",\"isPartOf\":{\"@id\":\"https:\\\/\\\/redenoticiaz.com.br\\\/litoralsp\\\/2022\\\/10\\\/27\\\/homem-furta-celular-e-acaba-preso-por-policial-em-peruibe\"},\"author\":{\"name\":\"Gustavo Silva\",\"@id\":\"https:\\\/\\\/redenoticiaz.com.br\\\/litoralsp\\\/#\\\/schema\\\/person\\\/16057b37a3c0ee6b096d7f887c566e2e\"},\"headline\":\"Homem furta celular e acaba preso por policial em Peru\u00edbe\",\"datePublished\":\"2022-10-27T16:45:29+00:00\",\"mainEntityOfPage\":{\"@id\":\"https:\\\/\\\/redenoticiaz.com.br\\\/litoralsp\\\/2022\\\/10\\\/27\\\/homem-furta-celular-e-acaba-preso-por-policial-em-peruibe\"},\"wordCount\":170,\"commentCount\":0,\"publisher\":{\"@id\":\"https:\\\/\\\/redenoticiaz.com.br\\\/litoralsp\\\/#organization\"},\"image\":{\"@id\":\"https:\\\/\\\/redenoticiaz.com.br\\\/litoralsp\\\/2022\\\/10\\\/27\\\/homem-furta-celular-e-acaba-preso-por-policial-em-peruibe#primaryimage\"},\"thumbnailUrl\":\"https:\\\/\\\/redenoticiaz.com.br\\\/litoralsp\\\/wp-content\\\/uploads\\\/sites\\\/3\\\/2022\\\/10\\\/o-que-fazer-em-peruibe-a-noite.jpg\",\"keywords\":[\"CELULAR ROUBADO\",\"furto\",\"FURTO CELULAR\",\"PERU\u00cdBE\"],\"articleSection\":[\"Peru\u00edbe\"],\"inLanguage\":\"pt-BR\",\"potentialAction\":[{\"@type\":\"CommentAction\",\"name\":\"Comment\",\"target\":[\"https:\\\/\\\/redenoticiaz.com.br\\\/litoralsp\\\/2022\\\/10\\\/27\\\/homem-furta-celular-e-acaba-preso-por-policial-em-peruibe#respond\"]}]},{\"@type\":\"WebPage\",\"@id\":\"https:\\\/\\\/redenoticiaz.com.br\\\/litoralsp\\\/2022\\\/10\\\/27\\\/homem-furta-celular-e-acaba-preso-por-policial-em-peruibe\",\"url\":\"https:\\\/\\\/redenoticiaz.com.br\\\/litoralsp\\\/2022\\\/10\\\/27\\\/homem-furta-celular-e-acaba-preso-por-policial-em-peruibe\",\"name\":\"Homem furta celular e acaba preso por policial em Peru\u00edbe - Litoral SP\",\"isPartOf\":{\"@id\":\"https:\\\/\\\/redenoticiaz.com.br\\\/litoralsp\\\/#website\"},\"primaryImageOfPage\":{\"@id\":\"https:\\\/\\\/redenoticiaz.com.br\\\/litoralsp\\\/2022\\\/10\\\/27\\\/homem-furta-celular-e-acaba-preso-por-policial-em-peruibe#primaryimage\"},\"image\":{\"@id\":\"https:\\\/\\\/redenoticiaz.com.br\\\/litoralsp\\\/2022\\\/10\\\/27\\\/homem-furta-celular-e-acaba-preso-por-policial-em-peruibe#primaryimage\"},\"thumbnailUrl\":\"https:\\\/\\\/redenoticiaz.com.br\\\/litoralsp\\\/wp-content\\\/uploads\\\/sites\\\/3\\\/2022\\\/10\\\/o-que-fazer-em-peruibe-a-noite.jpg\",\"datePublished\":\"2022-10-27T16:45:29+00:00\",\"description\":\"De acordo com as autoridades, o homem de 35 anos furtou o aparelho de uma jovem de 18 anos que estava passando pelo local.\",\"inLanguage\":\"pt-BR\",\"potentialAction\":[{\"@type\":\"ReadAction\",\"target\":[\"https:\\\/\\\/redenoticiaz.com.br\\\/litoralsp\\\/2022\\\/10\\\/27\\\/homem-furta-celular-e-acaba-preso-por-policial-em-peruibe\"]}]},{\"@type\":\"ImageObject\",\"inLanguage\":\"pt-BR\",\"@id\":\"https:\\\/\\\/redenoticiaz.com.br\\\/litoralsp\\\/2022\\\/10\\\/27\\\/homem-furta-celular-e-acaba-preso-por-policial-em-peruibe#primaryimage\",\"url\":\"https:\\\/\\\/redenoticiaz.com.br\\\/litoralsp\\\/wp-content\\\/uploads\\\/sites\\\/3\\\/2022\\\/10\\\/o-que-fazer-em-peruibe-a-noite.jpg\",\"contentUrl\":\"https:\\\/\\\/redenoticiaz.com.br\\\/litoralsp\\\/wp-content\\\/uploads\\\/sites\\\/3\\\/2022\\\/10\\\/o-que-fazer-em-peruibe-a-noite.jpg\",\"width\":780,\"height\":520,\"caption\":\"Homem furta celular e acaba preso por policial em Peru\u00edbe\"},{\"@type\":\"WebSite\",\"@id\":\"https:\\\/\\\/redenoticiaz.com.br\\\/litoralsp\\\/#website\",\"url\":\"https:\\\/\\\/redenoticiaz.com.br\\\/litoralsp\\\/\",\"name\":\"Litoral SP\",\"description\":\"Rede NoticiaZ\",\"publisher\":{\"@id\":\"https:\\\/\\\/redenoticiaz.com.br\\\/litoralsp\\\/#organization\"},\"potentialAction\":[{\"@type\":\"SearchAction\",\"target\":{\"@type\":\"EntryPoint\",\"urlTemplate\":\"https:\\\/\\\/redenoticiaz.com.br\\\/litoralsp\\\/?s={search_term_string}\"},\"query-input\":{\"@type\":\"PropertyValueSpecification\",\"valueRequired\":true,\"valueName\":\"search_term_string\"}}],\"inLanguage\":\"pt-BR\"},{\"@type\":\"Organization\",\"@id\":\"https:\\\/\\\/redenoticiaz.com.br\\\/litoralsp\\\/#organization\",\"name\":\"Litoral SP\",\"url\":\"https:\\\/\\\/redenoticiaz.com.br\\\/litoralsp\\\/\",\"logo\":{\"@type\":\"ImageObject\",\"inLanguage\":\"pt-BR\",\"@id\":\"https:\\\/\\\/redenoticiaz.com.br\\\/litoralsp\\\/#\\\/schema\\\/logo\\\/image\\\/\",\"url\":\"https:\\\/\\\/redenoticiaz.com.br\\\/litoralsp\\\/wp-content\\\/uploads\\\/sites\\\/3\\\/2020\\\/11\\\/logo.jpg\",\"contentUrl\":\"https:\\\/\\\/redenoticiaz.com.br\\\/litoralsp\\\/wp-content\\\/uploads\\\/sites\\\/3\\\/2020\\\/11\\\/logo.jpg\",\"width\":400,\"height\":250,\"caption\":\"Litoral SP\"},\"image\":{\"@id\":\"https:\\\/\\\/redenoticiaz.com.br\\\/litoralsp\\\/#\\\/schema\\\/logo\\\/image\\\/\"}},{\"@type\":\"Person\",\"@id\":\"https:\\\/\\\/redenoticiaz.com.br\\\/litoralsp\\\/#\\\/schema\\\/person\\\/16057b37a3c0ee6b096d7f887c566e2e\",\"name\":\"Gustavo Silva\",\"image\":{\"@type\":\"ImageObject\",\"inLanguage\":\"pt-BR\",\"@id\":\"https:\\\/\\\/secure.gravatar.com\\\/avatar\\\/3ee4e82f93b26de0a7cf4ea5eb7893da637ed6bb0c9170c58065944c56e28a33?s=96&d=mm&r=g\",\"url\":\"https:\\\/\\\/secure.gravatar.com\\\/avatar\\\/3ee4e82f93b26de0a7cf4ea5eb7893da637ed6bb0c9170c58065944c56e28a33?s=96&d=mm&r=g\",\"contentUrl\":\"https:\\\/\\\/secure.gravatar.com\\\/avatar\\\/3ee4e82f93b26de0a7cf4ea5eb7893da637ed6bb0c9170c58065944c56e28a33?s=96&d=mm&r=g\",\"caption\":\"Gustavo Silva\"},\"url\":\"https:\\\/\\\/redenoticiaz.com.br\\\/litoralsp\\\/author\\\/gustavosilva\"}]}<\/script>\n<!-- \/ Yoast SEO plugin. -->","yoast_head_json":{"title":"Homem furta celular e acaba preso por policial em Peru\u00edbe - Litoral SP","description":"De acordo com as autoridades, o homem de 35 anos furtou o aparelho de uma jovem de 18 anos que estava passando pelo local.","robots":{"index":"index","follow":"follow","max-snippet":"max-snippet:-1","max-image-preview":"max-image-preview:large","max-video-preview":"max-video-preview:-1"},"canonical":"https:\/\/redenoticiaz.com.br\/litoralsp\/2022\/10\/27\/homem-furta-celular-e-acaba-preso-por-policial-em-peruibe","og_locale":"pt_BR","og_type":"article","og_title":"Homem furta celular e acaba preso por policial em Peru\u00edbe - Litoral SP","og_description":"De acordo com as autoridades, o homem de 35 anos furtou o aparelho de uma jovem de 18 anos que estava passando pelo local.","og_url":"https:\/\/redenoticiaz.com.br\/litoralsp\/2022\/10\/27\/homem-furta-celular-e-acaba-preso-por-policial-em-peruibe","og_site_name":"Litoral SP","article_published_time":"2022-10-27T16:45:29+00:00","og_image":[{"width":780,"height":520,"url":"https:\/\/redenoticiaz.com.br\/litoralsp\/wp-content\/uploads\/sites\/3\/2022\/10\/o-que-fazer-em-peruibe-a-noite.jpg","type":"image\/jpeg"}],"author":"Gustavo Silva","twitter_card":"summary_large_image","twitter_misc":{"Escrito por":"Gustavo Silva","Est. tempo de leitura":"1 minuto"},"schema":{"@context":"https:\/\/schema.org","@graph":[{"@type":"Article","@id":"https:\/\/redenoticiaz.com.br\/litoralsp\/2022\/10\/27\/homem-furta-celular-e-acaba-preso-por-policial-em-peruibe#article","isPartOf":{"@id":"https:\/\/redenoticiaz.com.br\/litoralsp\/2022\/10\/27\/homem-furta-celular-e-acaba-preso-por-policial-em-peruibe"},"author":{"name":"Gustavo Silva","@id":"https:\/\/redenoticiaz.com.br\/litoralsp\/#\/schema\/person\/16057b37a3c0ee6b096d7f887c566e2e"},"headline":"Homem furta celular e acaba preso por policial em Peru\u00edbe","datePublished":"2022-10-27T16:45:29+00:00","mainEntityOfPage":{"@id":"https:\/\/redenoticiaz.com.br\/litoralsp\/2022\/10\/27\/homem-furta-celular-e-acaba-preso-por-policial-em-peruibe"},"wordCount":170,"commentCount":0,"publisher":{"@id":"https:\/\/redenoticiaz.com.br\/litoralsp\/#organization"},"image":{"@id":"https:\/\/redenoticiaz.com.br\/litoralsp\/2022\/10\/27\/homem-furta-celular-e-acaba-preso-por-policial-em-peruibe#primaryimage"},"thumbnailUrl":"https:\/\/redenoticiaz.com.br\/litoralsp\/wp-content\/uploads\/sites\/3\/2022\/10\/o-que-fazer-em-peruibe-a-noite.jpg","keywords":["CELULAR ROUBADO","furto","FURTO CELULAR","PERU\u00cdBE"],"articleSection":["Peru\u00edbe"],"inLanguage":"pt-BR","potentialAction":[{"@type":"CommentAction","name":"Comment","target":["https:\/\/redenoticiaz.com.br\/litoralsp\/2022\/10\/27\/homem-furta-celular-e-acaba-preso-por-policial-em-peruibe#respond"]}]},{"@type":"WebPage","@id":"https:\/\/redenoticiaz.com.br\/litoralsp\/2022\/10\/27\/homem-furta-celular-e-acaba-preso-por-policial-em-peruibe","url":"https:\/\/redenoticiaz.com.br\/litoralsp\/2022\/10\/27\/homem-furta-celular-e-acaba-preso-por-policial-em-peruibe","name":"Homem furta celular e acaba preso por policial em Peru\u00edbe - Litoral SP","isPartOf":{"@id":"https:\/\/redenoticiaz.com.br\/litoralsp\/#website"},"primaryImageOfPage":{"@id":"https:\/\/redenoticiaz.com.br\/litoralsp\/2022\/10\/27\/homem-furta-celular-e-acaba-preso-por-policial-em-peruibe#primaryimage"},"image":{"@id":"https:\/\/redenoticiaz.com.br\/litoralsp\/2022\/10\/27\/homem-furta-celular-e-acaba-preso-por-policial-em-peruibe#primaryimage"},"thumbnailUrl":"https:\/\/redenoticiaz.com.br\/litoralsp\/wp-content\/uploads\/sites\/3\/2022\/10\/o-que-fazer-em-peruibe-a-noite.jpg","datePublished":"2022-10-27T16:45:29+00:00","description":"De acordo com as autoridades, o homem de 35 anos furtou o aparelho de uma jovem de 18 anos que estava passando pelo local.","inLanguage":"pt-BR","potentialAction":[{"@type":"ReadAction","target":["https:\/\/redenoticiaz.com.br\/litoralsp\/2022\/10\/27\/homem-furta-celular-e-acaba-preso-por-policial-em-peruibe"]}]},{"@type":"ImageObject","inLanguage":"pt-BR","@id":"https:\/\/redenoticiaz.com.br\/litoralsp\/2022\/10\/27\/homem-furta-celular-e-acaba-preso-por-policial-em-peruibe#primaryimage","url":"https:\/\/redenoticiaz.com.br\/litoralsp\/wp-content\/uploads\/sites\/3\/2022\/10\/o-que-fazer-em-peruibe-a-noite.jpg","contentUrl":"https:\/\/redenoticiaz.com.br\/litoralsp\/wp-content\/uploads\/sites\/3\/2022\/10\/o-que-fazer-em-peruibe-a-noite.jpg","width":780,"height":520,"caption":"Homem furta celular e acaba preso por policial em Peru\u00edbe"},{"@type":"WebSite","@id":"https:\/\/redenoticiaz.com.br\/litoralsp\/#website","url":"https:\/\/redenoticiaz.com.br\/litoralsp\/","name":"Litoral SP","description":"Rede NoticiaZ","publisher":{"@id":"https:\/\/redenoticiaz.com.br\/litoralsp\/#organization"},"potentialAction":[{"@type":"SearchAction","target":{"@type":"EntryPoint","urlTemplate":"https:\/\/redenoticiaz.com.br\/litoralsp\/?s={search_term_string}"},"query-input":{"@type":"PropertyValueSpecification","valueRequired":true,"valueName":"search_term_string"}}],"inLanguage":"pt-BR"},{"@type":"Organization","@id":"https:\/\/redenoticiaz.com.br\/litoralsp\/#organization","name":"Litoral SP","url":"https:\/\/redenoticiaz.com.br\/litoralsp\/","logo":{"@type":"ImageObject","inLanguage":"pt-BR","@id":"https:\/\/redenoticiaz.com.br\/litoralsp\/#\/schema\/logo\/image\/","url":"https:\/\/redenoticiaz.com.br\/litoralsp\/wp-content\/uploads\/sites\/3\/2020\/11\/logo.jpg","contentUrl":"https:\/\/redenoticiaz.com.br\/litoralsp\/wp-content\/uploads\/sites\/3\/2020\/11\/logo.jpg","width":400,"height":250,"caption":"Litoral SP"},"image":{"@id":"https:\/\/redenoticiaz.com.br\/litoralsp\/#\/schema\/logo\/image\/"}},{"@type":"Person","@id":"https:\/\/redenoticiaz.com.br\/litoralsp\/#\/schema\/person\/16057b37a3c0ee6b096d7f887c566e2e","name":"Gustavo Silva","image":{"@type":"ImageObject","inLanguage":"pt-BR","@id":"https:\/\/secure.gravatar.com\/avatar\/3ee4e82f93b26de0a7cf4ea5eb7893da637ed6bb0c9170c58065944c56e28a33?s=96&d=mm&r=g","url":"https:\/\/secure.gravatar.com\/avatar\/3ee4e82f93b26de0a7cf4ea5eb7893da637ed6bb0c9170c58065944c56e28a33?s=96&d=mm&r=g","contentUrl":"https:\/\/secure.gravatar.com\/avatar\/3ee4e82f93b26de0a7cf4ea5eb7893da637ed6bb0c9170c58065944c56e28a33?s=96&d=mm&r=g","caption":"Gustavo Silva"},"url":"https:\/\/redenoticiaz.com.br\/litoralsp\/author\/gustavosilva"}]}},"_links":{"self":[{"href":"https:\/\/redenoticiaz.com.br\/litoralsp\/wp-json\/wp\/v2\/posts\/94030","targetHints":{"allow":["GET"]}}],"collection":[{"href":"https:\/\/redenoticiaz.com.br\/litoralsp\/wp-json\/wp\/v2\/posts"}],"about":[{"href":"https:\/\/redenoticiaz.com.br\/litoralsp\/wp-json\/wp\/v2\/types\/post"}],"author":[{"embeddable":true,"href":"https:\/\/redenoticiaz.com.br\/litoralsp\/wp-json\/wp\/v2\/users\/12"}],"replies":[{"embeddable":true,"href":"https:\/\/redenoticiaz.com.br\/litoralsp\/wp-json\/wp\/v2\/comments?post=94030"}],"version-history":[{"count":1,"href":"https:\/\/redenoticiaz.com.br\/litoralsp\/wp-json\/wp\/v2\/posts\/94030\/revisions"}],"predecessor-version":[{"id":94032,"href":"https:\/\/redenoticiaz.com.br\/litoralsp\/wp-json\/wp\/v2\/posts\/94030\/revisions\/94032"}],"wp:featuredmedia":[{"embeddable":true,"href":"https:\/\/redenoticiaz.com.br\/litoralsp\/wp-json\/wp\/v2\/media\/94031"}],"wp:attachment":[{"href":"https:\/\/redenoticiaz.com.br\/litoralsp\/wp-json\/wp\/v2\/media?parent=94030"}],"wp:term":[{"taxonomy":"category","embeddable":true,"href":"https:\/\/redenoticiaz.com.br\/litoralsp\/wp-json\/wp\/v2\/categories?post=94030"},{"taxonomy":"post_tag","embeddable":true,"href":"https:\/\/redenoticiaz.com.br\/litoralsp\/wp-json\/wp\/v2\/tags?post=94030"}],"curies":[{"name":"wp","href":"https:\/\/api.w.org\/{rel}","templated":true}]}}