{"id":94047,"date":"2022-10-27T16:53:19","date_gmt":"2022-10-27T19:53:19","guid":{"rendered":"https:\/\/redenoticiaz.com.br\/litoralsp\/?p=94047"},"modified":"2022-10-27T16:57:21","modified_gmt":"2022-10-27T19:57:21","slug":"video-trem-descarrilha-e-vagoes-tombam-em-cubatao","status":"publish","type":"post","link":"https:\/\/redenoticiaz.com.br\/litoralsp\/2022\/10\/27\/video-trem-descarrilha-e-vagoes-tombam-em-cubatao","title":{"rendered":"V\u00cdDEO \u2013 Trem descarrilha e vag\u00f5es tombam em Cubat\u00e3o"},"content":{"rendered":"<p>Um trem descarrilhou na linha f\u00e9rrea de Cubat\u00e3o e diversos vag\u00f5es tombaram no local na manh\u00e3 desta quinta-feira (27).<\/p>\n<p>O momento foi capturado por pessoas que estavam pr\u00f3ximas ao local e de acordo com as imagens, \u00e9 poss\u00edvel ver a composi\u00e7\u00e3o descarrilhando.<\/p>\n<div class=\"wp-playlist wp-video-playlist wp-playlist-light\">\n\t\t<video controls=\"controls\" preload=\"none\" width=\"640\"\n\t\t height=\"352\"\t><\/video>\n\t<div class=\"wp-playlist-next\"><\/div>\n\t<div class=\"wp-playlist-prev\"><\/div>\n\t<noscript>\n\t<ol>\n\t\t<li><a href='https:\/\/redenoticiaz.com.br\/litoralsp\/wp-content\/uploads\/sites\/3\/2022\/10\/WhatsApp-Video-2022-10-27-at-16.28.20-1.mp4'>V\u00cdDEO - Trem descarrilha e vag\u00f5es tombam em Cubat\u00e3o<\/a><\/li>\t<\/ol>\n\t<\/noscript>\n\t<script type=\"application\/json\" class=\"wp-playlist-script\">{\"type\":\"video\",\"tracklist\":true,\"tracknumbers\":true,\"images\":true,\"artists\":true,\"tracks\":[{\"src\":\"https:\/\/redenoticiaz.com.br\/litoralsp\/wp-content\/uploads\/sites\/3\/2022\/10\/WhatsApp-Video-2022-10-27-at-16.28.20-1.mp4\",\"type\":\"video\/mp4\",\"title\":\"V\\u00cdDEO - Trem descarrilha e vag\\u00f5es tombam em Cubat\\u00e3o\",\"caption\":\"V\\u00cdDEO - Trem descarrilha e vag\\u00f5es tombam em Cubat\\u00e3o\",\"description\":\"V\\u00cdDEO - Trem descarrilha e vag\\u00f5es tombam em Cubat\\u00e3o\",\"meta\":{\"length_formatted\":\"0:39\"},\"dimensions\":{\"original\":{\"width\":640,\"height\":352},\"resized\":{\"width\":640,\"height\":352}},\"image\":{\"src\":\"https:\/\/redenoticiaz.com.br\/litoralsp\/wp-includes\/images\/media\/video.svg\",\"width\":48,\"height\":64},\"thumb\":{\"src\":\"https:\/\/redenoticiaz.com.br\/litoralsp\/wp-includes\/images\/media\/video.svg\",\"width\":48,\"height\":64}}]}<\/script>\n<\/div>\n\t\n<p>Ainda de acordo com as autoridades, o acidente aconteceu no trecho localizado pr\u00f3ximo ao bairro Vale Verde, por volta de meio-dia. Tr\u00eas vag\u00f5es tombaram no local.<\/p>\n<p>Sendo assim, a Rumo Log\u00edstica ir\u00e1 investigar as causas do acidente e analisar os vag\u00f5es al\u00e9m dos trilhos onde aconteceu o fato.<\/p>\n<p><strong>Leia mais<\/strong><\/p>\n<p><a href=\"https:\/\/redenoticiaz.com.br\/litoralsp\/2022\/10\/27\/video-multidao-saqueia-conteiner-de-carne-em-cubatao\">V\u00cdDEO \u2013 Multid\u00e3o saqueia cont\u00eainer de carne em Cubat\u00e3o<\/a><\/p>\n","protected":false},"excerpt":{"rendered":"<p>Um trem descarrilhou na linha f\u00e9rrea de Cubat\u00e3o e diversos vag\u00f5es tombaram no local na manh\u00e3 desta quinta-feira (27). O momento foi capturado por pessoas que estavam pr\u00f3ximas ao local e de acordo com as imagens, \u00e9 poss\u00edvel ver a composi\u00e7\u00e3o descarrilhando. Ainda de acordo com as autoridades, o acidente aconteceu no trecho localizado pr\u00f3ximo &hellip;<\/p>\n","protected":false},"author":12,"featured_media":94050,"comment_status":"open","ping_status":"closed","sticky":false,"template":"","format":"standard","meta":{"footnotes":""},"categories":[186],"tags":[60460,1024,60459,60458],"class_list":["post-94047","post","type-post","status-publish","format-standard","has-post-thumbnail","hentry","category-cubatao","tag-bairro-vale-verde","tag-cubatao","tag-linha-ferra","tag-trilhos"],"yoast_head":"<!-- This site is optimized with the Yoast SEO plugin v27.5 - https:\/\/yoast.com\/product\/yoast-seo-wordpress\/ -->\n<title>V\u00cdDEO \u2013 Trem descarrilha e vag\u00f5es tombam em Cubat\u00e3o - Litoral SP<\/title>\n<meta name=\"description\" content=\"Um trem descarrilhou na linha f\u00e9rrea de Cubat\u00e3o e diversos vag\u00f5es tombaram no local na manh\u00e3 desta quinta-feira (27).\" \/>\n<meta name=\"robots\" content=\"index, follow, max-snippet:-1, max-image-preview:large, max-video-preview:-1\" \/>\n<link rel=\"canonical\" href=\"https:\/\/redenoticiaz.com.br\/litoralsp\/2022\/10\/27\/video-trem-descarrilha-e-vagoes-tombam-em-cubatao\" \/>\n<meta property=\"og:locale\" content=\"pt_BR\" \/>\n<meta property=\"og:type\" content=\"article\" \/>\n<meta property=\"og:title\" content=\"V\u00cdDEO \u2013 Trem descarrilha e vag\u00f5es tombam em Cubat\u00e3o - Litoral SP\" \/>\n<meta property=\"og:description\" content=\"Um trem descarrilhou na linha f\u00e9rrea de Cubat\u00e3o e diversos vag\u00f5es tombaram no local na manh\u00e3 desta quinta-feira (27).\" \/>\n<meta property=\"og:url\" content=\"https:\/\/redenoticiaz.com.br\/litoralsp\/2022\/10\/27\/video-trem-descarrilha-e-vagoes-tombam-em-cubatao\" \/>\n<meta property=\"og:site_name\" content=\"Litoral SP\" \/>\n<meta property=\"article:published_time\" content=\"2022-10-27T19:53:19+00:00\" \/>\n<meta property=\"article:modified_time\" content=\"2022-10-27T19:57:21+00:00\" \/>\n<meta property=\"og:image\" content=\"https:\/\/redenoticiaz.com.br\/litoralsp\/wp-content\/uploads\/sites\/3\/2022\/10\/vvvvv.jpg\" \/>\n\t<meta property=\"og:image:width\" content=\"1356\" \/>\n\t<meta property=\"og:image:height\" content=\"730\" \/>\n\t<meta property=\"og:image:type\" content=\"image\/jpeg\" \/>\n<meta name=\"author\" content=\"Gustavo Silva\" \/>\n<meta name=\"twitter:card\" content=\"summary_large_image\" \/>\n<meta name=\"twitter:label1\" content=\"Escrito por\" \/>\n\t<meta name=\"twitter:data1\" content=\"Gustavo Silva\" \/>\n\t<meta name=\"twitter:label2\" content=\"Est. tempo de leitura\" \/>\n\t<meta name=\"twitter:data2\" content=\"1 minuto\" \/>\n<script type=\"application\/ld+json\" class=\"yoast-schema-graph\">{\"@context\":\"https:\\\/\\\/schema.org\",\"@graph\":[{\"@type\":\"Article\",\"@id\":\"https:\\\/\\\/redenoticiaz.com.br\\\/litoralsp\\\/2022\\\/10\\\/27\\\/video-trem-descarrilha-e-vagoes-tombam-em-cubatao#article\",\"isPartOf\":{\"@id\":\"https:\\\/\\\/redenoticiaz.com.br\\\/litoralsp\\\/2022\\\/10\\\/27\\\/video-trem-descarrilha-e-vagoes-tombam-em-cubatao\"},\"author\":{\"name\":\"Gustavo Silva\",\"@id\":\"https:\\\/\\\/redenoticiaz.com.br\\\/litoralsp\\\/#\\\/schema\\\/person\\\/16057b37a3c0ee6b096d7f887c566e2e\"},\"headline\":\"V\u00cdDEO \u2013 Trem descarrilha e vag\u00f5es tombam em Cubat\u00e3o\",\"datePublished\":\"2022-10-27T19:53:19+00:00\",\"dateModified\":\"2022-10-27T19:57:21+00:00\",\"mainEntityOfPage\":{\"@id\":\"https:\\\/\\\/redenoticiaz.com.br\\\/litoralsp\\\/2022\\\/10\\\/27\\\/video-trem-descarrilha-e-vagoes-tombam-em-cubatao\"},\"wordCount\":129,\"commentCount\":0,\"publisher\":{\"@id\":\"https:\\\/\\\/redenoticiaz.com.br\\\/litoralsp\\\/#organization\"},\"image\":{\"@id\":\"https:\\\/\\\/redenoticiaz.com.br\\\/litoralsp\\\/2022\\\/10\\\/27\\\/video-trem-descarrilha-e-vagoes-tombam-em-cubatao#primaryimage\"},\"thumbnailUrl\":\"https:\\\/\\\/redenoticiaz.com.br\\\/litoralsp\\\/wp-content\\\/uploads\\\/sites\\\/3\\\/2022\\\/10\\\/vvvvv.jpg\",\"keywords\":[\"bairro Vale Verde\",\"CUBAT\u00c3O\",\"linha f\u00e9rra\",\"trilhos\"],\"articleSection\":[\"Cubat\u00e3o\"],\"inLanguage\":\"pt-BR\",\"potentialAction\":[{\"@type\":\"CommentAction\",\"name\":\"Comment\",\"target\":[\"https:\\\/\\\/redenoticiaz.com.br\\\/litoralsp\\\/2022\\\/10\\\/27\\\/video-trem-descarrilha-e-vagoes-tombam-em-cubatao#respond\"]}]},{\"@type\":\"WebPage\",\"@id\":\"https:\\\/\\\/redenoticiaz.com.br\\\/litoralsp\\\/2022\\\/10\\\/27\\\/video-trem-descarrilha-e-vagoes-tombam-em-cubatao\",\"url\":\"https:\\\/\\\/redenoticiaz.com.br\\\/litoralsp\\\/2022\\\/10\\\/27\\\/video-trem-descarrilha-e-vagoes-tombam-em-cubatao\",\"name\":\"V\u00cdDEO \u2013 Trem descarrilha e vag\u00f5es tombam em Cubat\u00e3o - Litoral SP\",\"isPartOf\":{\"@id\":\"https:\\\/\\\/redenoticiaz.com.br\\\/litoralsp\\\/#website\"},\"primaryImageOfPage\":{\"@id\":\"https:\\\/\\\/redenoticiaz.com.br\\\/litoralsp\\\/2022\\\/10\\\/27\\\/video-trem-descarrilha-e-vagoes-tombam-em-cubatao#primaryimage\"},\"image\":{\"@id\":\"https:\\\/\\\/redenoticiaz.com.br\\\/litoralsp\\\/2022\\\/10\\\/27\\\/video-trem-descarrilha-e-vagoes-tombam-em-cubatao#primaryimage\"},\"thumbnailUrl\":\"https:\\\/\\\/redenoticiaz.com.br\\\/litoralsp\\\/wp-content\\\/uploads\\\/sites\\\/3\\\/2022\\\/10\\\/vvvvv.jpg\",\"datePublished\":\"2022-10-27T19:53:19+00:00\",\"dateModified\":\"2022-10-27T19:57:21+00:00\",\"description\":\"Um trem descarrilhou na linha f\u00e9rrea de Cubat\u00e3o e diversos vag\u00f5es tombaram no local na manh\u00e3 desta quinta-feira (27).\",\"inLanguage\":\"pt-BR\",\"potentialAction\":[{\"@type\":\"ReadAction\",\"target\":[\"https:\\\/\\\/redenoticiaz.com.br\\\/litoralsp\\\/2022\\\/10\\\/27\\\/video-trem-descarrilha-e-vagoes-tombam-em-cubatao\"]}]},{\"@type\":\"ImageObject\",\"inLanguage\":\"pt-BR\",\"@id\":\"https:\\\/\\\/redenoticiaz.com.br\\\/litoralsp\\\/2022\\\/10\\\/27\\\/video-trem-descarrilha-e-vagoes-tombam-em-cubatao#primaryimage\",\"url\":\"https:\\\/\\\/redenoticiaz.com.br\\\/litoralsp\\\/wp-content\\\/uploads\\\/sites\\\/3\\\/2022\\\/10\\\/vvvvv.jpg\",\"contentUrl\":\"https:\\\/\\\/redenoticiaz.com.br\\\/litoralsp\\\/wp-content\\\/uploads\\\/sites\\\/3\\\/2022\\\/10\\\/vvvvv.jpg\",\"width\":1356,\"height\":730,\"caption\":\"V\u00cdDEO - Trem descarrilha e vag\u00f5es tombam em Cubat\u00e3o\"},{\"@type\":\"WebSite\",\"@id\":\"https:\\\/\\\/redenoticiaz.com.br\\\/litoralsp\\\/#website\",\"url\":\"https:\\\/\\\/redenoticiaz.com.br\\\/litoralsp\\\/\",\"name\":\"Litoral SP\",\"description\":\"Rede NoticiaZ\",\"publisher\":{\"@id\":\"https:\\\/\\\/redenoticiaz.com.br\\\/litoralsp\\\/#organization\"},\"potentialAction\":[{\"@type\":\"SearchAction\",\"target\":{\"@type\":\"EntryPoint\",\"urlTemplate\":\"https:\\\/\\\/redenoticiaz.com.br\\\/litoralsp\\\/?s={search_term_string}\"},\"query-input\":{\"@type\":\"PropertyValueSpecification\",\"valueRequired\":true,\"valueName\":\"search_term_string\"}}],\"inLanguage\":\"pt-BR\"},{\"@type\":\"Organization\",\"@id\":\"https:\\\/\\\/redenoticiaz.com.br\\\/litoralsp\\\/#organization\",\"name\":\"Litoral SP\",\"url\":\"https:\\\/\\\/redenoticiaz.com.br\\\/litoralsp\\\/\",\"logo\":{\"@type\":\"ImageObject\",\"inLanguage\":\"pt-BR\",\"@id\":\"https:\\\/\\\/redenoticiaz.com.br\\\/litoralsp\\\/#\\\/schema\\\/logo\\\/image\\\/\",\"url\":\"https:\\\/\\\/redenoticiaz.com.br\\\/litoralsp\\\/wp-content\\\/uploads\\\/sites\\\/3\\\/2020\\\/11\\\/logo.jpg\",\"contentUrl\":\"https:\\\/\\\/redenoticiaz.com.br\\\/litoralsp\\\/wp-content\\\/uploads\\\/sites\\\/3\\\/2020\\\/11\\\/logo.jpg\",\"width\":400,\"height\":250,\"caption\":\"Litoral SP\"},\"image\":{\"@id\":\"https:\\\/\\\/redenoticiaz.com.br\\\/litoralsp\\\/#\\\/schema\\\/logo\\\/image\\\/\"}},{\"@type\":\"Person\",\"@id\":\"https:\\\/\\\/redenoticiaz.com.br\\\/litoralsp\\\/#\\\/schema\\\/person\\\/16057b37a3c0ee6b096d7f887c566e2e\",\"name\":\"Gustavo Silva\",\"image\":{\"@type\":\"ImageObject\",\"inLanguage\":\"pt-BR\",\"@id\":\"https:\\\/\\\/secure.gravatar.com\\\/avatar\\\/3ee4e82f93b26de0a7cf4ea5eb7893da637ed6bb0c9170c58065944c56e28a33?s=96&d=mm&r=g\",\"url\":\"https:\\\/\\\/secure.gravatar.com\\\/avatar\\\/3ee4e82f93b26de0a7cf4ea5eb7893da637ed6bb0c9170c58065944c56e28a33?s=96&d=mm&r=g\",\"contentUrl\":\"https:\\\/\\\/secure.gravatar.com\\\/avatar\\\/3ee4e82f93b26de0a7cf4ea5eb7893da637ed6bb0c9170c58065944c56e28a33?s=96&d=mm&r=g\",\"caption\":\"Gustavo Silva\"},\"url\":\"https:\\\/\\\/redenoticiaz.com.br\\\/litoralsp\\\/author\\\/gustavosilva\"}]}<\/script>\n<!-- \/ Yoast SEO plugin. -->","yoast_head_json":{"title":"V\u00cdDEO \u2013 Trem descarrilha e vag\u00f5es tombam em Cubat\u00e3o - Litoral SP","description":"Um trem descarrilhou na linha f\u00e9rrea de Cubat\u00e3o e diversos vag\u00f5es tombaram no local na manh\u00e3 desta quinta-feira (27).","robots":{"index":"index","follow":"follow","max-snippet":"max-snippet:-1","max-image-preview":"max-image-preview:large","max-video-preview":"max-video-preview:-1"},"canonical":"https:\/\/redenoticiaz.com.br\/litoralsp\/2022\/10\/27\/video-trem-descarrilha-e-vagoes-tombam-em-cubatao","og_locale":"pt_BR","og_type":"article","og_title":"V\u00cdDEO \u2013 Trem descarrilha e vag\u00f5es tombam em Cubat\u00e3o - Litoral SP","og_description":"Um trem descarrilhou na linha f\u00e9rrea de Cubat\u00e3o e diversos vag\u00f5es tombaram no local na manh\u00e3 desta quinta-feira (27).","og_url":"https:\/\/redenoticiaz.com.br\/litoralsp\/2022\/10\/27\/video-trem-descarrilha-e-vagoes-tombam-em-cubatao","og_site_name":"Litoral SP","article_published_time":"2022-10-27T19:53:19+00:00","article_modified_time":"2022-10-27T19:57:21+00:00","og_image":[{"width":1356,"height":730,"url":"https:\/\/redenoticiaz.com.br\/litoralsp\/wp-content\/uploads\/sites\/3\/2022\/10\/vvvvv.jpg","type":"image\/jpeg"}],"author":"Gustavo Silva","twitter_card":"summary_large_image","twitter_misc":{"Escrito por":"Gustavo Silva","Est. tempo de leitura":"1 minuto"},"schema":{"@context":"https:\/\/schema.org","@graph":[{"@type":"Article","@id":"https:\/\/redenoticiaz.com.br\/litoralsp\/2022\/10\/27\/video-trem-descarrilha-e-vagoes-tombam-em-cubatao#article","isPartOf":{"@id":"https:\/\/redenoticiaz.com.br\/litoralsp\/2022\/10\/27\/video-trem-descarrilha-e-vagoes-tombam-em-cubatao"},"author":{"name":"Gustavo Silva","@id":"https:\/\/redenoticiaz.com.br\/litoralsp\/#\/schema\/person\/16057b37a3c0ee6b096d7f887c566e2e"},"headline":"V\u00cdDEO \u2013 Trem descarrilha e vag\u00f5es tombam em Cubat\u00e3o","datePublished":"2022-10-27T19:53:19+00:00","dateModified":"2022-10-27T19:57:21+00:00","mainEntityOfPage":{"@id":"https:\/\/redenoticiaz.com.br\/litoralsp\/2022\/10\/27\/video-trem-descarrilha-e-vagoes-tombam-em-cubatao"},"wordCount":129,"commentCount":0,"publisher":{"@id":"https:\/\/redenoticiaz.com.br\/litoralsp\/#organization"},"image":{"@id":"https:\/\/redenoticiaz.com.br\/litoralsp\/2022\/10\/27\/video-trem-descarrilha-e-vagoes-tombam-em-cubatao#primaryimage"},"thumbnailUrl":"https:\/\/redenoticiaz.com.br\/litoralsp\/wp-content\/uploads\/sites\/3\/2022\/10\/vvvvv.jpg","keywords":["bairro Vale Verde","CUBAT\u00c3O","linha f\u00e9rra","trilhos"],"articleSection":["Cubat\u00e3o"],"inLanguage":"pt-BR","potentialAction":[{"@type":"CommentAction","name":"Comment","target":["https:\/\/redenoticiaz.com.br\/litoralsp\/2022\/10\/27\/video-trem-descarrilha-e-vagoes-tombam-em-cubatao#respond"]}]},{"@type":"WebPage","@id":"https:\/\/redenoticiaz.com.br\/litoralsp\/2022\/10\/27\/video-trem-descarrilha-e-vagoes-tombam-em-cubatao","url":"https:\/\/redenoticiaz.com.br\/litoralsp\/2022\/10\/27\/video-trem-descarrilha-e-vagoes-tombam-em-cubatao","name":"V\u00cdDEO \u2013 Trem descarrilha e vag\u00f5es tombam em Cubat\u00e3o - Litoral SP","isPartOf":{"@id":"https:\/\/redenoticiaz.com.br\/litoralsp\/#website"},"primaryImageOfPage":{"@id":"https:\/\/redenoticiaz.com.br\/litoralsp\/2022\/10\/27\/video-trem-descarrilha-e-vagoes-tombam-em-cubatao#primaryimage"},"image":{"@id":"https:\/\/redenoticiaz.com.br\/litoralsp\/2022\/10\/27\/video-trem-descarrilha-e-vagoes-tombam-em-cubatao#primaryimage"},"thumbnailUrl":"https:\/\/redenoticiaz.com.br\/litoralsp\/wp-content\/uploads\/sites\/3\/2022\/10\/vvvvv.jpg","datePublished":"2022-10-27T19:53:19+00:00","dateModified":"2022-10-27T19:57:21+00:00","description":"Um trem descarrilhou na linha f\u00e9rrea de Cubat\u00e3o e diversos vag\u00f5es tombaram no local na manh\u00e3 desta quinta-feira (27).","inLanguage":"pt-BR","potentialAction":[{"@type":"ReadAction","target":["https:\/\/redenoticiaz.com.br\/litoralsp\/2022\/10\/27\/video-trem-descarrilha-e-vagoes-tombam-em-cubatao"]}]},{"@type":"ImageObject","inLanguage":"pt-BR","@id":"https:\/\/redenoticiaz.com.br\/litoralsp\/2022\/10\/27\/video-trem-descarrilha-e-vagoes-tombam-em-cubatao#primaryimage","url":"https:\/\/redenoticiaz.com.br\/litoralsp\/wp-content\/uploads\/sites\/3\/2022\/10\/vvvvv.jpg","contentUrl":"https:\/\/redenoticiaz.com.br\/litoralsp\/wp-content\/uploads\/sites\/3\/2022\/10\/vvvvv.jpg","width":1356,"height":730,"caption":"V\u00cdDEO - Trem descarrilha e vag\u00f5es tombam em Cubat\u00e3o"},{"@type":"WebSite","@id":"https:\/\/redenoticiaz.com.br\/litoralsp\/#website","url":"https:\/\/redenoticiaz.com.br\/litoralsp\/","name":"Litoral SP","description":"Rede NoticiaZ","publisher":{"@id":"https:\/\/redenoticiaz.com.br\/litoralsp\/#organization"},"potentialAction":[{"@type":"SearchAction","target":{"@type":"EntryPoint","urlTemplate":"https:\/\/redenoticiaz.com.br\/litoralsp\/?s={search_term_string}"},"query-input":{"@type":"PropertyValueSpecification","valueRequired":true,"valueName":"search_term_string"}}],"inLanguage":"pt-BR"},{"@type":"Organization","@id":"https:\/\/redenoticiaz.com.br\/litoralsp\/#organization","name":"Litoral SP","url":"https:\/\/redenoticiaz.com.br\/litoralsp\/","logo":{"@type":"ImageObject","inLanguage":"pt-BR","@id":"https:\/\/redenoticiaz.com.br\/litoralsp\/#\/schema\/logo\/image\/","url":"https:\/\/redenoticiaz.com.br\/litoralsp\/wp-content\/uploads\/sites\/3\/2020\/11\/logo.jpg","contentUrl":"https:\/\/redenoticiaz.com.br\/litoralsp\/wp-content\/uploads\/sites\/3\/2020\/11\/logo.jpg","width":400,"height":250,"caption":"Litoral SP"},"image":{"@id":"https:\/\/redenoticiaz.com.br\/litoralsp\/#\/schema\/logo\/image\/"}},{"@type":"Person","@id":"https:\/\/redenoticiaz.com.br\/litoralsp\/#\/schema\/person\/16057b37a3c0ee6b096d7f887c566e2e","name":"Gustavo Silva","image":{"@type":"ImageObject","inLanguage":"pt-BR","@id":"https:\/\/secure.gravatar.com\/avatar\/3ee4e82f93b26de0a7cf4ea5eb7893da637ed6bb0c9170c58065944c56e28a33?s=96&d=mm&r=g","url":"https:\/\/secure.gravatar.com\/avatar\/3ee4e82f93b26de0a7cf4ea5eb7893da637ed6bb0c9170c58065944c56e28a33?s=96&d=mm&r=g","contentUrl":"https:\/\/secure.gravatar.com\/avatar\/3ee4e82f93b26de0a7cf4ea5eb7893da637ed6bb0c9170c58065944c56e28a33?s=96&d=mm&r=g","caption":"Gustavo Silva"},"url":"https:\/\/redenoticiaz.com.br\/litoralsp\/author\/gustavosilva"}]}},"_links":{"self":[{"href":"https:\/\/redenoticiaz.com.br\/litoralsp\/wp-json\/wp\/v2\/posts\/94047","targetHints":{"allow":["GET"]}}],"collection":[{"href":"https:\/\/redenoticiaz.com.br\/litoralsp\/wp-json\/wp\/v2\/posts"}],"about":[{"href":"https:\/\/redenoticiaz.com.br\/litoralsp\/wp-json\/wp\/v2\/types\/post"}],"author":[{"embeddable":true,"href":"https:\/\/redenoticiaz.com.br\/litoralsp\/wp-json\/wp\/v2\/users\/12"}],"replies":[{"embeddable":true,"href":"https:\/\/redenoticiaz.com.br\/litoralsp\/wp-json\/wp\/v2\/comments?post=94047"}],"version-history":[{"count":2,"href":"https:\/\/redenoticiaz.com.br\/litoralsp\/wp-json\/wp\/v2\/posts\/94047\/revisions"}],"predecessor-version":[{"id":94056,"href":"https:\/\/redenoticiaz.com.br\/litoralsp\/wp-json\/wp\/v2\/posts\/94047\/revisions\/94056"}],"wp:featuredmedia":[{"embeddable":true,"href":"https:\/\/redenoticiaz.com.br\/litoralsp\/wp-json\/wp\/v2\/media\/94050"}],"wp:attachment":[{"href":"https:\/\/redenoticiaz.com.br\/litoralsp\/wp-json\/wp\/v2\/media?parent=94047"}],"wp:term":[{"taxonomy":"category","embeddable":true,"href":"https:\/\/redenoticiaz.com.br\/litoralsp\/wp-json\/wp\/v2\/categories?post=94047"},{"taxonomy":"post_tag","embeddable":true,"href":"https:\/\/redenoticiaz.com.br\/litoralsp\/wp-json\/wp\/v2\/tags?post=94047"}],"curies":[{"name":"wp","href":"https:\/\/api.w.org\/{rel}","templated":true}]}}