{"id":94078,"date":"2022-10-28T10:18:37","date_gmt":"2022-10-28T13:18:37","guid":{"rendered":"https:\/\/redenoticiaz.com.br\/litoralsp\/?p=94078"},"modified":"2022-10-28T10:18:37","modified_gmt":"2022-10-28T13:18:37","slug":"homem-mata-companheiro-a-facadas-dentro-de-casa-em-obras-em-sao-vicente","status":"publish","type":"post","link":"https:\/\/redenoticiaz.com.br\/litoralsp\/2022\/10\/28\/homem-mata-companheiro-a-facadas-dentro-de-casa-em-obras-em-sao-vicente","title":{"rendered":"Homem mata companheiro a facadas dentro de casa em obras em S\u00e3o Vicente"},"content":{"rendered":"<div id=\"chunk-96kvl\">\n<div class=\"mc-column content-text active-extra-styles \" data-block-type=\"unstyled\" data-block-weight=\"71\" data-block-id=\"3\">\n<p class=\"content-text__container \" data-track-category=\"Link no Texto\" data-track-links=\"\">A Pol\u00edcia Civil investiga o caso de um homem de 50 anos apontado como o respons\u00e1vel de <strong>matar a facadas<\/strong> o jovem Carlos Honorato de Souza, de 22, no bairro Catiapo\u00e3, em S\u00e3o Vicente. De acordo com o boletim de ocorr\u00eancia, os dois tinham uma rela\u00e7\u00e3o amorosa e ap\u00f3s o crime, o autor das facadas fugiu e, at\u00e9 o momento, n\u00e3o foi encontrado.<\/p>\n<\/div>\n<\/div>\n<div class=\"wall protected-content\">\n<div id=\"chunk-fs83r\">\n<div class=\"mc-column content-text active-extra-styles \" data-block-type=\"unstyled\" data-block-weight=\"43\" data-block-id=\"4\">\n<p class=\"content-text__container \" data-track-category=\"Link no Texto\" data-track-links=\"\">Ainda segundo o boletim de ocorr\u00eancia, os policiais militares informaram que foram acionados pelo Comando de Grupo Patrulha (CPG) para atender a ocorr\u00eancia de homic\u00eddio envolvendo um casal homoafetivo. Os dois residiam na Rua Major Eug\u00eanio Terral, em uma casa em obras.<\/p>\n<div id=\"chunk-1tt6q\">\n<div class=\"mc-column content-text active-extra-styles \" data-block-type=\"unstyled\" data-block-weight=\"50\" data-block-id=\"6\">\n<p class=\"content-text__container \" data-track-category=\"Link no Texto\" data-track-links=\"\">Ao chegarem no local, um homem que se identificou como empreiteiro, de 27 anos, disse \u00e0 Pol\u00edcia Civil que o irm\u00e3o do suspeito ligou para ele, por volta das 3h15. O homem pediu que o empreiteiro fosse at\u00e9 a obra porque o irm\u00e3o dele &#8220;teria feito alguma coisa&#8221; contra o companheiro.<\/p>\n<\/div>\n<\/div>\n<div id=\"chunk-8d5ti\">\n<div class=\"mc-column content-text active-extra-styles \" data-block-type=\"unstyled\" data-block-weight=\"46\" data-block-id=\"7\">\n<p class=\"content-text__container \" data-track-category=\"Link no Texto\" data-track-links=\"\">Quando o empreiteiro chegou ao local, o empreiteiro percebeu que havia muito sangue e encontrou o corpo de Carlos no c\u00f4modo superior da casa. Al\u00e9m disso, a testemunha disse que o suspeito do crime foi contratado a pedido do irm\u00e3o do suspeito.<\/p>\n<h3 data-track-category=\"Link no Texto\">Morte confirmada<\/h3>\n<\/div>\n<\/div>\n<div id=\"chunk-2e8k5\">\n<div class=\"mc-column content-text active-extra-styles \" data-block-type=\"unstyled\" data-block-weight=\"54\" data-block-id=\"8\">\n<p class=\"content-text__container \" data-track-category=\"Link no Texto\" data-track-links=\"\">A Pol\u00edcia Militar e o Servi\u00e7o de Atendimento M\u00f3vel de Urg\u00eancia (SAMU) vieram e o m\u00e9dico constatou o \u00f3bito no local e encaminhou o corpo para o Instituto M\u00e9dico Legal (IML). A per\u00edcia foi acionada e uma equipe da Delegacia de Investiga\u00e7\u00f5es Gerais (DIG) de Praia Grande tamb\u00e9m esteve no local.<\/p>\n<\/div>\n<\/div>\n<div id=\"chunk-1odtf\">\n<div class=\"mc-column content-text active-extra-styles \" data-block-type=\"unstyled\" data-block-weight=\"37\" data-block-id=\"9\">\n<p class=\"content-text__container \" data-track-category=\"Link no Texto\" data-track-links=\"\">Ainda de acordo com o boletim de ocorr\u00eancia, no local do crime foi encontrada a faca que foi utilizada, que foi apreendida. Contudo, o celular de Carlos n\u00e3o foi localizado e, provavelmente, foi subtra\u00eddo pelo companheiro dele.<\/p>\n<\/div>\n<\/div>\n<div id=\"chunk-8lde\">\n<div class=\"mc-column content-text active-extra-styles \" data-block-type=\"unstyled\" data-block-weight=\"56\" data-block-id=\"10\">\n<p class=\"content-text__container \" data-track-category=\"Link no Texto\" data-track-links=\"\">Al\u00e9m disso, o empreiteiro ainda explicou que contratou o suspeito de cometer o crime ap\u00f3s um pedido do irm\u00e3o dele. O homem nasceu no Cear\u00e1 e veio a Baixada Santista em busca de uma oportunidade. Ele deixou esposa e filhos no outro estado. O relacionamento dos dois come\u00e7ou quando ele chegou em S\u00e3o Vicente.<\/p>\n<\/div>\n<\/div>\n<div id=\"chunk-ac758\">\n<div class=\"mc-column content-text active-extra-styles \" data-block-type=\"unstyled\" data-block-weight=\"33\" data-block-id=\"12\">\n<p class=\"content-text__container \" data-track-category=\"Link no Texto\" data-track-links=\"\">O caso foi registrado no 1\u00b0 DP de S\u00e3o Vicente como homic\u00eddio e furto, mas ser\u00e1 investigado pela DIG de Praia Grande. O suspeito de cometer o crime ainda n\u00e3o foi encontrado.<\/p>\n<p data-track-category=\"Link no Texto\" data-track-links=\"\"><strong>LEIA TAMB\u00c9M<\/strong><\/p>\n<p data-track-category=\"Link no Texto\" data-track-links=\"\"><a href=\"https:\/\/redenoticiaz.com.br\/litoralsp\/2022\/10\/27\/homem-furta-celular-e-acaba-preso-por-policial-em-peruibe\">Homem furta celular e acaba preso por policial em Peru\u00edbe<\/a><\/p>\n<\/div>\n<\/div>\n<\/div>\n<\/div>\n<\/div>\n","protected":false},"excerpt":{"rendered":"<p>A Pol\u00edcia Civil investiga o caso de um homem de 50 anos apontado como o respons\u00e1vel de matar a facadas o jovem Carlos Honorato de Souza, de 22, no bairro Catiapo\u00e3, em S\u00e3o Vicente. De acordo com o boletim de ocorr\u00eancia, os dois tinham uma rela\u00e7\u00e3o amorosa e ap\u00f3s o crime, o autor das facadas &hellip;<\/p>\n","protected":false},"author":6,"featured_media":86461,"comment_status":"open","ping_status":"closed","sticky":false,"template":"","format":"standard","meta":{"footnotes":""},"categories":[10,181],"tags":[60469,17214,48456,1762,1766,60470,3143,33],"class_list":["post-94078","post","type-post","status-publish","format-standard","has-post-thumbnail","hentry","category-policia","category-sao-vicente","tag-casa-em-obras","tag-catiapoa","tag-morte-a-facadas","tag-policia-civil","tag-policia-militar","tag-relacionamento-homoafetivo","tag-samu","tag-sao-vicente"],"yoast_head":"<!-- This site is optimized with the Yoast SEO plugin v27.5 - https:\/\/yoast.com\/product\/yoast-seo-wordpress\/ -->\n<title>Homem mata companheiro a facadas dentro de casa em obras em S\u00e3o Vicente - Litoral SP<\/title>\n<meta name=\"description\" content=\"A Pol\u00edcia Civil investiga o caso de um homem de 50 anos apontado como o respons\u00e1vel de matar a facadas o jovem Carlos Honorato\" \/>\n<meta name=\"robots\" content=\"index, follow, max-snippet:-1, max-image-preview:large, max-video-preview:-1\" \/>\n<link rel=\"canonical\" href=\"https:\/\/redenoticiaz.com.br\/litoralsp\/2022\/10\/28\/homem-mata-companheiro-a-facadas-dentro-de-casa-em-obras-em-sao-vicente\" \/>\n<meta property=\"og:locale\" content=\"pt_BR\" \/>\n<meta property=\"og:type\" content=\"article\" \/>\n<meta property=\"og:title\" content=\"Homem mata companheiro a facadas dentro de casa em obras em S\u00e3o Vicente - Litoral SP\" \/>\n<meta property=\"og:description\" content=\"A Pol\u00edcia Civil investiga o caso de um homem de 50 anos apontado como o respons\u00e1vel de matar a facadas o jovem Carlos Honorato\" \/>\n<meta property=\"og:url\" content=\"https:\/\/redenoticiaz.com.br\/litoralsp\/2022\/10\/28\/homem-mata-companheiro-a-facadas-dentro-de-casa-em-obras-em-sao-vicente\" \/>\n<meta property=\"og:site_name\" content=\"Litoral SP\" \/>\n<meta property=\"article:published_time\" content=\"2022-10-28T13:18:37+00:00\" \/>\n<meta property=\"og:image\" content=\"https:\/\/redenoticiaz.com.br\/litoralsp\/wp-content\/uploads\/sites\/3\/2022\/06\/delegacia-sv.jpg\" \/>\n\t<meta property=\"og:image:width\" content=\"780\" \/>\n\t<meta property=\"og:image:height\" content=\"409\" \/>\n\t<meta property=\"og:image:type\" content=\"image\/jpeg\" \/>\n<meta name=\"author\" content=\"Leonardo Francisco\" \/>\n<meta name=\"twitter:card\" content=\"summary_large_image\" \/>\n<meta name=\"twitter:label1\" content=\"Escrito por\" \/>\n\t<meta name=\"twitter:data1\" content=\"Leonardo Francisco\" \/>\n\t<meta name=\"twitter:label2\" content=\"Est. tempo de leitura\" \/>\n\t<meta name=\"twitter:data2\" content=\"3 minutos\" \/>\n<script type=\"application\/ld+json\" class=\"yoast-schema-graph\">{\"@context\":\"https:\\\/\\\/schema.org\",\"@graph\":[{\"@type\":\"Article\",\"@id\":\"https:\\\/\\\/redenoticiaz.com.br\\\/litoralsp\\\/2022\\\/10\\\/28\\\/homem-mata-companheiro-a-facadas-dentro-de-casa-em-obras-em-sao-vicente#article\",\"isPartOf\":{\"@id\":\"https:\\\/\\\/redenoticiaz.com.br\\\/litoralsp\\\/2022\\\/10\\\/28\\\/homem-mata-companheiro-a-facadas-dentro-de-casa-em-obras-em-sao-vicente\"},\"author\":{\"name\":\"Leonardo Francisco\",\"@id\":\"https:\\\/\\\/redenoticiaz.com.br\\\/litoralsp\\\/#\\\/schema\\\/person\\\/0f0b8a5bdafefe82841e07ae8d81ecb3\"},\"headline\":\"Homem mata companheiro a facadas dentro de casa em obras em S\u00e3o Vicente\",\"datePublished\":\"2022-10-28T13:18:37+00:00\",\"mainEntityOfPage\":{\"@id\":\"https:\\\/\\\/redenoticiaz.com.br\\\/litoralsp\\\/2022\\\/10\\\/28\\\/homem-mata-companheiro-a-facadas-dentro-de-casa-em-obras-em-sao-vicente\"},\"wordCount\":434,\"commentCount\":0,\"publisher\":{\"@id\":\"https:\\\/\\\/redenoticiaz.com.br\\\/litoralsp\\\/#organization\"},\"image\":{\"@id\":\"https:\\\/\\\/redenoticiaz.com.br\\\/litoralsp\\\/2022\\\/10\\\/28\\\/homem-mata-companheiro-a-facadas-dentro-de-casa-em-obras-em-sao-vicente#primaryimage\"},\"thumbnailUrl\":\"https:\\\/\\\/redenoticiaz.com.br\\\/litoralsp\\\/wp-content\\\/uploads\\\/sites\\\/3\\\/2022\\\/06\\\/delegacia-sv.jpg\",\"keywords\":[\"CASA EM OBRAS\",\"CATIAPO\u00c3\",\"MORTE A FACADAS\",\"POL\u00cdCIA CIVIL\",\"policia militar\",\"RELACIONAMENTO HOMOAFETIVO\",\"SAMU\",\"S\u00e3o Vicente\"],\"articleSection\":[\"Pol\u00edcia\",\"S\u00e3o Vicente\"],\"inLanguage\":\"pt-BR\",\"potentialAction\":[{\"@type\":\"CommentAction\",\"name\":\"Comment\",\"target\":[\"https:\\\/\\\/redenoticiaz.com.br\\\/litoralsp\\\/2022\\\/10\\\/28\\\/homem-mata-companheiro-a-facadas-dentro-de-casa-em-obras-em-sao-vicente#respond\"]}]},{\"@type\":\"WebPage\",\"@id\":\"https:\\\/\\\/redenoticiaz.com.br\\\/litoralsp\\\/2022\\\/10\\\/28\\\/homem-mata-companheiro-a-facadas-dentro-de-casa-em-obras-em-sao-vicente\",\"url\":\"https:\\\/\\\/redenoticiaz.com.br\\\/litoralsp\\\/2022\\\/10\\\/28\\\/homem-mata-companheiro-a-facadas-dentro-de-casa-em-obras-em-sao-vicente\",\"name\":\"Homem mata companheiro a facadas dentro de casa em obras em S\u00e3o Vicente - Litoral SP\",\"isPartOf\":{\"@id\":\"https:\\\/\\\/redenoticiaz.com.br\\\/litoralsp\\\/#website\"},\"primaryImageOfPage\":{\"@id\":\"https:\\\/\\\/redenoticiaz.com.br\\\/litoralsp\\\/2022\\\/10\\\/28\\\/homem-mata-companheiro-a-facadas-dentro-de-casa-em-obras-em-sao-vicente#primaryimage\"},\"image\":{\"@id\":\"https:\\\/\\\/redenoticiaz.com.br\\\/litoralsp\\\/2022\\\/10\\\/28\\\/homem-mata-companheiro-a-facadas-dentro-de-casa-em-obras-em-sao-vicente#primaryimage\"},\"thumbnailUrl\":\"https:\\\/\\\/redenoticiaz.com.br\\\/litoralsp\\\/wp-content\\\/uploads\\\/sites\\\/3\\\/2022\\\/06\\\/delegacia-sv.jpg\",\"datePublished\":\"2022-10-28T13:18:37+00:00\",\"description\":\"A Pol\u00edcia Civil investiga o caso de um homem de 50 anos apontado como o respons\u00e1vel de matar a facadas o jovem Carlos Honorato\",\"inLanguage\":\"pt-BR\",\"potentialAction\":[{\"@type\":\"ReadAction\",\"target\":[\"https:\\\/\\\/redenoticiaz.com.br\\\/litoralsp\\\/2022\\\/10\\\/28\\\/homem-mata-companheiro-a-facadas-dentro-de-casa-em-obras-em-sao-vicente\"]}]},{\"@type\":\"ImageObject\",\"inLanguage\":\"pt-BR\",\"@id\":\"https:\\\/\\\/redenoticiaz.com.br\\\/litoralsp\\\/2022\\\/10\\\/28\\\/homem-mata-companheiro-a-facadas-dentro-de-casa-em-obras-em-sao-vicente#primaryimage\",\"url\":\"https:\\\/\\\/redenoticiaz.com.br\\\/litoralsp\\\/wp-content\\\/uploads\\\/sites\\\/3\\\/2022\\\/06\\\/delegacia-sv.jpg\",\"contentUrl\":\"https:\\\/\\\/redenoticiaz.com.br\\\/litoralsp\\\/wp-content\\\/uploads\\\/sites\\\/3\\\/2022\\\/06\\\/delegacia-sv.jpg\",\"width\":780,\"height\":409,\"caption\":\"Caso foi registrado na Delegacia Sede da cidade. Cr\u00e9ditos: Reprodu\u00e7\u00e3o\"},{\"@type\":\"WebSite\",\"@id\":\"https:\\\/\\\/redenoticiaz.com.br\\\/litoralsp\\\/#website\",\"url\":\"https:\\\/\\\/redenoticiaz.com.br\\\/litoralsp\\\/\",\"name\":\"Litoral SP\",\"description\":\"Rede NoticiaZ\",\"publisher\":{\"@id\":\"https:\\\/\\\/redenoticiaz.com.br\\\/litoralsp\\\/#organization\"},\"potentialAction\":[{\"@type\":\"SearchAction\",\"target\":{\"@type\":\"EntryPoint\",\"urlTemplate\":\"https:\\\/\\\/redenoticiaz.com.br\\\/litoralsp\\\/?s={search_term_string}\"},\"query-input\":{\"@type\":\"PropertyValueSpecification\",\"valueRequired\":true,\"valueName\":\"search_term_string\"}}],\"inLanguage\":\"pt-BR\"},{\"@type\":\"Organization\",\"@id\":\"https:\\\/\\\/redenoticiaz.com.br\\\/litoralsp\\\/#organization\",\"name\":\"Litoral SP\",\"url\":\"https:\\\/\\\/redenoticiaz.com.br\\\/litoralsp\\\/\",\"logo\":{\"@type\":\"ImageObject\",\"inLanguage\":\"pt-BR\",\"@id\":\"https:\\\/\\\/redenoticiaz.com.br\\\/litoralsp\\\/#\\\/schema\\\/logo\\\/image\\\/\",\"url\":\"https:\\\/\\\/redenoticiaz.com.br\\\/litoralsp\\\/wp-content\\\/uploads\\\/sites\\\/3\\\/2020\\\/11\\\/logo.jpg\",\"contentUrl\":\"https:\\\/\\\/redenoticiaz.com.br\\\/litoralsp\\\/wp-content\\\/uploads\\\/sites\\\/3\\\/2020\\\/11\\\/logo.jpg\",\"width\":400,\"height\":250,\"caption\":\"Litoral SP\"},\"image\":{\"@id\":\"https:\\\/\\\/redenoticiaz.com.br\\\/litoralsp\\\/#\\\/schema\\\/logo\\\/image\\\/\"}},{\"@type\":\"Person\",\"@id\":\"https:\\\/\\\/redenoticiaz.com.br\\\/litoralsp\\\/#\\\/schema\\\/person\\\/0f0b8a5bdafefe82841e07ae8d81ecb3\",\"name\":\"Leonardo Francisco\",\"image\":{\"@type\":\"ImageObject\",\"inLanguage\":\"pt-BR\",\"@id\":\"https:\\\/\\\/secure.gravatar.com\\\/avatar\\\/a7358cb406a99b682ec6df1e77e31ae82e63601f6784e8a3df411d72b37864da?s=96&d=mm&r=g\",\"url\":\"https:\\\/\\\/secure.gravatar.com\\\/avatar\\\/a7358cb406a99b682ec6df1e77e31ae82e63601f6784e8a3df411d72b37864da?s=96&d=mm&r=g\",\"contentUrl\":\"https:\\\/\\\/secure.gravatar.com\\\/avatar\\\/a7358cb406a99b682ec6df1e77e31ae82e63601f6784e8a3df411d72b37864da?s=96&d=mm&r=g\",\"caption\":\"Leonardo Francisco\"},\"url\":\"https:\\\/\\\/redenoticiaz.com.br\\\/litoralsp\\\/author\\\/leonardo-francisco\"}]}<\/script>\n<!-- \/ Yoast SEO plugin. -->","yoast_head_json":{"title":"Homem mata companheiro a facadas dentro de casa em obras em S\u00e3o Vicente - Litoral SP","description":"A Pol\u00edcia Civil investiga o caso de um homem de 50 anos apontado como o respons\u00e1vel de matar a facadas o jovem Carlos Honorato","robots":{"index":"index","follow":"follow","max-snippet":"max-snippet:-1","max-image-preview":"max-image-preview:large","max-video-preview":"max-video-preview:-1"},"canonical":"https:\/\/redenoticiaz.com.br\/litoralsp\/2022\/10\/28\/homem-mata-companheiro-a-facadas-dentro-de-casa-em-obras-em-sao-vicente","og_locale":"pt_BR","og_type":"article","og_title":"Homem mata companheiro a facadas dentro de casa em obras em S\u00e3o Vicente - Litoral SP","og_description":"A Pol\u00edcia Civil investiga o caso de um homem de 50 anos apontado como o respons\u00e1vel de matar a facadas o jovem Carlos Honorato","og_url":"https:\/\/redenoticiaz.com.br\/litoralsp\/2022\/10\/28\/homem-mata-companheiro-a-facadas-dentro-de-casa-em-obras-em-sao-vicente","og_site_name":"Litoral SP","article_published_time":"2022-10-28T13:18:37+00:00","og_image":[{"width":780,"height":409,"url":"https:\/\/redenoticiaz.com.br\/litoralsp\/wp-content\/uploads\/sites\/3\/2022\/06\/delegacia-sv.jpg","type":"image\/jpeg"}],"author":"Leonardo Francisco","twitter_card":"summary_large_image","twitter_misc":{"Escrito por":"Leonardo Francisco","Est. tempo de leitura":"3 minutos"},"schema":{"@context":"https:\/\/schema.org","@graph":[{"@type":"Article","@id":"https:\/\/redenoticiaz.com.br\/litoralsp\/2022\/10\/28\/homem-mata-companheiro-a-facadas-dentro-de-casa-em-obras-em-sao-vicente#article","isPartOf":{"@id":"https:\/\/redenoticiaz.com.br\/litoralsp\/2022\/10\/28\/homem-mata-companheiro-a-facadas-dentro-de-casa-em-obras-em-sao-vicente"},"author":{"name":"Leonardo Francisco","@id":"https:\/\/redenoticiaz.com.br\/litoralsp\/#\/schema\/person\/0f0b8a5bdafefe82841e07ae8d81ecb3"},"headline":"Homem mata companheiro a facadas dentro de casa em obras em S\u00e3o Vicente","datePublished":"2022-10-28T13:18:37+00:00","mainEntityOfPage":{"@id":"https:\/\/redenoticiaz.com.br\/litoralsp\/2022\/10\/28\/homem-mata-companheiro-a-facadas-dentro-de-casa-em-obras-em-sao-vicente"},"wordCount":434,"commentCount":0,"publisher":{"@id":"https:\/\/redenoticiaz.com.br\/litoralsp\/#organization"},"image":{"@id":"https:\/\/redenoticiaz.com.br\/litoralsp\/2022\/10\/28\/homem-mata-companheiro-a-facadas-dentro-de-casa-em-obras-em-sao-vicente#primaryimage"},"thumbnailUrl":"https:\/\/redenoticiaz.com.br\/litoralsp\/wp-content\/uploads\/sites\/3\/2022\/06\/delegacia-sv.jpg","keywords":["CASA EM OBRAS","CATIAPO\u00c3","MORTE A FACADAS","POL\u00cdCIA CIVIL","policia militar","RELACIONAMENTO HOMOAFETIVO","SAMU","S\u00e3o Vicente"],"articleSection":["Pol\u00edcia","S\u00e3o Vicente"],"inLanguage":"pt-BR","potentialAction":[{"@type":"CommentAction","name":"Comment","target":["https:\/\/redenoticiaz.com.br\/litoralsp\/2022\/10\/28\/homem-mata-companheiro-a-facadas-dentro-de-casa-em-obras-em-sao-vicente#respond"]}]},{"@type":"WebPage","@id":"https:\/\/redenoticiaz.com.br\/litoralsp\/2022\/10\/28\/homem-mata-companheiro-a-facadas-dentro-de-casa-em-obras-em-sao-vicente","url":"https:\/\/redenoticiaz.com.br\/litoralsp\/2022\/10\/28\/homem-mata-companheiro-a-facadas-dentro-de-casa-em-obras-em-sao-vicente","name":"Homem mata companheiro a facadas dentro de casa em obras em S\u00e3o Vicente - Litoral SP","isPartOf":{"@id":"https:\/\/redenoticiaz.com.br\/litoralsp\/#website"},"primaryImageOfPage":{"@id":"https:\/\/redenoticiaz.com.br\/litoralsp\/2022\/10\/28\/homem-mata-companheiro-a-facadas-dentro-de-casa-em-obras-em-sao-vicente#primaryimage"},"image":{"@id":"https:\/\/redenoticiaz.com.br\/litoralsp\/2022\/10\/28\/homem-mata-companheiro-a-facadas-dentro-de-casa-em-obras-em-sao-vicente#primaryimage"},"thumbnailUrl":"https:\/\/redenoticiaz.com.br\/litoralsp\/wp-content\/uploads\/sites\/3\/2022\/06\/delegacia-sv.jpg","datePublished":"2022-10-28T13:18:37+00:00","description":"A Pol\u00edcia Civil investiga o caso de um homem de 50 anos apontado como o respons\u00e1vel de matar a facadas o jovem Carlos Honorato","inLanguage":"pt-BR","potentialAction":[{"@type":"ReadAction","target":["https:\/\/redenoticiaz.com.br\/litoralsp\/2022\/10\/28\/homem-mata-companheiro-a-facadas-dentro-de-casa-em-obras-em-sao-vicente"]}]},{"@type":"ImageObject","inLanguage":"pt-BR","@id":"https:\/\/redenoticiaz.com.br\/litoralsp\/2022\/10\/28\/homem-mata-companheiro-a-facadas-dentro-de-casa-em-obras-em-sao-vicente#primaryimage","url":"https:\/\/redenoticiaz.com.br\/litoralsp\/wp-content\/uploads\/sites\/3\/2022\/06\/delegacia-sv.jpg","contentUrl":"https:\/\/redenoticiaz.com.br\/litoralsp\/wp-content\/uploads\/sites\/3\/2022\/06\/delegacia-sv.jpg","width":780,"height":409,"caption":"Caso foi registrado na Delegacia Sede da cidade. Cr\u00e9ditos: Reprodu\u00e7\u00e3o"},{"@type":"WebSite","@id":"https:\/\/redenoticiaz.com.br\/litoralsp\/#website","url":"https:\/\/redenoticiaz.com.br\/litoralsp\/","name":"Litoral SP","description":"Rede NoticiaZ","publisher":{"@id":"https:\/\/redenoticiaz.com.br\/litoralsp\/#organization"},"potentialAction":[{"@type":"SearchAction","target":{"@type":"EntryPoint","urlTemplate":"https:\/\/redenoticiaz.com.br\/litoralsp\/?s={search_term_string}"},"query-input":{"@type":"PropertyValueSpecification","valueRequired":true,"valueName":"search_term_string"}}],"inLanguage":"pt-BR"},{"@type":"Organization","@id":"https:\/\/redenoticiaz.com.br\/litoralsp\/#organization","name":"Litoral SP","url":"https:\/\/redenoticiaz.com.br\/litoralsp\/","logo":{"@type":"ImageObject","inLanguage":"pt-BR","@id":"https:\/\/redenoticiaz.com.br\/litoralsp\/#\/schema\/logo\/image\/","url":"https:\/\/redenoticiaz.com.br\/litoralsp\/wp-content\/uploads\/sites\/3\/2020\/11\/logo.jpg","contentUrl":"https:\/\/redenoticiaz.com.br\/litoralsp\/wp-content\/uploads\/sites\/3\/2020\/11\/logo.jpg","width":400,"height":250,"caption":"Litoral SP"},"image":{"@id":"https:\/\/redenoticiaz.com.br\/litoralsp\/#\/schema\/logo\/image\/"}},{"@type":"Person","@id":"https:\/\/redenoticiaz.com.br\/litoralsp\/#\/schema\/person\/0f0b8a5bdafefe82841e07ae8d81ecb3","name":"Leonardo Francisco","image":{"@type":"ImageObject","inLanguage":"pt-BR","@id":"https:\/\/secure.gravatar.com\/avatar\/a7358cb406a99b682ec6df1e77e31ae82e63601f6784e8a3df411d72b37864da?s=96&d=mm&r=g","url":"https:\/\/secure.gravatar.com\/avatar\/a7358cb406a99b682ec6df1e77e31ae82e63601f6784e8a3df411d72b37864da?s=96&d=mm&r=g","contentUrl":"https:\/\/secure.gravatar.com\/avatar\/a7358cb406a99b682ec6df1e77e31ae82e63601f6784e8a3df411d72b37864da?s=96&d=mm&r=g","caption":"Leonardo Francisco"},"url":"https:\/\/redenoticiaz.com.br\/litoralsp\/author\/leonardo-francisco"}]}},"_links":{"self":[{"href":"https:\/\/redenoticiaz.com.br\/litoralsp\/wp-json\/wp\/v2\/posts\/94078","targetHints":{"allow":["GET"]}}],"collection":[{"href":"https:\/\/redenoticiaz.com.br\/litoralsp\/wp-json\/wp\/v2\/posts"}],"about":[{"href":"https:\/\/redenoticiaz.com.br\/litoralsp\/wp-json\/wp\/v2\/types\/post"}],"author":[{"embeddable":true,"href":"https:\/\/redenoticiaz.com.br\/litoralsp\/wp-json\/wp\/v2\/users\/6"}],"replies":[{"embeddable":true,"href":"https:\/\/redenoticiaz.com.br\/litoralsp\/wp-json\/wp\/v2\/comments?post=94078"}],"version-history":[{"count":1,"href":"https:\/\/redenoticiaz.com.br\/litoralsp\/wp-json\/wp\/v2\/posts\/94078\/revisions"}],"predecessor-version":[{"id":94079,"href":"https:\/\/redenoticiaz.com.br\/litoralsp\/wp-json\/wp\/v2\/posts\/94078\/revisions\/94079"}],"wp:featuredmedia":[{"embeddable":true,"href":"https:\/\/redenoticiaz.com.br\/litoralsp\/wp-json\/wp\/v2\/media\/86461"}],"wp:attachment":[{"href":"https:\/\/redenoticiaz.com.br\/litoralsp\/wp-json\/wp\/v2\/media?parent=94078"}],"wp:term":[{"taxonomy":"category","embeddable":true,"href":"https:\/\/redenoticiaz.com.br\/litoralsp\/wp-json\/wp\/v2\/categories?post=94078"},{"taxonomy":"post_tag","embeddable":true,"href":"https:\/\/redenoticiaz.com.br\/litoralsp\/wp-json\/wp\/v2\/tags?post=94078"}],"curies":[{"name":"wp","href":"https:\/\/api.w.org\/{rel}","templated":true}]}}