{"id":94080,"date":"2022-10-28T10:30:50","date_gmt":"2022-10-28T13:30:50","guid":{"rendered":"https:\/\/redenoticiaz.com.br\/litoralsp\/?p=94080"},"modified":"2022-10-28T10:30:50","modified_gmt":"2022-10-28T13:30:50","slug":"quadrilha-acusada-de-trafico-de-drogas-em-sao-sebastiao-e-presa","status":"publish","type":"post","link":"https:\/\/redenoticiaz.com.br\/litoralsp\/2022\/10\/28\/quadrilha-acusada-de-trafico-de-drogas-em-sao-sebastiao-e-presa","title":{"rendered":"Quadrilha acusada de tr\u00e1fico de drogas em S\u00e3o Sebasti\u00e3o \u00e9 presa"},"content":{"rendered":"<div id=\"chunk-1gvl3\">\n<div class=\"mc-column content-text active-extra-styles \" data-block-type=\"unstyled\" data-block-weight=\"18\" data-block-id=\"3\">\n<p class=\"content-text__container \" data-track-category=\"Link no Texto\" data-track-links=\"\">Uma quadrilha com quatro homens foi presa em flagrante acusada de <strong>tr\u00e1fico de drogas<\/strong> em Maresias, S\u00e3o Sebasti\u00e3o. O crime ocorria dentro do im\u00f3vel e com o grupo, grandes quantias de maconha, coca\u00edna e LSD foram encontradas e apreendidas.<\/p>\n<\/div>\n<\/div>\n<div class=\"wall protected-content\">\n<div id=\"chunk-e5vl7\">\n<div class=\"mc-column content-text active-extra-styles \" data-block-type=\"unstyled\" data-block-weight=\"44\" data-block-id=\"4\">\n<p class=\"content-text__container \" data-track-category=\"Link no Texto\" data-track-links=\"\">O flagrante aconteceu nessa quarta-feira (26), quando agentes da Pol\u00edcia Militar abordaram um homem que andava pela Rua Nova Igua\u00e7u. Com ele foram localizadas algumas por\u00e7\u00f5es de maconha e coca\u00edna. O suspeito indicou a casa que teria conseguido os entorpecentes e os policiais foram at\u00e9 o local.<\/p>\n<\/div>\n<\/div>\n<div id=\"chunk-67bm5\">\n<div class=\"mc-column content-text active-extra-styles \" data-block-type=\"unstyled\" data-block-weight=\"43\" data-block-id=\"5\">\n<p class=\"content-text__container \" data-track-category=\"Link no Texto\" data-track-links=\"\">ao chegarem na casa, foram encontrados outros tr\u00eas suspeitos com uma grande quantidade de drogas. No total, foram apreendidos cerca 4 kg de coca\u00edna, 5,8 kg de maconha, 303 unidades de LSD, al\u00e9m de balan\u00e7as de precis\u00e3o e celulares utilizados para o controle do tr\u00e1fico.<\/p>\n<p data-track-category=\"Link no Texto\" data-track-links=\"\">Os quatro foram conduzidos \u00e0 Delegacia de S\u00e3o Sebasti\u00e3o e foram presos em flagrante por tr\u00e1fico de drogas.<\/p>\n<p data-track-category=\"Link no Texto\" data-track-links=\"\"><strong>LEIA TAMB\u00c9M<\/strong><\/p>\n<p data-track-category=\"Link no Texto\" data-track-links=\"\"><a href=\"https:\/\/redenoticiaz.com.br\/litoralsp\/2022\/10\/27\/video-bandidos-tentam-furtar-portao-de-consultorio-porem-sao-interceptados-por-jovem\">V\u00cdDEO \u2013 Bandidos tentam furtar port\u00e3o de consult\u00f3rio, por\u00e9m s\u00e3o interceptados por jovem<\/a><\/p>\n<\/div>\n<\/div>\n<\/div>\n","protected":false},"excerpt":{"rendered":"<p>Uma quadrilha com quatro homens foi presa em flagrante acusada de tr\u00e1fico de drogas em Maresias, S\u00e3o Sebasti\u00e3o. O crime ocorria dentro do im\u00f3vel e com o grupo, grandes quantias de maconha, coca\u00edna e LSD foram encontradas e apreendidas. O flagrante aconteceu nessa quarta-feira (26), quando agentes da Pol\u00edcia Militar abordaram um homem que andava &hellip;<\/p>\n","protected":false},"author":6,"featured_media":94081,"comment_status":"open","ping_status":"closed","sticky":false,"template":"","format":"standard","meta":{"footnotes":""},"categories":[10,188],"tags":[38124,6005,3707,61],"class_list":["post-94080","post","type-post","status-publish","format-standard","has-post-thumbnail","hentry","category-policia","category-sao-sebastiao","tag-maresias","tag-quadrilha-presa","tag-sao-sebastiao","tag-trafico-de-drogas"],"yoast_head":"<!-- This site is optimized with the Yoast SEO plugin v27.5 - https:\/\/yoast.com\/product\/yoast-seo-wordpress\/ -->\n<title>Quadrilha acusada de tr\u00e1fico de drogas em S\u00e3o Sebasti\u00e3o \u00e9 presa - Litoral SP<\/title>\n<meta name=\"description\" content=\"Uma quadrilha com quatro homens foi presa em flagrante acusada de tr\u00e1fico de drogas em Maresias, S\u00e3o Sebasti\u00e3o. O crime\" \/>\n<meta name=\"robots\" content=\"index, follow, max-snippet:-1, max-image-preview:large, max-video-preview:-1\" \/>\n<link rel=\"canonical\" href=\"https:\/\/redenoticiaz.com.br\/litoralsp\/2022\/10\/28\/quadrilha-acusada-de-trafico-de-drogas-em-sao-sebastiao-e-presa\" \/>\n<meta property=\"og:locale\" content=\"pt_BR\" \/>\n<meta property=\"og:type\" content=\"article\" \/>\n<meta property=\"og:title\" content=\"Quadrilha acusada de tr\u00e1fico de drogas em S\u00e3o Sebasti\u00e3o \u00e9 presa - Litoral SP\" \/>\n<meta property=\"og:description\" content=\"Uma quadrilha com quatro homens foi presa em flagrante acusada de tr\u00e1fico de drogas em Maresias, S\u00e3o Sebasti\u00e3o. O crime\" \/>\n<meta property=\"og:url\" content=\"https:\/\/redenoticiaz.com.br\/litoralsp\/2022\/10\/28\/quadrilha-acusada-de-trafico-de-drogas-em-sao-sebastiao-e-presa\" \/>\n<meta property=\"og:site_name\" content=\"Litoral SP\" \/>\n<meta property=\"article:published_time\" content=\"2022-10-28T13:30:50+00:00\" \/>\n<meta property=\"og:image\" content=\"https:\/\/redenoticiaz.com.br\/litoralsp\/wp-content\/uploads\/sites\/3\/2022\/10\/drogas-localizadas.png\" \/>\n\t<meta property=\"og:image:width\" content=\"604\" \/>\n\t<meta property=\"og:image:height\" content=\"274\" \/>\n\t<meta property=\"og:image:type\" content=\"image\/png\" \/>\n<meta name=\"author\" content=\"Leonardo Francisco\" \/>\n<meta name=\"twitter:card\" content=\"summary_large_image\" \/>\n<meta name=\"twitter:label1\" content=\"Escrito por\" \/>\n\t<meta name=\"twitter:data1\" content=\"Leonardo Francisco\" \/>\n\t<meta name=\"twitter:label2\" content=\"Est. tempo de leitura\" \/>\n\t<meta name=\"twitter:data2\" content=\"1 minuto\" \/>\n<script type=\"application\/ld+json\" class=\"yoast-schema-graph\">{\"@context\":\"https:\\\/\\\/schema.org\",\"@graph\":[{\"@type\":\"Article\",\"@id\":\"https:\\\/\\\/redenoticiaz.com.br\\\/litoralsp\\\/2022\\\/10\\\/28\\\/quadrilha-acusada-de-trafico-de-drogas-em-sao-sebastiao-e-presa#article\",\"isPartOf\":{\"@id\":\"https:\\\/\\\/redenoticiaz.com.br\\\/litoralsp\\\/2022\\\/10\\\/28\\\/quadrilha-acusada-de-trafico-de-drogas-em-sao-sebastiao-e-presa\"},\"author\":{\"name\":\"Leonardo Francisco\",\"@id\":\"https:\\\/\\\/redenoticiaz.com.br\\\/litoralsp\\\/#\\\/schema\\\/person\\\/0f0b8a5bdafefe82841e07ae8d81ecb3\"},\"headline\":\"Quadrilha acusada de tr\u00e1fico de drogas em S\u00e3o Sebasti\u00e3o \u00e9 presa\",\"datePublished\":\"2022-10-28T13:30:50+00:00\",\"mainEntityOfPage\":{\"@id\":\"https:\\\/\\\/redenoticiaz.com.br\\\/litoralsp\\\/2022\\\/10\\\/28\\\/quadrilha-acusada-de-trafico-de-drogas-em-sao-sebastiao-e-presa\"},\"wordCount\":195,\"commentCount\":0,\"publisher\":{\"@id\":\"https:\\\/\\\/redenoticiaz.com.br\\\/litoralsp\\\/#organization\"},\"image\":{\"@id\":\"https:\\\/\\\/redenoticiaz.com.br\\\/litoralsp\\\/2022\\\/10\\\/28\\\/quadrilha-acusada-de-trafico-de-drogas-em-sao-sebastiao-e-presa#primaryimage\"},\"thumbnailUrl\":\"https:\\\/\\\/redenoticiaz.com.br\\\/litoralsp\\\/wp-content\\\/uploads\\\/sites\\\/3\\\/2022\\\/10\\\/drogas-localizadas.png\",\"keywords\":[\"MARESIAS\",\"QUADRILHA PRESA\",\"S\u00c3O SEBASTI\u00c3O\",\"TR\u00c1FICO DE DROGAS\"],\"articleSection\":[\"Pol\u00edcia\",\"S\u00e3o Sebasti\u00e3o\"],\"inLanguage\":\"pt-BR\",\"potentialAction\":[{\"@type\":\"CommentAction\",\"name\":\"Comment\",\"target\":[\"https:\\\/\\\/redenoticiaz.com.br\\\/litoralsp\\\/2022\\\/10\\\/28\\\/quadrilha-acusada-de-trafico-de-drogas-em-sao-sebastiao-e-presa#respond\"]}]},{\"@type\":\"WebPage\",\"@id\":\"https:\\\/\\\/redenoticiaz.com.br\\\/litoralsp\\\/2022\\\/10\\\/28\\\/quadrilha-acusada-de-trafico-de-drogas-em-sao-sebastiao-e-presa\",\"url\":\"https:\\\/\\\/redenoticiaz.com.br\\\/litoralsp\\\/2022\\\/10\\\/28\\\/quadrilha-acusada-de-trafico-de-drogas-em-sao-sebastiao-e-presa\",\"name\":\"Quadrilha acusada de tr\u00e1fico de drogas em S\u00e3o Sebasti\u00e3o \u00e9 presa - Litoral SP\",\"isPartOf\":{\"@id\":\"https:\\\/\\\/redenoticiaz.com.br\\\/litoralsp\\\/#website\"},\"primaryImageOfPage\":{\"@id\":\"https:\\\/\\\/redenoticiaz.com.br\\\/litoralsp\\\/2022\\\/10\\\/28\\\/quadrilha-acusada-de-trafico-de-drogas-em-sao-sebastiao-e-presa#primaryimage\"},\"image\":{\"@id\":\"https:\\\/\\\/redenoticiaz.com.br\\\/litoralsp\\\/2022\\\/10\\\/28\\\/quadrilha-acusada-de-trafico-de-drogas-em-sao-sebastiao-e-presa#primaryimage\"},\"thumbnailUrl\":\"https:\\\/\\\/redenoticiaz.com.br\\\/litoralsp\\\/wp-content\\\/uploads\\\/sites\\\/3\\\/2022\\\/10\\\/drogas-localizadas.png\",\"datePublished\":\"2022-10-28T13:30:50+00:00\",\"description\":\"Uma quadrilha com quatro homens foi presa em flagrante acusada de tr\u00e1fico de drogas em Maresias, S\u00e3o Sebasti\u00e3o. O crime\",\"inLanguage\":\"pt-BR\",\"potentialAction\":[{\"@type\":\"ReadAction\",\"target\":[\"https:\\\/\\\/redenoticiaz.com.br\\\/litoralsp\\\/2022\\\/10\\\/28\\\/quadrilha-acusada-de-trafico-de-drogas-em-sao-sebastiao-e-presa\"]}]},{\"@type\":\"ImageObject\",\"inLanguage\":\"pt-BR\",\"@id\":\"https:\\\/\\\/redenoticiaz.com.br\\\/litoralsp\\\/2022\\\/10\\\/28\\\/quadrilha-acusada-de-trafico-de-drogas-em-sao-sebastiao-e-presa#primaryimage\",\"url\":\"https:\\\/\\\/redenoticiaz.com.br\\\/litoralsp\\\/wp-content\\\/uploads\\\/sites\\\/3\\\/2022\\\/10\\\/drogas-localizadas.png\",\"contentUrl\":\"https:\\\/\\\/redenoticiaz.com.br\\\/litoralsp\\\/wp-content\\\/uploads\\\/sites\\\/3\\\/2022\\\/10\\\/drogas-localizadas.png\",\"width\":604,\"height\":274,\"caption\":\"Cr\u00e9ditos: Divulga\u00e7\u00e3o\\\/Pol\u00edcia Militar\"},{\"@type\":\"WebSite\",\"@id\":\"https:\\\/\\\/redenoticiaz.com.br\\\/litoralsp\\\/#website\",\"url\":\"https:\\\/\\\/redenoticiaz.com.br\\\/litoralsp\\\/\",\"name\":\"Litoral SP\",\"description\":\"Rede NoticiaZ\",\"publisher\":{\"@id\":\"https:\\\/\\\/redenoticiaz.com.br\\\/litoralsp\\\/#organization\"},\"potentialAction\":[{\"@type\":\"SearchAction\",\"target\":{\"@type\":\"EntryPoint\",\"urlTemplate\":\"https:\\\/\\\/redenoticiaz.com.br\\\/litoralsp\\\/?s={search_term_string}\"},\"query-input\":{\"@type\":\"PropertyValueSpecification\",\"valueRequired\":true,\"valueName\":\"search_term_string\"}}],\"inLanguage\":\"pt-BR\"},{\"@type\":\"Organization\",\"@id\":\"https:\\\/\\\/redenoticiaz.com.br\\\/litoralsp\\\/#organization\",\"name\":\"Litoral SP\",\"url\":\"https:\\\/\\\/redenoticiaz.com.br\\\/litoralsp\\\/\",\"logo\":{\"@type\":\"ImageObject\",\"inLanguage\":\"pt-BR\",\"@id\":\"https:\\\/\\\/redenoticiaz.com.br\\\/litoralsp\\\/#\\\/schema\\\/logo\\\/image\\\/\",\"url\":\"https:\\\/\\\/redenoticiaz.com.br\\\/litoralsp\\\/wp-content\\\/uploads\\\/sites\\\/3\\\/2020\\\/11\\\/logo.jpg\",\"contentUrl\":\"https:\\\/\\\/redenoticiaz.com.br\\\/litoralsp\\\/wp-content\\\/uploads\\\/sites\\\/3\\\/2020\\\/11\\\/logo.jpg\",\"width\":400,\"height\":250,\"caption\":\"Litoral SP\"},\"image\":{\"@id\":\"https:\\\/\\\/redenoticiaz.com.br\\\/litoralsp\\\/#\\\/schema\\\/logo\\\/image\\\/\"}},{\"@type\":\"Person\",\"@id\":\"https:\\\/\\\/redenoticiaz.com.br\\\/litoralsp\\\/#\\\/schema\\\/person\\\/0f0b8a5bdafefe82841e07ae8d81ecb3\",\"name\":\"Leonardo Francisco\",\"image\":{\"@type\":\"ImageObject\",\"inLanguage\":\"pt-BR\",\"@id\":\"https:\\\/\\\/secure.gravatar.com\\\/avatar\\\/a7358cb406a99b682ec6df1e77e31ae82e63601f6784e8a3df411d72b37864da?s=96&d=mm&r=g\",\"url\":\"https:\\\/\\\/secure.gravatar.com\\\/avatar\\\/a7358cb406a99b682ec6df1e77e31ae82e63601f6784e8a3df411d72b37864da?s=96&d=mm&r=g\",\"contentUrl\":\"https:\\\/\\\/secure.gravatar.com\\\/avatar\\\/a7358cb406a99b682ec6df1e77e31ae82e63601f6784e8a3df411d72b37864da?s=96&d=mm&r=g\",\"caption\":\"Leonardo Francisco\"},\"url\":\"https:\\\/\\\/redenoticiaz.com.br\\\/litoralsp\\\/author\\\/leonardo-francisco\"}]}<\/script>\n<!-- \/ Yoast SEO plugin. -->","yoast_head_json":{"title":"Quadrilha acusada de tr\u00e1fico de drogas em S\u00e3o Sebasti\u00e3o \u00e9 presa - Litoral SP","description":"Uma quadrilha com quatro homens foi presa em flagrante acusada de tr\u00e1fico de drogas em Maresias, S\u00e3o Sebasti\u00e3o. O crime","robots":{"index":"index","follow":"follow","max-snippet":"max-snippet:-1","max-image-preview":"max-image-preview:large","max-video-preview":"max-video-preview:-1"},"canonical":"https:\/\/redenoticiaz.com.br\/litoralsp\/2022\/10\/28\/quadrilha-acusada-de-trafico-de-drogas-em-sao-sebastiao-e-presa","og_locale":"pt_BR","og_type":"article","og_title":"Quadrilha acusada de tr\u00e1fico de drogas em S\u00e3o Sebasti\u00e3o \u00e9 presa - Litoral SP","og_description":"Uma quadrilha com quatro homens foi presa em flagrante acusada de tr\u00e1fico de drogas em Maresias, S\u00e3o Sebasti\u00e3o. O crime","og_url":"https:\/\/redenoticiaz.com.br\/litoralsp\/2022\/10\/28\/quadrilha-acusada-de-trafico-de-drogas-em-sao-sebastiao-e-presa","og_site_name":"Litoral SP","article_published_time":"2022-10-28T13:30:50+00:00","og_image":[{"width":604,"height":274,"url":"https:\/\/redenoticiaz.com.br\/litoralsp\/wp-content\/uploads\/sites\/3\/2022\/10\/drogas-localizadas.png","type":"image\/png"}],"author":"Leonardo Francisco","twitter_card":"summary_large_image","twitter_misc":{"Escrito por":"Leonardo Francisco","Est. tempo de leitura":"1 minuto"},"schema":{"@context":"https:\/\/schema.org","@graph":[{"@type":"Article","@id":"https:\/\/redenoticiaz.com.br\/litoralsp\/2022\/10\/28\/quadrilha-acusada-de-trafico-de-drogas-em-sao-sebastiao-e-presa#article","isPartOf":{"@id":"https:\/\/redenoticiaz.com.br\/litoralsp\/2022\/10\/28\/quadrilha-acusada-de-trafico-de-drogas-em-sao-sebastiao-e-presa"},"author":{"name":"Leonardo Francisco","@id":"https:\/\/redenoticiaz.com.br\/litoralsp\/#\/schema\/person\/0f0b8a5bdafefe82841e07ae8d81ecb3"},"headline":"Quadrilha acusada de tr\u00e1fico de drogas em S\u00e3o Sebasti\u00e3o \u00e9 presa","datePublished":"2022-10-28T13:30:50+00:00","mainEntityOfPage":{"@id":"https:\/\/redenoticiaz.com.br\/litoralsp\/2022\/10\/28\/quadrilha-acusada-de-trafico-de-drogas-em-sao-sebastiao-e-presa"},"wordCount":195,"commentCount":0,"publisher":{"@id":"https:\/\/redenoticiaz.com.br\/litoralsp\/#organization"},"image":{"@id":"https:\/\/redenoticiaz.com.br\/litoralsp\/2022\/10\/28\/quadrilha-acusada-de-trafico-de-drogas-em-sao-sebastiao-e-presa#primaryimage"},"thumbnailUrl":"https:\/\/redenoticiaz.com.br\/litoralsp\/wp-content\/uploads\/sites\/3\/2022\/10\/drogas-localizadas.png","keywords":["MARESIAS","QUADRILHA PRESA","S\u00c3O SEBASTI\u00c3O","TR\u00c1FICO DE DROGAS"],"articleSection":["Pol\u00edcia","S\u00e3o Sebasti\u00e3o"],"inLanguage":"pt-BR","potentialAction":[{"@type":"CommentAction","name":"Comment","target":["https:\/\/redenoticiaz.com.br\/litoralsp\/2022\/10\/28\/quadrilha-acusada-de-trafico-de-drogas-em-sao-sebastiao-e-presa#respond"]}]},{"@type":"WebPage","@id":"https:\/\/redenoticiaz.com.br\/litoralsp\/2022\/10\/28\/quadrilha-acusada-de-trafico-de-drogas-em-sao-sebastiao-e-presa","url":"https:\/\/redenoticiaz.com.br\/litoralsp\/2022\/10\/28\/quadrilha-acusada-de-trafico-de-drogas-em-sao-sebastiao-e-presa","name":"Quadrilha acusada de tr\u00e1fico de drogas em S\u00e3o Sebasti\u00e3o \u00e9 presa - Litoral SP","isPartOf":{"@id":"https:\/\/redenoticiaz.com.br\/litoralsp\/#website"},"primaryImageOfPage":{"@id":"https:\/\/redenoticiaz.com.br\/litoralsp\/2022\/10\/28\/quadrilha-acusada-de-trafico-de-drogas-em-sao-sebastiao-e-presa#primaryimage"},"image":{"@id":"https:\/\/redenoticiaz.com.br\/litoralsp\/2022\/10\/28\/quadrilha-acusada-de-trafico-de-drogas-em-sao-sebastiao-e-presa#primaryimage"},"thumbnailUrl":"https:\/\/redenoticiaz.com.br\/litoralsp\/wp-content\/uploads\/sites\/3\/2022\/10\/drogas-localizadas.png","datePublished":"2022-10-28T13:30:50+00:00","description":"Uma quadrilha com quatro homens foi presa em flagrante acusada de tr\u00e1fico de drogas em Maresias, S\u00e3o Sebasti\u00e3o. O crime","inLanguage":"pt-BR","potentialAction":[{"@type":"ReadAction","target":["https:\/\/redenoticiaz.com.br\/litoralsp\/2022\/10\/28\/quadrilha-acusada-de-trafico-de-drogas-em-sao-sebastiao-e-presa"]}]},{"@type":"ImageObject","inLanguage":"pt-BR","@id":"https:\/\/redenoticiaz.com.br\/litoralsp\/2022\/10\/28\/quadrilha-acusada-de-trafico-de-drogas-em-sao-sebastiao-e-presa#primaryimage","url":"https:\/\/redenoticiaz.com.br\/litoralsp\/wp-content\/uploads\/sites\/3\/2022\/10\/drogas-localizadas.png","contentUrl":"https:\/\/redenoticiaz.com.br\/litoralsp\/wp-content\/uploads\/sites\/3\/2022\/10\/drogas-localizadas.png","width":604,"height":274,"caption":"Cr\u00e9ditos: Divulga\u00e7\u00e3o\/Pol\u00edcia Militar"},{"@type":"WebSite","@id":"https:\/\/redenoticiaz.com.br\/litoralsp\/#website","url":"https:\/\/redenoticiaz.com.br\/litoralsp\/","name":"Litoral SP","description":"Rede NoticiaZ","publisher":{"@id":"https:\/\/redenoticiaz.com.br\/litoralsp\/#organization"},"potentialAction":[{"@type":"SearchAction","target":{"@type":"EntryPoint","urlTemplate":"https:\/\/redenoticiaz.com.br\/litoralsp\/?s={search_term_string}"},"query-input":{"@type":"PropertyValueSpecification","valueRequired":true,"valueName":"search_term_string"}}],"inLanguage":"pt-BR"},{"@type":"Organization","@id":"https:\/\/redenoticiaz.com.br\/litoralsp\/#organization","name":"Litoral SP","url":"https:\/\/redenoticiaz.com.br\/litoralsp\/","logo":{"@type":"ImageObject","inLanguage":"pt-BR","@id":"https:\/\/redenoticiaz.com.br\/litoralsp\/#\/schema\/logo\/image\/","url":"https:\/\/redenoticiaz.com.br\/litoralsp\/wp-content\/uploads\/sites\/3\/2020\/11\/logo.jpg","contentUrl":"https:\/\/redenoticiaz.com.br\/litoralsp\/wp-content\/uploads\/sites\/3\/2020\/11\/logo.jpg","width":400,"height":250,"caption":"Litoral SP"},"image":{"@id":"https:\/\/redenoticiaz.com.br\/litoralsp\/#\/schema\/logo\/image\/"}},{"@type":"Person","@id":"https:\/\/redenoticiaz.com.br\/litoralsp\/#\/schema\/person\/0f0b8a5bdafefe82841e07ae8d81ecb3","name":"Leonardo Francisco","image":{"@type":"ImageObject","inLanguage":"pt-BR","@id":"https:\/\/secure.gravatar.com\/avatar\/a7358cb406a99b682ec6df1e77e31ae82e63601f6784e8a3df411d72b37864da?s=96&d=mm&r=g","url":"https:\/\/secure.gravatar.com\/avatar\/a7358cb406a99b682ec6df1e77e31ae82e63601f6784e8a3df411d72b37864da?s=96&d=mm&r=g","contentUrl":"https:\/\/secure.gravatar.com\/avatar\/a7358cb406a99b682ec6df1e77e31ae82e63601f6784e8a3df411d72b37864da?s=96&d=mm&r=g","caption":"Leonardo Francisco"},"url":"https:\/\/redenoticiaz.com.br\/litoralsp\/author\/leonardo-francisco"}]}},"_links":{"self":[{"href":"https:\/\/redenoticiaz.com.br\/litoralsp\/wp-json\/wp\/v2\/posts\/94080","targetHints":{"allow":["GET"]}}],"collection":[{"href":"https:\/\/redenoticiaz.com.br\/litoralsp\/wp-json\/wp\/v2\/posts"}],"about":[{"href":"https:\/\/redenoticiaz.com.br\/litoralsp\/wp-json\/wp\/v2\/types\/post"}],"author":[{"embeddable":true,"href":"https:\/\/redenoticiaz.com.br\/litoralsp\/wp-json\/wp\/v2\/users\/6"}],"replies":[{"embeddable":true,"href":"https:\/\/redenoticiaz.com.br\/litoralsp\/wp-json\/wp\/v2\/comments?post=94080"}],"version-history":[{"count":1,"href":"https:\/\/redenoticiaz.com.br\/litoralsp\/wp-json\/wp\/v2\/posts\/94080\/revisions"}],"predecessor-version":[{"id":94082,"href":"https:\/\/redenoticiaz.com.br\/litoralsp\/wp-json\/wp\/v2\/posts\/94080\/revisions\/94082"}],"wp:featuredmedia":[{"embeddable":true,"href":"https:\/\/redenoticiaz.com.br\/litoralsp\/wp-json\/wp\/v2\/media\/94081"}],"wp:attachment":[{"href":"https:\/\/redenoticiaz.com.br\/litoralsp\/wp-json\/wp\/v2\/media?parent=94080"}],"wp:term":[{"taxonomy":"category","embeddable":true,"href":"https:\/\/redenoticiaz.com.br\/litoralsp\/wp-json\/wp\/v2\/categories?post=94080"},{"taxonomy":"post_tag","embeddable":true,"href":"https:\/\/redenoticiaz.com.br\/litoralsp\/wp-json\/wp\/v2\/tags?post=94080"}],"curies":[{"name":"wp","href":"https:\/\/api.w.org\/{rel}","templated":true}]}}