{"id":94156,"date":"2022-10-29T15:01:41","date_gmt":"2022-10-29T18:01:41","guid":{"rendered":"https:\/\/redenoticiaz.com.br\/litoralsp\/?p=94156"},"modified":"2022-10-29T15:01:41","modified_gmt":"2022-10-29T18:01:41","slug":"sao-sebastiao-tambem-tera-gratuidade-no-transporte-neste-domingo-30","status":"publish","type":"post","link":"https:\/\/redenoticiaz.com.br\/litoralsp\/2022\/10\/29\/sao-sebastiao-tambem-tera-gratuidade-no-transporte-neste-domingo-30","title":{"rendered":"S\u00e3o Sebasti\u00e3o tamb\u00e9m ter\u00e1 gratuidade no transporte neste domingo (30)"},"content":{"rendered":"<p>Foi autorizada a gratuidade do transporte coletivo de \u00f4nibus no pr\u00f3ximo domingo (30), dia do segundo turno das elei\u00e7\u00f5es em S\u00e3o Sebasti\u00e3o.<\/p>\n<p>Conforme o documento, fica determinada a suspens\u00e3o da cobran\u00e7a da tarifa p\u00fablica aos usu\u00e1rios do servi\u00e7o de transporte p\u00fablico coletivo municipal Sebastianense.<\/p>\n<p>Foram estabelecidos hor\u00e1rios que v\u00e3o das 7h \u00e0s 18h, somente no dia 30 de outubro de 2022.<\/p>\n<p>Ficou estabelecido que todo o Servi\u00e7o de Transporte P\u00fablico deve operar com toda a frota regularmente disponibilizada em dias \u00fateis.<\/p>\n<p>A cidade seguir\u00e1 recomenda\u00e7\u00e3o Administrativa do Minist\u00e9rio P\u00fablico, apresentada pela Promotoria Eleitoral da 132a Zona Eleitoral do Estado de S\u00e3o Paulo, a qual prescreve que seja mantida a gratuidade do referido transporte.<\/p>\n<p><strong>Leia mais<\/strong><\/p>\n<p><a href=\"https:\/\/redenoticiaz.com.br\/litoralsp\/2022\/10\/26\/santos-vai-oferecer-transporte-gratuito-para-o-segundo-turno-das-eleicoes\">Santos vai oferecer transporte gratuito para o segundo turno das Elei\u00e7\u00f5es<\/a><\/p>\n","protected":false},"excerpt":{"rendered":"<p>Foi autorizada a gratuidade do transporte coletivo de \u00f4nibus no pr\u00f3ximo domingo (30), dia do segundo turno das elei\u00e7\u00f5es em S\u00e3o Sebasti\u00e3o. Conforme o documento, fica determinada a suspens\u00e3o da cobran\u00e7a da tarifa p\u00fablica aos usu\u00e1rios do servi\u00e7o de transporte p\u00fablico coletivo municipal Sebastianense. Foram estabelecidos hor\u00e1rios que v\u00e3o das 7h \u00e0s 18h, somente no &hellip;<\/p>\n","protected":false},"author":12,"featured_media":94157,"comment_status":"open","ping_status":"closed","sticky":false,"template":"","format":"standard","meta":{"footnotes":""},"categories":[188],"tags":[46300,1672,60501,60502],"class_list":["post-94156","post","type-post","status-publish","format-standard","has-post-thumbnail","hentry","category-sao-sebastiao","tag-meia-tarifa","tag-tarifa","tag-tarifa-onibus","tag-tarifa-social"],"yoast_head":"<!-- This site is optimized with the Yoast SEO plugin v27.5 - https:\/\/yoast.com\/product\/yoast-seo-wordpress\/ -->\n<title>S\u00e3o Sebasti\u00e3o tamb\u00e9m ter\u00e1 gratuidade no transporte neste domingo (30) - Litoral SP<\/title>\n<meta name=\"description\" content=\"Foi autorizada a gratuidade do transporte coletivo de \u00f4nibus no pr\u00f3ximo domingo (30), dia do segundo turno das elei\u00e7\u00f5es em S\u00e3o Sebasti\u00e3o.\" \/>\n<meta name=\"robots\" content=\"index, follow, max-snippet:-1, max-image-preview:large, max-video-preview:-1\" \/>\n<link rel=\"canonical\" href=\"https:\/\/redenoticiaz.com.br\/litoralsp\/2022\/10\/29\/sao-sebastiao-tambem-tera-gratuidade-no-transporte-neste-domingo-30\" \/>\n<meta property=\"og:locale\" content=\"pt_BR\" \/>\n<meta property=\"og:type\" content=\"article\" \/>\n<meta property=\"og:title\" content=\"S\u00e3o Sebasti\u00e3o tamb\u00e9m ter\u00e1 gratuidade no transporte neste domingo (30) - Litoral SP\" \/>\n<meta property=\"og:description\" content=\"Foi autorizada a gratuidade do transporte coletivo de \u00f4nibus no pr\u00f3ximo domingo (30), dia do segundo turno das elei\u00e7\u00f5es em S\u00e3o Sebasti\u00e3o.\" \/>\n<meta property=\"og:url\" content=\"https:\/\/redenoticiaz.com.br\/litoralsp\/2022\/10\/29\/sao-sebastiao-tambem-tera-gratuidade-no-transporte-neste-domingo-30\" \/>\n<meta property=\"og:site_name\" content=\"Litoral SP\" \/>\n<meta property=\"article:published_time\" content=\"2022-10-29T18:01:41+00:00\" \/>\n<meta property=\"og:image\" content=\"https:\/\/redenoticiaz.com.br\/litoralsp\/wp-content\/uploads\/sites\/3\/2022\/10\/WhatsApp-Image-2022-10-28-at-10.27.41.jpeg\" \/>\n\t<meta property=\"og:image:width\" content=\"1080\" \/>\n\t<meta property=\"og:image:height\" content=\"1080\" \/>\n\t<meta property=\"og:image:type\" content=\"image\/jpeg\" \/>\n<meta name=\"author\" content=\"Gustavo Silva\" \/>\n<meta name=\"twitter:card\" content=\"summary_large_image\" \/>\n<meta name=\"twitter:label1\" content=\"Escrito por\" \/>\n\t<meta name=\"twitter:data1\" content=\"Gustavo Silva\" \/>\n\t<meta name=\"twitter:label2\" content=\"Est. tempo de leitura\" \/>\n\t<meta name=\"twitter:data2\" content=\"1 minuto\" \/>\n<script type=\"application\/ld+json\" class=\"yoast-schema-graph\">{\"@context\":\"https:\\\/\\\/schema.org\",\"@graph\":[{\"@type\":\"Article\",\"@id\":\"https:\\\/\\\/redenoticiaz.com.br\\\/litoralsp\\\/2022\\\/10\\\/29\\\/sao-sebastiao-tambem-tera-gratuidade-no-transporte-neste-domingo-30#article\",\"isPartOf\":{\"@id\":\"https:\\\/\\\/redenoticiaz.com.br\\\/litoralsp\\\/2022\\\/10\\\/29\\\/sao-sebastiao-tambem-tera-gratuidade-no-transporte-neste-domingo-30\"},\"author\":{\"name\":\"Gustavo Silva\",\"@id\":\"https:\\\/\\\/redenoticiaz.com.br\\\/litoralsp\\\/#\\\/schema\\\/person\\\/16057b37a3c0ee6b096d7f887c566e2e\"},\"headline\":\"S\u00e3o Sebasti\u00e3o tamb\u00e9m ter\u00e1 gratuidade no transporte neste domingo (30)\",\"datePublished\":\"2022-10-29T18:01:41+00:00\",\"mainEntityOfPage\":{\"@id\":\"https:\\\/\\\/redenoticiaz.com.br\\\/litoralsp\\\/2022\\\/10\\\/29\\\/sao-sebastiao-tambem-tera-gratuidade-no-transporte-neste-domingo-30\"},\"wordCount\":154,\"commentCount\":0,\"publisher\":{\"@id\":\"https:\\\/\\\/redenoticiaz.com.br\\\/litoralsp\\\/#organization\"},\"image\":{\"@id\":\"https:\\\/\\\/redenoticiaz.com.br\\\/litoralsp\\\/2022\\\/10\\\/29\\\/sao-sebastiao-tambem-tera-gratuidade-no-transporte-neste-domingo-30#primaryimage\"},\"thumbnailUrl\":\"https:\\\/\\\/redenoticiaz.com.br\\\/litoralsp\\\/wp-content\\\/uploads\\\/sites\\\/3\\\/2022\\\/10\\\/WhatsApp-Image-2022-10-28-at-10.27.41.jpeg\",\"keywords\":[\"MEIA TARIFA\",\"TARIFA\",\"tarifa \u00f4nibus\",\"tarifa social\"],\"articleSection\":[\"S\u00e3o Sebasti\u00e3o\"],\"inLanguage\":\"pt-BR\",\"potentialAction\":[{\"@type\":\"CommentAction\",\"name\":\"Comment\",\"target\":[\"https:\\\/\\\/redenoticiaz.com.br\\\/litoralsp\\\/2022\\\/10\\\/29\\\/sao-sebastiao-tambem-tera-gratuidade-no-transporte-neste-domingo-30#respond\"]}]},{\"@type\":\"WebPage\",\"@id\":\"https:\\\/\\\/redenoticiaz.com.br\\\/litoralsp\\\/2022\\\/10\\\/29\\\/sao-sebastiao-tambem-tera-gratuidade-no-transporte-neste-domingo-30\",\"url\":\"https:\\\/\\\/redenoticiaz.com.br\\\/litoralsp\\\/2022\\\/10\\\/29\\\/sao-sebastiao-tambem-tera-gratuidade-no-transporte-neste-domingo-30\",\"name\":\"S\u00e3o Sebasti\u00e3o tamb\u00e9m ter\u00e1 gratuidade no transporte neste domingo (30) - Litoral SP\",\"isPartOf\":{\"@id\":\"https:\\\/\\\/redenoticiaz.com.br\\\/litoralsp\\\/#website\"},\"primaryImageOfPage\":{\"@id\":\"https:\\\/\\\/redenoticiaz.com.br\\\/litoralsp\\\/2022\\\/10\\\/29\\\/sao-sebastiao-tambem-tera-gratuidade-no-transporte-neste-domingo-30#primaryimage\"},\"image\":{\"@id\":\"https:\\\/\\\/redenoticiaz.com.br\\\/litoralsp\\\/2022\\\/10\\\/29\\\/sao-sebastiao-tambem-tera-gratuidade-no-transporte-neste-domingo-30#primaryimage\"},\"thumbnailUrl\":\"https:\\\/\\\/redenoticiaz.com.br\\\/litoralsp\\\/wp-content\\\/uploads\\\/sites\\\/3\\\/2022\\\/10\\\/WhatsApp-Image-2022-10-28-at-10.27.41.jpeg\",\"datePublished\":\"2022-10-29T18:01:41+00:00\",\"description\":\"Foi autorizada a gratuidade do transporte coletivo de \u00f4nibus no pr\u00f3ximo domingo (30), dia do segundo turno das elei\u00e7\u00f5es em S\u00e3o Sebasti\u00e3o.\",\"inLanguage\":\"pt-BR\",\"potentialAction\":[{\"@type\":\"ReadAction\",\"target\":[\"https:\\\/\\\/redenoticiaz.com.br\\\/litoralsp\\\/2022\\\/10\\\/29\\\/sao-sebastiao-tambem-tera-gratuidade-no-transporte-neste-domingo-30\"]}]},{\"@type\":\"ImageObject\",\"inLanguage\":\"pt-BR\",\"@id\":\"https:\\\/\\\/redenoticiaz.com.br\\\/litoralsp\\\/2022\\\/10\\\/29\\\/sao-sebastiao-tambem-tera-gratuidade-no-transporte-neste-domingo-30#primaryimage\",\"url\":\"https:\\\/\\\/redenoticiaz.com.br\\\/litoralsp\\\/wp-content\\\/uploads\\\/sites\\\/3\\\/2022\\\/10\\\/WhatsApp-Image-2022-10-28-at-10.27.41.jpeg\",\"contentUrl\":\"https:\\\/\\\/redenoticiaz.com.br\\\/litoralsp\\\/wp-content\\\/uploads\\\/sites\\\/3\\\/2022\\\/10\\\/WhatsApp-Image-2022-10-28-at-10.27.41.jpeg\",\"width\":1080,\"height\":1080,\"caption\":\"S\u00e3o Sebasti\u00e3o tamb\u00e9m ter\u00e1 gratuidade no transporte neste domingo (30)\"},{\"@type\":\"WebSite\",\"@id\":\"https:\\\/\\\/redenoticiaz.com.br\\\/litoralsp\\\/#website\",\"url\":\"https:\\\/\\\/redenoticiaz.com.br\\\/litoralsp\\\/\",\"name\":\"Litoral SP\",\"description\":\"Rede NoticiaZ\",\"publisher\":{\"@id\":\"https:\\\/\\\/redenoticiaz.com.br\\\/litoralsp\\\/#organization\"},\"potentialAction\":[{\"@type\":\"SearchAction\",\"target\":{\"@type\":\"EntryPoint\",\"urlTemplate\":\"https:\\\/\\\/redenoticiaz.com.br\\\/litoralsp\\\/?s={search_term_string}\"},\"query-input\":{\"@type\":\"PropertyValueSpecification\",\"valueRequired\":true,\"valueName\":\"search_term_string\"}}],\"inLanguage\":\"pt-BR\"},{\"@type\":\"Organization\",\"@id\":\"https:\\\/\\\/redenoticiaz.com.br\\\/litoralsp\\\/#organization\",\"name\":\"Litoral SP\",\"url\":\"https:\\\/\\\/redenoticiaz.com.br\\\/litoralsp\\\/\",\"logo\":{\"@type\":\"ImageObject\",\"inLanguage\":\"pt-BR\",\"@id\":\"https:\\\/\\\/redenoticiaz.com.br\\\/litoralsp\\\/#\\\/schema\\\/logo\\\/image\\\/\",\"url\":\"https:\\\/\\\/redenoticiaz.com.br\\\/litoralsp\\\/wp-content\\\/uploads\\\/sites\\\/3\\\/2020\\\/11\\\/logo.jpg\",\"contentUrl\":\"https:\\\/\\\/redenoticiaz.com.br\\\/litoralsp\\\/wp-content\\\/uploads\\\/sites\\\/3\\\/2020\\\/11\\\/logo.jpg\",\"width\":400,\"height\":250,\"caption\":\"Litoral SP\"},\"image\":{\"@id\":\"https:\\\/\\\/redenoticiaz.com.br\\\/litoralsp\\\/#\\\/schema\\\/logo\\\/image\\\/\"}},{\"@type\":\"Person\",\"@id\":\"https:\\\/\\\/redenoticiaz.com.br\\\/litoralsp\\\/#\\\/schema\\\/person\\\/16057b37a3c0ee6b096d7f887c566e2e\",\"name\":\"Gustavo Silva\",\"image\":{\"@type\":\"ImageObject\",\"inLanguage\":\"pt-BR\",\"@id\":\"https:\\\/\\\/secure.gravatar.com\\\/avatar\\\/3ee4e82f93b26de0a7cf4ea5eb7893da637ed6bb0c9170c58065944c56e28a33?s=96&d=mm&r=g\",\"url\":\"https:\\\/\\\/secure.gravatar.com\\\/avatar\\\/3ee4e82f93b26de0a7cf4ea5eb7893da637ed6bb0c9170c58065944c56e28a33?s=96&d=mm&r=g\",\"contentUrl\":\"https:\\\/\\\/secure.gravatar.com\\\/avatar\\\/3ee4e82f93b26de0a7cf4ea5eb7893da637ed6bb0c9170c58065944c56e28a33?s=96&d=mm&r=g\",\"caption\":\"Gustavo Silva\"},\"url\":\"https:\\\/\\\/redenoticiaz.com.br\\\/litoralsp\\\/author\\\/gustavosilva\"}]}<\/script>\n<!-- \/ Yoast SEO plugin. -->","yoast_head_json":{"title":"S\u00e3o Sebasti\u00e3o tamb\u00e9m ter\u00e1 gratuidade no transporte neste domingo (30) - Litoral SP","description":"Foi autorizada a gratuidade do transporte coletivo de \u00f4nibus no pr\u00f3ximo domingo (30), dia do segundo turno das elei\u00e7\u00f5es em S\u00e3o Sebasti\u00e3o.","robots":{"index":"index","follow":"follow","max-snippet":"max-snippet:-1","max-image-preview":"max-image-preview:large","max-video-preview":"max-video-preview:-1"},"canonical":"https:\/\/redenoticiaz.com.br\/litoralsp\/2022\/10\/29\/sao-sebastiao-tambem-tera-gratuidade-no-transporte-neste-domingo-30","og_locale":"pt_BR","og_type":"article","og_title":"S\u00e3o Sebasti\u00e3o tamb\u00e9m ter\u00e1 gratuidade no transporte neste domingo (30) - Litoral SP","og_description":"Foi autorizada a gratuidade do transporte coletivo de \u00f4nibus no pr\u00f3ximo domingo (30), dia do segundo turno das elei\u00e7\u00f5es em S\u00e3o Sebasti\u00e3o.","og_url":"https:\/\/redenoticiaz.com.br\/litoralsp\/2022\/10\/29\/sao-sebastiao-tambem-tera-gratuidade-no-transporte-neste-domingo-30","og_site_name":"Litoral SP","article_published_time":"2022-10-29T18:01:41+00:00","og_image":[{"width":1080,"height":1080,"url":"https:\/\/redenoticiaz.com.br\/litoralsp\/wp-content\/uploads\/sites\/3\/2022\/10\/WhatsApp-Image-2022-10-28-at-10.27.41.jpeg","type":"image\/jpeg"}],"author":"Gustavo Silva","twitter_card":"summary_large_image","twitter_misc":{"Escrito por":"Gustavo Silva","Est. tempo de leitura":"1 minuto"},"schema":{"@context":"https:\/\/schema.org","@graph":[{"@type":"Article","@id":"https:\/\/redenoticiaz.com.br\/litoralsp\/2022\/10\/29\/sao-sebastiao-tambem-tera-gratuidade-no-transporte-neste-domingo-30#article","isPartOf":{"@id":"https:\/\/redenoticiaz.com.br\/litoralsp\/2022\/10\/29\/sao-sebastiao-tambem-tera-gratuidade-no-transporte-neste-domingo-30"},"author":{"name":"Gustavo Silva","@id":"https:\/\/redenoticiaz.com.br\/litoralsp\/#\/schema\/person\/16057b37a3c0ee6b096d7f887c566e2e"},"headline":"S\u00e3o Sebasti\u00e3o tamb\u00e9m ter\u00e1 gratuidade no transporte neste domingo (30)","datePublished":"2022-10-29T18:01:41+00:00","mainEntityOfPage":{"@id":"https:\/\/redenoticiaz.com.br\/litoralsp\/2022\/10\/29\/sao-sebastiao-tambem-tera-gratuidade-no-transporte-neste-domingo-30"},"wordCount":154,"commentCount":0,"publisher":{"@id":"https:\/\/redenoticiaz.com.br\/litoralsp\/#organization"},"image":{"@id":"https:\/\/redenoticiaz.com.br\/litoralsp\/2022\/10\/29\/sao-sebastiao-tambem-tera-gratuidade-no-transporte-neste-domingo-30#primaryimage"},"thumbnailUrl":"https:\/\/redenoticiaz.com.br\/litoralsp\/wp-content\/uploads\/sites\/3\/2022\/10\/WhatsApp-Image-2022-10-28-at-10.27.41.jpeg","keywords":["MEIA TARIFA","TARIFA","tarifa \u00f4nibus","tarifa social"],"articleSection":["S\u00e3o Sebasti\u00e3o"],"inLanguage":"pt-BR","potentialAction":[{"@type":"CommentAction","name":"Comment","target":["https:\/\/redenoticiaz.com.br\/litoralsp\/2022\/10\/29\/sao-sebastiao-tambem-tera-gratuidade-no-transporte-neste-domingo-30#respond"]}]},{"@type":"WebPage","@id":"https:\/\/redenoticiaz.com.br\/litoralsp\/2022\/10\/29\/sao-sebastiao-tambem-tera-gratuidade-no-transporte-neste-domingo-30","url":"https:\/\/redenoticiaz.com.br\/litoralsp\/2022\/10\/29\/sao-sebastiao-tambem-tera-gratuidade-no-transporte-neste-domingo-30","name":"S\u00e3o Sebasti\u00e3o tamb\u00e9m ter\u00e1 gratuidade no transporte neste domingo (30) - Litoral SP","isPartOf":{"@id":"https:\/\/redenoticiaz.com.br\/litoralsp\/#website"},"primaryImageOfPage":{"@id":"https:\/\/redenoticiaz.com.br\/litoralsp\/2022\/10\/29\/sao-sebastiao-tambem-tera-gratuidade-no-transporte-neste-domingo-30#primaryimage"},"image":{"@id":"https:\/\/redenoticiaz.com.br\/litoralsp\/2022\/10\/29\/sao-sebastiao-tambem-tera-gratuidade-no-transporte-neste-domingo-30#primaryimage"},"thumbnailUrl":"https:\/\/redenoticiaz.com.br\/litoralsp\/wp-content\/uploads\/sites\/3\/2022\/10\/WhatsApp-Image-2022-10-28-at-10.27.41.jpeg","datePublished":"2022-10-29T18:01:41+00:00","description":"Foi autorizada a gratuidade do transporte coletivo de \u00f4nibus no pr\u00f3ximo domingo (30), dia do segundo turno das elei\u00e7\u00f5es em S\u00e3o Sebasti\u00e3o.","inLanguage":"pt-BR","potentialAction":[{"@type":"ReadAction","target":["https:\/\/redenoticiaz.com.br\/litoralsp\/2022\/10\/29\/sao-sebastiao-tambem-tera-gratuidade-no-transporte-neste-domingo-30"]}]},{"@type":"ImageObject","inLanguage":"pt-BR","@id":"https:\/\/redenoticiaz.com.br\/litoralsp\/2022\/10\/29\/sao-sebastiao-tambem-tera-gratuidade-no-transporte-neste-domingo-30#primaryimage","url":"https:\/\/redenoticiaz.com.br\/litoralsp\/wp-content\/uploads\/sites\/3\/2022\/10\/WhatsApp-Image-2022-10-28-at-10.27.41.jpeg","contentUrl":"https:\/\/redenoticiaz.com.br\/litoralsp\/wp-content\/uploads\/sites\/3\/2022\/10\/WhatsApp-Image-2022-10-28-at-10.27.41.jpeg","width":1080,"height":1080,"caption":"S\u00e3o Sebasti\u00e3o tamb\u00e9m ter\u00e1 gratuidade no transporte neste domingo (30)"},{"@type":"WebSite","@id":"https:\/\/redenoticiaz.com.br\/litoralsp\/#website","url":"https:\/\/redenoticiaz.com.br\/litoralsp\/","name":"Litoral SP","description":"Rede NoticiaZ","publisher":{"@id":"https:\/\/redenoticiaz.com.br\/litoralsp\/#organization"},"potentialAction":[{"@type":"SearchAction","target":{"@type":"EntryPoint","urlTemplate":"https:\/\/redenoticiaz.com.br\/litoralsp\/?s={search_term_string}"},"query-input":{"@type":"PropertyValueSpecification","valueRequired":true,"valueName":"search_term_string"}}],"inLanguage":"pt-BR"},{"@type":"Organization","@id":"https:\/\/redenoticiaz.com.br\/litoralsp\/#organization","name":"Litoral SP","url":"https:\/\/redenoticiaz.com.br\/litoralsp\/","logo":{"@type":"ImageObject","inLanguage":"pt-BR","@id":"https:\/\/redenoticiaz.com.br\/litoralsp\/#\/schema\/logo\/image\/","url":"https:\/\/redenoticiaz.com.br\/litoralsp\/wp-content\/uploads\/sites\/3\/2020\/11\/logo.jpg","contentUrl":"https:\/\/redenoticiaz.com.br\/litoralsp\/wp-content\/uploads\/sites\/3\/2020\/11\/logo.jpg","width":400,"height":250,"caption":"Litoral SP"},"image":{"@id":"https:\/\/redenoticiaz.com.br\/litoralsp\/#\/schema\/logo\/image\/"}},{"@type":"Person","@id":"https:\/\/redenoticiaz.com.br\/litoralsp\/#\/schema\/person\/16057b37a3c0ee6b096d7f887c566e2e","name":"Gustavo Silva","image":{"@type":"ImageObject","inLanguage":"pt-BR","@id":"https:\/\/secure.gravatar.com\/avatar\/3ee4e82f93b26de0a7cf4ea5eb7893da637ed6bb0c9170c58065944c56e28a33?s=96&d=mm&r=g","url":"https:\/\/secure.gravatar.com\/avatar\/3ee4e82f93b26de0a7cf4ea5eb7893da637ed6bb0c9170c58065944c56e28a33?s=96&d=mm&r=g","contentUrl":"https:\/\/secure.gravatar.com\/avatar\/3ee4e82f93b26de0a7cf4ea5eb7893da637ed6bb0c9170c58065944c56e28a33?s=96&d=mm&r=g","caption":"Gustavo Silva"},"url":"https:\/\/redenoticiaz.com.br\/litoralsp\/author\/gustavosilva"}]}},"_links":{"self":[{"href":"https:\/\/redenoticiaz.com.br\/litoralsp\/wp-json\/wp\/v2\/posts\/94156","targetHints":{"allow":["GET"]}}],"collection":[{"href":"https:\/\/redenoticiaz.com.br\/litoralsp\/wp-json\/wp\/v2\/posts"}],"about":[{"href":"https:\/\/redenoticiaz.com.br\/litoralsp\/wp-json\/wp\/v2\/types\/post"}],"author":[{"embeddable":true,"href":"https:\/\/redenoticiaz.com.br\/litoralsp\/wp-json\/wp\/v2\/users\/12"}],"replies":[{"embeddable":true,"href":"https:\/\/redenoticiaz.com.br\/litoralsp\/wp-json\/wp\/v2\/comments?post=94156"}],"version-history":[{"count":1,"href":"https:\/\/redenoticiaz.com.br\/litoralsp\/wp-json\/wp\/v2\/posts\/94156\/revisions"}],"predecessor-version":[{"id":94158,"href":"https:\/\/redenoticiaz.com.br\/litoralsp\/wp-json\/wp\/v2\/posts\/94156\/revisions\/94158"}],"wp:featuredmedia":[{"embeddable":true,"href":"https:\/\/redenoticiaz.com.br\/litoralsp\/wp-json\/wp\/v2\/media\/94157"}],"wp:attachment":[{"href":"https:\/\/redenoticiaz.com.br\/litoralsp\/wp-json\/wp\/v2\/media?parent=94156"}],"wp:term":[{"taxonomy":"category","embeddable":true,"href":"https:\/\/redenoticiaz.com.br\/litoralsp\/wp-json\/wp\/v2\/categories?post=94156"},{"taxonomy":"post_tag","embeddable":true,"href":"https:\/\/redenoticiaz.com.br\/litoralsp\/wp-json\/wp\/v2\/tags?post=94156"}],"curies":[{"name":"wp","href":"https:\/\/api.w.org\/{rel}","templated":true}]}}