{"id":94182,"date":"2022-10-30T11:47:26","date_gmt":"2022-10-30T14:47:26","guid":{"rendered":"https:\/\/redenoticiaz.com.br\/litoralsp\/2022\/10\/30\/video-bolsonaro-vota-para-2o-turno-no-rio-de-janeiro"},"modified":"2022-10-30T12:04:37","modified_gmt":"2022-10-30T15:04:37","slug":"video-bolsonaro-vota-para-2o-turno-no-rio-de-janeiro","status":"publish","type":"post","link":"https:\/\/redenoticiaz.com.br\/litoralsp\/2022\/10\/30\/video-bolsonaro-vota-para-2o-turno-no-rio-de-janeiro","title":{"rendered":"V\u00cdDEO: Bolsonaro vota para 2\u00ba turno no Rio de Janeiro"},"content":{"rendered":"<p>Acompanhado da equipe de seguran\u00e7a e alguns assessores, o presidente Jair Bolsonaro votou neste domingo (30), na Escola Municipal Rosa da Fonseca, na Vila Militar, no Rio de Janeiro.<\/p>\n<div style=\"width: 640px;\" class=\"wp-video\"><video class=\"wp-video-shortcode\" id=\"video-94182-1\" width=\"640\" height=\"352\" preload=\"metadata\" controls=\"controls\"><source type=\"video\/mp4\" src=\"https:\/\/redenoticiaz.com.br\/litoralsp\/wp-content\/uploads\/sites\/3\/2022\/10\/VIDEO-Bolsonaro-vota-para-2o-turno-no-rio-de-Janeiro.mp4?_=1\" \/><source type=\"image\/png\" src=\"https:\/\/redenoticiaz.com.br\/litoralsp\/wp-content\/uploads\/sites\/3\/2022\/10\/VIDEO-Bolsonaro-vota-para-2o-turno-no-rio-de-Janeiro.png?_=1\" \/><a href=\"https:\/\/redenoticiaz.com.br\/litoralsp\/wp-content\/uploads\/sites\/3\/2022\/10\/VIDEO-Bolsonaro-vota-para-2o-turno-no-rio-de-Janeiro.mp4\">https:\/\/redenoticiaz.com.br\/litoralsp\/wp-content\/uploads\/sites\/3\/2022\/10\/VIDEO-Bolsonaro-vota-para-2o-turno-no-rio-de-Janeiro.mp4<\/a><\/video><\/div>\n<p data-gtm-vis-recent-on-screen-8752935_845=\"37551\" data-gtm-vis-first-on-screen-8752935_845=\"37551\" data-gtm-vis-total-visible-time-8752935_845=\"100\" data-gtm-vis-has-fired-8752935_845=\"1\">Em r\u00e1pido pronunciamento ap\u00f3s a vota\u00e7\u00e3o, Bolsonaro disse que est\u00e1 confiante na vit\u00f3ria contra o advers\u00e1rio pol\u00edtico Luiz In\u00e1cio Lula da Silva\u00a0(PT).<\/p>\n<p><em>\u201cExpectativa de vit\u00f3ria, pelo bem do Brasil. S\u00f3 tivemos boas not\u00edcias nos \u00faltimos dias. Se Deus quiser, seremos vitoriosos hoje \u00e0 tarde. Ou melhor, o Brasil sair\u00e1 vitorioso\u201d<\/em>, avaliou Bolsonaro.<\/p>\n<p>VEJA TAMB\u00c9M:\u00a0<a href=\"https:\/\/redenoticiaz.com.br\/barretos-regiao\/sp\/2022\/10\/30\/video-lula-deixa-residencia-em-sp-para-votar-em-sao-bernardo-do-campo\">V\u00cdDEO: Lula deixa resid\u00eancia em SP para votar em S\u00e3o Bernardo do Campo<\/a><\/p>\n<p>&nbsp;<\/p>\n","protected":false},"excerpt":{"rendered":"<p>Acompanhado da equipe de seguran\u00e7a e alguns assessores, o presidente Jair Bolsonaro votou neste domingo (30), na Escola Municipal Rosa da Fonseca, na Vila Militar, no Rio de Janeiro. Em r\u00e1pido pronunciamento ap\u00f3s a vota\u00e7\u00e3o, Bolsonaro disse que est\u00e1 confiante na vit\u00f3ria contra o advers\u00e1rio pol\u00edtico Luiz In\u00e1cio Lula da Silva\u00a0(PT). \u201cExpectativa de vit\u00f3ria, pelo &hellip;<\/p>\n","protected":false},"author":15,"featured_media":94193,"comment_status":"open","ping_status":"closed","sticky":false,"template":"","format":"standard","meta":{"footnotes":""},"categories":[48],"tags":[18,5661,1086,60512],"class_list":["post-94182","post","type-post","status-publish","format-standard","has-post-thumbnail","hentry","category-eleicoes","tag-jair-bolsonaro","tag-rio-de-janeiro","tag-segundo-turno","tag-votou"],"yoast_head":"<!-- This site is optimized with the Yoast SEO plugin v27.4 - https:\/\/yoast.com\/product\/yoast-seo-wordpress\/ -->\n<title>V\u00cdDEO: Bolsonaro vota para 2\u00ba turno no Rio de Janeiro - Litoral SP<\/title>\n<meta name=\"robots\" content=\"index, follow, max-snippet:-1, max-image-preview:large, max-video-preview:-1\" \/>\n<link rel=\"canonical\" href=\"https:\/\/redenoticiaz.com.br\/litoralsp\/2022\/10\/30\/video-bolsonaro-vota-para-2o-turno-no-rio-de-janeiro\" \/>\n<meta property=\"og:locale\" content=\"pt_BR\" \/>\n<meta property=\"og:type\" content=\"article\" \/>\n<meta property=\"og:title\" content=\"V\u00cdDEO: Bolsonaro vota para 2\u00ba turno no Rio de Janeiro - Litoral SP\" \/>\n<meta property=\"og:description\" content=\"Acompanhado da equipe de seguran\u00e7a e alguns assessores, o presidente Jair Bolsonaro votou neste domingo (30), na Escola Municipal Rosa da Fonseca, na Vila Militar, no Rio de Janeiro. Em r\u00e1pido pronunciamento ap\u00f3s a vota\u00e7\u00e3o, Bolsonaro disse que est\u00e1 confiante na vit\u00f3ria contra o advers\u00e1rio pol\u00edtico Luiz In\u00e1cio Lula da Silva\u00a0(PT). \u201cExpectativa de vit\u00f3ria, pelo &hellip;\" \/>\n<meta property=\"og:url\" content=\"https:\/\/redenoticiaz.com.br\/litoralsp\/2022\/10\/30\/video-bolsonaro-vota-para-2o-turno-no-rio-de-janeiro\" \/>\n<meta property=\"og:site_name\" content=\"Litoral SP\" \/>\n<meta property=\"article:published_time\" content=\"2022-10-30T14:47:26+00:00\" \/>\n<meta property=\"article:modified_time\" content=\"2022-10-30T15:04:37+00:00\" \/>\n<meta property=\"og:image\" content=\"https:\/\/redenoticiaz.com.br\/litoralsp\/wp-content\/uploads\/sites\/3\/2022\/10\/VIDEO-Bolsonaro-vota-para-2o-turno-no-rio-de-Janeiro-1.jpg\" \/>\n\t<meta property=\"og:image:width\" content=\"1200\" \/>\n\t<meta property=\"og:image:height\" content=\"628\" \/>\n\t<meta property=\"og:image:type\" content=\"image\/jpeg\" \/>\n<meta name=\"twitter:card\" content=\"summary_large_image\" \/>\n<meta name=\"twitter:label1\" content=\"Escrito por\" \/>\n\t<meta name=\"twitter:data1\" content=\"\" \/>\n\t<meta name=\"twitter:label2\" content=\"Est. tempo de leitura\" \/>\n\t<meta name=\"twitter:data2\" content=\"1 minuto\" \/>\n<script type=\"application\/ld+json\" class=\"yoast-schema-graph\">{\"@context\":\"https:\\\/\\\/schema.org\",\"@graph\":[{\"@type\":\"Article\",\"@id\":\"https:\\\/\\\/redenoticiaz.com.br\\\/litoralsp\\\/2022\\\/10\\\/30\\\/video-bolsonaro-vota-para-2o-turno-no-rio-de-janeiro#article\",\"isPartOf\":{\"@id\":\"https:\\\/\\\/redenoticiaz.com.br\\\/litoralsp\\\/2022\\\/10\\\/30\\\/video-bolsonaro-vota-para-2o-turno-no-rio-de-janeiro\"},\"author\":{\"name\":\"\",\"@id\":\"\"},\"headline\":\"V\u00cdDEO: Bolsonaro vota para 2\u00ba turno no Rio de Janeiro\",\"datePublished\":\"2022-10-30T14:47:26+00:00\",\"dateModified\":\"2022-10-30T15:04:37+00:00\",\"mainEntityOfPage\":{\"@id\":\"https:\\\/\\\/redenoticiaz.com.br\\\/litoralsp\\\/2022\\\/10\\\/30\\\/video-bolsonaro-vota-para-2o-turno-no-rio-de-janeiro\"},\"wordCount\":136,\"commentCount\":0,\"publisher\":{\"@id\":\"https:\\\/\\\/redenoticiaz.com.br\\\/litoralsp\\\/#organization\"},\"image\":{\"@id\":\"https:\\\/\\\/redenoticiaz.com.br\\\/litoralsp\\\/2022\\\/10\\\/30\\\/video-bolsonaro-vota-para-2o-turno-no-rio-de-janeiro#primaryimage\"},\"thumbnailUrl\":\"https:\\\/\\\/redenoticiaz.com.br\\\/litoralsp\\\/wp-content\\\/uploads\\\/sites\\\/3\\\/2022\\\/10\\\/VIDEO-Bolsonaro-vota-para-2o-turno-no-rio-de-Janeiro-2.jpg\",\"keywords\":[\"Jair Bolsonaro\",\"Rio de Janeiro\",\"SEGUNDO TURNO\",\"VOTOU\"],\"articleSection\":[\"Elei\u00e7\u00f5es\"],\"inLanguage\":\"pt-BR\",\"potentialAction\":[{\"@type\":\"CommentAction\",\"name\":\"Comment\",\"target\":[\"https:\\\/\\\/redenoticiaz.com.br\\\/litoralsp\\\/2022\\\/10\\\/30\\\/video-bolsonaro-vota-para-2o-turno-no-rio-de-janeiro#respond\"]}]},{\"@type\":\"WebPage\",\"@id\":\"https:\\\/\\\/redenoticiaz.com.br\\\/litoralsp\\\/2022\\\/10\\\/30\\\/video-bolsonaro-vota-para-2o-turno-no-rio-de-janeiro\",\"url\":\"https:\\\/\\\/redenoticiaz.com.br\\\/litoralsp\\\/2022\\\/10\\\/30\\\/video-bolsonaro-vota-para-2o-turno-no-rio-de-janeiro\",\"name\":\"V\u00cdDEO: Bolsonaro vota para 2\u00ba turno no Rio de Janeiro - Litoral SP\",\"isPartOf\":{\"@id\":\"https:\\\/\\\/redenoticiaz.com.br\\\/litoralsp\\\/#website\"},\"primaryImageOfPage\":{\"@id\":\"https:\\\/\\\/redenoticiaz.com.br\\\/litoralsp\\\/2022\\\/10\\\/30\\\/video-bolsonaro-vota-para-2o-turno-no-rio-de-janeiro#primaryimage\"},\"image\":{\"@id\":\"https:\\\/\\\/redenoticiaz.com.br\\\/litoralsp\\\/2022\\\/10\\\/30\\\/video-bolsonaro-vota-para-2o-turno-no-rio-de-janeiro#primaryimage\"},\"thumbnailUrl\":\"https:\\\/\\\/redenoticiaz.com.br\\\/litoralsp\\\/wp-content\\\/uploads\\\/sites\\\/3\\\/2022\\\/10\\\/VIDEO-Bolsonaro-vota-para-2o-turno-no-rio-de-Janeiro-2.jpg\",\"datePublished\":\"2022-10-30T14:47:26+00:00\",\"dateModified\":\"2022-10-30T15:04:37+00:00\",\"inLanguage\":\"pt-BR\",\"potentialAction\":[{\"@type\":\"ReadAction\",\"target\":[\"https:\\\/\\\/redenoticiaz.com.br\\\/litoralsp\\\/2022\\\/10\\\/30\\\/video-bolsonaro-vota-para-2o-turno-no-rio-de-janeiro\"]}]},{\"@type\":\"ImageObject\",\"inLanguage\":\"pt-BR\",\"@id\":\"https:\\\/\\\/redenoticiaz.com.br\\\/litoralsp\\\/2022\\\/10\\\/30\\\/video-bolsonaro-vota-para-2o-turno-no-rio-de-janeiro#primaryimage\",\"url\":\"https:\\\/\\\/redenoticiaz.com.br\\\/litoralsp\\\/wp-content\\\/uploads\\\/sites\\\/3\\\/2022\\\/10\\\/VIDEO-Bolsonaro-vota-para-2o-turno-no-rio-de-Janeiro-2.jpg\",\"contentUrl\":\"https:\\\/\\\/redenoticiaz.com.br\\\/litoralsp\\\/wp-content\\\/uploads\\\/sites\\\/3\\\/2022\\\/10\\\/VIDEO-Bolsonaro-vota-para-2o-turno-no-rio-de-Janeiro-2.jpg\",\"width\":1200,\"height\":628,\"caption\":\"Jair Bolsonaro, vota para 2\u00b0 turno. Cr\u00e9dito: Reprodu\u00e7\u00e3o\"},{\"@type\":\"WebSite\",\"@id\":\"https:\\\/\\\/redenoticiaz.com.br\\\/litoralsp\\\/#website\",\"url\":\"https:\\\/\\\/redenoticiaz.com.br\\\/litoralsp\\\/\",\"name\":\"Litoral SP\",\"description\":\"Rede NoticiaZ\",\"publisher\":{\"@id\":\"https:\\\/\\\/redenoticiaz.com.br\\\/litoralsp\\\/#organization\"},\"potentialAction\":[{\"@type\":\"SearchAction\",\"target\":{\"@type\":\"EntryPoint\",\"urlTemplate\":\"https:\\\/\\\/redenoticiaz.com.br\\\/litoralsp\\\/?s={search_term_string}\"},\"query-input\":{\"@type\":\"PropertyValueSpecification\",\"valueRequired\":true,\"valueName\":\"search_term_string\"}}],\"inLanguage\":\"pt-BR\"},{\"@type\":\"Organization\",\"@id\":\"https:\\\/\\\/redenoticiaz.com.br\\\/litoralsp\\\/#organization\",\"name\":\"Litoral SP\",\"url\":\"https:\\\/\\\/redenoticiaz.com.br\\\/litoralsp\\\/\",\"logo\":{\"@type\":\"ImageObject\",\"inLanguage\":\"pt-BR\",\"@id\":\"https:\\\/\\\/redenoticiaz.com.br\\\/litoralsp\\\/#\\\/schema\\\/logo\\\/image\\\/\",\"url\":\"https:\\\/\\\/redenoticiaz.com.br\\\/litoralsp\\\/wp-content\\\/uploads\\\/sites\\\/3\\\/2020\\\/11\\\/logo.jpg\",\"contentUrl\":\"https:\\\/\\\/redenoticiaz.com.br\\\/litoralsp\\\/wp-content\\\/uploads\\\/sites\\\/3\\\/2020\\\/11\\\/logo.jpg\",\"width\":400,\"height\":250,\"caption\":\"Litoral SP\"},\"image\":{\"@id\":\"https:\\\/\\\/redenoticiaz.com.br\\\/litoralsp\\\/#\\\/schema\\\/logo\\\/image\\\/\"}},{\"@type\":\"Person\",\"@id\":\"\",\"url\":\"https:\\\/\\\/redenoticiaz.com.br\\\/litoralsp\\\/author\"}]}<\/script>\n<!-- \/ Yoast SEO plugin. -->","yoast_head_json":{"title":"V\u00cdDEO: Bolsonaro vota para 2\u00ba turno no Rio de Janeiro - Litoral SP","robots":{"index":"index","follow":"follow","max-snippet":"max-snippet:-1","max-image-preview":"max-image-preview:large","max-video-preview":"max-video-preview:-1"},"canonical":"https:\/\/redenoticiaz.com.br\/litoralsp\/2022\/10\/30\/video-bolsonaro-vota-para-2o-turno-no-rio-de-janeiro","og_locale":"pt_BR","og_type":"article","og_title":"V\u00cdDEO: Bolsonaro vota para 2\u00ba turno no Rio de Janeiro - Litoral SP","og_description":"Acompanhado da equipe de seguran\u00e7a e alguns assessores, o presidente Jair Bolsonaro votou neste domingo (30), na Escola Municipal Rosa da Fonseca, na Vila Militar, no Rio de Janeiro. Em r\u00e1pido pronunciamento ap\u00f3s a vota\u00e7\u00e3o, Bolsonaro disse que est\u00e1 confiante na vit\u00f3ria contra o advers\u00e1rio pol\u00edtico Luiz In\u00e1cio Lula da Silva\u00a0(PT). \u201cExpectativa de vit\u00f3ria, pelo &hellip;","og_url":"https:\/\/redenoticiaz.com.br\/litoralsp\/2022\/10\/30\/video-bolsonaro-vota-para-2o-turno-no-rio-de-janeiro","og_site_name":"Litoral SP","article_published_time":"2022-10-30T14:47:26+00:00","article_modified_time":"2022-10-30T15:04:37+00:00","og_image":[{"width":1200,"height":628,"url":"https:\/\/redenoticiaz.com.br\/litoralsp\/wp-content\/uploads\/sites\/3\/2022\/10\/VIDEO-Bolsonaro-vota-para-2o-turno-no-rio-de-Janeiro-1.jpg","type":"image\/jpeg"}],"twitter_card":"summary_large_image","twitter_misc":{"Escrito por":"","Est. tempo de leitura":"1 minuto"},"schema":{"@context":"https:\/\/schema.org","@graph":[{"@type":"Article","@id":"https:\/\/redenoticiaz.com.br\/litoralsp\/2022\/10\/30\/video-bolsonaro-vota-para-2o-turno-no-rio-de-janeiro#article","isPartOf":{"@id":"https:\/\/redenoticiaz.com.br\/litoralsp\/2022\/10\/30\/video-bolsonaro-vota-para-2o-turno-no-rio-de-janeiro"},"author":{"name":"","@id":""},"headline":"V\u00cdDEO: Bolsonaro vota para 2\u00ba turno no Rio de Janeiro","datePublished":"2022-10-30T14:47:26+00:00","dateModified":"2022-10-30T15:04:37+00:00","mainEntityOfPage":{"@id":"https:\/\/redenoticiaz.com.br\/litoralsp\/2022\/10\/30\/video-bolsonaro-vota-para-2o-turno-no-rio-de-janeiro"},"wordCount":136,"commentCount":0,"publisher":{"@id":"https:\/\/redenoticiaz.com.br\/litoralsp\/#organization"},"image":{"@id":"https:\/\/redenoticiaz.com.br\/litoralsp\/2022\/10\/30\/video-bolsonaro-vota-para-2o-turno-no-rio-de-janeiro#primaryimage"},"thumbnailUrl":"https:\/\/redenoticiaz.com.br\/litoralsp\/wp-content\/uploads\/sites\/3\/2022\/10\/VIDEO-Bolsonaro-vota-para-2o-turno-no-rio-de-Janeiro-2.jpg","keywords":["Jair Bolsonaro","Rio de Janeiro","SEGUNDO TURNO","VOTOU"],"articleSection":["Elei\u00e7\u00f5es"],"inLanguage":"pt-BR","potentialAction":[{"@type":"CommentAction","name":"Comment","target":["https:\/\/redenoticiaz.com.br\/litoralsp\/2022\/10\/30\/video-bolsonaro-vota-para-2o-turno-no-rio-de-janeiro#respond"]}]},{"@type":"WebPage","@id":"https:\/\/redenoticiaz.com.br\/litoralsp\/2022\/10\/30\/video-bolsonaro-vota-para-2o-turno-no-rio-de-janeiro","url":"https:\/\/redenoticiaz.com.br\/litoralsp\/2022\/10\/30\/video-bolsonaro-vota-para-2o-turno-no-rio-de-janeiro","name":"V\u00cdDEO: Bolsonaro vota para 2\u00ba turno no Rio de Janeiro - Litoral SP","isPartOf":{"@id":"https:\/\/redenoticiaz.com.br\/litoralsp\/#website"},"primaryImageOfPage":{"@id":"https:\/\/redenoticiaz.com.br\/litoralsp\/2022\/10\/30\/video-bolsonaro-vota-para-2o-turno-no-rio-de-janeiro#primaryimage"},"image":{"@id":"https:\/\/redenoticiaz.com.br\/litoralsp\/2022\/10\/30\/video-bolsonaro-vota-para-2o-turno-no-rio-de-janeiro#primaryimage"},"thumbnailUrl":"https:\/\/redenoticiaz.com.br\/litoralsp\/wp-content\/uploads\/sites\/3\/2022\/10\/VIDEO-Bolsonaro-vota-para-2o-turno-no-rio-de-Janeiro-2.jpg","datePublished":"2022-10-30T14:47:26+00:00","dateModified":"2022-10-30T15:04:37+00:00","inLanguage":"pt-BR","potentialAction":[{"@type":"ReadAction","target":["https:\/\/redenoticiaz.com.br\/litoralsp\/2022\/10\/30\/video-bolsonaro-vota-para-2o-turno-no-rio-de-janeiro"]}]},{"@type":"ImageObject","inLanguage":"pt-BR","@id":"https:\/\/redenoticiaz.com.br\/litoralsp\/2022\/10\/30\/video-bolsonaro-vota-para-2o-turno-no-rio-de-janeiro#primaryimage","url":"https:\/\/redenoticiaz.com.br\/litoralsp\/wp-content\/uploads\/sites\/3\/2022\/10\/VIDEO-Bolsonaro-vota-para-2o-turno-no-rio-de-Janeiro-2.jpg","contentUrl":"https:\/\/redenoticiaz.com.br\/litoralsp\/wp-content\/uploads\/sites\/3\/2022\/10\/VIDEO-Bolsonaro-vota-para-2o-turno-no-rio-de-Janeiro-2.jpg","width":1200,"height":628,"caption":"Jair Bolsonaro, vota para 2\u00b0 turno. Cr\u00e9dito: Reprodu\u00e7\u00e3o"},{"@type":"WebSite","@id":"https:\/\/redenoticiaz.com.br\/litoralsp\/#website","url":"https:\/\/redenoticiaz.com.br\/litoralsp\/","name":"Litoral SP","description":"Rede NoticiaZ","publisher":{"@id":"https:\/\/redenoticiaz.com.br\/litoralsp\/#organization"},"potentialAction":[{"@type":"SearchAction","target":{"@type":"EntryPoint","urlTemplate":"https:\/\/redenoticiaz.com.br\/litoralsp\/?s={search_term_string}"},"query-input":{"@type":"PropertyValueSpecification","valueRequired":true,"valueName":"search_term_string"}}],"inLanguage":"pt-BR"},{"@type":"Organization","@id":"https:\/\/redenoticiaz.com.br\/litoralsp\/#organization","name":"Litoral SP","url":"https:\/\/redenoticiaz.com.br\/litoralsp\/","logo":{"@type":"ImageObject","inLanguage":"pt-BR","@id":"https:\/\/redenoticiaz.com.br\/litoralsp\/#\/schema\/logo\/image\/","url":"https:\/\/redenoticiaz.com.br\/litoralsp\/wp-content\/uploads\/sites\/3\/2020\/11\/logo.jpg","contentUrl":"https:\/\/redenoticiaz.com.br\/litoralsp\/wp-content\/uploads\/sites\/3\/2020\/11\/logo.jpg","width":400,"height":250,"caption":"Litoral SP"},"image":{"@id":"https:\/\/redenoticiaz.com.br\/litoralsp\/#\/schema\/logo\/image\/"}},{"@type":"Person","@id":"","url":"https:\/\/redenoticiaz.com.br\/litoralsp\/author"}]}},"_links":{"self":[{"href":"https:\/\/redenoticiaz.com.br\/litoralsp\/wp-json\/wp\/v2\/posts\/94182","targetHints":{"allow":["GET"]}}],"collection":[{"href":"https:\/\/redenoticiaz.com.br\/litoralsp\/wp-json\/wp\/v2\/posts"}],"about":[{"href":"https:\/\/redenoticiaz.com.br\/litoralsp\/wp-json\/wp\/v2\/types\/post"}],"author":[{"embeddable":true,"href":"https:\/\/redenoticiaz.com.br\/litoralsp\/wp-json\/wp\/v2\/users\/15"}],"replies":[{"embeddable":true,"href":"https:\/\/redenoticiaz.com.br\/litoralsp\/wp-json\/wp\/v2\/comments?post=94182"}],"version-history":[{"count":3,"href":"https:\/\/redenoticiaz.com.br\/litoralsp\/wp-json\/wp\/v2\/posts\/94182\/revisions"}],"predecessor-version":[{"id":94194,"href":"https:\/\/redenoticiaz.com.br\/litoralsp\/wp-json\/wp\/v2\/posts\/94182\/revisions\/94194"}],"wp:featuredmedia":[{"embeddable":true,"href":"https:\/\/redenoticiaz.com.br\/litoralsp\/wp-json\/wp\/v2\/media\/94193"}],"wp:attachment":[{"href":"https:\/\/redenoticiaz.com.br\/litoralsp\/wp-json\/wp\/v2\/media?parent=94182"}],"wp:term":[{"taxonomy":"category","embeddable":true,"href":"https:\/\/redenoticiaz.com.br\/litoralsp\/wp-json\/wp\/v2\/categories?post=94182"},{"taxonomy":"post_tag","embeddable":true,"href":"https:\/\/redenoticiaz.com.br\/litoralsp\/wp-json\/wp\/v2\/tags?post=94182"}],"curies":[{"name":"wp","href":"https:\/\/api.w.org\/{rel}","templated":true}]}}