{"id":94204,"date":"2022-10-30T20:36:24","date_gmt":"2022-10-30T23:36:24","guid":{"rendered":"https:\/\/redenoticiaz.com.br\/litoralsp\/2022\/10\/30\/o-brasil-escolhe-lula-para-ser-presidente-em-eleicao-historica"},"modified":"2022-10-30T20:36:24","modified_gmt":"2022-10-30T23:36:24","slug":"o-brasil-escolhe-lula-para-ser-presidente-em-eleicao-historica","status":"publish","type":"post","link":"https:\/\/redenoticiaz.com.br\/litoralsp\/2022\/10\/30\/o-brasil-escolhe-lula-para-ser-presidente-em-eleicao-historica","title":{"rendered":"O Brasil escolhe Lula para ser presidente em elei\u00e7\u00e3o hist\u00f3rica"},"content":{"rendered":"<p>Brasil, 30 de outubro de 2022. As exatas 19h57, foi definido que <strong>Luiz In\u00e1cio Lula da Silva (PT) ser\u00e1 o presidente do Brasil<\/strong>. Em uma elei\u00e7\u00e3o hist\u00f3rica e bastante acirrada, o ex-presidente venceu com o maior n\u00famero de votos da hist\u00f3ria, superando o atual presidente Jair Bolsonaro (PL), Por 50,88%, o petista venceu o liberalista que obteve 49,12%. J\u00e1 em n\u00fameros, Lula passou dos 60 milh\u00f5es de votos, contra mais de 58 milh\u00f5es de votos de Bolsonaro.<\/p>\n<p>Esta com certeza foi a elei\u00e7\u00e3o mais disputada desde a retomada da democracia, em 1989 e outro fato hist\u00f3rico \u00e9 que pela segunda vez um presidente n\u00e3o conseguiu a reelei\u00e7\u00e3o. Antes de Bolsonaro, Fernando Collor, eleito em 1989, n\u00e3o foi reeleito por causa do impeachment sofrido em 1992. Depois disso, Fernando Henrique Cardoso (1995-2002), o pr\u00f3prio Luiz In\u00e1cio Lula da Silva (2003-2010) e Dilma Rousseff (2011-2016), foram reeleitos em seus mandatos.<\/p>\n<p>Outro fato hist\u00f3rico \u00e9 que Lula ser\u00e1 o presidente mais velho a exercer o cargo da hist\u00f3ria. Ele est\u00e1 com 77 anos e volta com a promessa de buscar trazer a paz, a retomada da economia, investimentos na sa\u00fade, educa\u00e7\u00e3o, especialmente com os programas sociais, que foram considerados sucesso nas duas gest\u00f5es anteriores.<\/p>\n<p>Junto com o agora presidente eleito, Lula ter\u00e1 o ex-governador de S\u00e3o Paulo, Geraldo Alckmin (PSB) como o seu vice-governador. Para muitos a parceria entre os dois, que j\u00e1 disputaram a Presid\u00eancia em 2006, parecia improv\u00e1vel. Mas ela se formalizou e juntos conseguiram formar uma grande alian\u00e7a com integrantes que eram do PSDB, como Fernando Henrique Cardoso. Al\u00e9m disso, tamb\u00e9m foi fundamental para trazer um n\u00famero consider\u00e1vel de votos nas regi\u00f5es Sul e Sudeste.<\/p>\n<p>A miss\u00e3o de Alckmin ser\u00e1 de um &#8220;fiador&#8221; da aprova\u00e7\u00e3o da reforma tribut\u00e1ria. Al\u00e9m disso, tamb\u00e9m ir\u00e1 atuar para fazer valer a \u201cestabilidade, credibilidade e previsibilidade\u201d, promessas propagadas durante a campanha.<\/p>\n<h3>A vota\u00e7\u00e3o<\/h3>\n<p>Lula tinha 50,83% dos votos v\u00e1lidos e n\u00e3o poderia mais ser alcan\u00e7ado por Bolsonaro, que contabilizava os outros 49,17% de votos v\u00e1lidos. Este cen\u00e1rio ocorreu quando haviam 98,81% das urnas apuradas e foi no momento quando a oficializa\u00e7\u00e3o do resultado foi dada pelo Tribunal Superior Eleitoral.<\/p>\n<div id=\"chunk-9io28\">\n<div class=\"mc-column content-text active-extra-styles \" data-block-type=\"unstyled\" data-block-weight=\"32\" data-block-id=\"17\">\n<p class=\"content-text__container \" data-track-category=\"Link no Texto\" data-track-links=\"\">A campanha do segundo turno durou quatro semanas. Lula e Bolsonaro percorreram o pa\u00eds em busca dos votos dos eleitores indecisos ou que tinham votado em outros candidatos no primeiro turno.<\/p>\n<\/div>\n<\/div>\n<div id=\"chunk-21gkr\">\n<div class=\"mc-column content-text active-extra-styles \" data-block-type=\"unstyled\" data-block-weight=\"49\" data-block-id=\"19\">\n<p class=\"content-text__container \" data-track-category=\"Link no Texto\" data-track-links=\"\">Em um cen\u00e1rio de forte polariza\u00e7\u00e3o, Lula e Bolsonaro travaram uma &#8220;guerra santa&#8221; em busca de votos de fi\u00e9is religiosos, reuniram aliados e simpatizantes em com\u00edcios e caminhadas nas cidades consideradas cruciais para o resultado final e disputaram recordes de audi\u00eancia em podcasts e emissoras de TV.<\/p>\n<h3 data-track-category=\"Link no Texto\">Via crucis<\/h3>\n<p class=\"content-text__container \" data-track-category=\"Link no Texto\" data-track-links=\"\">Antes do pleito, Lula viveu momentos duros na vida, depois que deixou o cargo, quando Dilma foi eleita. Ele viveu uma s\u00e9rie de acusa\u00e7\u00f5es e julgamentos de corrup\u00e7\u00e3o onde esteve envolvido. J\u00e1 em abril de 2018, Lula se tornaria o primeiro presidente p\u00f3s-ditadura militar a ser preso, e o primeiro da hist\u00f3ria do pa\u00eds a ser preso por crime comum. O pol\u00edtico tinha sido condenado em duas inst\u00e2ncias. Primeiro em julho de 2017 e, depois, em janeiro de 2018 por corrup\u00e7\u00e3o passiva e lavagem de dinheiro no caso do triplex do Guaruj\u00e1.<\/p>\n<div id=\"chunk-14s9e\">\n<div class=\"mc-column content-text active-extra-styles \" data-block-type=\"unstyled\" data-block-weight=\"43\" data-block-id=\"29\">\n<p class=\"content-text__container \" data-track-category=\"Link no Texto\" data-track-links=\"\">Lula passou 580 dias preso e s\u00f3 foi solto em novembro de 2019, quando o STF reviu o entendimento da pris\u00e3o em segunda inst\u00e2ncia e determinou que os r\u00e9us do pa\u00eds tinham direito a recorrer em liberdade at\u00e9 o tr\u00e2nsito em julgado.<\/p>\n<\/div>\n<\/div>\n<div id=\"chunk-3mkt1\">\n<div class=\"mc-column content-text active-extra-styles \" data-block-type=\"unstyled\" data-block-weight=\"54\" data-block-id=\"30\">\n<p class=\"content-text__container \" data-track-category=\"Link no Texto\" data-track-links=\"\">Enquanto estava preso, Lula chegou a se apresentar como candidato para as elei\u00e7\u00f5es de 2018, mas foi obrigado a ceder espa\u00e7o para Fernando Haddad \u2013 que chegou ao segundo turno, mas foi superado por Jair Bolsonaro no que seria a \u00fanica derrota do PT em elei\u00e7\u00f5es presidenciais no s\u00e9culo 21, at\u00e9 o momento.<\/p>\n<\/div>\n<\/div>\n<div data-track-category=\"multicontent\" data-track-action=\"ultimo chunk conteudo\" data-track-noninteraction=\"false\" data-track-scroll=\"view\">\n<div id=\"chunk-f5aen\">\n<div class=\"mc-column content-text active-extra-styles \" data-block-type=\"unstyled\" data-block-weight=\"44\" data-block-id=\"32\">\n<p class=\"content-text__container \" data-track-category=\"Link no Texto\" data-track-links=\"\">Em mar\u00e7o de 2021, o ministro do STF Luiz Edson Fachin anulou as condena\u00e7\u00f5es de Lula impostas pela Justi\u00e7a Federal do Paran\u00e1 no \u00e2mbito da Opera\u00e7\u00e3o Lava-Jato. A decis\u00e3o foi confirmada pelo plen\u00e1rio e, com isso, Lula hoje n\u00e3o tem qualquer condena\u00e7\u00e3o judicial.<\/p>\n<\/div>\n<\/div>\n<\/div>\n<\/div>\n<\/div>\n<div class=\"mc-column content-text active-extra-styles\" data-block-type=\"raw\" data-block-weight=\"2\" data-block-id=\"20\">\n<div class=\"content-intertitle\">\n<h3>Chapa Lula-Alckmin<\/h3>\n<\/div>\n<\/div>\n<div id=\"chunk-3vmf8\">\n<div class=\"mc-column content-text active-extra-styles \" data-block-type=\"unstyled\" data-block-weight=\"34\" data-block-id=\"21\">\n<p class=\"content-text__container \" data-track-category=\"Link no Texto\" data-track-links=\"\">O vice-presidente eleito \u00e9 Geraldo Alckmin (PSB), pol\u00edtico que det\u00e9m o recorde de maior tempo \u00e0 frente do governo estadual de S\u00e3o Paulo \u2013 maior col\u00e9gio eleitoral do pa\u00eds \u2013 desde a redemocratiza\u00e7\u00e3o.<\/p>\n<\/div>\n<\/div>\n<div id=\"chunk-63dom\">\n<div class=\"mc-column content-text active-extra-styles \" data-block-type=\"unstyled\" data-block-weight=\"54\" data-block-id=\"22\">\n<p class=\"content-text__container \" data-track-category=\"Link no Texto\" data-track-links=\"\">A improv\u00e1vel alian\u00e7a entre Lula e Alckmin foi confirmada em abril, poucos meses ap\u00f3s o ex-governador deixar o PSDB, partido que ajudou a fundar e ao qual foi filiado por 34 anos. A campanha de Bolsonaro chegou a explorar a antiga rivalidade entre os pol\u00edticos, mas n\u00e3o conseguiu reverter o resultado das urnas.<\/p>\n<\/div>\n<\/div>\n<div id=\"chunk-86hnf\">\n<div class=\"mc-column content-text active-extra-styles \" data-block-type=\"unstyled\" data-block-weight=\"50\" data-block-id=\"23\">\n<p class=\"content-text__container \" data-track-category=\"Link no Texto\" data-track-links=\"\">Ao longo da campanha, Alckmin agiu para reduzir a resist\u00eancia de empres\u00e1rios e investidores \u00e0 campanha de Lula. A ideia era sinalizar que um eventual terceiro governo Lula seria moderado, com vi\u00e9s de centro-esquerda e n\u00e3o buscaria \u201cvingan\u00e7a\u201d pela sequ\u00eancia de derrotas enfrentada pelo PT em anos anteriores.<\/p>\n<h3 data-track-category=\"Link no Texto\">Parabeniza\u00e7\u00f5es<\/h3>\n<p>Ap\u00f3s a confirma\u00e7\u00e3o do resultado, o presidente da C\u00e2mara dos Deputados, Arthur Lira (PP-AL), parabenizou neste o presidente eleito, Luiz In\u00e1cio Lula da Silva, pela vit\u00f3ria no segundo turno das elei\u00e7\u00f5es e disse que &#8220;\u00e9 preciso ouvir a voz de todos, mesmo divergentes&#8221;.<\/p>\n<div id=\"chunk-fdjbb\">\n<div class=\"mc-column content-text active-extra-styles \" data-block-type=\"unstyled\" data-block-weight=\"45\" data-block-id=\"6\">\n<p class=\"content-text__container \" data-track-category=\"Link no Texto\" data-track-links=\"\">&#8220;Ao presidente eleito, a C\u00e2mara dos Deputados lhe d\u00e1 os parab\u00e9ns e reafirma o compromisso com o Brasil, sempre com muito debate, di\u00e1logo e transpar\u00eancia. \u00c9 preciso ouvir a voz de todos, mesmo divergentes, e trabalhar para atender as aspira\u00e7\u00f5es mais amplas&#8221;, afirmou Lira.<\/p>\n<\/div>\n<\/div>\n<div id=\"chunk-egf7g\">\n<div class=\"mc-column content-text active-extra-styles \" data-block-type=\"unstyled\" data-block-weight=\"22\" data-block-id=\"7\">\n<p class=\"content-text__container \" data-track-category=\"Link no Texto\" data-track-links=\"\">Em seu pronunciamento, o presidente da C\u00e2mara tamb\u00e9m defendeu a pacifica\u00e7\u00e3o do pa\u00eds e disse que \u00e9 hora de &#8220;olhar adiante&#8221;.<\/p>\n<\/div>\n<\/div>\n<div id=\"chunk-5l6er\">\n<div class=\"mc-column content-text active-extra-styles \" data-block-type=\"unstyled\" data-block-weight=\"54\" data-block-id=\"8\">\n<p class=\"content-text__container \" data-track-category=\"Link no Texto\" data-track-links=\"\">&#8220;\u00c9 hora de desarmar os esp\u00edritos, estender a m\u00e3o aos advers\u00e1rios, debater, construir pontes, propostas e pr\u00e1ticas que tragam mais desenvolvimento, empregos, sa\u00fade, educa\u00e7\u00e3o e marcos regulat\u00f3rios eficientes. Tudo que for feito daqui para frente tem que ter um \u00fanico princ\u00edpio: pacificar o Pa\u00eds e dar melhor qualidade de vida ao povo brasileiro&#8221;, disse.<\/p>\n<\/div>\n<\/div>\n<div id=\"chunk-d17ak\">\n<div class=\"mc-column content-text active-extra-styles \" data-block-type=\"unstyled\" data-block-weight=\"28\" data-block-id=\"9\">\n<p class=\"content-text__container \" data-track-category=\"Link no Texto\" data-track-links=\"\">Lira tamb\u00e9m defendeu a &#8220;lisura, a estabilidade e a confirma\u00e7\u00e3o da vontade popular&#8221; e disse que n\u00e3o pode &#8220;aceitar revanchismos ou persegui\u00e7\u00f5es, seja de que lado for&#8221;.<\/p>\n<\/div>\n<\/div>\n<div data-track-category=\"multicontent\" data-track-action=\"ultimo chunk conteudo\" data-track-noninteraction=\"false\" data-track-scroll=\"view\">\n<div id=\"chunk-ct7oi\">\n<div class=\"mc-column content-text active-extra-styles \" data-block-type=\"unstyled\" data-block-weight=\"35\" data-block-id=\"10\">\n<p class=\"content-text__container \" data-track-category=\"Link no Texto\" data-track-links=\"\">O presidente da C\u00e2mara afirmou tamb\u00e9m que &#8220;a vontade da maioria, manifestada nas urnas, jamais dever\u00e1 ser contestada&#8221; e que seguir\u00e1 &#8220;em frente na constru\u00e7\u00e3o de um pa\u00eds soberano, justo e com menos desigualdades&#8221;.<\/p>\n<p data-track-category=\"Link no Texto\" data-track-links=\"\">Al\u00e9m dele, demais l\u00edderes de outros pa\u00edses tamb\u00e9m cumprimentaram o novo mandato de Lula. Entre eles est\u00e3o os presidentes da Fran\u00e7a, Argentina, Portugal, Chile, M\u00e9xico, al\u00e9m do premi\u00ea da Espanha, Pedro S\u00e1nchez.<\/p>\n<\/div>\n<\/div>\n<\/div>\n<div data-track-category=\"multicontent\" data-track-action=\"ultimo chunk conteudo\" data-track-noninteraction=\"false\" data-track-scroll=\"view\">\n<div id=\"chunk-f5aen\">\n<div class=\"mc-column content-text active-extra-styles \" data-block-type=\"unstyled\" data-block-weight=\"44\" data-block-id=\"32\">\n<p class=\"content-text__container \" data-track-category=\"Link no Texto\" data-track-links=\"\"><strong>LEIA TAMB\u00c9M<\/strong><\/p>\n<p data-track-category=\"Link no Texto\" data-track-links=\"\"><a href=\"https:\/\/redenoticiaz.com.br\/blog\/2022\/10\/30\/tarcisio-de-freitas-e-eleito-governador-do-estado-de-sao-paulo\">Tarc\u00edsio de Freitas \u00e9 eleito Governador do Estado de S\u00e3o Paulo<\/a><\/p>\n<\/div>\n<\/div>\n<\/div>\n<\/div>\n<\/div>\n","protected":false},"excerpt":{"rendered":"<p>Brasil, 30 de outubro de 2022. As exatas 19h57, foi definido que Luiz In\u00e1cio Lula da Silva (PT) ser\u00e1 o presidente do Brasil. Em uma elei\u00e7\u00e3o hist\u00f3rica e bastante acirrada, o ex-presidente venceu com o maior n\u00famero de votos da hist\u00f3ria, superando o atual presidente Jair Bolsonaro (PL), Por 50,88%, o petista venceu o liberalista &hellip;<\/p>\n","protected":false},"author":6,"featured_media":94205,"comment_status":"open","ping_status":"closed","sticky":false,"template":"","format":"standard","meta":{"footnotes":""},"categories":[48],"tags":[173,39729,44791,18,52591,4170,60513],"class_list":["post-94204","post","type-post","status-publish","format-standard","has-post-thumbnail","hentry","category-eleicoes","tag-brasil","tag-eleicoes-2022","tag-eleicoes-presidenciais-2022","tag-jair-bolsonaro","tag-luiz-inacio-lula-da-silva","tag-lula","tag-lula-eleito"],"yoast_head":"<!-- This site is optimized with the Yoast SEO plugin v27.4 - https:\/\/yoast.com\/product\/yoast-seo-wordpress\/ -->\n<title>O Brasil escolhe Lula para ser presidente em elei\u00e7\u00e3o hist\u00f3rica - Litoral SP<\/title>\n<meta name=\"robots\" content=\"index, follow, max-snippet:-1, max-image-preview:large, max-video-preview:-1\" \/>\n<link rel=\"canonical\" href=\"https:\/\/redenoticiaz.com.br\/litoralsp\/2022\/10\/30\/o-brasil-escolhe-lula-para-ser-presidente-em-eleicao-historica\" \/>\n<meta property=\"og:locale\" content=\"pt_BR\" \/>\n<meta property=\"og:type\" content=\"article\" \/>\n<meta property=\"og:title\" content=\"O Brasil escolhe Lula para ser presidente em elei\u00e7\u00e3o hist\u00f3rica - Litoral SP\" \/>\n<meta property=\"og:description\" content=\"Brasil, 30 de outubro de 2022. As exatas 19h57, foi definido que Luiz In\u00e1cio Lula da Silva (PT) ser\u00e1 o presidente do Brasil. Em uma elei\u00e7\u00e3o hist\u00f3rica e bastante acirrada, o ex-presidente venceu com o maior n\u00famero de votos da hist\u00f3ria, superando o atual presidente Jair Bolsonaro (PL), Por 50,88%, o petista venceu o liberalista &hellip;\" \/>\n<meta property=\"og:url\" content=\"https:\/\/redenoticiaz.com.br\/litoralsp\/2022\/10\/30\/o-brasil-escolhe-lula-para-ser-presidente-em-eleicao-historica\" \/>\n<meta property=\"og:site_name\" content=\"Litoral SP\" \/>\n<meta property=\"article:published_time\" content=\"2022-10-30T23:36:24+00:00\" \/>\n<meta name=\"author\" content=\"Leonardo Francisco\" \/>\n<meta name=\"twitter:card\" content=\"summary_large_image\" \/>\n<meta name=\"twitter:label1\" content=\"Escrito por\" \/>\n\t<meta name=\"twitter:data1\" content=\"Leonardo Francisco\" \/>\n\t<meta name=\"twitter:label2\" content=\"Est. tempo de leitura\" \/>\n\t<meta name=\"twitter:data2\" content=\"6 minutos\" \/>\n<script type=\"application\/ld+json\" class=\"yoast-schema-graph\">{\"@context\":\"https:\\\/\\\/schema.org\",\"@graph\":[{\"@type\":\"Article\",\"@id\":\"https:\\\/\\\/redenoticiaz.com.br\\\/litoralsp\\\/2022\\\/10\\\/30\\\/o-brasil-escolhe-lula-para-ser-presidente-em-eleicao-historica#article\",\"isPartOf\":{\"@id\":\"https:\\\/\\\/redenoticiaz.com.br\\\/litoralsp\\\/2022\\\/10\\\/30\\\/o-brasil-escolhe-lula-para-ser-presidente-em-eleicao-historica\"},\"author\":{\"name\":\"Leonardo Francisco\",\"@id\":\"https:\\\/\\\/redenoticiaz.com.br\\\/litoralsp\\\/#\\\/schema\\\/person\\\/0f0b8a5bdafefe82841e07ae8d81ecb3\"},\"headline\":\"O Brasil escolhe Lula para ser presidente em elei\u00e7\u00e3o hist\u00f3rica\",\"datePublished\":\"2022-10-30T23:36:24+00:00\",\"mainEntityOfPage\":{\"@id\":\"https:\\\/\\\/redenoticiaz.com.br\\\/litoralsp\\\/2022\\\/10\\\/30\\\/o-brasil-escolhe-lula-para-ser-presidente-em-eleicao-historica\"},\"wordCount\":1180,\"commentCount\":0,\"publisher\":{\"@id\":\"https:\\\/\\\/redenoticiaz.com.br\\\/litoralsp\\\/#organization\"},\"image\":{\"@id\":\"https:\\\/\\\/redenoticiaz.com.br\\\/litoralsp\\\/2022\\\/10\\\/30\\\/o-brasil-escolhe-lula-para-ser-presidente-em-eleicao-historica#primaryimage\"},\"thumbnailUrl\":\"https:\\\/\\\/redenoticiaz.com.br\\\/litoralsp\\\/wp-content\\\/uploads\\\/sites\\\/3\\\/2022\\\/10\\\/lulaeleito.jpg?v=1667172879\",\"keywords\":[\"Brasil\",\"ELEI\u00c7\u00d5ES 2022\",\"ELEI\u00c7\u00d5ES PRESIDENCIAIS 2022\",\"Jair Bolsonaro\",\"LUIZ IN\u00c1CIO LULA DA SILVA\",\"Lula\",\"LULA ELEITO\"],\"articleSection\":[\"Elei\u00e7\u00f5es\"],\"inLanguage\":\"pt-BR\",\"potentialAction\":[{\"@type\":\"CommentAction\",\"name\":\"Comment\",\"target\":[\"https:\\\/\\\/redenoticiaz.com.br\\\/litoralsp\\\/2022\\\/10\\\/30\\\/o-brasil-escolhe-lula-para-ser-presidente-em-eleicao-historica#respond\"]}]},{\"@type\":\"WebPage\",\"@id\":\"https:\\\/\\\/redenoticiaz.com.br\\\/litoralsp\\\/2022\\\/10\\\/30\\\/o-brasil-escolhe-lula-para-ser-presidente-em-eleicao-historica\",\"url\":\"https:\\\/\\\/redenoticiaz.com.br\\\/litoralsp\\\/2022\\\/10\\\/30\\\/o-brasil-escolhe-lula-para-ser-presidente-em-eleicao-historica\",\"name\":\"O Brasil escolhe Lula para ser presidente em elei\u00e7\u00e3o hist\u00f3rica - Litoral SP\",\"isPartOf\":{\"@id\":\"https:\\\/\\\/redenoticiaz.com.br\\\/litoralsp\\\/#website\"},\"primaryImageOfPage\":{\"@id\":\"https:\\\/\\\/redenoticiaz.com.br\\\/litoralsp\\\/2022\\\/10\\\/30\\\/o-brasil-escolhe-lula-para-ser-presidente-em-eleicao-historica#primaryimage\"},\"image\":{\"@id\":\"https:\\\/\\\/redenoticiaz.com.br\\\/litoralsp\\\/2022\\\/10\\\/30\\\/o-brasil-escolhe-lula-para-ser-presidente-em-eleicao-historica#primaryimage\"},\"thumbnailUrl\":\"https:\\\/\\\/redenoticiaz.com.br\\\/litoralsp\\\/wp-content\\\/uploads\\\/sites\\\/3\\\/2022\\\/10\\\/lulaeleito.jpg?v=1667172879\",\"datePublished\":\"2022-10-30T23:36:24+00:00\",\"inLanguage\":\"pt-BR\",\"potentialAction\":[{\"@type\":\"ReadAction\",\"target\":[\"https:\\\/\\\/redenoticiaz.com.br\\\/litoralsp\\\/2022\\\/10\\\/30\\\/o-brasil-escolhe-lula-para-ser-presidente-em-eleicao-historica\"]}]},{\"@type\":\"ImageObject\",\"inLanguage\":\"pt-BR\",\"@id\":\"https:\\\/\\\/redenoticiaz.com.br\\\/litoralsp\\\/2022\\\/10\\\/30\\\/o-brasil-escolhe-lula-para-ser-presidente-em-eleicao-historica#primaryimage\",\"url\":\"https:\\\/\\\/redenoticiaz.com.br\\\/litoralsp\\\/wp-content\\\/uploads\\\/sites\\\/3\\\/2022\\\/10\\\/lulaeleito.jpg?v=1667172879\",\"contentUrl\":\"https:\\\/\\\/redenoticiaz.com.br\\\/litoralsp\\\/wp-content\\\/uploads\\\/sites\\\/3\\\/2022\\\/10\\\/lulaeleito.jpg?v=1667172879\",\"width\":719,\"height\":418,\"caption\":\"Cr\u00e9ditos: Divulga\u00e7\u00e3o\\\/AFP\"},{\"@type\":\"WebSite\",\"@id\":\"https:\\\/\\\/redenoticiaz.com.br\\\/litoralsp\\\/#website\",\"url\":\"https:\\\/\\\/redenoticiaz.com.br\\\/litoralsp\\\/\",\"name\":\"Litoral SP\",\"description\":\"Rede NoticiaZ\",\"publisher\":{\"@id\":\"https:\\\/\\\/redenoticiaz.com.br\\\/litoralsp\\\/#organization\"},\"potentialAction\":[{\"@type\":\"SearchAction\",\"target\":{\"@type\":\"EntryPoint\",\"urlTemplate\":\"https:\\\/\\\/redenoticiaz.com.br\\\/litoralsp\\\/?s={search_term_string}\"},\"query-input\":{\"@type\":\"PropertyValueSpecification\",\"valueRequired\":true,\"valueName\":\"search_term_string\"}}],\"inLanguage\":\"pt-BR\"},{\"@type\":\"Organization\",\"@id\":\"https:\\\/\\\/redenoticiaz.com.br\\\/litoralsp\\\/#organization\",\"name\":\"Litoral SP\",\"url\":\"https:\\\/\\\/redenoticiaz.com.br\\\/litoralsp\\\/\",\"logo\":{\"@type\":\"ImageObject\",\"inLanguage\":\"pt-BR\",\"@id\":\"https:\\\/\\\/redenoticiaz.com.br\\\/litoralsp\\\/#\\\/schema\\\/logo\\\/image\\\/\",\"url\":\"https:\\\/\\\/redenoticiaz.com.br\\\/litoralsp\\\/wp-content\\\/uploads\\\/sites\\\/3\\\/2020\\\/11\\\/logo.jpg\",\"contentUrl\":\"https:\\\/\\\/redenoticiaz.com.br\\\/litoralsp\\\/wp-content\\\/uploads\\\/sites\\\/3\\\/2020\\\/11\\\/logo.jpg\",\"width\":400,\"height\":250,\"caption\":\"Litoral SP\"},\"image\":{\"@id\":\"https:\\\/\\\/redenoticiaz.com.br\\\/litoralsp\\\/#\\\/schema\\\/logo\\\/image\\\/\"}},{\"@type\":\"Person\",\"@id\":\"https:\\\/\\\/redenoticiaz.com.br\\\/litoralsp\\\/#\\\/schema\\\/person\\\/0f0b8a5bdafefe82841e07ae8d81ecb3\",\"name\":\"Leonardo Francisco\",\"image\":{\"@type\":\"ImageObject\",\"inLanguage\":\"pt-BR\",\"@id\":\"https:\\\/\\\/secure.gravatar.com\\\/avatar\\\/a7358cb406a99b682ec6df1e77e31ae82e63601f6784e8a3df411d72b37864da?s=96&d=mm&r=g\",\"url\":\"https:\\\/\\\/secure.gravatar.com\\\/avatar\\\/a7358cb406a99b682ec6df1e77e31ae82e63601f6784e8a3df411d72b37864da?s=96&d=mm&r=g\",\"contentUrl\":\"https:\\\/\\\/secure.gravatar.com\\\/avatar\\\/a7358cb406a99b682ec6df1e77e31ae82e63601f6784e8a3df411d72b37864da?s=96&d=mm&r=g\",\"caption\":\"Leonardo Francisco\"},\"url\":\"https:\\\/\\\/redenoticiaz.com.br\\\/litoralsp\\\/author\\\/leonardo-francisco\"}]}<\/script>\n<!-- \/ Yoast SEO plugin. -->","yoast_head_json":{"title":"O Brasil escolhe Lula para ser presidente em elei\u00e7\u00e3o hist\u00f3rica - Litoral SP","robots":{"index":"index","follow":"follow","max-snippet":"max-snippet:-1","max-image-preview":"max-image-preview:large","max-video-preview":"max-video-preview:-1"},"canonical":"https:\/\/redenoticiaz.com.br\/litoralsp\/2022\/10\/30\/o-brasil-escolhe-lula-para-ser-presidente-em-eleicao-historica","og_locale":"pt_BR","og_type":"article","og_title":"O Brasil escolhe Lula para ser presidente em elei\u00e7\u00e3o hist\u00f3rica - Litoral SP","og_description":"Brasil, 30 de outubro de 2022. As exatas 19h57, foi definido que Luiz In\u00e1cio Lula da Silva (PT) ser\u00e1 o presidente do Brasil. Em uma elei\u00e7\u00e3o hist\u00f3rica e bastante acirrada, o ex-presidente venceu com o maior n\u00famero de votos da hist\u00f3ria, superando o atual presidente Jair Bolsonaro (PL), Por 50,88%, o petista venceu o liberalista &hellip;","og_url":"https:\/\/redenoticiaz.com.br\/litoralsp\/2022\/10\/30\/o-brasil-escolhe-lula-para-ser-presidente-em-eleicao-historica","og_site_name":"Litoral SP","article_published_time":"2022-10-30T23:36:24+00:00","author":"Leonardo Francisco","twitter_card":"summary_large_image","twitter_misc":{"Escrito por":"Leonardo Francisco","Est. tempo de leitura":"6 minutos"},"schema":{"@context":"https:\/\/schema.org","@graph":[{"@type":"Article","@id":"https:\/\/redenoticiaz.com.br\/litoralsp\/2022\/10\/30\/o-brasil-escolhe-lula-para-ser-presidente-em-eleicao-historica#article","isPartOf":{"@id":"https:\/\/redenoticiaz.com.br\/litoralsp\/2022\/10\/30\/o-brasil-escolhe-lula-para-ser-presidente-em-eleicao-historica"},"author":{"name":"Leonardo Francisco","@id":"https:\/\/redenoticiaz.com.br\/litoralsp\/#\/schema\/person\/0f0b8a5bdafefe82841e07ae8d81ecb3"},"headline":"O Brasil escolhe Lula para ser presidente em elei\u00e7\u00e3o hist\u00f3rica","datePublished":"2022-10-30T23:36:24+00:00","mainEntityOfPage":{"@id":"https:\/\/redenoticiaz.com.br\/litoralsp\/2022\/10\/30\/o-brasil-escolhe-lula-para-ser-presidente-em-eleicao-historica"},"wordCount":1180,"commentCount":0,"publisher":{"@id":"https:\/\/redenoticiaz.com.br\/litoralsp\/#organization"},"image":{"@id":"https:\/\/redenoticiaz.com.br\/litoralsp\/2022\/10\/30\/o-brasil-escolhe-lula-para-ser-presidente-em-eleicao-historica#primaryimage"},"thumbnailUrl":"https:\/\/redenoticiaz.com.br\/litoralsp\/wp-content\/uploads\/sites\/3\/2022\/10\/lulaeleito.jpg?v=1667172879","keywords":["Brasil","ELEI\u00c7\u00d5ES 2022","ELEI\u00c7\u00d5ES PRESIDENCIAIS 2022","Jair Bolsonaro","LUIZ IN\u00c1CIO LULA DA SILVA","Lula","LULA ELEITO"],"articleSection":["Elei\u00e7\u00f5es"],"inLanguage":"pt-BR","potentialAction":[{"@type":"CommentAction","name":"Comment","target":["https:\/\/redenoticiaz.com.br\/litoralsp\/2022\/10\/30\/o-brasil-escolhe-lula-para-ser-presidente-em-eleicao-historica#respond"]}]},{"@type":"WebPage","@id":"https:\/\/redenoticiaz.com.br\/litoralsp\/2022\/10\/30\/o-brasil-escolhe-lula-para-ser-presidente-em-eleicao-historica","url":"https:\/\/redenoticiaz.com.br\/litoralsp\/2022\/10\/30\/o-brasil-escolhe-lula-para-ser-presidente-em-eleicao-historica","name":"O Brasil escolhe Lula para ser presidente em elei\u00e7\u00e3o hist\u00f3rica - Litoral SP","isPartOf":{"@id":"https:\/\/redenoticiaz.com.br\/litoralsp\/#website"},"primaryImageOfPage":{"@id":"https:\/\/redenoticiaz.com.br\/litoralsp\/2022\/10\/30\/o-brasil-escolhe-lula-para-ser-presidente-em-eleicao-historica#primaryimage"},"image":{"@id":"https:\/\/redenoticiaz.com.br\/litoralsp\/2022\/10\/30\/o-brasil-escolhe-lula-para-ser-presidente-em-eleicao-historica#primaryimage"},"thumbnailUrl":"https:\/\/redenoticiaz.com.br\/litoralsp\/wp-content\/uploads\/sites\/3\/2022\/10\/lulaeleito.jpg?v=1667172879","datePublished":"2022-10-30T23:36:24+00:00","inLanguage":"pt-BR","potentialAction":[{"@type":"ReadAction","target":["https:\/\/redenoticiaz.com.br\/litoralsp\/2022\/10\/30\/o-brasil-escolhe-lula-para-ser-presidente-em-eleicao-historica"]}]},{"@type":"ImageObject","inLanguage":"pt-BR","@id":"https:\/\/redenoticiaz.com.br\/litoralsp\/2022\/10\/30\/o-brasil-escolhe-lula-para-ser-presidente-em-eleicao-historica#primaryimage","url":"https:\/\/redenoticiaz.com.br\/litoralsp\/wp-content\/uploads\/sites\/3\/2022\/10\/lulaeleito.jpg?v=1667172879","contentUrl":"https:\/\/redenoticiaz.com.br\/litoralsp\/wp-content\/uploads\/sites\/3\/2022\/10\/lulaeleito.jpg?v=1667172879","width":719,"height":418,"caption":"Cr\u00e9ditos: Divulga\u00e7\u00e3o\/AFP"},{"@type":"WebSite","@id":"https:\/\/redenoticiaz.com.br\/litoralsp\/#website","url":"https:\/\/redenoticiaz.com.br\/litoralsp\/","name":"Litoral SP","description":"Rede NoticiaZ","publisher":{"@id":"https:\/\/redenoticiaz.com.br\/litoralsp\/#organization"},"potentialAction":[{"@type":"SearchAction","target":{"@type":"EntryPoint","urlTemplate":"https:\/\/redenoticiaz.com.br\/litoralsp\/?s={search_term_string}"},"query-input":{"@type":"PropertyValueSpecification","valueRequired":true,"valueName":"search_term_string"}}],"inLanguage":"pt-BR"},{"@type":"Organization","@id":"https:\/\/redenoticiaz.com.br\/litoralsp\/#organization","name":"Litoral SP","url":"https:\/\/redenoticiaz.com.br\/litoralsp\/","logo":{"@type":"ImageObject","inLanguage":"pt-BR","@id":"https:\/\/redenoticiaz.com.br\/litoralsp\/#\/schema\/logo\/image\/","url":"https:\/\/redenoticiaz.com.br\/litoralsp\/wp-content\/uploads\/sites\/3\/2020\/11\/logo.jpg","contentUrl":"https:\/\/redenoticiaz.com.br\/litoralsp\/wp-content\/uploads\/sites\/3\/2020\/11\/logo.jpg","width":400,"height":250,"caption":"Litoral SP"},"image":{"@id":"https:\/\/redenoticiaz.com.br\/litoralsp\/#\/schema\/logo\/image\/"}},{"@type":"Person","@id":"https:\/\/redenoticiaz.com.br\/litoralsp\/#\/schema\/person\/0f0b8a5bdafefe82841e07ae8d81ecb3","name":"Leonardo Francisco","image":{"@type":"ImageObject","inLanguage":"pt-BR","@id":"https:\/\/secure.gravatar.com\/avatar\/a7358cb406a99b682ec6df1e77e31ae82e63601f6784e8a3df411d72b37864da?s=96&d=mm&r=g","url":"https:\/\/secure.gravatar.com\/avatar\/a7358cb406a99b682ec6df1e77e31ae82e63601f6784e8a3df411d72b37864da?s=96&d=mm&r=g","contentUrl":"https:\/\/secure.gravatar.com\/avatar\/a7358cb406a99b682ec6df1e77e31ae82e63601f6784e8a3df411d72b37864da?s=96&d=mm&r=g","caption":"Leonardo Francisco"},"url":"https:\/\/redenoticiaz.com.br\/litoralsp\/author\/leonardo-francisco"}]}},"_links":{"self":[{"href":"https:\/\/redenoticiaz.com.br\/litoralsp\/wp-json\/wp\/v2\/posts\/94204","targetHints":{"allow":["GET"]}}],"collection":[{"href":"https:\/\/redenoticiaz.com.br\/litoralsp\/wp-json\/wp\/v2\/posts"}],"about":[{"href":"https:\/\/redenoticiaz.com.br\/litoralsp\/wp-json\/wp\/v2\/types\/post"}],"author":[{"embeddable":true,"href":"https:\/\/redenoticiaz.com.br\/litoralsp\/wp-json\/wp\/v2\/users\/6"}],"replies":[{"embeddable":true,"href":"https:\/\/redenoticiaz.com.br\/litoralsp\/wp-json\/wp\/v2\/comments?post=94204"}],"version-history":[{"count":0,"href":"https:\/\/redenoticiaz.com.br\/litoralsp\/wp-json\/wp\/v2\/posts\/94204\/revisions"}],"wp:featuredmedia":[{"embeddable":true,"href":"https:\/\/redenoticiaz.com.br\/litoralsp\/wp-json\/wp\/v2\/media\/94205"}],"wp:attachment":[{"href":"https:\/\/redenoticiaz.com.br\/litoralsp\/wp-json\/wp\/v2\/media?parent=94204"}],"wp:term":[{"taxonomy":"category","embeddable":true,"href":"https:\/\/redenoticiaz.com.br\/litoralsp\/wp-json\/wp\/v2\/categories?post=94204"},{"taxonomy":"post_tag","embeddable":true,"href":"https:\/\/redenoticiaz.com.br\/litoralsp\/wp-json\/wp\/v2\/tags?post=94204"}],"curies":[{"name":"wp","href":"https:\/\/api.w.org\/{rel}","templated":true}]}}