{"id":94270,"date":"2022-11-01T08:36:16","date_gmt":"2022-11-01T11:36:16","guid":{"rendered":"https:\/\/redenoticiaz.com.br\/litoralsp\/?p=94270"},"modified":"2022-11-01T08:36:16","modified_gmt":"2022-11-01T11:36:16","slug":"palco-desaba-em-sao-vicente-e-dj-corre-risco-de-ficar-paraplegico","status":"publish","type":"post","link":"https:\/\/redenoticiaz.com.br\/litoralsp\/2022\/11\/01\/palco-desaba-em-sao-vicente-e-dj-corre-risco-de-ficar-paraplegico","title":{"rendered":"Palco desaba em S\u00e3o Vicente e DJ corre risco de ficar parapl\u00e9gico"},"content":{"rendered":"<p>A estrutura do palco de uma casa noturna, no bairro Japui, em S\u00e3o Vicente,<strong> desabou e deixou o DJ OZ Mafra seriamente ferido<\/strong>. Ele precisou ser hospitalizado e corre o risco de ficar parapl\u00e9gico. Seria realizada uma festa tem\u00e1tica de Halloween, mas devido ao forte temporal o evento foi cancelado.<\/p>\n<p>Por causa do desabamento, a estrutura instalada para a apresenta\u00e7\u00e3o das bandas ficou completamente destru\u00edda. Os ferros que faziam a sustenta\u00e7\u00e3o acabaram desabando com a for\u00e7a do vento, inviabilizando a realiza\u00e7\u00e3o do evento poucas horas antes do in\u00edcio da chegada dos convidados.<\/p>\n<div id=\"chunk-d2dhl\">\n<div class=\"mc-column content-text active-extra-styles \" data-block-type=\"unstyled\" data-block-weight=\"57\" data-block-id=\"4\">\n<p class=\"content-text__container \" data-track-category=\"Link no Texto\" data-track-links=\"\">De acordo com testemunhas, que dizem ser amigas do preferiram n\u00e3o se identificar, o estado de sa\u00fade do dele \u00e9 bastante grave, j\u00e1 que o DJ sofreu uma les\u00e3o medular, segundo os m\u00e9dicos que cuidam do paciente.<\/p>\n<h3 data-track-category=\"Link no Texto\">Respostas<\/h3>\n<div id=\"chunk-fs9l8\">\n<div class=\"mc-column content-text active-extra-styles \" data-block-type=\"unstyled\" data-block-weight=\"53\" data-block-id=\"11\">\n<p class=\"content-text__container \" data-track-category=\"Link no Texto\" data-track-links=\"\">Em nota, a Santa Casa de Santos, por meio da assessoria, informou que o paciente deu entrada no hospital por volta das 0h15 desta segunda-feira (31), transferido do Hospital Vicentino. Ainda de acordo com o hospital, o DJ segue internado na UTI e recebendo toda assist\u00eancia da equipe multiprofissional em tempo integral.<\/p>\n<\/div>\n<\/div>\n<div id=\"chunk-8rbt4\">\n<div class=\"mc-column content-text active-extra-styles \" data-block-type=\"unstyled\" data-block-weight=\"30\" data-block-id=\"12\">\n<p class=\"content-text__container \" data-track-category=\"Link no Texto\" data-track-links=\"\">A Casa Noturna informou que est\u00e1 esperando mais detalhes m\u00e9dicos e conversando com a fam\u00edlia para emitir uma nova nota.<\/p>\n<p data-track-category=\"Link no Texto\" data-track-links=\"\">J\u00e1 a Pol\u00edcia Civil respondeu, por meio de nota que o representante da casa noturna afirmou que n\u00e3o presenciou o momento do acidente e um funcion\u00e1rio do local disse que a estrutura havia cedido por causa da ventania. Foram solicitados exames periciais ao Instituto de Criminal\u00edstica (IC) e ao Instituto M\u00e9dico Legal (IML). O caso ser\u00e1 investigado e foi registrado como les\u00e3o corporal na Delegacia de S\u00e3o Vicente.<\/p>\n<p data-track-category=\"Link no Texto\" data-track-links=\"\"><strong>LEIA TAMB\u00c9M<\/strong><\/p>\n<p data-track-category=\"Link no Texto\" data-track-links=\"\"><a href=\"https:\/\/redenoticiaz.com.br\/litoralsp\/2022\/10\/31\/video-galpao-no-ceasa-do-rio-de-janeiro-pega-fogo-e-lojas-sao-saqueadas\">V\u00cdDEO: Galp\u00e3o no Ceasa do Rio de Janeiro pega fogo e lojas s\u00e3o saqueadas<\/a><\/p>\n<\/div>\n<\/div>\n<\/div>\n<\/div>\n","protected":false},"excerpt":{"rendered":"<p>A estrutura do palco de uma casa noturna, no bairro Japui, em S\u00e3o Vicente, desabou e deixou o DJ OZ Mafra seriamente ferido. Ele precisou ser hospitalizado e corre o risco de ficar parapl\u00e9gico. Seria realizada uma festa tem\u00e1tica de Halloween, mas devido ao forte temporal o evento foi cancelado. Por causa do desabamento, a &hellip;<\/p>\n","protected":false},"author":6,"featured_media":94271,"comment_status":"open","ping_status":"closed","sticky":false,"template":"","format":"standard","meta":{"footnotes":""},"categories":[10,181],"tags":[7,6398,60542,21198,60541,41734,4981,33],"class_list":["post-94270","post","type-post","status-publish","format-standard","has-post-thumbnail","hentry","category-policia","category-sao-vicente","tag-acidente","tag-casa-noturna","tag-dj-ferido","tag-japui","tag-palco-desaba","tag-policia-ciivl","tag-santa-casa-de-santos","tag-sao-vicente"],"yoast_head":"<!-- This site is optimized with the Yoast SEO plugin v27.5 - https:\/\/yoast.com\/product\/yoast-seo-wordpress\/ -->\n<title>Palco desaba em S\u00e3o Vicente e DJ corre risco de ficar parapl\u00e9gico - Litoral SP<\/title>\n<meta name=\"description\" content=\"A estrutura do palco de uma casa noturna, no bairro Japui, em S\u00e3o Vicente, desabou e deixou o DJ OZ Mafra seriamente ferido. Ele\" \/>\n<meta name=\"robots\" content=\"index, follow, max-snippet:-1, max-image-preview:large, max-video-preview:-1\" \/>\n<link rel=\"canonical\" href=\"https:\/\/redenoticiaz.com.br\/litoralsp\/2022\/11\/01\/palco-desaba-em-sao-vicente-e-dj-corre-risco-de-ficar-paraplegico\" \/>\n<meta property=\"og:locale\" content=\"pt_BR\" \/>\n<meta property=\"og:type\" content=\"article\" \/>\n<meta property=\"og:title\" content=\"Palco desaba em S\u00e3o Vicente e DJ corre risco de ficar parapl\u00e9gico - Litoral SP\" \/>\n<meta property=\"og:description\" content=\"A estrutura do palco de uma casa noturna, no bairro Japui, em S\u00e3o Vicente, desabou e deixou o DJ OZ Mafra seriamente ferido. Ele\" \/>\n<meta property=\"og:url\" content=\"https:\/\/redenoticiaz.com.br\/litoralsp\/2022\/11\/01\/palco-desaba-em-sao-vicente-e-dj-corre-risco-de-ficar-paraplegico\" \/>\n<meta property=\"og:site_name\" content=\"Litoral SP\" \/>\n<meta property=\"article:published_time\" content=\"2022-11-01T11:36:16+00:00\" \/>\n<meta property=\"og:image\" content=\"https:\/\/redenoticiaz.com.br\/litoralsp\/wp-content\/uploads\/sites\/3\/2022\/11\/casa-noturna.png\" \/>\n\t<meta property=\"og:image:width\" content=\"658\" \/>\n\t<meta property=\"og:image:height\" content=\"418\" \/>\n\t<meta property=\"og:image:type\" content=\"image\/png\" \/>\n<meta name=\"author\" content=\"Leonardo Francisco\" \/>\n<meta name=\"twitter:card\" content=\"summary_large_image\" \/>\n<meta name=\"twitter:label1\" content=\"Escrito por\" \/>\n\t<meta name=\"twitter:data1\" content=\"Leonardo Francisco\" \/>\n\t<meta name=\"twitter:label2\" content=\"Est. tempo de leitura\" \/>\n\t<meta name=\"twitter:data2\" content=\"2 minutos\" \/>\n<script type=\"application\/ld+json\" class=\"yoast-schema-graph\">{\"@context\":\"https:\\\/\\\/schema.org\",\"@graph\":[{\"@type\":\"Article\",\"@id\":\"https:\\\/\\\/redenoticiaz.com.br\\\/litoralsp\\\/2022\\\/11\\\/01\\\/palco-desaba-em-sao-vicente-e-dj-corre-risco-de-ficar-paraplegico#article\",\"isPartOf\":{\"@id\":\"https:\\\/\\\/redenoticiaz.com.br\\\/litoralsp\\\/2022\\\/11\\\/01\\\/palco-desaba-em-sao-vicente-e-dj-corre-risco-de-ficar-paraplegico\"},\"author\":{\"name\":\"Leonardo Francisco\",\"@id\":\"https:\\\/\\\/redenoticiaz.com.br\\\/litoralsp\\\/#\\\/schema\\\/person\\\/0f0b8a5bdafefe82841e07ae8d81ecb3\"},\"headline\":\"Palco desaba em S\u00e3o Vicente e DJ corre risco de ficar parapl\u00e9gico\",\"datePublished\":\"2022-11-01T11:36:16+00:00\",\"mainEntityOfPage\":{\"@id\":\"https:\\\/\\\/redenoticiaz.com.br\\\/litoralsp\\\/2022\\\/11\\\/01\\\/palco-desaba-em-sao-vicente-e-dj-corre-risco-de-ficar-paraplegico\"},\"wordCount\":325,\"commentCount\":0,\"publisher\":{\"@id\":\"https:\\\/\\\/redenoticiaz.com.br\\\/litoralsp\\\/#organization\"},\"image\":{\"@id\":\"https:\\\/\\\/redenoticiaz.com.br\\\/litoralsp\\\/2022\\\/11\\\/01\\\/palco-desaba-em-sao-vicente-e-dj-corre-risco-de-ficar-paraplegico#primaryimage\"},\"thumbnailUrl\":\"https:\\\/\\\/redenoticiaz.com.br\\\/litoralsp\\\/wp-content\\\/uploads\\\/sites\\\/3\\\/2022\\\/11\\\/casa-noturna.png\",\"keywords\":[\"acidente\",\"CASA NOTURNA\",\"DJ FERIDO\",\"JAPU\u00cd\",\"PALCO DESABA\",\"POL\u00cdCIA CIIVL\",\"SANTA CASA DE SANTOS\",\"S\u00e3o Vicente\"],\"articleSection\":[\"Pol\u00edcia\",\"S\u00e3o Vicente\"],\"inLanguage\":\"pt-BR\",\"potentialAction\":[{\"@type\":\"CommentAction\",\"name\":\"Comment\",\"target\":[\"https:\\\/\\\/redenoticiaz.com.br\\\/litoralsp\\\/2022\\\/11\\\/01\\\/palco-desaba-em-sao-vicente-e-dj-corre-risco-de-ficar-paraplegico#respond\"]}]},{\"@type\":\"WebPage\",\"@id\":\"https:\\\/\\\/redenoticiaz.com.br\\\/litoralsp\\\/2022\\\/11\\\/01\\\/palco-desaba-em-sao-vicente-e-dj-corre-risco-de-ficar-paraplegico\",\"url\":\"https:\\\/\\\/redenoticiaz.com.br\\\/litoralsp\\\/2022\\\/11\\\/01\\\/palco-desaba-em-sao-vicente-e-dj-corre-risco-de-ficar-paraplegico\",\"name\":\"Palco desaba em S\u00e3o Vicente e DJ corre risco de ficar parapl\u00e9gico - Litoral SP\",\"isPartOf\":{\"@id\":\"https:\\\/\\\/redenoticiaz.com.br\\\/litoralsp\\\/#website\"},\"primaryImageOfPage\":{\"@id\":\"https:\\\/\\\/redenoticiaz.com.br\\\/litoralsp\\\/2022\\\/11\\\/01\\\/palco-desaba-em-sao-vicente-e-dj-corre-risco-de-ficar-paraplegico#primaryimage\"},\"image\":{\"@id\":\"https:\\\/\\\/redenoticiaz.com.br\\\/litoralsp\\\/2022\\\/11\\\/01\\\/palco-desaba-em-sao-vicente-e-dj-corre-risco-de-ficar-paraplegico#primaryimage\"},\"thumbnailUrl\":\"https:\\\/\\\/redenoticiaz.com.br\\\/litoralsp\\\/wp-content\\\/uploads\\\/sites\\\/3\\\/2022\\\/11\\\/casa-noturna.png\",\"datePublished\":\"2022-11-01T11:36:16+00:00\",\"description\":\"A estrutura do palco de uma casa noturna, no bairro Japui, em S\u00e3o Vicente, desabou e deixou o DJ OZ Mafra seriamente ferido. Ele\",\"inLanguage\":\"pt-BR\",\"potentialAction\":[{\"@type\":\"ReadAction\",\"target\":[\"https:\\\/\\\/redenoticiaz.com.br\\\/litoralsp\\\/2022\\\/11\\\/01\\\/palco-desaba-em-sao-vicente-e-dj-corre-risco-de-ficar-paraplegico\"]}]},{\"@type\":\"ImageObject\",\"inLanguage\":\"pt-BR\",\"@id\":\"https:\\\/\\\/redenoticiaz.com.br\\\/litoralsp\\\/2022\\\/11\\\/01\\\/palco-desaba-em-sao-vicente-e-dj-corre-risco-de-ficar-paraplegico#primaryimage\",\"url\":\"https:\\\/\\\/redenoticiaz.com.br\\\/litoralsp\\\/wp-content\\\/uploads\\\/sites\\\/3\\\/2022\\\/11\\\/casa-noturna.png\",\"contentUrl\":\"https:\\\/\\\/redenoticiaz.com.br\\\/litoralsp\\\/wp-content\\\/uploads\\\/sites\\\/3\\\/2022\\\/11\\\/casa-noturna.png\",\"width\":658,\"height\":418,\"caption\":\"Cr\u00e9ditos: Reprodu\u00e7\u00e3o\\\/Instagram\"},{\"@type\":\"WebSite\",\"@id\":\"https:\\\/\\\/redenoticiaz.com.br\\\/litoralsp\\\/#website\",\"url\":\"https:\\\/\\\/redenoticiaz.com.br\\\/litoralsp\\\/\",\"name\":\"Litoral SP\",\"description\":\"Rede NoticiaZ\",\"publisher\":{\"@id\":\"https:\\\/\\\/redenoticiaz.com.br\\\/litoralsp\\\/#organization\"},\"potentialAction\":[{\"@type\":\"SearchAction\",\"target\":{\"@type\":\"EntryPoint\",\"urlTemplate\":\"https:\\\/\\\/redenoticiaz.com.br\\\/litoralsp\\\/?s={search_term_string}\"},\"query-input\":{\"@type\":\"PropertyValueSpecification\",\"valueRequired\":true,\"valueName\":\"search_term_string\"}}],\"inLanguage\":\"pt-BR\"},{\"@type\":\"Organization\",\"@id\":\"https:\\\/\\\/redenoticiaz.com.br\\\/litoralsp\\\/#organization\",\"name\":\"Litoral SP\",\"url\":\"https:\\\/\\\/redenoticiaz.com.br\\\/litoralsp\\\/\",\"logo\":{\"@type\":\"ImageObject\",\"inLanguage\":\"pt-BR\",\"@id\":\"https:\\\/\\\/redenoticiaz.com.br\\\/litoralsp\\\/#\\\/schema\\\/logo\\\/image\\\/\",\"url\":\"https:\\\/\\\/redenoticiaz.com.br\\\/litoralsp\\\/wp-content\\\/uploads\\\/sites\\\/3\\\/2020\\\/11\\\/logo.jpg\",\"contentUrl\":\"https:\\\/\\\/redenoticiaz.com.br\\\/litoralsp\\\/wp-content\\\/uploads\\\/sites\\\/3\\\/2020\\\/11\\\/logo.jpg\",\"width\":400,\"height\":250,\"caption\":\"Litoral SP\"},\"image\":{\"@id\":\"https:\\\/\\\/redenoticiaz.com.br\\\/litoralsp\\\/#\\\/schema\\\/logo\\\/image\\\/\"}},{\"@type\":\"Person\",\"@id\":\"https:\\\/\\\/redenoticiaz.com.br\\\/litoralsp\\\/#\\\/schema\\\/person\\\/0f0b8a5bdafefe82841e07ae8d81ecb3\",\"name\":\"Leonardo Francisco\",\"image\":{\"@type\":\"ImageObject\",\"inLanguage\":\"pt-BR\",\"@id\":\"https:\\\/\\\/secure.gravatar.com\\\/avatar\\\/a7358cb406a99b682ec6df1e77e31ae82e63601f6784e8a3df411d72b37864da?s=96&d=mm&r=g\",\"url\":\"https:\\\/\\\/secure.gravatar.com\\\/avatar\\\/a7358cb406a99b682ec6df1e77e31ae82e63601f6784e8a3df411d72b37864da?s=96&d=mm&r=g\",\"contentUrl\":\"https:\\\/\\\/secure.gravatar.com\\\/avatar\\\/a7358cb406a99b682ec6df1e77e31ae82e63601f6784e8a3df411d72b37864da?s=96&d=mm&r=g\",\"caption\":\"Leonardo Francisco\"},\"url\":\"https:\\\/\\\/redenoticiaz.com.br\\\/litoralsp\\\/author\\\/leonardo-francisco\"}]}<\/script>\n<!-- \/ Yoast SEO plugin. -->","yoast_head_json":{"title":"Palco desaba em S\u00e3o Vicente e DJ corre risco de ficar parapl\u00e9gico - Litoral SP","description":"A estrutura do palco de uma casa noturna, no bairro Japui, em S\u00e3o Vicente, desabou e deixou o DJ OZ Mafra seriamente ferido. Ele","robots":{"index":"index","follow":"follow","max-snippet":"max-snippet:-1","max-image-preview":"max-image-preview:large","max-video-preview":"max-video-preview:-1"},"canonical":"https:\/\/redenoticiaz.com.br\/litoralsp\/2022\/11\/01\/palco-desaba-em-sao-vicente-e-dj-corre-risco-de-ficar-paraplegico","og_locale":"pt_BR","og_type":"article","og_title":"Palco desaba em S\u00e3o Vicente e DJ corre risco de ficar parapl\u00e9gico - Litoral SP","og_description":"A estrutura do palco de uma casa noturna, no bairro Japui, em S\u00e3o Vicente, desabou e deixou o DJ OZ Mafra seriamente ferido. Ele","og_url":"https:\/\/redenoticiaz.com.br\/litoralsp\/2022\/11\/01\/palco-desaba-em-sao-vicente-e-dj-corre-risco-de-ficar-paraplegico","og_site_name":"Litoral SP","article_published_time":"2022-11-01T11:36:16+00:00","og_image":[{"width":658,"height":418,"url":"https:\/\/redenoticiaz.com.br\/litoralsp\/wp-content\/uploads\/sites\/3\/2022\/11\/casa-noturna.png","type":"image\/png"}],"author":"Leonardo Francisco","twitter_card":"summary_large_image","twitter_misc":{"Escrito por":"Leonardo Francisco","Est. tempo de leitura":"2 minutos"},"schema":{"@context":"https:\/\/schema.org","@graph":[{"@type":"Article","@id":"https:\/\/redenoticiaz.com.br\/litoralsp\/2022\/11\/01\/palco-desaba-em-sao-vicente-e-dj-corre-risco-de-ficar-paraplegico#article","isPartOf":{"@id":"https:\/\/redenoticiaz.com.br\/litoralsp\/2022\/11\/01\/palco-desaba-em-sao-vicente-e-dj-corre-risco-de-ficar-paraplegico"},"author":{"name":"Leonardo Francisco","@id":"https:\/\/redenoticiaz.com.br\/litoralsp\/#\/schema\/person\/0f0b8a5bdafefe82841e07ae8d81ecb3"},"headline":"Palco desaba em S\u00e3o Vicente e DJ corre risco de ficar parapl\u00e9gico","datePublished":"2022-11-01T11:36:16+00:00","mainEntityOfPage":{"@id":"https:\/\/redenoticiaz.com.br\/litoralsp\/2022\/11\/01\/palco-desaba-em-sao-vicente-e-dj-corre-risco-de-ficar-paraplegico"},"wordCount":325,"commentCount":0,"publisher":{"@id":"https:\/\/redenoticiaz.com.br\/litoralsp\/#organization"},"image":{"@id":"https:\/\/redenoticiaz.com.br\/litoralsp\/2022\/11\/01\/palco-desaba-em-sao-vicente-e-dj-corre-risco-de-ficar-paraplegico#primaryimage"},"thumbnailUrl":"https:\/\/redenoticiaz.com.br\/litoralsp\/wp-content\/uploads\/sites\/3\/2022\/11\/casa-noturna.png","keywords":["acidente","CASA NOTURNA","DJ FERIDO","JAPU\u00cd","PALCO DESABA","POL\u00cdCIA CIIVL","SANTA CASA DE SANTOS","S\u00e3o Vicente"],"articleSection":["Pol\u00edcia","S\u00e3o Vicente"],"inLanguage":"pt-BR","potentialAction":[{"@type":"CommentAction","name":"Comment","target":["https:\/\/redenoticiaz.com.br\/litoralsp\/2022\/11\/01\/palco-desaba-em-sao-vicente-e-dj-corre-risco-de-ficar-paraplegico#respond"]}]},{"@type":"WebPage","@id":"https:\/\/redenoticiaz.com.br\/litoralsp\/2022\/11\/01\/palco-desaba-em-sao-vicente-e-dj-corre-risco-de-ficar-paraplegico","url":"https:\/\/redenoticiaz.com.br\/litoralsp\/2022\/11\/01\/palco-desaba-em-sao-vicente-e-dj-corre-risco-de-ficar-paraplegico","name":"Palco desaba em S\u00e3o Vicente e DJ corre risco de ficar parapl\u00e9gico - Litoral SP","isPartOf":{"@id":"https:\/\/redenoticiaz.com.br\/litoralsp\/#website"},"primaryImageOfPage":{"@id":"https:\/\/redenoticiaz.com.br\/litoralsp\/2022\/11\/01\/palco-desaba-em-sao-vicente-e-dj-corre-risco-de-ficar-paraplegico#primaryimage"},"image":{"@id":"https:\/\/redenoticiaz.com.br\/litoralsp\/2022\/11\/01\/palco-desaba-em-sao-vicente-e-dj-corre-risco-de-ficar-paraplegico#primaryimage"},"thumbnailUrl":"https:\/\/redenoticiaz.com.br\/litoralsp\/wp-content\/uploads\/sites\/3\/2022\/11\/casa-noturna.png","datePublished":"2022-11-01T11:36:16+00:00","description":"A estrutura do palco de uma casa noturna, no bairro Japui, em S\u00e3o Vicente, desabou e deixou o DJ OZ Mafra seriamente ferido. Ele","inLanguage":"pt-BR","potentialAction":[{"@type":"ReadAction","target":["https:\/\/redenoticiaz.com.br\/litoralsp\/2022\/11\/01\/palco-desaba-em-sao-vicente-e-dj-corre-risco-de-ficar-paraplegico"]}]},{"@type":"ImageObject","inLanguage":"pt-BR","@id":"https:\/\/redenoticiaz.com.br\/litoralsp\/2022\/11\/01\/palco-desaba-em-sao-vicente-e-dj-corre-risco-de-ficar-paraplegico#primaryimage","url":"https:\/\/redenoticiaz.com.br\/litoralsp\/wp-content\/uploads\/sites\/3\/2022\/11\/casa-noturna.png","contentUrl":"https:\/\/redenoticiaz.com.br\/litoralsp\/wp-content\/uploads\/sites\/3\/2022\/11\/casa-noturna.png","width":658,"height":418,"caption":"Cr\u00e9ditos: Reprodu\u00e7\u00e3o\/Instagram"},{"@type":"WebSite","@id":"https:\/\/redenoticiaz.com.br\/litoralsp\/#website","url":"https:\/\/redenoticiaz.com.br\/litoralsp\/","name":"Litoral SP","description":"Rede NoticiaZ","publisher":{"@id":"https:\/\/redenoticiaz.com.br\/litoralsp\/#organization"},"potentialAction":[{"@type":"SearchAction","target":{"@type":"EntryPoint","urlTemplate":"https:\/\/redenoticiaz.com.br\/litoralsp\/?s={search_term_string}"},"query-input":{"@type":"PropertyValueSpecification","valueRequired":true,"valueName":"search_term_string"}}],"inLanguage":"pt-BR"},{"@type":"Organization","@id":"https:\/\/redenoticiaz.com.br\/litoralsp\/#organization","name":"Litoral SP","url":"https:\/\/redenoticiaz.com.br\/litoralsp\/","logo":{"@type":"ImageObject","inLanguage":"pt-BR","@id":"https:\/\/redenoticiaz.com.br\/litoralsp\/#\/schema\/logo\/image\/","url":"https:\/\/redenoticiaz.com.br\/litoralsp\/wp-content\/uploads\/sites\/3\/2020\/11\/logo.jpg","contentUrl":"https:\/\/redenoticiaz.com.br\/litoralsp\/wp-content\/uploads\/sites\/3\/2020\/11\/logo.jpg","width":400,"height":250,"caption":"Litoral SP"},"image":{"@id":"https:\/\/redenoticiaz.com.br\/litoralsp\/#\/schema\/logo\/image\/"}},{"@type":"Person","@id":"https:\/\/redenoticiaz.com.br\/litoralsp\/#\/schema\/person\/0f0b8a5bdafefe82841e07ae8d81ecb3","name":"Leonardo Francisco","image":{"@type":"ImageObject","inLanguage":"pt-BR","@id":"https:\/\/secure.gravatar.com\/avatar\/a7358cb406a99b682ec6df1e77e31ae82e63601f6784e8a3df411d72b37864da?s=96&d=mm&r=g","url":"https:\/\/secure.gravatar.com\/avatar\/a7358cb406a99b682ec6df1e77e31ae82e63601f6784e8a3df411d72b37864da?s=96&d=mm&r=g","contentUrl":"https:\/\/secure.gravatar.com\/avatar\/a7358cb406a99b682ec6df1e77e31ae82e63601f6784e8a3df411d72b37864da?s=96&d=mm&r=g","caption":"Leonardo Francisco"},"url":"https:\/\/redenoticiaz.com.br\/litoralsp\/author\/leonardo-francisco"}]}},"_links":{"self":[{"href":"https:\/\/redenoticiaz.com.br\/litoralsp\/wp-json\/wp\/v2\/posts\/94270","targetHints":{"allow":["GET"]}}],"collection":[{"href":"https:\/\/redenoticiaz.com.br\/litoralsp\/wp-json\/wp\/v2\/posts"}],"about":[{"href":"https:\/\/redenoticiaz.com.br\/litoralsp\/wp-json\/wp\/v2\/types\/post"}],"author":[{"embeddable":true,"href":"https:\/\/redenoticiaz.com.br\/litoralsp\/wp-json\/wp\/v2\/users\/6"}],"replies":[{"embeddable":true,"href":"https:\/\/redenoticiaz.com.br\/litoralsp\/wp-json\/wp\/v2\/comments?post=94270"}],"version-history":[{"count":1,"href":"https:\/\/redenoticiaz.com.br\/litoralsp\/wp-json\/wp\/v2\/posts\/94270\/revisions"}],"predecessor-version":[{"id":94272,"href":"https:\/\/redenoticiaz.com.br\/litoralsp\/wp-json\/wp\/v2\/posts\/94270\/revisions\/94272"}],"wp:featuredmedia":[{"embeddable":true,"href":"https:\/\/redenoticiaz.com.br\/litoralsp\/wp-json\/wp\/v2\/media\/94271"}],"wp:attachment":[{"href":"https:\/\/redenoticiaz.com.br\/litoralsp\/wp-json\/wp\/v2\/media?parent=94270"}],"wp:term":[{"taxonomy":"category","embeddable":true,"href":"https:\/\/redenoticiaz.com.br\/litoralsp\/wp-json\/wp\/v2\/categories?post=94270"},{"taxonomy":"post_tag","embeddable":true,"href":"https:\/\/redenoticiaz.com.br\/litoralsp\/wp-json\/wp\/v2\/tags?post=94270"}],"curies":[{"name":"wp","href":"https:\/\/api.w.org\/{rel}","templated":true}]}}