{"id":94273,"date":"2022-11-01T09:32:47","date_gmt":"2022-11-01T12:32:47","guid":{"rendered":"https:\/\/redenoticiaz.com.br\/litoralsp\/?p=94273"},"modified":"2022-11-01T09:32:47","modified_gmt":"2022-11-01T12:32:47","slug":"adolescente-de-15-anos-morre-afogada-em-caixa-dagua-em-sao-vicente","status":"publish","type":"post","link":"https:\/\/redenoticiaz.com.br\/litoralsp\/2022\/11\/01\/adolescente-de-15-anos-morre-afogada-em-caixa-dagua-em-sao-vicente","title":{"rendered":"Adolescente de 15 anos morre afogada em caixa d&#8217;\u00e1gua em S\u00e3o Vicente"},"content":{"rendered":"<div id=\"chunk-amtsm\">\n<div class=\"mc-column content-text active-extra-styles \" data-block-type=\"unstyled\" data-block-weight=\"50\" data-block-id=\"3\">\n<p class=\"content-text__container \" data-track-category=\"Link no Texto\" data-track-links=\"\">Trag\u00e9dia na \u00c1rea Continental de S\u00e3o Vicente. Uma adolescente de 15 anos <strong>morreu afogada enquanto nadava dentro de uma caixa d\u00b4\u00e1gua<\/strong> com a irm\u00e3 de 98 anos. As duas brincavam no equipamento, que serviu como uma piscina improvisada. Mas em um dos mergulhos, a v\u00edtima sofreu afogamento.<\/p>\n<\/div>\n<\/div>\n<div class=\"wall protected-content\">\n<div id=\"chunk-bmbdj\">\n<div class=\"mc-column content-text active-extra-styles \" data-block-type=\"unstyled\" data-block-weight=\"51\" data-block-id=\"4\">\n<p class=\"content-text__container \" data-track-category=\"Link no Texto\" data-track-links=\"\">Segundo o boletim de ocorr\u00eancia, a tia da adolescente contou aos policiais que as irm\u00e3s estavam no quintal da casa da fam\u00edlia. Mas de repente, a sobrinha de seis anos entrou correndo na casa e avisou que a irm\u00e3 mais velha tinha entrado na caixa d&#8217;\u00e1gua para nadar e que estava demorando para aparecer.<\/p>\n<\/div>\n<\/div>\n<div id=\"chunk-72ngr\">\n<div class=\"mc-column content-text active-extra-styles \" data-block-type=\"unstyled\" data-block-weight=\"56\" data-block-id=\"6\">\n<p class=\"content-text__container \" data-track-category=\"Link no Texto\" data-track-links=\"\">Ainda de acordo com o relato, um irm\u00e3o da v\u00edtima fatal foi at\u00e9 o local para encontrar a menina. Ele tirou a jovem e tentou socorre-la. Na tentativa de salvar a irm\u00e3, ele fez respira\u00e7\u00e3o boca a boca. Segundo a tia, a menina chegou a reagir vomitado parte da \u00e1gua que havia engolido enquanto estava nadando.<\/p>\n<\/div>\n<\/div>\n<div id=\"chunk-57vf4\">\n<div class=\"mc-column content-text active-extra-styles \" data-block-type=\"unstyled\" data-block-weight=\"46\" data-block-id=\"7\">\n<p class=\"content-text__container \" data-track-category=\"Link no Texto\" data-track-links=\"\">Em seguida, os vizinhos e a tia da menina levaram ela para o Pronto Atendimento do Parque das Bandeiras, mas segundo a tia, ela n\u00e3o resistiu e morreu no caminho da unidade de sa\u00fade. No PS, o m\u00e9dico que estava de plant\u00e3o confirmou o \u00f3bito.<\/p>\n<\/div>\n<\/div>\n<div id=\"chunk-1iqie\">\n<div class=\"mc-column content-text active-extra-styles \" data-block-type=\"unstyled\" data-block-weight=\"30\" data-block-id=\"8\">\n<p class=\"content-text__container \" data-track-category=\"Link no Texto\" data-track-links=\"\">O caso foi registrado na Delegacia de S\u00e3o Vicente como morte acidental suspeita. As autoridades policiais solicitaram o encaminhamento do corpo ao Instituto M\u00e9dico Legal e aguardam o laudo pericial.<\/p>\n<p data-track-category=\"Link no Texto\" data-track-links=\"\"><strong>LEIA TAMB\u00c9M<\/strong><\/p>\n<p data-track-category=\"Link no Texto\" data-track-links=\"\"><a href=\"https:\/\/redenoticiaz.com.br\/litoralsp\/2022\/10\/31\/cemiterio-municipal-de-bertioga-conta-com-programacao-religiosa-para-o-dia-de-finados\">Cemit\u00e9rio Municipal de Bertioga conta com programa\u00e7\u00e3o religiosa para o Dia de Finados<\/a><\/p>\n<\/div>\n<\/div>\n<\/div>\n","protected":false},"excerpt":{"rendered":"<p>Trag\u00e9dia na \u00c1rea Continental de S\u00e3o Vicente. Uma adolescente de 15 anos morreu afogada enquanto nadava dentro de uma caixa d\u00b4\u00e1gua com a irm\u00e3 de 98 anos. As duas brincavam no equipamento, que serviu como uma piscina improvisada. Mas em um dos mergulhos, a v\u00edtima sofreu afogamento. Segundo o boletim de ocorr\u00eancia, a tia da &hellip;<\/p>\n","protected":false},"author":6,"featured_media":94274,"comment_status":"open","ping_status":"closed","sticky":false,"template":"","format":"standard","meta":{"footnotes":""},"categories":[10,181],"tags":[60543,5313,45163,1762,1766,33],"class_list":["post-94273","post","type-post","status-publish","format-standard","has-post-thumbnail","hentry","category-policia","category-sao-vicente","tag-adolescente-afogada","tag-area-continental","tag-caixa-dagua","tag-policia-civil","tag-policia-militar","tag-sao-vicente"],"yoast_head":"<!-- This site is optimized with the Yoast SEO plugin v27.5 - https:\/\/yoast.com\/product\/yoast-seo-wordpress\/ -->\n<title>Adolescente de 15 anos morre afogada em caixa d&#8217;\u00e1gua em S\u00e3o Vicente - Litoral SP<\/title>\n<meta name=\"description\" content=\"\u00c1rea Continental de S\u00e3o Vicente. Uma adolescente de 15 anos morreu afogada enquanto nadava dentro de uma caixa d\u00b4\u00e1gua com\" \/>\n<meta name=\"robots\" content=\"index, follow, max-snippet:-1, max-image-preview:large, max-video-preview:-1\" \/>\n<link rel=\"canonical\" href=\"https:\/\/redenoticiaz.com.br\/litoralsp\/2022\/11\/01\/adolescente-de-15-anos-morre-afogada-em-caixa-dagua-em-sao-vicente\" \/>\n<meta property=\"og:locale\" content=\"pt_BR\" \/>\n<meta property=\"og:type\" content=\"article\" \/>\n<meta property=\"og:title\" content=\"Adolescente de 15 anos morre afogada em caixa d&#8217;\u00e1gua em S\u00e3o Vicente - Litoral SP\" \/>\n<meta property=\"og:description\" content=\"\u00c1rea Continental de S\u00e3o Vicente. Uma adolescente de 15 anos morreu afogada enquanto nadava dentro de uma caixa d\u00b4\u00e1gua com\" \/>\n<meta property=\"og:url\" content=\"https:\/\/redenoticiaz.com.br\/litoralsp\/2022\/11\/01\/adolescente-de-15-anos-morre-afogada-em-caixa-dagua-em-sao-vicente\" \/>\n<meta property=\"og:site_name\" content=\"Litoral SP\" \/>\n<meta property=\"article:published_time\" content=\"2022-11-01T12:32:47+00:00\" \/>\n<meta property=\"og:image\" content=\"https:\/\/redenoticiaz.com.br\/litoralsp\/wp-content\/uploads\/sites\/3\/2022\/11\/AREA-CONTINENTAL.png\" \/>\n\t<meta property=\"og:image:width\" content=\"673\" \/>\n\t<meta property=\"og:image:height\" content=\"467\" \/>\n\t<meta property=\"og:image:type\" content=\"image\/png\" \/>\n<meta name=\"author\" content=\"Leonardo Francisco\" \/>\n<meta name=\"twitter:card\" content=\"summary_large_image\" \/>\n<meta name=\"twitter:label1\" content=\"Escrito por\" \/>\n\t<meta name=\"twitter:data1\" content=\"Leonardo Francisco\" \/>\n\t<meta name=\"twitter:label2\" content=\"Est. tempo de leitura\" \/>\n\t<meta name=\"twitter:data2\" content=\"2 minutos\" \/>\n<script type=\"application\/ld+json\" class=\"yoast-schema-graph\">{\"@context\":\"https:\\\/\\\/schema.org\",\"@graph\":[{\"@type\":\"Article\",\"@id\":\"https:\\\/\\\/redenoticiaz.com.br\\\/litoralsp\\\/2022\\\/11\\\/01\\\/adolescente-de-15-anos-morre-afogada-em-caixa-dagua-em-sao-vicente#article\",\"isPartOf\":{\"@id\":\"https:\\\/\\\/redenoticiaz.com.br\\\/litoralsp\\\/2022\\\/11\\\/01\\\/adolescente-de-15-anos-morre-afogada-em-caixa-dagua-em-sao-vicente\"},\"author\":{\"name\":\"Leonardo Francisco\",\"@id\":\"https:\\\/\\\/redenoticiaz.com.br\\\/litoralsp\\\/#\\\/schema\\\/person\\\/0f0b8a5bdafefe82841e07ae8d81ecb3\"},\"headline\":\"Adolescente de 15 anos morre afogada em caixa d&#8217;\u00e1gua em S\u00e3o Vicente\",\"datePublished\":\"2022-11-01T12:32:47+00:00\",\"mainEntityOfPage\":{\"@id\":\"https:\\\/\\\/redenoticiaz.com.br\\\/litoralsp\\\/2022\\\/11\\\/01\\\/adolescente-de-15-anos-morre-afogada-em-caixa-dagua-em-sao-vicente\"},\"wordCount\":278,\"commentCount\":0,\"publisher\":{\"@id\":\"https:\\\/\\\/redenoticiaz.com.br\\\/litoralsp\\\/#organization\"},\"image\":{\"@id\":\"https:\\\/\\\/redenoticiaz.com.br\\\/litoralsp\\\/2022\\\/11\\\/01\\\/adolescente-de-15-anos-morre-afogada-em-caixa-dagua-em-sao-vicente#primaryimage\"},\"thumbnailUrl\":\"https:\\\/\\\/redenoticiaz.com.br\\\/litoralsp\\\/wp-content\\\/uploads\\\/sites\\\/3\\\/2022\\\/11\\\/AREA-CONTINENTAL.png\",\"keywords\":[\"ADOLESCENTE AFOGADA\",\"\u00c1REA CONTINENTAL\",\"CAIXA D'\u00c1GUA\",\"POL\u00cdCIA CIVIL\",\"policia militar\",\"S\u00e3o Vicente\"],\"articleSection\":[\"Pol\u00edcia\",\"S\u00e3o Vicente\"],\"inLanguage\":\"pt-BR\",\"potentialAction\":[{\"@type\":\"CommentAction\",\"name\":\"Comment\",\"target\":[\"https:\\\/\\\/redenoticiaz.com.br\\\/litoralsp\\\/2022\\\/11\\\/01\\\/adolescente-de-15-anos-morre-afogada-em-caixa-dagua-em-sao-vicente#respond\"]}]},{\"@type\":\"WebPage\",\"@id\":\"https:\\\/\\\/redenoticiaz.com.br\\\/litoralsp\\\/2022\\\/11\\\/01\\\/adolescente-de-15-anos-morre-afogada-em-caixa-dagua-em-sao-vicente\",\"url\":\"https:\\\/\\\/redenoticiaz.com.br\\\/litoralsp\\\/2022\\\/11\\\/01\\\/adolescente-de-15-anos-morre-afogada-em-caixa-dagua-em-sao-vicente\",\"name\":\"Adolescente de 15 anos morre afogada em caixa d&#8217;\u00e1gua em S\u00e3o Vicente - Litoral SP\",\"isPartOf\":{\"@id\":\"https:\\\/\\\/redenoticiaz.com.br\\\/litoralsp\\\/#website\"},\"primaryImageOfPage\":{\"@id\":\"https:\\\/\\\/redenoticiaz.com.br\\\/litoralsp\\\/2022\\\/11\\\/01\\\/adolescente-de-15-anos-morre-afogada-em-caixa-dagua-em-sao-vicente#primaryimage\"},\"image\":{\"@id\":\"https:\\\/\\\/redenoticiaz.com.br\\\/litoralsp\\\/2022\\\/11\\\/01\\\/adolescente-de-15-anos-morre-afogada-em-caixa-dagua-em-sao-vicente#primaryimage\"},\"thumbnailUrl\":\"https:\\\/\\\/redenoticiaz.com.br\\\/litoralsp\\\/wp-content\\\/uploads\\\/sites\\\/3\\\/2022\\\/11\\\/AREA-CONTINENTAL.png\",\"datePublished\":\"2022-11-01T12:32:47+00:00\",\"description\":\"\u00c1rea Continental de S\u00e3o Vicente. Uma adolescente de 15 anos morreu afogada enquanto nadava dentro de uma caixa d\u00b4\u00e1gua com\",\"inLanguage\":\"pt-BR\",\"potentialAction\":[{\"@type\":\"ReadAction\",\"target\":[\"https:\\\/\\\/redenoticiaz.com.br\\\/litoralsp\\\/2022\\\/11\\\/01\\\/adolescente-de-15-anos-morre-afogada-em-caixa-dagua-em-sao-vicente\"]}]},{\"@type\":\"ImageObject\",\"inLanguage\":\"pt-BR\",\"@id\":\"https:\\\/\\\/redenoticiaz.com.br\\\/litoralsp\\\/2022\\\/11\\\/01\\\/adolescente-de-15-anos-morre-afogada-em-caixa-dagua-em-sao-vicente#primaryimage\",\"url\":\"https:\\\/\\\/redenoticiaz.com.br\\\/litoralsp\\\/wp-content\\\/uploads\\\/sites\\\/3\\\/2022\\\/11\\\/AREA-CONTINENTAL.png\",\"contentUrl\":\"https:\\\/\\\/redenoticiaz.com.br\\\/litoralsp\\\/wp-content\\\/uploads\\\/sites\\\/3\\\/2022\\\/11\\\/AREA-CONTINENTAL.png\",\"width\":673,\"height\":467,\"caption\":\"Cr\u00e9ditos: Reprodu\u00e7\u00e3o\"},{\"@type\":\"WebSite\",\"@id\":\"https:\\\/\\\/redenoticiaz.com.br\\\/litoralsp\\\/#website\",\"url\":\"https:\\\/\\\/redenoticiaz.com.br\\\/litoralsp\\\/\",\"name\":\"Litoral SP\",\"description\":\"Rede NoticiaZ\",\"publisher\":{\"@id\":\"https:\\\/\\\/redenoticiaz.com.br\\\/litoralsp\\\/#organization\"},\"potentialAction\":[{\"@type\":\"SearchAction\",\"target\":{\"@type\":\"EntryPoint\",\"urlTemplate\":\"https:\\\/\\\/redenoticiaz.com.br\\\/litoralsp\\\/?s={search_term_string}\"},\"query-input\":{\"@type\":\"PropertyValueSpecification\",\"valueRequired\":true,\"valueName\":\"search_term_string\"}}],\"inLanguage\":\"pt-BR\"},{\"@type\":\"Organization\",\"@id\":\"https:\\\/\\\/redenoticiaz.com.br\\\/litoralsp\\\/#organization\",\"name\":\"Litoral SP\",\"url\":\"https:\\\/\\\/redenoticiaz.com.br\\\/litoralsp\\\/\",\"logo\":{\"@type\":\"ImageObject\",\"inLanguage\":\"pt-BR\",\"@id\":\"https:\\\/\\\/redenoticiaz.com.br\\\/litoralsp\\\/#\\\/schema\\\/logo\\\/image\\\/\",\"url\":\"https:\\\/\\\/redenoticiaz.com.br\\\/litoralsp\\\/wp-content\\\/uploads\\\/sites\\\/3\\\/2020\\\/11\\\/logo.jpg\",\"contentUrl\":\"https:\\\/\\\/redenoticiaz.com.br\\\/litoralsp\\\/wp-content\\\/uploads\\\/sites\\\/3\\\/2020\\\/11\\\/logo.jpg\",\"width\":400,\"height\":250,\"caption\":\"Litoral SP\"},\"image\":{\"@id\":\"https:\\\/\\\/redenoticiaz.com.br\\\/litoralsp\\\/#\\\/schema\\\/logo\\\/image\\\/\"}},{\"@type\":\"Person\",\"@id\":\"https:\\\/\\\/redenoticiaz.com.br\\\/litoralsp\\\/#\\\/schema\\\/person\\\/0f0b8a5bdafefe82841e07ae8d81ecb3\",\"name\":\"Leonardo Francisco\",\"image\":{\"@type\":\"ImageObject\",\"inLanguage\":\"pt-BR\",\"@id\":\"https:\\\/\\\/secure.gravatar.com\\\/avatar\\\/a7358cb406a99b682ec6df1e77e31ae82e63601f6784e8a3df411d72b37864da?s=96&d=mm&r=g\",\"url\":\"https:\\\/\\\/secure.gravatar.com\\\/avatar\\\/a7358cb406a99b682ec6df1e77e31ae82e63601f6784e8a3df411d72b37864da?s=96&d=mm&r=g\",\"contentUrl\":\"https:\\\/\\\/secure.gravatar.com\\\/avatar\\\/a7358cb406a99b682ec6df1e77e31ae82e63601f6784e8a3df411d72b37864da?s=96&d=mm&r=g\",\"caption\":\"Leonardo Francisco\"},\"url\":\"https:\\\/\\\/redenoticiaz.com.br\\\/litoralsp\\\/author\\\/leonardo-francisco\"}]}<\/script>\n<!-- \/ Yoast SEO plugin. -->","yoast_head_json":{"title":"Adolescente de 15 anos morre afogada em caixa d&#8217;\u00e1gua em S\u00e3o Vicente - Litoral SP","description":"\u00c1rea Continental de S\u00e3o Vicente. Uma adolescente de 15 anos morreu afogada enquanto nadava dentro de uma caixa d\u00b4\u00e1gua com","robots":{"index":"index","follow":"follow","max-snippet":"max-snippet:-1","max-image-preview":"max-image-preview:large","max-video-preview":"max-video-preview:-1"},"canonical":"https:\/\/redenoticiaz.com.br\/litoralsp\/2022\/11\/01\/adolescente-de-15-anos-morre-afogada-em-caixa-dagua-em-sao-vicente","og_locale":"pt_BR","og_type":"article","og_title":"Adolescente de 15 anos morre afogada em caixa d&#8217;\u00e1gua em S\u00e3o Vicente - Litoral SP","og_description":"\u00c1rea Continental de S\u00e3o Vicente. Uma adolescente de 15 anos morreu afogada enquanto nadava dentro de uma caixa d\u00b4\u00e1gua com","og_url":"https:\/\/redenoticiaz.com.br\/litoralsp\/2022\/11\/01\/adolescente-de-15-anos-morre-afogada-em-caixa-dagua-em-sao-vicente","og_site_name":"Litoral SP","article_published_time":"2022-11-01T12:32:47+00:00","og_image":[{"width":673,"height":467,"url":"https:\/\/redenoticiaz.com.br\/litoralsp\/wp-content\/uploads\/sites\/3\/2022\/11\/AREA-CONTINENTAL.png","type":"image\/png"}],"author":"Leonardo Francisco","twitter_card":"summary_large_image","twitter_misc":{"Escrito por":"Leonardo Francisco","Est. tempo de leitura":"2 minutos"},"schema":{"@context":"https:\/\/schema.org","@graph":[{"@type":"Article","@id":"https:\/\/redenoticiaz.com.br\/litoralsp\/2022\/11\/01\/adolescente-de-15-anos-morre-afogada-em-caixa-dagua-em-sao-vicente#article","isPartOf":{"@id":"https:\/\/redenoticiaz.com.br\/litoralsp\/2022\/11\/01\/adolescente-de-15-anos-morre-afogada-em-caixa-dagua-em-sao-vicente"},"author":{"name":"Leonardo Francisco","@id":"https:\/\/redenoticiaz.com.br\/litoralsp\/#\/schema\/person\/0f0b8a5bdafefe82841e07ae8d81ecb3"},"headline":"Adolescente de 15 anos morre afogada em caixa d&#8217;\u00e1gua em S\u00e3o Vicente","datePublished":"2022-11-01T12:32:47+00:00","mainEntityOfPage":{"@id":"https:\/\/redenoticiaz.com.br\/litoralsp\/2022\/11\/01\/adolescente-de-15-anos-morre-afogada-em-caixa-dagua-em-sao-vicente"},"wordCount":278,"commentCount":0,"publisher":{"@id":"https:\/\/redenoticiaz.com.br\/litoralsp\/#organization"},"image":{"@id":"https:\/\/redenoticiaz.com.br\/litoralsp\/2022\/11\/01\/adolescente-de-15-anos-morre-afogada-em-caixa-dagua-em-sao-vicente#primaryimage"},"thumbnailUrl":"https:\/\/redenoticiaz.com.br\/litoralsp\/wp-content\/uploads\/sites\/3\/2022\/11\/AREA-CONTINENTAL.png","keywords":["ADOLESCENTE AFOGADA","\u00c1REA CONTINENTAL","CAIXA D'\u00c1GUA","POL\u00cdCIA CIVIL","policia militar","S\u00e3o Vicente"],"articleSection":["Pol\u00edcia","S\u00e3o Vicente"],"inLanguage":"pt-BR","potentialAction":[{"@type":"CommentAction","name":"Comment","target":["https:\/\/redenoticiaz.com.br\/litoralsp\/2022\/11\/01\/adolescente-de-15-anos-morre-afogada-em-caixa-dagua-em-sao-vicente#respond"]}]},{"@type":"WebPage","@id":"https:\/\/redenoticiaz.com.br\/litoralsp\/2022\/11\/01\/adolescente-de-15-anos-morre-afogada-em-caixa-dagua-em-sao-vicente","url":"https:\/\/redenoticiaz.com.br\/litoralsp\/2022\/11\/01\/adolescente-de-15-anos-morre-afogada-em-caixa-dagua-em-sao-vicente","name":"Adolescente de 15 anos morre afogada em caixa d&#8217;\u00e1gua em S\u00e3o Vicente - Litoral SP","isPartOf":{"@id":"https:\/\/redenoticiaz.com.br\/litoralsp\/#website"},"primaryImageOfPage":{"@id":"https:\/\/redenoticiaz.com.br\/litoralsp\/2022\/11\/01\/adolescente-de-15-anos-morre-afogada-em-caixa-dagua-em-sao-vicente#primaryimage"},"image":{"@id":"https:\/\/redenoticiaz.com.br\/litoralsp\/2022\/11\/01\/adolescente-de-15-anos-morre-afogada-em-caixa-dagua-em-sao-vicente#primaryimage"},"thumbnailUrl":"https:\/\/redenoticiaz.com.br\/litoralsp\/wp-content\/uploads\/sites\/3\/2022\/11\/AREA-CONTINENTAL.png","datePublished":"2022-11-01T12:32:47+00:00","description":"\u00c1rea Continental de S\u00e3o Vicente. Uma adolescente de 15 anos morreu afogada enquanto nadava dentro de uma caixa d\u00b4\u00e1gua com","inLanguage":"pt-BR","potentialAction":[{"@type":"ReadAction","target":["https:\/\/redenoticiaz.com.br\/litoralsp\/2022\/11\/01\/adolescente-de-15-anos-morre-afogada-em-caixa-dagua-em-sao-vicente"]}]},{"@type":"ImageObject","inLanguage":"pt-BR","@id":"https:\/\/redenoticiaz.com.br\/litoralsp\/2022\/11\/01\/adolescente-de-15-anos-morre-afogada-em-caixa-dagua-em-sao-vicente#primaryimage","url":"https:\/\/redenoticiaz.com.br\/litoralsp\/wp-content\/uploads\/sites\/3\/2022\/11\/AREA-CONTINENTAL.png","contentUrl":"https:\/\/redenoticiaz.com.br\/litoralsp\/wp-content\/uploads\/sites\/3\/2022\/11\/AREA-CONTINENTAL.png","width":673,"height":467,"caption":"Cr\u00e9ditos: Reprodu\u00e7\u00e3o"},{"@type":"WebSite","@id":"https:\/\/redenoticiaz.com.br\/litoralsp\/#website","url":"https:\/\/redenoticiaz.com.br\/litoralsp\/","name":"Litoral SP","description":"Rede NoticiaZ","publisher":{"@id":"https:\/\/redenoticiaz.com.br\/litoralsp\/#organization"},"potentialAction":[{"@type":"SearchAction","target":{"@type":"EntryPoint","urlTemplate":"https:\/\/redenoticiaz.com.br\/litoralsp\/?s={search_term_string}"},"query-input":{"@type":"PropertyValueSpecification","valueRequired":true,"valueName":"search_term_string"}}],"inLanguage":"pt-BR"},{"@type":"Organization","@id":"https:\/\/redenoticiaz.com.br\/litoralsp\/#organization","name":"Litoral SP","url":"https:\/\/redenoticiaz.com.br\/litoralsp\/","logo":{"@type":"ImageObject","inLanguage":"pt-BR","@id":"https:\/\/redenoticiaz.com.br\/litoralsp\/#\/schema\/logo\/image\/","url":"https:\/\/redenoticiaz.com.br\/litoralsp\/wp-content\/uploads\/sites\/3\/2020\/11\/logo.jpg","contentUrl":"https:\/\/redenoticiaz.com.br\/litoralsp\/wp-content\/uploads\/sites\/3\/2020\/11\/logo.jpg","width":400,"height":250,"caption":"Litoral SP"},"image":{"@id":"https:\/\/redenoticiaz.com.br\/litoralsp\/#\/schema\/logo\/image\/"}},{"@type":"Person","@id":"https:\/\/redenoticiaz.com.br\/litoralsp\/#\/schema\/person\/0f0b8a5bdafefe82841e07ae8d81ecb3","name":"Leonardo Francisco","image":{"@type":"ImageObject","inLanguage":"pt-BR","@id":"https:\/\/secure.gravatar.com\/avatar\/a7358cb406a99b682ec6df1e77e31ae82e63601f6784e8a3df411d72b37864da?s=96&d=mm&r=g","url":"https:\/\/secure.gravatar.com\/avatar\/a7358cb406a99b682ec6df1e77e31ae82e63601f6784e8a3df411d72b37864da?s=96&d=mm&r=g","contentUrl":"https:\/\/secure.gravatar.com\/avatar\/a7358cb406a99b682ec6df1e77e31ae82e63601f6784e8a3df411d72b37864da?s=96&d=mm&r=g","caption":"Leonardo Francisco"},"url":"https:\/\/redenoticiaz.com.br\/litoralsp\/author\/leonardo-francisco"}]}},"_links":{"self":[{"href":"https:\/\/redenoticiaz.com.br\/litoralsp\/wp-json\/wp\/v2\/posts\/94273","targetHints":{"allow":["GET"]}}],"collection":[{"href":"https:\/\/redenoticiaz.com.br\/litoralsp\/wp-json\/wp\/v2\/posts"}],"about":[{"href":"https:\/\/redenoticiaz.com.br\/litoralsp\/wp-json\/wp\/v2\/types\/post"}],"author":[{"embeddable":true,"href":"https:\/\/redenoticiaz.com.br\/litoralsp\/wp-json\/wp\/v2\/users\/6"}],"replies":[{"embeddable":true,"href":"https:\/\/redenoticiaz.com.br\/litoralsp\/wp-json\/wp\/v2\/comments?post=94273"}],"version-history":[{"count":2,"href":"https:\/\/redenoticiaz.com.br\/litoralsp\/wp-json\/wp\/v2\/posts\/94273\/revisions"}],"predecessor-version":[{"id":94276,"href":"https:\/\/redenoticiaz.com.br\/litoralsp\/wp-json\/wp\/v2\/posts\/94273\/revisions\/94276"}],"wp:featuredmedia":[{"embeddable":true,"href":"https:\/\/redenoticiaz.com.br\/litoralsp\/wp-json\/wp\/v2\/media\/94274"}],"wp:attachment":[{"href":"https:\/\/redenoticiaz.com.br\/litoralsp\/wp-json\/wp\/v2\/media?parent=94273"}],"wp:term":[{"taxonomy":"category","embeddable":true,"href":"https:\/\/redenoticiaz.com.br\/litoralsp\/wp-json\/wp\/v2\/categories?post=94273"},{"taxonomy":"post_tag","embeddable":true,"href":"https:\/\/redenoticiaz.com.br\/litoralsp\/wp-json\/wp\/v2\/tags?post=94273"}],"curies":[{"name":"wp","href":"https:\/\/api.w.org\/{rel}","templated":true}]}}