{"id":94277,"date":"2022-11-01T09:53:10","date_gmt":"2022-11-01T12:53:10","guid":{"rendered":"https:\/\/redenoticiaz.com.br\/litoralsp\/?p=94277"},"modified":"2022-11-01T09:53:10","modified_gmt":"2022-11-01T12:53:10","slug":"musico-santista-e-diagnosticado-com-leucemia-e-pede-ajuda-de-doacao-de-sangue","status":"publish","type":"post","link":"https:\/\/redenoticiaz.com.br\/litoralsp\/2022\/11\/01\/musico-santista-e-diagnosticado-com-leucemia-e-pede-ajuda-de-doacao-de-sangue","title":{"rendered":"M\u00fasico santista \u00e9 diagnosticado com leucemia e pede ajuda de doa\u00e7\u00e3o de sangue"},"content":{"rendered":"<div id=\"chunk-880gi\">\n<div class=\"mc-column content-text active-extra-styles \" data-block-type=\"unstyled\" data-block-weight=\"48\" data-block-id=\"3\">\n<p class=\"content-text__container \" data-track-category=\"Link no Texto\" data-track-links=\"\">O cantor Conrado Pouza, de 43 anos, bastante conhecido pela Baixada Santista foi diagnosticado com leucemia aguda e <strong>pede doa\u00e7\u00e3o de sangue<\/strong>. Ele mora em Santos e recebeu o diagn\u00f3stico da doen\u00e7a na \u00faltima semana, quando fazia exames de rotina. A campanha come\u00e7ou por meio das redes sociais desde a segunda-feira (31).<\/p>\n<\/div>\n<\/div>\n<div class=\"wall protected-content\">\n<div id=\"chunk-9el4f\">\n<div class=\"mc-column content-text active-extra-styles \" data-block-type=\"unstyled\" data-block-weight=\"39\" data-block-id=\"4\">\n<p class=\"content-text__container \" data-track-category=\"Link no Texto\" data-track-links=\"\">&#8220;Um momento bastante dif\u00edcil da minha vida. Eu queria pedir a ajuda de voc\u00eas, muita ora\u00e7\u00e3o e uma campanha, que eu faria na semana que vem, de doa\u00e7\u00e3o de sangue. Ent\u00e3o, qualquer tipo de sangue, eu vou precisar&#8221;, escreveu.<\/p>\n<\/div>\n<\/div>\n<div id=\"chunk-ok8\">\n<div class=\"mc-column content-text active-extra-styles \" data-block-type=\"unstyled\" data-block-weight=\"38\" data-block-id=\"5\">\n<p class=\"content-text__container \" data-track-category=\"Link no Texto\" data-track-links=\"\">As doa\u00e7\u00f5es podem ser feitas de segunda a sexta-feira, das 7h \u00e0s 17h, ou aos s\u00e1bados, das 7h \u00e0s 15h, no Banco de Sangue de Santos, localizado na Rua Armando Sales de Oliveira, 138, no bairro Boqueir\u00e3o. Ele fica junto do Hospital Casa de Sa\u00fade.<\/p>\n<\/div>\n<\/div>\n<div id=\"chunk-9m03d\">\n<div class=\"mc-column content-text active-extra-styles \" data-block-type=\"unstyled\" data-block-weight=\"32\" data-block-id=\"7\">\n<p class=\"content-text__container \" data-track-category=\"Link no Texto\" data-track-links=\"\">&#8220;Muita for\u00e7a, quero que voc\u00eas fiquem tranquilos. Estou bastante forte, com a cabe\u00e7a muito boa, bem confiante. <span class=\"highlight highlighted\">Eu vou atropelar essa doen\u00e7a<\/span> e, logo mais, n\u00f3s vamos estar juntos de novo&#8221;, finalizou.<\/p>\n<p data-track-category=\"Link no Texto\" data-track-links=\"\"><strong>LEIA TAMB\u00c9M<\/strong><\/p>\n<p data-track-category=\"Link no Texto\" data-track-links=\"\"><a href=\"https:\/\/redenoticiaz.com.br\/litoralsp\/2022\/10\/31\/frente-fria-chega-acompanhada-de-chuvas-e-ventos-fortes-na-baixada-santista\">Frente fria chega acompanhada de chuvas e ventos fortes na Baixada Santista<\/a><\/p>\n<\/div>\n<\/div>\n<\/div>\n","protected":false},"excerpt":{"rendered":"<p>O cantor Conrado Pouza, de 43 anos, bastante conhecido pela Baixada Santista foi diagnosticado com leucemia aguda e pede doa\u00e7\u00e3o de sangue. Ele mora em Santos e recebeu o diagn\u00f3stico da doen\u00e7a na \u00faltima semana, quando fazia exames de rotina. A campanha come\u00e7ou por meio das redes sociais desde a segunda-feira (31). &#8220;Um momento bastante &hellip;<\/p>\n","protected":false},"author":6,"featured_media":94278,"comment_status":"open","ping_status":"closed","sticky":false,"template":"","format":"standard","meta":{"footnotes":""},"categories":[180,23],"tags":[60544,6399,60545,8432,986],"class_list":["post-94277","post","type-post","status-publish","format-standard","has-post-thumbnail","hentry","category-santos","category-saude","tag-banco-de-sangue-de-santos","tag-boqueirao","tag-cantor-conrado-pouza","tag-doacao-de-sangue","tag-santos"],"yoast_head":"<!-- This site is optimized with the Yoast SEO plugin v27.5 - https:\/\/yoast.com\/product\/yoast-seo-wordpress\/ -->\n<title>M\u00fasico santista \u00e9 diagnosticado com leucemia e pede ajuda de doa\u00e7\u00e3o de sangue - Litoral SP<\/title>\n<meta name=\"description\" content=\"O cantor Conrado Pouza, de 43 anos, bastante conhecido pela Baixada Santista foi diagnosticado com leucemia aguda e pede doa\u00e7\u00e3o de sangue. Ele\" \/>\n<meta name=\"robots\" content=\"index, follow, max-snippet:-1, max-image-preview:large, max-video-preview:-1\" \/>\n<link rel=\"canonical\" href=\"https:\/\/redenoticiaz.com.br\/litoralsp\/2022\/11\/01\/musico-santista-e-diagnosticado-com-leucemia-e-pede-ajuda-de-doacao-de-sangue\" \/>\n<meta property=\"og:locale\" content=\"pt_BR\" \/>\n<meta property=\"og:type\" content=\"article\" \/>\n<meta property=\"og:title\" content=\"M\u00fasico santista \u00e9 diagnosticado com leucemia e pede ajuda de doa\u00e7\u00e3o de sangue - Litoral SP\" \/>\n<meta property=\"og:description\" content=\"O cantor Conrado Pouza, de 43 anos, bastante conhecido pela Baixada Santista foi diagnosticado com leucemia aguda e pede doa\u00e7\u00e3o de sangue. Ele\" \/>\n<meta property=\"og:url\" content=\"https:\/\/redenoticiaz.com.br\/litoralsp\/2022\/11\/01\/musico-santista-e-diagnosticado-com-leucemia-e-pede-ajuda-de-doacao-de-sangue\" \/>\n<meta property=\"og:site_name\" content=\"Litoral SP\" \/>\n<meta property=\"article:published_time\" content=\"2022-11-01T12:53:10+00:00\" \/>\n<meta property=\"og:image\" content=\"https:\/\/redenoticiaz.com.br\/litoralsp\/wp-content\/uploads\/sites\/3\/2022\/11\/CANTOR.png\" \/>\n\t<meta property=\"og:image:width\" content=\"689\" \/>\n\t<meta property=\"og:image:height\" content=\"448\" \/>\n\t<meta property=\"og:image:type\" content=\"image\/png\" \/>\n<meta name=\"author\" content=\"Leonardo Francisco\" \/>\n<meta name=\"twitter:card\" content=\"summary_large_image\" \/>\n<meta name=\"twitter:label1\" content=\"Escrito por\" \/>\n\t<meta name=\"twitter:data1\" content=\"Leonardo Francisco\" \/>\n\t<meta name=\"twitter:label2\" content=\"Est. tempo de leitura\" \/>\n\t<meta name=\"twitter:data2\" content=\"2 minutos\" \/>\n<script type=\"application\/ld+json\" class=\"yoast-schema-graph\">{\"@context\":\"https:\\\/\\\/schema.org\",\"@graph\":[{\"@type\":\"Article\",\"@id\":\"https:\\\/\\\/redenoticiaz.com.br\\\/litoralsp\\\/2022\\\/11\\\/01\\\/musico-santista-e-diagnosticado-com-leucemia-e-pede-ajuda-de-doacao-de-sangue#article\",\"isPartOf\":{\"@id\":\"https:\\\/\\\/redenoticiaz.com.br\\\/litoralsp\\\/2022\\\/11\\\/01\\\/musico-santista-e-diagnosticado-com-leucemia-e-pede-ajuda-de-doacao-de-sangue\"},\"author\":{\"name\":\"Leonardo Francisco\",\"@id\":\"https:\\\/\\\/redenoticiaz.com.br\\\/litoralsp\\\/#\\\/schema\\\/person\\\/0f0b8a5bdafefe82841e07ae8d81ecb3\"},\"headline\":\"M\u00fasico santista \u00e9 diagnosticado com leucemia e pede ajuda de doa\u00e7\u00e3o de sangue\",\"datePublished\":\"2022-11-01T12:53:10+00:00\",\"mainEntityOfPage\":{\"@id\":\"https:\\\/\\\/redenoticiaz.com.br\\\/litoralsp\\\/2022\\\/11\\\/01\\\/musico-santista-e-diagnosticado-com-leucemia-e-pede-ajuda-de-doacao-de-sangue\"},\"wordCount\":212,\"commentCount\":0,\"publisher\":{\"@id\":\"https:\\\/\\\/redenoticiaz.com.br\\\/litoralsp\\\/#organization\"},\"image\":{\"@id\":\"https:\\\/\\\/redenoticiaz.com.br\\\/litoralsp\\\/2022\\\/11\\\/01\\\/musico-santista-e-diagnosticado-com-leucemia-e-pede-ajuda-de-doacao-de-sangue#primaryimage\"},\"thumbnailUrl\":\"https:\\\/\\\/redenoticiaz.com.br\\\/litoralsp\\\/wp-content\\\/uploads\\\/sites\\\/3\\\/2022\\\/11\\\/CANTOR.png\",\"keywords\":[\"BANCO DE SANGUE DE SANTOS\",\"BOQUEIR\u00c3O\",\"CANTOR CONRADO POUZA\",\"DOA\u00c7\u00c3O DE SANGUE\",\"Santos\"],\"articleSection\":[\"Santos\",\"Sa\u00fade\"],\"inLanguage\":\"pt-BR\",\"potentialAction\":[{\"@type\":\"CommentAction\",\"name\":\"Comment\",\"target\":[\"https:\\\/\\\/redenoticiaz.com.br\\\/litoralsp\\\/2022\\\/11\\\/01\\\/musico-santista-e-diagnosticado-com-leucemia-e-pede-ajuda-de-doacao-de-sangue#respond\"]}]},{\"@type\":\"WebPage\",\"@id\":\"https:\\\/\\\/redenoticiaz.com.br\\\/litoralsp\\\/2022\\\/11\\\/01\\\/musico-santista-e-diagnosticado-com-leucemia-e-pede-ajuda-de-doacao-de-sangue\",\"url\":\"https:\\\/\\\/redenoticiaz.com.br\\\/litoralsp\\\/2022\\\/11\\\/01\\\/musico-santista-e-diagnosticado-com-leucemia-e-pede-ajuda-de-doacao-de-sangue\",\"name\":\"M\u00fasico santista \u00e9 diagnosticado com leucemia e pede ajuda de doa\u00e7\u00e3o de sangue - Litoral SP\",\"isPartOf\":{\"@id\":\"https:\\\/\\\/redenoticiaz.com.br\\\/litoralsp\\\/#website\"},\"primaryImageOfPage\":{\"@id\":\"https:\\\/\\\/redenoticiaz.com.br\\\/litoralsp\\\/2022\\\/11\\\/01\\\/musico-santista-e-diagnosticado-com-leucemia-e-pede-ajuda-de-doacao-de-sangue#primaryimage\"},\"image\":{\"@id\":\"https:\\\/\\\/redenoticiaz.com.br\\\/litoralsp\\\/2022\\\/11\\\/01\\\/musico-santista-e-diagnosticado-com-leucemia-e-pede-ajuda-de-doacao-de-sangue#primaryimage\"},\"thumbnailUrl\":\"https:\\\/\\\/redenoticiaz.com.br\\\/litoralsp\\\/wp-content\\\/uploads\\\/sites\\\/3\\\/2022\\\/11\\\/CANTOR.png\",\"datePublished\":\"2022-11-01T12:53:10+00:00\",\"description\":\"O cantor Conrado Pouza, de 43 anos, bastante conhecido pela Baixada Santista foi diagnosticado com leucemia aguda e pede doa\u00e7\u00e3o de sangue. Ele\",\"inLanguage\":\"pt-BR\",\"potentialAction\":[{\"@type\":\"ReadAction\",\"target\":[\"https:\\\/\\\/redenoticiaz.com.br\\\/litoralsp\\\/2022\\\/11\\\/01\\\/musico-santista-e-diagnosticado-com-leucemia-e-pede-ajuda-de-doacao-de-sangue\"]}]},{\"@type\":\"ImageObject\",\"inLanguage\":\"pt-BR\",\"@id\":\"https:\\\/\\\/redenoticiaz.com.br\\\/litoralsp\\\/2022\\\/11\\\/01\\\/musico-santista-e-diagnosticado-com-leucemia-e-pede-ajuda-de-doacao-de-sangue#primaryimage\",\"url\":\"https:\\\/\\\/redenoticiaz.com.br\\\/litoralsp\\\/wp-content\\\/uploads\\\/sites\\\/3\\\/2022\\\/11\\\/CANTOR.png\",\"contentUrl\":\"https:\\\/\\\/redenoticiaz.com.br\\\/litoralsp\\\/wp-content\\\/uploads\\\/sites\\\/3\\\/2022\\\/11\\\/CANTOR.png\",\"width\":689,\"height\":448,\"caption\":\"Cr\u00e9ditos: Reprodu\u00e7\u00e3o\\\/Instagram\"},{\"@type\":\"WebSite\",\"@id\":\"https:\\\/\\\/redenoticiaz.com.br\\\/litoralsp\\\/#website\",\"url\":\"https:\\\/\\\/redenoticiaz.com.br\\\/litoralsp\\\/\",\"name\":\"Litoral SP\",\"description\":\"Rede NoticiaZ\",\"publisher\":{\"@id\":\"https:\\\/\\\/redenoticiaz.com.br\\\/litoralsp\\\/#organization\"},\"potentialAction\":[{\"@type\":\"SearchAction\",\"target\":{\"@type\":\"EntryPoint\",\"urlTemplate\":\"https:\\\/\\\/redenoticiaz.com.br\\\/litoralsp\\\/?s={search_term_string}\"},\"query-input\":{\"@type\":\"PropertyValueSpecification\",\"valueRequired\":true,\"valueName\":\"search_term_string\"}}],\"inLanguage\":\"pt-BR\"},{\"@type\":\"Organization\",\"@id\":\"https:\\\/\\\/redenoticiaz.com.br\\\/litoralsp\\\/#organization\",\"name\":\"Litoral SP\",\"url\":\"https:\\\/\\\/redenoticiaz.com.br\\\/litoralsp\\\/\",\"logo\":{\"@type\":\"ImageObject\",\"inLanguage\":\"pt-BR\",\"@id\":\"https:\\\/\\\/redenoticiaz.com.br\\\/litoralsp\\\/#\\\/schema\\\/logo\\\/image\\\/\",\"url\":\"https:\\\/\\\/redenoticiaz.com.br\\\/litoralsp\\\/wp-content\\\/uploads\\\/sites\\\/3\\\/2020\\\/11\\\/logo.jpg\",\"contentUrl\":\"https:\\\/\\\/redenoticiaz.com.br\\\/litoralsp\\\/wp-content\\\/uploads\\\/sites\\\/3\\\/2020\\\/11\\\/logo.jpg\",\"width\":400,\"height\":250,\"caption\":\"Litoral SP\"},\"image\":{\"@id\":\"https:\\\/\\\/redenoticiaz.com.br\\\/litoralsp\\\/#\\\/schema\\\/logo\\\/image\\\/\"}},{\"@type\":\"Person\",\"@id\":\"https:\\\/\\\/redenoticiaz.com.br\\\/litoralsp\\\/#\\\/schema\\\/person\\\/0f0b8a5bdafefe82841e07ae8d81ecb3\",\"name\":\"Leonardo Francisco\",\"image\":{\"@type\":\"ImageObject\",\"inLanguage\":\"pt-BR\",\"@id\":\"https:\\\/\\\/secure.gravatar.com\\\/avatar\\\/a7358cb406a99b682ec6df1e77e31ae82e63601f6784e8a3df411d72b37864da?s=96&d=mm&r=g\",\"url\":\"https:\\\/\\\/secure.gravatar.com\\\/avatar\\\/a7358cb406a99b682ec6df1e77e31ae82e63601f6784e8a3df411d72b37864da?s=96&d=mm&r=g\",\"contentUrl\":\"https:\\\/\\\/secure.gravatar.com\\\/avatar\\\/a7358cb406a99b682ec6df1e77e31ae82e63601f6784e8a3df411d72b37864da?s=96&d=mm&r=g\",\"caption\":\"Leonardo Francisco\"},\"url\":\"https:\\\/\\\/redenoticiaz.com.br\\\/litoralsp\\\/author\\\/leonardo-francisco\"}]}<\/script>\n<!-- \/ Yoast SEO plugin. -->","yoast_head_json":{"title":"M\u00fasico santista \u00e9 diagnosticado com leucemia e pede ajuda de doa\u00e7\u00e3o de sangue - Litoral SP","description":"O cantor Conrado Pouza, de 43 anos, bastante conhecido pela Baixada Santista foi diagnosticado com leucemia aguda e pede doa\u00e7\u00e3o de sangue. Ele","robots":{"index":"index","follow":"follow","max-snippet":"max-snippet:-1","max-image-preview":"max-image-preview:large","max-video-preview":"max-video-preview:-1"},"canonical":"https:\/\/redenoticiaz.com.br\/litoralsp\/2022\/11\/01\/musico-santista-e-diagnosticado-com-leucemia-e-pede-ajuda-de-doacao-de-sangue","og_locale":"pt_BR","og_type":"article","og_title":"M\u00fasico santista \u00e9 diagnosticado com leucemia e pede ajuda de doa\u00e7\u00e3o de sangue - Litoral SP","og_description":"O cantor Conrado Pouza, de 43 anos, bastante conhecido pela Baixada Santista foi diagnosticado com leucemia aguda e pede doa\u00e7\u00e3o de sangue. Ele","og_url":"https:\/\/redenoticiaz.com.br\/litoralsp\/2022\/11\/01\/musico-santista-e-diagnosticado-com-leucemia-e-pede-ajuda-de-doacao-de-sangue","og_site_name":"Litoral SP","article_published_time":"2022-11-01T12:53:10+00:00","og_image":[{"width":689,"height":448,"url":"https:\/\/redenoticiaz.com.br\/litoralsp\/wp-content\/uploads\/sites\/3\/2022\/11\/CANTOR.png","type":"image\/png"}],"author":"Leonardo Francisco","twitter_card":"summary_large_image","twitter_misc":{"Escrito por":"Leonardo Francisco","Est. tempo de leitura":"2 minutos"},"schema":{"@context":"https:\/\/schema.org","@graph":[{"@type":"Article","@id":"https:\/\/redenoticiaz.com.br\/litoralsp\/2022\/11\/01\/musico-santista-e-diagnosticado-com-leucemia-e-pede-ajuda-de-doacao-de-sangue#article","isPartOf":{"@id":"https:\/\/redenoticiaz.com.br\/litoralsp\/2022\/11\/01\/musico-santista-e-diagnosticado-com-leucemia-e-pede-ajuda-de-doacao-de-sangue"},"author":{"name":"Leonardo Francisco","@id":"https:\/\/redenoticiaz.com.br\/litoralsp\/#\/schema\/person\/0f0b8a5bdafefe82841e07ae8d81ecb3"},"headline":"M\u00fasico santista \u00e9 diagnosticado com leucemia e pede ajuda de doa\u00e7\u00e3o de sangue","datePublished":"2022-11-01T12:53:10+00:00","mainEntityOfPage":{"@id":"https:\/\/redenoticiaz.com.br\/litoralsp\/2022\/11\/01\/musico-santista-e-diagnosticado-com-leucemia-e-pede-ajuda-de-doacao-de-sangue"},"wordCount":212,"commentCount":0,"publisher":{"@id":"https:\/\/redenoticiaz.com.br\/litoralsp\/#organization"},"image":{"@id":"https:\/\/redenoticiaz.com.br\/litoralsp\/2022\/11\/01\/musico-santista-e-diagnosticado-com-leucemia-e-pede-ajuda-de-doacao-de-sangue#primaryimage"},"thumbnailUrl":"https:\/\/redenoticiaz.com.br\/litoralsp\/wp-content\/uploads\/sites\/3\/2022\/11\/CANTOR.png","keywords":["BANCO DE SANGUE DE SANTOS","BOQUEIR\u00c3O","CANTOR CONRADO POUZA","DOA\u00c7\u00c3O DE SANGUE","Santos"],"articleSection":["Santos","Sa\u00fade"],"inLanguage":"pt-BR","potentialAction":[{"@type":"CommentAction","name":"Comment","target":["https:\/\/redenoticiaz.com.br\/litoralsp\/2022\/11\/01\/musico-santista-e-diagnosticado-com-leucemia-e-pede-ajuda-de-doacao-de-sangue#respond"]}]},{"@type":"WebPage","@id":"https:\/\/redenoticiaz.com.br\/litoralsp\/2022\/11\/01\/musico-santista-e-diagnosticado-com-leucemia-e-pede-ajuda-de-doacao-de-sangue","url":"https:\/\/redenoticiaz.com.br\/litoralsp\/2022\/11\/01\/musico-santista-e-diagnosticado-com-leucemia-e-pede-ajuda-de-doacao-de-sangue","name":"M\u00fasico santista \u00e9 diagnosticado com leucemia e pede ajuda de doa\u00e7\u00e3o de sangue - Litoral SP","isPartOf":{"@id":"https:\/\/redenoticiaz.com.br\/litoralsp\/#website"},"primaryImageOfPage":{"@id":"https:\/\/redenoticiaz.com.br\/litoralsp\/2022\/11\/01\/musico-santista-e-diagnosticado-com-leucemia-e-pede-ajuda-de-doacao-de-sangue#primaryimage"},"image":{"@id":"https:\/\/redenoticiaz.com.br\/litoralsp\/2022\/11\/01\/musico-santista-e-diagnosticado-com-leucemia-e-pede-ajuda-de-doacao-de-sangue#primaryimage"},"thumbnailUrl":"https:\/\/redenoticiaz.com.br\/litoralsp\/wp-content\/uploads\/sites\/3\/2022\/11\/CANTOR.png","datePublished":"2022-11-01T12:53:10+00:00","description":"O cantor Conrado Pouza, de 43 anos, bastante conhecido pela Baixada Santista foi diagnosticado com leucemia aguda e pede doa\u00e7\u00e3o de sangue. Ele","inLanguage":"pt-BR","potentialAction":[{"@type":"ReadAction","target":["https:\/\/redenoticiaz.com.br\/litoralsp\/2022\/11\/01\/musico-santista-e-diagnosticado-com-leucemia-e-pede-ajuda-de-doacao-de-sangue"]}]},{"@type":"ImageObject","inLanguage":"pt-BR","@id":"https:\/\/redenoticiaz.com.br\/litoralsp\/2022\/11\/01\/musico-santista-e-diagnosticado-com-leucemia-e-pede-ajuda-de-doacao-de-sangue#primaryimage","url":"https:\/\/redenoticiaz.com.br\/litoralsp\/wp-content\/uploads\/sites\/3\/2022\/11\/CANTOR.png","contentUrl":"https:\/\/redenoticiaz.com.br\/litoralsp\/wp-content\/uploads\/sites\/3\/2022\/11\/CANTOR.png","width":689,"height":448,"caption":"Cr\u00e9ditos: Reprodu\u00e7\u00e3o\/Instagram"},{"@type":"WebSite","@id":"https:\/\/redenoticiaz.com.br\/litoralsp\/#website","url":"https:\/\/redenoticiaz.com.br\/litoralsp\/","name":"Litoral SP","description":"Rede NoticiaZ","publisher":{"@id":"https:\/\/redenoticiaz.com.br\/litoralsp\/#organization"},"potentialAction":[{"@type":"SearchAction","target":{"@type":"EntryPoint","urlTemplate":"https:\/\/redenoticiaz.com.br\/litoralsp\/?s={search_term_string}"},"query-input":{"@type":"PropertyValueSpecification","valueRequired":true,"valueName":"search_term_string"}}],"inLanguage":"pt-BR"},{"@type":"Organization","@id":"https:\/\/redenoticiaz.com.br\/litoralsp\/#organization","name":"Litoral SP","url":"https:\/\/redenoticiaz.com.br\/litoralsp\/","logo":{"@type":"ImageObject","inLanguage":"pt-BR","@id":"https:\/\/redenoticiaz.com.br\/litoralsp\/#\/schema\/logo\/image\/","url":"https:\/\/redenoticiaz.com.br\/litoralsp\/wp-content\/uploads\/sites\/3\/2020\/11\/logo.jpg","contentUrl":"https:\/\/redenoticiaz.com.br\/litoralsp\/wp-content\/uploads\/sites\/3\/2020\/11\/logo.jpg","width":400,"height":250,"caption":"Litoral SP"},"image":{"@id":"https:\/\/redenoticiaz.com.br\/litoralsp\/#\/schema\/logo\/image\/"}},{"@type":"Person","@id":"https:\/\/redenoticiaz.com.br\/litoralsp\/#\/schema\/person\/0f0b8a5bdafefe82841e07ae8d81ecb3","name":"Leonardo Francisco","image":{"@type":"ImageObject","inLanguage":"pt-BR","@id":"https:\/\/secure.gravatar.com\/avatar\/a7358cb406a99b682ec6df1e77e31ae82e63601f6784e8a3df411d72b37864da?s=96&d=mm&r=g","url":"https:\/\/secure.gravatar.com\/avatar\/a7358cb406a99b682ec6df1e77e31ae82e63601f6784e8a3df411d72b37864da?s=96&d=mm&r=g","contentUrl":"https:\/\/secure.gravatar.com\/avatar\/a7358cb406a99b682ec6df1e77e31ae82e63601f6784e8a3df411d72b37864da?s=96&d=mm&r=g","caption":"Leonardo Francisco"},"url":"https:\/\/redenoticiaz.com.br\/litoralsp\/author\/leonardo-francisco"}]}},"_links":{"self":[{"href":"https:\/\/redenoticiaz.com.br\/litoralsp\/wp-json\/wp\/v2\/posts\/94277","targetHints":{"allow":["GET"]}}],"collection":[{"href":"https:\/\/redenoticiaz.com.br\/litoralsp\/wp-json\/wp\/v2\/posts"}],"about":[{"href":"https:\/\/redenoticiaz.com.br\/litoralsp\/wp-json\/wp\/v2\/types\/post"}],"author":[{"embeddable":true,"href":"https:\/\/redenoticiaz.com.br\/litoralsp\/wp-json\/wp\/v2\/users\/6"}],"replies":[{"embeddable":true,"href":"https:\/\/redenoticiaz.com.br\/litoralsp\/wp-json\/wp\/v2\/comments?post=94277"}],"version-history":[{"count":1,"href":"https:\/\/redenoticiaz.com.br\/litoralsp\/wp-json\/wp\/v2\/posts\/94277\/revisions"}],"predecessor-version":[{"id":94279,"href":"https:\/\/redenoticiaz.com.br\/litoralsp\/wp-json\/wp\/v2\/posts\/94277\/revisions\/94279"}],"wp:featuredmedia":[{"embeddable":true,"href":"https:\/\/redenoticiaz.com.br\/litoralsp\/wp-json\/wp\/v2\/media\/94278"}],"wp:attachment":[{"href":"https:\/\/redenoticiaz.com.br\/litoralsp\/wp-json\/wp\/v2\/media?parent=94277"}],"wp:term":[{"taxonomy":"category","embeddable":true,"href":"https:\/\/redenoticiaz.com.br\/litoralsp\/wp-json\/wp\/v2\/categories?post=94277"},{"taxonomy":"post_tag","embeddable":true,"href":"https:\/\/redenoticiaz.com.br\/litoralsp\/wp-json\/wp\/v2\/tags?post=94277"}],"curies":[{"name":"wp","href":"https:\/\/api.w.org\/{rel}","templated":true}]}}