{"id":94280,"date":"2022-11-01T10:14:10","date_gmt":"2022-11-01T13:14:10","guid":{"rendered":"https:\/\/redenoticiaz.com.br\/litoralsp\/?p=94280"},"modified":"2022-11-01T10:14:10","modified_gmt":"2022-11-01T13:14:10","slug":"sao-paulo-segue-com-pontos-de-bloqueio-e-forca-cancelamento-de-mais-de-20-voos-no-aeroporto-de-guarulhos","status":"publish","type":"post","link":"https:\/\/redenoticiaz.com.br\/litoralsp\/2022\/11\/01\/sao-paulo-segue-com-pontos-de-bloqueio-e-forca-cancelamento-de-mais-de-20-voos-no-aeroporto-de-guarulhos","title":{"rendered":"S\u00e3o Paulo segue com pontos de bloqueio e for\u00e7a cancelamento de mais de 20 voos no Aeroporto de Guarulhos"},"content":{"rendered":"<p>S\u00e3o Paulo continua com graves problemas de congestionamentos nas rodovias, devido aos bloqueios feitos pelos manifestantes. At\u00e9 esta ter\u00e7a-feira (1\u00ba) eles continuam protestando contra a vit\u00f3ria de Luiz In\u00e1cio Lula da Silva (PT) sobre o presidente Jair Bolsonaro (PL). O governador de S\u00e3o Paulo, Rodrigo Garcia (PSDB) criticou o ato e j\u00e1 determinou uma for\u00e7a-tarefa para liberar as pistas. Como consequ\u00eancia dos bloqueios, pelo <strong>menos 25 voos foram cancelados no Aeroporto Internacional de Guarulhos.<\/strong><\/p>\n<div id=\"chunk-8mth1\">\n<div class=\"mc-column content-text active-extra-styles \" data-block-type=\"unstyled\" data-block-weight=\"22\" data-block-id=\"4\">\n<blockquote>\n<p class=\"content-text__container \" data-track-category=\"Link no Texto\" data-track-links=\"\">&#8220;Bloqueio de estradas \u00e9 inadmiss\u00edvel. As pessoas t\u00eam o direito de ir e vir&#8221;, disse Garcia em postagem nas redes sociais.<\/p>\n<\/blockquote>\n<\/div>\n<\/div>\n<div id=\"chunk-195o4\">\n<div class=\"mc-column content-text active-extra-styles \" data-block-type=\"unstyled\" data-block-weight=\"61\" data-block-id=\"5\">\n<p class=\"content-text__container \" data-track-category=\"Link no Texto\" data-track-links=\"\">Nesta segunda (31), o Minist\u00e9rio P\u00fablico de S\u00e3o Paulo disse, por meio de nota, que o procurador-geral de Justi\u00e7a, Mario Sarrubbo, constituiu um n\u00facleo de atua\u00e7\u00e3o Integrada composto por membros da Promotoria de Justi\u00e7a da Habita\u00e7\u00e3o e do Urbanismo da Capital e do Grupo de Atua\u00e7\u00e3o Especial de Combate ao Crime Organizado (Gaeco) para investigar em que circunst\u00e2ncias est\u00e3o ocorrendo os bloqueios.<\/p>\n<\/div>\n<\/div>\n<div id=\"chunk-f1d33\">\n<div class=\"mc-column content-text active-extra-styles \" data-block-type=\"unstyled\" data-block-weight=\"19\" data-block-id=\"7\">\n<p class=\"content-text__container \" data-track-category=\"Link no Texto\" data-track-links=\"\">Os manifestantes s\u00e3o contra o resultado das urnas na vota\u00e7\u00e3o de domingo (30) para a Presid\u00eancia da Rep\u00fablica. Na manh\u00e3 desta ter\u00e7a (1\u00b0), havia protestos na Castello Branco, na altura de Osasco, e no Rodoanel. A Regis Bittencourt permanece parcialmente interditada no km 280 a pista Norte.<\/p>\n<\/div>\n<\/div>\n<div class=\"mc-column content-text active-extra-styles\" data-block-type=\"raw\" data-block-weight=\"1\" data-block-id=\"9\">\n<div class=\"content-intertitle\">\n<h2>Cancelamentos de voos no Aeroporto de Guarulhos<\/h2>\n<\/div>\n<\/div>\n<div id=\"chunk-b1nf5\">\n<div class=\"mc-column content-text active-extra-styles \" data-block-type=\"unstyled\" data-block-weight=\"24\" data-block-id=\"10\">\n<p class=\"content-text__container \" data-track-category=\"Link no Texto\" data-track-links=\"\">Na H\u00e9lio Smidt, o protesto, que come\u00e7ou na noite de segunda (31), afetou a opera\u00e7\u00e3o no Aeroporto Internacional de S\u00e3o Paulo, em Guarulhos.<\/p>\n<\/div>\n<\/div>\n<div id=\"chunk-ebcr0\">\n<div class=\"mc-column content-text active-extra-styles \" data-block-type=\"unstyled\" data-block-weight=\"40\" data-block-id=\"11\">\n<p class=\"content-text__container \" data-track-category=\"Link no Texto\" data-track-links=\"\">\u00c0s 8h, o bloqueio era parcial. A via seguia interditada e prejudicando o tr\u00e2nsito. Entretanto, a ocupa\u00e7\u00e3o maior era feita por carros da Pol\u00edcia Rodovi\u00e1ria Federal (PRF), que apenas acompanhavam o protesto, sem retirar os manifestantes do local.<\/p>\n<\/div>\n<\/div>\n<div id=\"chunk-4j1bc\">\n<div class=\"mc-column content-text active-extra-styles \" data-block-type=\"unstyled\" data-block-weight=\"24\" data-block-id=\"12\">\n<p class=\"content-text__container \" data-track-category=\"Link no Texto\" data-track-links=\"\">Segundo a GRU Airport, 13 voos foram cancelados nesta ter\u00e7a-feira e cinco est\u00e3o atrasados. Na segunda (31), 12 voos j\u00e1 tinham sido cancelados.<\/p>\n<div id=\"chunk-7722o\">\n<div class=\"mc-column content-text active-extra-styles \" data-block-type=\"unstyled\" data-block-weight=\"27\" data-block-id=\"5\">\n<p class=\"content-text__container \" data-track-category=\"Link no Texto\" data-track-links=\"\">Em nota, a Latam disse que por conta de bloqueios de importantes vias do Brasil, &#8220;situa\u00e7\u00e3o totalmente alheia ao seu controle, alguns de seus voos foram impactados.&#8221;<\/p>\n<\/div>\n<\/div>\n<div id=\"chunk-c8846\">\n<div class=\"mc-column content-text active-extra-styles \" data-block-type=\"unstyled\" data-block-weight=\"31\" data-block-id=\"6\">\n<p class=\"content-text__container \" data-track-category=\"Link no Texto\" data-track-links=\"\">A companhia lamenta a situa\u00e7\u00e3o e orienta a todos os seus clientes que verifiquem o status de seu voo no site da companhia e se dirijam aos aeroportos com maior anteced\u00eancia.<\/p>\n<h3 data-track-category=\"Link no Texto\">Transporte intermunicipal afetado<\/h3>\n<p class=\"content-text__container \" data-track-category=\"Link no Texto\" data-track-links=\"\">Por meio de nota, a Empresa Metropolitana de Transportes Urbanos (EMTU) informou que as manifesta\u00e7\u00f5es na Rodovia Anhanguera, na regi\u00e3o de Campinas e Sumar\u00e9, afetam diversas linhas de \u00f4nibus:<\/p>\n<div id=\"chunk-dlvqe\">\n<div class=\"mc-column content-text active-extra-styles \" data-block-type=\"unstyled\" data-block-weight=\"34\" data-block-id=\"20\">\n<p class=\"content-text__container \" data-track-category=\"Link no Texto\" data-track-links=\"\">636EX1, 636, 636PR2, 637, 638, 651, 657, 658, 659, 663, 664, 740, 649, 661, 652, 652EX1, 653, 654, 635, 633, 633VP1 e 666, que est\u00e3o est\u00e3o operando com at\u00e9 15 minutos de atrasos.<\/p>\n<\/div>\n<\/div>\n<div id=\"chunk-ev890\">\n<div class=\"mc-column content-text active-extra-styles \" data-block-type=\"unstyled\" data-block-weight=\"32\" data-block-id=\"22\">\n<p class=\"content-text__container \" data-track-category=\"Link no Texto\" data-track-links=\"\">Na Rodovia R\u00e9gis Bittencourt, pr\u00f3ximo a Embu das Artes, as linhas prejudicadas s\u00e3o: 002, 030, 030BI1, 032, 033, 056, 239, 511 e 808 e est\u00e3o operando com at\u00e9 30 minutos de atrasos.<\/p>\n<p data-track-category=\"Link no Texto\" data-track-links=\"\"><strong>LEIA TAMB\u00c9M<\/strong><\/p>\n<p data-track-category=\"Link no Texto\" data-track-links=\"\"><a href=\"https:\/\/redenoticiaz.com.br\/litoralsp\/2022\/11\/01\/stf-confirma-decisao-para-que-a-policia-rodoviaria-federal-liberem-as-rodovias-dos-manifestantes\">STF confirma decis\u00e3o para que a Pol\u00edcia Rodovi\u00e1ria Federal liberem as rodovias dos manifestantes<\/a><\/p>\n<\/div>\n<\/div>\n<\/div>\n<\/div>\n<\/div>\n<\/div>\n","protected":false},"excerpt":{"rendered":"<p>S\u00e3o Paulo continua com graves problemas de congestionamentos nas rodovias, devido aos bloqueios feitos pelos manifestantes. At\u00e9 esta ter\u00e7a-feira (1\u00ba) eles continuam protestando contra a vit\u00f3ria de Luiz In\u00e1cio Lula da Silva (PT) sobre o presidente Jair Bolsonaro (PL). O governador de S\u00e3o Paulo, Rodrigo Garcia (PSDB) criticou o ato e j\u00e1 determinou uma for\u00e7a-tarefa &hellip;<\/p>\n","protected":false},"author":6,"featured_media":94281,"comment_status":"open","ping_status":"closed","sticky":false,"template":"","format":"standard","meta":{"footnotes":""},"categories":[5,88],"tags":[1411,60546,35683,22246,65],"class_list":["post-94280","post","type-post","status-publish","format-standard","has-post-thumbnail","hentry","category-transito","category-transportes","tag-aeroporto-de-guarulhos","tag-bloqueio-de-rodovias","tag-ministerio-publico-de-sao-paulo","tag-rodovias","tag-sao-paulo"],"yoast_head":"<!-- This site is optimized with the Yoast SEO plugin v27.5 - https:\/\/yoast.com\/product\/yoast-seo-wordpress\/ -->\n<title>S\u00e3o Paulo segue com pontos de bloqueio e for\u00e7a cancelamento de mais de 20 voos no Aeroporto de Guarulhos - Litoral SP<\/title>\n<meta name=\"description\" content=\"S\u00e3o Paulo continua com graves problemas de congestionamentos nas rodovias, devido aos bloqueios feitos pelos manifestantes. At\u00e9\" \/>\n<meta name=\"robots\" content=\"index, follow, max-snippet:-1, max-image-preview:large, max-video-preview:-1\" \/>\n<link rel=\"canonical\" href=\"https:\/\/redenoticiaz.com.br\/litoralsp\/2022\/11\/01\/sao-paulo-segue-com-pontos-de-bloqueio-e-forca-cancelamento-de-mais-de-20-voos-no-aeroporto-de-guarulhos\" \/>\n<meta property=\"og:locale\" content=\"pt_BR\" \/>\n<meta property=\"og:type\" content=\"article\" \/>\n<meta property=\"og:title\" content=\"S\u00e3o Paulo segue com pontos de bloqueio e for\u00e7a cancelamento de mais de 20 voos no Aeroporto de Guarulhos - Litoral SP\" \/>\n<meta property=\"og:description\" content=\"S\u00e3o Paulo continua com graves problemas de congestionamentos nas rodovias, devido aos bloqueios feitos pelos manifestantes. At\u00e9\" \/>\n<meta property=\"og:url\" content=\"https:\/\/redenoticiaz.com.br\/litoralsp\/2022\/11\/01\/sao-paulo-segue-com-pontos-de-bloqueio-e-forca-cancelamento-de-mais-de-20-voos-no-aeroporto-de-guarulhos\" \/>\n<meta property=\"og:site_name\" content=\"Litoral SP\" \/>\n<meta property=\"article:published_time\" content=\"2022-11-01T13:14:10+00:00\" \/>\n<meta property=\"og:image\" content=\"https:\/\/redenoticiaz.com.br\/litoralsp\/wp-content\/uploads\/sites\/3\/2022\/11\/CASTELLO-BRANCO.png\" \/>\n\t<meta property=\"og:image:width\" content=\"1133\" \/>\n\t<meta property=\"og:image:height\" content=\"526\" \/>\n\t<meta property=\"og:image:type\" content=\"image\/png\" \/>\n<meta name=\"author\" content=\"Leonardo Francisco\" \/>\n<meta name=\"twitter:card\" content=\"summary_large_image\" \/>\n<meta name=\"twitter:label1\" content=\"Escrito por\" \/>\n\t<meta name=\"twitter:data1\" content=\"Leonardo Francisco\" \/>\n\t<meta name=\"twitter:label2\" content=\"Est. tempo de leitura\" \/>\n\t<meta name=\"twitter:data2\" content=\"3 minutos\" \/>\n<script type=\"application\/ld+json\" class=\"yoast-schema-graph\">{\"@context\":\"https:\\\/\\\/schema.org\",\"@graph\":[{\"@type\":\"Article\",\"@id\":\"https:\\\/\\\/redenoticiaz.com.br\\\/litoralsp\\\/2022\\\/11\\\/01\\\/sao-paulo-segue-com-pontos-de-bloqueio-e-forca-cancelamento-de-mais-de-20-voos-no-aeroporto-de-guarulhos#article\",\"isPartOf\":{\"@id\":\"https:\\\/\\\/redenoticiaz.com.br\\\/litoralsp\\\/2022\\\/11\\\/01\\\/sao-paulo-segue-com-pontos-de-bloqueio-e-forca-cancelamento-de-mais-de-20-voos-no-aeroporto-de-guarulhos\"},\"author\":{\"name\":\"Leonardo Francisco\",\"@id\":\"https:\\\/\\\/redenoticiaz.com.br\\\/litoralsp\\\/#\\\/schema\\\/person\\\/0f0b8a5bdafefe82841e07ae8d81ecb3\"},\"headline\":\"S\u00e3o Paulo segue com pontos de bloqueio e for\u00e7a cancelamento de mais de 20 voos no Aeroporto de Guarulhos\",\"datePublished\":\"2022-11-01T13:14:10+00:00\",\"mainEntityOfPage\":{\"@id\":\"https:\\\/\\\/redenoticiaz.com.br\\\/litoralsp\\\/2022\\\/11\\\/01\\\/sao-paulo-segue-com-pontos-de-bloqueio-e-forca-cancelamento-de-mais-de-20-voos-no-aeroporto-de-guarulhos\"},\"wordCount\":497,\"commentCount\":0,\"publisher\":{\"@id\":\"https:\\\/\\\/redenoticiaz.com.br\\\/litoralsp\\\/#organization\"},\"image\":{\"@id\":\"https:\\\/\\\/redenoticiaz.com.br\\\/litoralsp\\\/2022\\\/11\\\/01\\\/sao-paulo-segue-com-pontos-de-bloqueio-e-forca-cancelamento-de-mais-de-20-voos-no-aeroporto-de-guarulhos#primaryimage\"},\"thumbnailUrl\":\"https:\\\/\\\/redenoticiaz.com.br\\\/litoralsp\\\/wp-content\\\/uploads\\\/sites\\\/3\\\/2022\\\/11\\\/CASTELLO-BRANCO.png\",\"keywords\":[\"AEROPORTO DE GUARULHOS\",\"BLOQUEIO DE RODOVIAS\",\"MINIST\u00c9RIO P\u00daBLICO DE S\u00c3O PAULO\",\"rodovias\",\"S\u00e3o Paulo\"],\"articleSection\":[\"Tr\u00e2nsito\",\"Transportes\"],\"inLanguage\":\"pt-BR\",\"potentialAction\":[{\"@type\":\"CommentAction\",\"name\":\"Comment\",\"target\":[\"https:\\\/\\\/redenoticiaz.com.br\\\/litoralsp\\\/2022\\\/11\\\/01\\\/sao-paulo-segue-com-pontos-de-bloqueio-e-forca-cancelamento-de-mais-de-20-voos-no-aeroporto-de-guarulhos#respond\"]}]},{\"@type\":\"WebPage\",\"@id\":\"https:\\\/\\\/redenoticiaz.com.br\\\/litoralsp\\\/2022\\\/11\\\/01\\\/sao-paulo-segue-com-pontos-de-bloqueio-e-forca-cancelamento-de-mais-de-20-voos-no-aeroporto-de-guarulhos\",\"url\":\"https:\\\/\\\/redenoticiaz.com.br\\\/litoralsp\\\/2022\\\/11\\\/01\\\/sao-paulo-segue-com-pontos-de-bloqueio-e-forca-cancelamento-de-mais-de-20-voos-no-aeroporto-de-guarulhos\",\"name\":\"S\u00e3o Paulo segue com pontos de bloqueio e for\u00e7a cancelamento de mais de 20 voos no Aeroporto de Guarulhos - Litoral SP\",\"isPartOf\":{\"@id\":\"https:\\\/\\\/redenoticiaz.com.br\\\/litoralsp\\\/#website\"},\"primaryImageOfPage\":{\"@id\":\"https:\\\/\\\/redenoticiaz.com.br\\\/litoralsp\\\/2022\\\/11\\\/01\\\/sao-paulo-segue-com-pontos-de-bloqueio-e-forca-cancelamento-de-mais-de-20-voos-no-aeroporto-de-guarulhos#primaryimage\"},\"image\":{\"@id\":\"https:\\\/\\\/redenoticiaz.com.br\\\/litoralsp\\\/2022\\\/11\\\/01\\\/sao-paulo-segue-com-pontos-de-bloqueio-e-forca-cancelamento-de-mais-de-20-voos-no-aeroporto-de-guarulhos#primaryimage\"},\"thumbnailUrl\":\"https:\\\/\\\/redenoticiaz.com.br\\\/litoralsp\\\/wp-content\\\/uploads\\\/sites\\\/3\\\/2022\\\/11\\\/CASTELLO-BRANCO.png\",\"datePublished\":\"2022-11-01T13:14:10+00:00\",\"description\":\"S\u00e3o Paulo continua com graves problemas de congestionamentos nas rodovias, devido aos bloqueios feitos pelos manifestantes. At\u00e9\",\"inLanguage\":\"pt-BR\",\"potentialAction\":[{\"@type\":\"ReadAction\",\"target\":[\"https:\\\/\\\/redenoticiaz.com.br\\\/litoralsp\\\/2022\\\/11\\\/01\\\/sao-paulo-segue-com-pontos-de-bloqueio-e-forca-cancelamento-de-mais-de-20-voos-no-aeroporto-de-guarulhos\"]}]},{\"@type\":\"ImageObject\",\"inLanguage\":\"pt-BR\",\"@id\":\"https:\\\/\\\/redenoticiaz.com.br\\\/litoralsp\\\/2022\\\/11\\\/01\\\/sao-paulo-segue-com-pontos-de-bloqueio-e-forca-cancelamento-de-mais-de-20-voos-no-aeroporto-de-guarulhos#primaryimage\",\"url\":\"https:\\\/\\\/redenoticiaz.com.br\\\/litoralsp\\\/wp-content\\\/uploads\\\/sites\\\/3\\\/2022\\\/11\\\/CASTELLO-BRANCO.png\",\"contentUrl\":\"https:\\\/\\\/redenoticiaz.com.br\\\/litoralsp\\\/wp-content\\\/uploads\\\/sites\\\/3\\\/2022\\\/11\\\/CASTELLO-BRANCO.png\",\"width\":1133,\"height\":526,\"caption\":\"Cr\u00e9ditos: Reprodu\u00e7\u00e3o\\\/TV Globo\"},{\"@type\":\"WebSite\",\"@id\":\"https:\\\/\\\/redenoticiaz.com.br\\\/litoralsp\\\/#website\",\"url\":\"https:\\\/\\\/redenoticiaz.com.br\\\/litoralsp\\\/\",\"name\":\"Litoral SP\",\"description\":\"Rede NoticiaZ\",\"publisher\":{\"@id\":\"https:\\\/\\\/redenoticiaz.com.br\\\/litoralsp\\\/#organization\"},\"potentialAction\":[{\"@type\":\"SearchAction\",\"target\":{\"@type\":\"EntryPoint\",\"urlTemplate\":\"https:\\\/\\\/redenoticiaz.com.br\\\/litoralsp\\\/?s={search_term_string}\"},\"query-input\":{\"@type\":\"PropertyValueSpecification\",\"valueRequired\":true,\"valueName\":\"search_term_string\"}}],\"inLanguage\":\"pt-BR\"},{\"@type\":\"Organization\",\"@id\":\"https:\\\/\\\/redenoticiaz.com.br\\\/litoralsp\\\/#organization\",\"name\":\"Litoral SP\",\"url\":\"https:\\\/\\\/redenoticiaz.com.br\\\/litoralsp\\\/\",\"logo\":{\"@type\":\"ImageObject\",\"inLanguage\":\"pt-BR\",\"@id\":\"https:\\\/\\\/redenoticiaz.com.br\\\/litoralsp\\\/#\\\/schema\\\/logo\\\/image\\\/\",\"url\":\"https:\\\/\\\/redenoticiaz.com.br\\\/litoralsp\\\/wp-content\\\/uploads\\\/sites\\\/3\\\/2020\\\/11\\\/logo.jpg\",\"contentUrl\":\"https:\\\/\\\/redenoticiaz.com.br\\\/litoralsp\\\/wp-content\\\/uploads\\\/sites\\\/3\\\/2020\\\/11\\\/logo.jpg\",\"width\":400,\"height\":250,\"caption\":\"Litoral SP\"},\"image\":{\"@id\":\"https:\\\/\\\/redenoticiaz.com.br\\\/litoralsp\\\/#\\\/schema\\\/logo\\\/image\\\/\"}},{\"@type\":\"Person\",\"@id\":\"https:\\\/\\\/redenoticiaz.com.br\\\/litoralsp\\\/#\\\/schema\\\/person\\\/0f0b8a5bdafefe82841e07ae8d81ecb3\",\"name\":\"Leonardo Francisco\",\"image\":{\"@type\":\"ImageObject\",\"inLanguage\":\"pt-BR\",\"@id\":\"https:\\\/\\\/secure.gravatar.com\\\/avatar\\\/a7358cb406a99b682ec6df1e77e31ae82e63601f6784e8a3df411d72b37864da?s=96&d=mm&r=g\",\"url\":\"https:\\\/\\\/secure.gravatar.com\\\/avatar\\\/a7358cb406a99b682ec6df1e77e31ae82e63601f6784e8a3df411d72b37864da?s=96&d=mm&r=g\",\"contentUrl\":\"https:\\\/\\\/secure.gravatar.com\\\/avatar\\\/a7358cb406a99b682ec6df1e77e31ae82e63601f6784e8a3df411d72b37864da?s=96&d=mm&r=g\",\"caption\":\"Leonardo Francisco\"},\"url\":\"https:\\\/\\\/redenoticiaz.com.br\\\/litoralsp\\\/author\\\/leonardo-francisco\"}]}<\/script>\n<!-- \/ Yoast SEO plugin. -->","yoast_head_json":{"title":"S\u00e3o Paulo segue com pontos de bloqueio e for\u00e7a cancelamento de mais de 20 voos no Aeroporto de Guarulhos - Litoral SP","description":"S\u00e3o Paulo continua com graves problemas de congestionamentos nas rodovias, devido aos bloqueios feitos pelos manifestantes. At\u00e9","robots":{"index":"index","follow":"follow","max-snippet":"max-snippet:-1","max-image-preview":"max-image-preview:large","max-video-preview":"max-video-preview:-1"},"canonical":"https:\/\/redenoticiaz.com.br\/litoralsp\/2022\/11\/01\/sao-paulo-segue-com-pontos-de-bloqueio-e-forca-cancelamento-de-mais-de-20-voos-no-aeroporto-de-guarulhos","og_locale":"pt_BR","og_type":"article","og_title":"S\u00e3o Paulo segue com pontos de bloqueio e for\u00e7a cancelamento de mais de 20 voos no Aeroporto de Guarulhos - Litoral SP","og_description":"S\u00e3o Paulo continua com graves problemas de congestionamentos nas rodovias, devido aos bloqueios feitos pelos manifestantes. At\u00e9","og_url":"https:\/\/redenoticiaz.com.br\/litoralsp\/2022\/11\/01\/sao-paulo-segue-com-pontos-de-bloqueio-e-forca-cancelamento-de-mais-de-20-voos-no-aeroporto-de-guarulhos","og_site_name":"Litoral SP","article_published_time":"2022-11-01T13:14:10+00:00","og_image":[{"width":1133,"height":526,"url":"https:\/\/redenoticiaz.com.br\/litoralsp\/wp-content\/uploads\/sites\/3\/2022\/11\/CASTELLO-BRANCO.png","type":"image\/png"}],"author":"Leonardo Francisco","twitter_card":"summary_large_image","twitter_misc":{"Escrito por":"Leonardo Francisco","Est. tempo de leitura":"3 minutos"},"schema":{"@context":"https:\/\/schema.org","@graph":[{"@type":"Article","@id":"https:\/\/redenoticiaz.com.br\/litoralsp\/2022\/11\/01\/sao-paulo-segue-com-pontos-de-bloqueio-e-forca-cancelamento-de-mais-de-20-voos-no-aeroporto-de-guarulhos#article","isPartOf":{"@id":"https:\/\/redenoticiaz.com.br\/litoralsp\/2022\/11\/01\/sao-paulo-segue-com-pontos-de-bloqueio-e-forca-cancelamento-de-mais-de-20-voos-no-aeroporto-de-guarulhos"},"author":{"name":"Leonardo Francisco","@id":"https:\/\/redenoticiaz.com.br\/litoralsp\/#\/schema\/person\/0f0b8a5bdafefe82841e07ae8d81ecb3"},"headline":"S\u00e3o Paulo segue com pontos de bloqueio e for\u00e7a cancelamento de mais de 20 voos no Aeroporto de Guarulhos","datePublished":"2022-11-01T13:14:10+00:00","mainEntityOfPage":{"@id":"https:\/\/redenoticiaz.com.br\/litoralsp\/2022\/11\/01\/sao-paulo-segue-com-pontos-de-bloqueio-e-forca-cancelamento-de-mais-de-20-voos-no-aeroporto-de-guarulhos"},"wordCount":497,"commentCount":0,"publisher":{"@id":"https:\/\/redenoticiaz.com.br\/litoralsp\/#organization"},"image":{"@id":"https:\/\/redenoticiaz.com.br\/litoralsp\/2022\/11\/01\/sao-paulo-segue-com-pontos-de-bloqueio-e-forca-cancelamento-de-mais-de-20-voos-no-aeroporto-de-guarulhos#primaryimage"},"thumbnailUrl":"https:\/\/redenoticiaz.com.br\/litoralsp\/wp-content\/uploads\/sites\/3\/2022\/11\/CASTELLO-BRANCO.png","keywords":["AEROPORTO DE GUARULHOS","BLOQUEIO DE RODOVIAS","MINIST\u00c9RIO P\u00daBLICO DE S\u00c3O PAULO","rodovias","S\u00e3o Paulo"],"articleSection":["Tr\u00e2nsito","Transportes"],"inLanguage":"pt-BR","potentialAction":[{"@type":"CommentAction","name":"Comment","target":["https:\/\/redenoticiaz.com.br\/litoralsp\/2022\/11\/01\/sao-paulo-segue-com-pontos-de-bloqueio-e-forca-cancelamento-de-mais-de-20-voos-no-aeroporto-de-guarulhos#respond"]}]},{"@type":"WebPage","@id":"https:\/\/redenoticiaz.com.br\/litoralsp\/2022\/11\/01\/sao-paulo-segue-com-pontos-de-bloqueio-e-forca-cancelamento-de-mais-de-20-voos-no-aeroporto-de-guarulhos","url":"https:\/\/redenoticiaz.com.br\/litoralsp\/2022\/11\/01\/sao-paulo-segue-com-pontos-de-bloqueio-e-forca-cancelamento-de-mais-de-20-voos-no-aeroporto-de-guarulhos","name":"S\u00e3o Paulo segue com pontos de bloqueio e for\u00e7a cancelamento de mais de 20 voos no Aeroporto de Guarulhos - Litoral SP","isPartOf":{"@id":"https:\/\/redenoticiaz.com.br\/litoralsp\/#website"},"primaryImageOfPage":{"@id":"https:\/\/redenoticiaz.com.br\/litoralsp\/2022\/11\/01\/sao-paulo-segue-com-pontos-de-bloqueio-e-forca-cancelamento-de-mais-de-20-voos-no-aeroporto-de-guarulhos#primaryimage"},"image":{"@id":"https:\/\/redenoticiaz.com.br\/litoralsp\/2022\/11\/01\/sao-paulo-segue-com-pontos-de-bloqueio-e-forca-cancelamento-de-mais-de-20-voos-no-aeroporto-de-guarulhos#primaryimage"},"thumbnailUrl":"https:\/\/redenoticiaz.com.br\/litoralsp\/wp-content\/uploads\/sites\/3\/2022\/11\/CASTELLO-BRANCO.png","datePublished":"2022-11-01T13:14:10+00:00","description":"S\u00e3o Paulo continua com graves problemas de congestionamentos nas rodovias, devido aos bloqueios feitos pelos manifestantes. At\u00e9","inLanguage":"pt-BR","potentialAction":[{"@type":"ReadAction","target":["https:\/\/redenoticiaz.com.br\/litoralsp\/2022\/11\/01\/sao-paulo-segue-com-pontos-de-bloqueio-e-forca-cancelamento-de-mais-de-20-voos-no-aeroporto-de-guarulhos"]}]},{"@type":"ImageObject","inLanguage":"pt-BR","@id":"https:\/\/redenoticiaz.com.br\/litoralsp\/2022\/11\/01\/sao-paulo-segue-com-pontos-de-bloqueio-e-forca-cancelamento-de-mais-de-20-voos-no-aeroporto-de-guarulhos#primaryimage","url":"https:\/\/redenoticiaz.com.br\/litoralsp\/wp-content\/uploads\/sites\/3\/2022\/11\/CASTELLO-BRANCO.png","contentUrl":"https:\/\/redenoticiaz.com.br\/litoralsp\/wp-content\/uploads\/sites\/3\/2022\/11\/CASTELLO-BRANCO.png","width":1133,"height":526,"caption":"Cr\u00e9ditos: Reprodu\u00e7\u00e3o\/TV Globo"},{"@type":"WebSite","@id":"https:\/\/redenoticiaz.com.br\/litoralsp\/#website","url":"https:\/\/redenoticiaz.com.br\/litoralsp\/","name":"Litoral SP","description":"Rede NoticiaZ","publisher":{"@id":"https:\/\/redenoticiaz.com.br\/litoralsp\/#organization"},"potentialAction":[{"@type":"SearchAction","target":{"@type":"EntryPoint","urlTemplate":"https:\/\/redenoticiaz.com.br\/litoralsp\/?s={search_term_string}"},"query-input":{"@type":"PropertyValueSpecification","valueRequired":true,"valueName":"search_term_string"}}],"inLanguage":"pt-BR"},{"@type":"Organization","@id":"https:\/\/redenoticiaz.com.br\/litoralsp\/#organization","name":"Litoral SP","url":"https:\/\/redenoticiaz.com.br\/litoralsp\/","logo":{"@type":"ImageObject","inLanguage":"pt-BR","@id":"https:\/\/redenoticiaz.com.br\/litoralsp\/#\/schema\/logo\/image\/","url":"https:\/\/redenoticiaz.com.br\/litoralsp\/wp-content\/uploads\/sites\/3\/2020\/11\/logo.jpg","contentUrl":"https:\/\/redenoticiaz.com.br\/litoralsp\/wp-content\/uploads\/sites\/3\/2020\/11\/logo.jpg","width":400,"height":250,"caption":"Litoral SP"},"image":{"@id":"https:\/\/redenoticiaz.com.br\/litoralsp\/#\/schema\/logo\/image\/"}},{"@type":"Person","@id":"https:\/\/redenoticiaz.com.br\/litoralsp\/#\/schema\/person\/0f0b8a5bdafefe82841e07ae8d81ecb3","name":"Leonardo Francisco","image":{"@type":"ImageObject","inLanguage":"pt-BR","@id":"https:\/\/secure.gravatar.com\/avatar\/a7358cb406a99b682ec6df1e77e31ae82e63601f6784e8a3df411d72b37864da?s=96&d=mm&r=g","url":"https:\/\/secure.gravatar.com\/avatar\/a7358cb406a99b682ec6df1e77e31ae82e63601f6784e8a3df411d72b37864da?s=96&d=mm&r=g","contentUrl":"https:\/\/secure.gravatar.com\/avatar\/a7358cb406a99b682ec6df1e77e31ae82e63601f6784e8a3df411d72b37864da?s=96&d=mm&r=g","caption":"Leonardo Francisco"},"url":"https:\/\/redenoticiaz.com.br\/litoralsp\/author\/leonardo-francisco"}]}},"_links":{"self":[{"href":"https:\/\/redenoticiaz.com.br\/litoralsp\/wp-json\/wp\/v2\/posts\/94280","targetHints":{"allow":["GET"]}}],"collection":[{"href":"https:\/\/redenoticiaz.com.br\/litoralsp\/wp-json\/wp\/v2\/posts"}],"about":[{"href":"https:\/\/redenoticiaz.com.br\/litoralsp\/wp-json\/wp\/v2\/types\/post"}],"author":[{"embeddable":true,"href":"https:\/\/redenoticiaz.com.br\/litoralsp\/wp-json\/wp\/v2\/users\/6"}],"replies":[{"embeddable":true,"href":"https:\/\/redenoticiaz.com.br\/litoralsp\/wp-json\/wp\/v2\/comments?post=94280"}],"version-history":[{"count":1,"href":"https:\/\/redenoticiaz.com.br\/litoralsp\/wp-json\/wp\/v2\/posts\/94280\/revisions"}],"predecessor-version":[{"id":94282,"href":"https:\/\/redenoticiaz.com.br\/litoralsp\/wp-json\/wp\/v2\/posts\/94280\/revisions\/94282"}],"wp:featuredmedia":[{"embeddable":true,"href":"https:\/\/redenoticiaz.com.br\/litoralsp\/wp-json\/wp\/v2\/media\/94281"}],"wp:attachment":[{"href":"https:\/\/redenoticiaz.com.br\/litoralsp\/wp-json\/wp\/v2\/media?parent=94280"}],"wp:term":[{"taxonomy":"category","embeddable":true,"href":"https:\/\/redenoticiaz.com.br\/litoralsp\/wp-json\/wp\/v2\/categories?post=94280"},{"taxonomy":"post_tag","embeddable":true,"href":"https:\/\/redenoticiaz.com.br\/litoralsp\/wp-json\/wp\/v2\/tags?post=94280"}],"curies":[{"name":"wp","href":"https:\/\/api.w.org\/{rel}","templated":true}]}}