{"id":94376,"date":"2022-11-02T13:43:41","date_gmt":"2022-11-02T16:43:41","guid":{"rendered":"https:\/\/redenoticiaz.com.br\/litoralsp\/?p=94376"},"modified":"2022-11-02T13:43:41","modified_gmt":"2022-11-02T16:43:41","slug":"coqueiros-serao-transferidos-na-faixa-de-areia-da-orla-de-santos","status":"publish","type":"post","link":"https:\/\/redenoticiaz.com.br\/litoralsp\/2022\/11\/02\/coqueiros-serao-transferidos-na-faixa-de-areia-da-orla-de-santos","title":{"rendered":"Coqueiros ser\u00e3o transferidos na faixa de areia da orla de Santos"},"content":{"rendered":"<p>Um total de 14 coqueiros (Cocos nucifera) ser\u00e1 transplantado, nos pr\u00f3ximos dias, para a faixa de areia na divisa com S\u00e3o Vicente, tendo em vista a forte eros\u00e3o registrada na praia da Aparecida, onde est\u00e3o atualmente.<\/p>\n<p>De acordo com a Prefeitura, uma equipe de agr\u00f4nomos da Secretaria de Servi\u00e7os P\u00fablicos (Seserp) avaliou recentemente 22 \u00e1rvores do trecho de areia entre os canais 5 e 6, e constatou a necessidade de transfer\u00eancia de 14 exemplares.<\/p>\n<p>Ainda de acordo com as informa\u00e7\u00f5es, a movimenta\u00e7\u00e3o da mar\u00e9 vem retirando areia e expondo as ra\u00edzes dos vegetais.<\/p>\n<p>O transplantio consiste na retirada do coqueiro inteiro, incluindo raiz, caule e folhas, e o plantio, neste caso, na faixa de areia entre Santos e S\u00e3o Vicente.<\/p>\n<p><strong>Leia mais<\/strong><\/p>\n<p><a href=\"https:\/\/redenoticiaz.com.br\/litoralsp\/2022\/10\/29\/mutirao-contra-o-aedes-no-marape-em-santos-elimina-56-focos-de-larvas-de-mosquito\">Mutir\u00e3o contra o Aedes no Marap\u00e9, em Santos, elimina 56 focos de larvas de mosquito<\/a><\/p>\n","protected":false},"excerpt":{"rendered":"<p>Um total de 14 coqueiros (Cocos nucifera) ser\u00e1 transplantado, nos pr\u00f3ximos dias, para a faixa de areia na divisa com S\u00e3o Vicente, tendo em vista a forte eros\u00e3o registrada na praia da Aparecida, onde est\u00e3o atualmente. De acordo com a Prefeitura, uma equipe de agr\u00f4nomos da Secretaria de Servi\u00e7os P\u00fablicos (Seserp) avaliou recentemente 22 \u00e1rvores &hellip;<\/p>\n","protected":false},"author":12,"featured_media":94377,"comment_status":"open","ping_status":"closed","sticky":false,"template":"","format":"standard","meta":{"footnotes":""},"categories":[180],"tags":[60590,3872,986,33],"class_list":["post-94376","post","type-post","status-publish","format-standard","has-post-thumbnail","hentry","category-santos","tag-coqueiros","tag-orla-da-praia","tag-santos","tag-sao-vicente"],"yoast_head":"<!-- This site is optimized with the Yoast SEO plugin v27.5 - https:\/\/yoast.com\/product\/yoast-seo-wordpress\/ -->\n<title>Coqueiros ser\u00e3o transferidos na faixa de areia da orla de Santos - Litoral SP<\/title>\n<meta name=\"description\" content=\"Um total de 14 coqueiros (Cocos nucifera) ser\u00e1 transplantado, nos pr\u00f3ximos dias, para a faixa de areia na divisa com S\u00e3o Vicente\" \/>\n<meta name=\"robots\" content=\"index, follow, max-snippet:-1, max-image-preview:large, max-video-preview:-1\" \/>\n<link rel=\"canonical\" href=\"https:\/\/redenoticiaz.com.br\/litoralsp\/2022\/11\/02\/coqueiros-serao-transferidos-na-faixa-de-areia-da-orla-de-santos\" \/>\n<meta property=\"og:locale\" content=\"pt_BR\" \/>\n<meta property=\"og:type\" content=\"article\" \/>\n<meta property=\"og:title\" content=\"Coqueiros ser\u00e3o transferidos na faixa de areia da orla de Santos - Litoral SP\" \/>\n<meta property=\"og:description\" content=\"Um total de 14 coqueiros (Cocos nucifera) ser\u00e1 transplantado, nos pr\u00f3ximos dias, para a faixa de areia na divisa com S\u00e3o Vicente\" \/>\n<meta property=\"og:url\" content=\"https:\/\/redenoticiaz.com.br\/litoralsp\/2022\/11\/02\/coqueiros-serao-transferidos-na-faixa-de-areia-da-orla-de-santos\" \/>\n<meta property=\"og:site_name\" content=\"Litoral SP\" \/>\n<meta property=\"article:published_time\" content=\"2022-11-02T16:43:41+00:00\" \/>\n<meta property=\"og:image\" content=\"https:\/\/redenoticiaz.com.br\/litoralsp\/wp-content\/uploads\/sites\/3\/2022\/11\/coqueiro_2.jpg\" \/>\n\t<meta property=\"og:image:width\" content=\"769\" \/>\n\t<meta property=\"og:image:height\" content=\"1024\" \/>\n\t<meta property=\"og:image:type\" content=\"image\/jpeg\" \/>\n<meta name=\"author\" content=\"Gustavo Silva\" \/>\n<meta name=\"twitter:card\" content=\"summary_large_image\" \/>\n<meta name=\"twitter:label1\" content=\"Escrito por\" \/>\n\t<meta name=\"twitter:data1\" content=\"Gustavo Silva\" \/>\n\t<meta name=\"twitter:label2\" content=\"Est. tempo de leitura\" \/>\n\t<meta name=\"twitter:data2\" content=\"1 minuto\" \/>\n<script type=\"application\/ld+json\" class=\"yoast-schema-graph\">{\"@context\":\"https:\\\/\\\/schema.org\",\"@graph\":[{\"@type\":\"Article\",\"@id\":\"https:\\\/\\\/redenoticiaz.com.br\\\/litoralsp\\\/2022\\\/11\\\/02\\\/coqueiros-serao-transferidos-na-faixa-de-areia-da-orla-de-santos#article\",\"isPartOf\":{\"@id\":\"https:\\\/\\\/redenoticiaz.com.br\\\/litoralsp\\\/2022\\\/11\\\/02\\\/coqueiros-serao-transferidos-na-faixa-de-areia-da-orla-de-santos\"},\"author\":{\"name\":\"Gustavo Silva\",\"@id\":\"https:\\\/\\\/redenoticiaz.com.br\\\/litoralsp\\\/#\\\/schema\\\/person\\\/16057b37a3c0ee6b096d7f887c566e2e\"},\"headline\":\"Coqueiros ser\u00e3o transferidos na faixa de areia da orla de Santos\",\"datePublished\":\"2022-11-02T16:43:41+00:00\",\"mainEntityOfPage\":{\"@id\":\"https:\\\/\\\/redenoticiaz.com.br\\\/litoralsp\\\/2022\\\/11\\\/02\\\/coqueiros-serao-transferidos-na-faixa-de-areia-da-orla-de-santos\"},\"wordCount\":156,\"commentCount\":0,\"publisher\":{\"@id\":\"https:\\\/\\\/redenoticiaz.com.br\\\/litoralsp\\\/#organization\"},\"image\":{\"@id\":\"https:\\\/\\\/redenoticiaz.com.br\\\/litoralsp\\\/2022\\\/11\\\/02\\\/coqueiros-serao-transferidos-na-faixa-de-areia-da-orla-de-santos#primaryimage\"},\"thumbnailUrl\":\"https:\\\/\\\/redenoticiaz.com.br\\\/litoralsp\\\/wp-content\\\/uploads\\\/sites\\\/3\\\/2022\\\/11\\\/coqueiro_2.jpg\",\"keywords\":[\"coqueiros\",\"ORLA DA PRAIA\",\"Santos\",\"S\u00e3o Vicente\"],\"articleSection\":[\"Santos\"],\"inLanguage\":\"pt-BR\",\"potentialAction\":[{\"@type\":\"CommentAction\",\"name\":\"Comment\",\"target\":[\"https:\\\/\\\/redenoticiaz.com.br\\\/litoralsp\\\/2022\\\/11\\\/02\\\/coqueiros-serao-transferidos-na-faixa-de-areia-da-orla-de-santos#respond\"]}]},{\"@type\":\"WebPage\",\"@id\":\"https:\\\/\\\/redenoticiaz.com.br\\\/litoralsp\\\/2022\\\/11\\\/02\\\/coqueiros-serao-transferidos-na-faixa-de-areia-da-orla-de-santos\",\"url\":\"https:\\\/\\\/redenoticiaz.com.br\\\/litoralsp\\\/2022\\\/11\\\/02\\\/coqueiros-serao-transferidos-na-faixa-de-areia-da-orla-de-santos\",\"name\":\"Coqueiros ser\u00e3o transferidos na faixa de areia da orla de Santos - Litoral SP\",\"isPartOf\":{\"@id\":\"https:\\\/\\\/redenoticiaz.com.br\\\/litoralsp\\\/#website\"},\"primaryImageOfPage\":{\"@id\":\"https:\\\/\\\/redenoticiaz.com.br\\\/litoralsp\\\/2022\\\/11\\\/02\\\/coqueiros-serao-transferidos-na-faixa-de-areia-da-orla-de-santos#primaryimage\"},\"image\":{\"@id\":\"https:\\\/\\\/redenoticiaz.com.br\\\/litoralsp\\\/2022\\\/11\\\/02\\\/coqueiros-serao-transferidos-na-faixa-de-areia-da-orla-de-santos#primaryimage\"},\"thumbnailUrl\":\"https:\\\/\\\/redenoticiaz.com.br\\\/litoralsp\\\/wp-content\\\/uploads\\\/sites\\\/3\\\/2022\\\/11\\\/coqueiro_2.jpg\",\"datePublished\":\"2022-11-02T16:43:41+00:00\",\"description\":\"Um total de 14 coqueiros (Cocos nucifera) ser\u00e1 transplantado, nos pr\u00f3ximos dias, para a faixa de areia na divisa com S\u00e3o Vicente\",\"inLanguage\":\"pt-BR\",\"potentialAction\":[{\"@type\":\"ReadAction\",\"target\":[\"https:\\\/\\\/redenoticiaz.com.br\\\/litoralsp\\\/2022\\\/11\\\/02\\\/coqueiros-serao-transferidos-na-faixa-de-areia-da-orla-de-santos\"]}]},{\"@type\":\"ImageObject\",\"inLanguage\":\"pt-BR\",\"@id\":\"https:\\\/\\\/redenoticiaz.com.br\\\/litoralsp\\\/2022\\\/11\\\/02\\\/coqueiros-serao-transferidos-na-faixa-de-areia-da-orla-de-santos#primaryimage\",\"url\":\"https:\\\/\\\/redenoticiaz.com.br\\\/litoralsp\\\/wp-content\\\/uploads\\\/sites\\\/3\\\/2022\\\/11\\\/coqueiro_2.jpg\",\"contentUrl\":\"https:\\\/\\\/redenoticiaz.com.br\\\/litoralsp\\\/wp-content\\\/uploads\\\/sites\\\/3\\\/2022\\\/11\\\/coqueiro_2.jpg\",\"width\":769,\"height\":1024,\"caption\":\"Coqueiros ser\u00e3o transferidos na faixa de areia da orla de Santos\"},{\"@type\":\"WebSite\",\"@id\":\"https:\\\/\\\/redenoticiaz.com.br\\\/litoralsp\\\/#website\",\"url\":\"https:\\\/\\\/redenoticiaz.com.br\\\/litoralsp\\\/\",\"name\":\"Litoral SP\",\"description\":\"Rede NoticiaZ\",\"publisher\":{\"@id\":\"https:\\\/\\\/redenoticiaz.com.br\\\/litoralsp\\\/#organization\"},\"potentialAction\":[{\"@type\":\"SearchAction\",\"target\":{\"@type\":\"EntryPoint\",\"urlTemplate\":\"https:\\\/\\\/redenoticiaz.com.br\\\/litoralsp\\\/?s={search_term_string}\"},\"query-input\":{\"@type\":\"PropertyValueSpecification\",\"valueRequired\":true,\"valueName\":\"search_term_string\"}}],\"inLanguage\":\"pt-BR\"},{\"@type\":\"Organization\",\"@id\":\"https:\\\/\\\/redenoticiaz.com.br\\\/litoralsp\\\/#organization\",\"name\":\"Litoral SP\",\"url\":\"https:\\\/\\\/redenoticiaz.com.br\\\/litoralsp\\\/\",\"logo\":{\"@type\":\"ImageObject\",\"inLanguage\":\"pt-BR\",\"@id\":\"https:\\\/\\\/redenoticiaz.com.br\\\/litoralsp\\\/#\\\/schema\\\/logo\\\/image\\\/\",\"url\":\"https:\\\/\\\/redenoticiaz.com.br\\\/litoralsp\\\/wp-content\\\/uploads\\\/sites\\\/3\\\/2020\\\/11\\\/logo.jpg\",\"contentUrl\":\"https:\\\/\\\/redenoticiaz.com.br\\\/litoralsp\\\/wp-content\\\/uploads\\\/sites\\\/3\\\/2020\\\/11\\\/logo.jpg\",\"width\":400,\"height\":250,\"caption\":\"Litoral SP\"},\"image\":{\"@id\":\"https:\\\/\\\/redenoticiaz.com.br\\\/litoralsp\\\/#\\\/schema\\\/logo\\\/image\\\/\"}},{\"@type\":\"Person\",\"@id\":\"https:\\\/\\\/redenoticiaz.com.br\\\/litoralsp\\\/#\\\/schema\\\/person\\\/16057b37a3c0ee6b096d7f887c566e2e\",\"name\":\"Gustavo Silva\",\"image\":{\"@type\":\"ImageObject\",\"inLanguage\":\"pt-BR\",\"@id\":\"https:\\\/\\\/secure.gravatar.com\\\/avatar\\\/3ee4e82f93b26de0a7cf4ea5eb7893da637ed6bb0c9170c58065944c56e28a33?s=96&d=mm&r=g\",\"url\":\"https:\\\/\\\/secure.gravatar.com\\\/avatar\\\/3ee4e82f93b26de0a7cf4ea5eb7893da637ed6bb0c9170c58065944c56e28a33?s=96&d=mm&r=g\",\"contentUrl\":\"https:\\\/\\\/secure.gravatar.com\\\/avatar\\\/3ee4e82f93b26de0a7cf4ea5eb7893da637ed6bb0c9170c58065944c56e28a33?s=96&d=mm&r=g\",\"caption\":\"Gustavo Silva\"},\"url\":\"https:\\\/\\\/redenoticiaz.com.br\\\/litoralsp\\\/author\\\/gustavosilva\"}]}<\/script>\n<!-- \/ Yoast SEO plugin. -->","yoast_head_json":{"title":"Coqueiros ser\u00e3o transferidos na faixa de areia da orla de Santos - Litoral SP","description":"Um total de 14 coqueiros (Cocos nucifera) ser\u00e1 transplantado, nos pr\u00f3ximos dias, para a faixa de areia na divisa com S\u00e3o Vicente","robots":{"index":"index","follow":"follow","max-snippet":"max-snippet:-1","max-image-preview":"max-image-preview:large","max-video-preview":"max-video-preview:-1"},"canonical":"https:\/\/redenoticiaz.com.br\/litoralsp\/2022\/11\/02\/coqueiros-serao-transferidos-na-faixa-de-areia-da-orla-de-santos","og_locale":"pt_BR","og_type":"article","og_title":"Coqueiros ser\u00e3o transferidos na faixa de areia da orla de Santos - Litoral SP","og_description":"Um total de 14 coqueiros (Cocos nucifera) ser\u00e1 transplantado, nos pr\u00f3ximos dias, para a faixa de areia na divisa com S\u00e3o Vicente","og_url":"https:\/\/redenoticiaz.com.br\/litoralsp\/2022\/11\/02\/coqueiros-serao-transferidos-na-faixa-de-areia-da-orla-de-santos","og_site_name":"Litoral SP","article_published_time":"2022-11-02T16:43:41+00:00","og_image":[{"width":769,"height":1024,"url":"https:\/\/redenoticiaz.com.br\/litoralsp\/wp-content\/uploads\/sites\/3\/2022\/11\/coqueiro_2.jpg","type":"image\/jpeg"}],"author":"Gustavo Silva","twitter_card":"summary_large_image","twitter_misc":{"Escrito por":"Gustavo Silva","Est. tempo de leitura":"1 minuto"},"schema":{"@context":"https:\/\/schema.org","@graph":[{"@type":"Article","@id":"https:\/\/redenoticiaz.com.br\/litoralsp\/2022\/11\/02\/coqueiros-serao-transferidos-na-faixa-de-areia-da-orla-de-santos#article","isPartOf":{"@id":"https:\/\/redenoticiaz.com.br\/litoralsp\/2022\/11\/02\/coqueiros-serao-transferidos-na-faixa-de-areia-da-orla-de-santos"},"author":{"name":"Gustavo Silva","@id":"https:\/\/redenoticiaz.com.br\/litoralsp\/#\/schema\/person\/16057b37a3c0ee6b096d7f887c566e2e"},"headline":"Coqueiros ser\u00e3o transferidos na faixa de areia da orla de Santos","datePublished":"2022-11-02T16:43:41+00:00","mainEntityOfPage":{"@id":"https:\/\/redenoticiaz.com.br\/litoralsp\/2022\/11\/02\/coqueiros-serao-transferidos-na-faixa-de-areia-da-orla-de-santos"},"wordCount":156,"commentCount":0,"publisher":{"@id":"https:\/\/redenoticiaz.com.br\/litoralsp\/#organization"},"image":{"@id":"https:\/\/redenoticiaz.com.br\/litoralsp\/2022\/11\/02\/coqueiros-serao-transferidos-na-faixa-de-areia-da-orla-de-santos#primaryimage"},"thumbnailUrl":"https:\/\/redenoticiaz.com.br\/litoralsp\/wp-content\/uploads\/sites\/3\/2022\/11\/coqueiro_2.jpg","keywords":["coqueiros","ORLA DA PRAIA","Santos","S\u00e3o Vicente"],"articleSection":["Santos"],"inLanguage":"pt-BR","potentialAction":[{"@type":"CommentAction","name":"Comment","target":["https:\/\/redenoticiaz.com.br\/litoralsp\/2022\/11\/02\/coqueiros-serao-transferidos-na-faixa-de-areia-da-orla-de-santos#respond"]}]},{"@type":"WebPage","@id":"https:\/\/redenoticiaz.com.br\/litoralsp\/2022\/11\/02\/coqueiros-serao-transferidos-na-faixa-de-areia-da-orla-de-santos","url":"https:\/\/redenoticiaz.com.br\/litoralsp\/2022\/11\/02\/coqueiros-serao-transferidos-na-faixa-de-areia-da-orla-de-santos","name":"Coqueiros ser\u00e3o transferidos na faixa de areia da orla de Santos - Litoral SP","isPartOf":{"@id":"https:\/\/redenoticiaz.com.br\/litoralsp\/#website"},"primaryImageOfPage":{"@id":"https:\/\/redenoticiaz.com.br\/litoralsp\/2022\/11\/02\/coqueiros-serao-transferidos-na-faixa-de-areia-da-orla-de-santos#primaryimage"},"image":{"@id":"https:\/\/redenoticiaz.com.br\/litoralsp\/2022\/11\/02\/coqueiros-serao-transferidos-na-faixa-de-areia-da-orla-de-santos#primaryimage"},"thumbnailUrl":"https:\/\/redenoticiaz.com.br\/litoralsp\/wp-content\/uploads\/sites\/3\/2022\/11\/coqueiro_2.jpg","datePublished":"2022-11-02T16:43:41+00:00","description":"Um total de 14 coqueiros (Cocos nucifera) ser\u00e1 transplantado, nos pr\u00f3ximos dias, para a faixa de areia na divisa com S\u00e3o Vicente","inLanguage":"pt-BR","potentialAction":[{"@type":"ReadAction","target":["https:\/\/redenoticiaz.com.br\/litoralsp\/2022\/11\/02\/coqueiros-serao-transferidos-na-faixa-de-areia-da-orla-de-santos"]}]},{"@type":"ImageObject","inLanguage":"pt-BR","@id":"https:\/\/redenoticiaz.com.br\/litoralsp\/2022\/11\/02\/coqueiros-serao-transferidos-na-faixa-de-areia-da-orla-de-santos#primaryimage","url":"https:\/\/redenoticiaz.com.br\/litoralsp\/wp-content\/uploads\/sites\/3\/2022\/11\/coqueiro_2.jpg","contentUrl":"https:\/\/redenoticiaz.com.br\/litoralsp\/wp-content\/uploads\/sites\/3\/2022\/11\/coqueiro_2.jpg","width":769,"height":1024,"caption":"Coqueiros ser\u00e3o transferidos na faixa de areia da orla de Santos"},{"@type":"WebSite","@id":"https:\/\/redenoticiaz.com.br\/litoralsp\/#website","url":"https:\/\/redenoticiaz.com.br\/litoralsp\/","name":"Litoral SP","description":"Rede NoticiaZ","publisher":{"@id":"https:\/\/redenoticiaz.com.br\/litoralsp\/#organization"},"potentialAction":[{"@type":"SearchAction","target":{"@type":"EntryPoint","urlTemplate":"https:\/\/redenoticiaz.com.br\/litoralsp\/?s={search_term_string}"},"query-input":{"@type":"PropertyValueSpecification","valueRequired":true,"valueName":"search_term_string"}}],"inLanguage":"pt-BR"},{"@type":"Organization","@id":"https:\/\/redenoticiaz.com.br\/litoralsp\/#organization","name":"Litoral SP","url":"https:\/\/redenoticiaz.com.br\/litoralsp\/","logo":{"@type":"ImageObject","inLanguage":"pt-BR","@id":"https:\/\/redenoticiaz.com.br\/litoralsp\/#\/schema\/logo\/image\/","url":"https:\/\/redenoticiaz.com.br\/litoralsp\/wp-content\/uploads\/sites\/3\/2020\/11\/logo.jpg","contentUrl":"https:\/\/redenoticiaz.com.br\/litoralsp\/wp-content\/uploads\/sites\/3\/2020\/11\/logo.jpg","width":400,"height":250,"caption":"Litoral SP"},"image":{"@id":"https:\/\/redenoticiaz.com.br\/litoralsp\/#\/schema\/logo\/image\/"}},{"@type":"Person","@id":"https:\/\/redenoticiaz.com.br\/litoralsp\/#\/schema\/person\/16057b37a3c0ee6b096d7f887c566e2e","name":"Gustavo Silva","image":{"@type":"ImageObject","inLanguage":"pt-BR","@id":"https:\/\/secure.gravatar.com\/avatar\/3ee4e82f93b26de0a7cf4ea5eb7893da637ed6bb0c9170c58065944c56e28a33?s=96&d=mm&r=g","url":"https:\/\/secure.gravatar.com\/avatar\/3ee4e82f93b26de0a7cf4ea5eb7893da637ed6bb0c9170c58065944c56e28a33?s=96&d=mm&r=g","contentUrl":"https:\/\/secure.gravatar.com\/avatar\/3ee4e82f93b26de0a7cf4ea5eb7893da637ed6bb0c9170c58065944c56e28a33?s=96&d=mm&r=g","caption":"Gustavo Silva"},"url":"https:\/\/redenoticiaz.com.br\/litoralsp\/author\/gustavosilva"}]}},"_links":{"self":[{"href":"https:\/\/redenoticiaz.com.br\/litoralsp\/wp-json\/wp\/v2\/posts\/94376","targetHints":{"allow":["GET"]}}],"collection":[{"href":"https:\/\/redenoticiaz.com.br\/litoralsp\/wp-json\/wp\/v2\/posts"}],"about":[{"href":"https:\/\/redenoticiaz.com.br\/litoralsp\/wp-json\/wp\/v2\/types\/post"}],"author":[{"embeddable":true,"href":"https:\/\/redenoticiaz.com.br\/litoralsp\/wp-json\/wp\/v2\/users\/12"}],"replies":[{"embeddable":true,"href":"https:\/\/redenoticiaz.com.br\/litoralsp\/wp-json\/wp\/v2\/comments?post=94376"}],"version-history":[{"count":1,"href":"https:\/\/redenoticiaz.com.br\/litoralsp\/wp-json\/wp\/v2\/posts\/94376\/revisions"}],"predecessor-version":[{"id":94378,"href":"https:\/\/redenoticiaz.com.br\/litoralsp\/wp-json\/wp\/v2\/posts\/94376\/revisions\/94378"}],"wp:featuredmedia":[{"embeddable":true,"href":"https:\/\/redenoticiaz.com.br\/litoralsp\/wp-json\/wp\/v2\/media\/94377"}],"wp:attachment":[{"href":"https:\/\/redenoticiaz.com.br\/litoralsp\/wp-json\/wp\/v2\/media?parent=94376"}],"wp:term":[{"taxonomy":"category","embeddable":true,"href":"https:\/\/redenoticiaz.com.br\/litoralsp\/wp-json\/wp\/v2\/categories?post=94376"},{"taxonomy":"post_tag","embeddable":true,"href":"https:\/\/redenoticiaz.com.br\/litoralsp\/wp-json\/wp\/v2\/tags?post=94376"}],"curies":[{"name":"wp","href":"https:\/\/api.w.org\/{rel}","templated":true}]}}