{"id":94396,"date":"2022-11-02T19:51:49","date_gmt":"2022-11-02T22:51:49","guid":{"rendered":"https:\/\/redenoticiaz.com.br\/litoralsp\/2022\/11\/02\/palmeiras-e-campeao-brasileiro-pela-11a-vez-gracas-ao-america-mg"},"modified":"2022-11-02T19:51:49","modified_gmt":"2022-11-02T22:51:49","slug":"palmeiras-e-campeao-brasileiro-pela-11a-vez-gracas-ao-america-mg","status":"publish","type":"post","link":"https:\/\/redenoticiaz.com.br\/litoralsp\/2022\/11\/02\/palmeiras-e-campeao-brasileiro-pela-11a-vez-gracas-ao-america-mg","title":{"rendered":"Palmeiras \u00e9 campe\u00e3o Brasileiro pela 11\u00aa vez gra\u00e7as ao Am\u00e9rica-MG"},"content":{"rendered":"<p>Agora \u00e9 oficial. O Palmeiras \u00e9 dono do Brasil. Nesta quarta-feira (2) de Finados, e de &#8220;home office&#8221;, <strong>garantiu o 11\u00ba t\u00edtulo do Campeonato Brasileiro<\/strong>, mesmo sem jogar. O motivo? O Am\u00e9rica-MG ajudou o Verd\u00e3o, vencendo o vice-l\u00edder do Brasileir\u00e3o, o Internacional.<\/p>\n<p>Com a conquista, o Palmeiras se torna o maior vencedor de t\u00edtulos nacionais, passando o Flamengo. A conquista do Campeonato Brasileiro era a principal miss\u00e3o do t\u00e9cnico Abel Ferreira, sem contar o Mundial de Clubes. Desde que o portugu\u00eas chegou, h\u00e1 dois anos atr\u00e1s, ele ajudou o Alviverde a faturar a Copa do Brasil (2020), duas Libertadores da Am\u00e9rica (2020 e 2021), um Campeonato Paulista (2022) e a Recopa Sul-americana (2022).<\/p>\n<p>Nesta quarta-feira, no Independ\u00eancia, o Internacional tinha a dist\u00e2ncia de dez pontos para buscar do Palmeiras. O Colorado teve a<span class=\"sc-eJoaVz etUUWk\"> melhor chance em um p\u00eanalti, mas que foi defendido por Matheus Cavichioli, no primeiro tempo. Na segunda etapa, o Colorado chegou a acertar a trave do time mineiro. No entanto, prevaleceu a for\u00e7a do mandante, que marcou aos 30 minutos do segundo tempo com Al\u00ea para seguir sonhando com uma vaga na Libertadores.<\/span><\/p>\n<p class=\"content-text__container \" data-track-category=\"Link no Texto\" data-track-links=\"\">Com a confirma\u00e7\u00e3o do endecacampeonato Brasileiro, o Palmeiras faturou R$ 45 milh\u00f5es de premia\u00e7\u00f5es, mas gra\u00e7as ao contrato de patroc\u00ednio com a Crefisa tamb\u00e9m prev\u00ea o pagamento de uma bonifica\u00e7\u00e3o por t\u00edtulos conquistados.<\/p>\n<div id=\"chunk-vjk0\">\n<div class=\"mc-column content-text active-extra-styles \" data-block-type=\"unstyled\" data-block-weight=\"30\" data-block-id=\"11\">\n<p class=\"content-text__container \" data-track-category=\"Link no Texto\" data-track-links=\"\">No caso do Brasileir\u00e3o, o Palmeiras ter\u00e1 mais R$ 10 milh\u00f5es a receber da patrocinadora. Este valor, por\u00e9m, deve ser utilizado para amortizar a d\u00edvida do clube com a empresa.<\/p>\n<\/div>\n<\/div>\n<div id=\"chunk-4eljl\">\n<div class=\"mc-column content-text active-extra-styles \" data-block-type=\"unstyled\" data-block-weight=\"41\" data-block-id=\"12\">\n<p class=\"content-text__container \" data-track-category=\"Link no Texto\" data-track-links=\"\">Em agosto, o Verd\u00e3o registrou que o d\u00e9bito com a Crefisa estava em R$ 84,3 milh\u00f5es. Em outras conquistas, o clube usou o b\u00f4nus da patrocinadora para diminuir o valor, que \u00e9 o acumulado de investimentos feitos pela empresa em contrata\u00e7\u00f5es.<\/p>\n<h3 data-track-category=\"Link no Texto\">Recordes<\/h3>\n<p>O n\u00famero leva em conta o ranking da CBF, que unificou as conquistas anteriores a 1971. O Palmeiras \u00e9 o \u00fanico com mais de nove t\u00edtulos.<\/p>\n<p>O Verd\u00e3o foi campe\u00e3o em: 1960 (Ta\u00e7a Brasil), 1967 (Ta\u00e7a Brasil), 1967 (Torneio Roberto Gomes Pedrosa), 1969 (Torneio Roberto Gomes Pedrosa), 1972, 1973, 1993, 1994, 2016, 2018 e 2022.<\/p>\n<p>Contando as principais competi\u00e7\u00f5es nacionais al\u00e9m do Brasileiro, o Palmeiras \u00e9 tamb\u00e9m o maior campe\u00e3o: s\u00e3o 15 ta\u00e7as, gra\u00e7as \u00e0s quatro vencidas na Copa do Brasil. O Flamengo \u00e9 o segundo nesta rela\u00e7\u00e3o, com 14.<\/p>\n<p>Enquanto isso, Abel Ferreira, al\u00e9m do Brasileir\u00e3o de 2022, conquistou duas Libertadores (2020 e 2021), uma Copa do Brasil (2020), uma Recopa Sul-Americana (2022) e um Paulist\u00e3o (2022). Com isso, ele iguala ao t\u00e9cnico Luiz Felipe Scolari como o t\u00e9cnico mais vezes campe\u00e3o com o Palmeiras.<\/p>\n<p>Pelo Verd\u00e3o, Felip\u00e3o venceu uma Libertadores (1999), duas Copas do Brasil (1998 e 2012), uma Copa Mercosul (1998), um Torneio Rio-S\u00e3o Paulo (2000) e um Campeonato Brasileiro (2018). Os dois s\u00f3 n\u00e3o s\u00e3o os maiores campe\u00f5es porque est\u00e3o atr\u00e1s de atr\u00e1s apenas de tr\u00eas treinadores na lista de maiores campe\u00f5es: Oswaldo Brand\u00e3o (10), Vanderlei Luxemburgo (8) e Ventura Cambon (7).<\/p>\n<p><strong>LEIA TAMB\u00c9M<\/strong><\/p>\n<p><a href=\"https:\/\/redenoticiaz.com.br\/blog\/2022\/11\/02\/sao-paulo-vacila-no-fim-e-fica-no-empate-com-o-atletico-mg-no-morumbi\">S\u00e3o Paulo vacila no fim e fica no empate com o Atl\u00e9tico-MG no Morumbi<\/a><\/p>\n<\/div>\n<\/div>\n","protected":false},"excerpt":{"rendered":"<p>Agora \u00e9 oficial. O Palmeiras \u00e9 dono do Brasil. Nesta quarta-feira (2) de Finados, e de &#8220;home office&#8221;, garantiu o 11\u00ba t\u00edtulo do Campeonato Brasileiro, mesmo sem jogar. O motivo? O Am\u00e9rica-MG ajudou o Verd\u00e3o, vencendo o vice-l\u00edder do Brasileir\u00e3o, o Internacional. Com a conquista, o Palmeiras se torna o maior vencedor de t\u00edtulos nacionais, &hellip;<\/p>\n","protected":false},"author":6,"featured_media":94397,"comment_status":"open","ping_status":"closed","sticky":false,"template":"","format":"standard","meta":{"footnotes":""},"categories":[35],"tags":[5857,53518,3088,60594,43532],"class_list":["post-94396","post","type-post","status-publish","format-standard","has-post-thumbnail","hentry","category-esporte","tag-america-mg","tag-brasileirao-2022","tag-campeonato-brasileiro","tag-hendecacampeao-brasileiro","tag-palmeiras-campeao"],"yoast_head":"<!-- This site is optimized with the Yoast SEO plugin v27.5 - https:\/\/yoast.com\/product\/yoast-seo-wordpress\/ -->\n<title>Palmeiras \u00e9 campe\u00e3o Brasileiro pela 11\u00aa vez gra\u00e7as ao Am\u00e9rica-MG - Litoral SP<\/title>\n<meta name=\"description\" content=\"Palmeiras \u00e9 dono do Brasil. Nesta quarta-feira (2) de Finados, e de &quot;home office&quot;, garantiu o 11\u00ba t\u00edtulo do Campeonato Brasileiro, mesmo\" \/>\n<meta name=\"robots\" content=\"index, follow, max-snippet:-1, max-image-preview:large, max-video-preview:-1\" \/>\n<link rel=\"canonical\" href=\"https:\/\/redenoticiaz.com.br\/litoralsp\/2022\/11\/02\/palmeiras-e-campeao-brasileiro-pela-11a-vez-gracas-ao-america-mg\" \/>\n<meta property=\"og:locale\" content=\"pt_BR\" \/>\n<meta property=\"og:type\" content=\"article\" \/>\n<meta property=\"og:title\" content=\"Palmeiras \u00e9 campe\u00e3o Brasileiro pela 11\u00aa vez gra\u00e7as ao Am\u00e9rica-MG - Litoral SP\" \/>\n<meta property=\"og:description\" content=\"Palmeiras \u00e9 dono do Brasil. Nesta quarta-feira (2) de Finados, e de &quot;home office&quot;, garantiu o 11\u00ba t\u00edtulo do Campeonato Brasileiro, mesmo\" \/>\n<meta property=\"og:url\" content=\"https:\/\/redenoticiaz.com.br\/litoralsp\/2022\/11\/02\/palmeiras-e-campeao-brasileiro-pela-11a-vez-gracas-ao-america-mg\" \/>\n<meta property=\"og:site_name\" content=\"Litoral SP\" \/>\n<meta property=\"article:published_time\" content=\"2022-11-02T22:51:49+00:00\" \/>\n<meta name=\"author\" content=\"Leonardo Francisco\" \/>\n<meta name=\"twitter:card\" content=\"summary_large_image\" \/>\n<meta name=\"twitter:image\" content=\"https:\/\/redenoticiaz.com.br\/litoralsp\/wp-content\/uploads\/sites\/3\/2022\/11\/TACA-BRASILEIRAO.jpeg?v=1667429431\" \/>\n<meta name=\"twitter:label1\" content=\"Escrito por\" \/>\n\t<meta name=\"twitter:data1\" content=\"Leonardo Francisco\" \/>\n\t<meta name=\"twitter:label2\" content=\"Est. tempo de leitura\" \/>\n\t<meta name=\"twitter:data2\" content=\"3 minutos\" \/>\n<script type=\"application\/ld+json\" class=\"yoast-schema-graph\">{\"@context\":\"https:\\\/\\\/schema.org\",\"@graph\":[{\"@type\":\"Article\",\"@id\":\"https:\\\/\\\/redenoticiaz.com.br\\\/litoralsp\\\/2022\\\/11\\\/02\\\/palmeiras-e-campeao-brasileiro-pela-11a-vez-gracas-ao-america-mg#article\",\"isPartOf\":{\"@id\":\"https:\\\/\\\/redenoticiaz.com.br\\\/litoralsp\\\/2022\\\/11\\\/02\\\/palmeiras-e-campeao-brasileiro-pela-11a-vez-gracas-ao-america-mg\"},\"author\":{\"name\":\"Leonardo Francisco\",\"@id\":\"https:\\\/\\\/redenoticiaz.com.br\\\/litoralsp\\\/#\\\/schema\\\/person\\\/0f0b8a5bdafefe82841e07ae8d81ecb3\"},\"headline\":\"Palmeiras \u00e9 campe\u00e3o Brasileiro pela 11\u00aa vez gra\u00e7as ao Am\u00e9rica-MG\",\"datePublished\":\"2022-11-02T22:51:49+00:00\",\"mainEntityOfPage\":{\"@id\":\"https:\\\/\\\/redenoticiaz.com.br\\\/litoralsp\\\/2022\\\/11\\\/02\\\/palmeiras-e-campeao-brasileiro-pela-11a-vez-gracas-ao-america-mg\"},\"wordCount\":535,\"commentCount\":0,\"publisher\":{\"@id\":\"https:\\\/\\\/redenoticiaz.com.br\\\/litoralsp\\\/#organization\"},\"image\":{\"@id\":\"https:\\\/\\\/redenoticiaz.com.br\\\/litoralsp\\\/2022\\\/11\\\/02\\\/palmeiras-e-campeao-brasileiro-pela-11a-vez-gracas-ao-america-mg#primaryimage\"},\"thumbnailUrl\":\"https:\\\/\\\/redenoticiaz.com.br\\\/litoralsp\\\/wp-content\\\/uploads\\\/sites\\\/3\\\/2022\\\/11\\\/TACA-BRASILEIRAO.jpeg?v=1667429431\",\"keywords\":[\"AM\u00c9RICA-MG\",\"BRASILEIR\u00c3O 2022\",\"CAMPEONATO BRASILEIRO\",\"HENDECACAMPE\u00c3O BRASILEIRO\",\"PALMEIRAS CAMPE\u00c3O\"],\"articleSection\":[\"Esporte\"],\"inLanguage\":\"pt-BR\",\"potentialAction\":[{\"@type\":\"CommentAction\",\"name\":\"Comment\",\"target\":[\"https:\\\/\\\/redenoticiaz.com.br\\\/litoralsp\\\/2022\\\/11\\\/02\\\/palmeiras-e-campeao-brasileiro-pela-11a-vez-gracas-ao-america-mg#respond\"]}]},{\"@type\":\"WebPage\",\"@id\":\"https:\\\/\\\/redenoticiaz.com.br\\\/litoralsp\\\/2022\\\/11\\\/02\\\/palmeiras-e-campeao-brasileiro-pela-11a-vez-gracas-ao-america-mg\",\"url\":\"https:\\\/\\\/redenoticiaz.com.br\\\/litoralsp\\\/2022\\\/11\\\/02\\\/palmeiras-e-campeao-brasileiro-pela-11a-vez-gracas-ao-america-mg\",\"name\":\"Palmeiras \u00e9 campe\u00e3o Brasileiro pela 11\u00aa vez gra\u00e7as ao Am\u00e9rica-MG - Litoral SP\",\"isPartOf\":{\"@id\":\"https:\\\/\\\/redenoticiaz.com.br\\\/litoralsp\\\/#website\"},\"primaryImageOfPage\":{\"@id\":\"https:\\\/\\\/redenoticiaz.com.br\\\/litoralsp\\\/2022\\\/11\\\/02\\\/palmeiras-e-campeao-brasileiro-pela-11a-vez-gracas-ao-america-mg#primaryimage\"},\"image\":{\"@id\":\"https:\\\/\\\/redenoticiaz.com.br\\\/litoralsp\\\/2022\\\/11\\\/02\\\/palmeiras-e-campeao-brasileiro-pela-11a-vez-gracas-ao-america-mg#primaryimage\"},\"thumbnailUrl\":\"https:\\\/\\\/redenoticiaz.com.br\\\/litoralsp\\\/wp-content\\\/uploads\\\/sites\\\/3\\\/2022\\\/11\\\/TACA-BRASILEIRAO.jpeg?v=1667429431\",\"datePublished\":\"2022-11-02T22:51:49+00:00\",\"description\":\"Palmeiras \u00e9 dono do Brasil. Nesta quarta-feira (2) de Finados, e de \\\"home office\\\", garantiu o 11\u00ba t\u00edtulo do Campeonato Brasileiro, mesmo\",\"inLanguage\":\"pt-BR\",\"potentialAction\":[{\"@type\":\"ReadAction\",\"target\":[\"https:\\\/\\\/redenoticiaz.com.br\\\/litoralsp\\\/2022\\\/11\\\/02\\\/palmeiras-e-campeao-brasileiro-pela-11a-vez-gracas-ao-america-mg\"]}]},{\"@type\":\"ImageObject\",\"inLanguage\":\"pt-BR\",\"@id\":\"https:\\\/\\\/redenoticiaz.com.br\\\/litoralsp\\\/2022\\\/11\\\/02\\\/palmeiras-e-campeao-brasileiro-pela-11a-vez-gracas-ao-america-mg#primaryimage\",\"url\":\"https:\\\/\\\/redenoticiaz.com.br\\\/litoralsp\\\/wp-content\\\/uploads\\\/sites\\\/3\\\/2022\\\/11\\\/TACA-BRASILEIRAO.jpeg?v=1667429431\",\"contentUrl\":\"https:\\\/\\\/redenoticiaz.com.br\\\/litoralsp\\\/wp-content\\\/uploads\\\/sites\\\/3\\\/2022\\\/11\\\/TACA-BRASILEIRAO.jpeg?v=1667429431\",\"width\":1200,\"height\":729,\"caption\":\"Cr\u00e9ditos: Divulga\u00e7\u00e3o\\\/CBF\"},{\"@type\":\"WebSite\",\"@id\":\"https:\\\/\\\/redenoticiaz.com.br\\\/litoralsp\\\/#website\",\"url\":\"https:\\\/\\\/redenoticiaz.com.br\\\/litoralsp\\\/\",\"name\":\"Litoral SP\",\"description\":\"Rede NoticiaZ\",\"publisher\":{\"@id\":\"https:\\\/\\\/redenoticiaz.com.br\\\/litoralsp\\\/#organization\"},\"potentialAction\":[{\"@type\":\"SearchAction\",\"target\":{\"@type\":\"EntryPoint\",\"urlTemplate\":\"https:\\\/\\\/redenoticiaz.com.br\\\/litoralsp\\\/?s={search_term_string}\"},\"query-input\":{\"@type\":\"PropertyValueSpecification\",\"valueRequired\":true,\"valueName\":\"search_term_string\"}}],\"inLanguage\":\"pt-BR\"},{\"@type\":\"Organization\",\"@id\":\"https:\\\/\\\/redenoticiaz.com.br\\\/litoralsp\\\/#organization\",\"name\":\"Litoral SP\",\"url\":\"https:\\\/\\\/redenoticiaz.com.br\\\/litoralsp\\\/\",\"logo\":{\"@type\":\"ImageObject\",\"inLanguage\":\"pt-BR\",\"@id\":\"https:\\\/\\\/redenoticiaz.com.br\\\/litoralsp\\\/#\\\/schema\\\/logo\\\/image\\\/\",\"url\":\"https:\\\/\\\/redenoticiaz.com.br\\\/litoralsp\\\/wp-content\\\/uploads\\\/sites\\\/3\\\/2020\\\/11\\\/logo.jpg\",\"contentUrl\":\"https:\\\/\\\/redenoticiaz.com.br\\\/litoralsp\\\/wp-content\\\/uploads\\\/sites\\\/3\\\/2020\\\/11\\\/logo.jpg\",\"width\":400,\"height\":250,\"caption\":\"Litoral SP\"},\"image\":{\"@id\":\"https:\\\/\\\/redenoticiaz.com.br\\\/litoralsp\\\/#\\\/schema\\\/logo\\\/image\\\/\"}},{\"@type\":\"Person\",\"@id\":\"https:\\\/\\\/redenoticiaz.com.br\\\/litoralsp\\\/#\\\/schema\\\/person\\\/0f0b8a5bdafefe82841e07ae8d81ecb3\",\"name\":\"Leonardo Francisco\",\"image\":{\"@type\":\"ImageObject\",\"inLanguage\":\"pt-BR\",\"@id\":\"https:\\\/\\\/secure.gravatar.com\\\/avatar\\\/a7358cb406a99b682ec6df1e77e31ae82e63601f6784e8a3df411d72b37864da?s=96&d=mm&r=g\",\"url\":\"https:\\\/\\\/secure.gravatar.com\\\/avatar\\\/a7358cb406a99b682ec6df1e77e31ae82e63601f6784e8a3df411d72b37864da?s=96&d=mm&r=g\",\"contentUrl\":\"https:\\\/\\\/secure.gravatar.com\\\/avatar\\\/a7358cb406a99b682ec6df1e77e31ae82e63601f6784e8a3df411d72b37864da?s=96&d=mm&r=g\",\"caption\":\"Leonardo Francisco\"},\"url\":\"https:\\\/\\\/redenoticiaz.com.br\\\/litoralsp\\\/author\\\/leonardo-francisco\"}]}<\/script>\n<!-- \/ Yoast SEO plugin. -->","yoast_head_json":{"title":"Palmeiras \u00e9 campe\u00e3o Brasileiro pela 11\u00aa vez gra\u00e7as ao Am\u00e9rica-MG - Litoral SP","description":"Palmeiras \u00e9 dono do Brasil. Nesta quarta-feira (2) de Finados, e de \"home office\", garantiu o 11\u00ba t\u00edtulo do Campeonato Brasileiro, mesmo","robots":{"index":"index","follow":"follow","max-snippet":"max-snippet:-1","max-image-preview":"max-image-preview:large","max-video-preview":"max-video-preview:-1"},"canonical":"https:\/\/redenoticiaz.com.br\/litoralsp\/2022\/11\/02\/palmeiras-e-campeao-brasileiro-pela-11a-vez-gracas-ao-america-mg","og_locale":"pt_BR","og_type":"article","og_title":"Palmeiras \u00e9 campe\u00e3o Brasileiro pela 11\u00aa vez gra\u00e7as ao Am\u00e9rica-MG - Litoral SP","og_description":"Palmeiras \u00e9 dono do Brasil. Nesta quarta-feira (2) de Finados, e de \"home office\", garantiu o 11\u00ba t\u00edtulo do Campeonato Brasileiro, mesmo","og_url":"https:\/\/redenoticiaz.com.br\/litoralsp\/2022\/11\/02\/palmeiras-e-campeao-brasileiro-pela-11a-vez-gracas-ao-america-mg","og_site_name":"Litoral SP","article_published_time":"2022-11-02T22:51:49+00:00","author":"Leonardo Francisco","twitter_card":"summary_large_image","twitter_image":"https:\/\/redenoticiaz.com.br\/litoralsp\/wp-content\/uploads\/sites\/3\/2022\/11\/TACA-BRASILEIRAO.jpeg?v=1667429431","twitter_misc":{"Escrito por":"Leonardo Francisco","Est. tempo de leitura":"3 minutos"},"schema":{"@context":"https:\/\/schema.org","@graph":[{"@type":"Article","@id":"https:\/\/redenoticiaz.com.br\/litoralsp\/2022\/11\/02\/palmeiras-e-campeao-brasileiro-pela-11a-vez-gracas-ao-america-mg#article","isPartOf":{"@id":"https:\/\/redenoticiaz.com.br\/litoralsp\/2022\/11\/02\/palmeiras-e-campeao-brasileiro-pela-11a-vez-gracas-ao-america-mg"},"author":{"name":"Leonardo Francisco","@id":"https:\/\/redenoticiaz.com.br\/litoralsp\/#\/schema\/person\/0f0b8a5bdafefe82841e07ae8d81ecb3"},"headline":"Palmeiras \u00e9 campe\u00e3o Brasileiro pela 11\u00aa vez gra\u00e7as ao Am\u00e9rica-MG","datePublished":"2022-11-02T22:51:49+00:00","mainEntityOfPage":{"@id":"https:\/\/redenoticiaz.com.br\/litoralsp\/2022\/11\/02\/palmeiras-e-campeao-brasileiro-pela-11a-vez-gracas-ao-america-mg"},"wordCount":535,"commentCount":0,"publisher":{"@id":"https:\/\/redenoticiaz.com.br\/litoralsp\/#organization"},"image":{"@id":"https:\/\/redenoticiaz.com.br\/litoralsp\/2022\/11\/02\/palmeiras-e-campeao-brasileiro-pela-11a-vez-gracas-ao-america-mg#primaryimage"},"thumbnailUrl":"https:\/\/redenoticiaz.com.br\/litoralsp\/wp-content\/uploads\/sites\/3\/2022\/11\/TACA-BRASILEIRAO.jpeg?v=1667429431","keywords":["AM\u00c9RICA-MG","BRASILEIR\u00c3O 2022","CAMPEONATO BRASILEIRO","HENDECACAMPE\u00c3O BRASILEIRO","PALMEIRAS CAMPE\u00c3O"],"articleSection":["Esporte"],"inLanguage":"pt-BR","potentialAction":[{"@type":"CommentAction","name":"Comment","target":["https:\/\/redenoticiaz.com.br\/litoralsp\/2022\/11\/02\/palmeiras-e-campeao-brasileiro-pela-11a-vez-gracas-ao-america-mg#respond"]}]},{"@type":"WebPage","@id":"https:\/\/redenoticiaz.com.br\/litoralsp\/2022\/11\/02\/palmeiras-e-campeao-brasileiro-pela-11a-vez-gracas-ao-america-mg","url":"https:\/\/redenoticiaz.com.br\/litoralsp\/2022\/11\/02\/palmeiras-e-campeao-brasileiro-pela-11a-vez-gracas-ao-america-mg","name":"Palmeiras \u00e9 campe\u00e3o Brasileiro pela 11\u00aa vez gra\u00e7as ao Am\u00e9rica-MG - Litoral SP","isPartOf":{"@id":"https:\/\/redenoticiaz.com.br\/litoralsp\/#website"},"primaryImageOfPage":{"@id":"https:\/\/redenoticiaz.com.br\/litoralsp\/2022\/11\/02\/palmeiras-e-campeao-brasileiro-pela-11a-vez-gracas-ao-america-mg#primaryimage"},"image":{"@id":"https:\/\/redenoticiaz.com.br\/litoralsp\/2022\/11\/02\/palmeiras-e-campeao-brasileiro-pela-11a-vez-gracas-ao-america-mg#primaryimage"},"thumbnailUrl":"https:\/\/redenoticiaz.com.br\/litoralsp\/wp-content\/uploads\/sites\/3\/2022\/11\/TACA-BRASILEIRAO.jpeg?v=1667429431","datePublished":"2022-11-02T22:51:49+00:00","description":"Palmeiras \u00e9 dono do Brasil. Nesta quarta-feira (2) de Finados, e de \"home office\", garantiu o 11\u00ba t\u00edtulo do Campeonato Brasileiro, mesmo","inLanguage":"pt-BR","potentialAction":[{"@type":"ReadAction","target":["https:\/\/redenoticiaz.com.br\/litoralsp\/2022\/11\/02\/palmeiras-e-campeao-brasileiro-pela-11a-vez-gracas-ao-america-mg"]}]},{"@type":"ImageObject","inLanguage":"pt-BR","@id":"https:\/\/redenoticiaz.com.br\/litoralsp\/2022\/11\/02\/palmeiras-e-campeao-brasileiro-pela-11a-vez-gracas-ao-america-mg#primaryimage","url":"https:\/\/redenoticiaz.com.br\/litoralsp\/wp-content\/uploads\/sites\/3\/2022\/11\/TACA-BRASILEIRAO.jpeg?v=1667429431","contentUrl":"https:\/\/redenoticiaz.com.br\/litoralsp\/wp-content\/uploads\/sites\/3\/2022\/11\/TACA-BRASILEIRAO.jpeg?v=1667429431","width":1200,"height":729,"caption":"Cr\u00e9ditos: Divulga\u00e7\u00e3o\/CBF"},{"@type":"WebSite","@id":"https:\/\/redenoticiaz.com.br\/litoralsp\/#website","url":"https:\/\/redenoticiaz.com.br\/litoralsp\/","name":"Litoral SP","description":"Rede NoticiaZ","publisher":{"@id":"https:\/\/redenoticiaz.com.br\/litoralsp\/#organization"},"potentialAction":[{"@type":"SearchAction","target":{"@type":"EntryPoint","urlTemplate":"https:\/\/redenoticiaz.com.br\/litoralsp\/?s={search_term_string}"},"query-input":{"@type":"PropertyValueSpecification","valueRequired":true,"valueName":"search_term_string"}}],"inLanguage":"pt-BR"},{"@type":"Organization","@id":"https:\/\/redenoticiaz.com.br\/litoralsp\/#organization","name":"Litoral SP","url":"https:\/\/redenoticiaz.com.br\/litoralsp\/","logo":{"@type":"ImageObject","inLanguage":"pt-BR","@id":"https:\/\/redenoticiaz.com.br\/litoralsp\/#\/schema\/logo\/image\/","url":"https:\/\/redenoticiaz.com.br\/litoralsp\/wp-content\/uploads\/sites\/3\/2020\/11\/logo.jpg","contentUrl":"https:\/\/redenoticiaz.com.br\/litoralsp\/wp-content\/uploads\/sites\/3\/2020\/11\/logo.jpg","width":400,"height":250,"caption":"Litoral SP"},"image":{"@id":"https:\/\/redenoticiaz.com.br\/litoralsp\/#\/schema\/logo\/image\/"}},{"@type":"Person","@id":"https:\/\/redenoticiaz.com.br\/litoralsp\/#\/schema\/person\/0f0b8a5bdafefe82841e07ae8d81ecb3","name":"Leonardo Francisco","image":{"@type":"ImageObject","inLanguage":"pt-BR","@id":"https:\/\/secure.gravatar.com\/avatar\/a7358cb406a99b682ec6df1e77e31ae82e63601f6784e8a3df411d72b37864da?s=96&d=mm&r=g","url":"https:\/\/secure.gravatar.com\/avatar\/a7358cb406a99b682ec6df1e77e31ae82e63601f6784e8a3df411d72b37864da?s=96&d=mm&r=g","contentUrl":"https:\/\/secure.gravatar.com\/avatar\/a7358cb406a99b682ec6df1e77e31ae82e63601f6784e8a3df411d72b37864da?s=96&d=mm&r=g","caption":"Leonardo Francisco"},"url":"https:\/\/redenoticiaz.com.br\/litoralsp\/author\/leonardo-francisco"}]}},"_links":{"self":[{"href":"https:\/\/redenoticiaz.com.br\/litoralsp\/wp-json\/wp\/v2\/posts\/94396","targetHints":{"allow":["GET"]}}],"collection":[{"href":"https:\/\/redenoticiaz.com.br\/litoralsp\/wp-json\/wp\/v2\/posts"}],"about":[{"href":"https:\/\/redenoticiaz.com.br\/litoralsp\/wp-json\/wp\/v2\/types\/post"}],"author":[{"embeddable":true,"href":"https:\/\/redenoticiaz.com.br\/litoralsp\/wp-json\/wp\/v2\/users\/6"}],"replies":[{"embeddable":true,"href":"https:\/\/redenoticiaz.com.br\/litoralsp\/wp-json\/wp\/v2\/comments?post=94396"}],"version-history":[{"count":1,"href":"https:\/\/redenoticiaz.com.br\/litoralsp\/wp-json\/wp\/v2\/posts\/94396\/revisions"}],"predecessor-version":[{"id":94398,"href":"https:\/\/redenoticiaz.com.br\/litoralsp\/wp-json\/wp\/v2\/posts\/94396\/revisions\/94398"}],"wp:featuredmedia":[{"embeddable":true,"href":"https:\/\/redenoticiaz.com.br\/litoralsp\/wp-json\/wp\/v2\/media\/94397"}],"wp:attachment":[{"href":"https:\/\/redenoticiaz.com.br\/litoralsp\/wp-json\/wp\/v2\/media?parent=94396"}],"wp:term":[{"taxonomy":"category","embeddable":true,"href":"https:\/\/redenoticiaz.com.br\/litoralsp\/wp-json\/wp\/v2\/categories?post=94396"},{"taxonomy":"post_tag","embeddable":true,"href":"https:\/\/redenoticiaz.com.br\/litoralsp\/wp-json\/wp\/v2\/tags?post=94396"}],"curies":[{"name":"wp","href":"https:\/\/api.w.org\/{rel}","templated":true}]}}