{"id":94547,"date":"2022-11-06T18:00:35","date_gmt":"2022-11-06T21:00:35","guid":{"rendered":"https:\/\/redenoticiaz.com.br\/litoralsp\/?p=94547"},"modified":"2022-11-04T17:25:08","modified_gmt":"2022-11-04T20:25:08","slug":"novos-curtas-de-spidey-e-seus-amigos-espetaculares","status":"publish","type":"post","link":"https:\/\/redenoticiaz.com.br\/litoralsp\/2022\/11\/06\/novos-curtas-de-spidey-e-seus-amigos-espetaculares","title":{"rendered":"Novos curtas de \u201cSpidey e seus amigos espetaculares\u201d"},"content":{"rendered":"<p class=\"v1MsoNormal\">Aten\u00e7\u00e3o, crian\u00e7as!\u00a0<b>&#8220;Spidey e seus Amigos Espetaculares&#8221;\u00a0<\/b>voltaram com novos curtas que apresentam as divertidas aventuras dos super-her\u00f3is Aranha, Miles Morales e Aranha-Fantasma. A segunda temporada de curtas &#8220;Conhe\u00e7a Spidey e seus Amigos Espetaculares&#8221; conta com 10 curtas e os tr\u00eas primeiros j\u00e1 est\u00e3o dispon\u00edveis no canal Marvel HQ Brasil, no Youtube, com novos epis\u00f3dios lan\u00e7ados aos s\u00e1bados. <a href=\"https:\/\/nam04.safelinks.protection.outlook.com\/?url=https%3A%2F%2Fwww.youtube.com%2Fwatch%3Fv%3DS37s7fZCxr8%26list%3DPLorhXIKJan9HX3k-1ICpWNZQDMhzDNuhm%26index%3D1&amp;data=05%7C01%7CBianca.Santos%40disney.com%7Cec6fc315d6cb4684ab4608dabb564fdf%7C56b731a8a2ac4c32bf6b616810e913c6%7C1%7C0%7C638028276665739243%7CUnknown%7CTWFpbGZsb3d8eyJWIjoiMC4wLjAwMDAiLCJQIjoiV2luMzIiLCJBTiI6Ik1haWwiLCJXVCI6Mn0%3D%7C3000%7C%7C%7C&amp;sdata=gqgaVdOFtioErRYnIUB1SpmjvyceLzov52iW3sQtn%2Fc%3D&amp;reserved=0\" target=\"_blank\" rel=\"noopener noreferrer\">Assista aqui.<\/a><\/p>\n<p class=\"v1MsoNormal\">Os curtas fazem parte da s\u00e9rie de anima\u00e7\u00e3o de mesmo nome do\u00a0<b>Disney+\u00a0<\/b>e servem como um esquenta para a segunda temporada, prevista para chegar ainda este ano na plataforma. A primeira temporada conta com 25 epis\u00f3dios e tamb\u00e9m est\u00e1 dispon\u00edvel no servi\u00e7o de streaming.<\/p>\n<p class=\"v1MsoNormal\"><b>&#8220;Spidey e seus Amigos Espetaculares&#8221;\u00a0<\/b>\u00e9 a primeira produ\u00e7\u00e3o da Marvel para crian\u00e7as em idade pr\u00e9-escolar e destaca temas como a import\u00e2ncia da amizade, a coopera\u00e7\u00e3o e a resolu\u00e7\u00e3o de problemas. Os fant\u00e1sticos super-her\u00f3is s\u00e3o melhores amigos que trabalham em equipe enquanto enfrentam desafios perigosos com a ajuda de seus superpoderes como o sentido-aranha, a super for\u00e7a e as habilidades para escalar paredes.<b>\u00a0<\/b>No dia a dia, no entanto, eles s\u00e3o crian\u00e7as comuns conhecidas como Peter, Gwen e Miles.<\/p>\n<p class=\"v1MsoNormal\">Al\u00e9m disso,\u00a0<b>&#8220;Spidey e seus Amigos Espetaculares&#8221;\u00a0<\/b>conta tamb\u00e9m com a presen\u00e7a de outros personagens cl\u00e1ssicos da Marvel, como Homem de Ferro e Hulk, que se juntam \u00e0 equipe de Spidey para enfrentar os vil\u00f5es mais malignos e aprender que a melhor maneira de salvar o dia \u00e9 trabalhando juntos.<\/p>\n<p class=\"v1MsoNormal\">No canal da Marvel HQ Brasil, os f\u00e3s tamb\u00e9m podem conferir hist\u00f3rias do Spidey e seus amigos contadas atrav\u00e9s dos bonecos da equipe, inspirando brincadeiras para realizar em casa.\u00a0<a href=\"https:\/\/nam04.safelinks.protection.outlook.com\/?url=https%3A%2F%2Fwww.youtube.com%2Fwatch%3Fv%3DT6WB7cU4i4s%26list%3DPLorhXIKJan9HmaKEr3RSKoDMgFJ9ipU7u&amp;data=05%7C01%7CBianca.Santos%40disney.com%7Cec6fc315d6cb4684ab4608dabb564fdf%7C56b731a8a2ac4c32bf6b616810e913c6%7C1%7C0%7C638028276665739243%7CUnknown%7CTWFpbGZsb3d8eyJWIjoiMC4wLjAwMDAiLCJQIjoiV2luMzIiLCJBTiI6Ik1haWwiLCJXVCI6Mn0%3D%7C3000%7C%7C%7C&amp;sdata=QTyEMy%2B9AztJVjVWUN5HAZP9p3V6aTRylOHn8cJKym4%3D&amp;reserved=0\" target=\"_blank\" rel=\"noopener noreferrer\">Confira aqui.<\/a><\/p>\n<p>VEJA TAMB\u00c9M:\u00a0<a href=\"https:\/\/redenoticiaz.com.br\/barretos-regiao\/sp\/2022\/10\/08\/marvel-apresenta-novo-trailer-de-pantera-negra-wakanda-para-sempre\">Marvel apresenta novo trailer de \u201cPantera Negra: Wakanda para Sempre\u201d<\/a><\/p>\n","protected":false},"excerpt":{"rendered":"<p>Aten\u00e7\u00e3o, crian\u00e7as!\u00a0&#8220;Spidey e seus Amigos Espetaculares&#8221;\u00a0voltaram com novos curtas que apresentam as divertidas aventuras dos super-her\u00f3is Aranha, Miles Morales e Aranha-Fantasma. A segunda temporada de curtas &#8220;Conhe\u00e7a Spidey e seus Amigos Espetaculares&#8221; conta com 10 curtas e os tr\u00eas primeiros j\u00e1 est\u00e3o dispon\u00edveis no canal Marvel HQ Brasil, no Youtube, com novos epis\u00f3dios lan\u00e7ados aos &hellip;<\/p>\n","protected":false},"author":15,"featured_media":94548,"comment_status":"open","ping_status":"closed","sticky":false,"template":"","format":"standard","meta":{"footnotes":""},"categories":[170],"tags":[8808,60679,6404,60680,31512],"class_list":["post-94547","post","type-post","status-publish","format-standard","has-post-thumbnail","hentry","category-entretenimento","tag-criancas","tag-curtas-de-animacao","tag-disney","tag-spidey-e-seus-amigos-espetaculares","tag-youtube"],"yoast_head":"<!-- This site is optimized with the Yoast SEO plugin v27.5 - https:\/\/yoast.com\/product\/yoast-seo-wordpress\/ -->\n<title>Novos curtas de \u201cSpidey e seus amigos espetaculares\u201d - Litoral SP<\/title>\n<meta name=\"description\" content=\"Spidey e seus Amigos Espetaculares&quot;\u00a0voltou com novos curtas que apresentam as divertidas aventuras dos super-her\u00f3is Aranha, Miles Morales.\" \/>\n<meta name=\"robots\" content=\"index, follow, max-snippet:-1, max-image-preview:large, max-video-preview:-1\" \/>\n<link rel=\"canonical\" href=\"https:\/\/redenoticiaz.com.br\/litoralsp\/2022\/11\/06\/novos-curtas-de-spidey-e-seus-amigos-espetaculares\" \/>\n<meta property=\"og:locale\" content=\"pt_BR\" \/>\n<meta property=\"og:type\" content=\"article\" \/>\n<meta property=\"og:title\" content=\"Novos curtas de \u201cSpidey e seus amigos espetaculares\u201d - Litoral SP\" \/>\n<meta property=\"og:description\" content=\"Spidey e seus Amigos Espetaculares&quot;\u00a0voltou com novos curtas que apresentam as divertidas aventuras dos super-her\u00f3is Aranha, Miles Morales.\" \/>\n<meta property=\"og:url\" content=\"https:\/\/redenoticiaz.com.br\/litoralsp\/2022\/11\/06\/novos-curtas-de-spidey-e-seus-amigos-espetaculares\" \/>\n<meta property=\"og:site_name\" content=\"Litoral SP\" \/>\n<meta property=\"article:published_time\" content=\"2022-11-06T21:00:35+00:00\" \/>\n<meta property=\"og:image\" content=\"https:\/\/redenoticiaz.com.br\/litoralsp\/wp-content\/uploads\/sites\/3\/2022\/11\/image002.jpg\" \/>\n\t<meta property=\"og:image:width\" content=\"386\" \/>\n\t<meta property=\"og:image:height\" content=\"399\" \/>\n\t<meta property=\"og:image:type\" content=\"image\/jpeg\" \/>\n<meta name=\"twitter:card\" content=\"summary_large_image\" \/>\n<meta name=\"twitter:label1\" content=\"Escrito por\" \/>\n\t<meta name=\"twitter:data1\" content=\"\" \/>\n\t<meta name=\"twitter:label2\" content=\"Est. tempo de leitura\" \/>\n\t<meta name=\"twitter:data2\" content=\"2 minutos\" \/>\n<script type=\"application\/ld+json\" class=\"yoast-schema-graph\">{\"@context\":\"https:\\\/\\\/schema.org\",\"@graph\":[{\"@type\":\"Article\",\"@id\":\"https:\\\/\\\/redenoticiaz.com.br\\\/litoralsp\\\/2022\\\/11\\\/06\\\/novos-curtas-de-spidey-e-seus-amigos-espetaculares#article\",\"isPartOf\":{\"@id\":\"https:\\\/\\\/redenoticiaz.com.br\\\/litoralsp\\\/2022\\\/11\\\/06\\\/novos-curtas-de-spidey-e-seus-amigos-espetaculares\"},\"author\":{\"name\":\"\",\"@id\":\"\"},\"headline\":\"Novos curtas de \u201cSpidey e seus amigos espetaculares\u201d\",\"datePublished\":\"2022-11-06T21:00:35+00:00\",\"mainEntityOfPage\":{\"@id\":\"https:\\\/\\\/redenoticiaz.com.br\\\/litoralsp\\\/2022\\\/11\\\/06\\\/novos-curtas-de-spidey-e-seus-amigos-espetaculares\"},\"wordCount\":318,\"commentCount\":0,\"publisher\":{\"@id\":\"https:\\\/\\\/redenoticiaz.com.br\\\/litoralsp\\\/#organization\"},\"image\":{\"@id\":\"https:\\\/\\\/redenoticiaz.com.br\\\/litoralsp\\\/2022\\\/11\\\/06\\\/novos-curtas-de-spidey-e-seus-amigos-espetaculares#primaryimage\"},\"thumbnailUrl\":\"https:\\\/\\\/redenoticiaz.com.br\\\/litoralsp\\\/wp-content\\\/uploads\\\/sites\\\/3\\\/2022\\\/11\\\/image002.jpg\",\"keywords\":[\"Crian\u00e7as\",\"CURTAS DE ANIMA\u00c7\u00c3O\",\"DISNEY\",\"SPIDEY E SEUS AMIGOS ESPETACULARES\",\"YOUTUBE\"],\"articleSection\":[\"Entretenimento\"],\"inLanguage\":\"pt-BR\",\"potentialAction\":[{\"@type\":\"CommentAction\",\"name\":\"Comment\",\"target\":[\"https:\\\/\\\/redenoticiaz.com.br\\\/litoralsp\\\/2022\\\/11\\\/06\\\/novos-curtas-de-spidey-e-seus-amigos-espetaculares#respond\"]}]},{\"@type\":\"WebPage\",\"@id\":\"https:\\\/\\\/redenoticiaz.com.br\\\/litoralsp\\\/2022\\\/11\\\/06\\\/novos-curtas-de-spidey-e-seus-amigos-espetaculares\",\"url\":\"https:\\\/\\\/redenoticiaz.com.br\\\/litoralsp\\\/2022\\\/11\\\/06\\\/novos-curtas-de-spidey-e-seus-amigos-espetaculares\",\"name\":\"Novos curtas de \u201cSpidey e seus amigos espetaculares\u201d - Litoral SP\",\"isPartOf\":{\"@id\":\"https:\\\/\\\/redenoticiaz.com.br\\\/litoralsp\\\/#website\"},\"primaryImageOfPage\":{\"@id\":\"https:\\\/\\\/redenoticiaz.com.br\\\/litoralsp\\\/2022\\\/11\\\/06\\\/novos-curtas-de-spidey-e-seus-amigos-espetaculares#primaryimage\"},\"image\":{\"@id\":\"https:\\\/\\\/redenoticiaz.com.br\\\/litoralsp\\\/2022\\\/11\\\/06\\\/novos-curtas-de-spidey-e-seus-amigos-espetaculares#primaryimage\"},\"thumbnailUrl\":\"https:\\\/\\\/redenoticiaz.com.br\\\/litoralsp\\\/wp-content\\\/uploads\\\/sites\\\/3\\\/2022\\\/11\\\/image002.jpg\",\"datePublished\":\"2022-11-06T21:00:35+00:00\",\"description\":\"Spidey e seus Amigos Espetaculares\\\"\u00a0voltou com novos curtas que apresentam as divertidas aventuras dos super-her\u00f3is Aranha, Miles Morales.\",\"inLanguage\":\"pt-BR\",\"potentialAction\":[{\"@type\":\"ReadAction\",\"target\":[\"https:\\\/\\\/redenoticiaz.com.br\\\/litoralsp\\\/2022\\\/11\\\/06\\\/novos-curtas-de-spidey-e-seus-amigos-espetaculares\"]}]},{\"@type\":\"ImageObject\",\"inLanguage\":\"pt-BR\",\"@id\":\"https:\\\/\\\/redenoticiaz.com.br\\\/litoralsp\\\/2022\\\/11\\\/06\\\/novos-curtas-de-spidey-e-seus-amigos-espetaculares#primaryimage\",\"url\":\"https:\\\/\\\/redenoticiaz.com.br\\\/litoralsp\\\/wp-content\\\/uploads\\\/sites\\\/3\\\/2022\\\/11\\\/image002.jpg\",\"contentUrl\":\"https:\\\/\\\/redenoticiaz.com.br\\\/litoralsp\\\/wp-content\\\/uploads\\\/sites\\\/3\\\/2022\\\/11\\\/image002.jpg\",\"width\":386,\"height\":399,\"caption\":\"Cr\u00e9dito: Divulga\u00e7\u00e3o\"},{\"@type\":\"WebSite\",\"@id\":\"https:\\\/\\\/redenoticiaz.com.br\\\/litoralsp\\\/#website\",\"url\":\"https:\\\/\\\/redenoticiaz.com.br\\\/litoralsp\\\/\",\"name\":\"Litoral SP\",\"description\":\"Rede NoticiaZ\",\"publisher\":{\"@id\":\"https:\\\/\\\/redenoticiaz.com.br\\\/litoralsp\\\/#organization\"},\"potentialAction\":[{\"@type\":\"SearchAction\",\"target\":{\"@type\":\"EntryPoint\",\"urlTemplate\":\"https:\\\/\\\/redenoticiaz.com.br\\\/litoralsp\\\/?s={search_term_string}\"},\"query-input\":{\"@type\":\"PropertyValueSpecification\",\"valueRequired\":true,\"valueName\":\"search_term_string\"}}],\"inLanguage\":\"pt-BR\"},{\"@type\":\"Organization\",\"@id\":\"https:\\\/\\\/redenoticiaz.com.br\\\/litoralsp\\\/#organization\",\"name\":\"Litoral SP\",\"url\":\"https:\\\/\\\/redenoticiaz.com.br\\\/litoralsp\\\/\",\"logo\":{\"@type\":\"ImageObject\",\"inLanguage\":\"pt-BR\",\"@id\":\"https:\\\/\\\/redenoticiaz.com.br\\\/litoralsp\\\/#\\\/schema\\\/logo\\\/image\\\/\",\"url\":\"https:\\\/\\\/redenoticiaz.com.br\\\/litoralsp\\\/wp-content\\\/uploads\\\/sites\\\/3\\\/2020\\\/11\\\/logo.jpg\",\"contentUrl\":\"https:\\\/\\\/redenoticiaz.com.br\\\/litoralsp\\\/wp-content\\\/uploads\\\/sites\\\/3\\\/2020\\\/11\\\/logo.jpg\",\"width\":400,\"height\":250,\"caption\":\"Litoral SP\"},\"image\":{\"@id\":\"https:\\\/\\\/redenoticiaz.com.br\\\/litoralsp\\\/#\\\/schema\\\/logo\\\/image\\\/\"}},{\"@type\":\"Person\",\"@id\":\"\",\"url\":\"https:\\\/\\\/redenoticiaz.com.br\\\/litoralsp\\\/author\"}]}<\/script>\n<!-- \/ Yoast SEO plugin. -->","yoast_head_json":{"title":"Novos curtas de \u201cSpidey e seus amigos espetaculares\u201d - Litoral SP","description":"Spidey e seus Amigos Espetaculares\"\u00a0voltou com novos curtas que apresentam as divertidas aventuras dos super-her\u00f3is Aranha, Miles Morales.","robots":{"index":"index","follow":"follow","max-snippet":"max-snippet:-1","max-image-preview":"max-image-preview:large","max-video-preview":"max-video-preview:-1"},"canonical":"https:\/\/redenoticiaz.com.br\/litoralsp\/2022\/11\/06\/novos-curtas-de-spidey-e-seus-amigos-espetaculares","og_locale":"pt_BR","og_type":"article","og_title":"Novos curtas de \u201cSpidey e seus amigos espetaculares\u201d - Litoral SP","og_description":"Spidey e seus Amigos Espetaculares\"\u00a0voltou com novos curtas que apresentam as divertidas aventuras dos super-her\u00f3is Aranha, Miles Morales.","og_url":"https:\/\/redenoticiaz.com.br\/litoralsp\/2022\/11\/06\/novos-curtas-de-spidey-e-seus-amigos-espetaculares","og_site_name":"Litoral SP","article_published_time":"2022-11-06T21:00:35+00:00","og_image":[{"width":386,"height":399,"url":"https:\/\/redenoticiaz.com.br\/litoralsp\/wp-content\/uploads\/sites\/3\/2022\/11\/image002.jpg","type":"image\/jpeg"}],"twitter_card":"summary_large_image","twitter_misc":{"Escrito por":"","Est. tempo de leitura":"2 minutos"},"schema":{"@context":"https:\/\/schema.org","@graph":[{"@type":"Article","@id":"https:\/\/redenoticiaz.com.br\/litoralsp\/2022\/11\/06\/novos-curtas-de-spidey-e-seus-amigos-espetaculares#article","isPartOf":{"@id":"https:\/\/redenoticiaz.com.br\/litoralsp\/2022\/11\/06\/novos-curtas-de-spidey-e-seus-amigos-espetaculares"},"author":{"name":"","@id":""},"headline":"Novos curtas de \u201cSpidey e seus amigos espetaculares\u201d","datePublished":"2022-11-06T21:00:35+00:00","mainEntityOfPage":{"@id":"https:\/\/redenoticiaz.com.br\/litoralsp\/2022\/11\/06\/novos-curtas-de-spidey-e-seus-amigos-espetaculares"},"wordCount":318,"commentCount":0,"publisher":{"@id":"https:\/\/redenoticiaz.com.br\/litoralsp\/#organization"},"image":{"@id":"https:\/\/redenoticiaz.com.br\/litoralsp\/2022\/11\/06\/novos-curtas-de-spidey-e-seus-amigos-espetaculares#primaryimage"},"thumbnailUrl":"https:\/\/redenoticiaz.com.br\/litoralsp\/wp-content\/uploads\/sites\/3\/2022\/11\/image002.jpg","keywords":["Crian\u00e7as","CURTAS DE ANIMA\u00c7\u00c3O","DISNEY","SPIDEY E SEUS AMIGOS ESPETACULARES","YOUTUBE"],"articleSection":["Entretenimento"],"inLanguage":"pt-BR","potentialAction":[{"@type":"CommentAction","name":"Comment","target":["https:\/\/redenoticiaz.com.br\/litoralsp\/2022\/11\/06\/novos-curtas-de-spidey-e-seus-amigos-espetaculares#respond"]}]},{"@type":"WebPage","@id":"https:\/\/redenoticiaz.com.br\/litoralsp\/2022\/11\/06\/novos-curtas-de-spidey-e-seus-amigos-espetaculares","url":"https:\/\/redenoticiaz.com.br\/litoralsp\/2022\/11\/06\/novos-curtas-de-spidey-e-seus-amigos-espetaculares","name":"Novos curtas de \u201cSpidey e seus amigos espetaculares\u201d - Litoral SP","isPartOf":{"@id":"https:\/\/redenoticiaz.com.br\/litoralsp\/#website"},"primaryImageOfPage":{"@id":"https:\/\/redenoticiaz.com.br\/litoralsp\/2022\/11\/06\/novos-curtas-de-spidey-e-seus-amigos-espetaculares#primaryimage"},"image":{"@id":"https:\/\/redenoticiaz.com.br\/litoralsp\/2022\/11\/06\/novos-curtas-de-spidey-e-seus-amigos-espetaculares#primaryimage"},"thumbnailUrl":"https:\/\/redenoticiaz.com.br\/litoralsp\/wp-content\/uploads\/sites\/3\/2022\/11\/image002.jpg","datePublished":"2022-11-06T21:00:35+00:00","description":"Spidey e seus Amigos Espetaculares\"\u00a0voltou com novos curtas que apresentam as divertidas aventuras dos super-her\u00f3is Aranha, Miles Morales.","inLanguage":"pt-BR","potentialAction":[{"@type":"ReadAction","target":["https:\/\/redenoticiaz.com.br\/litoralsp\/2022\/11\/06\/novos-curtas-de-spidey-e-seus-amigos-espetaculares"]}]},{"@type":"ImageObject","inLanguage":"pt-BR","@id":"https:\/\/redenoticiaz.com.br\/litoralsp\/2022\/11\/06\/novos-curtas-de-spidey-e-seus-amigos-espetaculares#primaryimage","url":"https:\/\/redenoticiaz.com.br\/litoralsp\/wp-content\/uploads\/sites\/3\/2022\/11\/image002.jpg","contentUrl":"https:\/\/redenoticiaz.com.br\/litoralsp\/wp-content\/uploads\/sites\/3\/2022\/11\/image002.jpg","width":386,"height":399,"caption":"Cr\u00e9dito: Divulga\u00e7\u00e3o"},{"@type":"WebSite","@id":"https:\/\/redenoticiaz.com.br\/litoralsp\/#website","url":"https:\/\/redenoticiaz.com.br\/litoralsp\/","name":"Litoral SP","description":"Rede NoticiaZ","publisher":{"@id":"https:\/\/redenoticiaz.com.br\/litoralsp\/#organization"},"potentialAction":[{"@type":"SearchAction","target":{"@type":"EntryPoint","urlTemplate":"https:\/\/redenoticiaz.com.br\/litoralsp\/?s={search_term_string}"},"query-input":{"@type":"PropertyValueSpecification","valueRequired":true,"valueName":"search_term_string"}}],"inLanguage":"pt-BR"},{"@type":"Organization","@id":"https:\/\/redenoticiaz.com.br\/litoralsp\/#organization","name":"Litoral SP","url":"https:\/\/redenoticiaz.com.br\/litoralsp\/","logo":{"@type":"ImageObject","inLanguage":"pt-BR","@id":"https:\/\/redenoticiaz.com.br\/litoralsp\/#\/schema\/logo\/image\/","url":"https:\/\/redenoticiaz.com.br\/litoralsp\/wp-content\/uploads\/sites\/3\/2020\/11\/logo.jpg","contentUrl":"https:\/\/redenoticiaz.com.br\/litoralsp\/wp-content\/uploads\/sites\/3\/2020\/11\/logo.jpg","width":400,"height":250,"caption":"Litoral SP"},"image":{"@id":"https:\/\/redenoticiaz.com.br\/litoralsp\/#\/schema\/logo\/image\/"}},{"@type":"Person","@id":"","url":"https:\/\/redenoticiaz.com.br\/litoralsp\/author"}]}},"_links":{"self":[{"href":"https:\/\/redenoticiaz.com.br\/litoralsp\/wp-json\/wp\/v2\/posts\/94547","targetHints":{"allow":["GET"]}}],"collection":[{"href":"https:\/\/redenoticiaz.com.br\/litoralsp\/wp-json\/wp\/v2\/posts"}],"about":[{"href":"https:\/\/redenoticiaz.com.br\/litoralsp\/wp-json\/wp\/v2\/types\/post"}],"author":[{"embeddable":true,"href":"https:\/\/redenoticiaz.com.br\/litoralsp\/wp-json\/wp\/v2\/users\/15"}],"replies":[{"embeddable":true,"href":"https:\/\/redenoticiaz.com.br\/litoralsp\/wp-json\/wp\/v2\/comments?post=94547"}],"version-history":[{"count":1,"href":"https:\/\/redenoticiaz.com.br\/litoralsp\/wp-json\/wp\/v2\/posts\/94547\/revisions"}],"predecessor-version":[{"id":94549,"href":"https:\/\/redenoticiaz.com.br\/litoralsp\/wp-json\/wp\/v2\/posts\/94547\/revisions\/94549"}],"wp:featuredmedia":[{"embeddable":true,"href":"https:\/\/redenoticiaz.com.br\/litoralsp\/wp-json\/wp\/v2\/media\/94548"}],"wp:attachment":[{"href":"https:\/\/redenoticiaz.com.br\/litoralsp\/wp-json\/wp\/v2\/media?parent=94547"}],"wp:term":[{"taxonomy":"category","embeddable":true,"href":"https:\/\/redenoticiaz.com.br\/litoralsp\/wp-json\/wp\/v2\/categories?post=94547"},{"taxonomy":"post_tag","embeddable":true,"href":"https:\/\/redenoticiaz.com.br\/litoralsp\/wp-json\/wp\/v2\/tags?post=94547"}],"curies":[{"name":"wp","href":"https:\/\/api.w.org\/{rel}","templated":true}]}}