{"id":94560,"date":"2022-11-05T11:16:52","date_gmt":"2022-11-05T14:16:52","guid":{"rendered":"https:\/\/redenoticiaz.com.br\/litoralsp\/?p=94560"},"modified":"2022-11-05T11:16:52","modified_gmt":"2022-11-05T14:16:52","slug":"centro-de-santos-e-agitado-com-o-esquenta-copa","status":"publish","type":"post","link":"https:\/\/redenoticiaz.com.br\/litoralsp\/2022\/11\/05\/centro-de-santos-e-agitado-com-o-esquenta-copa","title":{"rendered":"Centro de Santos \u00e9 agitado com o &#8216;Esquenta Copa&#8217;"},"content":{"rendered":"<p class=\"content-text__container \" data-track-category=\"Link no Texto\" data-track-links=\"\">Faltam duas semanas para o in\u00edcio do maior evento do esporte mundial, a Copa do Mundo. E para que a popula\u00e7\u00e3o, j\u00e1 entre no clima, a Prefeitura de Santos realiza neste s\u00e1bado (5), o <strong>&#8216;Esquenta Copa&#8217;<\/strong>. Quem for at\u00e9 o Centro Hist\u00f3rico de Santos, vai conferir atra\u00e7\u00f5es como a Rota da Cerveja Artesanal, a feira de economia criativa, m\u00fasica, gastronomia e futmesa.<\/p>\n<div class=\"wall protected-content\">\n<div id=\"chunk-c5jvl\">\n<div class=\"mc-column content-text active-extra-styles \" data-block-type=\"unstyled\" data-block-weight=\"51\" data-block-id=\"4\">\n<p class=\"content-text__container \" data-track-category=\"Link no Texto\" data-track-links=\"\">O evento \u00e9 realizado no Museu Pel\u00e9 e imedia\u00e7\u00f5es (Largo Marqu\u00eas de Monte Alegre s\/n\u00ba), das 10h \u00e0s 17h. A feira de economia criativa Feito em Santos Valongo estar\u00e1 montada no alpendre da Esta\u00e7\u00e3o do Valongo com aproximadamente 15 expositores de artes pl\u00e1sticas, artesanato, trabalhos manuais e lembran\u00e7as da Cidade.<\/p>\n<div id=\"chunk-9q739\">\n<div class=\"mc-column content-text active-extra-styles \" data-block-type=\"unstyled\" data-block-weight=\"45\" data-block-id=\"6\">\n<p class=\"content-text__container \" data-track-category=\"Link no Texto\" data-track-links=\"\">Dentro do Museu Pel\u00e9, tem a Copa do Mundo de Futebol de Bot\u00e3o. Outra atra\u00e7\u00e3o para os f\u00e3s de futebol fica no t\u00e9rreo do museu. A loja do equipamento tur\u00edstico vai realizar uma exposi\u00e7\u00e3o com r\u00e9plicas de camisas da sele\u00e7\u00e3o brasileira utilizadas em outras copas.<\/p>\n<\/div>\n<\/div>\n<div id=\"chunk-evaiq\">\n<div class=\"mc-column content-text active-extra-styles \" data-block-type=\"unstyled\" data-block-weight=\"42\" data-block-id=\"7\">\n<p class=\"content-text__container \" data-track-category=\"Link no Texto\" data-track-links=\"\">J\u00e1 do lado de fora, o p\u00fablico poder\u00e1 experimentar os v\u00e1rios sabores das cinco marcas da <strong>Rota da Cerveja Artesanal<\/strong>, com as esta\u00e7\u00f5es da Everbrew, Jur\u00e1ssica, Filomena, Santista e Estiva. Para matar a fome, haver\u00e1 cinco barracas com del\u00edcias doces e salgadas.<\/p>\n<h3 data-track-category=\"Link no Texto\">Troca de figurinhas e futmesa<\/h3>\n<\/div>\n<\/div>\n<div id=\"chunk-2lkme\">\n<div class=\"mc-column content-text active-extra-styles \" data-block-type=\"unstyled\" data-block-weight=\"29\" data-block-id=\"8\">\n<p class=\"content-text__container \" data-track-category=\"Link no Texto\" data-track-links=\"\">Quem ainda n\u00e3o completou seu \u00e1lbum da Copa, poder\u00e1 se juntar a outros colecionadores para<strong> trocar figurinhas <\/strong>no posto montado pela Secretaria de Empreendedorismo, Economia Criativa e Turismo (Seectur).<\/p>\n<\/div>\n<\/div>\n<div id=\"chunk-5usqq\">\n<div class=\"mc-column content-text active-extra-styles \" data-block-type=\"unstyled\" data-block-weight=\"64\" data-block-id=\"9\">\n<p class=\"content-text__container \" data-track-category=\"Link no Texto\" data-track-links=\"\">A Liga de Futev\u00f4lei do Litoral vai montar duas<strong> esta\u00e7\u00f5es de futmesa<\/strong>, onde quatro atletas demonstrar\u00e3o a modalidade e dois instrutores v\u00e3o ensinar todos aqueles que desejarem jogar. A anima\u00e7\u00e3o ficar\u00e1 por conta do DJ Igom, que apresentar\u00e1 diversos tipos de m\u00fasicas das 11h \u00e0s 17h. Para as crian\u00e7as, haver\u00e1 \u00e1rea kids com t\u00eanis de mesa, pebolim e brinquedo infl\u00e1vel de futebol de sab\u00e3o.<\/p>\n<p data-track-category=\"Link no Texto\" data-track-links=\"\"><strong>LEIA TAMB\u00c9M<\/strong><\/p>\n<p data-track-category=\"Link no Texto\" data-track-links=\"\"><a href=\"https:\/\/redenoticiaz.com.br\/litoralsp\/2022\/11\/04\/praia-grande-convoca-aprovados-em-concurso-para-contratacao-temporaria-na-alta-temporada-de-verao\">Praia Grande convoca aprovados em concurso para contrata\u00e7\u00e3o tempor\u00e1ria na alta temporada de ver\u00e3o<\/a><\/p>\n<\/div>\n<\/div>\n<\/div>\n<\/div>\n<\/div>\n","protected":false},"excerpt":{"rendered":"<p>Faltam duas semanas para o in\u00edcio do maior evento do esporte mundial, a Copa do Mundo. E para que a popula\u00e7\u00e3o, j\u00e1 entre no clima, a Prefeitura de Santos realiza neste s\u00e1bado (5), o &#8216;Esquenta Copa&#8217;. Quem for at\u00e9 o Centro Hist\u00f3rico de Santos, vai conferir atra\u00e7\u00f5es como a Rota da Cerveja Artesanal, a feira &hellip;<\/p>\n","protected":false},"author":6,"featured_media":94561,"comment_status":"open","ping_status":"closed","sticky":false,"template":"","format":"standard","meta":{"footnotes":""},"categories":[170,3385,180],"tags":[19165,50772,60684,14467,986,6667],"class_list":["post-94560","post","type-post","status-publish","format-standard","has-post-thumbnail","hentry","category-entretenimento","category-gastronomia","category-santos","tag-centro-de-santos","tag-centro-historico-de-santos","tag-esquenta-copa","tag-museu-pele","tag-santos","tag-valongo"],"yoast_head":"<!-- This site is optimized with the Yoast SEO plugin v27.4 - https:\/\/yoast.com\/product\/yoast-seo-wordpress\/ -->\n<title>Centro de Santos \u00e9 agitado com o &#8216;Esquenta Copa&#8217; - Litoral SP<\/title>\n<meta name=\"description\" content=\"esporte mundial, a Copa do Mundo. E para que a popula\u00e7\u00e3o, j\u00e1 entre no clima, a Prefeitura de Santos realiza neste s\u00e1bado (5), o &#039;Esquenta Copa&#039;. Quem\" \/>\n<meta name=\"robots\" content=\"index, follow, max-snippet:-1, max-image-preview:large, max-video-preview:-1\" \/>\n<link rel=\"canonical\" href=\"https:\/\/redenoticiaz.com.br\/litoralsp\/2022\/11\/05\/centro-de-santos-e-agitado-com-o-esquenta-copa\" \/>\n<meta property=\"og:locale\" content=\"pt_BR\" \/>\n<meta property=\"og:type\" content=\"article\" \/>\n<meta property=\"og:title\" content=\"Centro de Santos \u00e9 agitado com o &#8216;Esquenta Copa&#8217; - Litoral SP\" \/>\n<meta property=\"og:description\" content=\"esporte mundial, a Copa do Mundo. E para que a popula\u00e7\u00e3o, j\u00e1 entre no clima, a Prefeitura de Santos realiza neste s\u00e1bado (5), o &#039;Esquenta Copa&#039;. Quem\" \/>\n<meta property=\"og:url\" content=\"https:\/\/redenoticiaz.com.br\/litoralsp\/2022\/11\/05\/centro-de-santos-e-agitado-com-o-esquenta-copa\" \/>\n<meta property=\"og:site_name\" content=\"Litoral SP\" \/>\n<meta property=\"article:published_time\" content=\"2022-11-05T14:16:52+00:00\" \/>\n<meta property=\"og:image\" content=\"https:\/\/redenoticiaz.com.br\/litoralsp\/wp-content\/uploads\/sites\/3\/2022\/11\/esquenta.jpg\" \/>\n\t<meta property=\"og:image:width\" content=\"852\" \/>\n\t<meta property=\"og:image:height\" content=\"568\" \/>\n\t<meta property=\"og:image:type\" content=\"image\/jpeg\" \/>\n<meta name=\"author\" content=\"Leonardo Francisco\" \/>\n<meta name=\"twitter:card\" content=\"summary_large_image\" \/>\n<meta name=\"twitter:label1\" content=\"Escrito por\" \/>\n\t<meta name=\"twitter:data1\" content=\"Leonardo Francisco\" \/>\n\t<meta name=\"twitter:label2\" content=\"Est. tempo de leitura\" \/>\n\t<meta name=\"twitter:data2\" content=\"2 minutos\" \/>\n<script type=\"application\/ld+json\" class=\"yoast-schema-graph\">{\"@context\":\"https:\\\/\\\/schema.org\",\"@graph\":[{\"@type\":\"Article\",\"@id\":\"https:\\\/\\\/redenoticiaz.com.br\\\/litoralsp\\\/2022\\\/11\\\/05\\\/centro-de-santos-e-agitado-com-o-esquenta-copa#article\",\"isPartOf\":{\"@id\":\"https:\\\/\\\/redenoticiaz.com.br\\\/litoralsp\\\/2022\\\/11\\\/05\\\/centro-de-santos-e-agitado-com-o-esquenta-copa\"},\"author\":{\"name\":\"Leonardo Francisco\",\"@id\":\"https:\\\/\\\/redenoticiaz.com.br\\\/litoralsp\\\/#\\\/schema\\\/person\\\/0f0b8a5bdafefe82841e07ae8d81ecb3\"},\"headline\":\"Centro de Santos \u00e9 agitado com o &#8216;Esquenta Copa&#8217;\",\"datePublished\":\"2022-11-05T14:16:52+00:00\",\"mainEntityOfPage\":{\"@id\":\"https:\\\/\\\/redenoticiaz.com.br\\\/litoralsp\\\/2022\\\/11\\\/05\\\/centro-de-santos-e-agitado-com-o-esquenta-copa\"},\"wordCount\":358,\"commentCount\":0,\"publisher\":{\"@id\":\"https:\\\/\\\/redenoticiaz.com.br\\\/litoralsp\\\/#organization\"},\"image\":{\"@id\":\"https:\\\/\\\/redenoticiaz.com.br\\\/litoralsp\\\/2022\\\/11\\\/05\\\/centro-de-santos-e-agitado-com-o-esquenta-copa#primaryimage\"},\"thumbnailUrl\":\"https:\\\/\\\/redenoticiaz.com.br\\\/litoralsp\\\/wp-content\\\/uploads\\\/sites\\\/3\\\/2022\\\/11\\\/esquenta.jpg\",\"keywords\":[\"CENTRO DE SANTOS\",\"CENTRO HIST\u00d3RICO DE SANTOS\",\"ESQUENTA COPA\",\"MUSEU PEL\u00c9\",\"Santos\",\"VALONGO\"],\"articleSection\":[\"Entretenimento\",\"Gastronomia\",\"Santos\"],\"inLanguage\":\"pt-BR\",\"potentialAction\":[{\"@type\":\"CommentAction\",\"name\":\"Comment\",\"target\":[\"https:\\\/\\\/redenoticiaz.com.br\\\/litoralsp\\\/2022\\\/11\\\/05\\\/centro-de-santos-e-agitado-com-o-esquenta-copa#respond\"]}]},{\"@type\":\"WebPage\",\"@id\":\"https:\\\/\\\/redenoticiaz.com.br\\\/litoralsp\\\/2022\\\/11\\\/05\\\/centro-de-santos-e-agitado-com-o-esquenta-copa\",\"url\":\"https:\\\/\\\/redenoticiaz.com.br\\\/litoralsp\\\/2022\\\/11\\\/05\\\/centro-de-santos-e-agitado-com-o-esquenta-copa\",\"name\":\"Centro de Santos \u00e9 agitado com o &#8216;Esquenta Copa&#8217; - Litoral SP\",\"isPartOf\":{\"@id\":\"https:\\\/\\\/redenoticiaz.com.br\\\/litoralsp\\\/#website\"},\"primaryImageOfPage\":{\"@id\":\"https:\\\/\\\/redenoticiaz.com.br\\\/litoralsp\\\/2022\\\/11\\\/05\\\/centro-de-santos-e-agitado-com-o-esquenta-copa#primaryimage\"},\"image\":{\"@id\":\"https:\\\/\\\/redenoticiaz.com.br\\\/litoralsp\\\/2022\\\/11\\\/05\\\/centro-de-santos-e-agitado-com-o-esquenta-copa#primaryimage\"},\"thumbnailUrl\":\"https:\\\/\\\/redenoticiaz.com.br\\\/litoralsp\\\/wp-content\\\/uploads\\\/sites\\\/3\\\/2022\\\/11\\\/esquenta.jpg\",\"datePublished\":\"2022-11-05T14:16:52+00:00\",\"description\":\"esporte mundial, a Copa do Mundo. E para que a popula\u00e7\u00e3o, j\u00e1 entre no clima, a Prefeitura de Santos realiza neste s\u00e1bado (5), o 'Esquenta Copa'. Quem\",\"inLanguage\":\"pt-BR\",\"potentialAction\":[{\"@type\":\"ReadAction\",\"target\":[\"https:\\\/\\\/redenoticiaz.com.br\\\/litoralsp\\\/2022\\\/11\\\/05\\\/centro-de-santos-e-agitado-com-o-esquenta-copa\"]}]},{\"@type\":\"ImageObject\",\"inLanguage\":\"pt-BR\",\"@id\":\"https:\\\/\\\/redenoticiaz.com.br\\\/litoralsp\\\/2022\\\/11\\\/05\\\/centro-de-santos-e-agitado-com-o-esquenta-copa#primaryimage\",\"url\":\"https:\\\/\\\/redenoticiaz.com.br\\\/litoralsp\\\/wp-content\\\/uploads\\\/sites\\\/3\\\/2022\\\/11\\\/esquenta.jpg\",\"contentUrl\":\"https:\\\/\\\/redenoticiaz.com.br\\\/litoralsp\\\/wp-content\\\/uploads\\\/sites\\\/3\\\/2022\\\/11\\\/esquenta.jpg\",\"width\":852,\"height\":568,\"caption\":\"Cr\u00e9ditos: Divulga\u00e7\u00e3o\\\/Prefeitura de Santos\"},{\"@type\":\"WebSite\",\"@id\":\"https:\\\/\\\/redenoticiaz.com.br\\\/litoralsp\\\/#website\",\"url\":\"https:\\\/\\\/redenoticiaz.com.br\\\/litoralsp\\\/\",\"name\":\"Litoral SP\",\"description\":\"Rede NoticiaZ\",\"publisher\":{\"@id\":\"https:\\\/\\\/redenoticiaz.com.br\\\/litoralsp\\\/#organization\"},\"potentialAction\":[{\"@type\":\"SearchAction\",\"target\":{\"@type\":\"EntryPoint\",\"urlTemplate\":\"https:\\\/\\\/redenoticiaz.com.br\\\/litoralsp\\\/?s={search_term_string}\"},\"query-input\":{\"@type\":\"PropertyValueSpecification\",\"valueRequired\":true,\"valueName\":\"search_term_string\"}}],\"inLanguage\":\"pt-BR\"},{\"@type\":\"Organization\",\"@id\":\"https:\\\/\\\/redenoticiaz.com.br\\\/litoralsp\\\/#organization\",\"name\":\"Litoral SP\",\"url\":\"https:\\\/\\\/redenoticiaz.com.br\\\/litoralsp\\\/\",\"logo\":{\"@type\":\"ImageObject\",\"inLanguage\":\"pt-BR\",\"@id\":\"https:\\\/\\\/redenoticiaz.com.br\\\/litoralsp\\\/#\\\/schema\\\/logo\\\/image\\\/\",\"url\":\"https:\\\/\\\/redenoticiaz.com.br\\\/litoralsp\\\/wp-content\\\/uploads\\\/sites\\\/3\\\/2020\\\/11\\\/logo.jpg\",\"contentUrl\":\"https:\\\/\\\/redenoticiaz.com.br\\\/litoralsp\\\/wp-content\\\/uploads\\\/sites\\\/3\\\/2020\\\/11\\\/logo.jpg\",\"width\":400,\"height\":250,\"caption\":\"Litoral SP\"},\"image\":{\"@id\":\"https:\\\/\\\/redenoticiaz.com.br\\\/litoralsp\\\/#\\\/schema\\\/logo\\\/image\\\/\"}},{\"@type\":\"Person\",\"@id\":\"https:\\\/\\\/redenoticiaz.com.br\\\/litoralsp\\\/#\\\/schema\\\/person\\\/0f0b8a5bdafefe82841e07ae8d81ecb3\",\"name\":\"Leonardo Francisco\",\"image\":{\"@type\":\"ImageObject\",\"inLanguage\":\"pt-BR\",\"@id\":\"https:\\\/\\\/secure.gravatar.com\\\/avatar\\\/a7358cb406a99b682ec6df1e77e31ae82e63601f6784e8a3df411d72b37864da?s=96&d=mm&r=g\",\"url\":\"https:\\\/\\\/secure.gravatar.com\\\/avatar\\\/a7358cb406a99b682ec6df1e77e31ae82e63601f6784e8a3df411d72b37864da?s=96&d=mm&r=g\",\"contentUrl\":\"https:\\\/\\\/secure.gravatar.com\\\/avatar\\\/a7358cb406a99b682ec6df1e77e31ae82e63601f6784e8a3df411d72b37864da?s=96&d=mm&r=g\",\"caption\":\"Leonardo Francisco\"},\"url\":\"https:\\\/\\\/redenoticiaz.com.br\\\/litoralsp\\\/author\\\/leonardo-francisco\"}]}<\/script>\n<!-- \/ Yoast SEO plugin. -->","yoast_head_json":{"title":"Centro de Santos \u00e9 agitado com o &#8216;Esquenta Copa&#8217; - Litoral SP","description":"esporte mundial, a Copa do Mundo. E para que a popula\u00e7\u00e3o, j\u00e1 entre no clima, a Prefeitura de Santos realiza neste s\u00e1bado (5), o 'Esquenta Copa'. Quem","robots":{"index":"index","follow":"follow","max-snippet":"max-snippet:-1","max-image-preview":"max-image-preview:large","max-video-preview":"max-video-preview:-1"},"canonical":"https:\/\/redenoticiaz.com.br\/litoralsp\/2022\/11\/05\/centro-de-santos-e-agitado-com-o-esquenta-copa","og_locale":"pt_BR","og_type":"article","og_title":"Centro de Santos \u00e9 agitado com o &#8216;Esquenta Copa&#8217; - Litoral SP","og_description":"esporte mundial, a Copa do Mundo. E para que a popula\u00e7\u00e3o, j\u00e1 entre no clima, a Prefeitura de Santos realiza neste s\u00e1bado (5), o 'Esquenta Copa'. Quem","og_url":"https:\/\/redenoticiaz.com.br\/litoralsp\/2022\/11\/05\/centro-de-santos-e-agitado-com-o-esquenta-copa","og_site_name":"Litoral SP","article_published_time":"2022-11-05T14:16:52+00:00","og_image":[{"width":852,"height":568,"url":"https:\/\/redenoticiaz.com.br\/litoralsp\/wp-content\/uploads\/sites\/3\/2022\/11\/esquenta.jpg","type":"image\/jpeg"}],"author":"Leonardo Francisco","twitter_card":"summary_large_image","twitter_misc":{"Escrito por":"Leonardo Francisco","Est. tempo de leitura":"2 minutos"},"schema":{"@context":"https:\/\/schema.org","@graph":[{"@type":"Article","@id":"https:\/\/redenoticiaz.com.br\/litoralsp\/2022\/11\/05\/centro-de-santos-e-agitado-com-o-esquenta-copa#article","isPartOf":{"@id":"https:\/\/redenoticiaz.com.br\/litoralsp\/2022\/11\/05\/centro-de-santos-e-agitado-com-o-esquenta-copa"},"author":{"name":"Leonardo Francisco","@id":"https:\/\/redenoticiaz.com.br\/litoralsp\/#\/schema\/person\/0f0b8a5bdafefe82841e07ae8d81ecb3"},"headline":"Centro de Santos \u00e9 agitado com o &#8216;Esquenta Copa&#8217;","datePublished":"2022-11-05T14:16:52+00:00","mainEntityOfPage":{"@id":"https:\/\/redenoticiaz.com.br\/litoralsp\/2022\/11\/05\/centro-de-santos-e-agitado-com-o-esquenta-copa"},"wordCount":358,"commentCount":0,"publisher":{"@id":"https:\/\/redenoticiaz.com.br\/litoralsp\/#organization"},"image":{"@id":"https:\/\/redenoticiaz.com.br\/litoralsp\/2022\/11\/05\/centro-de-santos-e-agitado-com-o-esquenta-copa#primaryimage"},"thumbnailUrl":"https:\/\/redenoticiaz.com.br\/litoralsp\/wp-content\/uploads\/sites\/3\/2022\/11\/esquenta.jpg","keywords":["CENTRO DE SANTOS","CENTRO HIST\u00d3RICO DE SANTOS","ESQUENTA COPA","MUSEU PEL\u00c9","Santos","VALONGO"],"articleSection":["Entretenimento","Gastronomia","Santos"],"inLanguage":"pt-BR","potentialAction":[{"@type":"CommentAction","name":"Comment","target":["https:\/\/redenoticiaz.com.br\/litoralsp\/2022\/11\/05\/centro-de-santos-e-agitado-com-o-esquenta-copa#respond"]}]},{"@type":"WebPage","@id":"https:\/\/redenoticiaz.com.br\/litoralsp\/2022\/11\/05\/centro-de-santos-e-agitado-com-o-esquenta-copa","url":"https:\/\/redenoticiaz.com.br\/litoralsp\/2022\/11\/05\/centro-de-santos-e-agitado-com-o-esquenta-copa","name":"Centro de Santos \u00e9 agitado com o &#8216;Esquenta Copa&#8217; - Litoral SP","isPartOf":{"@id":"https:\/\/redenoticiaz.com.br\/litoralsp\/#website"},"primaryImageOfPage":{"@id":"https:\/\/redenoticiaz.com.br\/litoralsp\/2022\/11\/05\/centro-de-santos-e-agitado-com-o-esquenta-copa#primaryimage"},"image":{"@id":"https:\/\/redenoticiaz.com.br\/litoralsp\/2022\/11\/05\/centro-de-santos-e-agitado-com-o-esquenta-copa#primaryimage"},"thumbnailUrl":"https:\/\/redenoticiaz.com.br\/litoralsp\/wp-content\/uploads\/sites\/3\/2022\/11\/esquenta.jpg","datePublished":"2022-11-05T14:16:52+00:00","description":"esporte mundial, a Copa do Mundo. E para que a popula\u00e7\u00e3o, j\u00e1 entre no clima, a Prefeitura de Santos realiza neste s\u00e1bado (5), o 'Esquenta Copa'. Quem","inLanguage":"pt-BR","potentialAction":[{"@type":"ReadAction","target":["https:\/\/redenoticiaz.com.br\/litoralsp\/2022\/11\/05\/centro-de-santos-e-agitado-com-o-esquenta-copa"]}]},{"@type":"ImageObject","inLanguage":"pt-BR","@id":"https:\/\/redenoticiaz.com.br\/litoralsp\/2022\/11\/05\/centro-de-santos-e-agitado-com-o-esquenta-copa#primaryimage","url":"https:\/\/redenoticiaz.com.br\/litoralsp\/wp-content\/uploads\/sites\/3\/2022\/11\/esquenta.jpg","contentUrl":"https:\/\/redenoticiaz.com.br\/litoralsp\/wp-content\/uploads\/sites\/3\/2022\/11\/esquenta.jpg","width":852,"height":568,"caption":"Cr\u00e9ditos: Divulga\u00e7\u00e3o\/Prefeitura de Santos"},{"@type":"WebSite","@id":"https:\/\/redenoticiaz.com.br\/litoralsp\/#website","url":"https:\/\/redenoticiaz.com.br\/litoralsp\/","name":"Litoral SP","description":"Rede NoticiaZ","publisher":{"@id":"https:\/\/redenoticiaz.com.br\/litoralsp\/#organization"},"potentialAction":[{"@type":"SearchAction","target":{"@type":"EntryPoint","urlTemplate":"https:\/\/redenoticiaz.com.br\/litoralsp\/?s={search_term_string}"},"query-input":{"@type":"PropertyValueSpecification","valueRequired":true,"valueName":"search_term_string"}}],"inLanguage":"pt-BR"},{"@type":"Organization","@id":"https:\/\/redenoticiaz.com.br\/litoralsp\/#organization","name":"Litoral SP","url":"https:\/\/redenoticiaz.com.br\/litoralsp\/","logo":{"@type":"ImageObject","inLanguage":"pt-BR","@id":"https:\/\/redenoticiaz.com.br\/litoralsp\/#\/schema\/logo\/image\/","url":"https:\/\/redenoticiaz.com.br\/litoralsp\/wp-content\/uploads\/sites\/3\/2020\/11\/logo.jpg","contentUrl":"https:\/\/redenoticiaz.com.br\/litoralsp\/wp-content\/uploads\/sites\/3\/2020\/11\/logo.jpg","width":400,"height":250,"caption":"Litoral SP"},"image":{"@id":"https:\/\/redenoticiaz.com.br\/litoralsp\/#\/schema\/logo\/image\/"}},{"@type":"Person","@id":"https:\/\/redenoticiaz.com.br\/litoralsp\/#\/schema\/person\/0f0b8a5bdafefe82841e07ae8d81ecb3","name":"Leonardo Francisco","image":{"@type":"ImageObject","inLanguage":"pt-BR","@id":"https:\/\/secure.gravatar.com\/avatar\/a7358cb406a99b682ec6df1e77e31ae82e63601f6784e8a3df411d72b37864da?s=96&d=mm&r=g","url":"https:\/\/secure.gravatar.com\/avatar\/a7358cb406a99b682ec6df1e77e31ae82e63601f6784e8a3df411d72b37864da?s=96&d=mm&r=g","contentUrl":"https:\/\/secure.gravatar.com\/avatar\/a7358cb406a99b682ec6df1e77e31ae82e63601f6784e8a3df411d72b37864da?s=96&d=mm&r=g","caption":"Leonardo Francisco"},"url":"https:\/\/redenoticiaz.com.br\/litoralsp\/author\/leonardo-francisco"}]}},"_links":{"self":[{"href":"https:\/\/redenoticiaz.com.br\/litoralsp\/wp-json\/wp\/v2\/posts\/94560","targetHints":{"allow":["GET"]}}],"collection":[{"href":"https:\/\/redenoticiaz.com.br\/litoralsp\/wp-json\/wp\/v2\/posts"}],"about":[{"href":"https:\/\/redenoticiaz.com.br\/litoralsp\/wp-json\/wp\/v2\/types\/post"}],"author":[{"embeddable":true,"href":"https:\/\/redenoticiaz.com.br\/litoralsp\/wp-json\/wp\/v2\/users\/6"}],"replies":[{"embeddable":true,"href":"https:\/\/redenoticiaz.com.br\/litoralsp\/wp-json\/wp\/v2\/comments?post=94560"}],"version-history":[{"count":1,"href":"https:\/\/redenoticiaz.com.br\/litoralsp\/wp-json\/wp\/v2\/posts\/94560\/revisions"}],"predecessor-version":[{"id":94562,"href":"https:\/\/redenoticiaz.com.br\/litoralsp\/wp-json\/wp\/v2\/posts\/94560\/revisions\/94562"}],"wp:featuredmedia":[{"embeddable":true,"href":"https:\/\/redenoticiaz.com.br\/litoralsp\/wp-json\/wp\/v2\/media\/94561"}],"wp:attachment":[{"href":"https:\/\/redenoticiaz.com.br\/litoralsp\/wp-json\/wp\/v2\/media?parent=94560"}],"wp:term":[{"taxonomy":"category","embeddable":true,"href":"https:\/\/redenoticiaz.com.br\/litoralsp\/wp-json\/wp\/v2\/categories?post=94560"},{"taxonomy":"post_tag","embeddable":true,"href":"https:\/\/redenoticiaz.com.br\/litoralsp\/wp-json\/wp\/v2\/tags?post=94560"}],"curies":[{"name":"wp","href":"https:\/\/api.w.org\/{rel}","templated":true}]}}