{"id":94643,"date":"2022-11-07T09:28:40","date_gmt":"2022-11-07T12:28:40","guid":{"rendered":"https:\/\/redenoticiaz.com.br\/litoralsp\/?p=94643"},"modified":"2022-11-07T09:28:40","modified_gmt":"2022-11-07T12:28:40","slug":"inquerito-sobre-caso-de-menina-indigena-estuprada-e-concluido-pela-policia-civil","status":"publish","type":"post","link":"https:\/\/redenoticiaz.com.br\/litoralsp\/2022\/11\/07\/inquerito-sobre-caso-de-menina-indigena-estuprada-e-concluido-pela-policia-civil","title":{"rendered":"Inqu\u00e9rito sobre caso de menina ind\u00edgena estuprada \u00e9 conclu\u00eddo pela Pol\u00edcia Civil"},"content":{"rendered":"<div id=\"chunk-cffla\">\n<div class=\"mc-column content-text active-extra-styles \" data-block-type=\"unstyled\" data-block-weight=\"65\" data-block-id=\"3\">\n<p class=\"content-text__container \" data-track-category=\"Link no Texto\" data-track-links=\"\">A Pol\u00edcia Civil <strong>concluiu o inqu\u00e9rito policial<\/strong> sobre o caso da menina ind\u00edgena de cinco anos que foi estuprada em uma aldeia, em S\u00e3o Vicente. O crime aconteceu em outubro deste ano e o caso ficou sob o cargo da Delegacia de Defesa da Mulher (DDM) de S\u00e3o Vicente.<\/p>\n<p class=\"content-text__container \" data-track-category=\"Link no Texto\" data-track-links=\"\">De acordo com a Pol\u00edcia Civil, foi feito o pedido da convers\u00e3o da pris\u00e3o tempor\u00e1ria para preventiva do suspeito de cometer o crime, que se entregou dias ap\u00f3s o crime.<\/p>\n<\/div>\n<\/div>\n<div class=\"wall protected-content\">\n<div id=\"chunk-1so4q\">\n<div class=\"mc-column content-text active-extra-styles \" data-block-type=\"unstyled\" data-block-weight=\"46\" data-block-id=\"4\">\n<p class=\"content-text__container \" data-track-category=\"Link no Texto\" data-track-links=\"\">A menina foi encontrada em uma regi\u00e3o de mata, com sangramento na regi\u00e3o genital, no dia 19 de outubro, na Aldeia de Paranapu\u00e3, em S\u00e3o Vicente. Ela passou por uma cirurgia no mesmo dia e permanece internada no Hospital do Vicentino.<\/p>\n<\/div>\n<\/div>\n<div id=\"chunk-5mu8t\">\n<div class=\"mc-column content-text active-extra-styles \" data-block-type=\"unstyled\" data-block-weight=\"33\" data-block-id=\"6\">\n<p class=\"content-text__container \" data-track-category=\"Link no Texto\" data-track-links=\"\">Durante as investiga\u00e7\u00f5es, as equipes estiveram nos locais que eram frequentados pelo suspeito. Ap\u00f3s o &#8216;cerco&#8217; feito pelos agentes, ele se apresentou na Delegacia Sede e, na sequ\u00eancia, foi conduzido ao sistema penitenci\u00e1rio.<\/p>\n<\/div>\n<\/div>\n<div id=\"chunk-8n2q1\">\n<div class=\"mc-column content-text active-extra-styles \" data-block-type=\"unstyled\" data-block-weight=\"47\" data-block-id=\"7\">\n<p class=\"content-text__container \" data-track-category=\"Link no Texto\" data-track-links=\"\">Segundo o cacique Ronildo Amandios, que esteve com o suspeito na delegacia, o homem apresentava um comportamento problem\u00e1tico e consumia \u00e1lcool em excesso.<\/p>\n<\/div>\n<\/div>\n<div id=\"chunk-93ga6\">\n<div class=\"mc-column content-text active-extra-styles \" data-block-type=\"unstyled\" data-block-weight=\"63\" data-block-id=\"8\">\n<p class=\"content-text__container \" data-track-category=\"Link no Texto\" data-track-links=\"\">Em nota, a Secretaria de Seguran\u00e7a P\u00fablica informou que o inqu\u00e9rito policial do caso foi conclu\u00eddo pela Delegacia de Defesa da Mulher (DDM) de S\u00e3o Vicente e relatado \u00e0 Justi\u00e7a na \u00faltima semana, com pedido de convers\u00e3o da pris\u00e3o tempor\u00e1ria em pris\u00e3o preventiva. Al\u00e9m disso, tamb\u00e9m foi realizada coleta de material de DNA do suspeito, cujo laudo pericial est\u00e1 em andamento.<\/p>\n<p data-track-category=\"Link no Texto\" data-track-links=\"\"><strong>LEIA TAMB\u00c9M<\/strong><\/p>\n<p data-track-category=\"Link no Texto\" data-track-links=\"\"><a href=\"https:\/\/redenoticiaz.com.br\/litoralsp\/2022\/10\/21\/suspeito-de-estupro-contra-crianca-indigena-em-sao-vicente-e-preso\">Suspeito de estupro contra crian\u00e7a ind\u00edgena em S\u00e3o Vicente \u00e9 preso<\/a><\/p>\n<\/div>\n<\/div>\n<\/div>\n","protected":false},"excerpt":{"rendered":"<p>A Pol\u00edcia Civil concluiu o inqu\u00e9rito policial sobre o caso da menina ind\u00edgena de cinco anos que foi estuprada em uma aldeia, em S\u00e3o Vicente. O crime aconteceu em outubro deste ano e o caso ficou sob o cargo da Delegacia de Defesa da Mulher (DDM) de S\u00e3o Vicente. De acordo com a Pol\u00edcia Civil, &hellip;<\/p>\n","protected":false},"author":6,"featured_media":93649,"comment_status":"open","ping_status":"closed","sticky":false,"template":"","format":"standard","meta":{"footnotes":""},"categories":[10,181],"tags":[60254,60716,60715,41734,33],"class_list":["post-94643","post","type-post","status-publish","format-standard","has-post-thumbnail","hentry","category-policia","category-sao-vicente","tag-aldeia-de-paranapua","tag-estupro-de-crianca-indigena","tag-inquerito-concluido","tag-policia-ciivl","tag-sao-vicente"],"yoast_head":"<!-- This site is optimized with the Yoast SEO plugin v27.5 - https:\/\/yoast.com\/product\/yoast-seo-wordpress\/ -->\n<title>Inqu\u00e9rito sobre caso de menina ind\u00edgena estuprada \u00e9 conclu\u00eddo pela Pol\u00edcia Civil - Litoral SP<\/title>\n<meta name=\"description\" content=\"A Pol\u00edcia Civil concluiu o inqu\u00e9rito policial sobre o caso da menina ind\u00edgena de cinco anos que foi estuprada em uma aldeia\" \/>\n<meta name=\"robots\" content=\"index, follow, max-snippet:-1, max-image-preview:large, max-video-preview:-1\" \/>\n<link rel=\"canonical\" href=\"https:\/\/redenoticiaz.com.br\/litoralsp\/2022\/11\/07\/inquerito-sobre-caso-de-menina-indigena-estuprada-e-concluido-pela-policia-civil\" \/>\n<meta property=\"og:locale\" content=\"pt_BR\" \/>\n<meta property=\"og:type\" content=\"article\" \/>\n<meta property=\"og:title\" content=\"Inqu\u00e9rito sobre caso de menina ind\u00edgena estuprada \u00e9 conclu\u00eddo pela Pol\u00edcia Civil - Litoral SP\" \/>\n<meta property=\"og:description\" content=\"A Pol\u00edcia Civil concluiu o inqu\u00e9rito policial sobre o caso da menina ind\u00edgena de cinco anos que foi estuprada em uma aldeia\" \/>\n<meta property=\"og:url\" content=\"https:\/\/redenoticiaz.com.br\/litoralsp\/2022\/11\/07\/inquerito-sobre-caso-de-menina-indigena-estuprada-e-concluido-pela-policia-civil\" \/>\n<meta property=\"og:site_name\" content=\"Litoral SP\" \/>\n<meta property=\"article:published_time\" content=\"2022-11-07T12:28:40+00:00\" \/>\n<meta property=\"og:image\" content=\"https:\/\/redenoticiaz.com.br\/litoralsp\/wp-content\/uploads\/sites\/3\/2022\/10\/aldeia.png\" \/>\n\t<meta property=\"og:image:width\" content=\"682\" \/>\n\t<meta property=\"og:image:height\" content=\"420\" \/>\n\t<meta property=\"og:image:type\" content=\"image\/png\" \/>\n<meta name=\"author\" content=\"Leonardo Francisco\" \/>\n<meta name=\"twitter:card\" content=\"summary_large_image\" \/>\n<meta name=\"twitter:label1\" content=\"Escrito por\" \/>\n\t<meta name=\"twitter:data1\" content=\"Leonardo Francisco\" \/>\n\t<meta name=\"twitter:label2\" content=\"Est. tempo de leitura\" \/>\n\t<meta name=\"twitter:data2\" content=\"2 minutos\" \/>\n<script type=\"application\/ld+json\" class=\"yoast-schema-graph\">{\"@context\":\"https:\\\/\\\/schema.org\",\"@graph\":[{\"@type\":\"Article\",\"@id\":\"https:\\\/\\\/redenoticiaz.com.br\\\/litoralsp\\\/2022\\\/11\\\/07\\\/inquerito-sobre-caso-de-menina-indigena-estuprada-e-concluido-pela-policia-civil#article\",\"isPartOf\":{\"@id\":\"https:\\\/\\\/redenoticiaz.com.br\\\/litoralsp\\\/2022\\\/11\\\/07\\\/inquerito-sobre-caso-de-menina-indigena-estuprada-e-concluido-pela-policia-civil\"},\"author\":{\"name\":\"Leonardo Francisco\",\"@id\":\"https:\\\/\\\/redenoticiaz.com.br\\\/litoralsp\\\/#\\\/schema\\\/person\\\/0f0b8a5bdafefe82841e07ae8d81ecb3\"},\"headline\":\"Inqu\u00e9rito sobre caso de menina ind\u00edgena estuprada \u00e9 conclu\u00eddo pela Pol\u00edcia Civil\",\"datePublished\":\"2022-11-07T12:28:40+00:00\",\"mainEntityOfPage\":{\"@id\":\"https:\\\/\\\/redenoticiaz.com.br\\\/litoralsp\\\/2022\\\/11\\\/07\\\/inquerito-sobre-caso-de-menina-indigena-estuprada-e-concluido-pela-policia-civil\"},\"wordCount\":296,\"commentCount\":0,\"publisher\":{\"@id\":\"https:\\\/\\\/redenoticiaz.com.br\\\/litoralsp\\\/#organization\"},\"image\":{\"@id\":\"https:\\\/\\\/redenoticiaz.com.br\\\/litoralsp\\\/2022\\\/11\\\/07\\\/inquerito-sobre-caso-de-menina-indigena-estuprada-e-concluido-pela-policia-civil#primaryimage\"},\"thumbnailUrl\":\"https:\\\/\\\/redenoticiaz.com.br\\\/litoralsp\\\/wp-content\\\/uploads\\\/sites\\\/3\\\/2022\\\/10\\\/aldeia.png\",\"keywords\":[\"ALDEIA DE PARANAPU\u00c3\",\"ESTUPRO DE CRIAN\u00c7A IND\u00cdGENA\",\"INQU\u00c9RITO CONCLU\u00cdDO\",\"POL\u00cdCIA CIIVL\",\"S\u00e3o Vicente\"],\"articleSection\":[\"Pol\u00edcia\",\"S\u00e3o Vicente\"],\"inLanguage\":\"pt-BR\",\"potentialAction\":[{\"@type\":\"CommentAction\",\"name\":\"Comment\",\"target\":[\"https:\\\/\\\/redenoticiaz.com.br\\\/litoralsp\\\/2022\\\/11\\\/07\\\/inquerito-sobre-caso-de-menina-indigena-estuprada-e-concluido-pela-policia-civil#respond\"]}]},{\"@type\":\"WebPage\",\"@id\":\"https:\\\/\\\/redenoticiaz.com.br\\\/litoralsp\\\/2022\\\/11\\\/07\\\/inquerito-sobre-caso-de-menina-indigena-estuprada-e-concluido-pela-policia-civil\",\"url\":\"https:\\\/\\\/redenoticiaz.com.br\\\/litoralsp\\\/2022\\\/11\\\/07\\\/inquerito-sobre-caso-de-menina-indigena-estuprada-e-concluido-pela-policia-civil\",\"name\":\"Inqu\u00e9rito sobre caso de menina ind\u00edgena estuprada \u00e9 conclu\u00eddo pela Pol\u00edcia Civil - Litoral SP\",\"isPartOf\":{\"@id\":\"https:\\\/\\\/redenoticiaz.com.br\\\/litoralsp\\\/#website\"},\"primaryImageOfPage\":{\"@id\":\"https:\\\/\\\/redenoticiaz.com.br\\\/litoralsp\\\/2022\\\/11\\\/07\\\/inquerito-sobre-caso-de-menina-indigena-estuprada-e-concluido-pela-policia-civil#primaryimage\"},\"image\":{\"@id\":\"https:\\\/\\\/redenoticiaz.com.br\\\/litoralsp\\\/2022\\\/11\\\/07\\\/inquerito-sobre-caso-de-menina-indigena-estuprada-e-concluido-pela-policia-civil#primaryimage\"},\"thumbnailUrl\":\"https:\\\/\\\/redenoticiaz.com.br\\\/litoralsp\\\/wp-content\\\/uploads\\\/sites\\\/3\\\/2022\\\/10\\\/aldeia.png\",\"datePublished\":\"2022-11-07T12:28:40+00:00\",\"description\":\"A Pol\u00edcia Civil concluiu o inqu\u00e9rito policial sobre o caso da menina ind\u00edgena de cinco anos que foi estuprada em uma aldeia\",\"inLanguage\":\"pt-BR\",\"potentialAction\":[{\"@type\":\"ReadAction\",\"target\":[\"https:\\\/\\\/redenoticiaz.com.br\\\/litoralsp\\\/2022\\\/11\\\/07\\\/inquerito-sobre-caso-de-menina-indigena-estuprada-e-concluido-pela-policia-civil\"]}]},{\"@type\":\"ImageObject\",\"inLanguage\":\"pt-BR\",\"@id\":\"https:\\\/\\\/redenoticiaz.com.br\\\/litoralsp\\\/2022\\\/11\\\/07\\\/inquerito-sobre-caso-de-menina-indigena-estuprada-e-concluido-pela-policia-civil#primaryimage\",\"url\":\"https:\\\/\\\/redenoticiaz.com.br\\\/litoralsp\\\/wp-content\\\/uploads\\\/sites\\\/3\\\/2022\\\/10\\\/aldeia.png\",\"contentUrl\":\"https:\\\/\\\/redenoticiaz.com.br\\\/litoralsp\\\/wp-content\\\/uploads\\\/sites\\\/3\\\/2022\\\/10\\\/aldeia.png\",\"width\":682,\"height\":420,\"caption\":\"Cr\u00e9ditos: Arquivo Pessoal\"},{\"@type\":\"WebSite\",\"@id\":\"https:\\\/\\\/redenoticiaz.com.br\\\/litoralsp\\\/#website\",\"url\":\"https:\\\/\\\/redenoticiaz.com.br\\\/litoralsp\\\/\",\"name\":\"Litoral SP\",\"description\":\"Rede NoticiaZ\",\"publisher\":{\"@id\":\"https:\\\/\\\/redenoticiaz.com.br\\\/litoralsp\\\/#organization\"},\"potentialAction\":[{\"@type\":\"SearchAction\",\"target\":{\"@type\":\"EntryPoint\",\"urlTemplate\":\"https:\\\/\\\/redenoticiaz.com.br\\\/litoralsp\\\/?s={search_term_string}\"},\"query-input\":{\"@type\":\"PropertyValueSpecification\",\"valueRequired\":true,\"valueName\":\"search_term_string\"}}],\"inLanguage\":\"pt-BR\"},{\"@type\":\"Organization\",\"@id\":\"https:\\\/\\\/redenoticiaz.com.br\\\/litoralsp\\\/#organization\",\"name\":\"Litoral SP\",\"url\":\"https:\\\/\\\/redenoticiaz.com.br\\\/litoralsp\\\/\",\"logo\":{\"@type\":\"ImageObject\",\"inLanguage\":\"pt-BR\",\"@id\":\"https:\\\/\\\/redenoticiaz.com.br\\\/litoralsp\\\/#\\\/schema\\\/logo\\\/image\\\/\",\"url\":\"https:\\\/\\\/redenoticiaz.com.br\\\/litoralsp\\\/wp-content\\\/uploads\\\/sites\\\/3\\\/2020\\\/11\\\/logo.jpg\",\"contentUrl\":\"https:\\\/\\\/redenoticiaz.com.br\\\/litoralsp\\\/wp-content\\\/uploads\\\/sites\\\/3\\\/2020\\\/11\\\/logo.jpg\",\"width\":400,\"height\":250,\"caption\":\"Litoral SP\"},\"image\":{\"@id\":\"https:\\\/\\\/redenoticiaz.com.br\\\/litoralsp\\\/#\\\/schema\\\/logo\\\/image\\\/\"}},{\"@type\":\"Person\",\"@id\":\"https:\\\/\\\/redenoticiaz.com.br\\\/litoralsp\\\/#\\\/schema\\\/person\\\/0f0b8a5bdafefe82841e07ae8d81ecb3\",\"name\":\"Leonardo Francisco\",\"image\":{\"@type\":\"ImageObject\",\"inLanguage\":\"pt-BR\",\"@id\":\"https:\\\/\\\/secure.gravatar.com\\\/avatar\\\/a7358cb406a99b682ec6df1e77e31ae82e63601f6784e8a3df411d72b37864da?s=96&d=mm&r=g\",\"url\":\"https:\\\/\\\/secure.gravatar.com\\\/avatar\\\/a7358cb406a99b682ec6df1e77e31ae82e63601f6784e8a3df411d72b37864da?s=96&d=mm&r=g\",\"contentUrl\":\"https:\\\/\\\/secure.gravatar.com\\\/avatar\\\/a7358cb406a99b682ec6df1e77e31ae82e63601f6784e8a3df411d72b37864da?s=96&d=mm&r=g\",\"caption\":\"Leonardo Francisco\"},\"url\":\"https:\\\/\\\/redenoticiaz.com.br\\\/litoralsp\\\/author\\\/leonardo-francisco\"}]}<\/script>\n<!-- \/ Yoast SEO plugin. -->","yoast_head_json":{"title":"Inqu\u00e9rito sobre caso de menina ind\u00edgena estuprada \u00e9 conclu\u00eddo pela Pol\u00edcia Civil - Litoral SP","description":"A Pol\u00edcia Civil concluiu o inqu\u00e9rito policial sobre o caso da menina ind\u00edgena de cinco anos que foi estuprada em uma aldeia","robots":{"index":"index","follow":"follow","max-snippet":"max-snippet:-1","max-image-preview":"max-image-preview:large","max-video-preview":"max-video-preview:-1"},"canonical":"https:\/\/redenoticiaz.com.br\/litoralsp\/2022\/11\/07\/inquerito-sobre-caso-de-menina-indigena-estuprada-e-concluido-pela-policia-civil","og_locale":"pt_BR","og_type":"article","og_title":"Inqu\u00e9rito sobre caso de menina ind\u00edgena estuprada \u00e9 conclu\u00eddo pela Pol\u00edcia Civil - Litoral SP","og_description":"A Pol\u00edcia Civil concluiu o inqu\u00e9rito policial sobre o caso da menina ind\u00edgena de cinco anos que foi estuprada em uma aldeia","og_url":"https:\/\/redenoticiaz.com.br\/litoralsp\/2022\/11\/07\/inquerito-sobre-caso-de-menina-indigena-estuprada-e-concluido-pela-policia-civil","og_site_name":"Litoral SP","article_published_time":"2022-11-07T12:28:40+00:00","og_image":[{"width":682,"height":420,"url":"https:\/\/redenoticiaz.com.br\/litoralsp\/wp-content\/uploads\/sites\/3\/2022\/10\/aldeia.png","type":"image\/png"}],"author":"Leonardo Francisco","twitter_card":"summary_large_image","twitter_misc":{"Escrito por":"Leonardo Francisco","Est. tempo de leitura":"2 minutos"},"schema":{"@context":"https:\/\/schema.org","@graph":[{"@type":"Article","@id":"https:\/\/redenoticiaz.com.br\/litoralsp\/2022\/11\/07\/inquerito-sobre-caso-de-menina-indigena-estuprada-e-concluido-pela-policia-civil#article","isPartOf":{"@id":"https:\/\/redenoticiaz.com.br\/litoralsp\/2022\/11\/07\/inquerito-sobre-caso-de-menina-indigena-estuprada-e-concluido-pela-policia-civil"},"author":{"name":"Leonardo Francisco","@id":"https:\/\/redenoticiaz.com.br\/litoralsp\/#\/schema\/person\/0f0b8a5bdafefe82841e07ae8d81ecb3"},"headline":"Inqu\u00e9rito sobre caso de menina ind\u00edgena estuprada \u00e9 conclu\u00eddo pela Pol\u00edcia Civil","datePublished":"2022-11-07T12:28:40+00:00","mainEntityOfPage":{"@id":"https:\/\/redenoticiaz.com.br\/litoralsp\/2022\/11\/07\/inquerito-sobre-caso-de-menina-indigena-estuprada-e-concluido-pela-policia-civil"},"wordCount":296,"commentCount":0,"publisher":{"@id":"https:\/\/redenoticiaz.com.br\/litoralsp\/#organization"},"image":{"@id":"https:\/\/redenoticiaz.com.br\/litoralsp\/2022\/11\/07\/inquerito-sobre-caso-de-menina-indigena-estuprada-e-concluido-pela-policia-civil#primaryimage"},"thumbnailUrl":"https:\/\/redenoticiaz.com.br\/litoralsp\/wp-content\/uploads\/sites\/3\/2022\/10\/aldeia.png","keywords":["ALDEIA DE PARANAPU\u00c3","ESTUPRO DE CRIAN\u00c7A IND\u00cdGENA","INQU\u00c9RITO CONCLU\u00cdDO","POL\u00cdCIA CIIVL","S\u00e3o Vicente"],"articleSection":["Pol\u00edcia","S\u00e3o Vicente"],"inLanguage":"pt-BR","potentialAction":[{"@type":"CommentAction","name":"Comment","target":["https:\/\/redenoticiaz.com.br\/litoralsp\/2022\/11\/07\/inquerito-sobre-caso-de-menina-indigena-estuprada-e-concluido-pela-policia-civil#respond"]}]},{"@type":"WebPage","@id":"https:\/\/redenoticiaz.com.br\/litoralsp\/2022\/11\/07\/inquerito-sobre-caso-de-menina-indigena-estuprada-e-concluido-pela-policia-civil","url":"https:\/\/redenoticiaz.com.br\/litoralsp\/2022\/11\/07\/inquerito-sobre-caso-de-menina-indigena-estuprada-e-concluido-pela-policia-civil","name":"Inqu\u00e9rito sobre caso de menina ind\u00edgena estuprada \u00e9 conclu\u00eddo pela Pol\u00edcia Civil - Litoral SP","isPartOf":{"@id":"https:\/\/redenoticiaz.com.br\/litoralsp\/#website"},"primaryImageOfPage":{"@id":"https:\/\/redenoticiaz.com.br\/litoralsp\/2022\/11\/07\/inquerito-sobre-caso-de-menina-indigena-estuprada-e-concluido-pela-policia-civil#primaryimage"},"image":{"@id":"https:\/\/redenoticiaz.com.br\/litoralsp\/2022\/11\/07\/inquerito-sobre-caso-de-menina-indigena-estuprada-e-concluido-pela-policia-civil#primaryimage"},"thumbnailUrl":"https:\/\/redenoticiaz.com.br\/litoralsp\/wp-content\/uploads\/sites\/3\/2022\/10\/aldeia.png","datePublished":"2022-11-07T12:28:40+00:00","description":"A Pol\u00edcia Civil concluiu o inqu\u00e9rito policial sobre o caso da menina ind\u00edgena de cinco anos que foi estuprada em uma aldeia","inLanguage":"pt-BR","potentialAction":[{"@type":"ReadAction","target":["https:\/\/redenoticiaz.com.br\/litoralsp\/2022\/11\/07\/inquerito-sobre-caso-de-menina-indigena-estuprada-e-concluido-pela-policia-civil"]}]},{"@type":"ImageObject","inLanguage":"pt-BR","@id":"https:\/\/redenoticiaz.com.br\/litoralsp\/2022\/11\/07\/inquerito-sobre-caso-de-menina-indigena-estuprada-e-concluido-pela-policia-civil#primaryimage","url":"https:\/\/redenoticiaz.com.br\/litoralsp\/wp-content\/uploads\/sites\/3\/2022\/10\/aldeia.png","contentUrl":"https:\/\/redenoticiaz.com.br\/litoralsp\/wp-content\/uploads\/sites\/3\/2022\/10\/aldeia.png","width":682,"height":420,"caption":"Cr\u00e9ditos: Arquivo Pessoal"},{"@type":"WebSite","@id":"https:\/\/redenoticiaz.com.br\/litoralsp\/#website","url":"https:\/\/redenoticiaz.com.br\/litoralsp\/","name":"Litoral SP","description":"Rede NoticiaZ","publisher":{"@id":"https:\/\/redenoticiaz.com.br\/litoralsp\/#organization"},"potentialAction":[{"@type":"SearchAction","target":{"@type":"EntryPoint","urlTemplate":"https:\/\/redenoticiaz.com.br\/litoralsp\/?s={search_term_string}"},"query-input":{"@type":"PropertyValueSpecification","valueRequired":true,"valueName":"search_term_string"}}],"inLanguage":"pt-BR"},{"@type":"Organization","@id":"https:\/\/redenoticiaz.com.br\/litoralsp\/#organization","name":"Litoral SP","url":"https:\/\/redenoticiaz.com.br\/litoralsp\/","logo":{"@type":"ImageObject","inLanguage":"pt-BR","@id":"https:\/\/redenoticiaz.com.br\/litoralsp\/#\/schema\/logo\/image\/","url":"https:\/\/redenoticiaz.com.br\/litoralsp\/wp-content\/uploads\/sites\/3\/2020\/11\/logo.jpg","contentUrl":"https:\/\/redenoticiaz.com.br\/litoralsp\/wp-content\/uploads\/sites\/3\/2020\/11\/logo.jpg","width":400,"height":250,"caption":"Litoral SP"},"image":{"@id":"https:\/\/redenoticiaz.com.br\/litoralsp\/#\/schema\/logo\/image\/"}},{"@type":"Person","@id":"https:\/\/redenoticiaz.com.br\/litoralsp\/#\/schema\/person\/0f0b8a5bdafefe82841e07ae8d81ecb3","name":"Leonardo Francisco","image":{"@type":"ImageObject","inLanguage":"pt-BR","@id":"https:\/\/secure.gravatar.com\/avatar\/a7358cb406a99b682ec6df1e77e31ae82e63601f6784e8a3df411d72b37864da?s=96&d=mm&r=g","url":"https:\/\/secure.gravatar.com\/avatar\/a7358cb406a99b682ec6df1e77e31ae82e63601f6784e8a3df411d72b37864da?s=96&d=mm&r=g","contentUrl":"https:\/\/secure.gravatar.com\/avatar\/a7358cb406a99b682ec6df1e77e31ae82e63601f6784e8a3df411d72b37864da?s=96&d=mm&r=g","caption":"Leonardo Francisco"},"url":"https:\/\/redenoticiaz.com.br\/litoralsp\/author\/leonardo-francisco"}]}},"_links":{"self":[{"href":"https:\/\/redenoticiaz.com.br\/litoralsp\/wp-json\/wp\/v2\/posts\/94643","targetHints":{"allow":["GET"]}}],"collection":[{"href":"https:\/\/redenoticiaz.com.br\/litoralsp\/wp-json\/wp\/v2\/posts"}],"about":[{"href":"https:\/\/redenoticiaz.com.br\/litoralsp\/wp-json\/wp\/v2\/types\/post"}],"author":[{"embeddable":true,"href":"https:\/\/redenoticiaz.com.br\/litoralsp\/wp-json\/wp\/v2\/users\/6"}],"replies":[{"embeddable":true,"href":"https:\/\/redenoticiaz.com.br\/litoralsp\/wp-json\/wp\/v2\/comments?post=94643"}],"version-history":[{"count":1,"href":"https:\/\/redenoticiaz.com.br\/litoralsp\/wp-json\/wp\/v2\/posts\/94643\/revisions"}],"predecessor-version":[{"id":94644,"href":"https:\/\/redenoticiaz.com.br\/litoralsp\/wp-json\/wp\/v2\/posts\/94643\/revisions\/94644"}],"wp:featuredmedia":[{"embeddable":true,"href":"https:\/\/redenoticiaz.com.br\/litoralsp\/wp-json\/wp\/v2\/media\/93649"}],"wp:attachment":[{"href":"https:\/\/redenoticiaz.com.br\/litoralsp\/wp-json\/wp\/v2\/media?parent=94643"}],"wp:term":[{"taxonomy":"category","embeddable":true,"href":"https:\/\/redenoticiaz.com.br\/litoralsp\/wp-json\/wp\/v2\/categories?post=94643"},{"taxonomy":"post_tag","embeddable":true,"href":"https:\/\/redenoticiaz.com.br\/litoralsp\/wp-json\/wp\/v2\/tags?post=94643"}],"curies":[{"name":"wp","href":"https:\/\/api.w.org\/{rel}","templated":true}]}}