{"id":94900,"date":"2022-11-13T14:00:09","date_gmt":"2022-11-13T17:00:09","guid":{"rendered":"https:\/\/redenoticiaz.com.br\/litoralsp\/?p=94900"},"modified":"2022-11-11T08:59:10","modified_gmt":"2022-11-11T11:59:10","slug":"71-dos-brasileiros-acreditam-que-a-selecao-tem-chance-de-ganhar-a-copa-do-mundo","status":"publish","type":"post","link":"https:\/\/redenoticiaz.com.br\/litoralsp\/2022\/11\/13\/71-dos-brasileiros-acreditam-que-a-selecao-tem-chance-de-ganhar-a-copa-do-mundo","title":{"rendered":"71% dos brasileiros acreditam que a sele\u00e7\u00e3o tem chance de ganhar a Copa do Mundo"},"content":{"rendered":"<p>Em um ano de Copa do Mundo at\u00edpica e fora de \u00e9poca, a paix\u00e3o dos brasileiros pelo evento segue trazendo otimismo para a popula\u00e7\u00e3o. Uma pesquisa realizada pela Apoema, que investigou os torcedores fan\u00e1ticos pela sele\u00e7\u00e3o brasileira e pela maior competi\u00e7\u00e3o de futebol do planeta, aponta que 71% deles acreditam que o Brasil tem chance de se tornar hexa em 2022.<\/p>\n<p>O estudo, que se aprofunda no torcedor brasileiro, leva em considera\u00e7\u00e3o o cen\u00e1rio da pandemia, ano de uma das elei\u00e7\u00f5es mais pol\u00eamicas da hist\u00f3ria e a camisa da sele\u00e7\u00e3o ter se tornado s\u00edmbolo pol\u00edtico. A pesquisa tamb\u00e9m conta com uma an\u00e1lise s\u00f3cio-hist\u00f3rica de como o futebol e a Copa do Mundo foram se consolidando no Brasil e formaram a identidade do torcedor.<\/p>\n<p>A Copa do Mundo, h\u00e1 muitos anos, movimenta estruturas sociais e individuais. No sentido contr\u00e1rio, esses mesmos contextos, aliados a cen\u00e1rios pol\u00edticos e culturais, tamb\u00e9m impactam diretamente a forma como o brasileiro se relaciona com o futebol. Existe uma rela\u00e7\u00e3o que extrapola o evento em si e carrega signos sens\u00edveis e potentes, refletindo muitos temas da vida. A Copa traz a oportunidade de manifestar e lidar com emo\u00e7\u00f5es que, muitas vezes, camufladas pela rotina, est\u00e3o adormecidas. \u00c9 a possibilidade de entrar em contato consigo.<\/p>\n<p>De acordo com a pesquisa, 55% dos torcedores apaixonados nunca foram ao est\u00e1dio, mas sonham em acompanhar uma Copa do Mundo. O levantamento mostra ainda que, apesar de muitas vezes a torcida n\u00e3o sair de casa, os brasileiros s\u00e3o dedicados: estudam, analisam, discutem, conversam e sonham acerca da sele\u00e7\u00e3o brasileira. Hoje, 62% dos torcedores apaixonados pela equipe do Brasil e Copa do Mundo dizem que acompanham e sempre v\u00e3o acompanhar o time.<\/p>\n<p>A torcida pela sele\u00e7\u00e3o tamb\u00e9m impacta diretamente os comportamentos de consumo: os jogos movimentam a venda de cervejas e eletrodom\u00e9sticos, por exemplo, j\u00e1 que a festa est\u00e1 intimamente ligada \u00e0s confraterniza\u00e7\u00f5es em fam\u00edlia. Em 2022, 24% dos torcedores pretendem comprar uma nova TV para assistir melhor aos jogos.<\/p>\n<p>Outro aspecto da pesquisa mostra a \u00edntima rela\u00e7\u00e3o da Copa com o ambiente residencial \u2013 91% dos brasileiros curtem assistir aos jogos no conforto do pr\u00f3prio lar e 29% organizam a casa para deix\u00e1-la mais confort\u00e1vel para o evento. At\u00e9 porque, nesse sentido, 42% dos entrevistados dizem que a rela\u00e7\u00e3o com o futebol come\u00e7ou a ser constru\u00edda a partir das viv\u00eancias com seus familiares e 32% dizem que, no per\u00edodo de Copa do Mundo, gostam de se reunir e torcer com as fam\u00edlia e os amigos.<\/p>\n<p>\u201cO ato de torcer, por si s\u00f3, proporciona momentos ao lado de pessoas queridas, que ficam marcados na hist\u00f3ria de cada um. O evento carrega mem\u00f3ria afetiva, tanto para quem j\u00e1 assistiu a vit\u00f3rias e conquistas quanto para quem s\u00f3 ouviu falar, mas sonha em vivenciar. \u00c9 um respiro em meio ao caos\u201d, explica a fundadora e\u00a0<em>head<\/em>\u00a0de conte\u00fado da Apoema, Julia Ades.<\/p>\n<p>A organiza\u00e7\u00e3o do trabalho tamb\u00e9m \u00e9 impactada pela Copa do Mundo. \u00c9 comum deixar os escrit\u00f3rios mais cedo para assistir aos jogos e, segundo o estudo, 30% dos torcedores gostam do evento por conta disto: a quebra da rotina.<\/p>\n<p>Com a Copa do Mundo, o torcedor se d\u00e1 permiss\u00e3o para descansar emocionalmente daquilo que o angustia. Nesse per\u00edodo, muitos experienciam uma esp\u00e9cie de \u201cpausa&#8221; de aspectos que causam sofrimento, preocupa\u00e7\u00e3o e desesperan\u00e7a. Os entrevistados afirmaram que o evento \u00e9 uma oportunidade de se levar menos a s\u00e9rio e abrir espa\u00e7o emocional para o l\u00fadico se manifestar. \u201cA Copa do Mundo desperta a crian\u00e7a que existe em n\u00f3s, mas que, podada socialmente, perde seu empoderamento\u201d, explica Julia.<\/p>\n<p>A Copa tamb\u00e9m se apresenta como uma forma de quebra de regras sociais. O evento potencializa a ocupa\u00e7\u00e3o da cidade e permissividade da desordem. Festas, aglomera\u00e7\u00f5es, amigos na cal\u00e7ada, ruas lotadas e tantas outras agita\u00e7\u00f5es que acontecem \u201cfora de hora\u201d caracterizam o evento esportivo.<\/p>\n<p>Fato \u00e9 que os brasileiros t\u00eam uma \u00edntima rela\u00e7\u00e3o com a Copa do Mundo ao longo da hist\u00f3ria. Nesse sentido, a pesquisa ainda tra\u00e7a a ordem cronol\u00f3gica dos jogos e seus principais impactos na sociedade. Um dado, em espec\u00edfico, chama aten\u00e7\u00e3o: 48% dos torcedores se sentem distantes da sele\u00e7\u00e3o. Por\u00e9m, com a proximidade dos jogos, a tend\u00eancia \u00e9 que todos esses sentimentos apontados no estudo sejam despertados e que surja mais um momento hist\u00f3rico na trajet\u00f3ria do futebol brasileiro.<\/p>\n<p>Leia mais<\/p>\n<p><a href=\"https:\/\/redenoticiaz.com.br\/blog\/2022\/11\/08\/luva-de-pedreiro-e-a-mais-nova-voz-do-waze-durante-a-copa\">Luva de Pedreiro \u00e9 a mais nova voz do Waze durante a Copa<\/a><\/p>\n","protected":false},"excerpt":{"rendered":"<p>Em um ano de Copa do Mundo at\u00edpica e fora de \u00e9poca, a paix\u00e3o dos brasileiros pelo evento segue trazendo otimismo para a popula\u00e7\u00e3o. Uma pesquisa realizada pela Apoema, que investigou os torcedores fan\u00e1ticos pela sele\u00e7\u00e3o brasileira e pela maior competi\u00e7\u00e3o de futebol do planeta, aponta que 71% deles acreditam que o Brasil tem chance &hellip;<\/p>\n","protected":false},"author":12,"featured_media":93241,"comment_status":"open","ping_status":"closed","sticky":false,"template":"","format":"standard","meta":{"footnotes":""},"categories":[60418],"tags":[31576,41274,9743,14630,21610],"class_list":["post-94900","post","type-post","status-publish","format-standard","has-post-thumbnail","hentry","category-copa","tag-brasileiros","tag-copa-do-mundo","tag-jogadores","tag-jogos","tag-neymar"],"yoast_head":"<!-- This site is optimized with the Yoast SEO plugin v27.5 - https:\/\/yoast.com\/product\/yoast-seo-wordpress\/ -->\n<title>71% dos brasileiros acreditam que a sele\u00e7\u00e3o tem chance de ganhar a Copa do Mundo - Litoral SP<\/title>\n<meta name=\"description\" content=\"Em um ano de Copa do Mundo at\u00edpica e fora de \u00e9poca, a paix\u00e3o dos brasileiros pelo evento segue trazendo otimismo para a popula\u00e7\u00e3o.\" \/>\n<meta name=\"robots\" content=\"index, follow, max-snippet:-1, max-image-preview:large, max-video-preview:-1\" \/>\n<link rel=\"canonical\" href=\"https:\/\/redenoticiaz.com.br\/litoralsp\/2022\/11\/13\/71-dos-brasileiros-acreditam-que-a-selecao-tem-chance-de-ganhar-a-copa-do-mundo\" \/>\n<meta property=\"og:locale\" content=\"pt_BR\" \/>\n<meta property=\"og:type\" content=\"article\" \/>\n<meta property=\"og:title\" content=\"71% dos brasileiros acreditam que a sele\u00e7\u00e3o tem chance de ganhar a Copa do Mundo - Litoral SP\" \/>\n<meta property=\"og:description\" content=\"Em um ano de Copa do Mundo at\u00edpica e fora de \u00e9poca, a paix\u00e3o dos brasileiros pelo evento segue trazendo otimismo para a popula\u00e7\u00e3o.\" \/>\n<meta property=\"og:url\" content=\"https:\/\/redenoticiaz.com.br\/litoralsp\/2022\/11\/13\/71-dos-brasileiros-acreditam-que-a-selecao-tem-chance-de-ganhar-a-copa-do-mundo\" \/>\n<meta property=\"og:site_name\" content=\"Litoral SP\" \/>\n<meta property=\"article:published_time\" content=\"2022-11-13T17:00:09+00:00\" \/>\n<meta property=\"og:image\" content=\"https:\/\/redenoticiaz.com.br\/litoralsp\/wp-content\/uploads\/sites\/3\/2022\/10\/GettyImages-1400612153.jpg?v=1665678558\" \/>\n\t<meta property=\"og:image:width\" content=\"1024\" \/>\n\t<meta property=\"og:image:height\" content=\"682\" \/>\n\t<meta property=\"og:image:type\" content=\"image\/jpeg\" \/>\n<meta name=\"author\" content=\"Gustavo Silva\" \/>\n<meta name=\"twitter:card\" content=\"summary_large_image\" \/>\n<meta name=\"twitter:label1\" content=\"Escrito por\" \/>\n\t<meta name=\"twitter:data1\" content=\"Gustavo Silva\" \/>\n\t<meta name=\"twitter:label2\" content=\"Est. tempo de leitura\" \/>\n\t<meta name=\"twitter:data2\" content=\"5 minutos\" \/>\n<script type=\"application\/ld+json\" class=\"yoast-schema-graph\">{\"@context\":\"https:\\\/\\\/schema.org\",\"@graph\":[{\"@type\":\"Article\",\"@id\":\"https:\\\/\\\/redenoticiaz.com.br\\\/litoralsp\\\/2022\\\/11\\\/13\\\/71-dos-brasileiros-acreditam-que-a-selecao-tem-chance-de-ganhar-a-copa-do-mundo#article\",\"isPartOf\":{\"@id\":\"https:\\\/\\\/redenoticiaz.com.br\\\/litoralsp\\\/2022\\\/11\\\/13\\\/71-dos-brasileiros-acreditam-que-a-selecao-tem-chance-de-ganhar-a-copa-do-mundo\"},\"author\":{\"name\":\"Gustavo Silva\",\"@id\":\"https:\\\/\\\/redenoticiaz.com.br\\\/litoralsp\\\/#\\\/schema\\\/person\\\/16057b37a3c0ee6b096d7f887c566e2e\"},\"headline\":\"71% dos brasileiros acreditam que a sele\u00e7\u00e3o tem chance de ganhar a Copa do Mundo\",\"datePublished\":\"2022-11-13T17:00:09+00:00\",\"mainEntityOfPage\":{\"@id\":\"https:\\\/\\\/redenoticiaz.com.br\\\/litoralsp\\\/2022\\\/11\\\/13\\\/71-dos-brasileiros-acreditam-que-a-selecao-tem-chance-de-ganhar-a-copa-do-mundo\"},\"wordCount\":805,\"commentCount\":0,\"publisher\":{\"@id\":\"https:\\\/\\\/redenoticiaz.com.br\\\/litoralsp\\\/#organization\"},\"image\":{\"@id\":\"https:\\\/\\\/redenoticiaz.com.br\\\/litoralsp\\\/2022\\\/11\\\/13\\\/71-dos-brasileiros-acreditam-que-a-selecao-tem-chance-de-ganhar-a-copa-do-mundo#primaryimage\"},\"thumbnailUrl\":\"https:\\\/\\\/redenoticiaz.com.br\\\/litoralsp\\\/wp-content\\\/uploads\\\/sites\\\/3\\\/2022\\\/10\\\/GettyImages-1400612153.jpg?v=1665678558\",\"keywords\":[\"BRASILEIROS\",\"COPA DO MUNDO\",\"JOGADORES\",\"JOGOS\",\"NEYMAR\"],\"articleSection\":[\"Copa\"],\"inLanguage\":\"pt-BR\",\"potentialAction\":[{\"@type\":\"CommentAction\",\"name\":\"Comment\",\"target\":[\"https:\\\/\\\/redenoticiaz.com.br\\\/litoralsp\\\/2022\\\/11\\\/13\\\/71-dos-brasileiros-acreditam-que-a-selecao-tem-chance-de-ganhar-a-copa-do-mundo#respond\"]}]},{\"@type\":\"WebPage\",\"@id\":\"https:\\\/\\\/redenoticiaz.com.br\\\/litoralsp\\\/2022\\\/11\\\/13\\\/71-dos-brasileiros-acreditam-que-a-selecao-tem-chance-de-ganhar-a-copa-do-mundo\",\"url\":\"https:\\\/\\\/redenoticiaz.com.br\\\/litoralsp\\\/2022\\\/11\\\/13\\\/71-dos-brasileiros-acreditam-que-a-selecao-tem-chance-de-ganhar-a-copa-do-mundo\",\"name\":\"71% dos brasileiros acreditam que a sele\u00e7\u00e3o tem chance de ganhar a Copa do Mundo - Litoral SP\",\"isPartOf\":{\"@id\":\"https:\\\/\\\/redenoticiaz.com.br\\\/litoralsp\\\/#website\"},\"primaryImageOfPage\":{\"@id\":\"https:\\\/\\\/redenoticiaz.com.br\\\/litoralsp\\\/2022\\\/11\\\/13\\\/71-dos-brasileiros-acreditam-que-a-selecao-tem-chance-de-ganhar-a-copa-do-mundo#primaryimage\"},\"image\":{\"@id\":\"https:\\\/\\\/redenoticiaz.com.br\\\/litoralsp\\\/2022\\\/11\\\/13\\\/71-dos-brasileiros-acreditam-que-a-selecao-tem-chance-de-ganhar-a-copa-do-mundo#primaryimage\"},\"thumbnailUrl\":\"https:\\\/\\\/redenoticiaz.com.br\\\/litoralsp\\\/wp-content\\\/uploads\\\/sites\\\/3\\\/2022\\\/10\\\/GettyImages-1400612153.jpg?v=1665678558\",\"datePublished\":\"2022-11-13T17:00:09+00:00\",\"description\":\"Em um ano de Copa do Mundo at\u00edpica e fora de \u00e9poca, a paix\u00e3o dos brasileiros pelo evento segue trazendo otimismo para a popula\u00e7\u00e3o.\",\"inLanguage\":\"pt-BR\",\"potentialAction\":[{\"@type\":\"ReadAction\",\"target\":[\"https:\\\/\\\/redenoticiaz.com.br\\\/litoralsp\\\/2022\\\/11\\\/13\\\/71-dos-brasileiros-acreditam-que-a-selecao-tem-chance-de-ganhar-a-copa-do-mundo\"]}]},{\"@type\":\"ImageObject\",\"inLanguage\":\"pt-BR\",\"@id\":\"https:\\\/\\\/redenoticiaz.com.br\\\/litoralsp\\\/2022\\\/11\\\/13\\\/71-dos-brasileiros-acreditam-que-a-selecao-tem-chance-de-ganhar-a-copa-do-mundo#primaryimage\",\"url\":\"https:\\\/\\\/redenoticiaz.com.br\\\/litoralsp\\\/wp-content\\\/uploads\\\/sites\\\/3\\\/2022\\\/10\\\/GettyImages-1400612153.jpg?v=1665678558\",\"contentUrl\":\"https:\\\/\\\/redenoticiaz.com.br\\\/litoralsp\\\/wp-content\\\/uploads\\\/sites\\\/3\\\/2022\\\/10\\\/GettyImages-1400612153.jpg?v=1665678558\",\"width\":1024,\"height\":682,\"caption\":\"A bola vai rolar: 5 curiosidades sobre a Copa do Mundo\"},{\"@type\":\"WebSite\",\"@id\":\"https:\\\/\\\/redenoticiaz.com.br\\\/litoralsp\\\/#website\",\"url\":\"https:\\\/\\\/redenoticiaz.com.br\\\/litoralsp\\\/\",\"name\":\"Litoral SP\",\"description\":\"Rede NoticiaZ\",\"publisher\":{\"@id\":\"https:\\\/\\\/redenoticiaz.com.br\\\/litoralsp\\\/#organization\"},\"potentialAction\":[{\"@type\":\"SearchAction\",\"target\":{\"@type\":\"EntryPoint\",\"urlTemplate\":\"https:\\\/\\\/redenoticiaz.com.br\\\/litoralsp\\\/?s={search_term_string}\"},\"query-input\":{\"@type\":\"PropertyValueSpecification\",\"valueRequired\":true,\"valueName\":\"search_term_string\"}}],\"inLanguage\":\"pt-BR\"},{\"@type\":\"Organization\",\"@id\":\"https:\\\/\\\/redenoticiaz.com.br\\\/litoralsp\\\/#organization\",\"name\":\"Litoral SP\",\"url\":\"https:\\\/\\\/redenoticiaz.com.br\\\/litoralsp\\\/\",\"logo\":{\"@type\":\"ImageObject\",\"inLanguage\":\"pt-BR\",\"@id\":\"https:\\\/\\\/redenoticiaz.com.br\\\/litoralsp\\\/#\\\/schema\\\/logo\\\/image\\\/\",\"url\":\"https:\\\/\\\/redenoticiaz.com.br\\\/litoralsp\\\/wp-content\\\/uploads\\\/sites\\\/3\\\/2020\\\/11\\\/logo.jpg\",\"contentUrl\":\"https:\\\/\\\/redenoticiaz.com.br\\\/litoralsp\\\/wp-content\\\/uploads\\\/sites\\\/3\\\/2020\\\/11\\\/logo.jpg\",\"width\":400,\"height\":250,\"caption\":\"Litoral SP\"},\"image\":{\"@id\":\"https:\\\/\\\/redenoticiaz.com.br\\\/litoralsp\\\/#\\\/schema\\\/logo\\\/image\\\/\"}},{\"@type\":\"Person\",\"@id\":\"https:\\\/\\\/redenoticiaz.com.br\\\/litoralsp\\\/#\\\/schema\\\/person\\\/16057b37a3c0ee6b096d7f887c566e2e\",\"name\":\"Gustavo Silva\",\"image\":{\"@type\":\"ImageObject\",\"inLanguage\":\"pt-BR\",\"@id\":\"https:\\\/\\\/secure.gravatar.com\\\/avatar\\\/3ee4e82f93b26de0a7cf4ea5eb7893da637ed6bb0c9170c58065944c56e28a33?s=96&d=mm&r=g\",\"url\":\"https:\\\/\\\/secure.gravatar.com\\\/avatar\\\/3ee4e82f93b26de0a7cf4ea5eb7893da637ed6bb0c9170c58065944c56e28a33?s=96&d=mm&r=g\",\"contentUrl\":\"https:\\\/\\\/secure.gravatar.com\\\/avatar\\\/3ee4e82f93b26de0a7cf4ea5eb7893da637ed6bb0c9170c58065944c56e28a33?s=96&d=mm&r=g\",\"caption\":\"Gustavo Silva\"},\"url\":\"https:\\\/\\\/redenoticiaz.com.br\\\/litoralsp\\\/author\\\/gustavosilva\"}]}<\/script>\n<!-- \/ Yoast SEO plugin. -->","yoast_head_json":{"title":"71% dos brasileiros acreditam que a sele\u00e7\u00e3o tem chance de ganhar a Copa do Mundo - Litoral SP","description":"Em um ano de Copa do Mundo at\u00edpica e fora de \u00e9poca, a paix\u00e3o dos brasileiros pelo evento segue trazendo otimismo para a popula\u00e7\u00e3o.","robots":{"index":"index","follow":"follow","max-snippet":"max-snippet:-1","max-image-preview":"max-image-preview:large","max-video-preview":"max-video-preview:-1"},"canonical":"https:\/\/redenoticiaz.com.br\/litoralsp\/2022\/11\/13\/71-dos-brasileiros-acreditam-que-a-selecao-tem-chance-de-ganhar-a-copa-do-mundo","og_locale":"pt_BR","og_type":"article","og_title":"71% dos brasileiros acreditam que a sele\u00e7\u00e3o tem chance de ganhar a Copa do Mundo - Litoral SP","og_description":"Em um ano de Copa do Mundo at\u00edpica e fora de \u00e9poca, a paix\u00e3o dos brasileiros pelo evento segue trazendo otimismo para a popula\u00e7\u00e3o.","og_url":"https:\/\/redenoticiaz.com.br\/litoralsp\/2022\/11\/13\/71-dos-brasileiros-acreditam-que-a-selecao-tem-chance-de-ganhar-a-copa-do-mundo","og_site_name":"Litoral SP","article_published_time":"2022-11-13T17:00:09+00:00","og_image":[{"width":1024,"height":682,"url":"https:\/\/redenoticiaz.com.br\/litoralsp\/wp-content\/uploads\/sites\/3\/2022\/10\/GettyImages-1400612153.jpg?v=1665678558","type":"image\/jpeg"}],"author":"Gustavo Silva","twitter_card":"summary_large_image","twitter_misc":{"Escrito por":"Gustavo Silva","Est. tempo de leitura":"5 minutos"},"schema":{"@context":"https:\/\/schema.org","@graph":[{"@type":"Article","@id":"https:\/\/redenoticiaz.com.br\/litoralsp\/2022\/11\/13\/71-dos-brasileiros-acreditam-que-a-selecao-tem-chance-de-ganhar-a-copa-do-mundo#article","isPartOf":{"@id":"https:\/\/redenoticiaz.com.br\/litoralsp\/2022\/11\/13\/71-dos-brasileiros-acreditam-que-a-selecao-tem-chance-de-ganhar-a-copa-do-mundo"},"author":{"name":"Gustavo Silva","@id":"https:\/\/redenoticiaz.com.br\/litoralsp\/#\/schema\/person\/16057b37a3c0ee6b096d7f887c566e2e"},"headline":"71% dos brasileiros acreditam que a sele\u00e7\u00e3o tem chance de ganhar a Copa do Mundo","datePublished":"2022-11-13T17:00:09+00:00","mainEntityOfPage":{"@id":"https:\/\/redenoticiaz.com.br\/litoralsp\/2022\/11\/13\/71-dos-brasileiros-acreditam-que-a-selecao-tem-chance-de-ganhar-a-copa-do-mundo"},"wordCount":805,"commentCount":0,"publisher":{"@id":"https:\/\/redenoticiaz.com.br\/litoralsp\/#organization"},"image":{"@id":"https:\/\/redenoticiaz.com.br\/litoralsp\/2022\/11\/13\/71-dos-brasileiros-acreditam-que-a-selecao-tem-chance-de-ganhar-a-copa-do-mundo#primaryimage"},"thumbnailUrl":"https:\/\/redenoticiaz.com.br\/litoralsp\/wp-content\/uploads\/sites\/3\/2022\/10\/GettyImages-1400612153.jpg?v=1665678558","keywords":["BRASILEIROS","COPA DO MUNDO","JOGADORES","JOGOS","NEYMAR"],"articleSection":["Copa"],"inLanguage":"pt-BR","potentialAction":[{"@type":"CommentAction","name":"Comment","target":["https:\/\/redenoticiaz.com.br\/litoralsp\/2022\/11\/13\/71-dos-brasileiros-acreditam-que-a-selecao-tem-chance-de-ganhar-a-copa-do-mundo#respond"]}]},{"@type":"WebPage","@id":"https:\/\/redenoticiaz.com.br\/litoralsp\/2022\/11\/13\/71-dos-brasileiros-acreditam-que-a-selecao-tem-chance-de-ganhar-a-copa-do-mundo","url":"https:\/\/redenoticiaz.com.br\/litoralsp\/2022\/11\/13\/71-dos-brasileiros-acreditam-que-a-selecao-tem-chance-de-ganhar-a-copa-do-mundo","name":"71% dos brasileiros acreditam que a sele\u00e7\u00e3o tem chance de ganhar a Copa do Mundo - Litoral SP","isPartOf":{"@id":"https:\/\/redenoticiaz.com.br\/litoralsp\/#website"},"primaryImageOfPage":{"@id":"https:\/\/redenoticiaz.com.br\/litoralsp\/2022\/11\/13\/71-dos-brasileiros-acreditam-que-a-selecao-tem-chance-de-ganhar-a-copa-do-mundo#primaryimage"},"image":{"@id":"https:\/\/redenoticiaz.com.br\/litoralsp\/2022\/11\/13\/71-dos-brasileiros-acreditam-que-a-selecao-tem-chance-de-ganhar-a-copa-do-mundo#primaryimage"},"thumbnailUrl":"https:\/\/redenoticiaz.com.br\/litoralsp\/wp-content\/uploads\/sites\/3\/2022\/10\/GettyImages-1400612153.jpg?v=1665678558","datePublished":"2022-11-13T17:00:09+00:00","description":"Em um ano de Copa do Mundo at\u00edpica e fora de \u00e9poca, a paix\u00e3o dos brasileiros pelo evento segue trazendo otimismo para a popula\u00e7\u00e3o.","inLanguage":"pt-BR","potentialAction":[{"@type":"ReadAction","target":["https:\/\/redenoticiaz.com.br\/litoralsp\/2022\/11\/13\/71-dos-brasileiros-acreditam-que-a-selecao-tem-chance-de-ganhar-a-copa-do-mundo"]}]},{"@type":"ImageObject","inLanguage":"pt-BR","@id":"https:\/\/redenoticiaz.com.br\/litoralsp\/2022\/11\/13\/71-dos-brasileiros-acreditam-que-a-selecao-tem-chance-de-ganhar-a-copa-do-mundo#primaryimage","url":"https:\/\/redenoticiaz.com.br\/litoralsp\/wp-content\/uploads\/sites\/3\/2022\/10\/GettyImages-1400612153.jpg?v=1665678558","contentUrl":"https:\/\/redenoticiaz.com.br\/litoralsp\/wp-content\/uploads\/sites\/3\/2022\/10\/GettyImages-1400612153.jpg?v=1665678558","width":1024,"height":682,"caption":"A bola vai rolar: 5 curiosidades sobre a Copa do Mundo"},{"@type":"WebSite","@id":"https:\/\/redenoticiaz.com.br\/litoralsp\/#website","url":"https:\/\/redenoticiaz.com.br\/litoralsp\/","name":"Litoral SP","description":"Rede NoticiaZ","publisher":{"@id":"https:\/\/redenoticiaz.com.br\/litoralsp\/#organization"},"potentialAction":[{"@type":"SearchAction","target":{"@type":"EntryPoint","urlTemplate":"https:\/\/redenoticiaz.com.br\/litoralsp\/?s={search_term_string}"},"query-input":{"@type":"PropertyValueSpecification","valueRequired":true,"valueName":"search_term_string"}}],"inLanguage":"pt-BR"},{"@type":"Organization","@id":"https:\/\/redenoticiaz.com.br\/litoralsp\/#organization","name":"Litoral SP","url":"https:\/\/redenoticiaz.com.br\/litoralsp\/","logo":{"@type":"ImageObject","inLanguage":"pt-BR","@id":"https:\/\/redenoticiaz.com.br\/litoralsp\/#\/schema\/logo\/image\/","url":"https:\/\/redenoticiaz.com.br\/litoralsp\/wp-content\/uploads\/sites\/3\/2020\/11\/logo.jpg","contentUrl":"https:\/\/redenoticiaz.com.br\/litoralsp\/wp-content\/uploads\/sites\/3\/2020\/11\/logo.jpg","width":400,"height":250,"caption":"Litoral SP"},"image":{"@id":"https:\/\/redenoticiaz.com.br\/litoralsp\/#\/schema\/logo\/image\/"}},{"@type":"Person","@id":"https:\/\/redenoticiaz.com.br\/litoralsp\/#\/schema\/person\/16057b37a3c0ee6b096d7f887c566e2e","name":"Gustavo Silva","image":{"@type":"ImageObject","inLanguage":"pt-BR","@id":"https:\/\/secure.gravatar.com\/avatar\/3ee4e82f93b26de0a7cf4ea5eb7893da637ed6bb0c9170c58065944c56e28a33?s=96&d=mm&r=g","url":"https:\/\/secure.gravatar.com\/avatar\/3ee4e82f93b26de0a7cf4ea5eb7893da637ed6bb0c9170c58065944c56e28a33?s=96&d=mm&r=g","contentUrl":"https:\/\/secure.gravatar.com\/avatar\/3ee4e82f93b26de0a7cf4ea5eb7893da637ed6bb0c9170c58065944c56e28a33?s=96&d=mm&r=g","caption":"Gustavo Silva"},"url":"https:\/\/redenoticiaz.com.br\/litoralsp\/author\/gustavosilva"}]}},"_links":{"self":[{"href":"https:\/\/redenoticiaz.com.br\/litoralsp\/wp-json\/wp\/v2\/posts\/94900","targetHints":{"allow":["GET"]}}],"collection":[{"href":"https:\/\/redenoticiaz.com.br\/litoralsp\/wp-json\/wp\/v2\/posts"}],"about":[{"href":"https:\/\/redenoticiaz.com.br\/litoralsp\/wp-json\/wp\/v2\/types\/post"}],"author":[{"embeddable":true,"href":"https:\/\/redenoticiaz.com.br\/litoralsp\/wp-json\/wp\/v2\/users\/12"}],"replies":[{"embeddable":true,"href":"https:\/\/redenoticiaz.com.br\/litoralsp\/wp-json\/wp\/v2\/comments?post=94900"}],"version-history":[{"count":0,"href":"https:\/\/redenoticiaz.com.br\/litoralsp\/wp-json\/wp\/v2\/posts\/94900\/revisions"}],"wp:featuredmedia":[{"embeddable":true,"href":"https:\/\/redenoticiaz.com.br\/litoralsp\/wp-json\/wp\/v2\/media\/93241"}],"wp:attachment":[{"href":"https:\/\/redenoticiaz.com.br\/litoralsp\/wp-json\/wp\/v2\/media?parent=94900"}],"wp:term":[{"taxonomy":"category","embeddable":true,"href":"https:\/\/redenoticiaz.com.br\/litoralsp\/wp-json\/wp\/v2\/categories?post=94900"},{"taxonomy":"post_tag","embeddable":true,"href":"https:\/\/redenoticiaz.com.br\/litoralsp\/wp-json\/wp\/v2\/tags?post=94900"}],"curies":[{"name":"wp","href":"https:\/\/api.w.org\/{rel}","templated":true}]}}