{"id":94904,"date":"2022-11-13T17:00:06","date_gmt":"2022-11-13T20:00:06","guid":{"rendered":"https:\/\/redenoticiaz.com.br\/litoralsp\/?p=94904"},"modified":"2022-11-11T09:21:30","modified_gmt":"2022-11-11T12:21:30","slug":"empresas-e-pessoas-fisicas-devem-mais-de-r%ef%bc%84-335-bilhoes-em-impostos-em-sao-paulo","status":"publish","type":"post","link":"https:\/\/redenoticiaz.com.br\/litoralsp\/2022\/11\/13\/empresas-e-pessoas-fisicas-devem-mais-de-r%ef%bc%84-335-bilhoes-em-impostos-em-sao-paulo","title":{"rendered":"Empresas e pessoas f\u00edsicas devem mais de R\uff04 335 bilh\u00f5es em impostos em S\u00e3o Paulo"},"content":{"rendered":"<p>O estudo realizado pela Federa\u00e7\u00e3o Nacional do Fisco Estadual e Distrital (Fenafisco) aponta que, em 2021, a d\u00edvida ativa do estado foi de mais de R\uff04 335.8 bilh\u00f5es. Os valores devidos pelas empresas no estado totalizam mais de 152% da receita de impostos daquele ano, que foi de mais de R\uff04 220 bilh\u00f5es.<\/p>\n<table class=\"yiv6367001026table\" width=\"794\" align=\"center\">\n<tbody>\n<tr class=\"yiv6367001026tr61\">\n<td>\n<table>\n<tbody>\n<tr>\n<td><strong>UF<\/strong><\/td>\n<td><strong>D\u00edvida Ativa<\/strong><\/td>\n<td><strong>Receita de Impostos<\/strong><\/td>\n<td><strong>%<\/strong><\/td>\n<\/tr>\n<tr>\n<td>S\u00e3o Paulo<\/td>\n<td>335.894.912.747<\/td>\n<td>220.013.879.151<\/td>\n<td>152,67<\/td>\n<\/tr>\n<\/tbody>\n<\/table>\n<\/td>\n<\/tr>\n<\/tbody>\n<\/table>\n<p>Nacionalmente, a d\u00edvida ativa chega a quase R\uff04 1 trilh\u00e3o aos cofres p\u00fablicos. As dez maiores empresas devedoras do estado foramPetr\u00f3leo Brasileiro S A Petrobr\u00e1s (R\uff04 3,5 bilh\u00f5es), Drogavida Comercial de Drogas LTDA (R\uff04 3.4 bilh\u00f5es), Telef\u00f4nica Brasil S,a, &#8211; Vivo (R\uff04 3.1 bilh\u00f5es), Refinaria de Petroleos de Manguinhos S\/A (R\uff04 3.1 bilh\u00f5es), Companhia Brasileira de Distribui\u00e7\u00e3o (R\uff04 3 bilh\u00f5es), TIM Celular S\/A (R\uff04 2.6 bilh\u00f5es), TEC Transporte Encomendas e Cargas LTDA (R\uff04 1.8 bilh\u00f5es),Ind\u00fastrias J B Duarte S\/A (R\uff04 1.6 bilh\u00f5es), ECOSERV Presta\u00e7\u00e3o de Servi\u00e7os de Mao de Obra LTDA, (R\uff04 1.5 bilh\u00e3o) e Usinas Siderurgicas de Minas Gerais S\/A &#8211; Usiminas (R\uff04 1.4 bilh\u00e3o). Juntas, elas devem mais de R\uff04 25,6 bilh\u00f5es.<br \/>\nO levantamento traz informa\u00e7\u00f5es sobre a d\u00edvida ativa de empresas e pessoas f\u00edsicas. Ele foi divulgado nesta quarta (9), no 19\u00ba Conafisco, Congresso Nacional do Fisco Estadual e Distrital, organizado pela Fenafisco e pelo Sindsefaz-Bahia, em Mata de S\u00e3o Jo\u00e3o, na Bahia. Pode ser acessado em\u00a0<a href=\"https:\/\/s2211.imxsnd18.com\/link.php?code=bDpodHRwcyUzQSUyRiUyRmJhcm9lc2RhZGl2aWRhLm9yZy5icjoxOTM4NTUzMDMxOmd1c3Rhdm9zLnByZXNzQHlhaG9vLmNvbS5icjpiYjEzYWI6MmM=\" target=\"_blank\" rel=\"nofollow noopener noreferrer\">Bar\u00f5es da D\u00edvida<\/a>.<\/p>\n<p><strong>Leia mais<\/strong><\/p>\n<p><a href=\"https:\/\/redenoticiaz.com.br\/blog\/2022\/10\/06\/caixa-lanca-campanha-voce-no-azul-para-regularizacao-de-dividas\">Caixa lan\u00e7a Campanha Voc\u00ea no Azul para regulariza\u00e7\u00e3o de d\u00edvidas<\/a><\/p>\n","protected":false},"excerpt":{"rendered":"<p>O estudo realizado pela Federa\u00e7\u00e3o Nacional do Fisco Estadual e Distrital (Fenafisco) aponta que, em 2021, a d\u00edvida ativa do estado foi de mais de R\uff04 335.8 bilh\u00f5es. Os valores devidos pelas empresas no estado totalizam mais de 152% da receita de impostos daquele ano, que foi de mais de R\uff04 220 bilh\u00f5es. UF D\u00edvida &hellip;<\/p>\n","protected":false},"author":12,"featured_media":25715,"comment_status":"open","ping_status":"closed","sticky":false,"template":"","format":"standard","meta":{"footnotes":""},"categories":[97],"tags":[31590,9966,1720,8132,65],"class_list":["post-94904","post","type-post","status-publish","format-standard","has-post-thumbnail","hentry","category-economia","tag-dividas","tag-empresas","tag-estudo","tag-pessoas","tag-sao-paulo"],"yoast_head":"<!-- This site is optimized with the Yoast SEO plugin v27.5 - https:\/\/yoast.com\/product\/yoast-seo-wordpress\/ -->\n<title>Empresas e pessoas f\u00edsicas devem mais de R\uff04 335 bilh\u00f5es em impostos em S\u00e3o Paulo - Litoral SP<\/title>\n<meta name=\"description\" content=\"O estudo realizado pela Federa\u00e7\u00e3o Nacional do Fisco Estadual e Distrital (Fenafisco) aponta que, em 2021, a d\u00edvida ativa do estado foi de mais de R\uff04 335.8 bilh\u00f5es.\" \/>\n<meta name=\"robots\" content=\"index, follow, max-snippet:-1, max-image-preview:large, max-video-preview:-1\" \/>\n<link rel=\"canonical\" href=\"https:\/\/redenoticiaz.com.br\/litoralsp\/2022\/11\/13\/empresas-e-pessoas-fisicas-devem-mais-de-r\uff04-335-bilhoes-em-impostos-em-sao-paulo\" \/>\n<meta property=\"og:locale\" content=\"pt_BR\" \/>\n<meta property=\"og:type\" content=\"article\" \/>\n<meta property=\"og:title\" content=\"Empresas e pessoas f\u00edsicas devem mais de R\uff04 335 bilh\u00f5es em impostos em S\u00e3o Paulo - Litoral SP\" \/>\n<meta property=\"og:description\" content=\"O estudo realizado pela Federa\u00e7\u00e3o Nacional do Fisco Estadual e Distrital (Fenafisco) aponta que, em 2021, a d\u00edvida ativa do estado foi de mais de R\uff04 335.8 bilh\u00f5es.\" \/>\n<meta property=\"og:url\" content=\"https:\/\/redenoticiaz.com.br\/litoralsp\/2022\/11\/13\/empresas-e-pessoas-fisicas-devem-mais-de-r\uff04-335-bilhoes-em-impostos-em-sao-paulo\" \/>\n<meta property=\"og:site_name\" content=\"Litoral SP\" \/>\n<meta property=\"article:published_time\" content=\"2022-11-13T20:00:06+00:00\" \/>\n<meta property=\"og:image\" content=\"https:\/\/redenoticiaz.com.br\/litoralsp\/wp-content\/uploads\/sites\/3\/2022\/03\/1-dividas.jpg?v=1648572770\" \/>\n\t<meta property=\"og:image:width\" content=\"864\" \/>\n\t<meta property=\"og:image:height\" content=\"415\" \/>\n\t<meta property=\"og:image:type\" content=\"image\/jpeg\" \/>\n<meta name=\"author\" content=\"Gustavo Silva\" \/>\n<meta name=\"twitter:card\" content=\"summary_large_image\" \/>\n<meta name=\"twitter:label1\" content=\"Escrito por\" \/>\n\t<meta name=\"twitter:data1\" content=\"Gustavo Silva\" \/>\n\t<meta name=\"twitter:label2\" content=\"Est. tempo de leitura\" \/>\n\t<meta name=\"twitter:data2\" content=\"2 minutos\" \/>\n<script type=\"application\/ld+json\" class=\"yoast-schema-graph\">{\"@context\":\"https:\\\/\\\/schema.org\",\"@graph\":[{\"@type\":\"Article\",\"@id\":\"https:\\\/\\\/redenoticiaz.com.br\\\/litoralsp\\\/2022\\\/11\\\/13\\\/empresas-e-pessoas-fisicas-devem-mais-de-r%ef%bc%84-335-bilhoes-em-impostos-em-sao-paulo#article\",\"isPartOf\":{\"@id\":\"https:\\\/\\\/redenoticiaz.com.br\\\/litoralsp\\\/2022\\\/11\\\/13\\\/empresas-e-pessoas-fisicas-devem-mais-de-r%ef%bc%84-335-bilhoes-em-impostos-em-sao-paulo\"},\"author\":{\"name\":\"Gustavo Silva\",\"@id\":\"https:\\\/\\\/redenoticiaz.com.br\\\/litoralsp\\\/#\\\/schema\\\/person\\\/16057b37a3c0ee6b096d7f887c566e2e\"},\"headline\":\"Empresas e pessoas f\u00edsicas devem mais de R\uff04 335 bilh\u00f5es em impostos em S\u00e3o Paulo\",\"datePublished\":\"2022-11-13T20:00:06+00:00\",\"mainEntityOfPage\":{\"@id\":\"https:\\\/\\\/redenoticiaz.com.br\\\/litoralsp\\\/2022\\\/11\\\/13\\\/empresas-e-pessoas-fisicas-devem-mais-de-r%ef%bc%84-335-bilhoes-em-impostos-em-sao-paulo\"},\"wordCount\":278,\"commentCount\":0,\"publisher\":{\"@id\":\"https:\\\/\\\/redenoticiaz.com.br\\\/litoralsp\\\/#organization\"},\"image\":{\"@id\":\"https:\\\/\\\/redenoticiaz.com.br\\\/litoralsp\\\/2022\\\/11\\\/13\\\/empresas-e-pessoas-fisicas-devem-mais-de-r%ef%bc%84-335-bilhoes-em-impostos-em-sao-paulo#primaryimage\"},\"thumbnailUrl\":\"https:\\\/\\\/redenoticiaz.com.br\\\/litoralsp\\\/wp-content\\\/uploads\\\/sites\\\/3\\\/2022\\\/03\\\/1-dividas.jpg?v=1648572770\",\"keywords\":[\"D\u00edvidas\",\"EMPRESAS\",\"ESTUDO\",\"Pessoas\",\"S\u00e3o Paulo\"],\"articleSection\":[\"Economia\"],\"inLanguage\":\"pt-BR\",\"potentialAction\":[{\"@type\":\"CommentAction\",\"name\":\"Comment\",\"target\":[\"https:\\\/\\\/redenoticiaz.com.br\\\/litoralsp\\\/2022\\\/11\\\/13\\\/empresas-e-pessoas-fisicas-devem-mais-de-r%ef%bc%84-335-bilhoes-em-impostos-em-sao-paulo#respond\"]}]},{\"@type\":\"WebPage\",\"@id\":\"https:\\\/\\\/redenoticiaz.com.br\\\/litoralsp\\\/2022\\\/11\\\/13\\\/empresas-e-pessoas-fisicas-devem-mais-de-r%ef%bc%84-335-bilhoes-em-impostos-em-sao-paulo\",\"url\":\"https:\\\/\\\/redenoticiaz.com.br\\\/litoralsp\\\/2022\\\/11\\\/13\\\/empresas-e-pessoas-fisicas-devem-mais-de-r%ef%bc%84-335-bilhoes-em-impostos-em-sao-paulo\",\"name\":\"Empresas e pessoas f\u00edsicas devem mais de R\uff04 335 bilh\u00f5es em impostos em S\u00e3o Paulo - Litoral SP\",\"isPartOf\":{\"@id\":\"https:\\\/\\\/redenoticiaz.com.br\\\/litoralsp\\\/#website\"},\"primaryImageOfPage\":{\"@id\":\"https:\\\/\\\/redenoticiaz.com.br\\\/litoralsp\\\/2022\\\/11\\\/13\\\/empresas-e-pessoas-fisicas-devem-mais-de-r%ef%bc%84-335-bilhoes-em-impostos-em-sao-paulo#primaryimage\"},\"image\":{\"@id\":\"https:\\\/\\\/redenoticiaz.com.br\\\/litoralsp\\\/2022\\\/11\\\/13\\\/empresas-e-pessoas-fisicas-devem-mais-de-r%ef%bc%84-335-bilhoes-em-impostos-em-sao-paulo#primaryimage\"},\"thumbnailUrl\":\"https:\\\/\\\/redenoticiaz.com.br\\\/litoralsp\\\/wp-content\\\/uploads\\\/sites\\\/3\\\/2022\\\/03\\\/1-dividas.jpg?v=1648572770\",\"datePublished\":\"2022-11-13T20:00:06+00:00\",\"description\":\"O estudo realizado pela Federa\u00e7\u00e3o Nacional do Fisco Estadual e Distrital (Fenafisco) aponta que, em 2021, a d\u00edvida ativa do estado foi de mais de R\uff04 335.8 bilh\u00f5es.\",\"inLanguage\":\"pt-BR\",\"potentialAction\":[{\"@type\":\"ReadAction\",\"target\":[\"https:\\\/\\\/redenoticiaz.com.br\\\/litoralsp\\\/2022\\\/11\\\/13\\\/empresas-e-pessoas-fisicas-devem-mais-de-r%ef%bc%84-335-bilhoes-em-impostos-em-sao-paulo\"]}]},{\"@type\":\"ImageObject\",\"inLanguage\":\"pt-BR\",\"@id\":\"https:\\\/\\\/redenoticiaz.com.br\\\/litoralsp\\\/2022\\\/11\\\/13\\\/empresas-e-pessoas-fisicas-devem-mais-de-r%ef%bc%84-335-bilhoes-em-impostos-em-sao-paulo#primaryimage\",\"url\":\"https:\\\/\\\/redenoticiaz.com.br\\\/litoralsp\\\/wp-content\\\/uploads\\\/sites\\\/3\\\/2022\\\/03\\\/1-dividas.jpg?v=1648572770\",\"contentUrl\":\"https:\\\/\\\/redenoticiaz.com.br\\\/litoralsp\\\/wp-content\\\/uploads\\\/sites\\\/3\\\/2022\\\/03\\\/1-dividas.jpg?v=1648572770\",\"width\":864,\"height\":415,\"caption\":\"Cr\u00e9ditos: Reprodu\u00e7\u00e3o\"},{\"@type\":\"WebSite\",\"@id\":\"https:\\\/\\\/redenoticiaz.com.br\\\/litoralsp\\\/#website\",\"url\":\"https:\\\/\\\/redenoticiaz.com.br\\\/litoralsp\\\/\",\"name\":\"Litoral SP\",\"description\":\"Rede NoticiaZ\",\"publisher\":{\"@id\":\"https:\\\/\\\/redenoticiaz.com.br\\\/litoralsp\\\/#organization\"},\"potentialAction\":[{\"@type\":\"SearchAction\",\"target\":{\"@type\":\"EntryPoint\",\"urlTemplate\":\"https:\\\/\\\/redenoticiaz.com.br\\\/litoralsp\\\/?s={search_term_string}\"},\"query-input\":{\"@type\":\"PropertyValueSpecification\",\"valueRequired\":true,\"valueName\":\"search_term_string\"}}],\"inLanguage\":\"pt-BR\"},{\"@type\":\"Organization\",\"@id\":\"https:\\\/\\\/redenoticiaz.com.br\\\/litoralsp\\\/#organization\",\"name\":\"Litoral SP\",\"url\":\"https:\\\/\\\/redenoticiaz.com.br\\\/litoralsp\\\/\",\"logo\":{\"@type\":\"ImageObject\",\"inLanguage\":\"pt-BR\",\"@id\":\"https:\\\/\\\/redenoticiaz.com.br\\\/litoralsp\\\/#\\\/schema\\\/logo\\\/image\\\/\",\"url\":\"https:\\\/\\\/redenoticiaz.com.br\\\/litoralsp\\\/wp-content\\\/uploads\\\/sites\\\/3\\\/2020\\\/11\\\/logo.jpg\",\"contentUrl\":\"https:\\\/\\\/redenoticiaz.com.br\\\/litoralsp\\\/wp-content\\\/uploads\\\/sites\\\/3\\\/2020\\\/11\\\/logo.jpg\",\"width\":400,\"height\":250,\"caption\":\"Litoral SP\"},\"image\":{\"@id\":\"https:\\\/\\\/redenoticiaz.com.br\\\/litoralsp\\\/#\\\/schema\\\/logo\\\/image\\\/\"}},{\"@type\":\"Person\",\"@id\":\"https:\\\/\\\/redenoticiaz.com.br\\\/litoralsp\\\/#\\\/schema\\\/person\\\/16057b37a3c0ee6b096d7f887c566e2e\",\"name\":\"Gustavo Silva\",\"image\":{\"@type\":\"ImageObject\",\"inLanguage\":\"pt-BR\",\"@id\":\"https:\\\/\\\/secure.gravatar.com\\\/avatar\\\/3ee4e82f93b26de0a7cf4ea5eb7893da637ed6bb0c9170c58065944c56e28a33?s=96&d=mm&r=g\",\"url\":\"https:\\\/\\\/secure.gravatar.com\\\/avatar\\\/3ee4e82f93b26de0a7cf4ea5eb7893da637ed6bb0c9170c58065944c56e28a33?s=96&d=mm&r=g\",\"contentUrl\":\"https:\\\/\\\/secure.gravatar.com\\\/avatar\\\/3ee4e82f93b26de0a7cf4ea5eb7893da637ed6bb0c9170c58065944c56e28a33?s=96&d=mm&r=g\",\"caption\":\"Gustavo Silva\"},\"url\":\"https:\\\/\\\/redenoticiaz.com.br\\\/litoralsp\\\/author\\\/gustavosilva\"}]}<\/script>\n<!-- \/ Yoast SEO plugin. -->","yoast_head_json":{"title":"Empresas e pessoas f\u00edsicas devem mais de R\uff04 335 bilh\u00f5es em impostos em S\u00e3o Paulo - Litoral SP","description":"O estudo realizado pela Federa\u00e7\u00e3o Nacional do Fisco Estadual e Distrital (Fenafisco) aponta que, em 2021, a d\u00edvida ativa do estado foi de mais de R\uff04 335.8 bilh\u00f5es.","robots":{"index":"index","follow":"follow","max-snippet":"max-snippet:-1","max-image-preview":"max-image-preview:large","max-video-preview":"max-video-preview:-1"},"canonical":"https:\/\/redenoticiaz.com.br\/litoralsp\/2022\/11\/13\/empresas-e-pessoas-fisicas-devem-mais-de-r\uff04-335-bilhoes-em-impostos-em-sao-paulo","og_locale":"pt_BR","og_type":"article","og_title":"Empresas e pessoas f\u00edsicas devem mais de R\uff04 335 bilh\u00f5es em impostos em S\u00e3o Paulo - Litoral SP","og_description":"O estudo realizado pela Federa\u00e7\u00e3o Nacional do Fisco Estadual e Distrital (Fenafisco) aponta que, em 2021, a d\u00edvida ativa do estado foi de mais de R\uff04 335.8 bilh\u00f5es.","og_url":"https:\/\/redenoticiaz.com.br\/litoralsp\/2022\/11\/13\/empresas-e-pessoas-fisicas-devem-mais-de-r\uff04-335-bilhoes-em-impostos-em-sao-paulo","og_site_name":"Litoral SP","article_published_time":"2022-11-13T20:00:06+00:00","og_image":[{"width":864,"height":415,"url":"https:\/\/redenoticiaz.com.br\/litoralsp\/wp-content\/uploads\/sites\/3\/2022\/03\/1-dividas.jpg?v=1648572770","type":"image\/jpeg"}],"author":"Gustavo Silva","twitter_card":"summary_large_image","twitter_misc":{"Escrito por":"Gustavo Silva","Est. tempo de leitura":"2 minutos"},"schema":{"@context":"https:\/\/schema.org","@graph":[{"@type":"Article","@id":"https:\/\/redenoticiaz.com.br\/litoralsp\/2022\/11\/13\/empresas-e-pessoas-fisicas-devem-mais-de-r%ef%bc%84-335-bilhoes-em-impostos-em-sao-paulo#article","isPartOf":{"@id":"https:\/\/redenoticiaz.com.br\/litoralsp\/2022\/11\/13\/empresas-e-pessoas-fisicas-devem-mais-de-r%ef%bc%84-335-bilhoes-em-impostos-em-sao-paulo"},"author":{"name":"Gustavo Silva","@id":"https:\/\/redenoticiaz.com.br\/litoralsp\/#\/schema\/person\/16057b37a3c0ee6b096d7f887c566e2e"},"headline":"Empresas e pessoas f\u00edsicas devem mais de R\uff04 335 bilh\u00f5es em impostos em S\u00e3o Paulo","datePublished":"2022-11-13T20:00:06+00:00","mainEntityOfPage":{"@id":"https:\/\/redenoticiaz.com.br\/litoralsp\/2022\/11\/13\/empresas-e-pessoas-fisicas-devem-mais-de-r%ef%bc%84-335-bilhoes-em-impostos-em-sao-paulo"},"wordCount":278,"commentCount":0,"publisher":{"@id":"https:\/\/redenoticiaz.com.br\/litoralsp\/#organization"},"image":{"@id":"https:\/\/redenoticiaz.com.br\/litoralsp\/2022\/11\/13\/empresas-e-pessoas-fisicas-devem-mais-de-r%ef%bc%84-335-bilhoes-em-impostos-em-sao-paulo#primaryimage"},"thumbnailUrl":"https:\/\/redenoticiaz.com.br\/litoralsp\/wp-content\/uploads\/sites\/3\/2022\/03\/1-dividas.jpg?v=1648572770","keywords":["D\u00edvidas","EMPRESAS","ESTUDO","Pessoas","S\u00e3o Paulo"],"articleSection":["Economia"],"inLanguage":"pt-BR","potentialAction":[{"@type":"CommentAction","name":"Comment","target":["https:\/\/redenoticiaz.com.br\/litoralsp\/2022\/11\/13\/empresas-e-pessoas-fisicas-devem-mais-de-r%ef%bc%84-335-bilhoes-em-impostos-em-sao-paulo#respond"]}]},{"@type":"WebPage","@id":"https:\/\/redenoticiaz.com.br\/litoralsp\/2022\/11\/13\/empresas-e-pessoas-fisicas-devem-mais-de-r%ef%bc%84-335-bilhoes-em-impostos-em-sao-paulo","url":"https:\/\/redenoticiaz.com.br\/litoralsp\/2022\/11\/13\/empresas-e-pessoas-fisicas-devem-mais-de-r%ef%bc%84-335-bilhoes-em-impostos-em-sao-paulo","name":"Empresas e pessoas f\u00edsicas devem mais de R\uff04 335 bilh\u00f5es em impostos em S\u00e3o Paulo - Litoral SP","isPartOf":{"@id":"https:\/\/redenoticiaz.com.br\/litoralsp\/#website"},"primaryImageOfPage":{"@id":"https:\/\/redenoticiaz.com.br\/litoralsp\/2022\/11\/13\/empresas-e-pessoas-fisicas-devem-mais-de-r%ef%bc%84-335-bilhoes-em-impostos-em-sao-paulo#primaryimage"},"image":{"@id":"https:\/\/redenoticiaz.com.br\/litoralsp\/2022\/11\/13\/empresas-e-pessoas-fisicas-devem-mais-de-r%ef%bc%84-335-bilhoes-em-impostos-em-sao-paulo#primaryimage"},"thumbnailUrl":"https:\/\/redenoticiaz.com.br\/litoralsp\/wp-content\/uploads\/sites\/3\/2022\/03\/1-dividas.jpg?v=1648572770","datePublished":"2022-11-13T20:00:06+00:00","description":"O estudo realizado pela Federa\u00e7\u00e3o Nacional do Fisco Estadual e Distrital (Fenafisco) aponta que, em 2021, a d\u00edvida ativa do estado foi de mais de R\uff04 335.8 bilh\u00f5es.","inLanguage":"pt-BR","potentialAction":[{"@type":"ReadAction","target":["https:\/\/redenoticiaz.com.br\/litoralsp\/2022\/11\/13\/empresas-e-pessoas-fisicas-devem-mais-de-r%ef%bc%84-335-bilhoes-em-impostos-em-sao-paulo"]}]},{"@type":"ImageObject","inLanguage":"pt-BR","@id":"https:\/\/redenoticiaz.com.br\/litoralsp\/2022\/11\/13\/empresas-e-pessoas-fisicas-devem-mais-de-r%ef%bc%84-335-bilhoes-em-impostos-em-sao-paulo#primaryimage","url":"https:\/\/redenoticiaz.com.br\/litoralsp\/wp-content\/uploads\/sites\/3\/2022\/03\/1-dividas.jpg?v=1648572770","contentUrl":"https:\/\/redenoticiaz.com.br\/litoralsp\/wp-content\/uploads\/sites\/3\/2022\/03\/1-dividas.jpg?v=1648572770","width":864,"height":415,"caption":"Cr\u00e9ditos: Reprodu\u00e7\u00e3o"},{"@type":"WebSite","@id":"https:\/\/redenoticiaz.com.br\/litoralsp\/#website","url":"https:\/\/redenoticiaz.com.br\/litoralsp\/","name":"Litoral SP","description":"Rede NoticiaZ","publisher":{"@id":"https:\/\/redenoticiaz.com.br\/litoralsp\/#organization"},"potentialAction":[{"@type":"SearchAction","target":{"@type":"EntryPoint","urlTemplate":"https:\/\/redenoticiaz.com.br\/litoralsp\/?s={search_term_string}"},"query-input":{"@type":"PropertyValueSpecification","valueRequired":true,"valueName":"search_term_string"}}],"inLanguage":"pt-BR"},{"@type":"Organization","@id":"https:\/\/redenoticiaz.com.br\/litoralsp\/#organization","name":"Litoral SP","url":"https:\/\/redenoticiaz.com.br\/litoralsp\/","logo":{"@type":"ImageObject","inLanguage":"pt-BR","@id":"https:\/\/redenoticiaz.com.br\/litoralsp\/#\/schema\/logo\/image\/","url":"https:\/\/redenoticiaz.com.br\/litoralsp\/wp-content\/uploads\/sites\/3\/2020\/11\/logo.jpg","contentUrl":"https:\/\/redenoticiaz.com.br\/litoralsp\/wp-content\/uploads\/sites\/3\/2020\/11\/logo.jpg","width":400,"height":250,"caption":"Litoral SP"},"image":{"@id":"https:\/\/redenoticiaz.com.br\/litoralsp\/#\/schema\/logo\/image\/"}},{"@type":"Person","@id":"https:\/\/redenoticiaz.com.br\/litoralsp\/#\/schema\/person\/16057b37a3c0ee6b096d7f887c566e2e","name":"Gustavo Silva","image":{"@type":"ImageObject","inLanguage":"pt-BR","@id":"https:\/\/secure.gravatar.com\/avatar\/3ee4e82f93b26de0a7cf4ea5eb7893da637ed6bb0c9170c58065944c56e28a33?s=96&d=mm&r=g","url":"https:\/\/secure.gravatar.com\/avatar\/3ee4e82f93b26de0a7cf4ea5eb7893da637ed6bb0c9170c58065944c56e28a33?s=96&d=mm&r=g","contentUrl":"https:\/\/secure.gravatar.com\/avatar\/3ee4e82f93b26de0a7cf4ea5eb7893da637ed6bb0c9170c58065944c56e28a33?s=96&d=mm&r=g","caption":"Gustavo Silva"},"url":"https:\/\/redenoticiaz.com.br\/litoralsp\/author\/gustavosilva"}]}},"_links":{"self":[{"href":"https:\/\/redenoticiaz.com.br\/litoralsp\/wp-json\/wp\/v2\/posts\/94904","targetHints":{"allow":["GET"]}}],"collection":[{"href":"https:\/\/redenoticiaz.com.br\/litoralsp\/wp-json\/wp\/v2\/posts"}],"about":[{"href":"https:\/\/redenoticiaz.com.br\/litoralsp\/wp-json\/wp\/v2\/types\/post"}],"author":[{"embeddable":true,"href":"https:\/\/redenoticiaz.com.br\/litoralsp\/wp-json\/wp\/v2\/users\/12"}],"replies":[{"embeddable":true,"href":"https:\/\/redenoticiaz.com.br\/litoralsp\/wp-json\/wp\/v2\/comments?post=94904"}],"version-history":[{"count":0,"href":"https:\/\/redenoticiaz.com.br\/litoralsp\/wp-json\/wp\/v2\/posts\/94904\/revisions"}],"wp:featuredmedia":[{"embeddable":true,"href":"https:\/\/redenoticiaz.com.br\/litoralsp\/wp-json\/wp\/v2\/media\/25715"}],"wp:attachment":[{"href":"https:\/\/redenoticiaz.com.br\/litoralsp\/wp-json\/wp\/v2\/media?parent=94904"}],"wp:term":[{"taxonomy":"category","embeddable":true,"href":"https:\/\/redenoticiaz.com.br\/litoralsp\/wp-json\/wp\/v2\/categories?post=94904"},{"taxonomy":"post_tag","embeddable":true,"href":"https:\/\/redenoticiaz.com.br\/litoralsp\/wp-json\/wp\/v2\/tags?post=94904"}],"curies":[{"name":"wp","href":"https:\/\/api.w.org\/{rel}","templated":true}]}}