{"id":95139,"date":"2022-11-15T13:55:28","date_gmt":"2022-11-15T16:55:28","guid":{"rendered":"https:\/\/redenoticiaz.com.br\/litoralsp\/?p=95139"},"modified":"2022-11-15T13:55:28","modified_gmt":"2022-11-15T16:55:28","slug":"video-jacare-e-flagrado-pela-guarda-municipal-de-guaruja","status":"publish","type":"post","link":"https:\/\/redenoticiaz.com.br\/litoralsp\/2022\/11\/15\/video-jacare-e-flagrado-pela-guarda-municipal-de-guaruja","title":{"rendered":"V\u00cdDEO &#8211; Jacar\u00e9 \u00e9 flagrado pela Guarda Municipal de Guaruj\u00e1"},"content":{"rendered":"<p>Um jacar\u00e9 foi flagrado nesta \u00faltima semana pela Guarda Municipal de Guaruj\u00e1 nas proximidades da Estrada do Pernambuco no Mar Casado.<\/p>\n<div class=\"wp-playlist wp-video-playlist wp-playlist-light\">\n\t\t<video controls=\"controls\" preload=\"none\" width=\"640\"\n\t\t height=\"362\"\t><\/video>\n\t<div class=\"wp-playlist-next\"><\/div>\n\t<div class=\"wp-playlist-prev\"><\/div>\n\t<noscript>\n\t<ol>\n\t\t<li><a href='https:\/\/redenoticiaz.com.br\/litoralsp\/wp-content\/uploads\/sites\/3\/2022\/11\/WhatsApp-Video-2022-11-14-at-13.09.08.mp4'>V\u00cdDEO - Jacar\u00e9 \u00e9 flagrado pela Guarda Municipal de Guaruj\u00e1<\/a><\/li><li><a href='https:\/\/redenoticiaz.com.br\/litoralsp\/wp-content\/uploads\/sites\/3\/2022\/11\/WhatsApp-Video-2022-11-14-at-13.08.50.mp4'>V\u00cdDEO - Jacar\u00e9 \u00e9 flagrado pela Guarda Municipal de Guaruj\u00e1<\/a><\/li><li><a href='https:\/\/redenoticiaz.com.br\/litoralsp\/wp-content\/uploads\/sites\/3\/2022\/11\/WhatsApp-Video-2022-11-14-at-13.08.47.mp4'>V\u00cdDEO - Jacar\u00e9 \u00e9 flagrado pela Guarda Municipal de Guaruj\u00e1<\/a><\/li><li><a href='https:\/\/redenoticiaz.com.br\/litoralsp\/wp-content\/uploads\/sites\/3\/2022\/11\/WhatsApp-Video-2022-11-14-at-13.08.44.mp4'>V\u00cdDEO - Jacar\u00e9 \u00e9 flagrado pela Guarda Municipal de Guaruj\u00e1<\/a><\/li>\t<\/ol>\n\t<\/noscript>\n\t<script type=\"application\/json\" class=\"wp-playlist-script\">{\"type\":\"video\",\"tracklist\":true,\"tracknumbers\":true,\"images\":true,\"artists\":true,\"tracks\":[{\"src\":\"https:\/\/redenoticiaz.com.br\/litoralsp\/wp-content\/uploads\/sites\/3\/2022\/11\/WhatsApp-Video-2022-11-14-at-13.09.08.mp4\",\"type\":\"video\/mp4\",\"title\":\"V\\u00cdDEO - Jacar\\u00e9 \\u00e9 flagrado pela Guarda Municipal de Guaruj\\u00e1\",\"caption\":\"V\\u00cdDEO - Jacar\\u00e9 \\u00e9 flagrado pela Guarda Municipal de Guaruj\\u00e1\",\"description\":\"V\\u00cdDEO - Jacar\\u00e9 \\u00e9 flagrado pela Guarda Municipal de Guaruj\\u00e1\",\"meta\":{\"length_formatted\":\"0:08\"},\"dimensions\":{\"original\":{\"width\":848,\"height\":480},\"resized\":{\"width\":640,\"height\":362}},\"image\":{\"src\":\"https:\/\/redenoticiaz.com.br\/litoralsp\/wp-includes\/images\/media\/video.svg\",\"width\":48,\"height\":64},\"thumb\":{\"src\":\"https:\/\/redenoticiaz.com.br\/litoralsp\/wp-includes\/images\/media\/video.svg\",\"width\":48,\"height\":64}},{\"src\":\"https:\/\/redenoticiaz.com.br\/litoralsp\/wp-content\/uploads\/sites\/3\/2022\/11\/WhatsApp-Video-2022-11-14-at-13.08.50.mp4\",\"type\":\"video\/mp4\",\"title\":\"V\\u00cdDEO - Jacar\\u00e9 \\u00e9 flagrado pela Guarda Municipal de Guaruj\\u00e1\",\"caption\":\"V\\u00cdDEO - Jacar\\u00e9 \\u00e9 flagrado pela Guarda Municipal de Guaruj\\u00e1\",\"description\":\"V\\u00cdDEO - Jacar\\u00e9 \\u00e9 flagrado pela Guarda Municipal de Guaruj\\u00e1\",\"meta\":{\"length_formatted\":\"0:05\"},\"dimensions\":{\"original\":{\"width\":848,\"height\":480},\"resized\":{\"width\":640,\"height\":362}},\"image\":{\"src\":\"https:\/\/redenoticiaz.com.br\/litoralsp\/wp-includes\/images\/media\/video.svg\",\"width\":48,\"height\":64},\"thumb\":{\"src\":\"https:\/\/redenoticiaz.com.br\/litoralsp\/wp-includes\/images\/media\/video.svg\",\"width\":48,\"height\":64}},{\"src\":\"https:\/\/redenoticiaz.com.br\/litoralsp\/wp-content\/uploads\/sites\/3\/2022\/11\/WhatsApp-Video-2022-11-14-at-13.08.47.mp4\",\"type\":\"video\/mp4\",\"title\":\"V\\u00cdDEO - Jacar\\u00e9 \\u00e9 flagrado pela Guarda Municipal de Guaruj\\u00e1\",\"caption\":\"V\\u00cdDEO - Jacar\\u00e9 \\u00e9 flagrado pela Guarda Municipal de Guaruj\\u00e1\",\"description\":\"V\\u00cdDEO - Jacar\\u00e9 \\u00e9 flagrado pela Guarda Municipal de Guaruj\\u00e1\",\"meta\":{\"length_formatted\":\"0:10\"},\"dimensions\":{\"original\":{\"width\":848,\"height\":480},\"resized\":{\"width\":640,\"height\":362}},\"image\":{\"src\":\"https:\/\/redenoticiaz.com.br\/litoralsp\/wp-includes\/images\/media\/video.svg\",\"width\":48,\"height\":64},\"thumb\":{\"src\":\"https:\/\/redenoticiaz.com.br\/litoralsp\/wp-includes\/images\/media\/video.svg\",\"width\":48,\"height\":64}},{\"src\":\"https:\/\/redenoticiaz.com.br\/litoralsp\/wp-content\/uploads\/sites\/3\/2022\/11\/WhatsApp-Video-2022-11-14-at-13.08.44.mp4\",\"type\":\"video\/mp4\",\"title\":\"V\\u00cdDEO - Jacar\\u00e9 \\u00e9 flagrado pela Guarda Municipal de Guaruj\\u00e1\",\"caption\":\"V\\u00cdDEO - Jacar\\u00e9 \\u00e9 flagrado pela Guarda Municipal de Guaruj\\u00e1\",\"description\":\"V\\u00cdDEO - Jacar\\u00e9 \\u00e9 flagrado pela Guarda Municipal de Guaruj\\u00e1\",\"meta\":{\"length_formatted\":\"0:05\"},\"dimensions\":{\"original\":{\"width\":848,\"height\":480},\"resized\":{\"width\":640,\"height\":362}},\"image\":{\"src\":\"https:\/\/redenoticiaz.com.br\/litoralsp\/wp-includes\/images\/media\/video.svg\",\"width\":48,\"height\":64},\"thumb\":{\"src\":\"https:\/\/redenoticiaz.com.br\/litoralsp\/wp-includes\/images\/media\/video.svg\",\"width\":48,\"height\":64}}]}<\/script>\n<\/div>\n\t\n<p>De acordo com informa\u00e7\u00f5es, as autoridades foram chamadas devido ao fato de que na resid\u00eancia existiam outros animais.<\/p>\n<p>Ainda de acordo com as informa\u00e7\u00f5es, estes animais em algum momento poderiam ser atacados pelo animal de surpresa.<\/p>\n<p>Sendo assim, a equipe foi at\u00e9 o local e com ajuda dos bombeiros conseguiram retirar o Jacar\u00e9 da resid\u00eancia.<\/p>\n<p><strong>Leia mais<\/strong><\/p>\n<p><a href=\"https:\/\/redenoticiaz.com.br\/litoralsp\/2022\/11\/14\/guardas-municipais-de-guaruja-passam-por-estagio-de-qualificacao-profissional\">Guardas Municipais de Guaruj\u00e1 passam por est\u00e1gio de qualifica\u00e7\u00e3o profissional<\/a><\/p>\n","protected":false},"excerpt":{"rendered":"<p>Um jacar\u00e9 foi flagrado nesta \u00faltima semana pela Guarda Municipal de Guaruj\u00e1 nas proximidades da Estrada do Pernambuco no Mar Casado. De acordo com informa\u00e7\u00f5es, as autoridades foram chamadas devido ao fato de que na resid\u00eancia existiam outros animais. Ainda de acordo com as informa\u00e7\u00f5es, estes animais em algum momento poderiam ser atacados pelo animal &hellip;<\/p>\n","protected":false},"author":12,"featured_media":95140,"comment_status":"open","ping_status":"closed","sticky":false,"template":"","format":"standard","meta":{"footnotes":""},"categories":[187],"tags":[42232,43,6426,12532],"class_list":["post-95139","post","type-post","status-publish","format-standard","has-post-thumbnail","hentry","category-guaruja","tag-flagra","tag-guarda-municipal","tag-guaruja-2","tag-jacare"],"yoast_head":"<!-- This site is optimized with the Yoast SEO plugin v27.5 - https:\/\/yoast.com\/product\/yoast-seo-wordpress\/ -->\n<title>V\u00cdDEO &#8211; Jacar\u00e9 \u00e9 flagrado pela Guarda Municipal de Guaruj\u00e1 - Litoral SP<\/title>\n<meta name=\"description\" content=\"De acordo com informa\u00e7\u00f5es, as autoridades foram chamadas devido ao fato de que na resid\u00eancia existiam outros animais.\" \/>\n<meta name=\"robots\" content=\"index, follow, max-snippet:-1, max-image-preview:large, max-video-preview:-1\" \/>\n<link rel=\"canonical\" href=\"https:\/\/redenoticiaz.com.br\/litoralsp\/2022\/11\/15\/video-jacare-e-flagrado-pela-guarda-municipal-de-guaruja\" \/>\n<meta property=\"og:locale\" content=\"pt_BR\" \/>\n<meta property=\"og:type\" content=\"article\" \/>\n<meta property=\"og:title\" content=\"V\u00cdDEO &#8211; Jacar\u00e9 \u00e9 flagrado pela Guarda Municipal de Guaruj\u00e1 - Litoral SP\" \/>\n<meta property=\"og:description\" content=\"De acordo com informa\u00e7\u00f5es, as autoridades foram chamadas devido ao fato de que na resid\u00eancia existiam outros animais.\" \/>\n<meta property=\"og:url\" content=\"https:\/\/redenoticiaz.com.br\/litoralsp\/2022\/11\/15\/video-jacare-e-flagrado-pela-guarda-municipal-de-guaruja\" \/>\n<meta property=\"og:site_name\" content=\"Litoral SP\" \/>\n<meta property=\"article:published_time\" content=\"2022-11-15T16:55:28+00:00\" \/>\n<meta property=\"og:image\" content=\"https:\/\/redenoticiaz.com.br\/litoralsp\/wp-content\/uploads\/sites\/3\/2022\/11\/7ed0d079-fb14-414a-903a-70b3f8be4fcc.jpg\" \/>\n\t<meta property=\"og:image:width\" content=\"828\" \/>\n\t<meta property=\"og:image:height\" content=\"1028\" \/>\n\t<meta property=\"og:image:type\" content=\"image\/jpeg\" \/>\n<meta name=\"author\" content=\"Gustavo Silva\" \/>\n<meta name=\"twitter:card\" content=\"summary_large_image\" \/>\n<meta name=\"twitter:label1\" content=\"Escrito por\" \/>\n\t<meta name=\"twitter:data1\" content=\"Gustavo Silva\" \/>\n\t<meta name=\"twitter:label2\" content=\"Est. tempo de leitura\" \/>\n\t<meta name=\"twitter:data2\" content=\"1 minuto\" \/>\n<script type=\"application\/ld+json\" class=\"yoast-schema-graph\">{\"@context\":\"https:\\\/\\\/schema.org\",\"@graph\":[{\"@type\":\"Article\",\"@id\":\"https:\\\/\\\/redenoticiaz.com.br\\\/litoralsp\\\/2022\\\/11\\\/15\\\/video-jacare-e-flagrado-pela-guarda-municipal-de-guaruja#article\",\"isPartOf\":{\"@id\":\"https:\\\/\\\/redenoticiaz.com.br\\\/litoralsp\\\/2022\\\/11\\\/15\\\/video-jacare-e-flagrado-pela-guarda-municipal-de-guaruja\"},\"author\":{\"name\":\"Gustavo Silva\",\"@id\":\"https:\\\/\\\/redenoticiaz.com.br\\\/litoralsp\\\/#\\\/schema\\\/person\\\/16057b37a3c0ee6b096d7f887c566e2e\"},\"headline\":\"V\u00cdDEO &#8211; Jacar\u00e9 \u00e9 flagrado pela Guarda Municipal de Guaruj\u00e1\",\"datePublished\":\"2022-11-15T16:55:28+00:00\",\"mainEntityOfPage\":{\"@id\":\"https:\\\/\\\/redenoticiaz.com.br\\\/litoralsp\\\/2022\\\/11\\\/15\\\/video-jacare-e-flagrado-pela-guarda-municipal-de-guaruja\"},\"wordCount\":107,\"commentCount\":0,\"publisher\":{\"@id\":\"https:\\\/\\\/redenoticiaz.com.br\\\/litoralsp\\\/#organization\"},\"image\":{\"@id\":\"https:\\\/\\\/redenoticiaz.com.br\\\/litoralsp\\\/2022\\\/11\\\/15\\\/video-jacare-e-flagrado-pela-guarda-municipal-de-guaruja#primaryimage\"},\"thumbnailUrl\":\"https:\\\/\\\/redenoticiaz.com.br\\\/litoralsp\\\/wp-content\\\/uploads\\\/sites\\\/3\\\/2022\\\/11\\\/7ed0d079-fb14-414a-903a-70b3f8be4fcc.jpg\",\"keywords\":[\"FLAGRA\",\"guarda municipal\",\"Guaruj\u00e1\",\"JACAR\u00c9\"],\"articleSection\":[\"Guaruj\u00e1\"],\"inLanguage\":\"pt-BR\",\"potentialAction\":[{\"@type\":\"CommentAction\",\"name\":\"Comment\",\"target\":[\"https:\\\/\\\/redenoticiaz.com.br\\\/litoralsp\\\/2022\\\/11\\\/15\\\/video-jacare-e-flagrado-pela-guarda-municipal-de-guaruja#respond\"]}]},{\"@type\":\"WebPage\",\"@id\":\"https:\\\/\\\/redenoticiaz.com.br\\\/litoralsp\\\/2022\\\/11\\\/15\\\/video-jacare-e-flagrado-pela-guarda-municipal-de-guaruja\",\"url\":\"https:\\\/\\\/redenoticiaz.com.br\\\/litoralsp\\\/2022\\\/11\\\/15\\\/video-jacare-e-flagrado-pela-guarda-municipal-de-guaruja\",\"name\":\"V\u00cdDEO &#8211; Jacar\u00e9 \u00e9 flagrado pela Guarda Municipal de Guaruj\u00e1 - Litoral SP\",\"isPartOf\":{\"@id\":\"https:\\\/\\\/redenoticiaz.com.br\\\/litoralsp\\\/#website\"},\"primaryImageOfPage\":{\"@id\":\"https:\\\/\\\/redenoticiaz.com.br\\\/litoralsp\\\/2022\\\/11\\\/15\\\/video-jacare-e-flagrado-pela-guarda-municipal-de-guaruja#primaryimage\"},\"image\":{\"@id\":\"https:\\\/\\\/redenoticiaz.com.br\\\/litoralsp\\\/2022\\\/11\\\/15\\\/video-jacare-e-flagrado-pela-guarda-municipal-de-guaruja#primaryimage\"},\"thumbnailUrl\":\"https:\\\/\\\/redenoticiaz.com.br\\\/litoralsp\\\/wp-content\\\/uploads\\\/sites\\\/3\\\/2022\\\/11\\\/7ed0d079-fb14-414a-903a-70b3f8be4fcc.jpg\",\"datePublished\":\"2022-11-15T16:55:28+00:00\",\"description\":\"De acordo com informa\u00e7\u00f5es, as autoridades foram chamadas devido ao fato de que na resid\u00eancia existiam outros animais.\",\"inLanguage\":\"pt-BR\",\"potentialAction\":[{\"@type\":\"ReadAction\",\"target\":[\"https:\\\/\\\/redenoticiaz.com.br\\\/litoralsp\\\/2022\\\/11\\\/15\\\/video-jacare-e-flagrado-pela-guarda-municipal-de-guaruja\"]}]},{\"@type\":\"ImageObject\",\"inLanguage\":\"pt-BR\",\"@id\":\"https:\\\/\\\/redenoticiaz.com.br\\\/litoralsp\\\/2022\\\/11\\\/15\\\/video-jacare-e-flagrado-pela-guarda-municipal-de-guaruja#primaryimage\",\"url\":\"https:\\\/\\\/redenoticiaz.com.br\\\/litoralsp\\\/wp-content\\\/uploads\\\/sites\\\/3\\\/2022\\\/11\\\/7ed0d079-fb14-414a-903a-70b3f8be4fcc.jpg\",\"contentUrl\":\"https:\\\/\\\/redenoticiaz.com.br\\\/litoralsp\\\/wp-content\\\/uploads\\\/sites\\\/3\\\/2022\\\/11\\\/7ed0d079-fb14-414a-903a-70b3f8be4fcc.jpg\",\"width\":828,\"height\":1028,\"caption\":\"V\u00cdDEO - Jacar\u00e9 \u00e9 flagrado pela Guarda Municipal de Guaruj\u00e1\"},{\"@type\":\"WebSite\",\"@id\":\"https:\\\/\\\/redenoticiaz.com.br\\\/litoralsp\\\/#website\",\"url\":\"https:\\\/\\\/redenoticiaz.com.br\\\/litoralsp\\\/\",\"name\":\"Litoral SP\",\"description\":\"Rede NoticiaZ\",\"publisher\":{\"@id\":\"https:\\\/\\\/redenoticiaz.com.br\\\/litoralsp\\\/#organization\"},\"potentialAction\":[{\"@type\":\"SearchAction\",\"target\":{\"@type\":\"EntryPoint\",\"urlTemplate\":\"https:\\\/\\\/redenoticiaz.com.br\\\/litoralsp\\\/?s={search_term_string}\"},\"query-input\":{\"@type\":\"PropertyValueSpecification\",\"valueRequired\":true,\"valueName\":\"search_term_string\"}}],\"inLanguage\":\"pt-BR\"},{\"@type\":\"Organization\",\"@id\":\"https:\\\/\\\/redenoticiaz.com.br\\\/litoralsp\\\/#organization\",\"name\":\"Litoral SP\",\"url\":\"https:\\\/\\\/redenoticiaz.com.br\\\/litoralsp\\\/\",\"logo\":{\"@type\":\"ImageObject\",\"inLanguage\":\"pt-BR\",\"@id\":\"https:\\\/\\\/redenoticiaz.com.br\\\/litoralsp\\\/#\\\/schema\\\/logo\\\/image\\\/\",\"url\":\"https:\\\/\\\/redenoticiaz.com.br\\\/litoralsp\\\/wp-content\\\/uploads\\\/sites\\\/3\\\/2020\\\/11\\\/logo.jpg\",\"contentUrl\":\"https:\\\/\\\/redenoticiaz.com.br\\\/litoralsp\\\/wp-content\\\/uploads\\\/sites\\\/3\\\/2020\\\/11\\\/logo.jpg\",\"width\":400,\"height\":250,\"caption\":\"Litoral SP\"},\"image\":{\"@id\":\"https:\\\/\\\/redenoticiaz.com.br\\\/litoralsp\\\/#\\\/schema\\\/logo\\\/image\\\/\"}},{\"@type\":\"Person\",\"@id\":\"https:\\\/\\\/redenoticiaz.com.br\\\/litoralsp\\\/#\\\/schema\\\/person\\\/16057b37a3c0ee6b096d7f887c566e2e\",\"name\":\"Gustavo Silva\",\"image\":{\"@type\":\"ImageObject\",\"inLanguage\":\"pt-BR\",\"@id\":\"https:\\\/\\\/secure.gravatar.com\\\/avatar\\\/3ee4e82f93b26de0a7cf4ea5eb7893da637ed6bb0c9170c58065944c56e28a33?s=96&d=mm&r=g\",\"url\":\"https:\\\/\\\/secure.gravatar.com\\\/avatar\\\/3ee4e82f93b26de0a7cf4ea5eb7893da637ed6bb0c9170c58065944c56e28a33?s=96&d=mm&r=g\",\"contentUrl\":\"https:\\\/\\\/secure.gravatar.com\\\/avatar\\\/3ee4e82f93b26de0a7cf4ea5eb7893da637ed6bb0c9170c58065944c56e28a33?s=96&d=mm&r=g\",\"caption\":\"Gustavo Silva\"},\"url\":\"https:\\\/\\\/redenoticiaz.com.br\\\/litoralsp\\\/author\\\/gustavosilva\"}]}<\/script>\n<!-- \/ Yoast SEO plugin. -->","yoast_head_json":{"title":"V\u00cdDEO &#8211; Jacar\u00e9 \u00e9 flagrado pela Guarda Municipal de Guaruj\u00e1 - Litoral SP","description":"De acordo com informa\u00e7\u00f5es, as autoridades foram chamadas devido ao fato de que na resid\u00eancia existiam outros animais.","robots":{"index":"index","follow":"follow","max-snippet":"max-snippet:-1","max-image-preview":"max-image-preview:large","max-video-preview":"max-video-preview:-1"},"canonical":"https:\/\/redenoticiaz.com.br\/litoralsp\/2022\/11\/15\/video-jacare-e-flagrado-pela-guarda-municipal-de-guaruja","og_locale":"pt_BR","og_type":"article","og_title":"V\u00cdDEO &#8211; Jacar\u00e9 \u00e9 flagrado pela Guarda Municipal de Guaruj\u00e1 - Litoral SP","og_description":"De acordo com informa\u00e7\u00f5es, as autoridades foram chamadas devido ao fato de que na resid\u00eancia existiam outros animais.","og_url":"https:\/\/redenoticiaz.com.br\/litoralsp\/2022\/11\/15\/video-jacare-e-flagrado-pela-guarda-municipal-de-guaruja","og_site_name":"Litoral SP","article_published_time":"2022-11-15T16:55:28+00:00","og_image":[{"width":828,"height":1028,"url":"https:\/\/redenoticiaz.com.br\/litoralsp\/wp-content\/uploads\/sites\/3\/2022\/11\/7ed0d079-fb14-414a-903a-70b3f8be4fcc.jpg","type":"image\/jpeg"}],"author":"Gustavo Silva","twitter_card":"summary_large_image","twitter_misc":{"Escrito por":"Gustavo Silva","Est. tempo de leitura":"1 minuto"},"schema":{"@context":"https:\/\/schema.org","@graph":[{"@type":"Article","@id":"https:\/\/redenoticiaz.com.br\/litoralsp\/2022\/11\/15\/video-jacare-e-flagrado-pela-guarda-municipal-de-guaruja#article","isPartOf":{"@id":"https:\/\/redenoticiaz.com.br\/litoralsp\/2022\/11\/15\/video-jacare-e-flagrado-pela-guarda-municipal-de-guaruja"},"author":{"name":"Gustavo Silva","@id":"https:\/\/redenoticiaz.com.br\/litoralsp\/#\/schema\/person\/16057b37a3c0ee6b096d7f887c566e2e"},"headline":"V\u00cdDEO &#8211; Jacar\u00e9 \u00e9 flagrado pela Guarda Municipal de Guaruj\u00e1","datePublished":"2022-11-15T16:55:28+00:00","mainEntityOfPage":{"@id":"https:\/\/redenoticiaz.com.br\/litoralsp\/2022\/11\/15\/video-jacare-e-flagrado-pela-guarda-municipal-de-guaruja"},"wordCount":107,"commentCount":0,"publisher":{"@id":"https:\/\/redenoticiaz.com.br\/litoralsp\/#organization"},"image":{"@id":"https:\/\/redenoticiaz.com.br\/litoralsp\/2022\/11\/15\/video-jacare-e-flagrado-pela-guarda-municipal-de-guaruja#primaryimage"},"thumbnailUrl":"https:\/\/redenoticiaz.com.br\/litoralsp\/wp-content\/uploads\/sites\/3\/2022\/11\/7ed0d079-fb14-414a-903a-70b3f8be4fcc.jpg","keywords":["FLAGRA","guarda municipal","Guaruj\u00e1","JACAR\u00c9"],"articleSection":["Guaruj\u00e1"],"inLanguage":"pt-BR","potentialAction":[{"@type":"CommentAction","name":"Comment","target":["https:\/\/redenoticiaz.com.br\/litoralsp\/2022\/11\/15\/video-jacare-e-flagrado-pela-guarda-municipal-de-guaruja#respond"]}]},{"@type":"WebPage","@id":"https:\/\/redenoticiaz.com.br\/litoralsp\/2022\/11\/15\/video-jacare-e-flagrado-pela-guarda-municipal-de-guaruja","url":"https:\/\/redenoticiaz.com.br\/litoralsp\/2022\/11\/15\/video-jacare-e-flagrado-pela-guarda-municipal-de-guaruja","name":"V\u00cdDEO &#8211; Jacar\u00e9 \u00e9 flagrado pela Guarda Municipal de Guaruj\u00e1 - Litoral SP","isPartOf":{"@id":"https:\/\/redenoticiaz.com.br\/litoralsp\/#website"},"primaryImageOfPage":{"@id":"https:\/\/redenoticiaz.com.br\/litoralsp\/2022\/11\/15\/video-jacare-e-flagrado-pela-guarda-municipal-de-guaruja#primaryimage"},"image":{"@id":"https:\/\/redenoticiaz.com.br\/litoralsp\/2022\/11\/15\/video-jacare-e-flagrado-pela-guarda-municipal-de-guaruja#primaryimage"},"thumbnailUrl":"https:\/\/redenoticiaz.com.br\/litoralsp\/wp-content\/uploads\/sites\/3\/2022\/11\/7ed0d079-fb14-414a-903a-70b3f8be4fcc.jpg","datePublished":"2022-11-15T16:55:28+00:00","description":"De acordo com informa\u00e7\u00f5es, as autoridades foram chamadas devido ao fato de que na resid\u00eancia existiam outros animais.","inLanguage":"pt-BR","potentialAction":[{"@type":"ReadAction","target":["https:\/\/redenoticiaz.com.br\/litoralsp\/2022\/11\/15\/video-jacare-e-flagrado-pela-guarda-municipal-de-guaruja"]}]},{"@type":"ImageObject","inLanguage":"pt-BR","@id":"https:\/\/redenoticiaz.com.br\/litoralsp\/2022\/11\/15\/video-jacare-e-flagrado-pela-guarda-municipal-de-guaruja#primaryimage","url":"https:\/\/redenoticiaz.com.br\/litoralsp\/wp-content\/uploads\/sites\/3\/2022\/11\/7ed0d079-fb14-414a-903a-70b3f8be4fcc.jpg","contentUrl":"https:\/\/redenoticiaz.com.br\/litoralsp\/wp-content\/uploads\/sites\/3\/2022\/11\/7ed0d079-fb14-414a-903a-70b3f8be4fcc.jpg","width":828,"height":1028,"caption":"V\u00cdDEO - Jacar\u00e9 \u00e9 flagrado pela Guarda Municipal de Guaruj\u00e1"},{"@type":"WebSite","@id":"https:\/\/redenoticiaz.com.br\/litoralsp\/#website","url":"https:\/\/redenoticiaz.com.br\/litoralsp\/","name":"Litoral SP","description":"Rede NoticiaZ","publisher":{"@id":"https:\/\/redenoticiaz.com.br\/litoralsp\/#organization"},"potentialAction":[{"@type":"SearchAction","target":{"@type":"EntryPoint","urlTemplate":"https:\/\/redenoticiaz.com.br\/litoralsp\/?s={search_term_string}"},"query-input":{"@type":"PropertyValueSpecification","valueRequired":true,"valueName":"search_term_string"}}],"inLanguage":"pt-BR"},{"@type":"Organization","@id":"https:\/\/redenoticiaz.com.br\/litoralsp\/#organization","name":"Litoral SP","url":"https:\/\/redenoticiaz.com.br\/litoralsp\/","logo":{"@type":"ImageObject","inLanguage":"pt-BR","@id":"https:\/\/redenoticiaz.com.br\/litoralsp\/#\/schema\/logo\/image\/","url":"https:\/\/redenoticiaz.com.br\/litoralsp\/wp-content\/uploads\/sites\/3\/2020\/11\/logo.jpg","contentUrl":"https:\/\/redenoticiaz.com.br\/litoralsp\/wp-content\/uploads\/sites\/3\/2020\/11\/logo.jpg","width":400,"height":250,"caption":"Litoral SP"},"image":{"@id":"https:\/\/redenoticiaz.com.br\/litoralsp\/#\/schema\/logo\/image\/"}},{"@type":"Person","@id":"https:\/\/redenoticiaz.com.br\/litoralsp\/#\/schema\/person\/16057b37a3c0ee6b096d7f887c566e2e","name":"Gustavo Silva","image":{"@type":"ImageObject","inLanguage":"pt-BR","@id":"https:\/\/secure.gravatar.com\/avatar\/3ee4e82f93b26de0a7cf4ea5eb7893da637ed6bb0c9170c58065944c56e28a33?s=96&d=mm&r=g","url":"https:\/\/secure.gravatar.com\/avatar\/3ee4e82f93b26de0a7cf4ea5eb7893da637ed6bb0c9170c58065944c56e28a33?s=96&d=mm&r=g","contentUrl":"https:\/\/secure.gravatar.com\/avatar\/3ee4e82f93b26de0a7cf4ea5eb7893da637ed6bb0c9170c58065944c56e28a33?s=96&d=mm&r=g","caption":"Gustavo Silva"},"url":"https:\/\/redenoticiaz.com.br\/litoralsp\/author\/gustavosilva"}]}},"_links":{"self":[{"href":"https:\/\/redenoticiaz.com.br\/litoralsp\/wp-json\/wp\/v2\/posts\/95139","targetHints":{"allow":["GET"]}}],"collection":[{"href":"https:\/\/redenoticiaz.com.br\/litoralsp\/wp-json\/wp\/v2\/posts"}],"about":[{"href":"https:\/\/redenoticiaz.com.br\/litoralsp\/wp-json\/wp\/v2\/types\/post"}],"author":[{"embeddable":true,"href":"https:\/\/redenoticiaz.com.br\/litoralsp\/wp-json\/wp\/v2\/users\/12"}],"replies":[{"embeddable":true,"href":"https:\/\/redenoticiaz.com.br\/litoralsp\/wp-json\/wp\/v2\/comments?post=95139"}],"version-history":[{"count":1,"href":"https:\/\/redenoticiaz.com.br\/litoralsp\/wp-json\/wp\/v2\/posts\/95139\/revisions"}],"predecessor-version":[{"id":95145,"href":"https:\/\/redenoticiaz.com.br\/litoralsp\/wp-json\/wp\/v2\/posts\/95139\/revisions\/95145"}],"wp:featuredmedia":[{"embeddable":true,"href":"https:\/\/redenoticiaz.com.br\/litoralsp\/wp-json\/wp\/v2\/media\/95140"}],"wp:attachment":[{"href":"https:\/\/redenoticiaz.com.br\/litoralsp\/wp-json\/wp\/v2\/media?parent=95139"}],"wp:term":[{"taxonomy":"category","embeddable":true,"href":"https:\/\/redenoticiaz.com.br\/litoralsp\/wp-json\/wp\/v2\/categories?post=95139"},{"taxonomy":"post_tag","embeddable":true,"href":"https:\/\/redenoticiaz.com.br\/litoralsp\/wp-json\/wp\/v2\/tags?post=95139"}],"curies":[{"name":"wp","href":"https:\/\/api.w.org\/{rel}","templated":true}]}}