{"id":95146,"date":"2022-11-15T14:40:01","date_gmt":"2022-11-15T17:40:01","guid":{"rendered":"https:\/\/redenoticiaz.com.br\/litoralsp\/2022\/11\/15\/copa-do-mundo-neymar-faz-primeiro-treino-com-a-selecao-brasileira"},"modified":"2022-11-15T14:40:01","modified_gmt":"2022-11-15T17:40:01","slug":"copa-do-mundo-neymar-faz-primeiro-treino-com-a-selecao-brasileira","status":"publish","type":"post","link":"https:\/\/redenoticiaz.com.br\/litoralsp\/2022\/11\/15\/copa-do-mundo-neymar-faz-primeiro-treino-com-a-selecao-brasileira","title":{"rendered":"Copa do Mundo: Neymar faz primeiro treino com a sele\u00e7\u00e3o brasileira"},"content":{"rendered":"<p>Faltando cinco dias para in\u00edcio da Copa do Mundo 2022, a sele\u00e7\u00e3o brasileira faz o primeiro treino nesta ter\u00e7a-feira (15) \u00a0com a presen\u00e7a de Neymar em Turim. O camisa 10 e o companheiro Marquinhos se apresentaram com atraso,<b> devido a problemas no voo de Paris para Turim.<\/b><\/p>\n<div id=\"chunk-5ch3d\">\n<div class=\"mc-column content-text active-extra-styles active-capital-letter\" data-block-type=\"unstyled\" data-block-weight=\"44\" data-block-id=\"2\">\n<p class=\"content-text__container theme-color-primary-first-letter\" data-track-category=\"Link no Texto\" data-track-links=\"\">O jogador foi a campo e trabalhou com bola junto dos demais convocados. No entanto, acompanhado do volante Casemiro, deixou o gramado meia horas antes para controle de carga de exerc\u00edcios.<\/p>\n<\/div>\n<\/div>\n<div class=\"wall protected-content\">\n<div id=\"chunk-685k6\">\n<div class=\"mc-column content-text active-extra-styles \" data-block-type=\"unstyled\" data-block-weight=\"32\" data-block-id=\"3\">\n<p class=\"content-text__container \" data-track-category=\"Link no Texto\" data-track-links=\"\">J\u00e1 Marquinhos se recupera de um desconforto muscular, aparecendo em campo apenas para correr.\u00a0A expectativa \u00e9 de que ele esteja \u00e0 disposi\u00e7\u00e3o para a estreia na Copa do Mundo, quinta-feira que vem (dia 24), contra a S\u00e9rvia.<\/p>\n<\/div>\n<\/div>\n<\/div>\n<p>VEJA TAMB\u00c9M:\u00a0<a href=\"https:\/\/redenoticiaz.com.br\/barretos-regiao\/sp\/2022\/11\/13\/71-dos-brasileiros-acreditam-que-a-selecao-tem-chance-de-ganhar-a-copa-do-mundo\">71% dos brasileiros acreditam que a sele\u00e7\u00e3o tem chance de ganhar a Copa do Mundo<\/a><\/p>\n<p>&nbsp;<\/p>\n","protected":false},"excerpt":{"rendered":"<p>Faltando cinco dias para in\u00edcio da Copa do Mundo 2022, a sele\u00e7\u00e3o brasileira faz o primeiro treino nesta ter\u00e7a-feira (15) \u00a0com a presen\u00e7a de Neymar em Turim. O camisa 10 e o companheiro Marquinhos se apresentaram com atraso, devido a problemas no voo de Paris para Turim. O jogador foi a campo e trabalhou com &hellip;<\/p>\n","protected":false},"author":15,"featured_media":95147,"comment_status":"open","ping_status":"closed","sticky":false,"template":"","format":"standard","meta":{"footnotes":""},"categories":[35],"tags":[41274,49815,21610,60937],"class_list":["post-95146","post","type-post","status-publish","format-standard","has-post-thumbnail","hentry","category-esporte","tag-copa-do-mundo","tag-marquinhos","tag-neymar","tag-treino-da-selacao"],"yoast_head":"<!-- This site is optimized with the Yoast SEO plugin v27.5 - https:\/\/yoast.com\/product\/yoast-seo-wordpress\/ -->\n<title>Copa do Mundo: Neymar faz primeiro treino com a sele\u00e7\u00e3o brasileira - Litoral SP<\/title>\n<meta name=\"robots\" content=\"index, follow, max-snippet:-1, max-image-preview:large, max-video-preview:-1\" \/>\n<link rel=\"canonical\" href=\"https:\/\/redenoticiaz.com.br\/litoralsp\/2022\/11\/15\/copa-do-mundo-neymar-faz-primeiro-treino-com-a-selecao-brasileira\" \/>\n<meta property=\"og:locale\" content=\"pt_BR\" \/>\n<meta property=\"og:type\" content=\"article\" \/>\n<meta property=\"og:title\" content=\"Copa do Mundo: Neymar faz primeiro treino com a sele\u00e7\u00e3o brasileira - Litoral SP\" \/>\n<meta property=\"og:description\" content=\"Faltando cinco dias para in\u00edcio da Copa do Mundo 2022, a sele\u00e7\u00e3o brasileira faz o primeiro treino nesta ter\u00e7a-feira (15) \u00a0com a presen\u00e7a de Neymar em Turim. O camisa 10 e o companheiro Marquinhos se apresentaram com atraso, devido a problemas no voo de Paris para Turim. O jogador foi a campo e trabalhou com &hellip;\" \/>\n<meta property=\"og:url\" content=\"https:\/\/redenoticiaz.com.br\/litoralsp\/2022\/11\/15\/copa-do-mundo-neymar-faz-primeiro-treino-com-a-selecao-brasileira\" \/>\n<meta property=\"og:site_name\" content=\"Litoral SP\" \/>\n<meta property=\"article:published_time\" content=\"2022-11-15T17:40:01+00:00\" \/>\n<meta name=\"twitter:card\" content=\"summary_large_image\" \/>\n<meta name=\"twitter:label1\" content=\"Escrito por\" \/>\n\t<meta name=\"twitter:data1\" content=\"\" \/>\n\t<meta name=\"twitter:label2\" content=\"Est. tempo de leitura\" \/>\n\t<meta name=\"twitter:data2\" content=\"1 minuto\" \/>\n<script type=\"application\/ld+json\" class=\"yoast-schema-graph\">{\"@context\":\"https:\\\/\\\/schema.org\",\"@graph\":[{\"@type\":\"Article\",\"@id\":\"https:\\\/\\\/redenoticiaz.com.br\\\/litoralsp\\\/2022\\\/11\\\/15\\\/copa-do-mundo-neymar-faz-primeiro-treino-com-a-selecao-brasileira#article\",\"isPartOf\":{\"@id\":\"https:\\\/\\\/redenoticiaz.com.br\\\/litoralsp\\\/2022\\\/11\\\/15\\\/copa-do-mundo-neymar-faz-primeiro-treino-com-a-selecao-brasileira\"},\"author\":{\"name\":\"\",\"@id\":\"\"},\"headline\":\"Copa do Mundo: Neymar faz primeiro treino com a sele\u00e7\u00e3o brasileira\",\"datePublished\":\"2022-11-15T17:40:01+00:00\",\"mainEntityOfPage\":{\"@id\":\"https:\\\/\\\/redenoticiaz.com.br\\\/litoralsp\\\/2022\\\/11\\\/15\\\/copa-do-mundo-neymar-faz-primeiro-treino-com-a-selecao-brasileira\"},\"wordCount\":148,\"commentCount\":0,\"publisher\":{\"@id\":\"https:\\\/\\\/redenoticiaz.com.br\\\/litoralsp\\\/#organization\"},\"image\":{\"@id\":\"https:\\\/\\\/redenoticiaz.com.br\\\/litoralsp\\\/2022\\\/11\\\/15\\\/copa-do-mundo-neymar-faz-primeiro-treino-com-a-selecao-brasileira#primaryimage\"},\"thumbnailUrl\":\"https:\\\/\\\/redenoticiaz.com.br\\\/litoralsp\\\/wp-content\\\/uploads\\\/sites\\\/3\\\/2022\\\/11\\\/Copa-do-Mundo-Neymar-faz-primeiro-treino-com-a-selecao-brasileira.jpg\",\"keywords\":[\"COPA DO MUNDO\",\"MARQUINHOS\",\"NEYMAR\",\"TREINO DA SELA\u00c7\u00c3O\"],\"articleSection\":[\"Esporte\"],\"inLanguage\":\"pt-BR\",\"potentialAction\":[{\"@type\":\"CommentAction\",\"name\":\"Comment\",\"target\":[\"https:\\\/\\\/redenoticiaz.com.br\\\/litoralsp\\\/2022\\\/11\\\/15\\\/copa-do-mundo-neymar-faz-primeiro-treino-com-a-selecao-brasileira#respond\"]}]},{\"@type\":\"WebPage\",\"@id\":\"https:\\\/\\\/redenoticiaz.com.br\\\/litoralsp\\\/2022\\\/11\\\/15\\\/copa-do-mundo-neymar-faz-primeiro-treino-com-a-selecao-brasileira\",\"url\":\"https:\\\/\\\/redenoticiaz.com.br\\\/litoralsp\\\/2022\\\/11\\\/15\\\/copa-do-mundo-neymar-faz-primeiro-treino-com-a-selecao-brasileira\",\"name\":\"Copa do Mundo: Neymar faz primeiro treino com a sele\u00e7\u00e3o brasileira - Litoral SP\",\"isPartOf\":{\"@id\":\"https:\\\/\\\/redenoticiaz.com.br\\\/litoralsp\\\/#website\"},\"primaryImageOfPage\":{\"@id\":\"https:\\\/\\\/redenoticiaz.com.br\\\/litoralsp\\\/2022\\\/11\\\/15\\\/copa-do-mundo-neymar-faz-primeiro-treino-com-a-selecao-brasileira#primaryimage\"},\"image\":{\"@id\":\"https:\\\/\\\/redenoticiaz.com.br\\\/litoralsp\\\/2022\\\/11\\\/15\\\/copa-do-mundo-neymar-faz-primeiro-treino-com-a-selecao-brasileira#primaryimage\"},\"thumbnailUrl\":\"https:\\\/\\\/redenoticiaz.com.br\\\/litoralsp\\\/wp-content\\\/uploads\\\/sites\\\/3\\\/2022\\\/11\\\/Copa-do-Mundo-Neymar-faz-primeiro-treino-com-a-selecao-brasileira.jpg\",\"datePublished\":\"2022-11-15T17:40:01+00:00\",\"inLanguage\":\"pt-BR\",\"potentialAction\":[{\"@type\":\"ReadAction\",\"target\":[\"https:\\\/\\\/redenoticiaz.com.br\\\/litoralsp\\\/2022\\\/11\\\/15\\\/copa-do-mundo-neymar-faz-primeiro-treino-com-a-selecao-brasileira\"]}]},{\"@type\":\"ImageObject\",\"inLanguage\":\"pt-BR\",\"@id\":\"https:\\\/\\\/redenoticiaz.com.br\\\/litoralsp\\\/2022\\\/11\\\/15\\\/copa-do-mundo-neymar-faz-primeiro-treino-com-a-selecao-brasileira#primaryimage\",\"url\":\"https:\\\/\\\/redenoticiaz.com.br\\\/litoralsp\\\/wp-content\\\/uploads\\\/sites\\\/3\\\/2022\\\/11\\\/Copa-do-Mundo-Neymar-faz-primeiro-treino-com-a-selecao-brasileira.jpg\",\"contentUrl\":\"https:\\\/\\\/redenoticiaz.com.br\\\/litoralsp\\\/wp-content\\\/uploads\\\/sites\\\/3\\\/2022\\\/11\\\/Copa-do-Mundo-Neymar-faz-primeiro-treino-com-a-selecao-brasileira.jpg\",\"width\":1200,\"height\":628,\"caption\":\"Cr\u00e9dito: Reprodu\u00e7\u00e3o\"},{\"@type\":\"WebSite\",\"@id\":\"https:\\\/\\\/redenoticiaz.com.br\\\/litoralsp\\\/#website\",\"url\":\"https:\\\/\\\/redenoticiaz.com.br\\\/litoralsp\\\/\",\"name\":\"Litoral SP\",\"description\":\"Rede NoticiaZ\",\"publisher\":{\"@id\":\"https:\\\/\\\/redenoticiaz.com.br\\\/litoralsp\\\/#organization\"},\"potentialAction\":[{\"@type\":\"SearchAction\",\"target\":{\"@type\":\"EntryPoint\",\"urlTemplate\":\"https:\\\/\\\/redenoticiaz.com.br\\\/litoralsp\\\/?s={search_term_string}\"},\"query-input\":{\"@type\":\"PropertyValueSpecification\",\"valueRequired\":true,\"valueName\":\"search_term_string\"}}],\"inLanguage\":\"pt-BR\"},{\"@type\":\"Organization\",\"@id\":\"https:\\\/\\\/redenoticiaz.com.br\\\/litoralsp\\\/#organization\",\"name\":\"Litoral SP\",\"url\":\"https:\\\/\\\/redenoticiaz.com.br\\\/litoralsp\\\/\",\"logo\":{\"@type\":\"ImageObject\",\"inLanguage\":\"pt-BR\",\"@id\":\"https:\\\/\\\/redenoticiaz.com.br\\\/litoralsp\\\/#\\\/schema\\\/logo\\\/image\\\/\",\"url\":\"https:\\\/\\\/redenoticiaz.com.br\\\/litoralsp\\\/wp-content\\\/uploads\\\/sites\\\/3\\\/2020\\\/11\\\/logo.jpg\",\"contentUrl\":\"https:\\\/\\\/redenoticiaz.com.br\\\/litoralsp\\\/wp-content\\\/uploads\\\/sites\\\/3\\\/2020\\\/11\\\/logo.jpg\",\"width\":400,\"height\":250,\"caption\":\"Litoral SP\"},\"image\":{\"@id\":\"https:\\\/\\\/redenoticiaz.com.br\\\/litoralsp\\\/#\\\/schema\\\/logo\\\/image\\\/\"}},{\"@type\":\"Person\",\"@id\":\"\",\"url\":\"https:\\\/\\\/redenoticiaz.com.br\\\/litoralsp\\\/author\"}]}<\/script>\n<!-- \/ Yoast SEO plugin. -->","yoast_head_json":{"title":"Copa do Mundo: Neymar faz primeiro treino com a sele\u00e7\u00e3o brasileira - Litoral SP","robots":{"index":"index","follow":"follow","max-snippet":"max-snippet:-1","max-image-preview":"max-image-preview:large","max-video-preview":"max-video-preview:-1"},"canonical":"https:\/\/redenoticiaz.com.br\/litoralsp\/2022\/11\/15\/copa-do-mundo-neymar-faz-primeiro-treino-com-a-selecao-brasileira","og_locale":"pt_BR","og_type":"article","og_title":"Copa do Mundo: Neymar faz primeiro treino com a sele\u00e7\u00e3o brasileira - Litoral SP","og_description":"Faltando cinco dias para in\u00edcio da Copa do Mundo 2022, a sele\u00e7\u00e3o brasileira faz o primeiro treino nesta ter\u00e7a-feira (15) \u00a0com a presen\u00e7a de Neymar em Turim. O camisa 10 e o companheiro Marquinhos se apresentaram com atraso, devido a problemas no voo de Paris para Turim. O jogador foi a campo e trabalhou com &hellip;","og_url":"https:\/\/redenoticiaz.com.br\/litoralsp\/2022\/11\/15\/copa-do-mundo-neymar-faz-primeiro-treino-com-a-selecao-brasileira","og_site_name":"Litoral SP","article_published_time":"2022-11-15T17:40:01+00:00","twitter_card":"summary_large_image","twitter_misc":{"Escrito por":"","Est. tempo de leitura":"1 minuto"},"schema":{"@context":"https:\/\/schema.org","@graph":[{"@type":"Article","@id":"https:\/\/redenoticiaz.com.br\/litoralsp\/2022\/11\/15\/copa-do-mundo-neymar-faz-primeiro-treino-com-a-selecao-brasileira#article","isPartOf":{"@id":"https:\/\/redenoticiaz.com.br\/litoralsp\/2022\/11\/15\/copa-do-mundo-neymar-faz-primeiro-treino-com-a-selecao-brasileira"},"author":{"name":"","@id":""},"headline":"Copa do Mundo: Neymar faz primeiro treino com a sele\u00e7\u00e3o brasileira","datePublished":"2022-11-15T17:40:01+00:00","mainEntityOfPage":{"@id":"https:\/\/redenoticiaz.com.br\/litoralsp\/2022\/11\/15\/copa-do-mundo-neymar-faz-primeiro-treino-com-a-selecao-brasileira"},"wordCount":148,"commentCount":0,"publisher":{"@id":"https:\/\/redenoticiaz.com.br\/litoralsp\/#organization"},"image":{"@id":"https:\/\/redenoticiaz.com.br\/litoralsp\/2022\/11\/15\/copa-do-mundo-neymar-faz-primeiro-treino-com-a-selecao-brasileira#primaryimage"},"thumbnailUrl":"https:\/\/redenoticiaz.com.br\/litoralsp\/wp-content\/uploads\/sites\/3\/2022\/11\/Copa-do-Mundo-Neymar-faz-primeiro-treino-com-a-selecao-brasileira.jpg","keywords":["COPA DO MUNDO","MARQUINHOS","NEYMAR","TREINO DA SELA\u00c7\u00c3O"],"articleSection":["Esporte"],"inLanguage":"pt-BR","potentialAction":[{"@type":"CommentAction","name":"Comment","target":["https:\/\/redenoticiaz.com.br\/litoralsp\/2022\/11\/15\/copa-do-mundo-neymar-faz-primeiro-treino-com-a-selecao-brasileira#respond"]}]},{"@type":"WebPage","@id":"https:\/\/redenoticiaz.com.br\/litoralsp\/2022\/11\/15\/copa-do-mundo-neymar-faz-primeiro-treino-com-a-selecao-brasileira","url":"https:\/\/redenoticiaz.com.br\/litoralsp\/2022\/11\/15\/copa-do-mundo-neymar-faz-primeiro-treino-com-a-selecao-brasileira","name":"Copa do Mundo: Neymar faz primeiro treino com a sele\u00e7\u00e3o brasileira - Litoral SP","isPartOf":{"@id":"https:\/\/redenoticiaz.com.br\/litoralsp\/#website"},"primaryImageOfPage":{"@id":"https:\/\/redenoticiaz.com.br\/litoralsp\/2022\/11\/15\/copa-do-mundo-neymar-faz-primeiro-treino-com-a-selecao-brasileira#primaryimage"},"image":{"@id":"https:\/\/redenoticiaz.com.br\/litoralsp\/2022\/11\/15\/copa-do-mundo-neymar-faz-primeiro-treino-com-a-selecao-brasileira#primaryimage"},"thumbnailUrl":"https:\/\/redenoticiaz.com.br\/litoralsp\/wp-content\/uploads\/sites\/3\/2022\/11\/Copa-do-Mundo-Neymar-faz-primeiro-treino-com-a-selecao-brasileira.jpg","datePublished":"2022-11-15T17:40:01+00:00","inLanguage":"pt-BR","potentialAction":[{"@type":"ReadAction","target":["https:\/\/redenoticiaz.com.br\/litoralsp\/2022\/11\/15\/copa-do-mundo-neymar-faz-primeiro-treino-com-a-selecao-brasileira"]}]},{"@type":"ImageObject","inLanguage":"pt-BR","@id":"https:\/\/redenoticiaz.com.br\/litoralsp\/2022\/11\/15\/copa-do-mundo-neymar-faz-primeiro-treino-com-a-selecao-brasileira#primaryimage","url":"https:\/\/redenoticiaz.com.br\/litoralsp\/wp-content\/uploads\/sites\/3\/2022\/11\/Copa-do-Mundo-Neymar-faz-primeiro-treino-com-a-selecao-brasileira.jpg","contentUrl":"https:\/\/redenoticiaz.com.br\/litoralsp\/wp-content\/uploads\/sites\/3\/2022\/11\/Copa-do-Mundo-Neymar-faz-primeiro-treino-com-a-selecao-brasileira.jpg","width":1200,"height":628,"caption":"Cr\u00e9dito: Reprodu\u00e7\u00e3o"},{"@type":"WebSite","@id":"https:\/\/redenoticiaz.com.br\/litoralsp\/#website","url":"https:\/\/redenoticiaz.com.br\/litoralsp\/","name":"Litoral SP","description":"Rede NoticiaZ","publisher":{"@id":"https:\/\/redenoticiaz.com.br\/litoralsp\/#organization"},"potentialAction":[{"@type":"SearchAction","target":{"@type":"EntryPoint","urlTemplate":"https:\/\/redenoticiaz.com.br\/litoralsp\/?s={search_term_string}"},"query-input":{"@type":"PropertyValueSpecification","valueRequired":true,"valueName":"search_term_string"}}],"inLanguage":"pt-BR"},{"@type":"Organization","@id":"https:\/\/redenoticiaz.com.br\/litoralsp\/#organization","name":"Litoral SP","url":"https:\/\/redenoticiaz.com.br\/litoralsp\/","logo":{"@type":"ImageObject","inLanguage":"pt-BR","@id":"https:\/\/redenoticiaz.com.br\/litoralsp\/#\/schema\/logo\/image\/","url":"https:\/\/redenoticiaz.com.br\/litoralsp\/wp-content\/uploads\/sites\/3\/2020\/11\/logo.jpg","contentUrl":"https:\/\/redenoticiaz.com.br\/litoralsp\/wp-content\/uploads\/sites\/3\/2020\/11\/logo.jpg","width":400,"height":250,"caption":"Litoral SP"},"image":{"@id":"https:\/\/redenoticiaz.com.br\/litoralsp\/#\/schema\/logo\/image\/"}},{"@type":"Person","@id":"","url":"https:\/\/redenoticiaz.com.br\/litoralsp\/author"}]}},"_links":{"self":[{"href":"https:\/\/redenoticiaz.com.br\/litoralsp\/wp-json\/wp\/v2\/posts\/95146","targetHints":{"allow":["GET"]}}],"collection":[{"href":"https:\/\/redenoticiaz.com.br\/litoralsp\/wp-json\/wp\/v2\/posts"}],"about":[{"href":"https:\/\/redenoticiaz.com.br\/litoralsp\/wp-json\/wp\/v2\/types\/post"}],"author":[{"embeddable":true,"href":"https:\/\/redenoticiaz.com.br\/litoralsp\/wp-json\/wp\/v2\/users\/15"}],"replies":[{"embeddable":true,"href":"https:\/\/redenoticiaz.com.br\/litoralsp\/wp-json\/wp\/v2\/comments?post=95146"}],"version-history":[{"count":0,"href":"https:\/\/redenoticiaz.com.br\/litoralsp\/wp-json\/wp\/v2\/posts\/95146\/revisions"}],"wp:featuredmedia":[{"embeddable":true,"href":"https:\/\/redenoticiaz.com.br\/litoralsp\/wp-json\/wp\/v2\/media\/95147"}],"wp:attachment":[{"href":"https:\/\/redenoticiaz.com.br\/litoralsp\/wp-json\/wp\/v2\/media?parent=95146"}],"wp:term":[{"taxonomy":"category","embeddable":true,"href":"https:\/\/redenoticiaz.com.br\/litoralsp\/wp-json\/wp\/v2\/categories?post=95146"},{"taxonomy":"post_tag","embeddable":true,"href":"https:\/\/redenoticiaz.com.br\/litoralsp\/wp-json\/wp\/v2\/tags?post=95146"}],"curies":[{"name":"wp","href":"https:\/\/api.w.org\/{rel}","templated":true}]}}