{"id":95165,"date":"2022-11-19T15:00:48","date_gmt":"2022-11-19T18:00:48","guid":{"rendered":"https:\/\/redenoticiaz.com.br\/litoralsp\/?p=95165"},"modified":"2022-11-15T19:11:13","modified_gmt":"2022-11-15T22:11:13","slug":"humanidade-dara-primeiro-passo-para-retorno-a-lua","status":"publish","type":"post","link":"https:\/\/redenoticiaz.com.br\/litoralsp\/2022\/11\/19\/humanidade-dara-primeiro-passo-para-retorno-a-lua","title":{"rendered":"Humanidade dar\u00e1 \u201cprimeiro passo\u201d para retorno \u00e0 Lua"},"content":{"rendered":"<p>Ap\u00f3s obter autoriza\u00e7\u00e3o da equipe de engenheiros, a miss\u00e3o Artemis I encontra-se em contagem regressiva com o objetivo de possibilitar \u201cmais um importante passo da humanidade\u201d no desafio de retornar com um voo tripulado \u00e0 Lua.<img decoding=\"async\" src=\"https:\/\/agenciabrasil.ebc.com.br\/ebc.png?id=1493743&amp;o=node\" \/><img decoding=\"async\" src=\"https:\/\/agenciabrasil.ebc.com.br\/ebc.gif?id=1493743&amp;o=node\" \/><\/p>\n<p>A expectativa \u00e9 de que o foguete Space Launch System (SLS) comece a ser acionado \u00e0s 3h04 desta quarta-feira (16), no hor\u00e1rio de Bras\u00edlia.<\/p>\n<p>Ele ser\u00e1 integrado \u00e0 espa\u00e7onave n\u00e3o tripulada Orion \u2013 e aos sistemas terrestres no Centro Espacial Kennedy da Nasa \u2013 inicie o voo a partir da Fl\u00f3rida. O lan\u00e7amento ter\u00e1 uma janela de duas horas para ter in\u00edcio.<\/p>\n<p>Segundo a ag\u00eancia espacial dos Estados Unidos, a primeira miss\u00e3o da Artemis \u201cabrir\u00e1 o caminho para um voo de teste tripulado e futura explora\u00e7\u00e3o lunar humana\u201d e, posteriormente, para um desafio ainda maior: o primeiro voo tripulado a Marte.\u00a0A cobertura ao vivo de\u00a0<em>briefings<\/em>\u00a0e eventos relativos \u00e0 miss\u00e3o ser\u00e1 transmitida na Nasa Television, no aplicativo da Nasa e no\u00a0<a href=\"https:\/\/www.nasa.gov\/live\" target=\"_blank\" rel=\"noopener\"><em>site<\/em>\u00a0da ag\u00eancia<\/a>.<\/p>\n<p>Leia mais<\/p>\n<p><a href=\"https:\/\/redenoticiaz.com.br\/blog\/2022\/10\/24\/duilia-de-mello-astronoma-jundiaiense-e-destaque-na-nasa\">Du\u00edlia de Mello astr\u00f4noma jundiaiense \u00e9 destaque na Nasa<\/a><\/p>\n","protected":false},"excerpt":{"rendered":"<p>Ap\u00f3s obter autoriza\u00e7\u00e3o da equipe de engenheiros, a miss\u00e3o Artemis I encontra-se em contagem regressiva com o objetivo de possibilitar \u201cmais um importante passo da humanidade\u201d no desafio de retornar com um voo tripulado \u00e0 Lua. A expectativa \u00e9 de que o foguete Space Launch System (SLS) comece a ser acionado \u00e0s 3h04 desta quarta-feira &hellip;<\/p>\n","protected":false},"author":12,"featured_media":95166,"comment_status":"open","ping_status":"closed","sticky":false,"template":"","format":"standard","meta":{"footnotes":""},"categories":[84,937],"tags":[60946,60947,13102,60948],"class_list":["post-95165","post","type-post","status-publish","format-standard","has-post-thumbnail","hentry","category-mundo","category-tecnologia","tag-artemis","tag-centro-espacial-kennedy","tag-florida","tag-space-launch-system"],"yoast_head":"<!-- This site is optimized with the Yoast SEO plugin v27.5 - https:\/\/yoast.com\/product\/yoast-seo-wordpress\/ -->\n<title>Humanidade dar\u00e1 \u201cprimeiro passo\u201d para retorno \u00e0 Lua - Litoral SP<\/title>\n<meta name=\"description\" content=\"A expectativa \u00e9 de que o foguete Space Launch System (SLS) comece a ser acionado \u00e0s 3h04 desta quarta-feira (16), no hor\u00e1rio de Bras\u00edlia.\" \/>\n<meta name=\"robots\" content=\"index, follow, max-snippet:-1, max-image-preview:large, max-video-preview:-1\" \/>\n<link rel=\"canonical\" href=\"https:\/\/redenoticiaz.com.br\/litoralsp\/2022\/11\/19\/humanidade-dara-primeiro-passo-para-retorno-a-lua\" \/>\n<meta property=\"og:locale\" content=\"pt_BR\" \/>\n<meta property=\"og:type\" content=\"article\" \/>\n<meta property=\"og:title\" content=\"Humanidade dar\u00e1 \u201cprimeiro passo\u201d para retorno \u00e0 Lua - Litoral SP\" \/>\n<meta property=\"og:description\" content=\"A expectativa \u00e9 de que o foguete Space Launch System (SLS) comece a ser acionado \u00e0s 3h04 desta quarta-feira (16), no hor\u00e1rio de Bras\u00edlia.\" \/>\n<meta property=\"og:url\" content=\"https:\/\/redenoticiaz.com.br\/litoralsp\/2022\/11\/19\/humanidade-dara-primeiro-passo-para-retorno-a-lua\" \/>\n<meta property=\"og:site_name\" content=\"Litoral SP\" \/>\n<meta property=\"article:published_time\" content=\"2022-11-19T18:00:48+00:00\" \/>\n<meta property=\"og:image\" content=\"https:\/\/redenoticiaz.com.br\/litoralsp\/wp-content\/uploads\/sites\/3\/2022\/11\/nasa_artemis_i.jpeg?v=1668550028\" \/>\n\t<meta property=\"og:image:width\" content=\"1170\" \/>\n\t<meta property=\"og:image:height\" content=\"700\" \/>\n\t<meta property=\"og:image:type\" content=\"image\/jpeg\" \/>\n<meta name=\"author\" content=\"Gustavo Silva\" \/>\n<meta name=\"twitter:card\" content=\"summary_large_image\" \/>\n<meta name=\"twitter:label1\" content=\"Escrito por\" \/>\n\t<meta name=\"twitter:data1\" content=\"Gustavo Silva\" \/>\n\t<meta name=\"twitter:label2\" content=\"Est. tempo de leitura\" \/>\n\t<meta name=\"twitter:data2\" content=\"2 minutos\" \/>\n<script type=\"application\/ld+json\" class=\"yoast-schema-graph\">{\"@context\":\"https:\\\/\\\/schema.org\",\"@graph\":[{\"@type\":\"Article\",\"@id\":\"https:\\\/\\\/redenoticiaz.com.br\\\/litoralsp\\\/2022\\\/11\\\/19\\\/humanidade-dara-primeiro-passo-para-retorno-a-lua#article\",\"isPartOf\":{\"@id\":\"https:\\\/\\\/redenoticiaz.com.br\\\/litoralsp\\\/2022\\\/11\\\/19\\\/humanidade-dara-primeiro-passo-para-retorno-a-lua\"},\"author\":{\"name\":\"Gustavo Silva\",\"@id\":\"https:\\\/\\\/redenoticiaz.com.br\\\/litoralsp\\\/#\\\/schema\\\/person\\\/16057b37a3c0ee6b096d7f887c566e2e\"},\"headline\":\"Humanidade dar\u00e1 \u201cprimeiro passo\u201d para retorno \u00e0 Lua\",\"datePublished\":\"2022-11-19T18:00:48+00:00\",\"mainEntityOfPage\":{\"@id\":\"https:\\\/\\\/redenoticiaz.com.br\\\/litoralsp\\\/2022\\\/11\\\/19\\\/humanidade-dara-primeiro-passo-para-retorno-a-lua\"},\"wordCount\":189,\"commentCount\":0,\"publisher\":{\"@id\":\"https:\\\/\\\/redenoticiaz.com.br\\\/litoralsp\\\/#organization\"},\"image\":{\"@id\":\"https:\\\/\\\/redenoticiaz.com.br\\\/litoralsp\\\/2022\\\/11\\\/19\\\/humanidade-dara-primeiro-passo-para-retorno-a-lua#primaryimage\"},\"thumbnailUrl\":\"https:\\\/\\\/redenoticiaz.com.br\\\/litoralsp\\\/wp-content\\\/uploads\\\/sites\\\/3\\\/2022\\\/11\\\/nasa_artemis_i.jpeg?v=1668550028\",\"keywords\":[\"Artemis\",\"Centro Espacial Kennedy\",\"FLORIDA\",\"Space Launch System\"],\"articleSection\":[\"Mundo\",\"Tecnologia\"],\"inLanguage\":\"pt-BR\",\"potentialAction\":[{\"@type\":\"CommentAction\",\"name\":\"Comment\",\"target\":[\"https:\\\/\\\/redenoticiaz.com.br\\\/litoralsp\\\/2022\\\/11\\\/19\\\/humanidade-dara-primeiro-passo-para-retorno-a-lua#respond\"]}]},{\"@type\":\"WebPage\",\"@id\":\"https:\\\/\\\/redenoticiaz.com.br\\\/litoralsp\\\/2022\\\/11\\\/19\\\/humanidade-dara-primeiro-passo-para-retorno-a-lua\",\"url\":\"https:\\\/\\\/redenoticiaz.com.br\\\/litoralsp\\\/2022\\\/11\\\/19\\\/humanidade-dara-primeiro-passo-para-retorno-a-lua\",\"name\":\"Humanidade dar\u00e1 \u201cprimeiro passo\u201d para retorno \u00e0 Lua - Litoral SP\",\"isPartOf\":{\"@id\":\"https:\\\/\\\/redenoticiaz.com.br\\\/litoralsp\\\/#website\"},\"primaryImageOfPage\":{\"@id\":\"https:\\\/\\\/redenoticiaz.com.br\\\/litoralsp\\\/2022\\\/11\\\/19\\\/humanidade-dara-primeiro-passo-para-retorno-a-lua#primaryimage\"},\"image\":{\"@id\":\"https:\\\/\\\/redenoticiaz.com.br\\\/litoralsp\\\/2022\\\/11\\\/19\\\/humanidade-dara-primeiro-passo-para-retorno-a-lua#primaryimage\"},\"thumbnailUrl\":\"https:\\\/\\\/redenoticiaz.com.br\\\/litoralsp\\\/wp-content\\\/uploads\\\/sites\\\/3\\\/2022\\\/11\\\/nasa_artemis_i.jpeg?v=1668550028\",\"datePublished\":\"2022-11-19T18:00:48+00:00\",\"description\":\"A expectativa \u00e9 de que o foguete Space Launch System (SLS) comece a ser acionado \u00e0s 3h04 desta quarta-feira (16), no hor\u00e1rio de Bras\u00edlia.\",\"inLanguage\":\"pt-BR\",\"potentialAction\":[{\"@type\":\"ReadAction\",\"target\":[\"https:\\\/\\\/redenoticiaz.com.br\\\/litoralsp\\\/2022\\\/11\\\/19\\\/humanidade-dara-primeiro-passo-para-retorno-a-lua\"]}]},{\"@type\":\"ImageObject\",\"inLanguage\":\"pt-BR\",\"@id\":\"https:\\\/\\\/redenoticiaz.com.br\\\/litoralsp\\\/2022\\\/11\\\/19\\\/humanidade-dara-primeiro-passo-para-retorno-a-lua#primaryimage\",\"url\":\"https:\\\/\\\/redenoticiaz.com.br\\\/litoralsp\\\/wp-content\\\/uploads\\\/sites\\\/3\\\/2022\\\/11\\\/nasa_artemis_i.jpeg?v=1668550028\",\"contentUrl\":\"https:\\\/\\\/redenoticiaz.com.br\\\/litoralsp\\\/wp-content\\\/uploads\\\/sites\\\/3\\\/2022\\\/11\\\/nasa_artemis_i.jpeg?v=1668550028\",\"width\":1170,\"height\":700,\"caption\":\"Humanidade dar\u00e1 \u201cprimeiro passo\u201d para retorno \u00e0 Lua\"},{\"@type\":\"WebSite\",\"@id\":\"https:\\\/\\\/redenoticiaz.com.br\\\/litoralsp\\\/#website\",\"url\":\"https:\\\/\\\/redenoticiaz.com.br\\\/litoralsp\\\/\",\"name\":\"Litoral SP\",\"description\":\"Rede NoticiaZ\",\"publisher\":{\"@id\":\"https:\\\/\\\/redenoticiaz.com.br\\\/litoralsp\\\/#organization\"},\"potentialAction\":[{\"@type\":\"SearchAction\",\"target\":{\"@type\":\"EntryPoint\",\"urlTemplate\":\"https:\\\/\\\/redenoticiaz.com.br\\\/litoralsp\\\/?s={search_term_string}\"},\"query-input\":{\"@type\":\"PropertyValueSpecification\",\"valueRequired\":true,\"valueName\":\"search_term_string\"}}],\"inLanguage\":\"pt-BR\"},{\"@type\":\"Organization\",\"@id\":\"https:\\\/\\\/redenoticiaz.com.br\\\/litoralsp\\\/#organization\",\"name\":\"Litoral SP\",\"url\":\"https:\\\/\\\/redenoticiaz.com.br\\\/litoralsp\\\/\",\"logo\":{\"@type\":\"ImageObject\",\"inLanguage\":\"pt-BR\",\"@id\":\"https:\\\/\\\/redenoticiaz.com.br\\\/litoralsp\\\/#\\\/schema\\\/logo\\\/image\\\/\",\"url\":\"https:\\\/\\\/redenoticiaz.com.br\\\/litoralsp\\\/wp-content\\\/uploads\\\/sites\\\/3\\\/2020\\\/11\\\/logo.jpg\",\"contentUrl\":\"https:\\\/\\\/redenoticiaz.com.br\\\/litoralsp\\\/wp-content\\\/uploads\\\/sites\\\/3\\\/2020\\\/11\\\/logo.jpg\",\"width\":400,\"height\":250,\"caption\":\"Litoral SP\"},\"image\":{\"@id\":\"https:\\\/\\\/redenoticiaz.com.br\\\/litoralsp\\\/#\\\/schema\\\/logo\\\/image\\\/\"}},{\"@type\":\"Person\",\"@id\":\"https:\\\/\\\/redenoticiaz.com.br\\\/litoralsp\\\/#\\\/schema\\\/person\\\/16057b37a3c0ee6b096d7f887c566e2e\",\"name\":\"Gustavo Silva\",\"image\":{\"@type\":\"ImageObject\",\"inLanguage\":\"pt-BR\",\"@id\":\"https:\\\/\\\/secure.gravatar.com\\\/avatar\\\/3ee4e82f93b26de0a7cf4ea5eb7893da637ed6bb0c9170c58065944c56e28a33?s=96&d=mm&r=g\",\"url\":\"https:\\\/\\\/secure.gravatar.com\\\/avatar\\\/3ee4e82f93b26de0a7cf4ea5eb7893da637ed6bb0c9170c58065944c56e28a33?s=96&d=mm&r=g\",\"contentUrl\":\"https:\\\/\\\/secure.gravatar.com\\\/avatar\\\/3ee4e82f93b26de0a7cf4ea5eb7893da637ed6bb0c9170c58065944c56e28a33?s=96&d=mm&r=g\",\"caption\":\"Gustavo Silva\"},\"url\":\"https:\\\/\\\/redenoticiaz.com.br\\\/litoralsp\\\/author\\\/gustavosilva\"}]}<\/script>\n<!-- \/ Yoast SEO plugin. -->","yoast_head_json":{"title":"Humanidade dar\u00e1 \u201cprimeiro passo\u201d para retorno \u00e0 Lua - Litoral SP","description":"A expectativa \u00e9 de que o foguete Space Launch System (SLS) comece a ser acionado \u00e0s 3h04 desta quarta-feira (16), no hor\u00e1rio de Bras\u00edlia.","robots":{"index":"index","follow":"follow","max-snippet":"max-snippet:-1","max-image-preview":"max-image-preview:large","max-video-preview":"max-video-preview:-1"},"canonical":"https:\/\/redenoticiaz.com.br\/litoralsp\/2022\/11\/19\/humanidade-dara-primeiro-passo-para-retorno-a-lua","og_locale":"pt_BR","og_type":"article","og_title":"Humanidade dar\u00e1 \u201cprimeiro passo\u201d para retorno \u00e0 Lua - Litoral SP","og_description":"A expectativa \u00e9 de que o foguete Space Launch System (SLS) comece a ser acionado \u00e0s 3h04 desta quarta-feira (16), no hor\u00e1rio de Bras\u00edlia.","og_url":"https:\/\/redenoticiaz.com.br\/litoralsp\/2022\/11\/19\/humanidade-dara-primeiro-passo-para-retorno-a-lua","og_site_name":"Litoral SP","article_published_time":"2022-11-19T18:00:48+00:00","og_image":[{"width":1170,"height":700,"url":"https:\/\/redenoticiaz.com.br\/litoralsp\/wp-content\/uploads\/sites\/3\/2022\/11\/nasa_artemis_i.jpeg?v=1668550028","type":"image\/jpeg"}],"author":"Gustavo Silva","twitter_card":"summary_large_image","twitter_misc":{"Escrito por":"Gustavo Silva","Est. tempo de leitura":"2 minutos"},"schema":{"@context":"https:\/\/schema.org","@graph":[{"@type":"Article","@id":"https:\/\/redenoticiaz.com.br\/litoralsp\/2022\/11\/19\/humanidade-dara-primeiro-passo-para-retorno-a-lua#article","isPartOf":{"@id":"https:\/\/redenoticiaz.com.br\/litoralsp\/2022\/11\/19\/humanidade-dara-primeiro-passo-para-retorno-a-lua"},"author":{"name":"Gustavo Silva","@id":"https:\/\/redenoticiaz.com.br\/litoralsp\/#\/schema\/person\/16057b37a3c0ee6b096d7f887c566e2e"},"headline":"Humanidade dar\u00e1 \u201cprimeiro passo\u201d para retorno \u00e0 Lua","datePublished":"2022-11-19T18:00:48+00:00","mainEntityOfPage":{"@id":"https:\/\/redenoticiaz.com.br\/litoralsp\/2022\/11\/19\/humanidade-dara-primeiro-passo-para-retorno-a-lua"},"wordCount":189,"commentCount":0,"publisher":{"@id":"https:\/\/redenoticiaz.com.br\/litoralsp\/#organization"},"image":{"@id":"https:\/\/redenoticiaz.com.br\/litoralsp\/2022\/11\/19\/humanidade-dara-primeiro-passo-para-retorno-a-lua#primaryimage"},"thumbnailUrl":"https:\/\/redenoticiaz.com.br\/litoralsp\/wp-content\/uploads\/sites\/3\/2022\/11\/nasa_artemis_i.jpeg?v=1668550028","keywords":["Artemis","Centro Espacial Kennedy","FLORIDA","Space Launch System"],"articleSection":["Mundo","Tecnologia"],"inLanguage":"pt-BR","potentialAction":[{"@type":"CommentAction","name":"Comment","target":["https:\/\/redenoticiaz.com.br\/litoralsp\/2022\/11\/19\/humanidade-dara-primeiro-passo-para-retorno-a-lua#respond"]}]},{"@type":"WebPage","@id":"https:\/\/redenoticiaz.com.br\/litoralsp\/2022\/11\/19\/humanidade-dara-primeiro-passo-para-retorno-a-lua","url":"https:\/\/redenoticiaz.com.br\/litoralsp\/2022\/11\/19\/humanidade-dara-primeiro-passo-para-retorno-a-lua","name":"Humanidade dar\u00e1 \u201cprimeiro passo\u201d para retorno \u00e0 Lua - Litoral SP","isPartOf":{"@id":"https:\/\/redenoticiaz.com.br\/litoralsp\/#website"},"primaryImageOfPage":{"@id":"https:\/\/redenoticiaz.com.br\/litoralsp\/2022\/11\/19\/humanidade-dara-primeiro-passo-para-retorno-a-lua#primaryimage"},"image":{"@id":"https:\/\/redenoticiaz.com.br\/litoralsp\/2022\/11\/19\/humanidade-dara-primeiro-passo-para-retorno-a-lua#primaryimage"},"thumbnailUrl":"https:\/\/redenoticiaz.com.br\/litoralsp\/wp-content\/uploads\/sites\/3\/2022\/11\/nasa_artemis_i.jpeg?v=1668550028","datePublished":"2022-11-19T18:00:48+00:00","description":"A expectativa \u00e9 de que o foguete Space Launch System (SLS) comece a ser acionado \u00e0s 3h04 desta quarta-feira (16), no hor\u00e1rio de Bras\u00edlia.","inLanguage":"pt-BR","potentialAction":[{"@type":"ReadAction","target":["https:\/\/redenoticiaz.com.br\/litoralsp\/2022\/11\/19\/humanidade-dara-primeiro-passo-para-retorno-a-lua"]}]},{"@type":"ImageObject","inLanguage":"pt-BR","@id":"https:\/\/redenoticiaz.com.br\/litoralsp\/2022\/11\/19\/humanidade-dara-primeiro-passo-para-retorno-a-lua#primaryimage","url":"https:\/\/redenoticiaz.com.br\/litoralsp\/wp-content\/uploads\/sites\/3\/2022\/11\/nasa_artemis_i.jpeg?v=1668550028","contentUrl":"https:\/\/redenoticiaz.com.br\/litoralsp\/wp-content\/uploads\/sites\/3\/2022\/11\/nasa_artemis_i.jpeg?v=1668550028","width":1170,"height":700,"caption":"Humanidade dar\u00e1 \u201cprimeiro passo\u201d para retorno \u00e0 Lua"},{"@type":"WebSite","@id":"https:\/\/redenoticiaz.com.br\/litoralsp\/#website","url":"https:\/\/redenoticiaz.com.br\/litoralsp\/","name":"Litoral SP","description":"Rede NoticiaZ","publisher":{"@id":"https:\/\/redenoticiaz.com.br\/litoralsp\/#organization"},"potentialAction":[{"@type":"SearchAction","target":{"@type":"EntryPoint","urlTemplate":"https:\/\/redenoticiaz.com.br\/litoralsp\/?s={search_term_string}"},"query-input":{"@type":"PropertyValueSpecification","valueRequired":true,"valueName":"search_term_string"}}],"inLanguage":"pt-BR"},{"@type":"Organization","@id":"https:\/\/redenoticiaz.com.br\/litoralsp\/#organization","name":"Litoral SP","url":"https:\/\/redenoticiaz.com.br\/litoralsp\/","logo":{"@type":"ImageObject","inLanguage":"pt-BR","@id":"https:\/\/redenoticiaz.com.br\/litoralsp\/#\/schema\/logo\/image\/","url":"https:\/\/redenoticiaz.com.br\/litoralsp\/wp-content\/uploads\/sites\/3\/2020\/11\/logo.jpg","contentUrl":"https:\/\/redenoticiaz.com.br\/litoralsp\/wp-content\/uploads\/sites\/3\/2020\/11\/logo.jpg","width":400,"height":250,"caption":"Litoral SP"},"image":{"@id":"https:\/\/redenoticiaz.com.br\/litoralsp\/#\/schema\/logo\/image\/"}},{"@type":"Person","@id":"https:\/\/redenoticiaz.com.br\/litoralsp\/#\/schema\/person\/16057b37a3c0ee6b096d7f887c566e2e","name":"Gustavo Silva","image":{"@type":"ImageObject","inLanguage":"pt-BR","@id":"https:\/\/secure.gravatar.com\/avatar\/3ee4e82f93b26de0a7cf4ea5eb7893da637ed6bb0c9170c58065944c56e28a33?s=96&d=mm&r=g","url":"https:\/\/secure.gravatar.com\/avatar\/3ee4e82f93b26de0a7cf4ea5eb7893da637ed6bb0c9170c58065944c56e28a33?s=96&d=mm&r=g","contentUrl":"https:\/\/secure.gravatar.com\/avatar\/3ee4e82f93b26de0a7cf4ea5eb7893da637ed6bb0c9170c58065944c56e28a33?s=96&d=mm&r=g","caption":"Gustavo Silva"},"url":"https:\/\/redenoticiaz.com.br\/litoralsp\/author\/gustavosilva"}]}},"_links":{"self":[{"href":"https:\/\/redenoticiaz.com.br\/litoralsp\/wp-json\/wp\/v2\/posts\/95165","targetHints":{"allow":["GET"]}}],"collection":[{"href":"https:\/\/redenoticiaz.com.br\/litoralsp\/wp-json\/wp\/v2\/posts"}],"about":[{"href":"https:\/\/redenoticiaz.com.br\/litoralsp\/wp-json\/wp\/v2\/types\/post"}],"author":[{"embeddable":true,"href":"https:\/\/redenoticiaz.com.br\/litoralsp\/wp-json\/wp\/v2\/users\/12"}],"replies":[{"embeddable":true,"href":"https:\/\/redenoticiaz.com.br\/litoralsp\/wp-json\/wp\/v2\/comments?post=95165"}],"version-history":[{"count":1,"href":"https:\/\/redenoticiaz.com.br\/litoralsp\/wp-json\/wp\/v2\/posts\/95165\/revisions"}],"predecessor-version":[{"id":95167,"href":"https:\/\/redenoticiaz.com.br\/litoralsp\/wp-json\/wp\/v2\/posts\/95165\/revisions\/95167"}],"wp:featuredmedia":[{"embeddable":true,"href":"https:\/\/redenoticiaz.com.br\/litoralsp\/wp-json\/wp\/v2\/media\/95166"}],"wp:attachment":[{"href":"https:\/\/redenoticiaz.com.br\/litoralsp\/wp-json\/wp\/v2\/media?parent=95165"}],"wp:term":[{"taxonomy":"category","embeddable":true,"href":"https:\/\/redenoticiaz.com.br\/litoralsp\/wp-json\/wp\/v2\/categories?post=95165"},{"taxonomy":"post_tag","embeddable":true,"href":"https:\/\/redenoticiaz.com.br\/litoralsp\/wp-json\/wp\/v2\/tags?post=95165"}],"curies":[{"name":"wp","href":"https:\/\/api.w.org\/{rel}","templated":true}]}}