{"id":95174,"date":"2022-11-15T21:53:44","date_gmt":"2022-11-16T00:53:44","guid":{"rendered":"https:\/\/redenoticiaz.com.br\/litoralsp\/2022\/11\/15\/selecao-feminina-encerra-o-ano-com-vitoria-sobre-o-canada"},"modified":"2022-11-15T21:53:44","modified_gmt":"2022-11-16T00:53:44","slug":"selecao-feminina-encerra-o-ano-com-vitoria-sobre-o-canada","status":"publish","type":"post","link":"https:\/\/redenoticiaz.com.br\/litoralsp\/2022\/11\/15\/selecao-feminina-encerra-o-ano-com-vitoria-sobre-o-canada","title":{"rendered":"Sele\u00e7\u00e3o Feminina encerra o ano com vit\u00f3ria sobre o Canad\u00e1"},"content":{"rendered":"<p>O saldo de 2022 para a Sele\u00e7\u00e3o Brasileira Feminina pode se dizer que foi positivo. Al\u00e9m de conquistar a Copa Am\u00e9rica com 100% de aproveitamento, encerrou a s\u00e9rie de jogos com vit\u00f3ria sobre o Canad\u00e1, algoz da \u00faltima edi\u00e7\u00e3o dos Jogos Ol\u00edmpicos, no Jap\u00e3o. Jogando na Neo Qu\u00edmica Arena, as minas do Brasil garantiram a <strong>vit\u00f3ria nos acr\u00e9scimos<\/strong> nesta ter\u00e7a-feira (15) e fizeram com que quase 20 mil torcedores comemorassem.<\/p>\n<p><span class=\"sc-eJoaVz etUUWk\">O primeiro tempo foi destaque pelo jogo muito truncado e de poucas chances de gol para os dois lados. Ainda assim, o Canad\u00e1 foi melhor e tentou explorar as descidas pelos lados de campo. Nas oportunidades em que foi exigida, a goleira Lorena apareceu com seguran\u00e7a. <\/span><\/p>\n<p><span class=\"sc-eJoaVz etUUWk\">A apreens\u00e3o tomou conta, mas as brasileiras s\u00f3 respiraram no fim. Kerolin tomou a bola no meio de campo, partiu em velocidade e deu belo passe para Bia Zaneratto, que bateu cruzado de p\u00e9 esquerdo para fazer 1 a 0. <\/span><\/p>\n<p><span class=\"sc-eJoaVz etUUWk\">No segundo tempo, as canadenses voltaram melhor e aos 15 minutos, Lawrence tentou o drible na \u00e1rea e a bola bateu no bra\u00e7o de Geyse. A arbitragem pegou p\u00eanalti para o Canad\u00e1. A pr\u00f3pria Lawrence foi para cobran\u00e7a e com categoria deslocou a goleira Lorena para empatar o jogo. Mas nos acr\u00e9scimos o Brasil garantiu a vit\u00f3ria. Ap\u00f3s cobran\u00e7a de escanteio, Gabi Nunes cabeceou, Yekka salvou em cima da linha e Ana Vit\u00f3ria empurrou para a rede. Gol que definiu o resultado aos 46 minutos. <\/span><\/p>\n<p><strong>LEIA TAMB\u00c9M<\/strong><\/p>\n<p><a href=\"https:\/\/redenoticiaz.com.br\/blog\/2022\/11\/15\/copa-do-mundo-neymar-faz-primeiro-treino-com-a-selecao-brasileira\">Copa do Mundo: Neymar faz primeiro treino com a sele\u00e7\u00e3o brasileira<\/a><\/p>\n","protected":false},"excerpt":{"rendered":"<p>O saldo de 2022 para a Sele\u00e7\u00e3o Brasileira Feminina pode se dizer que foi positivo. Al\u00e9m de conquistar a Copa Am\u00e9rica com 100% de aproveitamento, encerrou a s\u00e9rie de jogos com vit\u00f3ria sobre o Canad\u00e1, algoz da \u00faltima edi\u00e7\u00e3o dos Jogos Ol\u00edmpicos, no Jap\u00e3o. Jogando na Neo Qu\u00edmica Arena, as minas do Brasil garantiram a &hellip;<\/p>\n","protected":false},"author":6,"featured_media":95175,"comment_status":"open","ping_status":"closed","sticky":false,"template":"","format":"standard","meta":{"footnotes":""},"categories":[35],"tags":[56855,173,10937,14311,25706],"class_list":["post-95174","post","type-post","status-publish","format-standard","has-post-thumbnail","hentry","category-esporte","tag-amistoso","tag-brasil","tag-canada","tag-neo-quimica-arena","tag-selecao-feminina"],"yoast_head":"<!-- This site is optimized with the Yoast SEO plugin v27.4 - https:\/\/yoast.com\/product\/yoast-seo-wordpress\/ -->\n<title>Sele\u00e7\u00e3o Feminina encerra o ano com vit\u00f3ria sobre o Canad\u00e1 - Litoral SP<\/title>\n<meta name=\"description\" content=\"O saldo de 2022 para a Sele\u00e7\u00e3o Brasileira Feminina pode se dizer que foi positivo. Al\u00e9m de conquistar a Copa Am\u00e9rica com 100% de\" \/>\n<meta name=\"robots\" content=\"index, follow, max-snippet:-1, max-image-preview:large, max-video-preview:-1\" \/>\n<link rel=\"canonical\" href=\"https:\/\/redenoticiaz.com.br\/litoralsp\/2022\/11\/15\/selecao-feminina-encerra-o-ano-com-vitoria-sobre-o-canada\" \/>\n<meta property=\"og:locale\" content=\"pt_BR\" \/>\n<meta property=\"og:type\" content=\"article\" \/>\n<meta property=\"og:title\" content=\"Sele\u00e7\u00e3o Feminina encerra o ano com vit\u00f3ria sobre o Canad\u00e1 - Litoral SP\" \/>\n<meta property=\"og:description\" content=\"O saldo de 2022 para a Sele\u00e7\u00e3o Brasileira Feminina pode se dizer que foi positivo. Al\u00e9m de conquistar a Copa Am\u00e9rica com 100% de\" \/>\n<meta property=\"og:url\" content=\"https:\/\/redenoticiaz.com.br\/litoralsp\/2022\/11\/15\/selecao-feminina-encerra-o-ano-com-vitoria-sobre-o-canada\" \/>\n<meta property=\"og:site_name\" content=\"Litoral SP\" \/>\n<meta property=\"article:published_time\" content=\"2022-11-16T00:53:44+00:00\" \/>\n<meta name=\"author\" content=\"Leonardo Francisco\" \/>\n<meta name=\"twitter:card\" content=\"summary_large_image\" \/>\n<meta name=\"twitter:image\" content=\"https:\/\/redenoticiaz.com.br\/litoralsp\/wp-content\/uploads\/sites\/3\/2022\/11\/sele-br-fem.png?v=1668559963\" \/>\n<meta name=\"twitter:label1\" content=\"Escrito por\" \/>\n\t<meta name=\"twitter:data1\" content=\"Leonardo Francisco\" \/>\n\t<meta name=\"twitter:label2\" content=\"Est. tempo de leitura\" \/>\n\t<meta name=\"twitter:data2\" content=\"2 minutos\" \/>\n<script type=\"application\/ld+json\" class=\"yoast-schema-graph\">{\"@context\":\"https:\\\/\\\/schema.org\",\"@graph\":[{\"@type\":\"Article\",\"@id\":\"https:\\\/\\\/redenoticiaz.com.br\\\/litoralsp\\\/2022\\\/11\\\/15\\\/selecao-feminina-encerra-o-ano-com-vitoria-sobre-o-canada#article\",\"isPartOf\":{\"@id\":\"https:\\\/\\\/redenoticiaz.com.br\\\/litoralsp\\\/2022\\\/11\\\/15\\\/selecao-feminina-encerra-o-ano-com-vitoria-sobre-o-canada\"},\"author\":{\"name\":\"Leonardo Francisco\",\"@id\":\"https:\\\/\\\/redenoticiaz.com.br\\\/litoralsp\\\/#\\\/schema\\\/person\\\/0f0b8a5bdafefe82841e07ae8d81ecb3\"},\"headline\":\"Sele\u00e7\u00e3o Feminina encerra o ano com vit\u00f3ria sobre o Canad\u00e1\",\"datePublished\":\"2022-11-16T00:53:44+00:00\",\"mainEntityOfPage\":{\"@id\":\"https:\\\/\\\/redenoticiaz.com.br\\\/litoralsp\\\/2022\\\/11\\\/15\\\/selecao-feminina-encerra-o-ano-com-vitoria-sobre-o-canada\"},\"wordCount\":283,\"commentCount\":0,\"publisher\":{\"@id\":\"https:\\\/\\\/redenoticiaz.com.br\\\/litoralsp\\\/#organization\"},\"image\":{\"@id\":\"https:\\\/\\\/redenoticiaz.com.br\\\/litoralsp\\\/2022\\\/11\\\/15\\\/selecao-feminina-encerra-o-ano-com-vitoria-sobre-o-canada#primaryimage\"},\"thumbnailUrl\":\"https:\\\/\\\/redenoticiaz.com.br\\\/litoralsp\\\/wp-content\\\/uploads\\\/sites\\\/3\\\/2022\\\/11\\\/sele-br-fem.png?v=1668559963\",\"keywords\":[\"AMISTOSO\",\"Brasil\",\"CANAD\u00c1\",\"NEO QUIMICA ARENA\",\"SELE\u00c7\u00c3O FEMININA\"],\"articleSection\":[\"Esporte\"],\"inLanguage\":\"pt-BR\",\"potentialAction\":[{\"@type\":\"CommentAction\",\"name\":\"Comment\",\"target\":[\"https:\\\/\\\/redenoticiaz.com.br\\\/litoralsp\\\/2022\\\/11\\\/15\\\/selecao-feminina-encerra-o-ano-com-vitoria-sobre-o-canada#respond\"]}]},{\"@type\":\"WebPage\",\"@id\":\"https:\\\/\\\/redenoticiaz.com.br\\\/litoralsp\\\/2022\\\/11\\\/15\\\/selecao-feminina-encerra-o-ano-com-vitoria-sobre-o-canada\",\"url\":\"https:\\\/\\\/redenoticiaz.com.br\\\/litoralsp\\\/2022\\\/11\\\/15\\\/selecao-feminina-encerra-o-ano-com-vitoria-sobre-o-canada\",\"name\":\"Sele\u00e7\u00e3o Feminina encerra o ano com vit\u00f3ria sobre o Canad\u00e1 - Litoral SP\",\"isPartOf\":{\"@id\":\"https:\\\/\\\/redenoticiaz.com.br\\\/litoralsp\\\/#website\"},\"primaryImageOfPage\":{\"@id\":\"https:\\\/\\\/redenoticiaz.com.br\\\/litoralsp\\\/2022\\\/11\\\/15\\\/selecao-feminina-encerra-o-ano-com-vitoria-sobre-o-canada#primaryimage\"},\"image\":{\"@id\":\"https:\\\/\\\/redenoticiaz.com.br\\\/litoralsp\\\/2022\\\/11\\\/15\\\/selecao-feminina-encerra-o-ano-com-vitoria-sobre-o-canada#primaryimage\"},\"thumbnailUrl\":\"https:\\\/\\\/redenoticiaz.com.br\\\/litoralsp\\\/wp-content\\\/uploads\\\/sites\\\/3\\\/2022\\\/11\\\/sele-br-fem.png?v=1668559963\",\"datePublished\":\"2022-11-16T00:53:44+00:00\",\"description\":\"O saldo de 2022 para a Sele\u00e7\u00e3o Brasileira Feminina pode se dizer que foi positivo. Al\u00e9m de conquistar a Copa Am\u00e9rica com 100% de\",\"inLanguage\":\"pt-BR\",\"potentialAction\":[{\"@type\":\"ReadAction\",\"target\":[\"https:\\\/\\\/redenoticiaz.com.br\\\/litoralsp\\\/2022\\\/11\\\/15\\\/selecao-feminina-encerra-o-ano-com-vitoria-sobre-o-canada\"]}]},{\"@type\":\"ImageObject\",\"inLanguage\":\"pt-BR\",\"@id\":\"https:\\\/\\\/redenoticiaz.com.br\\\/litoralsp\\\/2022\\\/11\\\/15\\\/selecao-feminina-encerra-o-ano-com-vitoria-sobre-o-canada#primaryimage\",\"url\":\"https:\\\/\\\/redenoticiaz.com.br\\\/litoralsp\\\/wp-content\\\/uploads\\\/sites\\\/3\\\/2022\\\/11\\\/sele-br-fem.png?v=1668559963\",\"contentUrl\":\"https:\\\/\\\/redenoticiaz.com.br\\\/litoralsp\\\/wp-content\\\/uploads\\\/sites\\\/3\\\/2022\\\/11\\\/sele-br-fem.png?v=1668559963\",\"width\":569,\"height\":299,\"caption\":\"Cr\u00e9ditos: Reprodu\u00e7\u00e3o\\\/GE\"},{\"@type\":\"WebSite\",\"@id\":\"https:\\\/\\\/redenoticiaz.com.br\\\/litoralsp\\\/#website\",\"url\":\"https:\\\/\\\/redenoticiaz.com.br\\\/litoralsp\\\/\",\"name\":\"Litoral SP\",\"description\":\"Rede NoticiaZ\",\"publisher\":{\"@id\":\"https:\\\/\\\/redenoticiaz.com.br\\\/litoralsp\\\/#organization\"},\"potentialAction\":[{\"@type\":\"SearchAction\",\"target\":{\"@type\":\"EntryPoint\",\"urlTemplate\":\"https:\\\/\\\/redenoticiaz.com.br\\\/litoralsp\\\/?s={search_term_string}\"},\"query-input\":{\"@type\":\"PropertyValueSpecification\",\"valueRequired\":true,\"valueName\":\"search_term_string\"}}],\"inLanguage\":\"pt-BR\"},{\"@type\":\"Organization\",\"@id\":\"https:\\\/\\\/redenoticiaz.com.br\\\/litoralsp\\\/#organization\",\"name\":\"Litoral SP\",\"url\":\"https:\\\/\\\/redenoticiaz.com.br\\\/litoralsp\\\/\",\"logo\":{\"@type\":\"ImageObject\",\"inLanguage\":\"pt-BR\",\"@id\":\"https:\\\/\\\/redenoticiaz.com.br\\\/litoralsp\\\/#\\\/schema\\\/logo\\\/image\\\/\",\"url\":\"https:\\\/\\\/redenoticiaz.com.br\\\/litoralsp\\\/wp-content\\\/uploads\\\/sites\\\/3\\\/2020\\\/11\\\/logo.jpg\",\"contentUrl\":\"https:\\\/\\\/redenoticiaz.com.br\\\/litoralsp\\\/wp-content\\\/uploads\\\/sites\\\/3\\\/2020\\\/11\\\/logo.jpg\",\"width\":400,\"height\":250,\"caption\":\"Litoral SP\"},\"image\":{\"@id\":\"https:\\\/\\\/redenoticiaz.com.br\\\/litoralsp\\\/#\\\/schema\\\/logo\\\/image\\\/\"}},{\"@type\":\"Person\",\"@id\":\"https:\\\/\\\/redenoticiaz.com.br\\\/litoralsp\\\/#\\\/schema\\\/person\\\/0f0b8a5bdafefe82841e07ae8d81ecb3\",\"name\":\"Leonardo Francisco\",\"image\":{\"@type\":\"ImageObject\",\"inLanguage\":\"pt-BR\",\"@id\":\"https:\\\/\\\/secure.gravatar.com\\\/avatar\\\/a7358cb406a99b682ec6df1e77e31ae82e63601f6784e8a3df411d72b37864da?s=96&d=mm&r=g\",\"url\":\"https:\\\/\\\/secure.gravatar.com\\\/avatar\\\/a7358cb406a99b682ec6df1e77e31ae82e63601f6784e8a3df411d72b37864da?s=96&d=mm&r=g\",\"contentUrl\":\"https:\\\/\\\/secure.gravatar.com\\\/avatar\\\/a7358cb406a99b682ec6df1e77e31ae82e63601f6784e8a3df411d72b37864da?s=96&d=mm&r=g\",\"caption\":\"Leonardo Francisco\"},\"url\":\"https:\\\/\\\/redenoticiaz.com.br\\\/litoralsp\\\/author\\\/leonardo-francisco\"}]}<\/script>\n<!-- \/ Yoast SEO plugin. -->","yoast_head_json":{"title":"Sele\u00e7\u00e3o Feminina encerra o ano com vit\u00f3ria sobre o Canad\u00e1 - Litoral SP","description":"O saldo de 2022 para a Sele\u00e7\u00e3o Brasileira Feminina pode se dizer que foi positivo. Al\u00e9m de conquistar a Copa Am\u00e9rica com 100% de","robots":{"index":"index","follow":"follow","max-snippet":"max-snippet:-1","max-image-preview":"max-image-preview:large","max-video-preview":"max-video-preview:-1"},"canonical":"https:\/\/redenoticiaz.com.br\/litoralsp\/2022\/11\/15\/selecao-feminina-encerra-o-ano-com-vitoria-sobre-o-canada","og_locale":"pt_BR","og_type":"article","og_title":"Sele\u00e7\u00e3o Feminina encerra o ano com vit\u00f3ria sobre o Canad\u00e1 - Litoral SP","og_description":"O saldo de 2022 para a Sele\u00e7\u00e3o Brasileira Feminina pode se dizer que foi positivo. Al\u00e9m de conquistar a Copa Am\u00e9rica com 100% de","og_url":"https:\/\/redenoticiaz.com.br\/litoralsp\/2022\/11\/15\/selecao-feminina-encerra-o-ano-com-vitoria-sobre-o-canada","og_site_name":"Litoral SP","article_published_time":"2022-11-16T00:53:44+00:00","author":"Leonardo Francisco","twitter_card":"summary_large_image","twitter_image":"https:\/\/redenoticiaz.com.br\/litoralsp\/wp-content\/uploads\/sites\/3\/2022\/11\/sele-br-fem.png?v=1668559963","twitter_misc":{"Escrito por":"Leonardo Francisco","Est. tempo de leitura":"2 minutos"},"schema":{"@context":"https:\/\/schema.org","@graph":[{"@type":"Article","@id":"https:\/\/redenoticiaz.com.br\/litoralsp\/2022\/11\/15\/selecao-feminina-encerra-o-ano-com-vitoria-sobre-o-canada#article","isPartOf":{"@id":"https:\/\/redenoticiaz.com.br\/litoralsp\/2022\/11\/15\/selecao-feminina-encerra-o-ano-com-vitoria-sobre-o-canada"},"author":{"name":"Leonardo Francisco","@id":"https:\/\/redenoticiaz.com.br\/litoralsp\/#\/schema\/person\/0f0b8a5bdafefe82841e07ae8d81ecb3"},"headline":"Sele\u00e7\u00e3o Feminina encerra o ano com vit\u00f3ria sobre o Canad\u00e1","datePublished":"2022-11-16T00:53:44+00:00","mainEntityOfPage":{"@id":"https:\/\/redenoticiaz.com.br\/litoralsp\/2022\/11\/15\/selecao-feminina-encerra-o-ano-com-vitoria-sobre-o-canada"},"wordCount":283,"commentCount":0,"publisher":{"@id":"https:\/\/redenoticiaz.com.br\/litoralsp\/#organization"},"image":{"@id":"https:\/\/redenoticiaz.com.br\/litoralsp\/2022\/11\/15\/selecao-feminina-encerra-o-ano-com-vitoria-sobre-o-canada#primaryimage"},"thumbnailUrl":"https:\/\/redenoticiaz.com.br\/litoralsp\/wp-content\/uploads\/sites\/3\/2022\/11\/sele-br-fem.png?v=1668559963","keywords":["AMISTOSO","Brasil","CANAD\u00c1","NEO QUIMICA ARENA","SELE\u00c7\u00c3O FEMININA"],"articleSection":["Esporte"],"inLanguage":"pt-BR","potentialAction":[{"@type":"CommentAction","name":"Comment","target":["https:\/\/redenoticiaz.com.br\/litoralsp\/2022\/11\/15\/selecao-feminina-encerra-o-ano-com-vitoria-sobre-o-canada#respond"]}]},{"@type":"WebPage","@id":"https:\/\/redenoticiaz.com.br\/litoralsp\/2022\/11\/15\/selecao-feminina-encerra-o-ano-com-vitoria-sobre-o-canada","url":"https:\/\/redenoticiaz.com.br\/litoralsp\/2022\/11\/15\/selecao-feminina-encerra-o-ano-com-vitoria-sobre-o-canada","name":"Sele\u00e7\u00e3o Feminina encerra o ano com vit\u00f3ria sobre o Canad\u00e1 - Litoral SP","isPartOf":{"@id":"https:\/\/redenoticiaz.com.br\/litoralsp\/#website"},"primaryImageOfPage":{"@id":"https:\/\/redenoticiaz.com.br\/litoralsp\/2022\/11\/15\/selecao-feminina-encerra-o-ano-com-vitoria-sobre-o-canada#primaryimage"},"image":{"@id":"https:\/\/redenoticiaz.com.br\/litoralsp\/2022\/11\/15\/selecao-feminina-encerra-o-ano-com-vitoria-sobre-o-canada#primaryimage"},"thumbnailUrl":"https:\/\/redenoticiaz.com.br\/litoralsp\/wp-content\/uploads\/sites\/3\/2022\/11\/sele-br-fem.png?v=1668559963","datePublished":"2022-11-16T00:53:44+00:00","description":"O saldo de 2022 para a Sele\u00e7\u00e3o Brasileira Feminina pode se dizer que foi positivo. Al\u00e9m de conquistar a Copa Am\u00e9rica com 100% de","inLanguage":"pt-BR","potentialAction":[{"@type":"ReadAction","target":["https:\/\/redenoticiaz.com.br\/litoralsp\/2022\/11\/15\/selecao-feminina-encerra-o-ano-com-vitoria-sobre-o-canada"]}]},{"@type":"ImageObject","inLanguage":"pt-BR","@id":"https:\/\/redenoticiaz.com.br\/litoralsp\/2022\/11\/15\/selecao-feminina-encerra-o-ano-com-vitoria-sobre-o-canada#primaryimage","url":"https:\/\/redenoticiaz.com.br\/litoralsp\/wp-content\/uploads\/sites\/3\/2022\/11\/sele-br-fem.png?v=1668559963","contentUrl":"https:\/\/redenoticiaz.com.br\/litoralsp\/wp-content\/uploads\/sites\/3\/2022\/11\/sele-br-fem.png?v=1668559963","width":569,"height":299,"caption":"Cr\u00e9ditos: Reprodu\u00e7\u00e3o\/GE"},{"@type":"WebSite","@id":"https:\/\/redenoticiaz.com.br\/litoralsp\/#website","url":"https:\/\/redenoticiaz.com.br\/litoralsp\/","name":"Litoral SP","description":"Rede NoticiaZ","publisher":{"@id":"https:\/\/redenoticiaz.com.br\/litoralsp\/#organization"},"potentialAction":[{"@type":"SearchAction","target":{"@type":"EntryPoint","urlTemplate":"https:\/\/redenoticiaz.com.br\/litoralsp\/?s={search_term_string}"},"query-input":{"@type":"PropertyValueSpecification","valueRequired":true,"valueName":"search_term_string"}}],"inLanguage":"pt-BR"},{"@type":"Organization","@id":"https:\/\/redenoticiaz.com.br\/litoralsp\/#organization","name":"Litoral SP","url":"https:\/\/redenoticiaz.com.br\/litoralsp\/","logo":{"@type":"ImageObject","inLanguage":"pt-BR","@id":"https:\/\/redenoticiaz.com.br\/litoralsp\/#\/schema\/logo\/image\/","url":"https:\/\/redenoticiaz.com.br\/litoralsp\/wp-content\/uploads\/sites\/3\/2020\/11\/logo.jpg","contentUrl":"https:\/\/redenoticiaz.com.br\/litoralsp\/wp-content\/uploads\/sites\/3\/2020\/11\/logo.jpg","width":400,"height":250,"caption":"Litoral SP"},"image":{"@id":"https:\/\/redenoticiaz.com.br\/litoralsp\/#\/schema\/logo\/image\/"}},{"@type":"Person","@id":"https:\/\/redenoticiaz.com.br\/litoralsp\/#\/schema\/person\/0f0b8a5bdafefe82841e07ae8d81ecb3","name":"Leonardo Francisco","image":{"@type":"ImageObject","inLanguage":"pt-BR","@id":"https:\/\/secure.gravatar.com\/avatar\/a7358cb406a99b682ec6df1e77e31ae82e63601f6784e8a3df411d72b37864da?s=96&d=mm&r=g","url":"https:\/\/secure.gravatar.com\/avatar\/a7358cb406a99b682ec6df1e77e31ae82e63601f6784e8a3df411d72b37864da?s=96&d=mm&r=g","contentUrl":"https:\/\/secure.gravatar.com\/avatar\/a7358cb406a99b682ec6df1e77e31ae82e63601f6784e8a3df411d72b37864da?s=96&d=mm&r=g","caption":"Leonardo Francisco"},"url":"https:\/\/redenoticiaz.com.br\/litoralsp\/author\/leonardo-francisco"}]}},"_links":{"self":[{"href":"https:\/\/redenoticiaz.com.br\/litoralsp\/wp-json\/wp\/v2\/posts\/95174","targetHints":{"allow":["GET"]}}],"collection":[{"href":"https:\/\/redenoticiaz.com.br\/litoralsp\/wp-json\/wp\/v2\/posts"}],"about":[{"href":"https:\/\/redenoticiaz.com.br\/litoralsp\/wp-json\/wp\/v2\/types\/post"}],"author":[{"embeddable":true,"href":"https:\/\/redenoticiaz.com.br\/litoralsp\/wp-json\/wp\/v2\/users\/6"}],"replies":[{"embeddable":true,"href":"https:\/\/redenoticiaz.com.br\/litoralsp\/wp-json\/wp\/v2\/comments?post=95174"}],"version-history":[{"count":0,"href":"https:\/\/redenoticiaz.com.br\/litoralsp\/wp-json\/wp\/v2\/posts\/95174\/revisions"}],"wp:featuredmedia":[{"embeddable":true,"href":"https:\/\/redenoticiaz.com.br\/litoralsp\/wp-json\/wp\/v2\/media\/95175"}],"wp:attachment":[{"href":"https:\/\/redenoticiaz.com.br\/litoralsp\/wp-json\/wp\/v2\/media?parent=95174"}],"wp:term":[{"taxonomy":"category","embeddable":true,"href":"https:\/\/redenoticiaz.com.br\/litoralsp\/wp-json\/wp\/v2\/categories?post=95174"},{"taxonomy":"post_tag","embeddable":true,"href":"https:\/\/redenoticiaz.com.br\/litoralsp\/wp-json\/wp\/v2\/tags?post=95174"}],"curies":[{"name":"wp","href":"https:\/\/api.w.org\/{rel}","templated":true}]}}