{"id":95257,"date":"2022-11-16T18:00:40","date_gmt":"2022-11-16T21:00:40","guid":{"rendered":"https:\/\/redenoticiaz.com.br\/litoralsp\/?p=95257"},"modified":"2022-11-16T18:00:40","modified_gmt":"2022-11-16T21:00:40","slug":"festival-de-bandas-de-cubatao-ira-se-apresentar-com-integrantes-do-projeto-um-toque-de-cidadania","status":"publish","type":"post","link":"https:\/\/redenoticiaz.com.br\/litoralsp\/2022\/11\/16\/festival-de-bandas-de-cubatao-ira-se-apresentar-com-integrantes-do-projeto-um-toque-de-cidadania","title":{"rendered":"Festival de Bandas de Cubat\u00e3o ir\u00e1 se apresentar com integrantes do projeto \u201cUm Toque de Cidadania\u201d"},"content":{"rendered":"<p>Em comemora\u00e7\u00e3o ao dia do m\u00fasico, celebrado no dia 22 de novembro, a Afaban &#8211; Associa\u00e7\u00e3o de Fanfarras e Bandas do Litoral Paulista, de Cubat\u00e3o promove o Festival de Bandas do Projeto \u201cUm Toque de Cidadania\u201d.<\/p>\n<p>De acordo com a Prefeitura, ao todo, representantes das nove UMEs (Unidade Municipal de Ensino) ir\u00e3o se apresentar.<\/p>\n<p>Ainda de acordo com a Prefeitura, desenvolvido h\u00e1 mais de 15 anos pela UME Padre Jos\u00e9 de Anchieta, o projeto expandiu para outras escolas.<\/p>\n<p>O objetivo \u00e9 ensinar aos jovens a tocarem instrumentos musicais, sempre no contraturno do hor\u00e1rio das aulas. Atualmente, cerca de 500 alunos da rede municipal participam da iniciativa. Presidente da Associa\u00e7\u00e3o Luiz Carlos de Ara\u00fajo falou sobre a iniciativa.<\/p>\n<blockquote><p>&#8220;A proposta da AFABAN \u00e9 formar novos cidad\u00e3os atrav\u00e9s da m\u00fasica, t\u00e3o importante na vida deles desde pequenos. Despertamos esse interesse e ofertamos apoio com instrumentos e vestimentas, assim eles t\u00eam a real no\u00e7\u00e3o do quanto este aprendizado far\u00e1 a diferen\u00e7a em sua vida&#8221;<\/p><\/blockquote>\n<p>Sendo assim, para a realiza\u00e7\u00e3o do festival, a Prefeitura Municipal de Cubat\u00e3o forneceu os equipamentos necess\u00e1rios, a partir de emenda impositiva no valor de R$ 137 mil reais.<\/p>\n<p>Ao todo cerca de 500 jovens estar\u00e3o participando do festival.\u00a0O festival ser\u00e1 realizado no Centro Esportivo Pita (Rua Arlindo Leandro \u2013 N\u00b013 \u2013 Vila Nova) no pr\u00f3ximo dia 20, \u00e0s 15h e conta com o apoio da Secretaria Municipal de Educa\u00e7\u00e3o.<\/p>\n<p><strong>Leia mais<\/strong><\/p>\n<p><a href=\"https:\/\/redenoticiaz.com.br\/litoralsp\/2022\/11\/12\/cubatao-realiza-oficina-para-prevencao-de-desastres\">Cubat\u00e3o realiza oficina para preven\u00e7\u00e3o de desastres<\/a><\/p>\n","protected":false},"excerpt":{"rendered":"<p>Em comemora\u00e7\u00e3o ao dia do m\u00fasico, celebrado no dia 22 de novembro, a Afaban &#8211; Associa\u00e7\u00e3o de Fanfarras e Bandas do Litoral Paulista, de Cubat\u00e3o promove o Festival de Bandas do Projeto \u201cUm Toque de Cidadania\u201d. De acordo com a Prefeitura, ao todo, representantes das nove UMEs (Unidade Municipal de Ensino) ir\u00e3o se apresentar. Ainda &hellip;<\/p>\n","protected":false},"author":12,"featured_media":95260,"comment_status":"open","ping_status":"closed","sticky":false,"template":"","format":"standard","meta":{"footnotes":""},"categories":[186],"tags":[60980,1024,60981,57721],"class_list":["post-95257","post","type-post","status-publish","format-standard","has-post-thumbnail","hentry","category-cubatao","tag-associacao","tag-cubatao","tag-festival-de-bandas","tag-prefeitura-municipal-de-cubatao"],"yoast_head":"<!-- This site is optimized with the Yoast SEO plugin v27.4 - https:\/\/yoast.com\/product\/yoast-seo-wordpress\/ -->\n<title>Festival de Bandas de Cubat\u00e3o ir\u00e1 se apresentar com integrantes do projeto \u201cUm Toque de Cidadania\u201d - Litoral SP<\/title>\n<meta name=\"description\" content=\"Associa\u00e7\u00e3o de Fanfarras e Bandas do Litoral Paulista, de Cubat\u00e3o promove o Festival de Bandas do Projeto \u201cUm Toque de Cidadania\u201d.\" \/>\n<meta name=\"robots\" content=\"index, follow, max-snippet:-1, max-image-preview:large, max-video-preview:-1\" \/>\n<link rel=\"canonical\" href=\"https:\/\/redenoticiaz.com.br\/litoralsp\/2022\/11\/16\/festival-de-bandas-de-cubatao-ira-se-apresentar-com-integrantes-do-projeto-um-toque-de-cidadania\" \/>\n<meta property=\"og:locale\" content=\"pt_BR\" \/>\n<meta property=\"og:type\" content=\"article\" \/>\n<meta property=\"og:title\" content=\"Festival de Bandas de Cubat\u00e3o ir\u00e1 se apresentar com integrantes do projeto \u201cUm Toque de Cidadania\u201d - Litoral SP\" \/>\n<meta property=\"og:description\" content=\"Associa\u00e7\u00e3o de Fanfarras e Bandas do Litoral Paulista, de Cubat\u00e3o promove o Festival de Bandas do Projeto \u201cUm Toque de Cidadania\u201d.\" \/>\n<meta property=\"og:url\" content=\"https:\/\/redenoticiaz.com.br\/litoralsp\/2022\/11\/16\/festival-de-bandas-de-cubatao-ira-se-apresentar-com-integrantes-do-projeto-um-toque-de-cidadania\" \/>\n<meta property=\"og:site_name\" content=\"Litoral SP\" \/>\n<meta property=\"article:published_time\" content=\"2022-11-16T21:00:40+00:00\" \/>\n<meta property=\"og:image\" content=\"https:\/\/redenoticiaz.com.br\/litoralsp\/wp-content\/uploads\/sites\/3\/2022\/11\/WhatsApp-Image-2022-11-16-at-16.24.58.jpeg\" \/>\n\t<meta property=\"og:image:width\" content=\"799\" \/>\n\t<meta property=\"og:image:height\" content=\"1000\" \/>\n\t<meta property=\"og:image:type\" content=\"image\/jpeg\" \/>\n<meta name=\"author\" content=\"Gustavo Silva\" \/>\n<meta name=\"twitter:card\" content=\"summary_large_image\" \/>\n<meta name=\"twitter:label1\" content=\"Escrito por\" \/>\n\t<meta name=\"twitter:data1\" content=\"Gustavo Silva\" \/>\n\t<meta name=\"twitter:label2\" content=\"Est. tempo de leitura\" \/>\n\t<meta name=\"twitter:data2\" content=\"2 minutos\" \/>\n<script type=\"application\/ld+json\" class=\"yoast-schema-graph\">{\"@context\":\"https:\\\/\\\/schema.org\",\"@graph\":[{\"@type\":\"Article\",\"@id\":\"https:\\\/\\\/redenoticiaz.com.br\\\/litoralsp\\\/2022\\\/11\\\/16\\\/festival-de-bandas-de-cubatao-ira-se-apresentar-com-integrantes-do-projeto-um-toque-de-cidadania#article\",\"isPartOf\":{\"@id\":\"https:\\\/\\\/redenoticiaz.com.br\\\/litoralsp\\\/2022\\\/11\\\/16\\\/festival-de-bandas-de-cubatao-ira-se-apresentar-com-integrantes-do-projeto-um-toque-de-cidadania\"},\"author\":{\"name\":\"Gustavo Silva\",\"@id\":\"https:\\\/\\\/redenoticiaz.com.br\\\/litoralsp\\\/#\\\/schema\\\/person\\\/16057b37a3c0ee6b096d7f887c566e2e\"},\"headline\":\"Festival de Bandas de Cubat\u00e3o ir\u00e1 se apresentar com integrantes do projeto \u201cUm Toque de Cidadania\u201d\",\"datePublished\":\"2022-11-16T21:00:40+00:00\",\"mainEntityOfPage\":{\"@id\":\"https:\\\/\\\/redenoticiaz.com.br\\\/litoralsp\\\/2022\\\/11\\\/16\\\/festival-de-bandas-de-cubatao-ira-se-apresentar-com-integrantes-do-projeto-um-toque-de-cidadania\"},\"wordCount\":270,\"commentCount\":0,\"publisher\":{\"@id\":\"https:\\\/\\\/redenoticiaz.com.br\\\/litoralsp\\\/#organization\"},\"image\":{\"@id\":\"https:\\\/\\\/redenoticiaz.com.br\\\/litoralsp\\\/2022\\\/11\\\/16\\\/festival-de-bandas-de-cubatao-ira-se-apresentar-com-integrantes-do-projeto-um-toque-de-cidadania#primaryimage\"},\"thumbnailUrl\":\"https:\\\/\\\/redenoticiaz.com.br\\\/litoralsp\\\/wp-content\\\/uploads\\\/sites\\\/3\\\/2022\\\/11\\\/WhatsApp-Image-2022-11-16-at-16.24.58.jpeg\",\"keywords\":[\"Associa\u00e7\u00e3o\",\"CUBAT\u00c3O\",\"Festival de Bandas\",\"PREFEITURA MUNICIPAL DE CUBAT\u00c3O\"],\"articleSection\":[\"Cubat\u00e3o\"],\"inLanguage\":\"pt-BR\",\"potentialAction\":[{\"@type\":\"CommentAction\",\"name\":\"Comment\",\"target\":[\"https:\\\/\\\/redenoticiaz.com.br\\\/litoralsp\\\/2022\\\/11\\\/16\\\/festival-de-bandas-de-cubatao-ira-se-apresentar-com-integrantes-do-projeto-um-toque-de-cidadania#respond\"]}]},{\"@type\":\"WebPage\",\"@id\":\"https:\\\/\\\/redenoticiaz.com.br\\\/litoralsp\\\/2022\\\/11\\\/16\\\/festival-de-bandas-de-cubatao-ira-se-apresentar-com-integrantes-do-projeto-um-toque-de-cidadania\",\"url\":\"https:\\\/\\\/redenoticiaz.com.br\\\/litoralsp\\\/2022\\\/11\\\/16\\\/festival-de-bandas-de-cubatao-ira-se-apresentar-com-integrantes-do-projeto-um-toque-de-cidadania\",\"name\":\"Festival de Bandas de Cubat\u00e3o ir\u00e1 se apresentar com integrantes do projeto \u201cUm Toque de Cidadania\u201d - Litoral SP\",\"isPartOf\":{\"@id\":\"https:\\\/\\\/redenoticiaz.com.br\\\/litoralsp\\\/#website\"},\"primaryImageOfPage\":{\"@id\":\"https:\\\/\\\/redenoticiaz.com.br\\\/litoralsp\\\/2022\\\/11\\\/16\\\/festival-de-bandas-de-cubatao-ira-se-apresentar-com-integrantes-do-projeto-um-toque-de-cidadania#primaryimage\"},\"image\":{\"@id\":\"https:\\\/\\\/redenoticiaz.com.br\\\/litoralsp\\\/2022\\\/11\\\/16\\\/festival-de-bandas-de-cubatao-ira-se-apresentar-com-integrantes-do-projeto-um-toque-de-cidadania#primaryimage\"},\"thumbnailUrl\":\"https:\\\/\\\/redenoticiaz.com.br\\\/litoralsp\\\/wp-content\\\/uploads\\\/sites\\\/3\\\/2022\\\/11\\\/WhatsApp-Image-2022-11-16-at-16.24.58.jpeg\",\"datePublished\":\"2022-11-16T21:00:40+00:00\",\"description\":\"Associa\u00e7\u00e3o de Fanfarras e Bandas do Litoral Paulista, de Cubat\u00e3o promove o Festival de Bandas do Projeto \u201cUm Toque de Cidadania\u201d.\",\"inLanguage\":\"pt-BR\",\"potentialAction\":[{\"@type\":\"ReadAction\",\"target\":[\"https:\\\/\\\/redenoticiaz.com.br\\\/litoralsp\\\/2022\\\/11\\\/16\\\/festival-de-bandas-de-cubatao-ira-se-apresentar-com-integrantes-do-projeto-um-toque-de-cidadania\"]}]},{\"@type\":\"ImageObject\",\"inLanguage\":\"pt-BR\",\"@id\":\"https:\\\/\\\/redenoticiaz.com.br\\\/litoralsp\\\/2022\\\/11\\\/16\\\/festival-de-bandas-de-cubatao-ira-se-apresentar-com-integrantes-do-projeto-um-toque-de-cidadania#primaryimage\",\"url\":\"https:\\\/\\\/redenoticiaz.com.br\\\/litoralsp\\\/wp-content\\\/uploads\\\/sites\\\/3\\\/2022\\\/11\\\/WhatsApp-Image-2022-11-16-at-16.24.58.jpeg\",\"contentUrl\":\"https:\\\/\\\/redenoticiaz.com.br\\\/litoralsp\\\/wp-content\\\/uploads\\\/sites\\\/3\\\/2022\\\/11\\\/WhatsApp-Image-2022-11-16-at-16.24.58.jpeg\",\"width\":799,\"height\":1000,\"caption\":\"Festival de Bandas de Cubat\u00e3o ir\u00e1 se apresentar com integrantes do projeto \u201cUm Toque de Cidadania\u201d\"},{\"@type\":\"WebSite\",\"@id\":\"https:\\\/\\\/redenoticiaz.com.br\\\/litoralsp\\\/#website\",\"url\":\"https:\\\/\\\/redenoticiaz.com.br\\\/litoralsp\\\/\",\"name\":\"Litoral SP\",\"description\":\"Rede NoticiaZ\",\"publisher\":{\"@id\":\"https:\\\/\\\/redenoticiaz.com.br\\\/litoralsp\\\/#organization\"},\"potentialAction\":[{\"@type\":\"SearchAction\",\"target\":{\"@type\":\"EntryPoint\",\"urlTemplate\":\"https:\\\/\\\/redenoticiaz.com.br\\\/litoralsp\\\/?s={search_term_string}\"},\"query-input\":{\"@type\":\"PropertyValueSpecification\",\"valueRequired\":true,\"valueName\":\"search_term_string\"}}],\"inLanguage\":\"pt-BR\"},{\"@type\":\"Organization\",\"@id\":\"https:\\\/\\\/redenoticiaz.com.br\\\/litoralsp\\\/#organization\",\"name\":\"Litoral SP\",\"url\":\"https:\\\/\\\/redenoticiaz.com.br\\\/litoralsp\\\/\",\"logo\":{\"@type\":\"ImageObject\",\"inLanguage\":\"pt-BR\",\"@id\":\"https:\\\/\\\/redenoticiaz.com.br\\\/litoralsp\\\/#\\\/schema\\\/logo\\\/image\\\/\",\"url\":\"https:\\\/\\\/redenoticiaz.com.br\\\/litoralsp\\\/wp-content\\\/uploads\\\/sites\\\/3\\\/2020\\\/11\\\/logo.jpg\",\"contentUrl\":\"https:\\\/\\\/redenoticiaz.com.br\\\/litoralsp\\\/wp-content\\\/uploads\\\/sites\\\/3\\\/2020\\\/11\\\/logo.jpg\",\"width\":400,\"height\":250,\"caption\":\"Litoral SP\"},\"image\":{\"@id\":\"https:\\\/\\\/redenoticiaz.com.br\\\/litoralsp\\\/#\\\/schema\\\/logo\\\/image\\\/\"}},{\"@type\":\"Person\",\"@id\":\"https:\\\/\\\/redenoticiaz.com.br\\\/litoralsp\\\/#\\\/schema\\\/person\\\/16057b37a3c0ee6b096d7f887c566e2e\",\"name\":\"Gustavo Silva\",\"image\":{\"@type\":\"ImageObject\",\"inLanguage\":\"pt-BR\",\"@id\":\"https:\\\/\\\/secure.gravatar.com\\\/avatar\\\/3ee4e82f93b26de0a7cf4ea5eb7893da637ed6bb0c9170c58065944c56e28a33?s=96&d=mm&r=g\",\"url\":\"https:\\\/\\\/secure.gravatar.com\\\/avatar\\\/3ee4e82f93b26de0a7cf4ea5eb7893da637ed6bb0c9170c58065944c56e28a33?s=96&d=mm&r=g\",\"contentUrl\":\"https:\\\/\\\/secure.gravatar.com\\\/avatar\\\/3ee4e82f93b26de0a7cf4ea5eb7893da637ed6bb0c9170c58065944c56e28a33?s=96&d=mm&r=g\",\"caption\":\"Gustavo Silva\"},\"url\":\"https:\\\/\\\/redenoticiaz.com.br\\\/litoralsp\\\/author\\\/gustavosilva\"}]}<\/script>\n<!-- \/ Yoast SEO plugin. -->","yoast_head_json":{"title":"Festival de Bandas de Cubat\u00e3o ir\u00e1 se apresentar com integrantes do projeto \u201cUm Toque de Cidadania\u201d - Litoral SP","description":"Associa\u00e7\u00e3o de Fanfarras e Bandas do Litoral Paulista, de Cubat\u00e3o promove o Festival de Bandas do Projeto \u201cUm Toque de Cidadania\u201d.","robots":{"index":"index","follow":"follow","max-snippet":"max-snippet:-1","max-image-preview":"max-image-preview:large","max-video-preview":"max-video-preview:-1"},"canonical":"https:\/\/redenoticiaz.com.br\/litoralsp\/2022\/11\/16\/festival-de-bandas-de-cubatao-ira-se-apresentar-com-integrantes-do-projeto-um-toque-de-cidadania","og_locale":"pt_BR","og_type":"article","og_title":"Festival de Bandas de Cubat\u00e3o ir\u00e1 se apresentar com integrantes do projeto \u201cUm Toque de Cidadania\u201d - Litoral SP","og_description":"Associa\u00e7\u00e3o de Fanfarras e Bandas do Litoral Paulista, de Cubat\u00e3o promove o Festival de Bandas do Projeto \u201cUm Toque de Cidadania\u201d.","og_url":"https:\/\/redenoticiaz.com.br\/litoralsp\/2022\/11\/16\/festival-de-bandas-de-cubatao-ira-se-apresentar-com-integrantes-do-projeto-um-toque-de-cidadania","og_site_name":"Litoral SP","article_published_time":"2022-11-16T21:00:40+00:00","og_image":[{"width":799,"height":1000,"url":"https:\/\/redenoticiaz.com.br\/litoralsp\/wp-content\/uploads\/sites\/3\/2022\/11\/WhatsApp-Image-2022-11-16-at-16.24.58.jpeg","type":"image\/jpeg"}],"author":"Gustavo Silva","twitter_card":"summary_large_image","twitter_misc":{"Escrito por":"Gustavo Silva","Est. tempo de leitura":"2 minutos"},"schema":{"@context":"https:\/\/schema.org","@graph":[{"@type":"Article","@id":"https:\/\/redenoticiaz.com.br\/litoralsp\/2022\/11\/16\/festival-de-bandas-de-cubatao-ira-se-apresentar-com-integrantes-do-projeto-um-toque-de-cidadania#article","isPartOf":{"@id":"https:\/\/redenoticiaz.com.br\/litoralsp\/2022\/11\/16\/festival-de-bandas-de-cubatao-ira-se-apresentar-com-integrantes-do-projeto-um-toque-de-cidadania"},"author":{"name":"Gustavo Silva","@id":"https:\/\/redenoticiaz.com.br\/litoralsp\/#\/schema\/person\/16057b37a3c0ee6b096d7f887c566e2e"},"headline":"Festival de Bandas de Cubat\u00e3o ir\u00e1 se apresentar com integrantes do projeto \u201cUm Toque de Cidadania\u201d","datePublished":"2022-11-16T21:00:40+00:00","mainEntityOfPage":{"@id":"https:\/\/redenoticiaz.com.br\/litoralsp\/2022\/11\/16\/festival-de-bandas-de-cubatao-ira-se-apresentar-com-integrantes-do-projeto-um-toque-de-cidadania"},"wordCount":270,"commentCount":0,"publisher":{"@id":"https:\/\/redenoticiaz.com.br\/litoralsp\/#organization"},"image":{"@id":"https:\/\/redenoticiaz.com.br\/litoralsp\/2022\/11\/16\/festival-de-bandas-de-cubatao-ira-se-apresentar-com-integrantes-do-projeto-um-toque-de-cidadania#primaryimage"},"thumbnailUrl":"https:\/\/redenoticiaz.com.br\/litoralsp\/wp-content\/uploads\/sites\/3\/2022\/11\/WhatsApp-Image-2022-11-16-at-16.24.58.jpeg","keywords":["Associa\u00e7\u00e3o","CUBAT\u00c3O","Festival de Bandas","PREFEITURA MUNICIPAL DE CUBAT\u00c3O"],"articleSection":["Cubat\u00e3o"],"inLanguage":"pt-BR","potentialAction":[{"@type":"CommentAction","name":"Comment","target":["https:\/\/redenoticiaz.com.br\/litoralsp\/2022\/11\/16\/festival-de-bandas-de-cubatao-ira-se-apresentar-com-integrantes-do-projeto-um-toque-de-cidadania#respond"]}]},{"@type":"WebPage","@id":"https:\/\/redenoticiaz.com.br\/litoralsp\/2022\/11\/16\/festival-de-bandas-de-cubatao-ira-se-apresentar-com-integrantes-do-projeto-um-toque-de-cidadania","url":"https:\/\/redenoticiaz.com.br\/litoralsp\/2022\/11\/16\/festival-de-bandas-de-cubatao-ira-se-apresentar-com-integrantes-do-projeto-um-toque-de-cidadania","name":"Festival de Bandas de Cubat\u00e3o ir\u00e1 se apresentar com integrantes do projeto \u201cUm Toque de Cidadania\u201d - Litoral SP","isPartOf":{"@id":"https:\/\/redenoticiaz.com.br\/litoralsp\/#website"},"primaryImageOfPage":{"@id":"https:\/\/redenoticiaz.com.br\/litoralsp\/2022\/11\/16\/festival-de-bandas-de-cubatao-ira-se-apresentar-com-integrantes-do-projeto-um-toque-de-cidadania#primaryimage"},"image":{"@id":"https:\/\/redenoticiaz.com.br\/litoralsp\/2022\/11\/16\/festival-de-bandas-de-cubatao-ira-se-apresentar-com-integrantes-do-projeto-um-toque-de-cidadania#primaryimage"},"thumbnailUrl":"https:\/\/redenoticiaz.com.br\/litoralsp\/wp-content\/uploads\/sites\/3\/2022\/11\/WhatsApp-Image-2022-11-16-at-16.24.58.jpeg","datePublished":"2022-11-16T21:00:40+00:00","description":"Associa\u00e7\u00e3o de Fanfarras e Bandas do Litoral Paulista, de Cubat\u00e3o promove o Festival de Bandas do Projeto \u201cUm Toque de Cidadania\u201d.","inLanguage":"pt-BR","potentialAction":[{"@type":"ReadAction","target":["https:\/\/redenoticiaz.com.br\/litoralsp\/2022\/11\/16\/festival-de-bandas-de-cubatao-ira-se-apresentar-com-integrantes-do-projeto-um-toque-de-cidadania"]}]},{"@type":"ImageObject","inLanguage":"pt-BR","@id":"https:\/\/redenoticiaz.com.br\/litoralsp\/2022\/11\/16\/festival-de-bandas-de-cubatao-ira-se-apresentar-com-integrantes-do-projeto-um-toque-de-cidadania#primaryimage","url":"https:\/\/redenoticiaz.com.br\/litoralsp\/wp-content\/uploads\/sites\/3\/2022\/11\/WhatsApp-Image-2022-11-16-at-16.24.58.jpeg","contentUrl":"https:\/\/redenoticiaz.com.br\/litoralsp\/wp-content\/uploads\/sites\/3\/2022\/11\/WhatsApp-Image-2022-11-16-at-16.24.58.jpeg","width":799,"height":1000,"caption":"Festival de Bandas de Cubat\u00e3o ir\u00e1 se apresentar com integrantes do projeto \u201cUm Toque de Cidadania\u201d"},{"@type":"WebSite","@id":"https:\/\/redenoticiaz.com.br\/litoralsp\/#website","url":"https:\/\/redenoticiaz.com.br\/litoralsp\/","name":"Litoral SP","description":"Rede NoticiaZ","publisher":{"@id":"https:\/\/redenoticiaz.com.br\/litoralsp\/#organization"},"potentialAction":[{"@type":"SearchAction","target":{"@type":"EntryPoint","urlTemplate":"https:\/\/redenoticiaz.com.br\/litoralsp\/?s={search_term_string}"},"query-input":{"@type":"PropertyValueSpecification","valueRequired":true,"valueName":"search_term_string"}}],"inLanguage":"pt-BR"},{"@type":"Organization","@id":"https:\/\/redenoticiaz.com.br\/litoralsp\/#organization","name":"Litoral SP","url":"https:\/\/redenoticiaz.com.br\/litoralsp\/","logo":{"@type":"ImageObject","inLanguage":"pt-BR","@id":"https:\/\/redenoticiaz.com.br\/litoralsp\/#\/schema\/logo\/image\/","url":"https:\/\/redenoticiaz.com.br\/litoralsp\/wp-content\/uploads\/sites\/3\/2020\/11\/logo.jpg","contentUrl":"https:\/\/redenoticiaz.com.br\/litoralsp\/wp-content\/uploads\/sites\/3\/2020\/11\/logo.jpg","width":400,"height":250,"caption":"Litoral SP"},"image":{"@id":"https:\/\/redenoticiaz.com.br\/litoralsp\/#\/schema\/logo\/image\/"}},{"@type":"Person","@id":"https:\/\/redenoticiaz.com.br\/litoralsp\/#\/schema\/person\/16057b37a3c0ee6b096d7f887c566e2e","name":"Gustavo Silva","image":{"@type":"ImageObject","inLanguage":"pt-BR","@id":"https:\/\/secure.gravatar.com\/avatar\/3ee4e82f93b26de0a7cf4ea5eb7893da637ed6bb0c9170c58065944c56e28a33?s=96&d=mm&r=g","url":"https:\/\/secure.gravatar.com\/avatar\/3ee4e82f93b26de0a7cf4ea5eb7893da637ed6bb0c9170c58065944c56e28a33?s=96&d=mm&r=g","contentUrl":"https:\/\/secure.gravatar.com\/avatar\/3ee4e82f93b26de0a7cf4ea5eb7893da637ed6bb0c9170c58065944c56e28a33?s=96&d=mm&r=g","caption":"Gustavo Silva"},"url":"https:\/\/redenoticiaz.com.br\/litoralsp\/author\/gustavosilva"}]}},"_links":{"self":[{"href":"https:\/\/redenoticiaz.com.br\/litoralsp\/wp-json\/wp\/v2\/posts\/95257","targetHints":{"allow":["GET"]}}],"collection":[{"href":"https:\/\/redenoticiaz.com.br\/litoralsp\/wp-json\/wp\/v2\/posts"}],"about":[{"href":"https:\/\/redenoticiaz.com.br\/litoralsp\/wp-json\/wp\/v2\/types\/post"}],"author":[{"embeddable":true,"href":"https:\/\/redenoticiaz.com.br\/litoralsp\/wp-json\/wp\/v2\/users\/12"}],"replies":[{"embeddable":true,"href":"https:\/\/redenoticiaz.com.br\/litoralsp\/wp-json\/wp\/v2\/comments?post=95257"}],"version-history":[{"count":1,"href":"https:\/\/redenoticiaz.com.br\/litoralsp\/wp-json\/wp\/v2\/posts\/95257\/revisions"}],"predecessor-version":[{"id":95261,"href":"https:\/\/redenoticiaz.com.br\/litoralsp\/wp-json\/wp\/v2\/posts\/95257\/revisions\/95261"}],"wp:featuredmedia":[{"embeddable":true,"href":"https:\/\/redenoticiaz.com.br\/litoralsp\/wp-json\/wp\/v2\/media\/95260"}],"wp:attachment":[{"href":"https:\/\/redenoticiaz.com.br\/litoralsp\/wp-json\/wp\/v2\/media?parent=95257"}],"wp:term":[{"taxonomy":"category","embeddable":true,"href":"https:\/\/redenoticiaz.com.br\/litoralsp\/wp-json\/wp\/v2\/categories?post=95257"},{"taxonomy":"post_tag","embeddable":true,"href":"https:\/\/redenoticiaz.com.br\/litoralsp\/wp-json\/wp\/v2\/tags?post=95257"}],"curies":[{"name":"wp","href":"https:\/\/api.w.org\/{rel}","templated":true}]}}