{"id":95312,"date":"2022-11-17T13:04:49","date_gmt":"2022-11-17T16:04:49","guid":{"rendered":"https:\/\/redenoticiaz.com.br\/litoralsp\/?p=95312"},"modified":"2022-11-17T13:04:49","modified_gmt":"2022-11-17T16:04:49","slug":"5o-edicao-do-quitutes-batuques-faz-parada-em-cubatao","status":"publish","type":"post","link":"https:\/\/redenoticiaz.com.br\/litoralsp\/2022\/11\/17\/5o-edicao-do-quitutes-batuques-faz-parada-em-cubatao","title":{"rendered":"5\u00ba Edi\u00e7\u00e3o do Quitutes &amp; Batuques faz parada em Cubat\u00e3o"},"content":{"rendered":"<p class=\"v1ContentPasted0\">Mais uma vez o projeto Quitutes &amp; Batuques do Minist\u00e9rio do Turismo vem \u00e0 cidade para promover um interc\u00e2mbio criativo e cultural. No dia 23 de novembro, na escola UME Maria do Ros\u00e1rio Lopes Franco (R. Jo\u00e3o Veiga, s\/n\u00ba \u2013 Parque S\u00e3o Lu\u00eds), alunos, pais e professores realizar\u00e3o v\u00e1rias oficinas, com o objetivo de promover diversidade e express\u00f5es culturais.<\/p>\n<p class=\"v1ContentPasted0\">Nos anos de 2010 e 2011 o projeto esteve na cidade com as tem\u00e1ticas de pa\u00edses, sendo \u00c1frica Ocidental e a Holanda, respectivamente. Nesta 5\u00aa edi\u00e7\u00e3o, o Quitutes &amp; Batuques proporcionar\u00e1 aulas de dan\u00e7a, m\u00fasica, teatro, conta\u00e7\u00e3o de hist\u00f3rias e gastronomia, com foco na diversidade.<\/p>\n<h2 class=\"v1ContentPasted0\">Confira a programa\u00e7\u00e3o:<\/h2>\n<p class=\"v1ContentPasted0\">8h \u00e0s 10h<\/p>\n<p class=\"v1ContentPasted0\">Oficina de M\u00fasica \u2013 Coco Encantado<\/p>\n<p class=\"v1ContentPasted0\">Para crian\u00e7as de 8 a 10 anos<\/p>\n<p class=\"v1ContentPasted0\">10h30 \u00e0s 11h50<\/p>\n<p class=\"v1ContentPasted0\">Oficina de Culin\u00e1ria \u2013 Luiza Marina<\/p>\n<p class=\"v1ContentPasted0\">Para pais, alunos e professores<\/p>\n<p class=\"v1ContentPasted0\">14h \u00e0s 16h<\/p>\n<p class=\"v1ContentPasted0\">Conta\u00e7\u00e3o de Hist\u00f3rias: Contos Afro \u2013 Lisi Andrade e Priscilla Dieminger<\/p>\n<p class=\"v1ContentPasted0\">Para crian\u00e7as de 6 a 8 anos<\/p>\n<p class=\"v1ContentPasted0\">16h30 \u00e0s 17h30<\/p>\n<p class=\"v1ContentPasted0\">Oficina de Canto e M\u00fasica \u2013 Tecca Maris<\/p>\n<p class=\"v1ContentPasted0\">Para pais, alunos e professores<\/p>\n<p>Os interessados podem acessar a programa\u00e7\u00e3o completa pelo site https:\/\/quitutesebatuques.prumopro.com\/programacao-br\/<\/p>\n<p><strong>Leia mais<\/strong><\/p>\n<p><a href=\"https:\/\/redenoticiaz.com.br\/litoralsp\/2022\/11\/16\/festival-de-bandas-de-cubatao-ira-se-apresentar-com-integrantes-do-projeto-um-toque-de-cidadania\">Festival de Bandas de Cubat\u00e3o ir\u00e1 se apresentar com integrantes do projeto \u201cUm Toque de Cidadania\u201d<\/a><\/p>\n","protected":false},"excerpt":{"rendered":"<p>Mais uma vez o projeto Quitutes &amp; Batuques do Minist\u00e9rio do Turismo vem \u00e0 cidade para promover um interc\u00e2mbio criativo e cultural. No dia 23 de novembro, na escola UME Maria do Ros\u00e1rio Lopes Franco (R. Jo\u00e3o Veiga, s\/n\u00ba \u2013 Parque S\u00e3o Lu\u00eds), alunos, pais e professores realizar\u00e3o v\u00e1rias oficinas, com o objetivo de promover &hellip;<\/p>\n","protected":false},"author":12,"featured_media":95313,"comment_status":"open","ping_status":"closed","sticky":false,"template":"","format":"standard","meta":{"footnotes":""},"categories":[186],"tags":[1024,15654,60996,60997],"class_list":["post-95312","post","type-post","status-publish","format-standard","has-post-thumbnail","hentry","category-cubatao","tag-cubatao","tag-parque-sao-luis","tag-quitutes-batuques","tag-ume-maria-do-rosario-lopes-franco"],"yoast_head":"<!-- This site is optimized with the Yoast SEO plugin v27.4 - https:\/\/yoast.com\/product\/yoast-seo-wordpress\/ -->\n<title>5\u00ba Edi\u00e7\u00e3o do Quitutes &amp; Batuques faz parada em Cubat\u00e3o - Litoral SP<\/title>\n<meta name=\"description\" content=\"Mais uma vez o projeto Quitutes &amp; Batuques do Minist\u00e9rio do Turismo vem \u00e0 cidade para promover um interc\u00e2mbio criativo e cultural.\" \/>\n<meta name=\"robots\" content=\"index, follow, max-snippet:-1, max-image-preview:large, max-video-preview:-1\" \/>\n<link rel=\"canonical\" href=\"https:\/\/redenoticiaz.com.br\/litoralsp\/2022\/11\/17\/5o-edicao-do-quitutes-batuques-faz-parada-em-cubatao\" \/>\n<meta property=\"og:locale\" content=\"pt_BR\" \/>\n<meta property=\"og:type\" content=\"article\" \/>\n<meta property=\"og:title\" content=\"5\u00ba Edi\u00e7\u00e3o do Quitutes &amp; Batuques faz parada em Cubat\u00e3o - Litoral SP\" \/>\n<meta property=\"og:description\" content=\"Mais uma vez o projeto Quitutes &amp; Batuques do Minist\u00e9rio do Turismo vem \u00e0 cidade para promover um interc\u00e2mbio criativo e cultural.\" \/>\n<meta property=\"og:url\" content=\"https:\/\/redenoticiaz.com.br\/litoralsp\/2022\/11\/17\/5o-edicao-do-quitutes-batuques-faz-parada-em-cubatao\" \/>\n<meta property=\"og:site_name\" content=\"Litoral SP\" \/>\n<meta property=\"article:published_time\" content=\"2022-11-17T16:04:49+00:00\" \/>\n<meta property=\"og:image\" content=\"https:\/\/redenoticiaz.com.br\/litoralsp\/wp-content\/uploads\/sites\/3\/2022\/11\/quitutes-topo.jpg\" \/>\n\t<meta property=\"og:image:width\" content=\"1877\" \/>\n\t<meta property=\"og:image:height\" content=\"800\" \/>\n\t<meta property=\"og:image:type\" content=\"image\/jpeg\" \/>\n<meta name=\"author\" content=\"Gustavo Silva\" \/>\n<meta name=\"twitter:card\" content=\"summary_large_image\" \/>\n<meta name=\"twitter:label1\" content=\"Escrito por\" \/>\n\t<meta name=\"twitter:data1\" content=\"Gustavo Silva\" \/>\n\t<meta name=\"twitter:label2\" content=\"Est. tempo de leitura\" \/>\n\t<meta name=\"twitter:data2\" content=\"2 minutos\" \/>\n<script type=\"application\/ld+json\" class=\"yoast-schema-graph\">{\"@context\":\"https:\\\/\\\/schema.org\",\"@graph\":[{\"@type\":\"Article\",\"@id\":\"https:\\\/\\\/redenoticiaz.com.br\\\/litoralsp\\\/2022\\\/11\\\/17\\\/5o-edicao-do-quitutes-batuques-faz-parada-em-cubatao#article\",\"isPartOf\":{\"@id\":\"https:\\\/\\\/redenoticiaz.com.br\\\/litoralsp\\\/2022\\\/11\\\/17\\\/5o-edicao-do-quitutes-batuques-faz-parada-em-cubatao\"},\"author\":{\"name\":\"Gustavo Silva\",\"@id\":\"https:\\\/\\\/redenoticiaz.com.br\\\/litoralsp\\\/#\\\/schema\\\/person\\\/16057b37a3c0ee6b096d7f887c566e2e\"},\"headline\":\"5\u00ba Edi\u00e7\u00e3o do Quitutes &amp; Batuques faz parada em Cubat\u00e3o\",\"datePublished\":\"2022-11-17T16:04:49+00:00\",\"mainEntityOfPage\":{\"@id\":\"https:\\\/\\\/redenoticiaz.com.br\\\/litoralsp\\\/2022\\\/11\\\/17\\\/5o-edicao-do-quitutes-batuques-faz-parada-em-cubatao\"},\"wordCount\":230,\"commentCount\":0,\"publisher\":{\"@id\":\"https:\\\/\\\/redenoticiaz.com.br\\\/litoralsp\\\/#organization\"},\"image\":{\"@id\":\"https:\\\/\\\/redenoticiaz.com.br\\\/litoralsp\\\/2022\\\/11\\\/17\\\/5o-edicao-do-quitutes-batuques-faz-parada-em-cubatao#primaryimage\"},\"thumbnailUrl\":\"https:\\\/\\\/redenoticiaz.com.br\\\/litoralsp\\\/wp-content\\\/uploads\\\/sites\\\/3\\\/2022\\\/11\\\/quitutes-topo.jpg\",\"keywords\":[\"CUBAT\u00c3O\",\"PARQUE S\u00c3O LU\u00cdS\",\"Quitutes &amp; Batuques\",\"UME Maria do Ros\u00e1rio Lopes Franco\"],\"articleSection\":[\"Cubat\u00e3o\"],\"inLanguage\":\"pt-BR\",\"potentialAction\":[{\"@type\":\"CommentAction\",\"name\":\"Comment\",\"target\":[\"https:\\\/\\\/redenoticiaz.com.br\\\/litoralsp\\\/2022\\\/11\\\/17\\\/5o-edicao-do-quitutes-batuques-faz-parada-em-cubatao#respond\"]}]},{\"@type\":\"WebPage\",\"@id\":\"https:\\\/\\\/redenoticiaz.com.br\\\/litoralsp\\\/2022\\\/11\\\/17\\\/5o-edicao-do-quitutes-batuques-faz-parada-em-cubatao\",\"url\":\"https:\\\/\\\/redenoticiaz.com.br\\\/litoralsp\\\/2022\\\/11\\\/17\\\/5o-edicao-do-quitutes-batuques-faz-parada-em-cubatao\",\"name\":\"5\u00ba Edi\u00e7\u00e3o do Quitutes &amp; Batuques faz parada em Cubat\u00e3o - Litoral SP\",\"isPartOf\":{\"@id\":\"https:\\\/\\\/redenoticiaz.com.br\\\/litoralsp\\\/#website\"},\"primaryImageOfPage\":{\"@id\":\"https:\\\/\\\/redenoticiaz.com.br\\\/litoralsp\\\/2022\\\/11\\\/17\\\/5o-edicao-do-quitutes-batuques-faz-parada-em-cubatao#primaryimage\"},\"image\":{\"@id\":\"https:\\\/\\\/redenoticiaz.com.br\\\/litoralsp\\\/2022\\\/11\\\/17\\\/5o-edicao-do-quitutes-batuques-faz-parada-em-cubatao#primaryimage\"},\"thumbnailUrl\":\"https:\\\/\\\/redenoticiaz.com.br\\\/litoralsp\\\/wp-content\\\/uploads\\\/sites\\\/3\\\/2022\\\/11\\\/quitutes-topo.jpg\",\"datePublished\":\"2022-11-17T16:04:49+00:00\",\"description\":\"Mais uma vez o projeto Quitutes & Batuques do Minist\u00e9rio do Turismo vem \u00e0 cidade para promover um interc\u00e2mbio criativo e cultural.\",\"inLanguage\":\"pt-BR\",\"potentialAction\":[{\"@type\":\"ReadAction\",\"target\":[\"https:\\\/\\\/redenoticiaz.com.br\\\/litoralsp\\\/2022\\\/11\\\/17\\\/5o-edicao-do-quitutes-batuques-faz-parada-em-cubatao\"]}]},{\"@type\":\"ImageObject\",\"inLanguage\":\"pt-BR\",\"@id\":\"https:\\\/\\\/redenoticiaz.com.br\\\/litoralsp\\\/2022\\\/11\\\/17\\\/5o-edicao-do-quitutes-batuques-faz-parada-em-cubatao#primaryimage\",\"url\":\"https:\\\/\\\/redenoticiaz.com.br\\\/litoralsp\\\/wp-content\\\/uploads\\\/sites\\\/3\\\/2022\\\/11\\\/quitutes-topo.jpg\",\"contentUrl\":\"https:\\\/\\\/redenoticiaz.com.br\\\/litoralsp\\\/wp-content\\\/uploads\\\/sites\\\/3\\\/2022\\\/11\\\/quitutes-topo.jpg\",\"width\":1877,\"height\":800,\"caption\":\"5\u00ba Edi\u00e7\u00e3o do Quitutes &amp; Batuques faz parada em Cubat\u00e3o\"},{\"@type\":\"WebSite\",\"@id\":\"https:\\\/\\\/redenoticiaz.com.br\\\/litoralsp\\\/#website\",\"url\":\"https:\\\/\\\/redenoticiaz.com.br\\\/litoralsp\\\/\",\"name\":\"Litoral SP\",\"description\":\"Rede NoticiaZ\",\"publisher\":{\"@id\":\"https:\\\/\\\/redenoticiaz.com.br\\\/litoralsp\\\/#organization\"},\"potentialAction\":[{\"@type\":\"SearchAction\",\"target\":{\"@type\":\"EntryPoint\",\"urlTemplate\":\"https:\\\/\\\/redenoticiaz.com.br\\\/litoralsp\\\/?s={search_term_string}\"},\"query-input\":{\"@type\":\"PropertyValueSpecification\",\"valueRequired\":true,\"valueName\":\"search_term_string\"}}],\"inLanguage\":\"pt-BR\"},{\"@type\":\"Organization\",\"@id\":\"https:\\\/\\\/redenoticiaz.com.br\\\/litoralsp\\\/#organization\",\"name\":\"Litoral SP\",\"url\":\"https:\\\/\\\/redenoticiaz.com.br\\\/litoralsp\\\/\",\"logo\":{\"@type\":\"ImageObject\",\"inLanguage\":\"pt-BR\",\"@id\":\"https:\\\/\\\/redenoticiaz.com.br\\\/litoralsp\\\/#\\\/schema\\\/logo\\\/image\\\/\",\"url\":\"https:\\\/\\\/redenoticiaz.com.br\\\/litoralsp\\\/wp-content\\\/uploads\\\/sites\\\/3\\\/2020\\\/11\\\/logo.jpg\",\"contentUrl\":\"https:\\\/\\\/redenoticiaz.com.br\\\/litoralsp\\\/wp-content\\\/uploads\\\/sites\\\/3\\\/2020\\\/11\\\/logo.jpg\",\"width\":400,\"height\":250,\"caption\":\"Litoral SP\"},\"image\":{\"@id\":\"https:\\\/\\\/redenoticiaz.com.br\\\/litoralsp\\\/#\\\/schema\\\/logo\\\/image\\\/\"}},{\"@type\":\"Person\",\"@id\":\"https:\\\/\\\/redenoticiaz.com.br\\\/litoralsp\\\/#\\\/schema\\\/person\\\/16057b37a3c0ee6b096d7f887c566e2e\",\"name\":\"Gustavo Silva\",\"image\":{\"@type\":\"ImageObject\",\"inLanguage\":\"pt-BR\",\"@id\":\"https:\\\/\\\/secure.gravatar.com\\\/avatar\\\/3ee4e82f93b26de0a7cf4ea5eb7893da637ed6bb0c9170c58065944c56e28a33?s=96&d=mm&r=g\",\"url\":\"https:\\\/\\\/secure.gravatar.com\\\/avatar\\\/3ee4e82f93b26de0a7cf4ea5eb7893da637ed6bb0c9170c58065944c56e28a33?s=96&d=mm&r=g\",\"contentUrl\":\"https:\\\/\\\/secure.gravatar.com\\\/avatar\\\/3ee4e82f93b26de0a7cf4ea5eb7893da637ed6bb0c9170c58065944c56e28a33?s=96&d=mm&r=g\",\"caption\":\"Gustavo Silva\"},\"url\":\"https:\\\/\\\/redenoticiaz.com.br\\\/litoralsp\\\/author\\\/gustavosilva\"}]}<\/script>\n<!-- \/ Yoast SEO plugin. -->","yoast_head_json":{"title":"5\u00ba Edi\u00e7\u00e3o do Quitutes &amp; Batuques faz parada em Cubat\u00e3o - Litoral SP","description":"Mais uma vez o projeto Quitutes & Batuques do Minist\u00e9rio do Turismo vem \u00e0 cidade para promover um interc\u00e2mbio criativo e cultural.","robots":{"index":"index","follow":"follow","max-snippet":"max-snippet:-1","max-image-preview":"max-image-preview:large","max-video-preview":"max-video-preview:-1"},"canonical":"https:\/\/redenoticiaz.com.br\/litoralsp\/2022\/11\/17\/5o-edicao-do-quitutes-batuques-faz-parada-em-cubatao","og_locale":"pt_BR","og_type":"article","og_title":"5\u00ba Edi\u00e7\u00e3o do Quitutes &amp; Batuques faz parada em Cubat\u00e3o - Litoral SP","og_description":"Mais uma vez o projeto Quitutes & Batuques do Minist\u00e9rio do Turismo vem \u00e0 cidade para promover um interc\u00e2mbio criativo e cultural.","og_url":"https:\/\/redenoticiaz.com.br\/litoralsp\/2022\/11\/17\/5o-edicao-do-quitutes-batuques-faz-parada-em-cubatao","og_site_name":"Litoral SP","article_published_time":"2022-11-17T16:04:49+00:00","og_image":[{"width":1877,"height":800,"url":"https:\/\/redenoticiaz.com.br\/litoralsp\/wp-content\/uploads\/sites\/3\/2022\/11\/quitutes-topo.jpg","type":"image\/jpeg"}],"author":"Gustavo Silva","twitter_card":"summary_large_image","twitter_misc":{"Escrito por":"Gustavo Silva","Est. tempo de leitura":"2 minutos"},"schema":{"@context":"https:\/\/schema.org","@graph":[{"@type":"Article","@id":"https:\/\/redenoticiaz.com.br\/litoralsp\/2022\/11\/17\/5o-edicao-do-quitutes-batuques-faz-parada-em-cubatao#article","isPartOf":{"@id":"https:\/\/redenoticiaz.com.br\/litoralsp\/2022\/11\/17\/5o-edicao-do-quitutes-batuques-faz-parada-em-cubatao"},"author":{"name":"Gustavo Silva","@id":"https:\/\/redenoticiaz.com.br\/litoralsp\/#\/schema\/person\/16057b37a3c0ee6b096d7f887c566e2e"},"headline":"5\u00ba Edi\u00e7\u00e3o do Quitutes &amp; Batuques faz parada em Cubat\u00e3o","datePublished":"2022-11-17T16:04:49+00:00","mainEntityOfPage":{"@id":"https:\/\/redenoticiaz.com.br\/litoralsp\/2022\/11\/17\/5o-edicao-do-quitutes-batuques-faz-parada-em-cubatao"},"wordCount":230,"commentCount":0,"publisher":{"@id":"https:\/\/redenoticiaz.com.br\/litoralsp\/#organization"},"image":{"@id":"https:\/\/redenoticiaz.com.br\/litoralsp\/2022\/11\/17\/5o-edicao-do-quitutes-batuques-faz-parada-em-cubatao#primaryimage"},"thumbnailUrl":"https:\/\/redenoticiaz.com.br\/litoralsp\/wp-content\/uploads\/sites\/3\/2022\/11\/quitutes-topo.jpg","keywords":["CUBAT\u00c3O","PARQUE S\u00c3O LU\u00cdS","Quitutes &amp; Batuques","UME Maria do Ros\u00e1rio Lopes Franco"],"articleSection":["Cubat\u00e3o"],"inLanguage":"pt-BR","potentialAction":[{"@type":"CommentAction","name":"Comment","target":["https:\/\/redenoticiaz.com.br\/litoralsp\/2022\/11\/17\/5o-edicao-do-quitutes-batuques-faz-parada-em-cubatao#respond"]}]},{"@type":"WebPage","@id":"https:\/\/redenoticiaz.com.br\/litoralsp\/2022\/11\/17\/5o-edicao-do-quitutes-batuques-faz-parada-em-cubatao","url":"https:\/\/redenoticiaz.com.br\/litoralsp\/2022\/11\/17\/5o-edicao-do-quitutes-batuques-faz-parada-em-cubatao","name":"5\u00ba Edi\u00e7\u00e3o do Quitutes &amp; Batuques faz parada em Cubat\u00e3o - Litoral SP","isPartOf":{"@id":"https:\/\/redenoticiaz.com.br\/litoralsp\/#website"},"primaryImageOfPage":{"@id":"https:\/\/redenoticiaz.com.br\/litoralsp\/2022\/11\/17\/5o-edicao-do-quitutes-batuques-faz-parada-em-cubatao#primaryimage"},"image":{"@id":"https:\/\/redenoticiaz.com.br\/litoralsp\/2022\/11\/17\/5o-edicao-do-quitutes-batuques-faz-parada-em-cubatao#primaryimage"},"thumbnailUrl":"https:\/\/redenoticiaz.com.br\/litoralsp\/wp-content\/uploads\/sites\/3\/2022\/11\/quitutes-topo.jpg","datePublished":"2022-11-17T16:04:49+00:00","description":"Mais uma vez o projeto Quitutes & Batuques do Minist\u00e9rio do Turismo vem \u00e0 cidade para promover um interc\u00e2mbio criativo e cultural.","inLanguage":"pt-BR","potentialAction":[{"@type":"ReadAction","target":["https:\/\/redenoticiaz.com.br\/litoralsp\/2022\/11\/17\/5o-edicao-do-quitutes-batuques-faz-parada-em-cubatao"]}]},{"@type":"ImageObject","inLanguage":"pt-BR","@id":"https:\/\/redenoticiaz.com.br\/litoralsp\/2022\/11\/17\/5o-edicao-do-quitutes-batuques-faz-parada-em-cubatao#primaryimage","url":"https:\/\/redenoticiaz.com.br\/litoralsp\/wp-content\/uploads\/sites\/3\/2022\/11\/quitutes-topo.jpg","contentUrl":"https:\/\/redenoticiaz.com.br\/litoralsp\/wp-content\/uploads\/sites\/3\/2022\/11\/quitutes-topo.jpg","width":1877,"height":800,"caption":"5\u00ba Edi\u00e7\u00e3o do Quitutes &amp; Batuques faz parada em Cubat\u00e3o"},{"@type":"WebSite","@id":"https:\/\/redenoticiaz.com.br\/litoralsp\/#website","url":"https:\/\/redenoticiaz.com.br\/litoralsp\/","name":"Litoral SP","description":"Rede NoticiaZ","publisher":{"@id":"https:\/\/redenoticiaz.com.br\/litoralsp\/#organization"},"potentialAction":[{"@type":"SearchAction","target":{"@type":"EntryPoint","urlTemplate":"https:\/\/redenoticiaz.com.br\/litoralsp\/?s={search_term_string}"},"query-input":{"@type":"PropertyValueSpecification","valueRequired":true,"valueName":"search_term_string"}}],"inLanguage":"pt-BR"},{"@type":"Organization","@id":"https:\/\/redenoticiaz.com.br\/litoralsp\/#organization","name":"Litoral SP","url":"https:\/\/redenoticiaz.com.br\/litoralsp\/","logo":{"@type":"ImageObject","inLanguage":"pt-BR","@id":"https:\/\/redenoticiaz.com.br\/litoralsp\/#\/schema\/logo\/image\/","url":"https:\/\/redenoticiaz.com.br\/litoralsp\/wp-content\/uploads\/sites\/3\/2020\/11\/logo.jpg","contentUrl":"https:\/\/redenoticiaz.com.br\/litoralsp\/wp-content\/uploads\/sites\/3\/2020\/11\/logo.jpg","width":400,"height":250,"caption":"Litoral SP"},"image":{"@id":"https:\/\/redenoticiaz.com.br\/litoralsp\/#\/schema\/logo\/image\/"}},{"@type":"Person","@id":"https:\/\/redenoticiaz.com.br\/litoralsp\/#\/schema\/person\/16057b37a3c0ee6b096d7f887c566e2e","name":"Gustavo Silva","image":{"@type":"ImageObject","inLanguage":"pt-BR","@id":"https:\/\/secure.gravatar.com\/avatar\/3ee4e82f93b26de0a7cf4ea5eb7893da637ed6bb0c9170c58065944c56e28a33?s=96&d=mm&r=g","url":"https:\/\/secure.gravatar.com\/avatar\/3ee4e82f93b26de0a7cf4ea5eb7893da637ed6bb0c9170c58065944c56e28a33?s=96&d=mm&r=g","contentUrl":"https:\/\/secure.gravatar.com\/avatar\/3ee4e82f93b26de0a7cf4ea5eb7893da637ed6bb0c9170c58065944c56e28a33?s=96&d=mm&r=g","caption":"Gustavo Silva"},"url":"https:\/\/redenoticiaz.com.br\/litoralsp\/author\/gustavosilva"}]}},"_links":{"self":[{"href":"https:\/\/redenoticiaz.com.br\/litoralsp\/wp-json\/wp\/v2\/posts\/95312","targetHints":{"allow":["GET"]}}],"collection":[{"href":"https:\/\/redenoticiaz.com.br\/litoralsp\/wp-json\/wp\/v2\/posts"}],"about":[{"href":"https:\/\/redenoticiaz.com.br\/litoralsp\/wp-json\/wp\/v2\/types\/post"}],"author":[{"embeddable":true,"href":"https:\/\/redenoticiaz.com.br\/litoralsp\/wp-json\/wp\/v2\/users\/12"}],"replies":[{"embeddable":true,"href":"https:\/\/redenoticiaz.com.br\/litoralsp\/wp-json\/wp\/v2\/comments?post=95312"}],"version-history":[{"count":1,"href":"https:\/\/redenoticiaz.com.br\/litoralsp\/wp-json\/wp\/v2\/posts\/95312\/revisions"}],"predecessor-version":[{"id":95314,"href":"https:\/\/redenoticiaz.com.br\/litoralsp\/wp-json\/wp\/v2\/posts\/95312\/revisions\/95314"}],"wp:featuredmedia":[{"embeddable":true,"href":"https:\/\/redenoticiaz.com.br\/litoralsp\/wp-json\/wp\/v2\/media\/95313"}],"wp:attachment":[{"href":"https:\/\/redenoticiaz.com.br\/litoralsp\/wp-json\/wp\/v2\/media?parent=95312"}],"wp:term":[{"taxonomy":"category","embeddable":true,"href":"https:\/\/redenoticiaz.com.br\/litoralsp\/wp-json\/wp\/v2\/categories?post=95312"},{"taxonomy":"post_tag","embeddable":true,"href":"https:\/\/redenoticiaz.com.br\/litoralsp\/wp-json\/wp\/v2\/tags?post=95312"}],"curies":[{"name":"wp","href":"https:\/\/api.w.org\/{rel}","templated":true}]}}