{"id":95378,"date":"2022-11-18T15:15:10","date_gmt":"2022-11-18T18:15:10","guid":{"rendered":"https:\/\/redenoticiaz.com.br\/litoralsp\/2022\/11\/18\/fifa-anuncia-proibicao-de-venda-de-cerveja-nos-estadios"},"modified":"2022-11-18T15:15:21","modified_gmt":"2022-11-18T18:15:21","slug":"fifa-anuncia-proibicao-de-venda-de-cerveja-nos-estadios","status":"publish","type":"post","link":"https:\/\/redenoticiaz.com.br\/litoralsp\/2022\/11\/18\/fifa-anuncia-proibicao-de-venda-de-cerveja-nos-estadios","title":{"rendered":"Fifa anuncia proibi\u00e7\u00e3o de venda de cerveja nos est\u00e1dios"},"content":{"rendered":"<p>Em uma reviravolta, a Fifa anunciou em comunicado nesta sexta-feira (18) que n\u00e3o ser\u00e1 vendida cerveja nos est\u00e1dios da Copa do Mundo do Catar.<\/p>\n<p>O an\u00fancio ocorre dois dias antes do in\u00edcio da Copa do Mundo, no domingo (20), a primeira a ser realizada em um pa\u00eds mu\u00e7ulmano conservador com r\u00edgidos controles sobre o \u00e1lcool, cujo consumo \u00e9 proibido em p\u00fablico.<\/p>\n<blockquote><p>&#8220;Ap\u00f3s discuss\u00f5es entre as autoridades do pa\u00eds anfitri\u00e3o e a Fifa, foi tomada a decis\u00e3o de concentrar a venda de bebidas alco\u00f3licas no Fifa Fan Festival, em outros destinos de torcedores e locais licenciados, retirando os pontos de venda de cerveja dos per\u00edmetros dos est\u00e1dios da Copa do Mundo da Fifa 2022 no Catar&#8221;<\/p><\/blockquote>\n<p>A Budweiser, uma importante patrocinadora da Copa do Mundo, de propriedade da fabricante de cerveja AB InBev, venderia exclusivamente cerveja alco\u00f3lica dentro do per\u00edmetro de ingressos em torno de cada um dos oito est\u00e1dios, tr\u00eas horas antes e uma hora depois de cada jogo.<\/p>\n<p><strong>Leia mais<\/strong><\/p>\n<p><a href=\"https:\/\/redenoticiaz.com.br\/blog\/2022\/11\/15\/copa-do-mundo-neymar-faz-primeiro-treino-com-a-selecao-brasileira\">Bancos ter\u00e3o expediente especial em dias de jogos da sele\u00e7\u00e3o na Copa<\/a><\/p>\n","protected":false},"excerpt":{"rendered":"<p>Em uma reviravolta, a Fifa anunciou em comunicado nesta sexta-feira (18) que n\u00e3o ser\u00e1 vendida cerveja nos est\u00e1dios da Copa do Mundo do Catar. O an\u00fancio ocorre dois dias antes do in\u00edcio da Copa do Mundo, no domingo (20), a primeira a ser realizada em um pa\u00eds mu\u00e7ulmano conservador com r\u00edgidos controles sobre o \u00e1lcool, &hellip;<\/p>\n","protected":false},"author":12,"featured_media":95379,"comment_status":"open","ping_status":"closed","sticky":false,"template":"","format":"standard","meta":{"footnotes":""},"categories":[60418],"tags":[36678,58838,41274,30455,7387],"class_list":["post-95378","post","type-post","status-publish","format-standard","has-post-thumbnail","hentry","category-copa","tag-cerveja","tag-copa","tag-copa-do-mundo","tag-estadios","tag-fifa"],"yoast_head":"<!-- This site is optimized with the Yoast SEO plugin v27.4 - https:\/\/yoast.com\/product\/yoast-seo-wordpress\/ -->\n<title>Fifa anuncia proibi\u00e7\u00e3o de venda de cerveja nos est\u00e1dios - Litoral SP<\/title>\n<meta name=\"description\" content=\"Em uma reviravolta, a Fifa anunciou em comunicado nesta sexta-feira (18) que n\u00e3o ser\u00e1 vendida cerveja nos est\u00e1dios da Copa do Mundo do Catar.\" \/>\n<meta name=\"robots\" content=\"index, follow, max-snippet:-1, max-image-preview:large, max-video-preview:-1\" \/>\n<link rel=\"canonical\" href=\"https:\/\/redenoticiaz.com.br\/litoralsp\/2022\/11\/18\/fifa-anuncia-proibicao-de-venda-de-cerveja-nos-estadios\" \/>\n<meta property=\"og:locale\" content=\"pt_BR\" \/>\n<meta property=\"og:type\" content=\"article\" \/>\n<meta property=\"og:title\" content=\"Fifa anuncia proibi\u00e7\u00e3o de venda de cerveja nos est\u00e1dios - Litoral SP\" \/>\n<meta property=\"og:description\" content=\"Em uma reviravolta, a Fifa anunciou em comunicado nesta sexta-feira (18) que n\u00e3o ser\u00e1 vendida cerveja nos est\u00e1dios da Copa do Mundo do Catar.\" \/>\n<meta property=\"og:url\" content=\"https:\/\/redenoticiaz.com.br\/litoralsp\/2022\/11\/18\/fifa-anuncia-proibicao-de-venda-de-cerveja-nos-estadios\" \/>\n<meta property=\"og:site_name\" content=\"Litoral SP\" \/>\n<meta property=\"article:published_time\" content=\"2022-11-18T18:15:10+00:00\" \/>\n<meta property=\"article:modified_time\" content=\"2022-11-18T18:15:21+00:00\" \/>\n<meta property=\"og:image\" content=\"https:\/\/redenoticiaz.com.br\/litoralsp\/wp-content\/uploads\/sites\/3\/2022\/11\/estadio_974_copa_do_catar.jpg?v=1668795269\" \/>\n\t<meta property=\"og:image:width\" content=\"1170\" \/>\n\t<meta property=\"og:image:height\" content=\"700\" \/>\n\t<meta property=\"og:image:type\" content=\"image\/jpeg\" \/>\n<meta name=\"author\" content=\"Gustavo Silva\" \/>\n<meta name=\"twitter:card\" content=\"summary_large_image\" \/>\n<meta name=\"twitter:label1\" content=\"Escrito por\" \/>\n\t<meta name=\"twitter:data1\" content=\"Gustavo Silva\" \/>\n\t<meta name=\"twitter:label2\" content=\"Est. tempo de leitura\" \/>\n\t<meta name=\"twitter:data2\" content=\"1 minuto\" \/>\n<script type=\"application\/ld+json\" class=\"yoast-schema-graph\">{\"@context\":\"https:\\\/\\\/schema.org\",\"@graph\":[{\"@type\":\"Article\",\"@id\":\"https:\\\/\\\/redenoticiaz.com.br\\\/litoralsp\\\/2022\\\/11\\\/18\\\/fifa-anuncia-proibicao-de-venda-de-cerveja-nos-estadios#article\",\"isPartOf\":{\"@id\":\"https:\\\/\\\/redenoticiaz.com.br\\\/litoralsp\\\/2022\\\/11\\\/18\\\/fifa-anuncia-proibicao-de-venda-de-cerveja-nos-estadios\"},\"author\":{\"name\":\"Gustavo Silva\",\"@id\":\"https:\\\/\\\/redenoticiaz.com.br\\\/litoralsp\\\/#\\\/schema\\\/person\\\/16057b37a3c0ee6b096d7f887c566e2e\"},\"headline\":\"Fifa anuncia proibi\u00e7\u00e3o de venda de cerveja nos est\u00e1dios\",\"datePublished\":\"2022-11-18T18:15:10+00:00\",\"dateModified\":\"2022-11-18T18:15:21+00:00\",\"mainEntityOfPage\":{\"@id\":\"https:\\\/\\\/redenoticiaz.com.br\\\/litoralsp\\\/2022\\\/11\\\/18\\\/fifa-anuncia-proibicao-de-venda-de-cerveja-nos-estadios\"},\"wordCount\":202,\"commentCount\":0,\"publisher\":{\"@id\":\"https:\\\/\\\/redenoticiaz.com.br\\\/litoralsp\\\/#organization\"},\"image\":{\"@id\":\"https:\\\/\\\/redenoticiaz.com.br\\\/litoralsp\\\/2022\\\/11\\\/18\\\/fifa-anuncia-proibicao-de-venda-de-cerveja-nos-estadios#primaryimage\"},\"thumbnailUrl\":\"https:\\\/\\\/redenoticiaz.com.br\\\/litoralsp\\\/wp-content\\\/uploads\\\/sites\\\/3\\\/2022\\\/11\\\/estadio_974_copa_do_catar.jpg?v=1668795269\",\"keywords\":[\"CERVEJA\",\"Copa\",\"COPA DO MUNDO\",\"EST\u00c1DIOS\",\"FIFA\"],\"articleSection\":[\"Copa\"],\"inLanguage\":\"pt-BR\",\"potentialAction\":[{\"@type\":\"CommentAction\",\"name\":\"Comment\",\"target\":[\"https:\\\/\\\/redenoticiaz.com.br\\\/litoralsp\\\/2022\\\/11\\\/18\\\/fifa-anuncia-proibicao-de-venda-de-cerveja-nos-estadios#respond\"]}]},{\"@type\":\"WebPage\",\"@id\":\"https:\\\/\\\/redenoticiaz.com.br\\\/litoralsp\\\/2022\\\/11\\\/18\\\/fifa-anuncia-proibicao-de-venda-de-cerveja-nos-estadios\",\"url\":\"https:\\\/\\\/redenoticiaz.com.br\\\/litoralsp\\\/2022\\\/11\\\/18\\\/fifa-anuncia-proibicao-de-venda-de-cerveja-nos-estadios\",\"name\":\"Fifa anuncia proibi\u00e7\u00e3o de venda de cerveja nos est\u00e1dios - Litoral SP\",\"isPartOf\":{\"@id\":\"https:\\\/\\\/redenoticiaz.com.br\\\/litoralsp\\\/#website\"},\"primaryImageOfPage\":{\"@id\":\"https:\\\/\\\/redenoticiaz.com.br\\\/litoralsp\\\/2022\\\/11\\\/18\\\/fifa-anuncia-proibicao-de-venda-de-cerveja-nos-estadios#primaryimage\"},\"image\":{\"@id\":\"https:\\\/\\\/redenoticiaz.com.br\\\/litoralsp\\\/2022\\\/11\\\/18\\\/fifa-anuncia-proibicao-de-venda-de-cerveja-nos-estadios#primaryimage\"},\"thumbnailUrl\":\"https:\\\/\\\/redenoticiaz.com.br\\\/litoralsp\\\/wp-content\\\/uploads\\\/sites\\\/3\\\/2022\\\/11\\\/estadio_974_copa_do_catar.jpg?v=1668795269\",\"datePublished\":\"2022-11-18T18:15:10+00:00\",\"dateModified\":\"2022-11-18T18:15:21+00:00\",\"description\":\"Em uma reviravolta, a Fifa anunciou em comunicado nesta sexta-feira (18) que n\u00e3o ser\u00e1 vendida cerveja nos est\u00e1dios da Copa do Mundo do Catar.\",\"inLanguage\":\"pt-BR\",\"potentialAction\":[{\"@type\":\"ReadAction\",\"target\":[\"https:\\\/\\\/redenoticiaz.com.br\\\/litoralsp\\\/2022\\\/11\\\/18\\\/fifa-anuncia-proibicao-de-venda-de-cerveja-nos-estadios\"]}]},{\"@type\":\"ImageObject\",\"inLanguage\":\"pt-BR\",\"@id\":\"https:\\\/\\\/redenoticiaz.com.br\\\/litoralsp\\\/2022\\\/11\\\/18\\\/fifa-anuncia-proibicao-de-venda-de-cerveja-nos-estadios#primaryimage\",\"url\":\"https:\\\/\\\/redenoticiaz.com.br\\\/litoralsp\\\/wp-content\\\/uploads\\\/sites\\\/3\\\/2022\\\/11\\\/estadio_974_copa_do_catar.jpg?v=1668795269\",\"contentUrl\":\"https:\\\/\\\/redenoticiaz.com.br\\\/litoralsp\\\/wp-content\\\/uploads\\\/sites\\\/3\\\/2022\\\/11\\\/estadio_974_copa_do_catar.jpg?v=1668795269\",\"width\":1170,\"height\":700,\"caption\":\"Fifa anuncia proibi\u00e7\u00e3o de venda de cerveja nos est\u00e1dios\"},{\"@type\":\"WebSite\",\"@id\":\"https:\\\/\\\/redenoticiaz.com.br\\\/litoralsp\\\/#website\",\"url\":\"https:\\\/\\\/redenoticiaz.com.br\\\/litoralsp\\\/\",\"name\":\"Litoral SP\",\"description\":\"Rede NoticiaZ\",\"publisher\":{\"@id\":\"https:\\\/\\\/redenoticiaz.com.br\\\/litoralsp\\\/#organization\"},\"potentialAction\":[{\"@type\":\"SearchAction\",\"target\":{\"@type\":\"EntryPoint\",\"urlTemplate\":\"https:\\\/\\\/redenoticiaz.com.br\\\/litoralsp\\\/?s={search_term_string}\"},\"query-input\":{\"@type\":\"PropertyValueSpecification\",\"valueRequired\":true,\"valueName\":\"search_term_string\"}}],\"inLanguage\":\"pt-BR\"},{\"@type\":\"Organization\",\"@id\":\"https:\\\/\\\/redenoticiaz.com.br\\\/litoralsp\\\/#organization\",\"name\":\"Litoral SP\",\"url\":\"https:\\\/\\\/redenoticiaz.com.br\\\/litoralsp\\\/\",\"logo\":{\"@type\":\"ImageObject\",\"inLanguage\":\"pt-BR\",\"@id\":\"https:\\\/\\\/redenoticiaz.com.br\\\/litoralsp\\\/#\\\/schema\\\/logo\\\/image\\\/\",\"url\":\"https:\\\/\\\/redenoticiaz.com.br\\\/litoralsp\\\/wp-content\\\/uploads\\\/sites\\\/3\\\/2020\\\/11\\\/logo.jpg\",\"contentUrl\":\"https:\\\/\\\/redenoticiaz.com.br\\\/litoralsp\\\/wp-content\\\/uploads\\\/sites\\\/3\\\/2020\\\/11\\\/logo.jpg\",\"width\":400,\"height\":250,\"caption\":\"Litoral SP\"},\"image\":{\"@id\":\"https:\\\/\\\/redenoticiaz.com.br\\\/litoralsp\\\/#\\\/schema\\\/logo\\\/image\\\/\"}},{\"@type\":\"Person\",\"@id\":\"https:\\\/\\\/redenoticiaz.com.br\\\/litoralsp\\\/#\\\/schema\\\/person\\\/16057b37a3c0ee6b096d7f887c566e2e\",\"name\":\"Gustavo Silva\",\"image\":{\"@type\":\"ImageObject\",\"inLanguage\":\"pt-BR\",\"@id\":\"https:\\\/\\\/secure.gravatar.com\\\/avatar\\\/3ee4e82f93b26de0a7cf4ea5eb7893da637ed6bb0c9170c58065944c56e28a33?s=96&d=mm&r=g\",\"url\":\"https:\\\/\\\/secure.gravatar.com\\\/avatar\\\/3ee4e82f93b26de0a7cf4ea5eb7893da637ed6bb0c9170c58065944c56e28a33?s=96&d=mm&r=g\",\"contentUrl\":\"https:\\\/\\\/secure.gravatar.com\\\/avatar\\\/3ee4e82f93b26de0a7cf4ea5eb7893da637ed6bb0c9170c58065944c56e28a33?s=96&d=mm&r=g\",\"caption\":\"Gustavo Silva\"},\"url\":\"https:\\\/\\\/redenoticiaz.com.br\\\/litoralsp\\\/author\\\/gustavosilva\"}]}<\/script>\n<!-- \/ Yoast SEO plugin. -->","yoast_head_json":{"title":"Fifa anuncia proibi\u00e7\u00e3o de venda de cerveja nos est\u00e1dios - Litoral SP","description":"Em uma reviravolta, a Fifa anunciou em comunicado nesta sexta-feira (18) que n\u00e3o ser\u00e1 vendida cerveja nos est\u00e1dios da Copa do Mundo do Catar.","robots":{"index":"index","follow":"follow","max-snippet":"max-snippet:-1","max-image-preview":"max-image-preview:large","max-video-preview":"max-video-preview:-1"},"canonical":"https:\/\/redenoticiaz.com.br\/litoralsp\/2022\/11\/18\/fifa-anuncia-proibicao-de-venda-de-cerveja-nos-estadios","og_locale":"pt_BR","og_type":"article","og_title":"Fifa anuncia proibi\u00e7\u00e3o de venda de cerveja nos est\u00e1dios - Litoral SP","og_description":"Em uma reviravolta, a Fifa anunciou em comunicado nesta sexta-feira (18) que n\u00e3o ser\u00e1 vendida cerveja nos est\u00e1dios da Copa do Mundo do Catar.","og_url":"https:\/\/redenoticiaz.com.br\/litoralsp\/2022\/11\/18\/fifa-anuncia-proibicao-de-venda-de-cerveja-nos-estadios","og_site_name":"Litoral SP","article_published_time":"2022-11-18T18:15:10+00:00","article_modified_time":"2022-11-18T18:15:21+00:00","og_image":[{"width":1170,"height":700,"url":"https:\/\/redenoticiaz.com.br\/litoralsp\/wp-content\/uploads\/sites\/3\/2022\/11\/estadio_974_copa_do_catar.jpg?v=1668795269","type":"image\/jpeg"}],"author":"Gustavo Silva","twitter_card":"summary_large_image","twitter_misc":{"Escrito por":"Gustavo Silva","Est. tempo de leitura":"1 minuto"},"schema":{"@context":"https:\/\/schema.org","@graph":[{"@type":"Article","@id":"https:\/\/redenoticiaz.com.br\/litoralsp\/2022\/11\/18\/fifa-anuncia-proibicao-de-venda-de-cerveja-nos-estadios#article","isPartOf":{"@id":"https:\/\/redenoticiaz.com.br\/litoralsp\/2022\/11\/18\/fifa-anuncia-proibicao-de-venda-de-cerveja-nos-estadios"},"author":{"name":"Gustavo Silva","@id":"https:\/\/redenoticiaz.com.br\/litoralsp\/#\/schema\/person\/16057b37a3c0ee6b096d7f887c566e2e"},"headline":"Fifa anuncia proibi\u00e7\u00e3o de venda de cerveja nos est\u00e1dios","datePublished":"2022-11-18T18:15:10+00:00","dateModified":"2022-11-18T18:15:21+00:00","mainEntityOfPage":{"@id":"https:\/\/redenoticiaz.com.br\/litoralsp\/2022\/11\/18\/fifa-anuncia-proibicao-de-venda-de-cerveja-nos-estadios"},"wordCount":202,"commentCount":0,"publisher":{"@id":"https:\/\/redenoticiaz.com.br\/litoralsp\/#organization"},"image":{"@id":"https:\/\/redenoticiaz.com.br\/litoralsp\/2022\/11\/18\/fifa-anuncia-proibicao-de-venda-de-cerveja-nos-estadios#primaryimage"},"thumbnailUrl":"https:\/\/redenoticiaz.com.br\/litoralsp\/wp-content\/uploads\/sites\/3\/2022\/11\/estadio_974_copa_do_catar.jpg?v=1668795269","keywords":["CERVEJA","Copa","COPA DO MUNDO","EST\u00c1DIOS","FIFA"],"articleSection":["Copa"],"inLanguage":"pt-BR","potentialAction":[{"@type":"CommentAction","name":"Comment","target":["https:\/\/redenoticiaz.com.br\/litoralsp\/2022\/11\/18\/fifa-anuncia-proibicao-de-venda-de-cerveja-nos-estadios#respond"]}]},{"@type":"WebPage","@id":"https:\/\/redenoticiaz.com.br\/litoralsp\/2022\/11\/18\/fifa-anuncia-proibicao-de-venda-de-cerveja-nos-estadios","url":"https:\/\/redenoticiaz.com.br\/litoralsp\/2022\/11\/18\/fifa-anuncia-proibicao-de-venda-de-cerveja-nos-estadios","name":"Fifa anuncia proibi\u00e7\u00e3o de venda de cerveja nos est\u00e1dios - Litoral SP","isPartOf":{"@id":"https:\/\/redenoticiaz.com.br\/litoralsp\/#website"},"primaryImageOfPage":{"@id":"https:\/\/redenoticiaz.com.br\/litoralsp\/2022\/11\/18\/fifa-anuncia-proibicao-de-venda-de-cerveja-nos-estadios#primaryimage"},"image":{"@id":"https:\/\/redenoticiaz.com.br\/litoralsp\/2022\/11\/18\/fifa-anuncia-proibicao-de-venda-de-cerveja-nos-estadios#primaryimage"},"thumbnailUrl":"https:\/\/redenoticiaz.com.br\/litoralsp\/wp-content\/uploads\/sites\/3\/2022\/11\/estadio_974_copa_do_catar.jpg?v=1668795269","datePublished":"2022-11-18T18:15:10+00:00","dateModified":"2022-11-18T18:15:21+00:00","description":"Em uma reviravolta, a Fifa anunciou em comunicado nesta sexta-feira (18) que n\u00e3o ser\u00e1 vendida cerveja nos est\u00e1dios da Copa do Mundo do Catar.","inLanguage":"pt-BR","potentialAction":[{"@type":"ReadAction","target":["https:\/\/redenoticiaz.com.br\/litoralsp\/2022\/11\/18\/fifa-anuncia-proibicao-de-venda-de-cerveja-nos-estadios"]}]},{"@type":"ImageObject","inLanguage":"pt-BR","@id":"https:\/\/redenoticiaz.com.br\/litoralsp\/2022\/11\/18\/fifa-anuncia-proibicao-de-venda-de-cerveja-nos-estadios#primaryimage","url":"https:\/\/redenoticiaz.com.br\/litoralsp\/wp-content\/uploads\/sites\/3\/2022\/11\/estadio_974_copa_do_catar.jpg?v=1668795269","contentUrl":"https:\/\/redenoticiaz.com.br\/litoralsp\/wp-content\/uploads\/sites\/3\/2022\/11\/estadio_974_copa_do_catar.jpg?v=1668795269","width":1170,"height":700,"caption":"Fifa anuncia proibi\u00e7\u00e3o de venda de cerveja nos est\u00e1dios"},{"@type":"WebSite","@id":"https:\/\/redenoticiaz.com.br\/litoralsp\/#website","url":"https:\/\/redenoticiaz.com.br\/litoralsp\/","name":"Litoral SP","description":"Rede NoticiaZ","publisher":{"@id":"https:\/\/redenoticiaz.com.br\/litoralsp\/#organization"},"potentialAction":[{"@type":"SearchAction","target":{"@type":"EntryPoint","urlTemplate":"https:\/\/redenoticiaz.com.br\/litoralsp\/?s={search_term_string}"},"query-input":{"@type":"PropertyValueSpecification","valueRequired":true,"valueName":"search_term_string"}}],"inLanguage":"pt-BR"},{"@type":"Organization","@id":"https:\/\/redenoticiaz.com.br\/litoralsp\/#organization","name":"Litoral SP","url":"https:\/\/redenoticiaz.com.br\/litoralsp\/","logo":{"@type":"ImageObject","inLanguage":"pt-BR","@id":"https:\/\/redenoticiaz.com.br\/litoralsp\/#\/schema\/logo\/image\/","url":"https:\/\/redenoticiaz.com.br\/litoralsp\/wp-content\/uploads\/sites\/3\/2020\/11\/logo.jpg","contentUrl":"https:\/\/redenoticiaz.com.br\/litoralsp\/wp-content\/uploads\/sites\/3\/2020\/11\/logo.jpg","width":400,"height":250,"caption":"Litoral SP"},"image":{"@id":"https:\/\/redenoticiaz.com.br\/litoralsp\/#\/schema\/logo\/image\/"}},{"@type":"Person","@id":"https:\/\/redenoticiaz.com.br\/litoralsp\/#\/schema\/person\/16057b37a3c0ee6b096d7f887c566e2e","name":"Gustavo Silva","image":{"@type":"ImageObject","inLanguage":"pt-BR","@id":"https:\/\/secure.gravatar.com\/avatar\/3ee4e82f93b26de0a7cf4ea5eb7893da637ed6bb0c9170c58065944c56e28a33?s=96&d=mm&r=g","url":"https:\/\/secure.gravatar.com\/avatar\/3ee4e82f93b26de0a7cf4ea5eb7893da637ed6bb0c9170c58065944c56e28a33?s=96&d=mm&r=g","contentUrl":"https:\/\/secure.gravatar.com\/avatar\/3ee4e82f93b26de0a7cf4ea5eb7893da637ed6bb0c9170c58065944c56e28a33?s=96&d=mm&r=g","caption":"Gustavo Silva"},"url":"https:\/\/redenoticiaz.com.br\/litoralsp\/author\/gustavosilva"}]}},"_links":{"self":[{"href":"https:\/\/redenoticiaz.com.br\/litoralsp\/wp-json\/wp\/v2\/posts\/95378","targetHints":{"allow":["GET"]}}],"collection":[{"href":"https:\/\/redenoticiaz.com.br\/litoralsp\/wp-json\/wp\/v2\/posts"}],"about":[{"href":"https:\/\/redenoticiaz.com.br\/litoralsp\/wp-json\/wp\/v2\/types\/post"}],"author":[{"embeddable":true,"href":"https:\/\/redenoticiaz.com.br\/litoralsp\/wp-json\/wp\/v2\/users\/12"}],"replies":[{"embeddable":true,"href":"https:\/\/redenoticiaz.com.br\/litoralsp\/wp-json\/wp\/v2\/comments?post=95378"}],"version-history":[{"count":0,"href":"https:\/\/redenoticiaz.com.br\/litoralsp\/wp-json\/wp\/v2\/posts\/95378\/revisions"}],"wp:featuredmedia":[{"embeddable":true,"href":"https:\/\/redenoticiaz.com.br\/litoralsp\/wp-json\/wp\/v2\/media\/95379"}],"wp:attachment":[{"href":"https:\/\/redenoticiaz.com.br\/litoralsp\/wp-json\/wp\/v2\/media?parent=95378"}],"wp:term":[{"taxonomy":"category","embeddable":true,"href":"https:\/\/redenoticiaz.com.br\/litoralsp\/wp-json\/wp\/v2\/categories?post=95378"},{"taxonomy":"post_tag","embeddable":true,"href":"https:\/\/redenoticiaz.com.br\/litoralsp\/wp-json\/wp\/v2\/tags?post=95378"}],"curies":[{"name":"wp","href":"https:\/\/api.w.org\/{rel}","templated":true}]}}