{"id":95430,"date":"2022-11-19T17:18:48","date_gmt":"2022-11-19T20:18:48","guid":{"rendered":"https:\/\/redenoticiaz.com.br\/litoralsp\/?p=95430"},"modified":"2022-11-19T17:18:48","modified_gmt":"2022-11-19T20:18:48","slug":"idoso-assedia-adolescente-dentro-de-onibus-em-ubatuba-e-vai-preso","status":"publish","type":"post","link":"https:\/\/redenoticiaz.com.br\/litoralsp\/2022\/11\/19\/idoso-assedia-adolescente-dentro-de-onibus-em-ubatuba-e-vai-preso","title":{"rendered":"Idoso assedia adolescente dentro de \u00f4nibus em Ubatuba e vai preso"},"content":{"rendered":"<div id=\"chunk-53i5r\">\n<div class=\"mc-column content-text active-extra-styles \" data-block-type=\"unstyled\" data-block-weight=\"33\" data-block-id=\"3\">\n<p class=\"content-text__container \" data-track-category=\"Link no Texto\" data-track-links=\"\">Foi preso em flagrante nessa sexta-feira (18) um idoso de 74 anos, acusado de cometer <strong>ass\u00e9dio sexual<\/strong> contra uma adolescente de 16 anos em Ubatuba. O crime ocorreu dentro de um \u00f4nibus do transporte p\u00fablico da cidade.<\/p>\n<\/div>\n<\/div>\n<div class=\"wall protected-content\">\n<div id=\"chunk-dvvei\">\n<div class=\"mc-column content-text active-extra-styles \" data-block-type=\"unstyled\" data-block-weight=\"39\" data-block-id=\"4\">\n<p class=\"content-text__container \" data-track-category=\"Link no Texto\" data-track-links=\"\">De acordo com o boletim de ocorr\u00eancia, a adolescente contou aos policiais civis que o idoso estava sentado em uma das cadeiras do \u00f4nibus enquanto encarava e tocava suas partes \u00edntimas. Em seguida, ele colocou o \u00f3rg\u00e3o genital para fora e come\u00e7ou a se masturbar.<\/p>\n<div id=\"chunk-3nf8g\">\n<div class=\"mc-column content-text active-extra-styles \" data-block-type=\"unstyled\" data-block-weight=\"33\" data-block-id=\"6\">\n<p class=\"content-text__container \" data-track-category=\"Link no Texto\" data-track-links=\"\">Ela filmou a a\u00e7\u00e3o e come\u00e7ou a chorar, quando recebeu ajuda de outros passageiros que estavam no transporte coletivo. O motorista foi avisado da situa\u00e7\u00e3o e se dirigiu \u00e0 delegacia da cidade.<\/p>\n<\/div>\n<\/div>\n<div id=\"chunk-ae4uh\">\n<div class=\"mc-column content-text active-extra-styles \" data-block-type=\"unstyled\" data-block-weight=\"30\" data-block-id=\"8\">\n<p class=\"content-text__container \" data-track-category=\"Link no Texto\" data-track-links=\"\">Os envolvidos desceram do \u00f4nibus e se apresentaram aos policiais. O boletim foi registrado como importuna\u00e7\u00e3o sexual e o idoso n\u00e3o teve a op\u00e7\u00e3o de pagar fian\u00e7a e permanece preso.<\/p>\n<p data-track-category=\"Link no Texto\" data-track-links=\"\"><strong>LEIA TAMB\u00c9M<\/strong><\/p>\n<p data-track-category=\"Link no Texto\" data-track-links=\"\"><a href=\"https:\/\/redenoticiaz.com.br\/litoralsp\/2022\/11\/18\/fifa-anuncia-proibicao-de-venda-de-cerveja-nos-estadios\">Fifa anuncia proibi\u00e7\u00e3o de venda de cerveja nos est\u00e1dios<\/a><\/p>\n<\/div>\n<\/div>\n<\/div>\n<\/div>\n<\/div>\n","protected":false},"excerpt":{"rendered":"<p>Foi preso em flagrante nessa sexta-feira (18) um idoso de 74 anos, acusado de cometer ass\u00e9dio sexual contra uma adolescente de 16 anos em Ubatuba. O crime ocorreu dentro de um \u00f4nibus do transporte p\u00fablico da cidade. De acordo com o boletim de ocorr\u00eancia, a adolescente contou aos policiais civis que o idoso estava sentado &hellip;<\/p>\n","protected":false},"author":6,"featured_media":93012,"comment_status":"open","ping_status":"closed","sticky":false,"template":"","format":"standard","meta":{"footnotes":""},"categories":[10,189],"tags":[61066,5005,1287,13939,1333],"class_list":["post-95430","post","type-post","status-publish","format-standard","has-post-thumbnail","hentry","category-policia","category-ubatuba","tag-adolescente-assediada","tag-assedio-sexual","tag-onibus","tag-transporte-publico","tag-ubatuba"],"yoast_head":"<!-- This site is optimized with the Yoast SEO plugin v27.5 - https:\/\/yoast.com\/product\/yoast-seo-wordpress\/ -->\n<title>Idoso assedia adolescente dentro de \u00f4nibus em Ubatuba e vai preso - Litoral SP<\/title>\n<meta name=\"description\" content=\"um idoso de 74 anos, acusado de cometer ass\u00e9dio sexual contra uma adolescente de 16 anos em Ubatuba. O crime ocorreu dentro de um \u00f4nibus\" \/>\n<meta name=\"robots\" content=\"index, follow, max-snippet:-1, max-image-preview:large, max-video-preview:-1\" \/>\n<link rel=\"canonical\" href=\"https:\/\/redenoticiaz.com.br\/litoralsp\/2022\/11\/19\/idoso-assedia-adolescente-dentro-de-onibus-em-ubatuba-e-vai-preso\" \/>\n<meta property=\"og:locale\" content=\"pt_BR\" \/>\n<meta property=\"og:type\" content=\"article\" \/>\n<meta property=\"og:title\" content=\"Idoso assedia adolescente dentro de \u00f4nibus em Ubatuba e vai preso - Litoral SP\" \/>\n<meta property=\"og:description\" content=\"um idoso de 74 anos, acusado de cometer ass\u00e9dio sexual contra uma adolescente de 16 anos em Ubatuba. O crime ocorreu dentro de um \u00f4nibus\" \/>\n<meta property=\"og:url\" content=\"https:\/\/redenoticiaz.com.br\/litoralsp\/2022\/11\/19\/idoso-assedia-adolescente-dentro-de-onibus-em-ubatuba-e-vai-preso\" \/>\n<meta property=\"og:site_name\" content=\"Litoral SP\" \/>\n<meta property=\"article:published_time\" content=\"2022-11-19T20:18:48+00:00\" \/>\n<meta property=\"og:image\" content=\"https:\/\/redenoticiaz.com.br\/litoralsp\/wp-content\/uploads\/sites\/3\/2022\/10\/Delegacia-Ubatuba.jpg\" \/>\n\t<meta property=\"og:image:width\" content=\"964\" \/>\n\t<meta property=\"og:image:height\" content=\"643\" \/>\n\t<meta property=\"og:image:type\" content=\"image\/jpeg\" \/>\n<meta name=\"author\" content=\"Leonardo Francisco\" \/>\n<meta name=\"twitter:card\" content=\"summary_large_image\" \/>\n<meta name=\"twitter:label1\" content=\"Escrito por\" \/>\n\t<meta name=\"twitter:data1\" content=\"Leonardo Francisco\" \/>\n\t<meta name=\"twitter:label2\" content=\"Est. tempo de leitura\" \/>\n\t<meta name=\"twitter:data2\" content=\"1 minuto\" \/>\n<script type=\"application\/ld+json\" class=\"yoast-schema-graph\">{\"@context\":\"https:\\\/\\\/schema.org\",\"@graph\":[{\"@type\":\"Article\",\"@id\":\"https:\\\/\\\/redenoticiaz.com.br\\\/litoralsp\\\/2022\\\/11\\\/19\\\/idoso-assedia-adolescente-dentro-de-onibus-em-ubatuba-e-vai-preso#article\",\"isPartOf\":{\"@id\":\"https:\\\/\\\/redenoticiaz.com.br\\\/litoralsp\\\/2022\\\/11\\\/19\\\/idoso-assedia-adolescente-dentro-de-onibus-em-ubatuba-e-vai-preso\"},\"author\":{\"name\":\"Leonardo Francisco\",\"@id\":\"https:\\\/\\\/redenoticiaz.com.br\\\/litoralsp\\\/#\\\/schema\\\/person\\\/0f0b8a5bdafefe82841e07ae8d81ecb3\"},\"headline\":\"Idoso assedia adolescente dentro de \u00f4nibus em Ubatuba e vai preso\",\"datePublished\":\"2022-11-19T20:18:48+00:00\",\"mainEntityOfPage\":{\"@id\":\"https:\\\/\\\/redenoticiaz.com.br\\\/litoralsp\\\/2022\\\/11\\\/19\\\/idoso-assedia-adolescente-dentro-de-onibus-em-ubatuba-e-vai-preso\"},\"wordCount\":177,\"commentCount\":0,\"publisher\":{\"@id\":\"https:\\\/\\\/redenoticiaz.com.br\\\/litoralsp\\\/#organization\"},\"image\":{\"@id\":\"https:\\\/\\\/redenoticiaz.com.br\\\/litoralsp\\\/2022\\\/11\\\/19\\\/idoso-assedia-adolescente-dentro-de-onibus-em-ubatuba-e-vai-preso#primaryimage\"},\"thumbnailUrl\":\"https:\\\/\\\/redenoticiaz.com.br\\\/litoralsp\\\/wp-content\\\/uploads\\\/sites\\\/3\\\/2022\\\/10\\\/Delegacia-Ubatuba.jpg\",\"keywords\":[\"ADOLESCENTE ASSEDIADA\",\"ASSEDIO SEXUAL\",\"\u00d4NIBUS\",\"TRANSPORTE P\u00daBLICO\",\"UBATUBA\"],\"articleSection\":[\"Pol\u00edcia\",\"Ubatuba\"],\"inLanguage\":\"pt-BR\",\"potentialAction\":[{\"@type\":\"CommentAction\",\"name\":\"Comment\",\"target\":[\"https:\\\/\\\/redenoticiaz.com.br\\\/litoralsp\\\/2022\\\/11\\\/19\\\/idoso-assedia-adolescente-dentro-de-onibus-em-ubatuba-e-vai-preso#respond\"]}]},{\"@type\":\"WebPage\",\"@id\":\"https:\\\/\\\/redenoticiaz.com.br\\\/litoralsp\\\/2022\\\/11\\\/19\\\/idoso-assedia-adolescente-dentro-de-onibus-em-ubatuba-e-vai-preso\",\"url\":\"https:\\\/\\\/redenoticiaz.com.br\\\/litoralsp\\\/2022\\\/11\\\/19\\\/idoso-assedia-adolescente-dentro-de-onibus-em-ubatuba-e-vai-preso\",\"name\":\"Idoso assedia adolescente dentro de \u00f4nibus em Ubatuba e vai preso - Litoral SP\",\"isPartOf\":{\"@id\":\"https:\\\/\\\/redenoticiaz.com.br\\\/litoralsp\\\/#website\"},\"primaryImageOfPage\":{\"@id\":\"https:\\\/\\\/redenoticiaz.com.br\\\/litoralsp\\\/2022\\\/11\\\/19\\\/idoso-assedia-adolescente-dentro-de-onibus-em-ubatuba-e-vai-preso#primaryimage\"},\"image\":{\"@id\":\"https:\\\/\\\/redenoticiaz.com.br\\\/litoralsp\\\/2022\\\/11\\\/19\\\/idoso-assedia-adolescente-dentro-de-onibus-em-ubatuba-e-vai-preso#primaryimage\"},\"thumbnailUrl\":\"https:\\\/\\\/redenoticiaz.com.br\\\/litoralsp\\\/wp-content\\\/uploads\\\/sites\\\/3\\\/2022\\\/10\\\/Delegacia-Ubatuba.jpg\",\"datePublished\":\"2022-11-19T20:18:48+00:00\",\"description\":\"um idoso de 74 anos, acusado de cometer ass\u00e9dio sexual contra uma adolescente de 16 anos em Ubatuba. O crime ocorreu dentro de um \u00f4nibus\",\"inLanguage\":\"pt-BR\",\"potentialAction\":[{\"@type\":\"ReadAction\",\"target\":[\"https:\\\/\\\/redenoticiaz.com.br\\\/litoralsp\\\/2022\\\/11\\\/19\\\/idoso-assedia-adolescente-dentro-de-onibus-em-ubatuba-e-vai-preso\"]}]},{\"@type\":\"ImageObject\",\"inLanguage\":\"pt-BR\",\"@id\":\"https:\\\/\\\/redenoticiaz.com.br\\\/litoralsp\\\/2022\\\/11\\\/19\\\/idoso-assedia-adolescente-dentro-de-onibus-em-ubatuba-e-vai-preso#primaryimage\",\"url\":\"https:\\\/\\\/redenoticiaz.com.br\\\/litoralsp\\\/wp-content\\\/uploads\\\/sites\\\/3\\\/2022\\\/10\\\/Delegacia-Ubatuba.jpg\",\"contentUrl\":\"https:\\\/\\\/redenoticiaz.com.br\\\/litoralsp\\\/wp-content\\\/uploads\\\/sites\\\/3\\\/2022\\\/10\\\/Delegacia-Ubatuba.jpg\",\"width\":964,\"height\":643,\"caption\":\"Cr\u00e9ditos: Divulga\u00e7\u00e3o\\\/Pol\u00edcia Civil\"},{\"@type\":\"WebSite\",\"@id\":\"https:\\\/\\\/redenoticiaz.com.br\\\/litoralsp\\\/#website\",\"url\":\"https:\\\/\\\/redenoticiaz.com.br\\\/litoralsp\\\/\",\"name\":\"Litoral SP\",\"description\":\"Rede NoticiaZ\",\"publisher\":{\"@id\":\"https:\\\/\\\/redenoticiaz.com.br\\\/litoralsp\\\/#organization\"},\"potentialAction\":[{\"@type\":\"SearchAction\",\"target\":{\"@type\":\"EntryPoint\",\"urlTemplate\":\"https:\\\/\\\/redenoticiaz.com.br\\\/litoralsp\\\/?s={search_term_string}\"},\"query-input\":{\"@type\":\"PropertyValueSpecification\",\"valueRequired\":true,\"valueName\":\"search_term_string\"}}],\"inLanguage\":\"pt-BR\"},{\"@type\":\"Organization\",\"@id\":\"https:\\\/\\\/redenoticiaz.com.br\\\/litoralsp\\\/#organization\",\"name\":\"Litoral SP\",\"url\":\"https:\\\/\\\/redenoticiaz.com.br\\\/litoralsp\\\/\",\"logo\":{\"@type\":\"ImageObject\",\"inLanguage\":\"pt-BR\",\"@id\":\"https:\\\/\\\/redenoticiaz.com.br\\\/litoralsp\\\/#\\\/schema\\\/logo\\\/image\\\/\",\"url\":\"https:\\\/\\\/redenoticiaz.com.br\\\/litoralsp\\\/wp-content\\\/uploads\\\/sites\\\/3\\\/2020\\\/11\\\/logo.jpg\",\"contentUrl\":\"https:\\\/\\\/redenoticiaz.com.br\\\/litoralsp\\\/wp-content\\\/uploads\\\/sites\\\/3\\\/2020\\\/11\\\/logo.jpg\",\"width\":400,\"height\":250,\"caption\":\"Litoral SP\"},\"image\":{\"@id\":\"https:\\\/\\\/redenoticiaz.com.br\\\/litoralsp\\\/#\\\/schema\\\/logo\\\/image\\\/\"}},{\"@type\":\"Person\",\"@id\":\"https:\\\/\\\/redenoticiaz.com.br\\\/litoralsp\\\/#\\\/schema\\\/person\\\/0f0b8a5bdafefe82841e07ae8d81ecb3\",\"name\":\"Leonardo Francisco\",\"image\":{\"@type\":\"ImageObject\",\"inLanguage\":\"pt-BR\",\"@id\":\"https:\\\/\\\/secure.gravatar.com\\\/avatar\\\/a7358cb406a99b682ec6df1e77e31ae82e63601f6784e8a3df411d72b37864da?s=96&d=mm&r=g\",\"url\":\"https:\\\/\\\/secure.gravatar.com\\\/avatar\\\/a7358cb406a99b682ec6df1e77e31ae82e63601f6784e8a3df411d72b37864da?s=96&d=mm&r=g\",\"contentUrl\":\"https:\\\/\\\/secure.gravatar.com\\\/avatar\\\/a7358cb406a99b682ec6df1e77e31ae82e63601f6784e8a3df411d72b37864da?s=96&d=mm&r=g\",\"caption\":\"Leonardo Francisco\"},\"url\":\"https:\\\/\\\/redenoticiaz.com.br\\\/litoralsp\\\/author\\\/leonardo-francisco\"}]}<\/script>\n<!-- \/ Yoast SEO plugin. -->","yoast_head_json":{"title":"Idoso assedia adolescente dentro de \u00f4nibus em Ubatuba e vai preso - Litoral SP","description":"um idoso de 74 anos, acusado de cometer ass\u00e9dio sexual contra uma adolescente de 16 anos em Ubatuba. O crime ocorreu dentro de um \u00f4nibus","robots":{"index":"index","follow":"follow","max-snippet":"max-snippet:-1","max-image-preview":"max-image-preview:large","max-video-preview":"max-video-preview:-1"},"canonical":"https:\/\/redenoticiaz.com.br\/litoralsp\/2022\/11\/19\/idoso-assedia-adolescente-dentro-de-onibus-em-ubatuba-e-vai-preso","og_locale":"pt_BR","og_type":"article","og_title":"Idoso assedia adolescente dentro de \u00f4nibus em Ubatuba e vai preso - Litoral SP","og_description":"um idoso de 74 anos, acusado de cometer ass\u00e9dio sexual contra uma adolescente de 16 anos em Ubatuba. O crime ocorreu dentro de um \u00f4nibus","og_url":"https:\/\/redenoticiaz.com.br\/litoralsp\/2022\/11\/19\/idoso-assedia-adolescente-dentro-de-onibus-em-ubatuba-e-vai-preso","og_site_name":"Litoral SP","article_published_time":"2022-11-19T20:18:48+00:00","og_image":[{"width":964,"height":643,"url":"https:\/\/redenoticiaz.com.br\/litoralsp\/wp-content\/uploads\/sites\/3\/2022\/10\/Delegacia-Ubatuba.jpg","type":"image\/jpeg"}],"author":"Leonardo Francisco","twitter_card":"summary_large_image","twitter_misc":{"Escrito por":"Leonardo Francisco","Est. tempo de leitura":"1 minuto"},"schema":{"@context":"https:\/\/schema.org","@graph":[{"@type":"Article","@id":"https:\/\/redenoticiaz.com.br\/litoralsp\/2022\/11\/19\/idoso-assedia-adolescente-dentro-de-onibus-em-ubatuba-e-vai-preso#article","isPartOf":{"@id":"https:\/\/redenoticiaz.com.br\/litoralsp\/2022\/11\/19\/idoso-assedia-adolescente-dentro-de-onibus-em-ubatuba-e-vai-preso"},"author":{"name":"Leonardo Francisco","@id":"https:\/\/redenoticiaz.com.br\/litoralsp\/#\/schema\/person\/0f0b8a5bdafefe82841e07ae8d81ecb3"},"headline":"Idoso assedia adolescente dentro de \u00f4nibus em Ubatuba e vai preso","datePublished":"2022-11-19T20:18:48+00:00","mainEntityOfPage":{"@id":"https:\/\/redenoticiaz.com.br\/litoralsp\/2022\/11\/19\/idoso-assedia-adolescente-dentro-de-onibus-em-ubatuba-e-vai-preso"},"wordCount":177,"commentCount":0,"publisher":{"@id":"https:\/\/redenoticiaz.com.br\/litoralsp\/#organization"},"image":{"@id":"https:\/\/redenoticiaz.com.br\/litoralsp\/2022\/11\/19\/idoso-assedia-adolescente-dentro-de-onibus-em-ubatuba-e-vai-preso#primaryimage"},"thumbnailUrl":"https:\/\/redenoticiaz.com.br\/litoralsp\/wp-content\/uploads\/sites\/3\/2022\/10\/Delegacia-Ubatuba.jpg","keywords":["ADOLESCENTE ASSEDIADA","ASSEDIO SEXUAL","\u00d4NIBUS","TRANSPORTE P\u00daBLICO","UBATUBA"],"articleSection":["Pol\u00edcia","Ubatuba"],"inLanguage":"pt-BR","potentialAction":[{"@type":"CommentAction","name":"Comment","target":["https:\/\/redenoticiaz.com.br\/litoralsp\/2022\/11\/19\/idoso-assedia-adolescente-dentro-de-onibus-em-ubatuba-e-vai-preso#respond"]}]},{"@type":"WebPage","@id":"https:\/\/redenoticiaz.com.br\/litoralsp\/2022\/11\/19\/idoso-assedia-adolescente-dentro-de-onibus-em-ubatuba-e-vai-preso","url":"https:\/\/redenoticiaz.com.br\/litoralsp\/2022\/11\/19\/idoso-assedia-adolescente-dentro-de-onibus-em-ubatuba-e-vai-preso","name":"Idoso assedia adolescente dentro de \u00f4nibus em Ubatuba e vai preso - Litoral SP","isPartOf":{"@id":"https:\/\/redenoticiaz.com.br\/litoralsp\/#website"},"primaryImageOfPage":{"@id":"https:\/\/redenoticiaz.com.br\/litoralsp\/2022\/11\/19\/idoso-assedia-adolescente-dentro-de-onibus-em-ubatuba-e-vai-preso#primaryimage"},"image":{"@id":"https:\/\/redenoticiaz.com.br\/litoralsp\/2022\/11\/19\/idoso-assedia-adolescente-dentro-de-onibus-em-ubatuba-e-vai-preso#primaryimage"},"thumbnailUrl":"https:\/\/redenoticiaz.com.br\/litoralsp\/wp-content\/uploads\/sites\/3\/2022\/10\/Delegacia-Ubatuba.jpg","datePublished":"2022-11-19T20:18:48+00:00","description":"um idoso de 74 anos, acusado de cometer ass\u00e9dio sexual contra uma adolescente de 16 anos em Ubatuba. O crime ocorreu dentro de um \u00f4nibus","inLanguage":"pt-BR","potentialAction":[{"@type":"ReadAction","target":["https:\/\/redenoticiaz.com.br\/litoralsp\/2022\/11\/19\/idoso-assedia-adolescente-dentro-de-onibus-em-ubatuba-e-vai-preso"]}]},{"@type":"ImageObject","inLanguage":"pt-BR","@id":"https:\/\/redenoticiaz.com.br\/litoralsp\/2022\/11\/19\/idoso-assedia-adolescente-dentro-de-onibus-em-ubatuba-e-vai-preso#primaryimage","url":"https:\/\/redenoticiaz.com.br\/litoralsp\/wp-content\/uploads\/sites\/3\/2022\/10\/Delegacia-Ubatuba.jpg","contentUrl":"https:\/\/redenoticiaz.com.br\/litoralsp\/wp-content\/uploads\/sites\/3\/2022\/10\/Delegacia-Ubatuba.jpg","width":964,"height":643,"caption":"Cr\u00e9ditos: Divulga\u00e7\u00e3o\/Pol\u00edcia Civil"},{"@type":"WebSite","@id":"https:\/\/redenoticiaz.com.br\/litoralsp\/#website","url":"https:\/\/redenoticiaz.com.br\/litoralsp\/","name":"Litoral SP","description":"Rede NoticiaZ","publisher":{"@id":"https:\/\/redenoticiaz.com.br\/litoralsp\/#organization"},"potentialAction":[{"@type":"SearchAction","target":{"@type":"EntryPoint","urlTemplate":"https:\/\/redenoticiaz.com.br\/litoralsp\/?s={search_term_string}"},"query-input":{"@type":"PropertyValueSpecification","valueRequired":true,"valueName":"search_term_string"}}],"inLanguage":"pt-BR"},{"@type":"Organization","@id":"https:\/\/redenoticiaz.com.br\/litoralsp\/#organization","name":"Litoral SP","url":"https:\/\/redenoticiaz.com.br\/litoralsp\/","logo":{"@type":"ImageObject","inLanguage":"pt-BR","@id":"https:\/\/redenoticiaz.com.br\/litoralsp\/#\/schema\/logo\/image\/","url":"https:\/\/redenoticiaz.com.br\/litoralsp\/wp-content\/uploads\/sites\/3\/2020\/11\/logo.jpg","contentUrl":"https:\/\/redenoticiaz.com.br\/litoralsp\/wp-content\/uploads\/sites\/3\/2020\/11\/logo.jpg","width":400,"height":250,"caption":"Litoral SP"},"image":{"@id":"https:\/\/redenoticiaz.com.br\/litoralsp\/#\/schema\/logo\/image\/"}},{"@type":"Person","@id":"https:\/\/redenoticiaz.com.br\/litoralsp\/#\/schema\/person\/0f0b8a5bdafefe82841e07ae8d81ecb3","name":"Leonardo Francisco","image":{"@type":"ImageObject","inLanguage":"pt-BR","@id":"https:\/\/secure.gravatar.com\/avatar\/a7358cb406a99b682ec6df1e77e31ae82e63601f6784e8a3df411d72b37864da?s=96&d=mm&r=g","url":"https:\/\/secure.gravatar.com\/avatar\/a7358cb406a99b682ec6df1e77e31ae82e63601f6784e8a3df411d72b37864da?s=96&d=mm&r=g","contentUrl":"https:\/\/secure.gravatar.com\/avatar\/a7358cb406a99b682ec6df1e77e31ae82e63601f6784e8a3df411d72b37864da?s=96&d=mm&r=g","caption":"Leonardo Francisco"},"url":"https:\/\/redenoticiaz.com.br\/litoralsp\/author\/leonardo-francisco"}]}},"_links":{"self":[{"href":"https:\/\/redenoticiaz.com.br\/litoralsp\/wp-json\/wp\/v2\/posts\/95430","targetHints":{"allow":["GET"]}}],"collection":[{"href":"https:\/\/redenoticiaz.com.br\/litoralsp\/wp-json\/wp\/v2\/posts"}],"about":[{"href":"https:\/\/redenoticiaz.com.br\/litoralsp\/wp-json\/wp\/v2\/types\/post"}],"author":[{"embeddable":true,"href":"https:\/\/redenoticiaz.com.br\/litoralsp\/wp-json\/wp\/v2\/users\/6"}],"replies":[{"embeddable":true,"href":"https:\/\/redenoticiaz.com.br\/litoralsp\/wp-json\/wp\/v2\/comments?post=95430"}],"version-history":[{"count":1,"href":"https:\/\/redenoticiaz.com.br\/litoralsp\/wp-json\/wp\/v2\/posts\/95430\/revisions"}],"predecessor-version":[{"id":95431,"href":"https:\/\/redenoticiaz.com.br\/litoralsp\/wp-json\/wp\/v2\/posts\/95430\/revisions\/95431"}],"wp:featuredmedia":[{"embeddable":true,"href":"https:\/\/redenoticiaz.com.br\/litoralsp\/wp-json\/wp\/v2\/media\/93012"}],"wp:attachment":[{"href":"https:\/\/redenoticiaz.com.br\/litoralsp\/wp-json\/wp\/v2\/media?parent=95430"}],"wp:term":[{"taxonomy":"category","embeddable":true,"href":"https:\/\/redenoticiaz.com.br\/litoralsp\/wp-json\/wp\/v2\/categories?post=95430"},{"taxonomy":"post_tag","embeddable":true,"href":"https:\/\/redenoticiaz.com.br\/litoralsp\/wp-json\/wp\/v2\/tags?post=95430"}],"curies":[{"name":"wp","href":"https:\/\/api.w.org\/{rel}","templated":true}]}}