{"id":95435,"date":"2022-11-19T19:00:45","date_gmt":"2022-11-19T22:00:45","guid":{"rendered":"https:\/\/redenoticiaz.com.br\/litoralsp\/2022\/11\/19\/video-prefeitura-corre-para-recuperar-o-prejuizo-provocado-pelas-fortes-chuvas-em-barretos"},"modified":"2022-11-20T06:37:28","modified_gmt":"2022-11-20T09:37:28","slug":"video-prefeitura-corre-para-recuperar-o-prejuizo-provocado-pelas-fortes-chuvas-em-barretos","status":"publish","type":"post","link":"https:\/\/redenoticiaz.com.br\/litoralsp\/2022\/11\/19\/video-prefeitura-corre-para-recuperar-o-prejuizo-provocado-pelas-fortes-chuvas-em-barretos","title":{"rendered":"V\u00cdDEO \u2013 Prefeitura corre para recuperar o preju\u00edzo provocado pelas fortes chuvas em Barretos"},"content":{"rendered":"<p>A Prefeitura de Barretos, Interior de S\u00e3o Paulo, corre contra o tempo para recuperar os asfaltos da Avenida 35 e da Rua 20, no Centro da cidade. Ambas foram bastante afetadas pelo <strong>temporal<\/strong> dessa sexta-feira (18) e as vias passavam por obras antienchentes. Al\u00e9m dos impactos causados nas vias, uma m\u00e1quina foi arrastada.<\/p>\n<p>De acordo com a prefeitura, a primeira etapa do projeto estava passando pelo recebimento de um novo asfalto, O projeto, al\u00e9m de remover os buracos, tamb\u00e9m visava diminuir a ocorr\u00eancia de enchentes. No entanto com a enxurrada, mais buracos apareceram.<\/p>\n<div class=\"wall protected-content\">\n<div id=\"chunk-3li0u\">\n<div class=\"mc-column content-text active-extra-styles \" data-block-type=\"unstyled\" data-block-weight=\"27\" data-block-id=\"5\">\n<p class=\"content-text__container \" data-track-category=\"Link no Texto\" data-track-links=\"\">O Centro Integrado de Informa\u00e7\u00f5es Agrometeorol\u00f3gicas (CIIAGRO) informou que choveu 18 mil\u00edmetros somente na noite de sexta. Contudo, os ventos chegaram a 70 km\/h. A \u00e1gua invadiu com\u00e9rcios e casas, e os moradores registraram os alagamentos em diferentes pontos da cidade. Em um dos pontos, um carro chegou a cair dentro de um buraco aberto depois que o asfalto cedeu.<\/p>\n<p data-track-category=\"Link no Texto\" data-track-links=\"\">Em um dos pontos, um carro chegou a cair dentro de um buraco aberto depois que o asfalto cedeu. Os trabalhos tiveram in\u00edcio depois que uma outra enxurrada, que aconteceu em janeiro deste ano, causou a morte de uma idosa.<\/p>\n<h3 data-track-category=\"Link no Texto\">Veja os v\u00eddeos:<\/h3>\n<div class=\"wp-playlist wp-video-playlist wp-playlist-light\">\n\t\t<video controls=\"controls\" preload=\"none\" width=\"640\"\n\t\t height=\"1131\"\t><\/video>\n\t<div class=\"wp-playlist-next\"><\/div>\n\t<div class=\"wp-playlist-prev\"><\/div>\n\t<noscript>\n\t<ol>\n\t\t<li><a href='https:\/\/redenoticiaz.com.br\/litoralsp\/wp-content\/uploads\/sites\/3\/2022\/11\/WhatsApp-Video-2022-11-19-at-16.45.05.mp4'>Reconstru\u00e7\u00e3o da via<\/a><\/li><li><a href='https:\/\/redenoticiaz.com.br\/litoralsp\/wp-content\/uploads\/sites\/3\/2022\/11\/WhatsApp-Video-2022-11-19-at-17.23.00.mp4'>Danos da chuva<\/a><\/li><li><a href='https:\/\/redenoticiaz.com.br\/litoralsp\/wp-content\/uploads\/sites\/3\/2022\/11\/WhatsApp-Video-2022-11-19-at-16.45.04.mp4'>Remo\u00e7\u00e3o da terra<\/a><\/li>\t<\/ol>\n\t<\/noscript>\n\t<script type=\"application\/json\" class=\"wp-playlist-script\">{\"type\":\"video\",\"tracklist\":true,\"tracknumbers\":true,\"images\":true,\"artists\":true,\"tracks\":[{\"src\":\"https:\/\/redenoticiaz.com.br\/litoralsp\/wp-content\/uploads\/sites\/3\/2022\/11\/WhatsApp-Video-2022-11-19-at-16.45.05.mp4\",\"type\":\"video\/mp4\",\"title\":\"Reconstru\\u00e7\\u00e3o da via\",\"caption\":\"\",\"description\":\"\",\"meta\":{\"length_formatted\":\"0:09\"},\"dimensions\":{\"original\":{\"width\":480,\"height\":848},\"resized\":{\"width\":640,\"height\":1131}},\"image\":{\"src\":\"https:\/\/redenoticiaz.com.br\/litoralsp\/wp-includes\/images\/media\/video.svg\",\"width\":48,\"height\":64},\"thumb\":{\"src\":\"https:\/\/redenoticiaz.com.br\/litoralsp\/wp-includes\/images\/media\/video.svg\",\"width\":48,\"height\":64}},{\"src\":\"https:\/\/redenoticiaz.com.br\/litoralsp\/wp-content\/uploads\/sites\/3\/2022\/11\/WhatsApp-Video-2022-11-19-at-17.23.00.mp4\",\"type\":\"video\/mp4\",\"title\":\"Danos da chuva\",\"caption\":\"\",\"description\":\"\",\"meta\":{\"length_formatted\":\"0:15\"},\"dimensions\":{\"original\":{\"width\":480,\"height\":848},\"resized\":{\"width\":640,\"height\":1131}},\"image\":{\"src\":\"https:\/\/redenoticiaz.com.br\/litoralsp\/wp-includes\/images\/media\/video.svg\",\"width\":48,\"height\":64},\"thumb\":{\"src\":\"https:\/\/redenoticiaz.com.br\/litoralsp\/wp-includes\/images\/media\/video.svg\",\"width\":48,\"height\":64}},{\"src\":\"https:\/\/redenoticiaz.com.br\/litoralsp\/wp-content\/uploads\/sites\/3\/2022\/11\/WhatsApp-Video-2022-11-19-at-16.45.04.mp4\",\"type\":\"video\/mp4\",\"title\":\"Remo\\u00e7\\u00e3o da terra\",\"caption\":\"\",\"description\":\"\",\"meta\":{\"length_formatted\":\"0:16\"},\"dimensions\":{\"original\":{\"width\":480,\"height\":848},\"resized\":{\"width\":640,\"height\":1131}},\"image\":{\"src\":\"https:\/\/redenoticiaz.com.br\/litoralsp\/wp-includes\/images\/media\/video.svg\",\"width\":48,\"height\":64},\"thumb\":{\"src\":\"https:\/\/redenoticiaz.com.br\/litoralsp\/wp-includes\/images\/media\/video.svg\",\"width\":48,\"height\":64}}]}<\/script>\n<\/div>\n\t\n<p data-track-category=\"Link no Texto\" data-track-links=\"\">Na coletiva dessa sexta-feira (18), o secret\u00e1rio municipal de Obras e Servi\u00e7os P\u00fablicos, Raul Paganelli, diz que a regi\u00e3o da Avenida 35 \u00e9 uma das mais afetadas porque o bairro foi fundado sobre um c\u00f3rrego e a capta\u00e7\u00e3o de \u00e1gua foi subestimada.<\/p>\n<div id=\"chunk-ckphc\">\n<div class=\"mc-column content-text active-extra-styles \" data-block-type=\"unstyled\" data-block-weight=\"38\" data-block-id=\"13\">\n<p class=\"content-text__container \" data-track-category=\"Link no Texto\" data-track-links=\"\">\u201c\u00c9 uma regi\u00e3o da cidade que foi constru\u00edda em cima de um c\u00f3rrego, uma regi\u00e3o que n\u00e3o tinha capta\u00e7\u00e3o de \u00e1gua nenhuma. Existia uma pequena capta\u00e7\u00e3o de \u00e1gua, mas a bacia \u00e9 muito grande desse c\u00f3rrego\u201d, diz.<\/p>\n<figure id=\"attachment_95439\" aria-describedby=\"caption-attachment-95439\" style=\"width: 300px\" class=\"wp-caption alignleft\"><img loading=\"lazy\" decoding=\"async\" class=\"size-medium wp-image-95439\" src=\"https:\/\/redenoticiaz.com.br\/litoralsp\/wp-content\/uploads\/sites\/3\/2022\/11\/WhatsApp-Image-2022-11-19-at-16.58.03-300x169.jpeg\" alt=\"\" width=\"300\" height=\"169\" srcset=\"https:\/\/redenoticiaz.com.br\/litoralsp\/wp-content\/uploads\/sites\/3\/2022\/11\/WhatsApp-Image-2022-11-19-at-16.58.03-300x169.jpeg 300w, https:\/\/redenoticiaz.com.br\/litoralsp\/wp-content\/uploads\/sites\/3\/2022\/11\/WhatsApp-Image-2022-11-19-at-16.58.03-1024x575.jpeg 1024w, https:\/\/redenoticiaz.com.br\/litoralsp\/wp-content\/uploads\/sites\/3\/2022\/11\/WhatsApp-Image-2022-11-19-at-16.58.03-768x432.jpeg 768w, https:\/\/redenoticiaz.com.br\/litoralsp\/wp-content\/uploads\/sites\/3\/2022\/11\/WhatsApp-Image-2022-11-19-at-16.58.03-1536x863.jpeg 1536w, https:\/\/redenoticiaz.com.br\/litoralsp\/wp-content\/uploads\/sites\/3\/2022\/11\/WhatsApp-Image-2022-11-19-at-16.58.03-390x220.jpeg 390w, https:\/\/redenoticiaz.com.br\/litoralsp\/wp-content\/uploads\/sites\/3\/2022\/11\/WhatsApp-Image-2022-11-19-at-16.58.03.jpeg 1600w\" sizes=\"auto, (max-width: 300px) 100vw, 300px\" \/><figcaption id=\"caption-attachment-95439\" class=\"wp-caption-text\">Via estava com a primeira fase j\u00e1 conclu\u00edda. Cr\u00e9ditos: Divulga\u00e7\u00e3o\/Prefeitura de Barretos<\/figcaption><\/figure>\n<\/div>\n<\/div>\n<div id=\"chunk-7pv3o\">\n<div class=\"mc-column content-text active-extra-styles \" data-block-type=\"unstyled\" data-block-weight=\"27\" data-block-id=\"14\">\n<p class=\"content-text__container \" data-track-category=\"Link no Texto\" data-track-links=\"\">Paganelli afirma que a Prefeitura de Barretos obteve recursos de R$ 5 milh\u00f5es para investir nas melhorias, mas que o trabalho ainda est\u00e1 sendo feito.<\/p>\n<div id=\"chunk-54a4e\">\n<div class=\"mc-column content-text active-extra-styles \" data-block-type=\"unstyled\" data-block-weight=\"40\" data-block-id=\"16\">\n<p class=\"content-text__container \" data-track-category=\"Link no Texto\" data-track-links=\"\">A maioria dos im\u00f3veis no local \u00e9 de resid\u00eancias e muitas delas j\u00e1 apresentam rachaduras por causa do solo abalado. De acordo com Paganelli, a prefeitura monitora as casas, mas que n\u00e3o h\u00e1 risco de desabamentos at\u00e9 o momento.<\/p>\n<\/div>\n<\/div>\n<div id=\"chunk-8nm74\">\n<div class=\"mc-column content-text active-extra-styles \" data-block-type=\"unstyled\" data-block-weight=\"38\" data-block-id=\"18\">\n<p class=\"content-text__container \" data-track-category=\"Link no Texto\" data-track-links=\"\">\u201cAs casas n\u00e3o est\u00e3o comprometidas, n\u00e3o h\u00e1 um risco eminente de ca\u00edrem, n\u00e3o. Houve algumas trincas, mas internamente nas casas n\u00e3o identificamos nenhum abalamento de estrutura que venha a cair. A qualquer risco, eles [moradores] ser\u00e3o retirados.\u201d<\/p>\n<\/div>\n<\/div>\n<div id=\"chunk-7ejis\">\n<div class=\"mc-column content-text active-extra-styles \" data-block-type=\"unstyled\" data-block-weight=\"12\" data-block-id=\"19\">\n<p class=\"content-text__container \" data-track-category=\"Link no Texto\" data-track-links=\"\">De acordo com a Defesa Civil de Barretos, apesar dos danos, n\u00e3o houve feridos ou desabrigados.<\/p>\n<p data-track-category=\"Link no Texto\" data-track-links=\"\"><strong>LEIA TAMB\u00c9M<\/strong><\/p>\n<p data-track-category=\"Link no Texto\" data-track-links=\"\"><a href=\"https:\/\/redenoticiaz.com.br\/barretos-regiao\/sp\/2022\/11\/18\/cidade-registra-a-menor-umidade-do-ar-em-todo-pais\">Cidade registra a menor umidade do ar em todo o Pa\u00eds<\/a><\/p>\n<\/div>\n<\/div>\n<\/div>\n<\/div>\n<\/div>\n<\/div>\n<\/div>\n","protected":false},"excerpt":{"rendered":"<p>A Prefeitura de Barretos, Interior de S\u00e3o Paulo, corre contra o tempo para recuperar os asfaltos da Avenida 35 e da Rua 20, no Centro da cidade. Ambas foram bastante afetadas pelo temporal dessa sexta-feira (18) e as vias passavam por obras antienchentes. Al\u00e9m dos impactos causados nas vias, uma m\u00e1quina foi arrastada. De acordo &hellip;<\/p>\n","protected":false},"author":6,"featured_media":95440,"comment_status":"open","ping_status":"closed","sticky":false,"template":"","format":"standard","meta":{"footnotes":""},"categories":[26798,1579],"tags":[61067,12482,61068,46543,1614,61069,7415],"class_list":["post-95435","post","type-post","status-publish","format-standard","has-post-thumbnail","hentry","category-climatologia","category-obras","tag-avenida-35","tag-barretos","tag-centro-de-barretos","tag-enxurrada","tag-recuperacao","tag-rua-20","tag-temporal"],"yoast_head":"<!-- This site is optimized with the Yoast SEO plugin v27.4 - https:\/\/yoast.com\/product\/yoast-seo-wordpress\/ -->\n<title>V\u00cdDEO \u2013 Prefeitura corre para recuperar o preju\u00edzo provocado pelas fortes chuvas em Barretos - Litoral SP<\/title>\n<meta name=\"description\" content=\"A Prefeitura de Barretos, Interior de S\u00e3o Paulo, corre contra o tempo para recuperar os asfaltos da Avenida 35 e da Rua 20, no Centro\" \/>\n<meta name=\"robots\" content=\"index, follow, max-snippet:-1, max-image-preview:large, max-video-preview:-1\" \/>\n<link rel=\"canonical\" href=\"https:\/\/redenoticiaz.com.br\/litoralsp\/2022\/11\/19\/video-prefeitura-corre-para-recuperar-o-prejuizo-provocado-pelas-fortes-chuvas-em-barretos\" \/>\n<meta property=\"og:locale\" content=\"pt_BR\" \/>\n<meta property=\"og:type\" content=\"article\" \/>\n<meta property=\"og:title\" content=\"V\u00cdDEO \u2013 Prefeitura corre para recuperar o preju\u00edzo provocado pelas fortes chuvas em Barretos - Litoral SP\" \/>\n<meta property=\"og:description\" content=\"A Prefeitura de Barretos, Interior de S\u00e3o Paulo, corre contra o tempo para recuperar os asfaltos da Avenida 35 e da Rua 20, no Centro\" \/>\n<meta property=\"og:url\" content=\"https:\/\/redenoticiaz.com.br\/litoralsp\/2022\/11\/19\/video-prefeitura-corre-para-recuperar-o-prejuizo-provocado-pelas-fortes-chuvas-em-barretos\" \/>\n<meta property=\"og:site_name\" content=\"Litoral SP\" \/>\n<meta property=\"article:published_time\" content=\"2022-11-19T22:00:45+00:00\" \/>\n<meta property=\"article:modified_time\" content=\"2022-11-20T09:37:28+00:00\" \/>\n<meta name=\"author\" content=\"Leonardo Francisco\" \/>\n<meta name=\"twitter:card\" content=\"summary_large_image\" \/>\n<meta name=\"twitter:image\" content=\"https:\/\/redenoticiaz.com.br\/litoralsp\/wp-content\/uploads\/sites\/3\/2022\/11\/ENXURRADA.jpg\" \/>\n<meta name=\"twitter:label1\" content=\"Escrito por\" \/>\n\t<meta name=\"twitter:data1\" content=\"Leonardo Francisco\" \/>\n\t<meta name=\"twitter:label2\" content=\"Est. tempo de leitura\" \/>\n\t<meta name=\"twitter:data2\" content=\"3 minutos\" \/>\n<script type=\"application\/ld+json\" class=\"yoast-schema-graph\">{\"@context\":\"https:\\\/\\\/schema.org\",\"@graph\":[{\"@type\":\"Article\",\"@id\":\"https:\\\/\\\/redenoticiaz.com.br\\\/litoralsp\\\/2022\\\/11\\\/19\\\/video-prefeitura-corre-para-recuperar-o-prejuizo-provocado-pelas-fortes-chuvas-em-barretos#article\",\"isPartOf\":{\"@id\":\"https:\\\/\\\/redenoticiaz.com.br\\\/litoralsp\\\/2022\\\/11\\\/19\\\/video-prefeitura-corre-para-recuperar-o-prejuizo-provocado-pelas-fortes-chuvas-em-barretos\"},\"author\":{\"name\":\"Leonardo Francisco\",\"@id\":\"https:\\\/\\\/redenoticiaz.com.br\\\/litoralsp\\\/#\\\/schema\\\/person\\\/0f0b8a5bdafefe82841e07ae8d81ecb3\"},\"headline\":\"V\u00cdDEO \u2013 Prefeitura corre para recuperar o preju\u00edzo provocado pelas fortes chuvas em Barretos\",\"datePublished\":\"2022-11-19T22:00:45+00:00\",\"dateModified\":\"2022-11-20T09:37:28+00:00\",\"mainEntityOfPage\":{\"@id\":\"https:\\\/\\\/redenoticiaz.com.br\\\/litoralsp\\\/2022\\\/11\\\/19\\\/video-prefeitura-corre-para-recuperar-o-prejuizo-provocado-pelas-fortes-chuvas-em-barretos\"},\"wordCount\":476,\"commentCount\":0,\"publisher\":{\"@id\":\"https:\\\/\\\/redenoticiaz.com.br\\\/litoralsp\\\/#organization\"},\"image\":{\"@id\":\"https:\\\/\\\/redenoticiaz.com.br\\\/litoralsp\\\/2022\\\/11\\\/19\\\/video-prefeitura-corre-para-recuperar-o-prejuizo-provocado-pelas-fortes-chuvas-em-barretos#primaryimage\"},\"thumbnailUrl\":\"https:\\\/\\\/redenoticiaz.com.br\\\/litoralsp\\\/wp-content\\\/uploads\\\/sites\\\/3\\\/2022\\\/11\\\/ENXURRADA.jpg\",\"keywords\":[\"AVENIDA 35\",\"BARRETOS\",\"CENTRO DE BARRETOS\",\"ENXURRADA\",\"RECUPERA\u00c7\u00c3O\",\"RUA 20\",\"TEMPORAL\"],\"articleSection\":[\"Climatologia\",\"Obras\"],\"inLanguage\":\"pt-BR\",\"potentialAction\":[{\"@type\":\"CommentAction\",\"name\":\"Comment\",\"target\":[\"https:\\\/\\\/redenoticiaz.com.br\\\/litoralsp\\\/2022\\\/11\\\/19\\\/video-prefeitura-corre-para-recuperar-o-prejuizo-provocado-pelas-fortes-chuvas-em-barretos#respond\"]}]},{\"@type\":\"WebPage\",\"@id\":\"https:\\\/\\\/redenoticiaz.com.br\\\/litoralsp\\\/2022\\\/11\\\/19\\\/video-prefeitura-corre-para-recuperar-o-prejuizo-provocado-pelas-fortes-chuvas-em-barretos\",\"url\":\"https:\\\/\\\/redenoticiaz.com.br\\\/litoralsp\\\/2022\\\/11\\\/19\\\/video-prefeitura-corre-para-recuperar-o-prejuizo-provocado-pelas-fortes-chuvas-em-barretos\",\"name\":\"V\u00cdDEO \u2013 Prefeitura corre para recuperar o preju\u00edzo provocado pelas fortes chuvas em Barretos - Litoral SP\",\"isPartOf\":{\"@id\":\"https:\\\/\\\/redenoticiaz.com.br\\\/litoralsp\\\/#website\"},\"primaryImageOfPage\":{\"@id\":\"https:\\\/\\\/redenoticiaz.com.br\\\/litoralsp\\\/2022\\\/11\\\/19\\\/video-prefeitura-corre-para-recuperar-o-prejuizo-provocado-pelas-fortes-chuvas-em-barretos#primaryimage\"},\"image\":{\"@id\":\"https:\\\/\\\/redenoticiaz.com.br\\\/litoralsp\\\/2022\\\/11\\\/19\\\/video-prefeitura-corre-para-recuperar-o-prejuizo-provocado-pelas-fortes-chuvas-em-barretos#primaryimage\"},\"thumbnailUrl\":\"https:\\\/\\\/redenoticiaz.com.br\\\/litoralsp\\\/wp-content\\\/uploads\\\/sites\\\/3\\\/2022\\\/11\\\/ENXURRADA.jpg\",\"datePublished\":\"2022-11-19T22:00:45+00:00\",\"dateModified\":\"2022-11-20T09:37:28+00:00\",\"description\":\"A Prefeitura de Barretos, Interior de S\u00e3o Paulo, corre contra o tempo para recuperar os asfaltos da Avenida 35 e da Rua 20, no Centro\",\"inLanguage\":\"pt-BR\",\"potentialAction\":[{\"@type\":\"ReadAction\",\"target\":[\"https:\\\/\\\/redenoticiaz.com.br\\\/litoralsp\\\/2022\\\/11\\\/19\\\/video-prefeitura-corre-para-recuperar-o-prejuizo-provocado-pelas-fortes-chuvas-em-barretos\"]}]},{\"@type\":\"ImageObject\",\"inLanguage\":\"pt-BR\",\"@id\":\"https:\\\/\\\/redenoticiaz.com.br\\\/litoralsp\\\/2022\\\/11\\\/19\\\/video-prefeitura-corre-para-recuperar-o-prejuizo-provocado-pelas-fortes-chuvas-em-barretos#primaryimage\",\"url\":\"https:\\\/\\\/redenoticiaz.com.br\\\/litoralsp\\\/wp-content\\\/uploads\\\/sites\\\/3\\\/2022\\\/11\\\/ENXURRADA.jpg\",\"contentUrl\":\"https:\\\/\\\/redenoticiaz.com.br\\\/litoralsp\\\/wp-content\\\/uploads\\\/sites\\\/3\\\/2022\\\/11\\\/ENXURRADA.jpg\",\"width\":269,\"height\":316,\"caption\":\"Cr\u00e9ditos: Reprodu\u00e7\u00e3o\\\/Redes Sociais\"},{\"@type\":\"WebSite\",\"@id\":\"https:\\\/\\\/redenoticiaz.com.br\\\/litoralsp\\\/#website\",\"url\":\"https:\\\/\\\/redenoticiaz.com.br\\\/litoralsp\\\/\",\"name\":\"Litoral SP\",\"description\":\"Rede NoticiaZ\",\"publisher\":{\"@id\":\"https:\\\/\\\/redenoticiaz.com.br\\\/litoralsp\\\/#organization\"},\"potentialAction\":[{\"@type\":\"SearchAction\",\"target\":{\"@type\":\"EntryPoint\",\"urlTemplate\":\"https:\\\/\\\/redenoticiaz.com.br\\\/litoralsp\\\/?s={search_term_string}\"},\"query-input\":{\"@type\":\"PropertyValueSpecification\",\"valueRequired\":true,\"valueName\":\"search_term_string\"}}],\"inLanguage\":\"pt-BR\"},{\"@type\":\"Organization\",\"@id\":\"https:\\\/\\\/redenoticiaz.com.br\\\/litoralsp\\\/#organization\",\"name\":\"Litoral SP\",\"url\":\"https:\\\/\\\/redenoticiaz.com.br\\\/litoralsp\\\/\",\"logo\":{\"@type\":\"ImageObject\",\"inLanguage\":\"pt-BR\",\"@id\":\"https:\\\/\\\/redenoticiaz.com.br\\\/litoralsp\\\/#\\\/schema\\\/logo\\\/image\\\/\",\"url\":\"https:\\\/\\\/redenoticiaz.com.br\\\/litoralsp\\\/wp-content\\\/uploads\\\/sites\\\/3\\\/2020\\\/11\\\/logo.jpg\",\"contentUrl\":\"https:\\\/\\\/redenoticiaz.com.br\\\/litoralsp\\\/wp-content\\\/uploads\\\/sites\\\/3\\\/2020\\\/11\\\/logo.jpg\",\"width\":400,\"height\":250,\"caption\":\"Litoral SP\"},\"image\":{\"@id\":\"https:\\\/\\\/redenoticiaz.com.br\\\/litoralsp\\\/#\\\/schema\\\/logo\\\/image\\\/\"}},{\"@type\":\"Person\",\"@id\":\"https:\\\/\\\/redenoticiaz.com.br\\\/litoralsp\\\/#\\\/schema\\\/person\\\/0f0b8a5bdafefe82841e07ae8d81ecb3\",\"name\":\"Leonardo Francisco\",\"image\":{\"@type\":\"ImageObject\",\"inLanguage\":\"pt-BR\",\"@id\":\"https:\\\/\\\/secure.gravatar.com\\\/avatar\\\/a7358cb406a99b682ec6df1e77e31ae82e63601f6784e8a3df411d72b37864da?s=96&d=mm&r=g\",\"url\":\"https:\\\/\\\/secure.gravatar.com\\\/avatar\\\/a7358cb406a99b682ec6df1e77e31ae82e63601f6784e8a3df411d72b37864da?s=96&d=mm&r=g\",\"contentUrl\":\"https:\\\/\\\/secure.gravatar.com\\\/avatar\\\/a7358cb406a99b682ec6df1e77e31ae82e63601f6784e8a3df411d72b37864da?s=96&d=mm&r=g\",\"caption\":\"Leonardo Francisco\"},\"url\":\"https:\\\/\\\/redenoticiaz.com.br\\\/litoralsp\\\/author\\\/leonardo-francisco\"}]}<\/script>\n<!-- \/ Yoast SEO plugin. -->","yoast_head_json":{"title":"V\u00cdDEO \u2013 Prefeitura corre para recuperar o preju\u00edzo provocado pelas fortes chuvas em Barretos - Litoral SP","description":"A Prefeitura de Barretos, Interior de S\u00e3o Paulo, corre contra o tempo para recuperar os asfaltos da Avenida 35 e da Rua 20, no Centro","robots":{"index":"index","follow":"follow","max-snippet":"max-snippet:-1","max-image-preview":"max-image-preview:large","max-video-preview":"max-video-preview:-1"},"canonical":"https:\/\/redenoticiaz.com.br\/litoralsp\/2022\/11\/19\/video-prefeitura-corre-para-recuperar-o-prejuizo-provocado-pelas-fortes-chuvas-em-barretos","og_locale":"pt_BR","og_type":"article","og_title":"V\u00cdDEO \u2013 Prefeitura corre para recuperar o preju\u00edzo provocado pelas fortes chuvas em Barretos - Litoral SP","og_description":"A Prefeitura de Barretos, Interior de S\u00e3o Paulo, corre contra o tempo para recuperar os asfaltos da Avenida 35 e da Rua 20, no Centro","og_url":"https:\/\/redenoticiaz.com.br\/litoralsp\/2022\/11\/19\/video-prefeitura-corre-para-recuperar-o-prejuizo-provocado-pelas-fortes-chuvas-em-barretos","og_site_name":"Litoral SP","article_published_time":"2022-11-19T22:00:45+00:00","article_modified_time":"2022-11-20T09:37:28+00:00","author":"Leonardo Francisco","twitter_card":"summary_large_image","twitter_image":"https:\/\/redenoticiaz.com.br\/litoralsp\/wp-content\/uploads\/sites\/3\/2022\/11\/ENXURRADA.jpg","twitter_misc":{"Escrito por":"Leonardo Francisco","Est. tempo de leitura":"3 minutos"},"schema":{"@context":"https:\/\/schema.org","@graph":[{"@type":"Article","@id":"https:\/\/redenoticiaz.com.br\/litoralsp\/2022\/11\/19\/video-prefeitura-corre-para-recuperar-o-prejuizo-provocado-pelas-fortes-chuvas-em-barretos#article","isPartOf":{"@id":"https:\/\/redenoticiaz.com.br\/litoralsp\/2022\/11\/19\/video-prefeitura-corre-para-recuperar-o-prejuizo-provocado-pelas-fortes-chuvas-em-barretos"},"author":{"name":"Leonardo Francisco","@id":"https:\/\/redenoticiaz.com.br\/litoralsp\/#\/schema\/person\/0f0b8a5bdafefe82841e07ae8d81ecb3"},"headline":"V\u00cdDEO \u2013 Prefeitura corre para recuperar o preju\u00edzo provocado pelas fortes chuvas em Barretos","datePublished":"2022-11-19T22:00:45+00:00","dateModified":"2022-11-20T09:37:28+00:00","mainEntityOfPage":{"@id":"https:\/\/redenoticiaz.com.br\/litoralsp\/2022\/11\/19\/video-prefeitura-corre-para-recuperar-o-prejuizo-provocado-pelas-fortes-chuvas-em-barretos"},"wordCount":476,"commentCount":0,"publisher":{"@id":"https:\/\/redenoticiaz.com.br\/litoralsp\/#organization"},"image":{"@id":"https:\/\/redenoticiaz.com.br\/litoralsp\/2022\/11\/19\/video-prefeitura-corre-para-recuperar-o-prejuizo-provocado-pelas-fortes-chuvas-em-barretos#primaryimage"},"thumbnailUrl":"https:\/\/redenoticiaz.com.br\/litoralsp\/wp-content\/uploads\/sites\/3\/2022\/11\/ENXURRADA.jpg","keywords":["AVENIDA 35","BARRETOS","CENTRO DE BARRETOS","ENXURRADA","RECUPERA\u00c7\u00c3O","RUA 20","TEMPORAL"],"articleSection":["Climatologia","Obras"],"inLanguage":"pt-BR","potentialAction":[{"@type":"CommentAction","name":"Comment","target":["https:\/\/redenoticiaz.com.br\/litoralsp\/2022\/11\/19\/video-prefeitura-corre-para-recuperar-o-prejuizo-provocado-pelas-fortes-chuvas-em-barretos#respond"]}]},{"@type":"WebPage","@id":"https:\/\/redenoticiaz.com.br\/litoralsp\/2022\/11\/19\/video-prefeitura-corre-para-recuperar-o-prejuizo-provocado-pelas-fortes-chuvas-em-barretos","url":"https:\/\/redenoticiaz.com.br\/litoralsp\/2022\/11\/19\/video-prefeitura-corre-para-recuperar-o-prejuizo-provocado-pelas-fortes-chuvas-em-barretos","name":"V\u00cdDEO \u2013 Prefeitura corre para recuperar o preju\u00edzo provocado pelas fortes chuvas em Barretos - Litoral SP","isPartOf":{"@id":"https:\/\/redenoticiaz.com.br\/litoralsp\/#website"},"primaryImageOfPage":{"@id":"https:\/\/redenoticiaz.com.br\/litoralsp\/2022\/11\/19\/video-prefeitura-corre-para-recuperar-o-prejuizo-provocado-pelas-fortes-chuvas-em-barretos#primaryimage"},"image":{"@id":"https:\/\/redenoticiaz.com.br\/litoralsp\/2022\/11\/19\/video-prefeitura-corre-para-recuperar-o-prejuizo-provocado-pelas-fortes-chuvas-em-barretos#primaryimage"},"thumbnailUrl":"https:\/\/redenoticiaz.com.br\/litoralsp\/wp-content\/uploads\/sites\/3\/2022\/11\/ENXURRADA.jpg","datePublished":"2022-11-19T22:00:45+00:00","dateModified":"2022-11-20T09:37:28+00:00","description":"A Prefeitura de Barretos, Interior de S\u00e3o Paulo, corre contra o tempo para recuperar os asfaltos da Avenida 35 e da Rua 20, no Centro","inLanguage":"pt-BR","potentialAction":[{"@type":"ReadAction","target":["https:\/\/redenoticiaz.com.br\/litoralsp\/2022\/11\/19\/video-prefeitura-corre-para-recuperar-o-prejuizo-provocado-pelas-fortes-chuvas-em-barretos"]}]},{"@type":"ImageObject","inLanguage":"pt-BR","@id":"https:\/\/redenoticiaz.com.br\/litoralsp\/2022\/11\/19\/video-prefeitura-corre-para-recuperar-o-prejuizo-provocado-pelas-fortes-chuvas-em-barretos#primaryimage","url":"https:\/\/redenoticiaz.com.br\/litoralsp\/wp-content\/uploads\/sites\/3\/2022\/11\/ENXURRADA.jpg","contentUrl":"https:\/\/redenoticiaz.com.br\/litoralsp\/wp-content\/uploads\/sites\/3\/2022\/11\/ENXURRADA.jpg","width":269,"height":316,"caption":"Cr\u00e9ditos: Reprodu\u00e7\u00e3o\/Redes Sociais"},{"@type":"WebSite","@id":"https:\/\/redenoticiaz.com.br\/litoralsp\/#website","url":"https:\/\/redenoticiaz.com.br\/litoralsp\/","name":"Litoral SP","description":"Rede NoticiaZ","publisher":{"@id":"https:\/\/redenoticiaz.com.br\/litoralsp\/#organization"},"potentialAction":[{"@type":"SearchAction","target":{"@type":"EntryPoint","urlTemplate":"https:\/\/redenoticiaz.com.br\/litoralsp\/?s={search_term_string}"},"query-input":{"@type":"PropertyValueSpecification","valueRequired":true,"valueName":"search_term_string"}}],"inLanguage":"pt-BR"},{"@type":"Organization","@id":"https:\/\/redenoticiaz.com.br\/litoralsp\/#organization","name":"Litoral SP","url":"https:\/\/redenoticiaz.com.br\/litoralsp\/","logo":{"@type":"ImageObject","inLanguage":"pt-BR","@id":"https:\/\/redenoticiaz.com.br\/litoralsp\/#\/schema\/logo\/image\/","url":"https:\/\/redenoticiaz.com.br\/litoralsp\/wp-content\/uploads\/sites\/3\/2020\/11\/logo.jpg","contentUrl":"https:\/\/redenoticiaz.com.br\/litoralsp\/wp-content\/uploads\/sites\/3\/2020\/11\/logo.jpg","width":400,"height":250,"caption":"Litoral SP"},"image":{"@id":"https:\/\/redenoticiaz.com.br\/litoralsp\/#\/schema\/logo\/image\/"}},{"@type":"Person","@id":"https:\/\/redenoticiaz.com.br\/litoralsp\/#\/schema\/person\/0f0b8a5bdafefe82841e07ae8d81ecb3","name":"Leonardo Francisco","image":{"@type":"ImageObject","inLanguage":"pt-BR","@id":"https:\/\/secure.gravatar.com\/avatar\/a7358cb406a99b682ec6df1e77e31ae82e63601f6784e8a3df411d72b37864da?s=96&d=mm&r=g","url":"https:\/\/secure.gravatar.com\/avatar\/a7358cb406a99b682ec6df1e77e31ae82e63601f6784e8a3df411d72b37864da?s=96&d=mm&r=g","contentUrl":"https:\/\/secure.gravatar.com\/avatar\/a7358cb406a99b682ec6df1e77e31ae82e63601f6784e8a3df411d72b37864da?s=96&d=mm&r=g","caption":"Leonardo Francisco"},"url":"https:\/\/redenoticiaz.com.br\/litoralsp\/author\/leonardo-francisco"}]}},"_links":{"self":[{"href":"https:\/\/redenoticiaz.com.br\/litoralsp\/wp-json\/wp\/v2\/posts\/95435","targetHints":{"allow":["GET"]}}],"collection":[{"href":"https:\/\/redenoticiaz.com.br\/litoralsp\/wp-json\/wp\/v2\/posts"}],"about":[{"href":"https:\/\/redenoticiaz.com.br\/litoralsp\/wp-json\/wp\/v2\/types\/post"}],"author":[{"embeddable":true,"href":"https:\/\/redenoticiaz.com.br\/litoralsp\/wp-json\/wp\/v2\/users\/6"}],"replies":[{"embeddable":true,"href":"https:\/\/redenoticiaz.com.br\/litoralsp\/wp-json\/wp\/v2\/comments?post=95435"}],"version-history":[{"count":2,"href":"https:\/\/redenoticiaz.com.br\/litoralsp\/wp-json\/wp\/v2\/posts\/95435\/revisions"}],"predecessor-version":[{"id":95443,"href":"https:\/\/redenoticiaz.com.br\/litoralsp\/wp-json\/wp\/v2\/posts\/95435\/revisions\/95443"}],"wp:featuredmedia":[{"embeddable":true,"href":"https:\/\/redenoticiaz.com.br\/litoralsp\/wp-json\/wp\/v2\/media\/95440"}],"wp:attachment":[{"href":"https:\/\/redenoticiaz.com.br\/litoralsp\/wp-json\/wp\/v2\/media?parent=95435"}],"wp:term":[{"taxonomy":"category","embeddable":true,"href":"https:\/\/redenoticiaz.com.br\/litoralsp\/wp-json\/wp\/v2\/categories?post=95435"},{"taxonomy":"post_tag","embeddable":true,"href":"https:\/\/redenoticiaz.com.br\/litoralsp\/wp-json\/wp\/v2\/tags?post=95435"}],"curies":[{"name":"wp","href":"https:\/\/api.w.org\/{rel}","templated":true}]}}