{"id":95556,"date":"2022-11-21T17:46:22","date_gmt":"2022-11-21T20:46:22","guid":{"rendered":"https:\/\/redenoticiaz.com.br\/litoralsp\/2022\/11\/21\/arbitros-brasileiros-estreiam-na-copa-do-mundo-2022"},"modified":"2022-11-21T17:47:38","modified_gmt":"2022-11-21T20:47:38","slug":"arbitros-brasileiros-estreiam-na-copa-do-mundo-2022","status":"publish","type":"post","link":"https:\/\/redenoticiaz.com.br\/litoralsp\/2022\/11\/21\/arbitros-brasileiros-estreiam-na-copa-do-mundo-2022","title":{"rendered":"\u00c1rbitros brasileiros estreiam na Copa do Mundo 2022"},"content":{"rendered":"<p>Estreia dos brasileiros em campo, os \u00e1rbitros Raphael Claus e Wilton Pereira foram respons\u00e1veis por apitar dois dos tr\u00eas jogos nesta segunda (21).<\/p>\n<p><strong>Raphael Claus<\/strong> apitou a goleada por 6 a 2 da <strong>Inglaterra sobre o Ir\u00e3<\/strong>. Logo no in\u00edcio da partida, o goleiro Alireza Beiranvand, da sele\u00e7\u00e3o do Ir\u00e3, se chocou com um zagueiro de sua equipe ao disputar bola e sofreu uma contus\u00e3o grav\u00edssima.<\/p>\n<p>Pol\u00eamicas em campo &#8211; \u00a0Claus marcou um p\u00eanalti para o Ir\u00e3, aos 54 do segundo tempo. A princ\u00edpio, ainda no in\u00edcio da primeira etapa, o brasileiro teria ignorado um lance parecido de um defensor do Ir\u00e3 em cima do zagueiro Harry Maguire.<\/p>\n<p>Al\u00e9m disso, ele n\u00e3o marcou a de falta de Maguire em cima do defensor iraniano durante o segundo gol da Inglaterra. Ele n\u00e3o viu falta no lance, o VAR n\u00e3o interferiu e o gol foi confirmado.<\/p>\n<p>O brasileiro distribuiu apenas dois cart\u00f5es amarelos durante a partida, ambos para a sele\u00e7\u00e3o do Ir\u00e3.<\/p>\n<p>Wilton Pereira Sampaio, apitou a\u00a0 <b>vit\u00f3ria da Holanda sobre Senegal<\/b>,\u00a0 com atua\u00e7\u00e3o mais discreta, sem pol\u00eamicas e interven\u00e7\u00f5es do VAR.<\/p>\n<p>Foram tr\u00eas cart\u00f5es amarelos, todos no segundo tempo, sendo um para a Holanda e dois para Senegal.<\/p>\n<p>VEJA TAMB\u00c9M:\u00a0<a href=\"https:\/\/redenoticiaz.com.br\/barretos-regiao\/sp\/2022\/11\/20\/quem-sao-os-favoritos-para-a-copa-do-mundo-do-qatar\">Quem s\u00e3o os favoritos para a Copa do Mundo do Qatar?<\/a><\/p>\n","protected":false},"excerpt":{"rendered":"<p>Estreia dos brasileiros em campo, os \u00e1rbitros Raphael Claus e Wilton Pereira foram respons\u00e1veis por apitar dois dos tr\u00eas jogos nesta segunda (21). Raphael Claus apitou a goleada por 6 a 2 da Inglaterra sobre o Ir\u00e3. Logo no in\u00edcio da partida, o goleiro Alireza Beiranvand, da sele\u00e7\u00e3o do Ir\u00e3, se chocou com um zagueiro &hellip;<\/p>\n","protected":false},"author":15,"featured_media":95557,"comment_status":"open","ping_status":"closed","sticky":false,"template":"","format":"standard","meta":{"footnotes":""},"categories":[35],"tags":[61124,41986,14630],"class_list":["post-95556","post","type-post","status-publish","format-standard","has-post-thumbnail","hentry","category-esporte","tag-arbitros-brasileiros","tag-copa-2022","tag-jogos"],"yoast_head":"<!-- This site is optimized with the Yoast SEO plugin v27.4 - https:\/\/yoast.com\/product\/yoast-seo-wordpress\/ -->\n<title>\u00c1rbitros brasileiros estreiam na Copa do Mundo 2022 - Litoral SP<\/title>\n<meta name=\"robots\" content=\"index, follow, max-snippet:-1, max-image-preview:large, max-video-preview:-1\" \/>\n<link rel=\"canonical\" href=\"https:\/\/redenoticiaz.com.br\/litoralsp\/2022\/11\/21\/arbitros-brasileiros-estreiam-na-copa-do-mundo-2022\" \/>\n<meta property=\"og:locale\" content=\"pt_BR\" \/>\n<meta property=\"og:type\" content=\"article\" \/>\n<meta property=\"og:title\" content=\"\u00c1rbitros brasileiros estreiam na Copa do Mundo 2022 - Litoral SP\" \/>\n<meta property=\"og:description\" content=\"Estreia dos brasileiros em campo, os \u00e1rbitros Raphael Claus e Wilton Pereira foram respons\u00e1veis por apitar dois dos tr\u00eas jogos nesta segunda (21). Raphael Claus apitou a goleada por 6 a 2 da Inglaterra sobre o Ir\u00e3. Logo no in\u00edcio da partida, o goleiro Alireza Beiranvand, da sele\u00e7\u00e3o do Ir\u00e3, se chocou com um zagueiro &hellip;\" \/>\n<meta property=\"og:url\" content=\"https:\/\/redenoticiaz.com.br\/litoralsp\/2022\/11\/21\/arbitros-brasileiros-estreiam-na-copa-do-mundo-2022\" \/>\n<meta property=\"og:site_name\" content=\"Litoral SP\" \/>\n<meta property=\"article:published_time\" content=\"2022-11-21T20:46:22+00:00\" \/>\n<meta property=\"article:modified_time\" content=\"2022-11-21T20:47:38+00:00\" \/>\n<meta name=\"twitter:card\" content=\"summary_large_image\" \/>\n<meta name=\"twitter:label1\" content=\"Escrito por\" \/>\n\t<meta name=\"twitter:data1\" content=\"\" \/>\n\t<meta name=\"twitter:label2\" content=\"Est. tempo de leitura\" \/>\n\t<meta name=\"twitter:data2\" content=\"1 minuto\" \/>\n<script type=\"application\/ld+json\" class=\"yoast-schema-graph\">{\"@context\":\"https:\\\/\\\/schema.org\",\"@graph\":[{\"@type\":\"Article\",\"@id\":\"https:\\\/\\\/redenoticiaz.com.br\\\/litoralsp\\\/2022\\\/11\\\/21\\\/arbitros-brasileiros-estreiam-na-copa-do-mundo-2022#article\",\"isPartOf\":{\"@id\":\"https:\\\/\\\/redenoticiaz.com.br\\\/litoralsp\\\/2022\\\/11\\\/21\\\/arbitros-brasileiros-estreiam-na-copa-do-mundo-2022\"},\"author\":{\"name\":\"\",\"@id\":\"\"},\"headline\":\"\u00c1rbitros brasileiros estreiam na Copa do Mundo 2022\",\"datePublished\":\"2022-11-21T20:46:22+00:00\",\"dateModified\":\"2022-11-21T20:47:38+00:00\",\"mainEntityOfPage\":{\"@id\":\"https:\\\/\\\/redenoticiaz.com.br\\\/litoralsp\\\/2022\\\/11\\\/21\\\/arbitros-brasileiros-estreiam-na-copa-do-mundo-2022\"},\"wordCount\":237,\"commentCount\":0,\"publisher\":{\"@id\":\"https:\\\/\\\/redenoticiaz.com.br\\\/litoralsp\\\/#organization\"},\"image\":{\"@id\":\"https:\\\/\\\/redenoticiaz.com.br\\\/litoralsp\\\/2022\\\/11\\\/21\\\/arbitros-brasileiros-estreiam-na-copa-do-mundo-2022#primaryimage\"},\"thumbnailUrl\":\"https:\\\/\\\/redenoticiaz.com.br\\\/litoralsp\\\/wp-content\\\/uploads\\\/sites\\\/3\\\/2022\\\/11\\\/Arbitros-brasileiros-estreiam-na-Copa-do-Mundo-2022.jpg\",\"keywords\":[\"\u00c1RBITROS BRASILEIROS\",\"Copa 2022\",\"JOGOS\"],\"articleSection\":[\"Esporte\"],\"inLanguage\":\"pt-BR\",\"potentialAction\":[{\"@type\":\"CommentAction\",\"name\":\"Comment\",\"target\":[\"https:\\\/\\\/redenoticiaz.com.br\\\/litoralsp\\\/2022\\\/11\\\/21\\\/arbitros-brasileiros-estreiam-na-copa-do-mundo-2022#respond\"]}]},{\"@type\":\"WebPage\",\"@id\":\"https:\\\/\\\/redenoticiaz.com.br\\\/litoralsp\\\/2022\\\/11\\\/21\\\/arbitros-brasileiros-estreiam-na-copa-do-mundo-2022\",\"url\":\"https:\\\/\\\/redenoticiaz.com.br\\\/litoralsp\\\/2022\\\/11\\\/21\\\/arbitros-brasileiros-estreiam-na-copa-do-mundo-2022\",\"name\":\"\u00c1rbitros brasileiros estreiam na Copa do Mundo 2022 - Litoral SP\",\"isPartOf\":{\"@id\":\"https:\\\/\\\/redenoticiaz.com.br\\\/litoralsp\\\/#website\"},\"primaryImageOfPage\":{\"@id\":\"https:\\\/\\\/redenoticiaz.com.br\\\/litoralsp\\\/2022\\\/11\\\/21\\\/arbitros-brasileiros-estreiam-na-copa-do-mundo-2022#primaryimage\"},\"image\":{\"@id\":\"https:\\\/\\\/redenoticiaz.com.br\\\/litoralsp\\\/2022\\\/11\\\/21\\\/arbitros-brasileiros-estreiam-na-copa-do-mundo-2022#primaryimage\"},\"thumbnailUrl\":\"https:\\\/\\\/redenoticiaz.com.br\\\/litoralsp\\\/wp-content\\\/uploads\\\/sites\\\/3\\\/2022\\\/11\\\/Arbitros-brasileiros-estreiam-na-Copa-do-Mundo-2022.jpg\",\"datePublished\":\"2022-11-21T20:46:22+00:00\",\"dateModified\":\"2022-11-21T20:47:38+00:00\",\"inLanguage\":\"pt-BR\",\"potentialAction\":[{\"@type\":\"ReadAction\",\"target\":[\"https:\\\/\\\/redenoticiaz.com.br\\\/litoralsp\\\/2022\\\/11\\\/21\\\/arbitros-brasileiros-estreiam-na-copa-do-mundo-2022\"]}]},{\"@type\":\"ImageObject\",\"inLanguage\":\"pt-BR\",\"@id\":\"https:\\\/\\\/redenoticiaz.com.br\\\/litoralsp\\\/2022\\\/11\\\/21\\\/arbitros-brasileiros-estreiam-na-copa-do-mundo-2022#primaryimage\",\"url\":\"https:\\\/\\\/redenoticiaz.com.br\\\/litoralsp\\\/wp-content\\\/uploads\\\/sites\\\/3\\\/2022\\\/11\\\/Arbitros-brasileiros-estreiam-na-Copa-do-Mundo-2022.jpg\",\"contentUrl\":\"https:\\\/\\\/redenoticiaz.com.br\\\/litoralsp\\\/wp-content\\\/uploads\\\/sites\\\/3\\\/2022\\\/11\\\/Arbitros-brasileiros-estreiam-na-Copa-do-Mundo-2022.jpg\",\"width\":1200,\"height\":628,\"caption\":\"Raphael Claus e Wilton Pereira Sampaio\"},{\"@type\":\"WebSite\",\"@id\":\"https:\\\/\\\/redenoticiaz.com.br\\\/litoralsp\\\/#website\",\"url\":\"https:\\\/\\\/redenoticiaz.com.br\\\/litoralsp\\\/\",\"name\":\"Litoral SP\",\"description\":\"Rede NoticiaZ\",\"publisher\":{\"@id\":\"https:\\\/\\\/redenoticiaz.com.br\\\/litoralsp\\\/#organization\"},\"potentialAction\":[{\"@type\":\"SearchAction\",\"target\":{\"@type\":\"EntryPoint\",\"urlTemplate\":\"https:\\\/\\\/redenoticiaz.com.br\\\/litoralsp\\\/?s={search_term_string}\"},\"query-input\":{\"@type\":\"PropertyValueSpecification\",\"valueRequired\":true,\"valueName\":\"search_term_string\"}}],\"inLanguage\":\"pt-BR\"},{\"@type\":\"Organization\",\"@id\":\"https:\\\/\\\/redenoticiaz.com.br\\\/litoralsp\\\/#organization\",\"name\":\"Litoral SP\",\"url\":\"https:\\\/\\\/redenoticiaz.com.br\\\/litoralsp\\\/\",\"logo\":{\"@type\":\"ImageObject\",\"inLanguage\":\"pt-BR\",\"@id\":\"https:\\\/\\\/redenoticiaz.com.br\\\/litoralsp\\\/#\\\/schema\\\/logo\\\/image\\\/\",\"url\":\"https:\\\/\\\/redenoticiaz.com.br\\\/litoralsp\\\/wp-content\\\/uploads\\\/sites\\\/3\\\/2020\\\/11\\\/logo.jpg\",\"contentUrl\":\"https:\\\/\\\/redenoticiaz.com.br\\\/litoralsp\\\/wp-content\\\/uploads\\\/sites\\\/3\\\/2020\\\/11\\\/logo.jpg\",\"width\":400,\"height\":250,\"caption\":\"Litoral SP\"},\"image\":{\"@id\":\"https:\\\/\\\/redenoticiaz.com.br\\\/litoralsp\\\/#\\\/schema\\\/logo\\\/image\\\/\"}},{\"@type\":\"Person\",\"@id\":\"\",\"url\":\"https:\\\/\\\/redenoticiaz.com.br\\\/litoralsp\\\/author\"}]}<\/script>\n<!-- \/ Yoast SEO plugin. -->","yoast_head_json":{"title":"\u00c1rbitros brasileiros estreiam na Copa do Mundo 2022 - Litoral SP","robots":{"index":"index","follow":"follow","max-snippet":"max-snippet:-1","max-image-preview":"max-image-preview:large","max-video-preview":"max-video-preview:-1"},"canonical":"https:\/\/redenoticiaz.com.br\/litoralsp\/2022\/11\/21\/arbitros-brasileiros-estreiam-na-copa-do-mundo-2022","og_locale":"pt_BR","og_type":"article","og_title":"\u00c1rbitros brasileiros estreiam na Copa do Mundo 2022 - Litoral SP","og_description":"Estreia dos brasileiros em campo, os \u00e1rbitros Raphael Claus e Wilton Pereira foram respons\u00e1veis por apitar dois dos tr\u00eas jogos nesta segunda (21). Raphael Claus apitou a goleada por 6 a 2 da Inglaterra sobre o Ir\u00e3. Logo no in\u00edcio da partida, o goleiro Alireza Beiranvand, da sele\u00e7\u00e3o do Ir\u00e3, se chocou com um zagueiro &hellip;","og_url":"https:\/\/redenoticiaz.com.br\/litoralsp\/2022\/11\/21\/arbitros-brasileiros-estreiam-na-copa-do-mundo-2022","og_site_name":"Litoral SP","article_published_time":"2022-11-21T20:46:22+00:00","article_modified_time":"2022-11-21T20:47:38+00:00","twitter_card":"summary_large_image","twitter_misc":{"Escrito por":"","Est. tempo de leitura":"1 minuto"},"schema":{"@context":"https:\/\/schema.org","@graph":[{"@type":"Article","@id":"https:\/\/redenoticiaz.com.br\/litoralsp\/2022\/11\/21\/arbitros-brasileiros-estreiam-na-copa-do-mundo-2022#article","isPartOf":{"@id":"https:\/\/redenoticiaz.com.br\/litoralsp\/2022\/11\/21\/arbitros-brasileiros-estreiam-na-copa-do-mundo-2022"},"author":{"name":"","@id":""},"headline":"\u00c1rbitros brasileiros estreiam na Copa do Mundo 2022","datePublished":"2022-11-21T20:46:22+00:00","dateModified":"2022-11-21T20:47:38+00:00","mainEntityOfPage":{"@id":"https:\/\/redenoticiaz.com.br\/litoralsp\/2022\/11\/21\/arbitros-brasileiros-estreiam-na-copa-do-mundo-2022"},"wordCount":237,"commentCount":0,"publisher":{"@id":"https:\/\/redenoticiaz.com.br\/litoralsp\/#organization"},"image":{"@id":"https:\/\/redenoticiaz.com.br\/litoralsp\/2022\/11\/21\/arbitros-brasileiros-estreiam-na-copa-do-mundo-2022#primaryimage"},"thumbnailUrl":"https:\/\/redenoticiaz.com.br\/litoralsp\/wp-content\/uploads\/sites\/3\/2022\/11\/Arbitros-brasileiros-estreiam-na-Copa-do-Mundo-2022.jpg","keywords":["\u00c1RBITROS BRASILEIROS","Copa 2022","JOGOS"],"articleSection":["Esporte"],"inLanguage":"pt-BR","potentialAction":[{"@type":"CommentAction","name":"Comment","target":["https:\/\/redenoticiaz.com.br\/litoralsp\/2022\/11\/21\/arbitros-brasileiros-estreiam-na-copa-do-mundo-2022#respond"]}]},{"@type":"WebPage","@id":"https:\/\/redenoticiaz.com.br\/litoralsp\/2022\/11\/21\/arbitros-brasileiros-estreiam-na-copa-do-mundo-2022","url":"https:\/\/redenoticiaz.com.br\/litoralsp\/2022\/11\/21\/arbitros-brasileiros-estreiam-na-copa-do-mundo-2022","name":"\u00c1rbitros brasileiros estreiam na Copa do Mundo 2022 - Litoral SP","isPartOf":{"@id":"https:\/\/redenoticiaz.com.br\/litoralsp\/#website"},"primaryImageOfPage":{"@id":"https:\/\/redenoticiaz.com.br\/litoralsp\/2022\/11\/21\/arbitros-brasileiros-estreiam-na-copa-do-mundo-2022#primaryimage"},"image":{"@id":"https:\/\/redenoticiaz.com.br\/litoralsp\/2022\/11\/21\/arbitros-brasileiros-estreiam-na-copa-do-mundo-2022#primaryimage"},"thumbnailUrl":"https:\/\/redenoticiaz.com.br\/litoralsp\/wp-content\/uploads\/sites\/3\/2022\/11\/Arbitros-brasileiros-estreiam-na-Copa-do-Mundo-2022.jpg","datePublished":"2022-11-21T20:46:22+00:00","dateModified":"2022-11-21T20:47:38+00:00","inLanguage":"pt-BR","potentialAction":[{"@type":"ReadAction","target":["https:\/\/redenoticiaz.com.br\/litoralsp\/2022\/11\/21\/arbitros-brasileiros-estreiam-na-copa-do-mundo-2022"]}]},{"@type":"ImageObject","inLanguage":"pt-BR","@id":"https:\/\/redenoticiaz.com.br\/litoralsp\/2022\/11\/21\/arbitros-brasileiros-estreiam-na-copa-do-mundo-2022#primaryimage","url":"https:\/\/redenoticiaz.com.br\/litoralsp\/wp-content\/uploads\/sites\/3\/2022\/11\/Arbitros-brasileiros-estreiam-na-Copa-do-Mundo-2022.jpg","contentUrl":"https:\/\/redenoticiaz.com.br\/litoralsp\/wp-content\/uploads\/sites\/3\/2022\/11\/Arbitros-brasileiros-estreiam-na-Copa-do-Mundo-2022.jpg","width":1200,"height":628,"caption":"Raphael Claus e Wilton Pereira Sampaio"},{"@type":"WebSite","@id":"https:\/\/redenoticiaz.com.br\/litoralsp\/#website","url":"https:\/\/redenoticiaz.com.br\/litoralsp\/","name":"Litoral SP","description":"Rede NoticiaZ","publisher":{"@id":"https:\/\/redenoticiaz.com.br\/litoralsp\/#organization"},"potentialAction":[{"@type":"SearchAction","target":{"@type":"EntryPoint","urlTemplate":"https:\/\/redenoticiaz.com.br\/litoralsp\/?s={search_term_string}"},"query-input":{"@type":"PropertyValueSpecification","valueRequired":true,"valueName":"search_term_string"}}],"inLanguage":"pt-BR"},{"@type":"Organization","@id":"https:\/\/redenoticiaz.com.br\/litoralsp\/#organization","name":"Litoral SP","url":"https:\/\/redenoticiaz.com.br\/litoralsp\/","logo":{"@type":"ImageObject","inLanguage":"pt-BR","@id":"https:\/\/redenoticiaz.com.br\/litoralsp\/#\/schema\/logo\/image\/","url":"https:\/\/redenoticiaz.com.br\/litoralsp\/wp-content\/uploads\/sites\/3\/2020\/11\/logo.jpg","contentUrl":"https:\/\/redenoticiaz.com.br\/litoralsp\/wp-content\/uploads\/sites\/3\/2020\/11\/logo.jpg","width":400,"height":250,"caption":"Litoral SP"},"image":{"@id":"https:\/\/redenoticiaz.com.br\/litoralsp\/#\/schema\/logo\/image\/"}},{"@type":"Person","@id":"","url":"https:\/\/redenoticiaz.com.br\/litoralsp\/author"}]}},"_links":{"self":[{"href":"https:\/\/redenoticiaz.com.br\/litoralsp\/wp-json\/wp\/v2\/posts\/95556","targetHints":{"allow":["GET"]}}],"collection":[{"href":"https:\/\/redenoticiaz.com.br\/litoralsp\/wp-json\/wp\/v2\/posts"}],"about":[{"href":"https:\/\/redenoticiaz.com.br\/litoralsp\/wp-json\/wp\/v2\/types\/post"}],"author":[{"embeddable":true,"href":"https:\/\/redenoticiaz.com.br\/litoralsp\/wp-json\/wp\/v2\/users\/15"}],"replies":[{"embeddable":true,"href":"https:\/\/redenoticiaz.com.br\/litoralsp\/wp-json\/wp\/v2\/comments?post=95556"}],"version-history":[{"count":0,"href":"https:\/\/redenoticiaz.com.br\/litoralsp\/wp-json\/wp\/v2\/posts\/95556\/revisions"}],"wp:featuredmedia":[{"embeddable":true,"href":"https:\/\/redenoticiaz.com.br\/litoralsp\/wp-json\/wp\/v2\/media\/95557"}],"wp:attachment":[{"href":"https:\/\/redenoticiaz.com.br\/litoralsp\/wp-json\/wp\/v2\/media?parent=95556"}],"wp:term":[{"taxonomy":"category","embeddable":true,"href":"https:\/\/redenoticiaz.com.br\/litoralsp\/wp-json\/wp\/v2\/categories?post=95556"},{"taxonomy":"post_tag","embeddable":true,"href":"https:\/\/redenoticiaz.com.br\/litoralsp\/wp-json\/wp\/v2\/tags?post=95556"}],"curies":[{"name":"wp","href":"https:\/\/api.w.org\/{rel}","templated":true}]}}