{"id":95644,"date":"2022-11-22T17:45:44","date_gmt":"2022-11-22T20:45:44","guid":{"rendered":"https:\/\/redenoticiaz.com.br\/litoralsp\/2022\/11\/22\/apos-vencer-argentina-na-copa-arabia-saudita-decreta-feriado-nacional"},"modified":"2022-11-22T17:45:44","modified_gmt":"2022-11-22T20:45:44","slug":"apos-vencer-argentina-na-copa-arabia-saudita-decreta-feriado-nacional","status":"publish","type":"post","link":"https:\/\/redenoticiaz.com.br\/litoralsp\/2022\/11\/22\/apos-vencer-argentina-na-copa-arabia-saudita-decreta-feriado-nacional","title":{"rendered":"Ap\u00f3s vencer Argentina na Copa, Ar\u00e1bia Saudita decreta feriado nacional"},"content":{"rendered":"<div id=\"chunk-1g4pt\">\n<div class=\"mc-column content-text active-extra-styles \" data-block-type=\"unstyled\" data-block-weight=\"34\" data-block-id=\"3\">\n<p data-track-category=\"Link no Texto\" data-track-links=\"\">Nesta ter\u00e7a-feira (22), jogando pelo grupo C a Argentina perdeu por 2 a 1, de virada para Ar\u00e1bia Saudita. Emocionados com a vit\u00f3ria, o governo da Ar\u00e1bia Saudita decretou feriado nacional.<\/p>\n<\/div>\n<\/div>\n<div class=\"wall protected-content\">\n<div id=\"chunk-agmvr\">\n<div class=\"mc-column content-text active-extra-styles \" data-block-type=\"unstyled\" data-block-weight=\"30\" data-block-id=\"5\">\n<p class=\"content-text__container \" data-track-category=\"Link no Texto\" data-track-links=\"\">&#8220;Determina-se que amanh\u00e3, quarta-feira, seja feriado para todos os funcion\u00e1rios de todos os setores do Estado e do setor privado, e a estudantes do sexo masculino e feminino em todas as etapas do ensino&#8221;, disse a Saudi Press Agency no Twitter.<\/p>\n<div id=\"chunk-idkf\">\n<div class=\"mc-column content-text active-extra-styles \" data-block-type=\"unstyled\" data-block-weight=\"26\" data-block-id=\"10\">\n<p class=\"content-text__container \" data-track-category=\"Link no Texto\" data-track-links=\"\">No final de outubro, o pr\u00edncipe herdeiro da Ar\u00e1bia Saudita, Mohammed bin Salman, se reuniu com os jogadores e comentou &#8220;sei que nosso grupo \u00e9 dif\u00edcil na Copa do Mundo e ningu\u00e9m espera que garantamos uma vit\u00f3ria ou um empate. Ent\u00e3o, o que eu quero dizer \u00e9 que fiquem confort\u00e1veis, joguem o seu jogo e aproveitem o torneio&#8221;.<\/p>\n<p data-track-category=\"Link no Texto\" data-track-links=\"\">VEJA TAMB\u00c9M:\u00a0<a href=\"https:\/\/redenoticiaz.com.br\/barretos-regiao\/sp\/2022\/11\/22\/argentina-paga-mico-na-estreia-da-copa-e-perde-para-a-arabia\">Argentina paga mico na estreia da Copa e perde para a Ar\u00e1bia<\/a><\/p>\n<\/div>\n<\/div>\n<\/div>\n<\/div>\n<\/div>\n","protected":false},"excerpt":{"rendered":"<p>Nesta ter\u00e7a-feira (22), jogando pelo grupo C a Argentina perdeu por 2 a 1, de virada para Ar\u00e1bia Saudita. Emocionados com a vit\u00f3ria, o governo da Ar\u00e1bia Saudita decretou feriado nacional. &#8220;Determina-se que amanh\u00e3, quarta-feira, seja feriado para todos os funcion\u00e1rios de todos os setores do Estado e do setor privado, e a estudantes do &hellip;<\/p>\n","protected":false},"author":15,"featured_media":95645,"comment_status":"open","ping_status":"closed","sticky":false,"template":"","format":"standard","meta":{"footnotes":""},"categories":[35],"tags":[28750,2171,3541],"class_list":["post-95644","post","type-post","status-publish","format-standard","has-post-thumbnail","hentry","category-esporte","tag-arabia-saudita","tag-argentina","tag-feriado"],"yoast_head":"<!-- This site is optimized with the Yoast SEO plugin v27.4 - https:\/\/yoast.com\/product\/yoast-seo-wordpress\/ -->\n<title>Ap\u00f3s vencer Argentina na Copa, Ar\u00e1bia Saudita decreta feriado nacional - Litoral SP<\/title>\n<meta name=\"robots\" content=\"index, follow, max-snippet:-1, max-image-preview:large, max-video-preview:-1\" \/>\n<link rel=\"canonical\" href=\"https:\/\/redenoticiaz.com.br\/litoralsp\/2022\/11\/22\/apos-vencer-argentina-na-copa-arabia-saudita-decreta-feriado-nacional\" \/>\n<meta property=\"og:locale\" content=\"pt_BR\" \/>\n<meta property=\"og:type\" content=\"article\" \/>\n<meta property=\"og:title\" content=\"Ap\u00f3s vencer Argentina na Copa, Ar\u00e1bia Saudita decreta feriado nacional - Litoral SP\" \/>\n<meta property=\"og:description\" content=\"Nesta ter\u00e7a-feira (22), jogando pelo grupo C a Argentina perdeu por 2 a 1, de virada para Ar\u00e1bia Saudita. Emocionados com a vit\u00f3ria, o governo da Ar\u00e1bia Saudita decretou feriado nacional. &#8220;Determina-se que amanh\u00e3, quarta-feira, seja feriado para todos os funcion\u00e1rios de todos os setores do Estado e do setor privado, e a estudantes do &hellip;\" \/>\n<meta property=\"og:url\" content=\"https:\/\/redenoticiaz.com.br\/litoralsp\/2022\/11\/22\/apos-vencer-argentina-na-copa-arabia-saudita-decreta-feriado-nacional\" \/>\n<meta property=\"og:site_name\" content=\"Litoral SP\" \/>\n<meta property=\"article:published_time\" content=\"2022-11-22T20:45:44+00:00\" \/>\n<meta name=\"twitter:card\" content=\"summary_large_image\" \/>\n<meta name=\"twitter:label1\" content=\"Escrito por\" \/>\n\t<meta name=\"twitter:data1\" content=\"\" \/>\n\t<meta name=\"twitter:label2\" content=\"Est. tempo de leitura\" \/>\n\t<meta name=\"twitter:data2\" content=\"1 minuto\" \/>\n<script type=\"application\/ld+json\" class=\"yoast-schema-graph\">{\"@context\":\"https:\\\/\\\/schema.org\",\"@graph\":[{\"@type\":\"Article\",\"@id\":\"https:\\\/\\\/redenoticiaz.com.br\\\/litoralsp\\\/2022\\\/11\\\/22\\\/apos-vencer-argentina-na-copa-arabia-saudita-decreta-feriado-nacional#article\",\"isPartOf\":{\"@id\":\"https:\\\/\\\/redenoticiaz.com.br\\\/litoralsp\\\/2022\\\/11\\\/22\\\/apos-vencer-argentina-na-copa-arabia-saudita-decreta-feriado-nacional\"},\"author\":{\"name\":\"\",\"@id\":\"\"},\"headline\":\"Ap\u00f3s vencer Argentina na Copa, Ar\u00e1bia Saudita decreta feriado nacional\",\"datePublished\":\"2022-11-22T20:45:44+00:00\",\"mainEntityOfPage\":{\"@id\":\"https:\\\/\\\/redenoticiaz.com.br\\\/litoralsp\\\/2022\\\/11\\\/22\\\/apos-vencer-argentina-na-copa-arabia-saudita-decreta-feriado-nacional\"},\"wordCount\":165,\"commentCount\":0,\"publisher\":{\"@id\":\"https:\\\/\\\/redenoticiaz.com.br\\\/litoralsp\\\/#organization\"},\"image\":{\"@id\":\"https:\\\/\\\/redenoticiaz.com.br\\\/litoralsp\\\/2022\\\/11\\\/22\\\/apos-vencer-argentina-na-copa-arabia-saudita-decreta-feriado-nacional#primaryimage\"},\"thumbnailUrl\":\"https:\\\/\\\/redenoticiaz.com.br\\\/litoralsp\\\/wp-content\\\/uploads\\\/sites\\\/3\\\/2022\\\/11\\\/Apos-vencer-Argentina-na-Copa-Arabia-Saudita-decreta-feriado-nacional.jpg\",\"keywords\":[\"AR\u00c1BIA SAUDITA\",\"Argentina\",\"feriado\"],\"articleSection\":[\"Esporte\"],\"inLanguage\":\"pt-BR\",\"potentialAction\":[{\"@type\":\"CommentAction\",\"name\":\"Comment\",\"target\":[\"https:\\\/\\\/redenoticiaz.com.br\\\/litoralsp\\\/2022\\\/11\\\/22\\\/apos-vencer-argentina-na-copa-arabia-saudita-decreta-feriado-nacional#respond\"]}]},{\"@type\":\"WebPage\",\"@id\":\"https:\\\/\\\/redenoticiaz.com.br\\\/litoralsp\\\/2022\\\/11\\\/22\\\/apos-vencer-argentina-na-copa-arabia-saudita-decreta-feriado-nacional\",\"url\":\"https:\\\/\\\/redenoticiaz.com.br\\\/litoralsp\\\/2022\\\/11\\\/22\\\/apos-vencer-argentina-na-copa-arabia-saudita-decreta-feriado-nacional\",\"name\":\"Ap\u00f3s vencer Argentina na Copa, Ar\u00e1bia Saudita decreta feriado nacional - Litoral SP\",\"isPartOf\":{\"@id\":\"https:\\\/\\\/redenoticiaz.com.br\\\/litoralsp\\\/#website\"},\"primaryImageOfPage\":{\"@id\":\"https:\\\/\\\/redenoticiaz.com.br\\\/litoralsp\\\/2022\\\/11\\\/22\\\/apos-vencer-argentina-na-copa-arabia-saudita-decreta-feriado-nacional#primaryimage\"},\"image\":{\"@id\":\"https:\\\/\\\/redenoticiaz.com.br\\\/litoralsp\\\/2022\\\/11\\\/22\\\/apos-vencer-argentina-na-copa-arabia-saudita-decreta-feriado-nacional#primaryimage\"},\"thumbnailUrl\":\"https:\\\/\\\/redenoticiaz.com.br\\\/litoralsp\\\/wp-content\\\/uploads\\\/sites\\\/3\\\/2022\\\/11\\\/Apos-vencer-Argentina-na-Copa-Arabia-Saudita-decreta-feriado-nacional.jpg\",\"datePublished\":\"2022-11-22T20:45:44+00:00\",\"inLanguage\":\"pt-BR\",\"potentialAction\":[{\"@type\":\"ReadAction\",\"target\":[\"https:\\\/\\\/redenoticiaz.com.br\\\/litoralsp\\\/2022\\\/11\\\/22\\\/apos-vencer-argentina-na-copa-arabia-saudita-decreta-feriado-nacional\"]}]},{\"@type\":\"ImageObject\",\"inLanguage\":\"pt-BR\",\"@id\":\"https:\\\/\\\/redenoticiaz.com.br\\\/litoralsp\\\/2022\\\/11\\\/22\\\/apos-vencer-argentina-na-copa-arabia-saudita-decreta-feriado-nacional#primaryimage\",\"url\":\"https:\\\/\\\/redenoticiaz.com.br\\\/litoralsp\\\/wp-content\\\/uploads\\\/sites\\\/3\\\/2022\\\/11\\\/Apos-vencer-Argentina-na-Copa-Arabia-Saudita-decreta-feriado-nacional.jpg\",\"contentUrl\":\"https:\\\/\\\/redenoticiaz.com.br\\\/litoralsp\\\/wp-content\\\/uploads\\\/sites\\\/3\\\/2022\\\/11\\\/Apos-vencer-Argentina-na-Copa-Arabia-Saudita-decreta-feriado-nacional.jpg\",\"width\":1200,\"height\":628,\"caption\":\"O jogador Saleh Al-Shehri, da Ar\u00e1bia Saudita \u2014 Foto: REUTERS\\\/Annegret Hilse\"},{\"@type\":\"WebSite\",\"@id\":\"https:\\\/\\\/redenoticiaz.com.br\\\/litoralsp\\\/#website\",\"url\":\"https:\\\/\\\/redenoticiaz.com.br\\\/litoralsp\\\/\",\"name\":\"Litoral SP\",\"description\":\"Rede NoticiaZ\",\"publisher\":{\"@id\":\"https:\\\/\\\/redenoticiaz.com.br\\\/litoralsp\\\/#organization\"},\"potentialAction\":[{\"@type\":\"SearchAction\",\"target\":{\"@type\":\"EntryPoint\",\"urlTemplate\":\"https:\\\/\\\/redenoticiaz.com.br\\\/litoralsp\\\/?s={search_term_string}\"},\"query-input\":{\"@type\":\"PropertyValueSpecification\",\"valueRequired\":true,\"valueName\":\"search_term_string\"}}],\"inLanguage\":\"pt-BR\"},{\"@type\":\"Organization\",\"@id\":\"https:\\\/\\\/redenoticiaz.com.br\\\/litoralsp\\\/#organization\",\"name\":\"Litoral SP\",\"url\":\"https:\\\/\\\/redenoticiaz.com.br\\\/litoralsp\\\/\",\"logo\":{\"@type\":\"ImageObject\",\"inLanguage\":\"pt-BR\",\"@id\":\"https:\\\/\\\/redenoticiaz.com.br\\\/litoralsp\\\/#\\\/schema\\\/logo\\\/image\\\/\",\"url\":\"https:\\\/\\\/redenoticiaz.com.br\\\/litoralsp\\\/wp-content\\\/uploads\\\/sites\\\/3\\\/2020\\\/11\\\/logo.jpg\",\"contentUrl\":\"https:\\\/\\\/redenoticiaz.com.br\\\/litoralsp\\\/wp-content\\\/uploads\\\/sites\\\/3\\\/2020\\\/11\\\/logo.jpg\",\"width\":400,\"height\":250,\"caption\":\"Litoral SP\"},\"image\":{\"@id\":\"https:\\\/\\\/redenoticiaz.com.br\\\/litoralsp\\\/#\\\/schema\\\/logo\\\/image\\\/\"}},{\"@type\":\"Person\",\"@id\":\"\",\"url\":\"https:\\\/\\\/redenoticiaz.com.br\\\/litoralsp\\\/author\"}]}<\/script>\n<!-- \/ Yoast SEO plugin. -->","yoast_head_json":{"title":"Ap\u00f3s vencer Argentina na Copa, Ar\u00e1bia Saudita decreta feriado nacional - Litoral SP","robots":{"index":"index","follow":"follow","max-snippet":"max-snippet:-1","max-image-preview":"max-image-preview:large","max-video-preview":"max-video-preview:-1"},"canonical":"https:\/\/redenoticiaz.com.br\/litoralsp\/2022\/11\/22\/apos-vencer-argentina-na-copa-arabia-saudita-decreta-feriado-nacional","og_locale":"pt_BR","og_type":"article","og_title":"Ap\u00f3s vencer Argentina na Copa, Ar\u00e1bia Saudita decreta feriado nacional - Litoral SP","og_description":"Nesta ter\u00e7a-feira (22), jogando pelo grupo C a Argentina perdeu por 2 a 1, de virada para Ar\u00e1bia Saudita. Emocionados com a vit\u00f3ria, o governo da Ar\u00e1bia Saudita decretou feriado nacional. &#8220;Determina-se que amanh\u00e3, quarta-feira, seja feriado para todos os funcion\u00e1rios de todos os setores do Estado e do setor privado, e a estudantes do &hellip;","og_url":"https:\/\/redenoticiaz.com.br\/litoralsp\/2022\/11\/22\/apos-vencer-argentina-na-copa-arabia-saudita-decreta-feriado-nacional","og_site_name":"Litoral SP","article_published_time":"2022-11-22T20:45:44+00:00","twitter_card":"summary_large_image","twitter_misc":{"Escrito por":"","Est. tempo de leitura":"1 minuto"},"schema":{"@context":"https:\/\/schema.org","@graph":[{"@type":"Article","@id":"https:\/\/redenoticiaz.com.br\/litoralsp\/2022\/11\/22\/apos-vencer-argentina-na-copa-arabia-saudita-decreta-feriado-nacional#article","isPartOf":{"@id":"https:\/\/redenoticiaz.com.br\/litoralsp\/2022\/11\/22\/apos-vencer-argentina-na-copa-arabia-saudita-decreta-feriado-nacional"},"author":{"name":"","@id":""},"headline":"Ap\u00f3s vencer Argentina na Copa, Ar\u00e1bia Saudita decreta feriado nacional","datePublished":"2022-11-22T20:45:44+00:00","mainEntityOfPage":{"@id":"https:\/\/redenoticiaz.com.br\/litoralsp\/2022\/11\/22\/apos-vencer-argentina-na-copa-arabia-saudita-decreta-feriado-nacional"},"wordCount":165,"commentCount":0,"publisher":{"@id":"https:\/\/redenoticiaz.com.br\/litoralsp\/#organization"},"image":{"@id":"https:\/\/redenoticiaz.com.br\/litoralsp\/2022\/11\/22\/apos-vencer-argentina-na-copa-arabia-saudita-decreta-feriado-nacional#primaryimage"},"thumbnailUrl":"https:\/\/redenoticiaz.com.br\/litoralsp\/wp-content\/uploads\/sites\/3\/2022\/11\/Apos-vencer-Argentina-na-Copa-Arabia-Saudita-decreta-feriado-nacional.jpg","keywords":["AR\u00c1BIA SAUDITA","Argentina","feriado"],"articleSection":["Esporte"],"inLanguage":"pt-BR","potentialAction":[{"@type":"CommentAction","name":"Comment","target":["https:\/\/redenoticiaz.com.br\/litoralsp\/2022\/11\/22\/apos-vencer-argentina-na-copa-arabia-saudita-decreta-feriado-nacional#respond"]}]},{"@type":"WebPage","@id":"https:\/\/redenoticiaz.com.br\/litoralsp\/2022\/11\/22\/apos-vencer-argentina-na-copa-arabia-saudita-decreta-feriado-nacional","url":"https:\/\/redenoticiaz.com.br\/litoralsp\/2022\/11\/22\/apos-vencer-argentina-na-copa-arabia-saudita-decreta-feriado-nacional","name":"Ap\u00f3s vencer Argentina na Copa, Ar\u00e1bia Saudita decreta feriado nacional - Litoral SP","isPartOf":{"@id":"https:\/\/redenoticiaz.com.br\/litoralsp\/#website"},"primaryImageOfPage":{"@id":"https:\/\/redenoticiaz.com.br\/litoralsp\/2022\/11\/22\/apos-vencer-argentina-na-copa-arabia-saudita-decreta-feriado-nacional#primaryimage"},"image":{"@id":"https:\/\/redenoticiaz.com.br\/litoralsp\/2022\/11\/22\/apos-vencer-argentina-na-copa-arabia-saudita-decreta-feriado-nacional#primaryimage"},"thumbnailUrl":"https:\/\/redenoticiaz.com.br\/litoralsp\/wp-content\/uploads\/sites\/3\/2022\/11\/Apos-vencer-Argentina-na-Copa-Arabia-Saudita-decreta-feriado-nacional.jpg","datePublished":"2022-11-22T20:45:44+00:00","inLanguage":"pt-BR","potentialAction":[{"@type":"ReadAction","target":["https:\/\/redenoticiaz.com.br\/litoralsp\/2022\/11\/22\/apos-vencer-argentina-na-copa-arabia-saudita-decreta-feriado-nacional"]}]},{"@type":"ImageObject","inLanguage":"pt-BR","@id":"https:\/\/redenoticiaz.com.br\/litoralsp\/2022\/11\/22\/apos-vencer-argentina-na-copa-arabia-saudita-decreta-feriado-nacional#primaryimage","url":"https:\/\/redenoticiaz.com.br\/litoralsp\/wp-content\/uploads\/sites\/3\/2022\/11\/Apos-vencer-Argentina-na-Copa-Arabia-Saudita-decreta-feriado-nacional.jpg","contentUrl":"https:\/\/redenoticiaz.com.br\/litoralsp\/wp-content\/uploads\/sites\/3\/2022\/11\/Apos-vencer-Argentina-na-Copa-Arabia-Saudita-decreta-feriado-nacional.jpg","width":1200,"height":628,"caption":"O jogador Saleh Al-Shehri, da Ar\u00e1bia Saudita \u2014 Foto: REUTERS\/Annegret Hilse"},{"@type":"WebSite","@id":"https:\/\/redenoticiaz.com.br\/litoralsp\/#website","url":"https:\/\/redenoticiaz.com.br\/litoralsp\/","name":"Litoral SP","description":"Rede NoticiaZ","publisher":{"@id":"https:\/\/redenoticiaz.com.br\/litoralsp\/#organization"},"potentialAction":[{"@type":"SearchAction","target":{"@type":"EntryPoint","urlTemplate":"https:\/\/redenoticiaz.com.br\/litoralsp\/?s={search_term_string}"},"query-input":{"@type":"PropertyValueSpecification","valueRequired":true,"valueName":"search_term_string"}}],"inLanguage":"pt-BR"},{"@type":"Organization","@id":"https:\/\/redenoticiaz.com.br\/litoralsp\/#organization","name":"Litoral SP","url":"https:\/\/redenoticiaz.com.br\/litoralsp\/","logo":{"@type":"ImageObject","inLanguage":"pt-BR","@id":"https:\/\/redenoticiaz.com.br\/litoralsp\/#\/schema\/logo\/image\/","url":"https:\/\/redenoticiaz.com.br\/litoralsp\/wp-content\/uploads\/sites\/3\/2020\/11\/logo.jpg","contentUrl":"https:\/\/redenoticiaz.com.br\/litoralsp\/wp-content\/uploads\/sites\/3\/2020\/11\/logo.jpg","width":400,"height":250,"caption":"Litoral SP"},"image":{"@id":"https:\/\/redenoticiaz.com.br\/litoralsp\/#\/schema\/logo\/image\/"}},{"@type":"Person","@id":"","url":"https:\/\/redenoticiaz.com.br\/litoralsp\/author"}]}},"_links":{"self":[{"href":"https:\/\/redenoticiaz.com.br\/litoralsp\/wp-json\/wp\/v2\/posts\/95644","targetHints":{"allow":["GET"]}}],"collection":[{"href":"https:\/\/redenoticiaz.com.br\/litoralsp\/wp-json\/wp\/v2\/posts"}],"about":[{"href":"https:\/\/redenoticiaz.com.br\/litoralsp\/wp-json\/wp\/v2\/types\/post"}],"author":[{"embeddable":true,"href":"https:\/\/redenoticiaz.com.br\/litoralsp\/wp-json\/wp\/v2\/users\/15"}],"replies":[{"embeddable":true,"href":"https:\/\/redenoticiaz.com.br\/litoralsp\/wp-json\/wp\/v2\/comments?post=95644"}],"version-history":[{"count":0,"href":"https:\/\/redenoticiaz.com.br\/litoralsp\/wp-json\/wp\/v2\/posts\/95644\/revisions"}],"wp:featuredmedia":[{"embeddable":true,"href":"https:\/\/redenoticiaz.com.br\/litoralsp\/wp-json\/wp\/v2\/media\/95645"}],"wp:attachment":[{"href":"https:\/\/redenoticiaz.com.br\/litoralsp\/wp-json\/wp\/v2\/media?parent=95644"}],"wp:term":[{"taxonomy":"category","embeddable":true,"href":"https:\/\/redenoticiaz.com.br\/litoralsp\/wp-json\/wp\/v2\/categories?post=95644"},{"taxonomy":"post_tag","embeddable":true,"href":"https:\/\/redenoticiaz.com.br\/litoralsp\/wp-json\/wp\/v2\/tags?post=95644"}],"curies":[{"name":"wp","href":"https:\/\/api.w.org\/{rel}","templated":true}]}}