{"id":95733,"date":"2022-11-23T16:38:05","date_gmt":"2022-11-23T19:38:05","guid":{"rendered":"https:\/\/redenoticiaz.com.br\/litoralsp\/?p=95733"},"modified":"2022-11-23T16:38:05","modified_gmt":"2022-11-23T19:38:05","slug":"video-prefeitura-multa-ambulante-de-praia-por-descarte-irregular-de-residuo-contaminado-na-rede-pluvial","status":"publish","type":"post","link":"https:\/\/redenoticiaz.com.br\/litoralsp\/2022\/11\/23\/video-prefeitura-multa-ambulante-de-praia-por-descarte-irregular-de-residuo-contaminado-na-rede-pluvial","title":{"rendered":"V\u00cdDEO &#8211; Prefeitura multa ambulante de praia por descarte irregular de res\u00edduo contaminado na rede pluvial"},"content":{"rendered":"<p class=\"v1MsoNormal\">Ap\u00f3s receber den\u00fancias de mun\u00edcipes sobre o descarte irregular de res\u00edduo contaminado (restos de \u00e1gua de lavagem de lou\u00e7a com detergente e \u00f3leo de fritura) na rede de \u00e1guas pluviais, a Prefeitura de Guaruj\u00e1 aplicou uma multa no valor integral de R$ 11.757,15 ao propriet\u00e1rio de um carrinho de praia, na \u00faltima segunda-feira (21), \u00e0s 16h21.<\/p>\n<div class=\"wp-playlist wp-video-playlist wp-playlist-light\">\n\t\t<video controls=\"controls\" preload=\"none\" width=\"640\"\n\t\t height=\"1138\"\t><\/video>\n\t<div class=\"wp-playlist-next\"><\/div>\n\t<div class=\"wp-playlist-prev\"><\/div>\n\t<noscript>\n\t<ol>\n\t\t<li><a href='https:\/\/redenoticiaz.com.br\/litoralsp\/wp-content\/uploads\/sites\/3\/2022\/11\/Oleo-no-Esgoto.m4v'>V\u00cdDEO &#8211; Prefeitura multa ambulante de praia por descarte irregular de res\u00edduo contaminado na rede pluvial<\/a><\/li>\t<\/ol>\n\t<\/noscript>\n\t<script type=\"application\/json\" class=\"wp-playlist-script\">{\"type\":\"video\",\"tracklist\":true,\"tracknumbers\":true,\"images\":true,\"artists\":true,\"tracks\":[{\"src\":\"https:\/\/redenoticiaz.com.br\/litoralsp\/wp-content\/uploads\/sites\/3\/2022\/11\/Oleo-no-Esgoto.m4v\",\"type\":\"video\/mp4\",\"title\":\"V\\u00cdDEO &#8211; Prefeitura multa ambulante de praia por descarte irregular de res\\u00edduo contaminado na rede pluvial\",\"caption\":\"V\\u00cdDEO - Prefeitura multa ambulante de praia por descarte irregular de res\\u00edduo contaminado na rede pluvial\",\"description\":\"V\\u00cdDEO - Prefeitura multa ambulante de praia por descarte irregular de res\\u00edduo contaminado na rede pluvial\",\"meta\":{\"length_formatted\":\"0:19\"},\"dimensions\":{\"original\":{\"width\":720,\"height\":1280},\"resized\":{\"width\":640,\"height\":1138}},\"image\":{\"src\":\"https:\/\/redenoticiaz.com.br\/litoralsp\/wp-content\/uploads\/sites\/3\/2022\/11\/Oleo-no-Esgoto-m4v-image.jpg\",\"width\":720,\"height\":1280},\"thumb\":{\"src\":\"https:\/\/redenoticiaz.com.br\/litoralsp\/wp-content\/uploads\/sites\/3\/2022\/11\/Oleo-no-Esgoto-m4v-image-150x150.jpg\",\"width\":150,\"height\":150}}]}<\/script>\n<\/div>\n\t\n<p class=\"v1MsoNormal\">De acordo com a Prefeitura, a fiscaliza\u00e7\u00e3o da Secretaria Municipal de Meio Ambiente (Semam) flagrou a infra\u00e7\u00e3o na Avenida General Rondon, na altura do Posto 3, na Praia das Ast\u00farias.<\/p>\n<p class=\"v1MsoNormal\">Ainda de acordo com a Prefeitura, a pr\u00e1tica infringe o Artigo 140 da Lei Municipal 44\/1998. A legisla\u00e7\u00e3o estabelece que compete ao Poder Municipal a fiscaliza\u00e7\u00e3o e controle da polui\u00e7\u00e3o do ar.<\/p>\n<p class=\"v1MsoNormal\">Sendo assim, como o despejo de efluente contaminado vai diretamente para o len\u00e7ol fre\u00e1tico, podendo atingir as praias e contaminar a faixa arenosa, a Prefeitura aplicou a multa.<\/p>\n<h2>Meio Ambiente<\/h2>\n<p class=\"v1MsoNormal\">A Secretaria Municipal de Meio Ambiente informou que a Prefeitura oferece dispositivos para o descarte correto dos efluentes e n\u00e3o h\u00e1 justificativa para pr\u00e1ticas que degradem o ecossistema.<\/p>\n<p class=\"v1MsoNormal\">De acordo com a Prefeitura, o propriet\u00e1rio do carrinho de praia respons\u00e1vel pela infra\u00e7\u00e3o poder\u00e1 quitar a multa com 50% de desconto, no valor de R$ 5.878, 57 at\u00e9 15 de dezembro. Ap\u00f3s a data, ser\u00e1 cobrado o valor integral.<\/p>\n<p><strong>Leia mais<\/strong><\/p>\n<p><a href=\"https:\/\/redenoticiaz.com.br\/blog\/2022\/08\/31\/cantor-e-preso-em-operacao-da-pf-por-desvio-na-saude-de-guaruja\">Cantor \u00e9 preso em opera\u00e7\u00e3o da PF por desvio na sa\u00fade de Guaruj\u00e1<\/a><\/p>\n","protected":false},"excerpt":{"rendered":"<p>Ap\u00f3s receber den\u00fancias de mun\u00edcipes sobre o descarte irregular de res\u00edduo contaminado (restos de \u00e1gua de lavagem de lou\u00e7a com detergente e \u00f3leo de fritura) na rede de \u00e1guas pluviais, a Prefeitura de Guaruj\u00e1 aplicou uma multa no valor integral de R$ 11.757,15 ao propriet\u00e1rio de um carrinho de praia, na \u00faltima segunda-feira (21), \u00e0s &hellip;<\/p>\n","protected":false},"author":12,"featured_media":95735,"comment_status":"open","ping_status":"closed","sticky":false,"template":"","format":"standard","meta":{"footnotes":""},"categories":[187],"tags":[33027,6426],"class_list":["post-95733","post","type-post","status-publish","format-standard","has-post-thumbnail","hentry","category-guaruja","tag-descarte-irregular","tag-guaruja-2"],"yoast_head":"<!-- This site is optimized with the Yoast SEO plugin v27.5 - https:\/\/yoast.com\/product\/yoast-seo-wordpress\/ -->\n<title>V\u00cdDEO &#8211; Prefeitura multa ambulante de praia por descarte irregular de res\u00edduo contaminado na rede pluvial - Litoral SP<\/title>\n<meta name=\"description\" content=\"Fiscaliza\u00e7\u00e3o da Semam flagrou infra\u00e7\u00e3o em via das Ast\u00farias; valor integral da multa \u00e9 de R$ 11.757,15\" \/>\n<meta name=\"robots\" content=\"index, follow, max-snippet:-1, max-image-preview:large, max-video-preview:-1\" \/>\n<link rel=\"canonical\" href=\"https:\/\/redenoticiaz.com.br\/litoralsp\/2022\/11\/23\/video-prefeitura-multa-ambulante-de-praia-por-descarte-irregular-de-residuo-contaminado-na-rede-pluvial\" \/>\n<meta property=\"og:locale\" content=\"pt_BR\" \/>\n<meta property=\"og:type\" content=\"article\" \/>\n<meta property=\"og:title\" content=\"V\u00cdDEO &#8211; Prefeitura multa ambulante de praia por descarte irregular de res\u00edduo contaminado na rede pluvial - Litoral SP\" \/>\n<meta property=\"og:description\" content=\"Fiscaliza\u00e7\u00e3o da Semam flagrou infra\u00e7\u00e3o em via das Ast\u00farias; valor integral da multa \u00e9 de R$ 11.757,15\" \/>\n<meta property=\"og:url\" content=\"https:\/\/redenoticiaz.com.br\/litoralsp\/2022\/11\/23\/video-prefeitura-multa-ambulante-de-praia-por-descarte-irregular-de-residuo-contaminado-na-rede-pluvial\" \/>\n<meta property=\"og:site_name\" content=\"Litoral SP\" \/>\n<meta property=\"article:published_time\" content=\"2022-11-23T19:38:05+00:00\" \/>\n<meta property=\"og:image\" content=\"https:\/\/redenoticiaz.com.br\/litoralsp\/wp-content\/uploads\/sites\/3\/2022\/11\/Oleo-no-Esgoto-m4v-image.jpg\" \/>\n\t<meta property=\"og:image:width\" content=\"720\" \/>\n\t<meta property=\"og:image:height\" content=\"1280\" \/>\n\t<meta property=\"og:image:type\" content=\"image\/jpeg\" \/>\n<meta name=\"author\" content=\"Gustavo Silva\" \/>\n<meta name=\"twitter:card\" content=\"summary_large_image\" \/>\n<meta name=\"twitter:label1\" content=\"Escrito por\" \/>\n\t<meta name=\"twitter:data1\" content=\"Gustavo Silva\" \/>\n\t<meta name=\"twitter:label2\" content=\"Est. tempo de leitura\" \/>\n\t<meta name=\"twitter:data2\" content=\"2 minutos\" \/>\n<script type=\"application\/ld+json\" class=\"yoast-schema-graph\">{\"@context\":\"https:\\\/\\\/schema.org\",\"@graph\":[{\"@type\":\"Article\",\"@id\":\"https:\\\/\\\/redenoticiaz.com.br\\\/litoralsp\\\/2022\\\/11\\\/23\\\/video-prefeitura-multa-ambulante-de-praia-por-descarte-irregular-de-residuo-contaminado-na-rede-pluvial#article\",\"isPartOf\":{\"@id\":\"https:\\\/\\\/redenoticiaz.com.br\\\/litoralsp\\\/2022\\\/11\\\/23\\\/video-prefeitura-multa-ambulante-de-praia-por-descarte-irregular-de-residuo-contaminado-na-rede-pluvial\"},\"author\":{\"name\":\"Gustavo Silva\",\"@id\":\"https:\\\/\\\/redenoticiaz.com.br\\\/litoralsp\\\/#\\\/schema\\\/person\\\/16057b37a3c0ee6b096d7f887c566e2e\"},\"headline\":\"V\u00cdDEO &#8211; Prefeitura multa ambulante de praia por descarte irregular de res\u00edduo contaminado na rede pluvial\",\"datePublished\":\"2022-11-23T19:38:05+00:00\",\"mainEntityOfPage\":{\"@id\":\"https:\\\/\\\/redenoticiaz.com.br\\\/litoralsp\\\/2022\\\/11\\\/23\\\/video-prefeitura-multa-ambulante-de-praia-por-descarte-irregular-de-residuo-contaminado-na-rede-pluvial\"},\"wordCount\":265,\"commentCount\":0,\"publisher\":{\"@id\":\"https:\\\/\\\/redenoticiaz.com.br\\\/litoralsp\\\/#organization\"},\"image\":{\"@id\":\"https:\\\/\\\/redenoticiaz.com.br\\\/litoralsp\\\/2022\\\/11\\\/23\\\/video-prefeitura-multa-ambulante-de-praia-por-descarte-irregular-de-residuo-contaminado-na-rede-pluvial#primaryimage\"},\"thumbnailUrl\":\"https:\\\/\\\/redenoticiaz.com.br\\\/litoralsp\\\/wp-content\\\/uploads\\\/sites\\\/3\\\/2022\\\/11\\\/Oleo-no-Esgoto-m4v-image.jpg\",\"keywords\":[\"DESCARTE IRREGULAR\",\"Guaruj\u00e1\"],\"articleSection\":[\"Guaruj\u00e1\"],\"inLanguage\":\"pt-BR\",\"potentialAction\":[{\"@type\":\"CommentAction\",\"name\":\"Comment\",\"target\":[\"https:\\\/\\\/redenoticiaz.com.br\\\/litoralsp\\\/2022\\\/11\\\/23\\\/video-prefeitura-multa-ambulante-de-praia-por-descarte-irregular-de-residuo-contaminado-na-rede-pluvial#respond\"]}]},{\"@type\":\"WebPage\",\"@id\":\"https:\\\/\\\/redenoticiaz.com.br\\\/litoralsp\\\/2022\\\/11\\\/23\\\/video-prefeitura-multa-ambulante-de-praia-por-descarte-irregular-de-residuo-contaminado-na-rede-pluvial\",\"url\":\"https:\\\/\\\/redenoticiaz.com.br\\\/litoralsp\\\/2022\\\/11\\\/23\\\/video-prefeitura-multa-ambulante-de-praia-por-descarte-irregular-de-residuo-contaminado-na-rede-pluvial\",\"name\":\"V\u00cdDEO &#8211; Prefeitura multa ambulante de praia por descarte irregular de res\u00edduo contaminado na rede pluvial - Litoral SP\",\"isPartOf\":{\"@id\":\"https:\\\/\\\/redenoticiaz.com.br\\\/litoralsp\\\/#website\"},\"primaryImageOfPage\":{\"@id\":\"https:\\\/\\\/redenoticiaz.com.br\\\/litoralsp\\\/2022\\\/11\\\/23\\\/video-prefeitura-multa-ambulante-de-praia-por-descarte-irregular-de-residuo-contaminado-na-rede-pluvial#primaryimage\"},\"image\":{\"@id\":\"https:\\\/\\\/redenoticiaz.com.br\\\/litoralsp\\\/2022\\\/11\\\/23\\\/video-prefeitura-multa-ambulante-de-praia-por-descarte-irregular-de-residuo-contaminado-na-rede-pluvial#primaryimage\"},\"thumbnailUrl\":\"https:\\\/\\\/redenoticiaz.com.br\\\/litoralsp\\\/wp-content\\\/uploads\\\/sites\\\/3\\\/2022\\\/11\\\/Oleo-no-Esgoto-m4v-image.jpg\",\"datePublished\":\"2022-11-23T19:38:05+00:00\",\"description\":\"Fiscaliza\u00e7\u00e3o da Semam flagrou infra\u00e7\u00e3o em via das Ast\u00farias; valor integral da multa \u00e9 de R$ 11.757,15\",\"inLanguage\":\"pt-BR\",\"potentialAction\":[{\"@type\":\"ReadAction\",\"target\":[\"https:\\\/\\\/redenoticiaz.com.br\\\/litoralsp\\\/2022\\\/11\\\/23\\\/video-prefeitura-multa-ambulante-de-praia-por-descarte-irregular-de-residuo-contaminado-na-rede-pluvial\"]}]},{\"@type\":\"ImageObject\",\"inLanguage\":\"pt-BR\",\"@id\":\"https:\\\/\\\/redenoticiaz.com.br\\\/litoralsp\\\/2022\\\/11\\\/23\\\/video-prefeitura-multa-ambulante-de-praia-por-descarte-irregular-de-residuo-contaminado-na-rede-pluvial#primaryimage\",\"url\":\"https:\\\/\\\/redenoticiaz.com.br\\\/litoralsp\\\/wp-content\\\/uploads\\\/sites\\\/3\\\/2022\\\/11\\\/Oleo-no-Esgoto-m4v-image.jpg\",\"contentUrl\":\"https:\\\/\\\/redenoticiaz.com.br\\\/litoralsp\\\/wp-content\\\/uploads\\\/sites\\\/3\\\/2022\\\/11\\\/Oleo-no-Esgoto-m4v-image.jpg\",\"width\":720,\"height\":1280,\"caption\":\"V\u00cdDEO - Prefeitura multa ambulante de praia por descarte irregular de res\u00edduo contaminado na rede pluvial\"},{\"@type\":\"WebSite\",\"@id\":\"https:\\\/\\\/redenoticiaz.com.br\\\/litoralsp\\\/#website\",\"url\":\"https:\\\/\\\/redenoticiaz.com.br\\\/litoralsp\\\/\",\"name\":\"Litoral SP\",\"description\":\"Rede NoticiaZ\",\"publisher\":{\"@id\":\"https:\\\/\\\/redenoticiaz.com.br\\\/litoralsp\\\/#organization\"},\"potentialAction\":[{\"@type\":\"SearchAction\",\"target\":{\"@type\":\"EntryPoint\",\"urlTemplate\":\"https:\\\/\\\/redenoticiaz.com.br\\\/litoralsp\\\/?s={search_term_string}\"},\"query-input\":{\"@type\":\"PropertyValueSpecification\",\"valueRequired\":true,\"valueName\":\"search_term_string\"}}],\"inLanguage\":\"pt-BR\"},{\"@type\":\"Organization\",\"@id\":\"https:\\\/\\\/redenoticiaz.com.br\\\/litoralsp\\\/#organization\",\"name\":\"Litoral SP\",\"url\":\"https:\\\/\\\/redenoticiaz.com.br\\\/litoralsp\\\/\",\"logo\":{\"@type\":\"ImageObject\",\"inLanguage\":\"pt-BR\",\"@id\":\"https:\\\/\\\/redenoticiaz.com.br\\\/litoralsp\\\/#\\\/schema\\\/logo\\\/image\\\/\",\"url\":\"https:\\\/\\\/redenoticiaz.com.br\\\/litoralsp\\\/wp-content\\\/uploads\\\/sites\\\/3\\\/2020\\\/11\\\/logo.jpg\",\"contentUrl\":\"https:\\\/\\\/redenoticiaz.com.br\\\/litoralsp\\\/wp-content\\\/uploads\\\/sites\\\/3\\\/2020\\\/11\\\/logo.jpg\",\"width\":400,\"height\":250,\"caption\":\"Litoral SP\"},\"image\":{\"@id\":\"https:\\\/\\\/redenoticiaz.com.br\\\/litoralsp\\\/#\\\/schema\\\/logo\\\/image\\\/\"}},{\"@type\":\"Person\",\"@id\":\"https:\\\/\\\/redenoticiaz.com.br\\\/litoralsp\\\/#\\\/schema\\\/person\\\/16057b37a3c0ee6b096d7f887c566e2e\",\"name\":\"Gustavo Silva\",\"image\":{\"@type\":\"ImageObject\",\"inLanguage\":\"pt-BR\",\"@id\":\"https:\\\/\\\/secure.gravatar.com\\\/avatar\\\/3ee4e82f93b26de0a7cf4ea5eb7893da637ed6bb0c9170c58065944c56e28a33?s=96&d=mm&r=g\",\"url\":\"https:\\\/\\\/secure.gravatar.com\\\/avatar\\\/3ee4e82f93b26de0a7cf4ea5eb7893da637ed6bb0c9170c58065944c56e28a33?s=96&d=mm&r=g\",\"contentUrl\":\"https:\\\/\\\/secure.gravatar.com\\\/avatar\\\/3ee4e82f93b26de0a7cf4ea5eb7893da637ed6bb0c9170c58065944c56e28a33?s=96&d=mm&r=g\",\"caption\":\"Gustavo Silva\"},\"url\":\"https:\\\/\\\/redenoticiaz.com.br\\\/litoralsp\\\/author\\\/gustavosilva\"}]}<\/script>\n<!-- \/ Yoast SEO plugin. -->","yoast_head_json":{"title":"V\u00cdDEO &#8211; Prefeitura multa ambulante de praia por descarte irregular de res\u00edduo contaminado na rede pluvial - Litoral SP","description":"Fiscaliza\u00e7\u00e3o da Semam flagrou infra\u00e7\u00e3o em via das Ast\u00farias; valor integral da multa \u00e9 de R$ 11.757,15","robots":{"index":"index","follow":"follow","max-snippet":"max-snippet:-1","max-image-preview":"max-image-preview:large","max-video-preview":"max-video-preview:-1"},"canonical":"https:\/\/redenoticiaz.com.br\/litoralsp\/2022\/11\/23\/video-prefeitura-multa-ambulante-de-praia-por-descarte-irregular-de-residuo-contaminado-na-rede-pluvial","og_locale":"pt_BR","og_type":"article","og_title":"V\u00cdDEO &#8211; Prefeitura multa ambulante de praia por descarte irregular de res\u00edduo contaminado na rede pluvial - Litoral SP","og_description":"Fiscaliza\u00e7\u00e3o da Semam flagrou infra\u00e7\u00e3o em via das Ast\u00farias; valor integral da multa \u00e9 de R$ 11.757,15","og_url":"https:\/\/redenoticiaz.com.br\/litoralsp\/2022\/11\/23\/video-prefeitura-multa-ambulante-de-praia-por-descarte-irregular-de-residuo-contaminado-na-rede-pluvial","og_site_name":"Litoral SP","article_published_time":"2022-11-23T19:38:05+00:00","og_image":[{"width":720,"height":1280,"url":"https:\/\/redenoticiaz.com.br\/litoralsp\/wp-content\/uploads\/sites\/3\/2022\/11\/Oleo-no-Esgoto-m4v-image.jpg","type":"image\/jpeg"}],"author":"Gustavo Silva","twitter_card":"summary_large_image","twitter_misc":{"Escrito por":"Gustavo Silva","Est. tempo de leitura":"2 minutos"},"schema":{"@context":"https:\/\/schema.org","@graph":[{"@type":"Article","@id":"https:\/\/redenoticiaz.com.br\/litoralsp\/2022\/11\/23\/video-prefeitura-multa-ambulante-de-praia-por-descarte-irregular-de-residuo-contaminado-na-rede-pluvial#article","isPartOf":{"@id":"https:\/\/redenoticiaz.com.br\/litoralsp\/2022\/11\/23\/video-prefeitura-multa-ambulante-de-praia-por-descarte-irregular-de-residuo-contaminado-na-rede-pluvial"},"author":{"name":"Gustavo Silva","@id":"https:\/\/redenoticiaz.com.br\/litoralsp\/#\/schema\/person\/16057b37a3c0ee6b096d7f887c566e2e"},"headline":"V\u00cdDEO &#8211; Prefeitura multa ambulante de praia por descarte irregular de res\u00edduo contaminado na rede pluvial","datePublished":"2022-11-23T19:38:05+00:00","mainEntityOfPage":{"@id":"https:\/\/redenoticiaz.com.br\/litoralsp\/2022\/11\/23\/video-prefeitura-multa-ambulante-de-praia-por-descarte-irregular-de-residuo-contaminado-na-rede-pluvial"},"wordCount":265,"commentCount":0,"publisher":{"@id":"https:\/\/redenoticiaz.com.br\/litoralsp\/#organization"},"image":{"@id":"https:\/\/redenoticiaz.com.br\/litoralsp\/2022\/11\/23\/video-prefeitura-multa-ambulante-de-praia-por-descarte-irregular-de-residuo-contaminado-na-rede-pluvial#primaryimage"},"thumbnailUrl":"https:\/\/redenoticiaz.com.br\/litoralsp\/wp-content\/uploads\/sites\/3\/2022\/11\/Oleo-no-Esgoto-m4v-image.jpg","keywords":["DESCARTE IRREGULAR","Guaruj\u00e1"],"articleSection":["Guaruj\u00e1"],"inLanguage":"pt-BR","potentialAction":[{"@type":"CommentAction","name":"Comment","target":["https:\/\/redenoticiaz.com.br\/litoralsp\/2022\/11\/23\/video-prefeitura-multa-ambulante-de-praia-por-descarte-irregular-de-residuo-contaminado-na-rede-pluvial#respond"]}]},{"@type":"WebPage","@id":"https:\/\/redenoticiaz.com.br\/litoralsp\/2022\/11\/23\/video-prefeitura-multa-ambulante-de-praia-por-descarte-irregular-de-residuo-contaminado-na-rede-pluvial","url":"https:\/\/redenoticiaz.com.br\/litoralsp\/2022\/11\/23\/video-prefeitura-multa-ambulante-de-praia-por-descarte-irregular-de-residuo-contaminado-na-rede-pluvial","name":"V\u00cdDEO &#8211; Prefeitura multa ambulante de praia por descarte irregular de res\u00edduo contaminado na rede pluvial - Litoral SP","isPartOf":{"@id":"https:\/\/redenoticiaz.com.br\/litoralsp\/#website"},"primaryImageOfPage":{"@id":"https:\/\/redenoticiaz.com.br\/litoralsp\/2022\/11\/23\/video-prefeitura-multa-ambulante-de-praia-por-descarte-irregular-de-residuo-contaminado-na-rede-pluvial#primaryimage"},"image":{"@id":"https:\/\/redenoticiaz.com.br\/litoralsp\/2022\/11\/23\/video-prefeitura-multa-ambulante-de-praia-por-descarte-irregular-de-residuo-contaminado-na-rede-pluvial#primaryimage"},"thumbnailUrl":"https:\/\/redenoticiaz.com.br\/litoralsp\/wp-content\/uploads\/sites\/3\/2022\/11\/Oleo-no-Esgoto-m4v-image.jpg","datePublished":"2022-11-23T19:38:05+00:00","description":"Fiscaliza\u00e7\u00e3o da Semam flagrou infra\u00e7\u00e3o em via das Ast\u00farias; valor integral da multa \u00e9 de R$ 11.757,15","inLanguage":"pt-BR","potentialAction":[{"@type":"ReadAction","target":["https:\/\/redenoticiaz.com.br\/litoralsp\/2022\/11\/23\/video-prefeitura-multa-ambulante-de-praia-por-descarte-irregular-de-residuo-contaminado-na-rede-pluvial"]}]},{"@type":"ImageObject","inLanguage":"pt-BR","@id":"https:\/\/redenoticiaz.com.br\/litoralsp\/2022\/11\/23\/video-prefeitura-multa-ambulante-de-praia-por-descarte-irregular-de-residuo-contaminado-na-rede-pluvial#primaryimage","url":"https:\/\/redenoticiaz.com.br\/litoralsp\/wp-content\/uploads\/sites\/3\/2022\/11\/Oleo-no-Esgoto-m4v-image.jpg","contentUrl":"https:\/\/redenoticiaz.com.br\/litoralsp\/wp-content\/uploads\/sites\/3\/2022\/11\/Oleo-no-Esgoto-m4v-image.jpg","width":720,"height":1280,"caption":"V\u00cdDEO - Prefeitura multa ambulante de praia por descarte irregular de res\u00edduo contaminado na rede pluvial"},{"@type":"WebSite","@id":"https:\/\/redenoticiaz.com.br\/litoralsp\/#website","url":"https:\/\/redenoticiaz.com.br\/litoralsp\/","name":"Litoral SP","description":"Rede NoticiaZ","publisher":{"@id":"https:\/\/redenoticiaz.com.br\/litoralsp\/#organization"},"potentialAction":[{"@type":"SearchAction","target":{"@type":"EntryPoint","urlTemplate":"https:\/\/redenoticiaz.com.br\/litoralsp\/?s={search_term_string}"},"query-input":{"@type":"PropertyValueSpecification","valueRequired":true,"valueName":"search_term_string"}}],"inLanguage":"pt-BR"},{"@type":"Organization","@id":"https:\/\/redenoticiaz.com.br\/litoralsp\/#organization","name":"Litoral SP","url":"https:\/\/redenoticiaz.com.br\/litoralsp\/","logo":{"@type":"ImageObject","inLanguage":"pt-BR","@id":"https:\/\/redenoticiaz.com.br\/litoralsp\/#\/schema\/logo\/image\/","url":"https:\/\/redenoticiaz.com.br\/litoralsp\/wp-content\/uploads\/sites\/3\/2020\/11\/logo.jpg","contentUrl":"https:\/\/redenoticiaz.com.br\/litoralsp\/wp-content\/uploads\/sites\/3\/2020\/11\/logo.jpg","width":400,"height":250,"caption":"Litoral SP"},"image":{"@id":"https:\/\/redenoticiaz.com.br\/litoralsp\/#\/schema\/logo\/image\/"}},{"@type":"Person","@id":"https:\/\/redenoticiaz.com.br\/litoralsp\/#\/schema\/person\/16057b37a3c0ee6b096d7f887c566e2e","name":"Gustavo Silva","image":{"@type":"ImageObject","inLanguage":"pt-BR","@id":"https:\/\/secure.gravatar.com\/avatar\/3ee4e82f93b26de0a7cf4ea5eb7893da637ed6bb0c9170c58065944c56e28a33?s=96&d=mm&r=g","url":"https:\/\/secure.gravatar.com\/avatar\/3ee4e82f93b26de0a7cf4ea5eb7893da637ed6bb0c9170c58065944c56e28a33?s=96&d=mm&r=g","contentUrl":"https:\/\/secure.gravatar.com\/avatar\/3ee4e82f93b26de0a7cf4ea5eb7893da637ed6bb0c9170c58065944c56e28a33?s=96&d=mm&r=g","caption":"Gustavo Silva"},"url":"https:\/\/redenoticiaz.com.br\/litoralsp\/author\/gustavosilva"}]}},"_links":{"self":[{"href":"https:\/\/redenoticiaz.com.br\/litoralsp\/wp-json\/wp\/v2\/posts\/95733","targetHints":{"allow":["GET"]}}],"collection":[{"href":"https:\/\/redenoticiaz.com.br\/litoralsp\/wp-json\/wp\/v2\/posts"}],"about":[{"href":"https:\/\/redenoticiaz.com.br\/litoralsp\/wp-json\/wp\/v2\/types\/post"}],"author":[{"embeddable":true,"href":"https:\/\/redenoticiaz.com.br\/litoralsp\/wp-json\/wp\/v2\/users\/12"}],"replies":[{"embeddable":true,"href":"https:\/\/redenoticiaz.com.br\/litoralsp\/wp-json\/wp\/v2\/comments?post=95733"}],"version-history":[{"count":1,"href":"https:\/\/redenoticiaz.com.br\/litoralsp\/wp-json\/wp\/v2\/posts\/95733\/revisions"}],"predecessor-version":[{"id":95736,"href":"https:\/\/redenoticiaz.com.br\/litoralsp\/wp-json\/wp\/v2\/posts\/95733\/revisions\/95736"}],"wp:featuredmedia":[{"embeddable":true,"href":"https:\/\/redenoticiaz.com.br\/litoralsp\/wp-json\/wp\/v2\/media\/95735"}],"wp:attachment":[{"href":"https:\/\/redenoticiaz.com.br\/litoralsp\/wp-json\/wp\/v2\/media?parent=95733"}],"wp:term":[{"taxonomy":"category","embeddable":true,"href":"https:\/\/redenoticiaz.com.br\/litoralsp\/wp-json\/wp\/v2\/categories?post=95733"},{"taxonomy":"post_tag","embeddable":true,"href":"https:\/\/redenoticiaz.com.br\/litoralsp\/wp-json\/wp\/v2\/tags?post=95733"}],"curies":[{"name":"wp","href":"https:\/\/api.w.org\/{rel}","templated":true}]}}