{"id":95753,"date":"2022-11-27T07:00:55","date_gmt":"2022-11-27T10:00:55","guid":{"rendered":"https:\/\/redenoticiaz.com.br\/litoralsp\/?p=95753"},"modified":"2022-11-23T22:02:47","modified_gmt":"2022-11-24T01:02:47","slug":"como-as-empresas-podem-evitar-problemas-durante-e-pos-black-friday","status":"publish","type":"post","link":"https:\/\/redenoticiaz.com.br\/litoralsp\/2022\/11\/27\/como-as-empresas-podem-evitar-problemas-durante-e-pos-black-friday","title":{"rendered":"Como as empresas podem evitar problemas durante e p\u00f3s Black Friday?"},"content":{"rendered":"<p>A <strong>Black Friday<\/strong> foi realizada com o intuito de oferecer uma s\u00e9rie de produtos com bons descontos. No entanto \u00e9 justamente neste evento que o n\u00famero de reclama\u00e7\u00f5es \u00e9 maior. Seja em rela\u00e7\u00e3o aos valores ou com as condi\u00e7\u00f5es e o estado dos produtos e alimentos, as broncas s\u00e3o recorrentes. Por isso tem dicas de como as empresas podem se livrar destes problemas, principalmente p\u00f3s Black Friday.<\/p>\n<p class=\"v1ql-align-justify\">A Black Friday \u00e9 uma das \u00e9pocas mais esperadas pelos consumidores. Produtos com descontos irresist\u00edveis tomam conta das prateleiras f\u00edsicas e de e-commerces, provocando um grande volume de compras e vendas, colaborando com o esvaziamento de estoque e contribuindo com a circula\u00e7\u00e3o de capital e mercadorias do Pa\u00eds.<\/p>\n<p class=\"v1ql-align-justify\">A advogada e especialista do escrit\u00f3rio de advocacia Nogueira e Tognin,\u00a0 Maria Am\u00e9lia Tudisco, esclarece d\u00favidas sobre a que as empresas devem se atentar para evitar conflitos no p\u00f3s desconto, diante das diretrizes do C\u00f3digo de Defesa do Consumidor (CDC).<\/p>\n<h5 class=\"v1ql-align-justify\"><strong>Black Friday no CDC<\/strong><\/h5>\n<p class=\"v1ql-align-justify\">O C\u00f3digo de Defesa do Consumidor \u00e9 bem claro e se aplica nas compras e vendas, mas muitas empresas ainda t\u00eam d\u00favidas sobre como devem conduzir seus neg\u00f3cios para se proteger tanto economicamente, como de eventuais problemas com a justi\u00e7a.<\/p>\n<h5 class=\"v1ql-align-justify\"><strong>Do ponto de vista jur\u00eddico, \u00e9 poss\u00edvel dizer quais s\u00e3o as regras de participa\u00e7\u00e3o?\u00a0<\/strong><\/h5>\n<p class=\"v1ql-align-justify\">O fornecedor que participa da Black Friday deve comunicar as ofertas e respeitar as regras do C\u00f3digo de Defesa do Consumidor.<\/p>\n<h5 class=\"v1ql-align-justify\"><strong>Em se tratando de segmento de mercado e tipo de neg\u00f3cio, h\u00e1 alguma restri\u00e7\u00e3o legal de participa\u00e7\u00e3o no per\u00edodo de desconto?\u00a0<\/strong><\/h5>\n<p class=\"v1ql-align-justify\">N\u00e3o h\u00e1 restri\u00e7\u00e3o para a participa\u00e7\u00e3o da Black Friday.<\/p>\n<h5 class=\"v1ql-align-justify\"><strong>Qual o prazo para resposta no caso de contesta\u00e7\u00e3o de uma oferta por parte do consumidor?\u00a0<\/strong><\/h5>\n<p class=\"v1ql-align-justify\">O fornecedor tem o prazo de 30 dias para a resposta.<\/p>\n<h5 class=\"v1ql-align-justify\"><strong>O que diz a lei a respeito da disponibilidade de estoque dos produtos ofertados?\u00a0<\/strong><\/h5>\n<p class=\"v1ql-align-justify\">O C\u00f3digo de Defesa do Consumidor, em seu artigo 35, diz que se o fornecedor de produtos ou servi\u00e7os se recusar ao cumprimento da oferta, gera ao consumidor o direito de escolher, alternativamente, exigir o cumprimento for\u00e7ado da obriga\u00e7\u00e3o, nos termos da oferta, outro produto\/servi\u00e7o equivalente ou rescindir o contrato, com direito \u00e0 restitui\u00e7\u00e3o da quantia eventualmente antecipada, monetariamente atualizada e a perdas e danos.<\/p>\n<h5 class=\"v1ql-align-justify\"><strong>Quais as diferen\u00e7as estabelecidas pelo CDC no caso de compras em lojas f\u00edsicas e online?\u00a0<\/strong><\/h5>\n<p class=\"v1ql-align-justify\">O CDC, em seu artigo 49, prev\u00ea o direito de arrependimento pelo consumidor em 7 dias contados da assinatura do contrato ou do recebimento do produto\/servi\u00e7o, mas somente se a contrata\u00e7\u00e3o ocorreu fora do estabelecimento comercial, ou seja, por telefone, online ou a domic\u00edlio. Al\u00e9m disso, importante afirmar que n\u00e3o \u00e9 ilegal o fornecedor possuir pre\u00e7o diverso na loja f\u00edsica e na virtual, desde que todos os detalhes que envolvem a compra estejam especificados de forma clara.<\/p>\n<h5 class=\"v1ql-align-justify\"><strong>Se o produto apresentar defeito, h\u00e1 a obrigatoriedade legal de troca mesmo quando comprado em promo\u00e7\u00f5es como esta?\u00a0<\/strong><\/h5>\n<p class=\"v1ql-align-justify\">Sim, o CDC garante a troca do produto mesmo ele tenha sido adquirido em promo\u00e7\u00f5es como a Black Friday.<\/p>\n<h5 class=\"v1ql-align-justify\"><strong>Quais os poss\u00edveis riscos internos as empresas podem ter no p\u00f3s-desconto?\u00a0<\/strong><\/h5>\n<p class=\"v1ql-align-justify\">Os fornecedores devem se atentar \u00e0 log\u00edstica de entrega, dissemina\u00e7\u00e3o de fake news, disponibilidade dos produtos em estoque, controle rigoroso do estoque e em tempo real.<\/p>\n<h5 class=\"v1ql-align-justify\"><strong>Como se preparar judicialmente para evitar ou mediar conflitos com clientes?\u00a0<\/strong><\/h5>\n<p class=\"v1ql-align-justify\">\u00c9 importante o fornecedor analisar todos os feedbacks, agir com transpar\u00eancia, criar um sistema de gest\u00e3o de conflitos, aproximar-se dos \u00f3rg\u00e3os de prote\u00e7\u00e3o ao consumidor e possuir um jur\u00eddico especializado para este tipo de demanda.<\/p>\n<p class=\"v1ql-align-justify\">Para usufruir dos benef\u00edcios das vendas do per\u00edodo de ofertas, a empresa deve ter o acompanhamento constante de uma equipe jur\u00eddica com especialistas qualificados.<\/p>\n<p><strong>LEIA TAMB\u00c9M<\/strong><\/p>\n<p><a href=\"https:\/\/redenoticiaz.com.br\/blog\/2022\/11\/23\/apoio-para-comerciantes-em-itupeva-alvara-podera-ser-parcelado-em-ate-10x\">Apoio para comerciantes em Itupeva: alvar\u00e1 poder\u00e1 ser parcelado em at\u00e9 10x<\/a><\/p>\n","protected":false},"excerpt":{"rendered":"<p>A Black Friday foi realizada com o intuito de oferecer uma s\u00e9rie de produtos com bons descontos. No entanto \u00e9 justamente neste evento que o n\u00famero de reclama\u00e7\u00f5es \u00e9 maior. Seja em rela\u00e7\u00e3o aos valores ou com as condi\u00e7\u00f5es e o estado dos produtos e alimentos, as broncas s\u00e3o recorrentes. Por isso tem dicas de &hellip;<\/p>\n","protected":false},"author":6,"featured_media":95754,"comment_status":"open","ping_status":"closed","sticky":false,"template":"","format":"standard","meta":{"footnotes":""},"categories":[97],"tags":[1453,173,51903,9966,10091],"class_list":["post-95753","post","type-post","status-publish","format-standard","has-post-thumbnail","hentry","category-economia","tag-black-friday","tag-brasil","tag-consumidores","tag-empresas","tag-problemas"],"yoast_head":"<!-- This site is optimized with the Yoast SEO plugin v27.4 - https:\/\/yoast.com\/product\/yoast-seo-wordpress\/ -->\n<title>Como as empresas podem evitar problemas durante e p\u00f3s Black Friday? - Litoral SP<\/title>\n<meta name=\"description\" content=\"A Black Friday foi realizada com o intuito de oferecer uma s\u00e9rie de produtos com bons descontos. No entanto \u00e9 justamente neste\" \/>\n<meta name=\"robots\" content=\"index, follow, max-snippet:-1, max-image-preview:large, max-video-preview:-1\" \/>\n<link rel=\"canonical\" href=\"https:\/\/redenoticiaz.com.br\/litoralsp\/2022\/11\/27\/como-as-empresas-podem-evitar-problemas-durante-e-pos-black-friday\" \/>\n<meta property=\"og:locale\" content=\"pt_BR\" \/>\n<meta property=\"og:type\" content=\"article\" \/>\n<meta property=\"og:title\" content=\"Como as empresas podem evitar problemas durante e p\u00f3s Black Friday? - Litoral SP\" \/>\n<meta property=\"og:description\" content=\"A Black Friday foi realizada com o intuito de oferecer uma s\u00e9rie de produtos com bons descontos. No entanto \u00e9 justamente neste\" \/>\n<meta property=\"og:url\" content=\"https:\/\/redenoticiaz.com.br\/litoralsp\/2022\/11\/27\/como-as-empresas-podem-evitar-problemas-durante-e-pos-black-friday\" \/>\n<meta property=\"og:site_name\" content=\"Litoral SP\" \/>\n<meta property=\"article:published_time\" content=\"2022-11-27T10:00:55+00:00\" \/>\n<meta property=\"og:image\" content=\"https:\/\/redenoticiaz.com.br\/litoralsp\/wp-content\/uploads\/sites\/3\/2022\/12\/52117923953_6787b17b49_o-2048x1365-1-scaled.jpg\" \/>\n\t<meta property=\"og:image:width\" content=\"1620\" \/>\n\t<meta property=\"og:image:height\" content=\"1080\" \/>\n\t<meta property=\"og:image:type\" content=\"image\/jpeg\" \/>\n<meta name=\"author\" content=\"Leonardo Francisco\" \/>\n<meta name=\"twitter:card\" content=\"summary_large_image\" \/>\n<meta name=\"twitter:label1\" content=\"Escrito por\" \/>\n\t<meta name=\"twitter:data1\" content=\"Leonardo Francisco\" \/>\n\t<meta name=\"twitter:label2\" content=\"Est. tempo de leitura\" \/>\n\t<meta name=\"twitter:data2\" content=\"4 minutos\" \/>\n<script type=\"application\/ld+json\" class=\"yoast-schema-graph\">{\"@context\":\"https:\\\/\\\/schema.org\",\"@graph\":[{\"@type\":\"Article\",\"@id\":\"https:\\\/\\\/redenoticiaz.com.br\\\/litoralsp\\\/2022\\\/11\\\/27\\\/como-as-empresas-podem-evitar-problemas-durante-e-pos-black-friday#article\",\"isPartOf\":{\"@id\":\"https:\\\/\\\/redenoticiaz.com.br\\\/litoralsp\\\/2022\\\/11\\\/27\\\/como-as-empresas-podem-evitar-problemas-durante-e-pos-black-friday\"},\"author\":{\"name\":\"Leonardo Francisco\",\"@id\":\"https:\\\/\\\/redenoticiaz.com.br\\\/litoralsp\\\/#\\\/schema\\\/person\\\/0f0b8a5bdafefe82841e07ae8d81ecb3\"},\"headline\":\"Como as empresas podem evitar problemas durante e p\u00f3s Black Friday?\",\"datePublished\":\"2022-11-27T10:00:55+00:00\",\"mainEntityOfPage\":{\"@id\":\"https:\\\/\\\/redenoticiaz.com.br\\\/litoralsp\\\/2022\\\/11\\\/27\\\/como-as-empresas-podem-evitar-problemas-durante-e-pos-black-friday\"},\"wordCount\":685,\"commentCount\":0,\"publisher\":{\"@id\":\"https:\\\/\\\/redenoticiaz.com.br\\\/litoralsp\\\/#organization\"},\"image\":{\"@id\":\"https:\\\/\\\/redenoticiaz.com.br\\\/litoralsp\\\/2022\\\/11\\\/27\\\/como-as-empresas-podem-evitar-problemas-durante-e-pos-black-friday#primaryimage\"},\"thumbnailUrl\":\"https:\\\/\\\/redenoticiaz.com.br\\\/litoralsp\\\/wp-content\\\/uploads\\\/sites\\\/3\\\/2022\\\/11\\\/DESCONTOS.jpg?v=1669251698\",\"keywords\":[\"BLACK FRIDAY\",\"Brasil\",\"CONSUMIDORES\",\"EMPRESAS\",\"PROBLEMAS\"],\"articleSection\":[\"Economia\"],\"inLanguage\":\"pt-BR\",\"potentialAction\":[{\"@type\":\"CommentAction\",\"name\":\"Comment\",\"target\":[\"https:\\\/\\\/redenoticiaz.com.br\\\/litoralsp\\\/2022\\\/11\\\/27\\\/como-as-empresas-podem-evitar-problemas-durante-e-pos-black-friday#respond\"]}]},{\"@type\":\"WebPage\",\"@id\":\"https:\\\/\\\/redenoticiaz.com.br\\\/litoralsp\\\/2022\\\/11\\\/27\\\/como-as-empresas-podem-evitar-problemas-durante-e-pos-black-friday\",\"url\":\"https:\\\/\\\/redenoticiaz.com.br\\\/litoralsp\\\/2022\\\/11\\\/27\\\/como-as-empresas-podem-evitar-problemas-durante-e-pos-black-friday\",\"name\":\"Como as empresas podem evitar problemas durante e p\u00f3s Black Friday? - Litoral SP\",\"isPartOf\":{\"@id\":\"https:\\\/\\\/redenoticiaz.com.br\\\/litoralsp\\\/#website\"},\"primaryImageOfPage\":{\"@id\":\"https:\\\/\\\/redenoticiaz.com.br\\\/litoralsp\\\/2022\\\/11\\\/27\\\/como-as-empresas-podem-evitar-problemas-durante-e-pos-black-friday#primaryimage\"},\"image\":{\"@id\":\"https:\\\/\\\/redenoticiaz.com.br\\\/litoralsp\\\/2022\\\/11\\\/27\\\/como-as-empresas-podem-evitar-problemas-durante-e-pos-black-friday#primaryimage\"},\"thumbnailUrl\":\"https:\\\/\\\/redenoticiaz.com.br\\\/litoralsp\\\/wp-content\\\/uploads\\\/sites\\\/3\\\/2022\\\/11\\\/DESCONTOS.jpg?v=1669251698\",\"datePublished\":\"2022-11-27T10:00:55+00:00\",\"description\":\"A Black Friday foi realizada com o intuito de oferecer uma s\u00e9rie de produtos com bons descontos. No entanto \u00e9 justamente neste\",\"inLanguage\":\"pt-BR\",\"potentialAction\":[{\"@type\":\"ReadAction\",\"target\":[\"https:\\\/\\\/redenoticiaz.com.br\\\/litoralsp\\\/2022\\\/11\\\/27\\\/como-as-empresas-podem-evitar-problemas-durante-e-pos-black-friday\"]}]},{\"@type\":\"ImageObject\",\"inLanguage\":\"pt-BR\",\"@id\":\"https:\\\/\\\/redenoticiaz.com.br\\\/litoralsp\\\/2022\\\/11\\\/27\\\/como-as-empresas-podem-evitar-problemas-durante-e-pos-black-friday#primaryimage\",\"url\":\"https:\\\/\\\/redenoticiaz.com.br\\\/litoralsp\\\/wp-content\\\/uploads\\\/sites\\\/3\\\/2022\\\/11\\\/DESCONTOS.jpg?v=1669251698\",\"contentUrl\":\"https:\\\/\\\/redenoticiaz.com.br\\\/litoralsp\\\/wp-content\\\/uploads\\\/sites\\\/3\\\/2022\\\/11\\\/DESCONTOS.jpg?v=1669251698\",\"width\":640,\"height\":360,\"caption\":\"Cr\u00e9ditos: Reprodu\u00e7\u00e3o\"},{\"@type\":\"WebSite\",\"@id\":\"https:\\\/\\\/redenoticiaz.com.br\\\/litoralsp\\\/#website\",\"url\":\"https:\\\/\\\/redenoticiaz.com.br\\\/litoralsp\\\/\",\"name\":\"Litoral SP\",\"description\":\"Rede NoticiaZ\",\"publisher\":{\"@id\":\"https:\\\/\\\/redenoticiaz.com.br\\\/litoralsp\\\/#organization\"},\"potentialAction\":[{\"@type\":\"SearchAction\",\"target\":{\"@type\":\"EntryPoint\",\"urlTemplate\":\"https:\\\/\\\/redenoticiaz.com.br\\\/litoralsp\\\/?s={search_term_string}\"},\"query-input\":{\"@type\":\"PropertyValueSpecification\",\"valueRequired\":true,\"valueName\":\"search_term_string\"}}],\"inLanguage\":\"pt-BR\"},{\"@type\":\"Organization\",\"@id\":\"https:\\\/\\\/redenoticiaz.com.br\\\/litoralsp\\\/#organization\",\"name\":\"Litoral SP\",\"url\":\"https:\\\/\\\/redenoticiaz.com.br\\\/litoralsp\\\/\",\"logo\":{\"@type\":\"ImageObject\",\"inLanguage\":\"pt-BR\",\"@id\":\"https:\\\/\\\/redenoticiaz.com.br\\\/litoralsp\\\/#\\\/schema\\\/logo\\\/image\\\/\",\"url\":\"https:\\\/\\\/redenoticiaz.com.br\\\/litoralsp\\\/wp-content\\\/uploads\\\/sites\\\/3\\\/2020\\\/11\\\/logo.jpg\",\"contentUrl\":\"https:\\\/\\\/redenoticiaz.com.br\\\/litoralsp\\\/wp-content\\\/uploads\\\/sites\\\/3\\\/2020\\\/11\\\/logo.jpg\",\"width\":400,\"height\":250,\"caption\":\"Litoral SP\"},\"image\":{\"@id\":\"https:\\\/\\\/redenoticiaz.com.br\\\/litoralsp\\\/#\\\/schema\\\/logo\\\/image\\\/\"}},{\"@type\":\"Person\",\"@id\":\"https:\\\/\\\/redenoticiaz.com.br\\\/litoralsp\\\/#\\\/schema\\\/person\\\/0f0b8a5bdafefe82841e07ae8d81ecb3\",\"name\":\"Leonardo Francisco\",\"image\":{\"@type\":\"ImageObject\",\"inLanguage\":\"pt-BR\",\"@id\":\"https:\\\/\\\/secure.gravatar.com\\\/avatar\\\/a7358cb406a99b682ec6df1e77e31ae82e63601f6784e8a3df411d72b37864da?s=96&d=mm&r=g\",\"url\":\"https:\\\/\\\/secure.gravatar.com\\\/avatar\\\/a7358cb406a99b682ec6df1e77e31ae82e63601f6784e8a3df411d72b37864da?s=96&d=mm&r=g\",\"contentUrl\":\"https:\\\/\\\/secure.gravatar.com\\\/avatar\\\/a7358cb406a99b682ec6df1e77e31ae82e63601f6784e8a3df411d72b37864da?s=96&d=mm&r=g\",\"caption\":\"Leonardo Francisco\"},\"url\":\"https:\\\/\\\/redenoticiaz.com.br\\\/litoralsp\\\/author\\\/leonardo-francisco\"}]}<\/script>\n<!-- \/ Yoast SEO plugin. -->","yoast_head_json":{"title":"Como as empresas podem evitar problemas durante e p\u00f3s Black Friday? - Litoral SP","description":"A Black Friday foi realizada com o intuito de oferecer uma s\u00e9rie de produtos com bons descontos. No entanto \u00e9 justamente neste","robots":{"index":"index","follow":"follow","max-snippet":"max-snippet:-1","max-image-preview":"max-image-preview:large","max-video-preview":"max-video-preview:-1"},"canonical":"https:\/\/redenoticiaz.com.br\/litoralsp\/2022\/11\/27\/como-as-empresas-podem-evitar-problemas-durante-e-pos-black-friday","og_locale":"pt_BR","og_type":"article","og_title":"Como as empresas podem evitar problemas durante e p\u00f3s Black Friday? - Litoral SP","og_description":"A Black Friday foi realizada com o intuito de oferecer uma s\u00e9rie de produtos com bons descontos. No entanto \u00e9 justamente neste","og_url":"https:\/\/redenoticiaz.com.br\/litoralsp\/2022\/11\/27\/como-as-empresas-podem-evitar-problemas-durante-e-pos-black-friday","og_site_name":"Litoral SP","article_published_time":"2022-11-27T10:00:55+00:00","og_image":[{"width":1620,"height":1080,"url":"https:\/\/redenoticiaz.com.br\/litoralsp\/wp-content\/uploads\/sites\/3\/2022\/12\/52117923953_6787b17b49_o-2048x1365-1-scaled.jpg","type":"image\/jpeg"}],"author":"Leonardo Francisco","twitter_card":"summary_large_image","twitter_misc":{"Escrito por":"Leonardo Francisco","Est. tempo de leitura":"4 minutos"},"schema":{"@context":"https:\/\/schema.org","@graph":[{"@type":"Article","@id":"https:\/\/redenoticiaz.com.br\/litoralsp\/2022\/11\/27\/como-as-empresas-podem-evitar-problemas-durante-e-pos-black-friday#article","isPartOf":{"@id":"https:\/\/redenoticiaz.com.br\/litoralsp\/2022\/11\/27\/como-as-empresas-podem-evitar-problemas-durante-e-pos-black-friday"},"author":{"name":"Leonardo Francisco","@id":"https:\/\/redenoticiaz.com.br\/litoralsp\/#\/schema\/person\/0f0b8a5bdafefe82841e07ae8d81ecb3"},"headline":"Como as empresas podem evitar problemas durante e p\u00f3s Black Friday?","datePublished":"2022-11-27T10:00:55+00:00","mainEntityOfPage":{"@id":"https:\/\/redenoticiaz.com.br\/litoralsp\/2022\/11\/27\/como-as-empresas-podem-evitar-problemas-durante-e-pos-black-friday"},"wordCount":685,"commentCount":0,"publisher":{"@id":"https:\/\/redenoticiaz.com.br\/litoralsp\/#organization"},"image":{"@id":"https:\/\/redenoticiaz.com.br\/litoralsp\/2022\/11\/27\/como-as-empresas-podem-evitar-problemas-durante-e-pos-black-friday#primaryimage"},"thumbnailUrl":"https:\/\/redenoticiaz.com.br\/litoralsp\/wp-content\/uploads\/sites\/3\/2022\/11\/DESCONTOS.jpg?v=1669251698","keywords":["BLACK FRIDAY","Brasil","CONSUMIDORES","EMPRESAS","PROBLEMAS"],"articleSection":["Economia"],"inLanguage":"pt-BR","potentialAction":[{"@type":"CommentAction","name":"Comment","target":["https:\/\/redenoticiaz.com.br\/litoralsp\/2022\/11\/27\/como-as-empresas-podem-evitar-problemas-durante-e-pos-black-friday#respond"]}]},{"@type":"WebPage","@id":"https:\/\/redenoticiaz.com.br\/litoralsp\/2022\/11\/27\/como-as-empresas-podem-evitar-problemas-durante-e-pos-black-friday","url":"https:\/\/redenoticiaz.com.br\/litoralsp\/2022\/11\/27\/como-as-empresas-podem-evitar-problemas-durante-e-pos-black-friday","name":"Como as empresas podem evitar problemas durante e p\u00f3s Black Friday? - Litoral SP","isPartOf":{"@id":"https:\/\/redenoticiaz.com.br\/litoralsp\/#website"},"primaryImageOfPage":{"@id":"https:\/\/redenoticiaz.com.br\/litoralsp\/2022\/11\/27\/como-as-empresas-podem-evitar-problemas-durante-e-pos-black-friday#primaryimage"},"image":{"@id":"https:\/\/redenoticiaz.com.br\/litoralsp\/2022\/11\/27\/como-as-empresas-podem-evitar-problemas-durante-e-pos-black-friday#primaryimage"},"thumbnailUrl":"https:\/\/redenoticiaz.com.br\/litoralsp\/wp-content\/uploads\/sites\/3\/2022\/11\/DESCONTOS.jpg?v=1669251698","datePublished":"2022-11-27T10:00:55+00:00","description":"A Black Friday foi realizada com o intuito de oferecer uma s\u00e9rie de produtos com bons descontos. No entanto \u00e9 justamente neste","inLanguage":"pt-BR","potentialAction":[{"@type":"ReadAction","target":["https:\/\/redenoticiaz.com.br\/litoralsp\/2022\/11\/27\/como-as-empresas-podem-evitar-problemas-durante-e-pos-black-friday"]}]},{"@type":"ImageObject","inLanguage":"pt-BR","@id":"https:\/\/redenoticiaz.com.br\/litoralsp\/2022\/11\/27\/como-as-empresas-podem-evitar-problemas-durante-e-pos-black-friday#primaryimage","url":"https:\/\/redenoticiaz.com.br\/litoralsp\/wp-content\/uploads\/sites\/3\/2022\/11\/DESCONTOS.jpg?v=1669251698","contentUrl":"https:\/\/redenoticiaz.com.br\/litoralsp\/wp-content\/uploads\/sites\/3\/2022\/11\/DESCONTOS.jpg?v=1669251698","width":640,"height":360,"caption":"Cr\u00e9ditos: Reprodu\u00e7\u00e3o"},{"@type":"WebSite","@id":"https:\/\/redenoticiaz.com.br\/litoralsp\/#website","url":"https:\/\/redenoticiaz.com.br\/litoralsp\/","name":"Litoral SP","description":"Rede NoticiaZ","publisher":{"@id":"https:\/\/redenoticiaz.com.br\/litoralsp\/#organization"},"potentialAction":[{"@type":"SearchAction","target":{"@type":"EntryPoint","urlTemplate":"https:\/\/redenoticiaz.com.br\/litoralsp\/?s={search_term_string}"},"query-input":{"@type":"PropertyValueSpecification","valueRequired":true,"valueName":"search_term_string"}}],"inLanguage":"pt-BR"},{"@type":"Organization","@id":"https:\/\/redenoticiaz.com.br\/litoralsp\/#organization","name":"Litoral SP","url":"https:\/\/redenoticiaz.com.br\/litoralsp\/","logo":{"@type":"ImageObject","inLanguage":"pt-BR","@id":"https:\/\/redenoticiaz.com.br\/litoralsp\/#\/schema\/logo\/image\/","url":"https:\/\/redenoticiaz.com.br\/litoralsp\/wp-content\/uploads\/sites\/3\/2020\/11\/logo.jpg","contentUrl":"https:\/\/redenoticiaz.com.br\/litoralsp\/wp-content\/uploads\/sites\/3\/2020\/11\/logo.jpg","width":400,"height":250,"caption":"Litoral SP"},"image":{"@id":"https:\/\/redenoticiaz.com.br\/litoralsp\/#\/schema\/logo\/image\/"}},{"@type":"Person","@id":"https:\/\/redenoticiaz.com.br\/litoralsp\/#\/schema\/person\/0f0b8a5bdafefe82841e07ae8d81ecb3","name":"Leonardo Francisco","image":{"@type":"ImageObject","inLanguage":"pt-BR","@id":"https:\/\/secure.gravatar.com\/avatar\/a7358cb406a99b682ec6df1e77e31ae82e63601f6784e8a3df411d72b37864da?s=96&d=mm&r=g","url":"https:\/\/secure.gravatar.com\/avatar\/a7358cb406a99b682ec6df1e77e31ae82e63601f6784e8a3df411d72b37864da?s=96&d=mm&r=g","contentUrl":"https:\/\/secure.gravatar.com\/avatar\/a7358cb406a99b682ec6df1e77e31ae82e63601f6784e8a3df411d72b37864da?s=96&d=mm&r=g","caption":"Leonardo Francisco"},"url":"https:\/\/redenoticiaz.com.br\/litoralsp\/author\/leonardo-francisco"}]}},"_links":{"self":[{"href":"https:\/\/redenoticiaz.com.br\/litoralsp\/wp-json\/wp\/v2\/posts\/95753","targetHints":{"allow":["GET"]}}],"collection":[{"href":"https:\/\/redenoticiaz.com.br\/litoralsp\/wp-json\/wp\/v2\/posts"}],"about":[{"href":"https:\/\/redenoticiaz.com.br\/litoralsp\/wp-json\/wp\/v2\/types\/post"}],"author":[{"embeddable":true,"href":"https:\/\/redenoticiaz.com.br\/litoralsp\/wp-json\/wp\/v2\/users\/6"}],"replies":[{"embeddable":true,"href":"https:\/\/redenoticiaz.com.br\/litoralsp\/wp-json\/wp\/v2\/comments?post=95753"}],"version-history":[{"count":0,"href":"https:\/\/redenoticiaz.com.br\/litoralsp\/wp-json\/wp\/v2\/posts\/95753\/revisions"}],"wp:featuredmedia":[{"embeddable":true,"href":"https:\/\/redenoticiaz.com.br\/litoralsp\/wp-json\/wp\/v2\/media\/95754"}],"wp:attachment":[{"href":"https:\/\/redenoticiaz.com.br\/litoralsp\/wp-json\/wp\/v2\/media?parent=95753"}],"wp:term":[{"taxonomy":"category","embeddable":true,"href":"https:\/\/redenoticiaz.com.br\/litoralsp\/wp-json\/wp\/v2\/categories?post=95753"},{"taxonomy":"post_tag","embeddable":true,"href":"https:\/\/redenoticiaz.com.br\/litoralsp\/wp-json\/wp\/v2\/tags?post=95753"}],"curies":[{"name":"wp","href":"https:\/\/api.w.org\/{rel}","templated":true}]}}