{"id":95762,"date":"2022-11-24T09:35:34","date_gmt":"2022-11-24T12:35:34","guid":{"rendered":"https:\/\/redenoticiaz.com.br\/litoralsp\/?p=95762"},"modified":"2022-11-24T09:35:34","modified_gmt":"2022-11-24T12:35:34","slug":"cao-e-morto-esmagado-durante-briga-de-rua-em-santos","status":"publish","type":"post","link":"https:\/\/redenoticiaz.com.br\/litoralsp\/2022\/11\/24\/cao-e-morto-esmagado-durante-briga-de-rua-em-santos","title":{"rendered":"C\u00e3o \u00e9 morto esmagado durante briga de rua em Santos"},"content":{"rendered":"<div id=\"chunk-9sd3v\">\n<div class=\"mc-column content-text active-extra-styles \" data-block-type=\"unstyled\" data-block-weight=\"79\" data-block-id=\"3\">\n<p class=\"content-text__container \" data-track-category=\"Link no Texto\" data-track-links=\"\">Uma briga de rua resultou na <strong>morte de um cachorro<\/strong> da ra\u00e7a spitz alem\u00e3o. O animal foi esmagado pelo pr\u00f3prio dono, que foi empurrado por um motorista. O agressor discutia com um morador em situa\u00e7\u00e3o de rua em Santos, quando a agress\u00e3o ocorreu e o c\u00e3o foi esmagado. Ainda houve uma tentativa de socorro ao animal, mas ele acabou morrendo. O caso foi atendido pela Pol\u00edcia Militar e encaminhado ao 7\u00ba Distrito Policial da cidade.<\/p>\n<\/div>\n<\/div>\n<div class=\"wall protected-content\">\n<div id=\"chunk-185cj\">\n<div class=\"mc-column content-text active-extra-styles \" data-block-type=\"unstyled\" data-block-weight=\"61\" data-block-id=\"4\">\n<p class=\"content-text__container \" data-track-category=\"Link no Texto\" data-track-links=\"\">Segundo a PM, tudo come\u00e7ou quando o homem que estava no carro brigava com outro que estava na cal\u00e7ada, na esquina da Rua Para\u00edba com a Avenida Marechal Floriano Peixoto, no bairro Pomp\u00e9ia. O dono passeava com o c\u00e3o e ao ver a briga, ainda tentou apartar a confus\u00e3o pedindo para que o condutor relevasse, n\u00e3o desse continuidade \u00e0 confus\u00e3o.<\/p>\n<div id=\"chunk-85da6\">\n<div class=\"mc-column content-text active-extra-styles \" data-block-type=\"unstyled\" data-block-weight=\"24\" data-block-id=\"6\">\n<p class=\"content-text__container \" data-track-category=\"Link no Texto\" data-track-links=\"\">Diante da interven\u00e7\u00e3o feita pelo dono do cachorro, o motorista teria descido do ve\u00edculo e empurrado o homem, que caiu sobre o c\u00e3o. O animal foi imediatamente socorrido a uma cl\u00ednica veterin\u00e1ria, localizada a menos de 20 metros do local do impacto. Os profissionais tentaram reanimar o animal, que n\u00e3o resistiu e morreu.<\/p>\n<\/div>\n<\/div>\n<div id=\"chunk-ctuij\">\n<div class=\"mc-column content-text active-extra-styles \" data-block-type=\"unstyled\" data-block-weight=\"23\" data-block-id=\"8\">\n<p class=\"content-text__container \" data-track-category=\"Link no Texto\" data-track-links=\"\">A Pol\u00edcia Militar foi acionada para a ocorr\u00eancia e os envolvidos foram encaminhados para o 7\u00b0 Distrito Policial de Santos. A Pol\u00edcia Civil informou que a ocorr\u00eancia ainda n\u00e3o foi registrada. O registro ser\u00e1 feito na sexta-feira (25), quando as partes envolvidas na discuss\u00e3o apresentar\u00e3o duas vers\u00f5es no 7\u00b0 DP para a elabora\u00e7\u00e3o do Termo Circunstanciado.<\/p>\n<p data-track-category=\"Link no Texto\" data-track-links=\"\"><strong>LEIA TAMB\u00c9M<\/strong><\/p>\n<p data-track-category=\"Link no Texto\" data-track-links=\"\"><a href=\"https:\/\/redenoticiaz.com.br\/litoralsp\/2022\/11\/23\/video-prefeitura-multa-ambulante-de-praia-por-descarte-irregular-de-residuo-contaminado-na-rede-pluvial\">V\u00cdDEO \u2013 Prefeitura multa ambulante de praia por descarte irregular de res\u00edduo contaminado na rede pluvial<\/a><\/p>\n<\/div>\n<\/div>\n<\/div>\n<\/div>\n<\/div>\n","protected":false},"excerpt":{"rendered":"<p>Uma briga de rua resultou na morte de um cachorro da ra\u00e7a spitz alem\u00e3o. O animal foi esmagado pelo pr\u00f3prio dono, que foi empurrado por um motorista. O agressor discutia com um morador em situa\u00e7\u00e3o de rua em Santos, quando a agress\u00e3o ocorreu e o c\u00e3o foi esmagado. Ainda houve uma tentativa de socorro ao &hellip;<\/p>\n","protected":false},"author":6,"featured_media":12212,"comment_status":"open","ping_status":"closed","sticky":false,"template":"","format":"standard","meta":{"footnotes":""},"categories":[10,180],"tags":[61217,61219,61218,1766,61216,986],"class_list":["post-95762","post","type-post","status-publish","format-standard","has-post-thumbnail","hentry","category-policia","category-santos","tag-7o-distrito-policial","tag-briga-de-rua","tag-cao-morto","tag-policia-militar","tag-pompeia","tag-santos"],"yoast_head":"<!-- This site is optimized with the Yoast SEO plugin v27.5 - https:\/\/yoast.com\/product\/yoast-seo-wordpress\/ -->\n<title>C\u00e3o \u00e9 morto esmagado durante briga de rua em Santos - Litoral SP<\/title>\n<meta name=\"description\" content=\"que foi empurrado por um motorista. O agressor discutia com um morador em situa\u00e7\u00e3o de rua em Santos, quando a agress\u00e3o ocorreu e o c\u00e3o\" \/>\n<meta name=\"robots\" content=\"index, follow, max-snippet:-1, max-image-preview:large, max-video-preview:-1\" \/>\n<link rel=\"canonical\" href=\"https:\/\/redenoticiaz.com.br\/litoralsp\/2022\/11\/24\/cao-e-morto-esmagado-durante-briga-de-rua-em-santos\" \/>\n<meta property=\"og:locale\" content=\"pt_BR\" \/>\n<meta property=\"og:type\" content=\"article\" \/>\n<meta property=\"og:title\" content=\"C\u00e3o \u00e9 morto esmagado durante briga de rua em Santos - Litoral SP\" \/>\n<meta property=\"og:description\" content=\"que foi empurrado por um motorista. O agressor discutia com um morador em situa\u00e7\u00e3o de rua em Santos, quando a agress\u00e3o ocorreu e o c\u00e3o\" \/>\n<meta property=\"og:url\" content=\"https:\/\/redenoticiaz.com.br\/litoralsp\/2022\/11\/24\/cao-e-morto-esmagado-durante-briga-de-rua-em-santos\" \/>\n<meta property=\"og:site_name\" content=\"Litoral SP\" \/>\n<meta property=\"article:published_time\" content=\"2022-11-24T12:35:34+00:00\" \/>\n<meta property=\"og:image\" content=\"https:\/\/redenoticiaz.com.br\/litoralsp\/wp-content\/uploads\/sites\/3\/2021\/08\/7o-dp-de-santos-policia.jpg\" \/>\n\t<meta property=\"og:image:width\" content=\"1135\" \/>\n\t<meta property=\"og:image:height\" content=\"777\" \/>\n\t<meta property=\"og:image:type\" content=\"image\/jpeg\" \/>\n<meta name=\"author\" content=\"Leonardo Francisco\" \/>\n<meta name=\"twitter:card\" content=\"summary_large_image\" \/>\n<meta name=\"twitter:label1\" content=\"Escrito por\" \/>\n\t<meta name=\"twitter:data1\" content=\"Leonardo Francisco\" \/>\n\t<meta name=\"twitter:label2\" content=\"Est. tempo de leitura\" \/>\n\t<meta name=\"twitter:data2\" content=\"2 minutos\" \/>\n<script type=\"application\/ld+json\" class=\"yoast-schema-graph\">{\"@context\":\"https:\\\/\\\/schema.org\",\"@graph\":[{\"@type\":\"Article\",\"@id\":\"https:\\\/\\\/redenoticiaz.com.br\\\/litoralsp\\\/2022\\\/11\\\/24\\\/cao-e-morto-esmagado-durante-briga-de-rua-em-santos#article\",\"isPartOf\":{\"@id\":\"https:\\\/\\\/redenoticiaz.com.br\\\/litoralsp\\\/2022\\\/11\\\/24\\\/cao-e-morto-esmagado-durante-briga-de-rua-em-santos\"},\"author\":{\"name\":\"Leonardo Francisco\",\"@id\":\"https:\\\/\\\/redenoticiaz.com.br\\\/litoralsp\\\/#\\\/schema\\\/person\\\/0f0b8a5bdafefe82841e07ae8d81ecb3\"},\"headline\":\"C\u00e3o \u00e9 morto esmagado durante briga de rua em Santos\",\"datePublished\":\"2022-11-24T12:35:34+00:00\",\"mainEntityOfPage\":{\"@id\":\"https:\\\/\\\/redenoticiaz.com.br\\\/litoralsp\\\/2022\\\/11\\\/24\\\/cao-e-morto-esmagado-durante-briga-de-rua-em-santos\"},\"wordCount\":298,\"commentCount\":0,\"publisher\":{\"@id\":\"https:\\\/\\\/redenoticiaz.com.br\\\/litoralsp\\\/#organization\"},\"image\":{\"@id\":\"https:\\\/\\\/redenoticiaz.com.br\\\/litoralsp\\\/2022\\\/11\\\/24\\\/cao-e-morto-esmagado-durante-briga-de-rua-em-santos#primaryimage\"},\"thumbnailUrl\":\"https:\\\/\\\/redenoticiaz.com.br\\\/litoralsp\\\/wp-content\\\/uploads\\\/sites\\\/3\\\/2021\\\/08\\\/7o-dp-de-santos-policia.jpg\",\"keywords\":[\"7\u00ba DISTRITO POLICIAL\",\"BRIGA DE RUA\",\"C\u00c3O MORTO\",\"policia militar\",\"POMP\u00c9IA\",\"Santos\"],\"articleSection\":[\"Pol\u00edcia\",\"Santos\"],\"inLanguage\":\"pt-BR\",\"potentialAction\":[{\"@type\":\"CommentAction\",\"name\":\"Comment\",\"target\":[\"https:\\\/\\\/redenoticiaz.com.br\\\/litoralsp\\\/2022\\\/11\\\/24\\\/cao-e-morto-esmagado-durante-briga-de-rua-em-santos#respond\"]}]},{\"@type\":\"WebPage\",\"@id\":\"https:\\\/\\\/redenoticiaz.com.br\\\/litoralsp\\\/2022\\\/11\\\/24\\\/cao-e-morto-esmagado-durante-briga-de-rua-em-santos\",\"url\":\"https:\\\/\\\/redenoticiaz.com.br\\\/litoralsp\\\/2022\\\/11\\\/24\\\/cao-e-morto-esmagado-durante-briga-de-rua-em-santos\",\"name\":\"C\u00e3o \u00e9 morto esmagado durante briga de rua em Santos - Litoral SP\",\"isPartOf\":{\"@id\":\"https:\\\/\\\/redenoticiaz.com.br\\\/litoralsp\\\/#website\"},\"primaryImageOfPage\":{\"@id\":\"https:\\\/\\\/redenoticiaz.com.br\\\/litoralsp\\\/2022\\\/11\\\/24\\\/cao-e-morto-esmagado-durante-briga-de-rua-em-santos#primaryimage\"},\"image\":{\"@id\":\"https:\\\/\\\/redenoticiaz.com.br\\\/litoralsp\\\/2022\\\/11\\\/24\\\/cao-e-morto-esmagado-durante-briga-de-rua-em-santos#primaryimage\"},\"thumbnailUrl\":\"https:\\\/\\\/redenoticiaz.com.br\\\/litoralsp\\\/wp-content\\\/uploads\\\/sites\\\/3\\\/2021\\\/08\\\/7o-dp-de-santos-policia.jpg\",\"datePublished\":\"2022-11-24T12:35:34+00:00\",\"description\":\"que foi empurrado por um motorista. O agressor discutia com um morador em situa\u00e7\u00e3o de rua em Santos, quando a agress\u00e3o ocorreu e o c\u00e3o\",\"inLanguage\":\"pt-BR\",\"potentialAction\":[{\"@type\":\"ReadAction\",\"target\":[\"https:\\\/\\\/redenoticiaz.com.br\\\/litoralsp\\\/2022\\\/11\\\/24\\\/cao-e-morto-esmagado-durante-briga-de-rua-em-santos\"]}]},{\"@type\":\"ImageObject\",\"inLanguage\":\"pt-BR\",\"@id\":\"https:\\\/\\\/redenoticiaz.com.br\\\/litoralsp\\\/2022\\\/11\\\/24\\\/cao-e-morto-esmagado-durante-briga-de-rua-em-santos#primaryimage\",\"url\":\"https:\\\/\\\/redenoticiaz.com.br\\\/litoralsp\\\/wp-content\\\/uploads\\\/sites\\\/3\\\/2021\\\/08\\\/7o-dp-de-santos-policia.jpg\",\"contentUrl\":\"https:\\\/\\\/redenoticiaz.com.br\\\/litoralsp\\\/wp-content\\\/uploads\\\/sites\\\/3\\\/2021\\\/08\\\/7o-dp-de-santos-policia.jpg\",\"width\":1135,\"height\":777,\"caption\":\"Cr\u00e9ditos: Reprodu\u00e7\u00e3o\\\/Google Street View.\"},{\"@type\":\"WebSite\",\"@id\":\"https:\\\/\\\/redenoticiaz.com.br\\\/litoralsp\\\/#website\",\"url\":\"https:\\\/\\\/redenoticiaz.com.br\\\/litoralsp\\\/\",\"name\":\"Litoral SP\",\"description\":\"Rede NoticiaZ\",\"publisher\":{\"@id\":\"https:\\\/\\\/redenoticiaz.com.br\\\/litoralsp\\\/#organization\"},\"potentialAction\":[{\"@type\":\"SearchAction\",\"target\":{\"@type\":\"EntryPoint\",\"urlTemplate\":\"https:\\\/\\\/redenoticiaz.com.br\\\/litoralsp\\\/?s={search_term_string}\"},\"query-input\":{\"@type\":\"PropertyValueSpecification\",\"valueRequired\":true,\"valueName\":\"search_term_string\"}}],\"inLanguage\":\"pt-BR\"},{\"@type\":\"Organization\",\"@id\":\"https:\\\/\\\/redenoticiaz.com.br\\\/litoralsp\\\/#organization\",\"name\":\"Litoral SP\",\"url\":\"https:\\\/\\\/redenoticiaz.com.br\\\/litoralsp\\\/\",\"logo\":{\"@type\":\"ImageObject\",\"inLanguage\":\"pt-BR\",\"@id\":\"https:\\\/\\\/redenoticiaz.com.br\\\/litoralsp\\\/#\\\/schema\\\/logo\\\/image\\\/\",\"url\":\"https:\\\/\\\/redenoticiaz.com.br\\\/litoralsp\\\/wp-content\\\/uploads\\\/sites\\\/3\\\/2020\\\/11\\\/logo.jpg\",\"contentUrl\":\"https:\\\/\\\/redenoticiaz.com.br\\\/litoralsp\\\/wp-content\\\/uploads\\\/sites\\\/3\\\/2020\\\/11\\\/logo.jpg\",\"width\":400,\"height\":250,\"caption\":\"Litoral SP\"},\"image\":{\"@id\":\"https:\\\/\\\/redenoticiaz.com.br\\\/litoralsp\\\/#\\\/schema\\\/logo\\\/image\\\/\"}},{\"@type\":\"Person\",\"@id\":\"https:\\\/\\\/redenoticiaz.com.br\\\/litoralsp\\\/#\\\/schema\\\/person\\\/0f0b8a5bdafefe82841e07ae8d81ecb3\",\"name\":\"Leonardo Francisco\",\"image\":{\"@type\":\"ImageObject\",\"inLanguage\":\"pt-BR\",\"@id\":\"https:\\\/\\\/secure.gravatar.com\\\/avatar\\\/a7358cb406a99b682ec6df1e77e31ae82e63601f6784e8a3df411d72b37864da?s=96&d=mm&r=g\",\"url\":\"https:\\\/\\\/secure.gravatar.com\\\/avatar\\\/a7358cb406a99b682ec6df1e77e31ae82e63601f6784e8a3df411d72b37864da?s=96&d=mm&r=g\",\"contentUrl\":\"https:\\\/\\\/secure.gravatar.com\\\/avatar\\\/a7358cb406a99b682ec6df1e77e31ae82e63601f6784e8a3df411d72b37864da?s=96&d=mm&r=g\",\"caption\":\"Leonardo Francisco\"},\"url\":\"https:\\\/\\\/redenoticiaz.com.br\\\/litoralsp\\\/author\\\/leonardo-francisco\"}]}<\/script>\n<!-- \/ Yoast SEO plugin. -->","yoast_head_json":{"title":"C\u00e3o \u00e9 morto esmagado durante briga de rua em Santos - Litoral SP","description":"que foi empurrado por um motorista. O agressor discutia com um morador em situa\u00e7\u00e3o de rua em Santos, quando a agress\u00e3o ocorreu e o c\u00e3o","robots":{"index":"index","follow":"follow","max-snippet":"max-snippet:-1","max-image-preview":"max-image-preview:large","max-video-preview":"max-video-preview:-1"},"canonical":"https:\/\/redenoticiaz.com.br\/litoralsp\/2022\/11\/24\/cao-e-morto-esmagado-durante-briga-de-rua-em-santos","og_locale":"pt_BR","og_type":"article","og_title":"C\u00e3o \u00e9 morto esmagado durante briga de rua em Santos - Litoral SP","og_description":"que foi empurrado por um motorista. O agressor discutia com um morador em situa\u00e7\u00e3o de rua em Santos, quando a agress\u00e3o ocorreu e o c\u00e3o","og_url":"https:\/\/redenoticiaz.com.br\/litoralsp\/2022\/11\/24\/cao-e-morto-esmagado-durante-briga-de-rua-em-santos","og_site_name":"Litoral SP","article_published_time":"2022-11-24T12:35:34+00:00","og_image":[{"width":1135,"height":777,"url":"https:\/\/redenoticiaz.com.br\/litoralsp\/wp-content\/uploads\/sites\/3\/2021\/08\/7o-dp-de-santos-policia.jpg","type":"image\/jpeg"}],"author":"Leonardo Francisco","twitter_card":"summary_large_image","twitter_misc":{"Escrito por":"Leonardo Francisco","Est. tempo de leitura":"2 minutos"},"schema":{"@context":"https:\/\/schema.org","@graph":[{"@type":"Article","@id":"https:\/\/redenoticiaz.com.br\/litoralsp\/2022\/11\/24\/cao-e-morto-esmagado-durante-briga-de-rua-em-santos#article","isPartOf":{"@id":"https:\/\/redenoticiaz.com.br\/litoralsp\/2022\/11\/24\/cao-e-morto-esmagado-durante-briga-de-rua-em-santos"},"author":{"name":"Leonardo Francisco","@id":"https:\/\/redenoticiaz.com.br\/litoralsp\/#\/schema\/person\/0f0b8a5bdafefe82841e07ae8d81ecb3"},"headline":"C\u00e3o \u00e9 morto esmagado durante briga de rua em Santos","datePublished":"2022-11-24T12:35:34+00:00","mainEntityOfPage":{"@id":"https:\/\/redenoticiaz.com.br\/litoralsp\/2022\/11\/24\/cao-e-morto-esmagado-durante-briga-de-rua-em-santos"},"wordCount":298,"commentCount":0,"publisher":{"@id":"https:\/\/redenoticiaz.com.br\/litoralsp\/#organization"},"image":{"@id":"https:\/\/redenoticiaz.com.br\/litoralsp\/2022\/11\/24\/cao-e-morto-esmagado-durante-briga-de-rua-em-santos#primaryimage"},"thumbnailUrl":"https:\/\/redenoticiaz.com.br\/litoralsp\/wp-content\/uploads\/sites\/3\/2021\/08\/7o-dp-de-santos-policia.jpg","keywords":["7\u00ba DISTRITO POLICIAL","BRIGA DE RUA","C\u00c3O MORTO","policia militar","POMP\u00c9IA","Santos"],"articleSection":["Pol\u00edcia","Santos"],"inLanguage":"pt-BR","potentialAction":[{"@type":"CommentAction","name":"Comment","target":["https:\/\/redenoticiaz.com.br\/litoralsp\/2022\/11\/24\/cao-e-morto-esmagado-durante-briga-de-rua-em-santos#respond"]}]},{"@type":"WebPage","@id":"https:\/\/redenoticiaz.com.br\/litoralsp\/2022\/11\/24\/cao-e-morto-esmagado-durante-briga-de-rua-em-santos","url":"https:\/\/redenoticiaz.com.br\/litoralsp\/2022\/11\/24\/cao-e-morto-esmagado-durante-briga-de-rua-em-santos","name":"C\u00e3o \u00e9 morto esmagado durante briga de rua em Santos - Litoral SP","isPartOf":{"@id":"https:\/\/redenoticiaz.com.br\/litoralsp\/#website"},"primaryImageOfPage":{"@id":"https:\/\/redenoticiaz.com.br\/litoralsp\/2022\/11\/24\/cao-e-morto-esmagado-durante-briga-de-rua-em-santos#primaryimage"},"image":{"@id":"https:\/\/redenoticiaz.com.br\/litoralsp\/2022\/11\/24\/cao-e-morto-esmagado-durante-briga-de-rua-em-santos#primaryimage"},"thumbnailUrl":"https:\/\/redenoticiaz.com.br\/litoralsp\/wp-content\/uploads\/sites\/3\/2021\/08\/7o-dp-de-santos-policia.jpg","datePublished":"2022-11-24T12:35:34+00:00","description":"que foi empurrado por um motorista. O agressor discutia com um morador em situa\u00e7\u00e3o de rua em Santos, quando a agress\u00e3o ocorreu e o c\u00e3o","inLanguage":"pt-BR","potentialAction":[{"@type":"ReadAction","target":["https:\/\/redenoticiaz.com.br\/litoralsp\/2022\/11\/24\/cao-e-morto-esmagado-durante-briga-de-rua-em-santos"]}]},{"@type":"ImageObject","inLanguage":"pt-BR","@id":"https:\/\/redenoticiaz.com.br\/litoralsp\/2022\/11\/24\/cao-e-morto-esmagado-durante-briga-de-rua-em-santos#primaryimage","url":"https:\/\/redenoticiaz.com.br\/litoralsp\/wp-content\/uploads\/sites\/3\/2021\/08\/7o-dp-de-santos-policia.jpg","contentUrl":"https:\/\/redenoticiaz.com.br\/litoralsp\/wp-content\/uploads\/sites\/3\/2021\/08\/7o-dp-de-santos-policia.jpg","width":1135,"height":777,"caption":"Cr\u00e9ditos: Reprodu\u00e7\u00e3o\/Google Street View."},{"@type":"WebSite","@id":"https:\/\/redenoticiaz.com.br\/litoralsp\/#website","url":"https:\/\/redenoticiaz.com.br\/litoralsp\/","name":"Litoral SP","description":"Rede NoticiaZ","publisher":{"@id":"https:\/\/redenoticiaz.com.br\/litoralsp\/#organization"},"potentialAction":[{"@type":"SearchAction","target":{"@type":"EntryPoint","urlTemplate":"https:\/\/redenoticiaz.com.br\/litoralsp\/?s={search_term_string}"},"query-input":{"@type":"PropertyValueSpecification","valueRequired":true,"valueName":"search_term_string"}}],"inLanguage":"pt-BR"},{"@type":"Organization","@id":"https:\/\/redenoticiaz.com.br\/litoralsp\/#organization","name":"Litoral SP","url":"https:\/\/redenoticiaz.com.br\/litoralsp\/","logo":{"@type":"ImageObject","inLanguage":"pt-BR","@id":"https:\/\/redenoticiaz.com.br\/litoralsp\/#\/schema\/logo\/image\/","url":"https:\/\/redenoticiaz.com.br\/litoralsp\/wp-content\/uploads\/sites\/3\/2020\/11\/logo.jpg","contentUrl":"https:\/\/redenoticiaz.com.br\/litoralsp\/wp-content\/uploads\/sites\/3\/2020\/11\/logo.jpg","width":400,"height":250,"caption":"Litoral SP"},"image":{"@id":"https:\/\/redenoticiaz.com.br\/litoralsp\/#\/schema\/logo\/image\/"}},{"@type":"Person","@id":"https:\/\/redenoticiaz.com.br\/litoralsp\/#\/schema\/person\/0f0b8a5bdafefe82841e07ae8d81ecb3","name":"Leonardo Francisco","image":{"@type":"ImageObject","inLanguage":"pt-BR","@id":"https:\/\/secure.gravatar.com\/avatar\/a7358cb406a99b682ec6df1e77e31ae82e63601f6784e8a3df411d72b37864da?s=96&d=mm&r=g","url":"https:\/\/secure.gravatar.com\/avatar\/a7358cb406a99b682ec6df1e77e31ae82e63601f6784e8a3df411d72b37864da?s=96&d=mm&r=g","contentUrl":"https:\/\/secure.gravatar.com\/avatar\/a7358cb406a99b682ec6df1e77e31ae82e63601f6784e8a3df411d72b37864da?s=96&d=mm&r=g","caption":"Leonardo Francisco"},"url":"https:\/\/redenoticiaz.com.br\/litoralsp\/author\/leonardo-francisco"}]}},"_links":{"self":[{"href":"https:\/\/redenoticiaz.com.br\/litoralsp\/wp-json\/wp\/v2\/posts\/95762","targetHints":{"allow":["GET"]}}],"collection":[{"href":"https:\/\/redenoticiaz.com.br\/litoralsp\/wp-json\/wp\/v2\/posts"}],"about":[{"href":"https:\/\/redenoticiaz.com.br\/litoralsp\/wp-json\/wp\/v2\/types\/post"}],"author":[{"embeddable":true,"href":"https:\/\/redenoticiaz.com.br\/litoralsp\/wp-json\/wp\/v2\/users\/6"}],"replies":[{"embeddable":true,"href":"https:\/\/redenoticiaz.com.br\/litoralsp\/wp-json\/wp\/v2\/comments?post=95762"}],"version-history":[{"count":1,"href":"https:\/\/redenoticiaz.com.br\/litoralsp\/wp-json\/wp\/v2\/posts\/95762\/revisions"}],"predecessor-version":[{"id":95763,"href":"https:\/\/redenoticiaz.com.br\/litoralsp\/wp-json\/wp\/v2\/posts\/95762\/revisions\/95763"}],"wp:featuredmedia":[{"embeddable":true,"href":"https:\/\/redenoticiaz.com.br\/litoralsp\/wp-json\/wp\/v2\/media\/12212"}],"wp:attachment":[{"href":"https:\/\/redenoticiaz.com.br\/litoralsp\/wp-json\/wp\/v2\/media?parent=95762"}],"wp:term":[{"taxonomy":"category","embeddable":true,"href":"https:\/\/redenoticiaz.com.br\/litoralsp\/wp-json\/wp\/v2\/categories?post=95762"},{"taxonomy":"post_tag","embeddable":true,"href":"https:\/\/redenoticiaz.com.br\/litoralsp\/wp-json\/wp\/v2\/tags?post=95762"}],"curies":[{"name":"wp","href":"https:\/\/api.w.org\/{rel}","templated":true}]}}