{"id":95766,"date":"2022-11-24T09:58:24","date_gmt":"2022-11-24T12:58:24","guid":{"rendered":"https:\/\/redenoticiaz.com.br\/litoralsp\/?p=95766"},"modified":"2022-11-24T09:58:24","modified_gmt":"2022-11-24T12:58:24","slug":"vlt-e-onibus-intermunicipais-terao-tempo-de-intervalo-reduzidos-nos-jogos-do-brasil","status":"publish","type":"post","link":"https:\/\/redenoticiaz.com.br\/litoralsp\/2022\/11\/24\/vlt-e-onibus-intermunicipais-terao-tempo-de-intervalo-reduzidos-nos-jogos-do-brasil","title":{"rendered":"VLT e \u00f4nibus intermunicipais ter\u00e3o tempo de intervalo reduzidos nos jogos do Brasil"},"content":{"rendered":"<div id=\"chunk-4jftl\">\n<div class=\"mc-column content-text active-extra-styles \" data-block-type=\"unstyled\" data-block-weight=\"34\" data-block-id=\"3\">\n<p class=\"content-text__container \" data-track-category=\"Link no Texto\" data-track-links=\"\">Os usu\u00e1rios do Ve\u00edculos Leves sobre Trilhos (VLTs) e das linhas intermunicipais da Baixada Santista ter\u00e3o <strong>intervalos menores<\/strong> em dias de jogos do Brasil na Copa do Mundo no Qatar. A decis\u00e3o visa atender todos que estiverem saindo ou indo para o trabalho e poderem acompanhar as partidas.<\/p>\n<\/div>\n<\/div>\n<div class=\"wall protected-content\">\n<div id=\"chunk-1tiol\">\n<div class=\"mc-column content-text active-extra-styles \" data-block-type=\"unstyled\" data-block-weight=\"41\" data-block-id=\"4\">\n<p class=\"content-text__container \" data-track-category=\"Link no Texto\" data-track-links=\"\">A Empresa Metropolitana de Transportes Urbanos de S\u00e3o Paulo (EMTU), explica que nas partidas desta quinta-feira (24) e do dia 2 de dezembro, ambas \u00e0s 16h, haver\u00e1 antecipa\u00e7\u00e3o do hor\u00e1rio de pico. Nela, o intervalo ser\u00e1 menor entre as partidas para as 14h.<\/p>\n<\/div>\n<\/div>\n<div id=\"chunk-2i0g0\">\n<div class=\"mc-column content-text active-extra-styles \" data-block-type=\"unstyled\" data-block-weight=\"39\" data-block-id=\"5\">\n<p class=\"content-text__container \" data-track-category=\"Link no Texto\" data-track-links=\"\">Na partida de segunda-feira (28), \u00e0s 13h, a programa\u00e7\u00e3o n\u00e3o ser\u00e1 alterada. No entanto, a EMTU continuar\u00e1 monitorando a demanda para eventuais ajustes. Os hor\u00e1rios de partida e itiner\u00e1rios podem ser vistos no <a href=\"https:\/\/www.emtu.sp.gov.br\/EMTU\/home\/home.htm\" target=\"_blank\" rel=\"noopener\">site<\/a> ou no aplicativo da EMTU.<\/p>\n<p data-track-category=\"Link no Texto\" data-track-links=\"\"><strong>LEIA TAMB\u00c9M<\/strong><\/p>\n<p data-track-category=\"Link no Texto\" data-track-links=\"\"><a href=\"https:\/\/redenoticiaz.com.br\/litoralsp\/2022\/11\/23\/morador-encontra-com-um-bode-e-uma-cabra-andando-pela-areia-em-praia-do-litoral-de-sp\">Morador encontra com um bode e uma cabra andando pela areia em praia do litoral de SP<\/a><\/p>\n<\/div>\n<\/div>\n<\/div>\n","protected":false},"excerpt":{"rendered":"<p>Os usu\u00e1rios do Ve\u00edculos Leves sobre Trilhos (VLTs) e das linhas intermunicipais da Baixada Santista ter\u00e3o intervalos menores em dias de jogos do Brasil na Copa do Mundo no Qatar. A decis\u00e3o visa atender todos que estiverem saindo ou indo para o trabalho e poderem acompanhar as partidas. A Empresa Metropolitana de Transportes Urbanos de &hellip;<\/p>\n","protected":false},"author":6,"featured_media":18166,"comment_status":"open","ping_status":"closed","sticky":false,"template":"","format":"standard","meta":{"footnotes":""},"categories":[180,181,88],"tags":[61221,61222,986,33,13255,1947],"class_list":["post-95766","post","type-post","status-publish","format-standard","has-post-thumbnail","hentry","category-santos","category-sao-vicente","category-transportes","tag-intervalos","tag-onibus-intermunicipais","tag-santos","tag-sao-vicente","tag-veiculo-leve-sobre-trilhos","tag-vlt"],"yoast_head":"<!-- This site is optimized with the Yoast SEO plugin v27.5 - https:\/\/yoast.com\/product\/yoast-seo-wordpress\/ -->\n<title>VLT e \u00f4nibus intermunicipais ter\u00e3o tempo de intervalo reduzidos nos jogos do Brasil - Litoral SP<\/title>\n<meta name=\"description\" content=\"Os usu\u00e1rios do Ve\u00edculos Leves sobre Trilhos (VLTs) e das linhas intermunicipais da Baixada Santista ter\u00e3o intervalos menores em dias de jogos\" \/>\n<meta name=\"robots\" content=\"index, follow, max-snippet:-1, max-image-preview:large, max-video-preview:-1\" \/>\n<link rel=\"canonical\" href=\"https:\/\/redenoticiaz.com.br\/litoralsp\/2022\/11\/24\/vlt-e-onibus-intermunicipais-terao-tempo-de-intervalo-reduzidos-nos-jogos-do-brasil\" \/>\n<meta property=\"og:locale\" content=\"pt_BR\" \/>\n<meta property=\"og:type\" content=\"article\" \/>\n<meta property=\"og:title\" content=\"VLT e \u00f4nibus intermunicipais ter\u00e3o tempo de intervalo reduzidos nos jogos do Brasil - Litoral SP\" \/>\n<meta property=\"og:description\" content=\"Os usu\u00e1rios do Ve\u00edculos Leves sobre Trilhos (VLTs) e das linhas intermunicipais da Baixada Santista ter\u00e3o intervalos menores em dias de jogos\" \/>\n<meta property=\"og:url\" content=\"https:\/\/redenoticiaz.com.br\/litoralsp\/2022\/11\/24\/vlt-e-onibus-intermunicipais-terao-tempo-de-intervalo-reduzidos-nos-jogos-do-brasil\" \/>\n<meta property=\"og:site_name\" content=\"Litoral SP\" \/>\n<meta property=\"article:published_time\" content=\"2022-11-24T12:58:24+00:00\" \/>\n<meta property=\"og:image\" content=\"https:\/\/redenoticiaz.com.br\/litoralsp\/wp-content\/uploads\/sites\/3\/2021\/11\/vlt-santos-interdicao-trecho.jpg\" \/>\n\t<meta property=\"og:image:width\" content=\"984\" \/>\n\t<meta property=\"og:image:height\" content=\"718\" \/>\n\t<meta property=\"og:image:type\" content=\"image\/jpeg\" \/>\n<meta name=\"author\" content=\"Leonardo Francisco\" \/>\n<meta name=\"twitter:card\" content=\"summary_large_image\" \/>\n<meta name=\"twitter:label1\" content=\"Escrito por\" \/>\n\t<meta name=\"twitter:data1\" content=\"Leonardo Francisco\" \/>\n\t<meta name=\"twitter:label2\" content=\"Est. tempo de leitura\" \/>\n\t<meta name=\"twitter:data2\" content=\"1 minuto\" \/>\n<script type=\"application\/ld+json\" class=\"yoast-schema-graph\">{\"@context\":\"https:\\\/\\\/schema.org\",\"@graph\":[{\"@type\":\"Article\",\"@id\":\"https:\\\/\\\/redenoticiaz.com.br\\\/litoralsp\\\/2022\\\/11\\\/24\\\/vlt-e-onibus-intermunicipais-terao-tempo-de-intervalo-reduzidos-nos-jogos-do-brasil#article\",\"isPartOf\":{\"@id\":\"https:\\\/\\\/redenoticiaz.com.br\\\/litoralsp\\\/2022\\\/11\\\/24\\\/vlt-e-onibus-intermunicipais-terao-tempo-de-intervalo-reduzidos-nos-jogos-do-brasil\"},\"author\":{\"name\":\"Leonardo Francisco\",\"@id\":\"https:\\\/\\\/redenoticiaz.com.br\\\/litoralsp\\\/#\\\/schema\\\/person\\\/0f0b8a5bdafefe82841e07ae8d81ecb3\"},\"headline\":\"VLT e \u00f4nibus intermunicipais ter\u00e3o tempo de intervalo reduzidos nos jogos do Brasil\",\"datePublished\":\"2022-11-24T12:58:24+00:00\",\"mainEntityOfPage\":{\"@id\":\"https:\\\/\\\/redenoticiaz.com.br\\\/litoralsp\\\/2022\\\/11\\\/24\\\/vlt-e-onibus-intermunicipais-terao-tempo-de-intervalo-reduzidos-nos-jogos-do-brasil\"},\"wordCount\":172,\"commentCount\":0,\"publisher\":{\"@id\":\"https:\\\/\\\/redenoticiaz.com.br\\\/litoralsp\\\/#organization\"},\"image\":{\"@id\":\"https:\\\/\\\/redenoticiaz.com.br\\\/litoralsp\\\/2022\\\/11\\\/24\\\/vlt-e-onibus-intermunicipais-terao-tempo-de-intervalo-reduzidos-nos-jogos-do-brasil#primaryimage\"},\"thumbnailUrl\":\"https:\\\/\\\/redenoticiaz.com.br\\\/litoralsp\\\/wp-content\\\/uploads\\\/sites\\\/3\\\/2021\\\/11\\\/vlt-santos-interdicao-trecho.jpg\",\"keywords\":[\"INTERVALOS\",\"\u00d4NIBUS INTERMUNICIPAIS\",\"Santos\",\"S\u00e3o Vicente\",\"VE\u00cdCULO LEVE SOBRE TRILHOS\",\"VLT\"],\"articleSection\":[\"Santos\",\"S\u00e3o Vicente\",\"Transportes\"],\"inLanguage\":\"pt-BR\",\"potentialAction\":[{\"@type\":\"CommentAction\",\"name\":\"Comment\",\"target\":[\"https:\\\/\\\/redenoticiaz.com.br\\\/litoralsp\\\/2022\\\/11\\\/24\\\/vlt-e-onibus-intermunicipais-terao-tempo-de-intervalo-reduzidos-nos-jogos-do-brasil#respond\"]}]},{\"@type\":\"WebPage\",\"@id\":\"https:\\\/\\\/redenoticiaz.com.br\\\/litoralsp\\\/2022\\\/11\\\/24\\\/vlt-e-onibus-intermunicipais-terao-tempo-de-intervalo-reduzidos-nos-jogos-do-brasil\",\"url\":\"https:\\\/\\\/redenoticiaz.com.br\\\/litoralsp\\\/2022\\\/11\\\/24\\\/vlt-e-onibus-intermunicipais-terao-tempo-de-intervalo-reduzidos-nos-jogos-do-brasil\",\"name\":\"VLT e \u00f4nibus intermunicipais ter\u00e3o tempo de intervalo reduzidos nos jogos do Brasil - Litoral SP\",\"isPartOf\":{\"@id\":\"https:\\\/\\\/redenoticiaz.com.br\\\/litoralsp\\\/#website\"},\"primaryImageOfPage\":{\"@id\":\"https:\\\/\\\/redenoticiaz.com.br\\\/litoralsp\\\/2022\\\/11\\\/24\\\/vlt-e-onibus-intermunicipais-terao-tempo-de-intervalo-reduzidos-nos-jogos-do-brasil#primaryimage\"},\"image\":{\"@id\":\"https:\\\/\\\/redenoticiaz.com.br\\\/litoralsp\\\/2022\\\/11\\\/24\\\/vlt-e-onibus-intermunicipais-terao-tempo-de-intervalo-reduzidos-nos-jogos-do-brasil#primaryimage\"},\"thumbnailUrl\":\"https:\\\/\\\/redenoticiaz.com.br\\\/litoralsp\\\/wp-content\\\/uploads\\\/sites\\\/3\\\/2021\\\/11\\\/vlt-santos-interdicao-trecho.jpg\",\"datePublished\":\"2022-11-24T12:58:24+00:00\",\"description\":\"Os usu\u00e1rios do Ve\u00edculos Leves sobre Trilhos (VLTs) e das linhas intermunicipais da Baixada Santista ter\u00e3o intervalos menores em dias de jogos\",\"inLanguage\":\"pt-BR\",\"potentialAction\":[{\"@type\":\"ReadAction\",\"target\":[\"https:\\\/\\\/redenoticiaz.com.br\\\/litoralsp\\\/2022\\\/11\\\/24\\\/vlt-e-onibus-intermunicipais-terao-tempo-de-intervalo-reduzidos-nos-jogos-do-brasil\"]}]},{\"@type\":\"ImageObject\",\"inLanguage\":\"pt-BR\",\"@id\":\"https:\\\/\\\/redenoticiaz.com.br\\\/litoralsp\\\/2022\\\/11\\\/24\\\/vlt-e-onibus-intermunicipais-terao-tempo-de-intervalo-reduzidos-nos-jogos-do-brasil#primaryimage\",\"url\":\"https:\\\/\\\/redenoticiaz.com.br\\\/litoralsp\\\/wp-content\\\/uploads\\\/sites\\\/3\\\/2021\\\/11\\\/vlt-santos-interdicao-trecho.jpg\",\"contentUrl\":\"https:\\\/\\\/redenoticiaz.com.br\\\/litoralsp\\\/wp-content\\\/uploads\\\/sites\\\/3\\\/2021\\\/11\\\/vlt-santos-interdicao-trecho.jpg\",\"width\":984,\"height\":718,\"caption\":\"Cr\u00e9ditos: Divulga\u00e7\u00e3o\\\/Prefeitura de Santos\"},{\"@type\":\"WebSite\",\"@id\":\"https:\\\/\\\/redenoticiaz.com.br\\\/litoralsp\\\/#website\",\"url\":\"https:\\\/\\\/redenoticiaz.com.br\\\/litoralsp\\\/\",\"name\":\"Litoral SP\",\"description\":\"Rede NoticiaZ\",\"publisher\":{\"@id\":\"https:\\\/\\\/redenoticiaz.com.br\\\/litoralsp\\\/#organization\"},\"potentialAction\":[{\"@type\":\"SearchAction\",\"target\":{\"@type\":\"EntryPoint\",\"urlTemplate\":\"https:\\\/\\\/redenoticiaz.com.br\\\/litoralsp\\\/?s={search_term_string}\"},\"query-input\":{\"@type\":\"PropertyValueSpecification\",\"valueRequired\":true,\"valueName\":\"search_term_string\"}}],\"inLanguage\":\"pt-BR\"},{\"@type\":\"Organization\",\"@id\":\"https:\\\/\\\/redenoticiaz.com.br\\\/litoralsp\\\/#organization\",\"name\":\"Litoral SP\",\"url\":\"https:\\\/\\\/redenoticiaz.com.br\\\/litoralsp\\\/\",\"logo\":{\"@type\":\"ImageObject\",\"inLanguage\":\"pt-BR\",\"@id\":\"https:\\\/\\\/redenoticiaz.com.br\\\/litoralsp\\\/#\\\/schema\\\/logo\\\/image\\\/\",\"url\":\"https:\\\/\\\/redenoticiaz.com.br\\\/litoralsp\\\/wp-content\\\/uploads\\\/sites\\\/3\\\/2020\\\/11\\\/logo.jpg\",\"contentUrl\":\"https:\\\/\\\/redenoticiaz.com.br\\\/litoralsp\\\/wp-content\\\/uploads\\\/sites\\\/3\\\/2020\\\/11\\\/logo.jpg\",\"width\":400,\"height\":250,\"caption\":\"Litoral SP\"},\"image\":{\"@id\":\"https:\\\/\\\/redenoticiaz.com.br\\\/litoralsp\\\/#\\\/schema\\\/logo\\\/image\\\/\"}},{\"@type\":\"Person\",\"@id\":\"https:\\\/\\\/redenoticiaz.com.br\\\/litoralsp\\\/#\\\/schema\\\/person\\\/0f0b8a5bdafefe82841e07ae8d81ecb3\",\"name\":\"Leonardo Francisco\",\"image\":{\"@type\":\"ImageObject\",\"inLanguage\":\"pt-BR\",\"@id\":\"https:\\\/\\\/secure.gravatar.com\\\/avatar\\\/a7358cb406a99b682ec6df1e77e31ae82e63601f6784e8a3df411d72b37864da?s=96&d=mm&r=g\",\"url\":\"https:\\\/\\\/secure.gravatar.com\\\/avatar\\\/a7358cb406a99b682ec6df1e77e31ae82e63601f6784e8a3df411d72b37864da?s=96&d=mm&r=g\",\"contentUrl\":\"https:\\\/\\\/secure.gravatar.com\\\/avatar\\\/a7358cb406a99b682ec6df1e77e31ae82e63601f6784e8a3df411d72b37864da?s=96&d=mm&r=g\",\"caption\":\"Leonardo Francisco\"},\"url\":\"https:\\\/\\\/redenoticiaz.com.br\\\/litoralsp\\\/author\\\/leonardo-francisco\"}]}<\/script>\n<!-- \/ Yoast SEO plugin. -->","yoast_head_json":{"title":"VLT e \u00f4nibus intermunicipais ter\u00e3o tempo de intervalo reduzidos nos jogos do Brasil - Litoral SP","description":"Os usu\u00e1rios do Ve\u00edculos Leves sobre Trilhos (VLTs) e das linhas intermunicipais da Baixada Santista ter\u00e3o intervalos menores em dias de jogos","robots":{"index":"index","follow":"follow","max-snippet":"max-snippet:-1","max-image-preview":"max-image-preview:large","max-video-preview":"max-video-preview:-1"},"canonical":"https:\/\/redenoticiaz.com.br\/litoralsp\/2022\/11\/24\/vlt-e-onibus-intermunicipais-terao-tempo-de-intervalo-reduzidos-nos-jogos-do-brasil","og_locale":"pt_BR","og_type":"article","og_title":"VLT e \u00f4nibus intermunicipais ter\u00e3o tempo de intervalo reduzidos nos jogos do Brasil - Litoral SP","og_description":"Os usu\u00e1rios do Ve\u00edculos Leves sobre Trilhos (VLTs) e das linhas intermunicipais da Baixada Santista ter\u00e3o intervalos menores em dias de jogos","og_url":"https:\/\/redenoticiaz.com.br\/litoralsp\/2022\/11\/24\/vlt-e-onibus-intermunicipais-terao-tempo-de-intervalo-reduzidos-nos-jogos-do-brasil","og_site_name":"Litoral SP","article_published_time":"2022-11-24T12:58:24+00:00","og_image":[{"width":984,"height":718,"url":"https:\/\/redenoticiaz.com.br\/litoralsp\/wp-content\/uploads\/sites\/3\/2021\/11\/vlt-santos-interdicao-trecho.jpg","type":"image\/jpeg"}],"author":"Leonardo Francisco","twitter_card":"summary_large_image","twitter_misc":{"Escrito por":"Leonardo Francisco","Est. tempo de leitura":"1 minuto"},"schema":{"@context":"https:\/\/schema.org","@graph":[{"@type":"Article","@id":"https:\/\/redenoticiaz.com.br\/litoralsp\/2022\/11\/24\/vlt-e-onibus-intermunicipais-terao-tempo-de-intervalo-reduzidos-nos-jogos-do-brasil#article","isPartOf":{"@id":"https:\/\/redenoticiaz.com.br\/litoralsp\/2022\/11\/24\/vlt-e-onibus-intermunicipais-terao-tempo-de-intervalo-reduzidos-nos-jogos-do-brasil"},"author":{"name":"Leonardo Francisco","@id":"https:\/\/redenoticiaz.com.br\/litoralsp\/#\/schema\/person\/0f0b8a5bdafefe82841e07ae8d81ecb3"},"headline":"VLT e \u00f4nibus intermunicipais ter\u00e3o tempo de intervalo reduzidos nos jogos do Brasil","datePublished":"2022-11-24T12:58:24+00:00","mainEntityOfPage":{"@id":"https:\/\/redenoticiaz.com.br\/litoralsp\/2022\/11\/24\/vlt-e-onibus-intermunicipais-terao-tempo-de-intervalo-reduzidos-nos-jogos-do-brasil"},"wordCount":172,"commentCount":0,"publisher":{"@id":"https:\/\/redenoticiaz.com.br\/litoralsp\/#organization"},"image":{"@id":"https:\/\/redenoticiaz.com.br\/litoralsp\/2022\/11\/24\/vlt-e-onibus-intermunicipais-terao-tempo-de-intervalo-reduzidos-nos-jogos-do-brasil#primaryimage"},"thumbnailUrl":"https:\/\/redenoticiaz.com.br\/litoralsp\/wp-content\/uploads\/sites\/3\/2021\/11\/vlt-santos-interdicao-trecho.jpg","keywords":["INTERVALOS","\u00d4NIBUS INTERMUNICIPAIS","Santos","S\u00e3o Vicente","VE\u00cdCULO LEVE SOBRE TRILHOS","VLT"],"articleSection":["Santos","S\u00e3o Vicente","Transportes"],"inLanguage":"pt-BR","potentialAction":[{"@type":"CommentAction","name":"Comment","target":["https:\/\/redenoticiaz.com.br\/litoralsp\/2022\/11\/24\/vlt-e-onibus-intermunicipais-terao-tempo-de-intervalo-reduzidos-nos-jogos-do-brasil#respond"]}]},{"@type":"WebPage","@id":"https:\/\/redenoticiaz.com.br\/litoralsp\/2022\/11\/24\/vlt-e-onibus-intermunicipais-terao-tempo-de-intervalo-reduzidos-nos-jogos-do-brasil","url":"https:\/\/redenoticiaz.com.br\/litoralsp\/2022\/11\/24\/vlt-e-onibus-intermunicipais-terao-tempo-de-intervalo-reduzidos-nos-jogos-do-brasil","name":"VLT e \u00f4nibus intermunicipais ter\u00e3o tempo de intervalo reduzidos nos jogos do Brasil - Litoral SP","isPartOf":{"@id":"https:\/\/redenoticiaz.com.br\/litoralsp\/#website"},"primaryImageOfPage":{"@id":"https:\/\/redenoticiaz.com.br\/litoralsp\/2022\/11\/24\/vlt-e-onibus-intermunicipais-terao-tempo-de-intervalo-reduzidos-nos-jogos-do-brasil#primaryimage"},"image":{"@id":"https:\/\/redenoticiaz.com.br\/litoralsp\/2022\/11\/24\/vlt-e-onibus-intermunicipais-terao-tempo-de-intervalo-reduzidos-nos-jogos-do-brasil#primaryimage"},"thumbnailUrl":"https:\/\/redenoticiaz.com.br\/litoralsp\/wp-content\/uploads\/sites\/3\/2021\/11\/vlt-santos-interdicao-trecho.jpg","datePublished":"2022-11-24T12:58:24+00:00","description":"Os usu\u00e1rios do Ve\u00edculos Leves sobre Trilhos (VLTs) e das linhas intermunicipais da Baixada Santista ter\u00e3o intervalos menores em dias de jogos","inLanguage":"pt-BR","potentialAction":[{"@type":"ReadAction","target":["https:\/\/redenoticiaz.com.br\/litoralsp\/2022\/11\/24\/vlt-e-onibus-intermunicipais-terao-tempo-de-intervalo-reduzidos-nos-jogos-do-brasil"]}]},{"@type":"ImageObject","inLanguage":"pt-BR","@id":"https:\/\/redenoticiaz.com.br\/litoralsp\/2022\/11\/24\/vlt-e-onibus-intermunicipais-terao-tempo-de-intervalo-reduzidos-nos-jogos-do-brasil#primaryimage","url":"https:\/\/redenoticiaz.com.br\/litoralsp\/wp-content\/uploads\/sites\/3\/2021\/11\/vlt-santos-interdicao-trecho.jpg","contentUrl":"https:\/\/redenoticiaz.com.br\/litoralsp\/wp-content\/uploads\/sites\/3\/2021\/11\/vlt-santos-interdicao-trecho.jpg","width":984,"height":718,"caption":"Cr\u00e9ditos: Divulga\u00e7\u00e3o\/Prefeitura de Santos"},{"@type":"WebSite","@id":"https:\/\/redenoticiaz.com.br\/litoralsp\/#website","url":"https:\/\/redenoticiaz.com.br\/litoralsp\/","name":"Litoral SP","description":"Rede NoticiaZ","publisher":{"@id":"https:\/\/redenoticiaz.com.br\/litoralsp\/#organization"},"potentialAction":[{"@type":"SearchAction","target":{"@type":"EntryPoint","urlTemplate":"https:\/\/redenoticiaz.com.br\/litoralsp\/?s={search_term_string}"},"query-input":{"@type":"PropertyValueSpecification","valueRequired":true,"valueName":"search_term_string"}}],"inLanguage":"pt-BR"},{"@type":"Organization","@id":"https:\/\/redenoticiaz.com.br\/litoralsp\/#organization","name":"Litoral SP","url":"https:\/\/redenoticiaz.com.br\/litoralsp\/","logo":{"@type":"ImageObject","inLanguage":"pt-BR","@id":"https:\/\/redenoticiaz.com.br\/litoralsp\/#\/schema\/logo\/image\/","url":"https:\/\/redenoticiaz.com.br\/litoralsp\/wp-content\/uploads\/sites\/3\/2020\/11\/logo.jpg","contentUrl":"https:\/\/redenoticiaz.com.br\/litoralsp\/wp-content\/uploads\/sites\/3\/2020\/11\/logo.jpg","width":400,"height":250,"caption":"Litoral SP"},"image":{"@id":"https:\/\/redenoticiaz.com.br\/litoralsp\/#\/schema\/logo\/image\/"}},{"@type":"Person","@id":"https:\/\/redenoticiaz.com.br\/litoralsp\/#\/schema\/person\/0f0b8a5bdafefe82841e07ae8d81ecb3","name":"Leonardo Francisco","image":{"@type":"ImageObject","inLanguage":"pt-BR","@id":"https:\/\/secure.gravatar.com\/avatar\/a7358cb406a99b682ec6df1e77e31ae82e63601f6784e8a3df411d72b37864da?s=96&d=mm&r=g","url":"https:\/\/secure.gravatar.com\/avatar\/a7358cb406a99b682ec6df1e77e31ae82e63601f6784e8a3df411d72b37864da?s=96&d=mm&r=g","contentUrl":"https:\/\/secure.gravatar.com\/avatar\/a7358cb406a99b682ec6df1e77e31ae82e63601f6784e8a3df411d72b37864da?s=96&d=mm&r=g","caption":"Leonardo Francisco"},"url":"https:\/\/redenoticiaz.com.br\/litoralsp\/author\/leonardo-francisco"}]}},"_links":{"self":[{"href":"https:\/\/redenoticiaz.com.br\/litoralsp\/wp-json\/wp\/v2\/posts\/95766","targetHints":{"allow":["GET"]}}],"collection":[{"href":"https:\/\/redenoticiaz.com.br\/litoralsp\/wp-json\/wp\/v2\/posts"}],"about":[{"href":"https:\/\/redenoticiaz.com.br\/litoralsp\/wp-json\/wp\/v2\/types\/post"}],"author":[{"embeddable":true,"href":"https:\/\/redenoticiaz.com.br\/litoralsp\/wp-json\/wp\/v2\/users\/6"}],"replies":[{"embeddable":true,"href":"https:\/\/redenoticiaz.com.br\/litoralsp\/wp-json\/wp\/v2\/comments?post=95766"}],"version-history":[{"count":2,"href":"https:\/\/redenoticiaz.com.br\/litoralsp\/wp-json\/wp\/v2\/posts\/95766\/revisions"}],"predecessor-version":[{"id":95768,"href":"https:\/\/redenoticiaz.com.br\/litoralsp\/wp-json\/wp\/v2\/posts\/95766\/revisions\/95768"}],"wp:featuredmedia":[{"embeddable":true,"href":"https:\/\/redenoticiaz.com.br\/litoralsp\/wp-json\/wp\/v2\/media\/18166"}],"wp:attachment":[{"href":"https:\/\/redenoticiaz.com.br\/litoralsp\/wp-json\/wp\/v2\/media?parent=95766"}],"wp:term":[{"taxonomy":"category","embeddable":true,"href":"https:\/\/redenoticiaz.com.br\/litoralsp\/wp-json\/wp\/v2\/categories?post=95766"},{"taxonomy":"post_tag","embeddable":true,"href":"https:\/\/redenoticiaz.com.br\/litoralsp\/wp-json\/wp\/v2\/tags?post=95766"}],"curies":[{"name":"wp","href":"https:\/\/api.w.org\/{rel}","templated":true}]}}