{"id":95855,"date":"2022-11-25T09:18:37","date_gmt":"2022-11-25T12:18:37","guid":{"rendered":"https:\/\/redenoticiaz.com.br\/litoralsp\/?p=95855"},"modified":"2022-11-25T09:18:37","modified_gmt":"2022-11-25T12:18:37","slug":"rua-de-santos-tem-nova-interdicao-para-reparos-da-sabesp","status":"publish","type":"post","link":"https:\/\/redenoticiaz.com.br\/litoralsp\/2022\/11\/25\/rua-de-santos-tem-nova-interdicao-para-reparos-da-sabesp","title":{"rendered":"Rua de Santos tem nova interdi\u00e7\u00e3o para reparos da Sabesp"},"content":{"rendered":"<p>Circular pela <strong>Rua Goi\u00e1s<\/strong>, em Santos, virou um desafio e tanto para pedestres, ciclistas e motoristas. Os buracos que se formam viraram rotina e uma dor de cabe\u00e7a aos moradores e comerciantes. Por isso, a Companhia de Saneamento B\u00e1sico do Estado de S\u00e3o Paulo (Sabesp) vai interditar mais uma vez um trecho da rua para as <strong> obras de recupera\u00e7\u00e3o<\/strong> da via. O bloqueio ser\u00e1 parcial entre esta sexta-feira (25) e s\u00e1bado (26), mas pode ser prolongado.<\/p>\n<div class=\"wall protected-content\">\n<div id=\"chunk-3140r\">\n<div class=\"mc-column content-text active-extra-styles \" data-block-type=\"unstyled\" data-block-weight=\"48\" data-block-id=\"4\">\n<p class=\"content-text__container \" data-track-category=\"Link no Texto\" data-track-links=\"\">Desde janeiro deste ano, duas crateras abriram na Rua Goi\u00e1s, que fica no bairro Gonzaga, devido \u00e0 falhas na tubula\u00e7\u00e3o coletora de esgoto. Outro buraco se abriu em 2020. Os servi\u00e7os da Sabesp programados para o pr\u00f3ximo final de semana devem contribuir para que a situa\u00e7\u00e3o seja resolvida.<\/p>\n<div id=\"chunk-fkid4\">\n<div class=\"mc-column content-text active-extra-styles \" data-block-type=\"unstyled\" data-block-weight=\"50\" data-block-id=\"8\">\n<p class=\"content-text__container \" data-track-category=\"Link no Texto\" data-track-links=\"\">Segundo a Sabesp, o <span class=\"highlight highlighted\">tr\u00e2nsito ficar\u00e1 bloqueado entre a Rua Bahia de Abreu e a Avenida Washington Luiz e entre a Rua Assis Corr\u00eaa e a Avenida Ana Costa<\/span>. Os bloqueios est\u00e3o programados para acontecer das 8h \u00e0s 17h, deixando o tr\u00e1fego livre pela manh\u00e3 e \u00e0 noite.<\/p>\n<\/div>\n<\/div>\n<div id=\"chunk-cogth\">\n<div class=\"mc-column content-text active-extra-styles \" data-block-type=\"unstyled\" data-block-weight=\"39\" data-block-id=\"9\">\n<p class=\"content-text__container \" data-track-category=\"Link no Texto\" data-track-links=\"\">Al\u00e9m disso, a Sabesp refor\u00e7a que as obras n\u00e3o finalizar\u00e3o os trabalhos na Rua Goi\u00e1s e que a etapa seguinte est\u00e1 prevista para acontecer na pr\u00f3xima semana. Os bloqueios e interdi\u00e7\u00f5es acontecem com aux\u00edlio da Companhia de Engenharia de Tr\u00e1fego (CET).<\/p>\n<p data-track-category=\"Link no Texto\" data-track-links=\"\"><strong>LEIA TAMB\u00c9M<\/strong><\/p>\n<p data-track-category=\"Link no Texto\" data-track-links=\"\"><a href=\"https:\/\/redenoticiaz.com.br\/litoralsp\/2022\/11\/24\/convenio-de-r-204-milhoes-e-firmado-para-revitalizar-area-do-aeroporto-de-guaruja\">Conv\u00eanio de R$ 20,4 milh\u00f5es \u00e9 firmado para revitalizar \u00e1rea do Aeroporto de Guaruj\u00e1<\/a><\/p>\n<\/div>\n<\/div>\n<\/div>\n<\/div>\n<\/div>\n","protected":false},"excerpt":{"rendered":"<p>Circular pela Rua Goi\u00e1s, em Santos, virou um desafio e tanto para pedestres, ciclistas e motoristas. Os buracos que se formam viraram rotina e uma dor de cabe\u00e7a aos moradores e comerciantes. Por isso, a Companhia de Saneamento B\u00e1sico do Estado de S\u00e3o Paulo (Sabesp) vai interditar mais uma vez um trecho da rua para &hellip;<\/p>\n","protected":false},"author":6,"featured_media":95856,"comment_status":"open","ping_status":"closed","sticky":false,"template":"","format":"standard","meta":{"footnotes":""},"categories":[1579,180],"tags":[61254,25356,22822,7351,986],"class_list":["post-95855","post","type-post","status-publish","format-standard","has-post-thumbnail","hentry","category-obras","category-santos","tag-buracos","tag-obras-de-reparos","tag-rua-goias","tag-sabesp","tag-santos"],"yoast_head":"<!-- This site is optimized with the Yoast SEO plugin v27.4 - https:\/\/yoast.com\/product\/yoast-seo-wordpress\/ -->\n<title>Rua de Santos tem nova interdi\u00e7\u00e3o para reparos da Sabesp - Litoral SP<\/title>\n<meta name=\"description\" content=\"isso, a Companhia de Saneamento B\u00e1sico do Estado de S\u00e3o Paulo (Sabesp) vai interditar mais uma vez um trecho da rua\" \/>\n<meta name=\"robots\" content=\"index, follow, max-snippet:-1, max-image-preview:large, max-video-preview:-1\" \/>\n<link rel=\"canonical\" href=\"https:\/\/redenoticiaz.com.br\/litoralsp\/2022\/11\/25\/rua-de-santos-tem-nova-interdicao-para-reparos-da-sabesp\" \/>\n<meta property=\"og:locale\" content=\"pt_BR\" \/>\n<meta property=\"og:type\" content=\"article\" \/>\n<meta property=\"og:title\" content=\"Rua de Santos tem nova interdi\u00e7\u00e3o para reparos da Sabesp - Litoral SP\" \/>\n<meta property=\"og:description\" content=\"isso, a Companhia de Saneamento B\u00e1sico do Estado de S\u00e3o Paulo (Sabesp) vai interditar mais uma vez um trecho da rua\" \/>\n<meta property=\"og:url\" content=\"https:\/\/redenoticiaz.com.br\/litoralsp\/2022\/11\/25\/rua-de-santos-tem-nova-interdicao-para-reparos-da-sabesp\" \/>\n<meta property=\"og:site_name\" content=\"Litoral SP\" \/>\n<meta property=\"article:published_time\" content=\"2022-11-25T12:18:37+00:00\" \/>\n<meta property=\"og:image\" content=\"https:\/\/redenoticiaz.com.br\/litoralsp\/wp-content\/uploads\/sites\/3\/2022\/11\/RUA-GOIAS.jpg\" \/>\n\t<meta property=\"og:image:width\" content=\"537\" \/>\n\t<meta property=\"og:image:height\" content=\"353\" \/>\n\t<meta property=\"og:image:type\" content=\"image\/jpeg\" \/>\n<meta name=\"author\" content=\"Leonardo Francisco\" \/>\n<meta name=\"twitter:card\" content=\"summary_large_image\" \/>\n<meta name=\"twitter:label1\" content=\"Escrito por\" \/>\n\t<meta name=\"twitter:data1\" content=\"Leonardo Francisco\" \/>\n\t<meta name=\"twitter:label2\" content=\"Est. tempo de leitura\" \/>\n\t<meta name=\"twitter:data2\" content=\"2 minutos\" \/>\n<script type=\"application\/ld+json\" class=\"yoast-schema-graph\">{\"@context\":\"https:\\\/\\\/schema.org\",\"@graph\":[{\"@type\":\"Article\",\"@id\":\"https:\\\/\\\/redenoticiaz.com.br\\\/litoralsp\\\/2022\\\/11\\\/25\\\/rua-de-santos-tem-nova-interdicao-para-reparos-da-sabesp#article\",\"isPartOf\":{\"@id\":\"https:\\\/\\\/redenoticiaz.com.br\\\/litoralsp\\\/2022\\\/11\\\/25\\\/rua-de-santos-tem-nova-interdicao-para-reparos-da-sabesp\"},\"author\":{\"name\":\"Leonardo Francisco\",\"@id\":\"https:\\\/\\\/redenoticiaz.com.br\\\/litoralsp\\\/#\\\/schema\\\/person\\\/0f0b8a5bdafefe82841e07ae8d81ecb3\"},\"headline\":\"Rua de Santos tem nova interdi\u00e7\u00e3o para reparos da Sabesp\",\"datePublished\":\"2022-11-25T12:18:37+00:00\",\"mainEntityOfPage\":{\"@id\":\"https:\\\/\\\/redenoticiaz.com.br\\\/litoralsp\\\/2022\\\/11\\\/25\\\/rua-de-santos-tem-nova-interdicao-para-reparos-da-sabesp\"},\"wordCount\":260,\"commentCount\":0,\"publisher\":{\"@id\":\"https:\\\/\\\/redenoticiaz.com.br\\\/litoralsp\\\/#organization\"},\"image\":{\"@id\":\"https:\\\/\\\/redenoticiaz.com.br\\\/litoralsp\\\/2022\\\/11\\\/25\\\/rua-de-santos-tem-nova-interdicao-para-reparos-da-sabesp#primaryimage\"},\"thumbnailUrl\":\"https:\\\/\\\/redenoticiaz.com.br\\\/litoralsp\\\/wp-content\\\/uploads\\\/sites\\\/3\\\/2022\\\/11\\\/RUA-GOIAS.jpg\",\"keywords\":[\"BURACOS\",\"OBRAS DE REPAROS\",\"RUA GOI\u00c1S\",\"SABESP\",\"Santos\"],\"articleSection\":[\"Obras\",\"Santos\"],\"inLanguage\":\"pt-BR\",\"potentialAction\":[{\"@type\":\"CommentAction\",\"name\":\"Comment\",\"target\":[\"https:\\\/\\\/redenoticiaz.com.br\\\/litoralsp\\\/2022\\\/11\\\/25\\\/rua-de-santos-tem-nova-interdicao-para-reparos-da-sabesp#respond\"]}]},{\"@type\":\"WebPage\",\"@id\":\"https:\\\/\\\/redenoticiaz.com.br\\\/litoralsp\\\/2022\\\/11\\\/25\\\/rua-de-santos-tem-nova-interdicao-para-reparos-da-sabesp\",\"url\":\"https:\\\/\\\/redenoticiaz.com.br\\\/litoralsp\\\/2022\\\/11\\\/25\\\/rua-de-santos-tem-nova-interdicao-para-reparos-da-sabesp\",\"name\":\"Rua de Santos tem nova interdi\u00e7\u00e3o para reparos da Sabesp - Litoral SP\",\"isPartOf\":{\"@id\":\"https:\\\/\\\/redenoticiaz.com.br\\\/litoralsp\\\/#website\"},\"primaryImageOfPage\":{\"@id\":\"https:\\\/\\\/redenoticiaz.com.br\\\/litoralsp\\\/2022\\\/11\\\/25\\\/rua-de-santos-tem-nova-interdicao-para-reparos-da-sabesp#primaryimage\"},\"image\":{\"@id\":\"https:\\\/\\\/redenoticiaz.com.br\\\/litoralsp\\\/2022\\\/11\\\/25\\\/rua-de-santos-tem-nova-interdicao-para-reparos-da-sabesp#primaryimage\"},\"thumbnailUrl\":\"https:\\\/\\\/redenoticiaz.com.br\\\/litoralsp\\\/wp-content\\\/uploads\\\/sites\\\/3\\\/2022\\\/11\\\/RUA-GOIAS.jpg\",\"datePublished\":\"2022-11-25T12:18:37+00:00\",\"description\":\"isso, a Companhia de Saneamento B\u00e1sico do Estado de S\u00e3o Paulo (Sabesp) vai interditar mais uma vez um trecho da rua\",\"inLanguage\":\"pt-BR\",\"potentialAction\":[{\"@type\":\"ReadAction\",\"target\":[\"https:\\\/\\\/redenoticiaz.com.br\\\/litoralsp\\\/2022\\\/11\\\/25\\\/rua-de-santos-tem-nova-interdicao-para-reparos-da-sabesp\"]}]},{\"@type\":\"ImageObject\",\"inLanguage\":\"pt-BR\",\"@id\":\"https:\\\/\\\/redenoticiaz.com.br\\\/litoralsp\\\/2022\\\/11\\\/25\\\/rua-de-santos-tem-nova-interdicao-para-reparos-da-sabesp#primaryimage\",\"url\":\"https:\\\/\\\/redenoticiaz.com.br\\\/litoralsp\\\/wp-content\\\/uploads\\\/sites\\\/3\\\/2022\\\/11\\\/RUA-GOIAS.jpg\",\"contentUrl\":\"https:\\\/\\\/redenoticiaz.com.br\\\/litoralsp\\\/wp-content\\\/uploads\\\/sites\\\/3\\\/2022\\\/11\\\/RUA-GOIAS.jpg\",\"width\":537,\"height\":353,\"caption\":\"Cr\u00e9ditos: Reprodu\u00e7\u00e3o\"},{\"@type\":\"WebSite\",\"@id\":\"https:\\\/\\\/redenoticiaz.com.br\\\/litoralsp\\\/#website\",\"url\":\"https:\\\/\\\/redenoticiaz.com.br\\\/litoralsp\\\/\",\"name\":\"Litoral SP\",\"description\":\"Rede NoticiaZ\",\"publisher\":{\"@id\":\"https:\\\/\\\/redenoticiaz.com.br\\\/litoralsp\\\/#organization\"},\"potentialAction\":[{\"@type\":\"SearchAction\",\"target\":{\"@type\":\"EntryPoint\",\"urlTemplate\":\"https:\\\/\\\/redenoticiaz.com.br\\\/litoralsp\\\/?s={search_term_string}\"},\"query-input\":{\"@type\":\"PropertyValueSpecification\",\"valueRequired\":true,\"valueName\":\"search_term_string\"}}],\"inLanguage\":\"pt-BR\"},{\"@type\":\"Organization\",\"@id\":\"https:\\\/\\\/redenoticiaz.com.br\\\/litoralsp\\\/#organization\",\"name\":\"Litoral SP\",\"url\":\"https:\\\/\\\/redenoticiaz.com.br\\\/litoralsp\\\/\",\"logo\":{\"@type\":\"ImageObject\",\"inLanguage\":\"pt-BR\",\"@id\":\"https:\\\/\\\/redenoticiaz.com.br\\\/litoralsp\\\/#\\\/schema\\\/logo\\\/image\\\/\",\"url\":\"https:\\\/\\\/redenoticiaz.com.br\\\/litoralsp\\\/wp-content\\\/uploads\\\/sites\\\/3\\\/2020\\\/11\\\/logo.jpg\",\"contentUrl\":\"https:\\\/\\\/redenoticiaz.com.br\\\/litoralsp\\\/wp-content\\\/uploads\\\/sites\\\/3\\\/2020\\\/11\\\/logo.jpg\",\"width\":400,\"height\":250,\"caption\":\"Litoral SP\"},\"image\":{\"@id\":\"https:\\\/\\\/redenoticiaz.com.br\\\/litoralsp\\\/#\\\/schema\\\/logo\\\/image\\\/\"}},{\"@type\":\"Person\",\"@id\":\"https:\\\/\\\/redenoticiaz.com.br\\\/litoralsp\\\/#\\\/schema\\\/person\\\/0f0b8a5bdafefe82841e07ae8d81ecb3\",\"name\":\"Leonardo Francisco\",\"image\":{\"@type\":\"ImageObject\",\"inLanguage\":\"pt-BR\",\"@id\":\"https:\\\/\\\/secure.gravatar.com\\\/avatar\\\/a7358cb406a99b682ec6df1e77e31ae82e63601f6784e8a3df411d72b37864da?s=96&d=mm&r=g\",\"url\":\"https:\\\/\\\/secure.gravatar.com\\\/avatar\\\/a7358cb406a99b682ec6df1e77e31ae82e63601f6784e8a3df411d72b37864da?s=96&d=mm&r=g\",\"contentUrl\":\"https:\\\/\\\/secure.gravatar.com\\\/avatar\\\/a7358cb406a99b682ec6df1e77e31ae82e63601f6784e8a3df411d72b37864da?s=96&d=mm&r=g\",\"caption\":\"Leonardo Francisco\"},\"url\":\"https:\\\/\\\/redenoticiaz.com.br\\\/litoralsp\\\/author\\\/leonardo-francisco\"}]}<\/script>\n<!-- \/ Yoast SEO plugin. -->","yoast_head_json":{"title":"Rua de Santos tem nova interdi\u00e7\u00e3o para reparos da Sabesp - Litoral SP","description":"isso, a Companhia de Saneamento B\u00e1sico do Estado de S\u00e3o Paulo (Sabesp) vai interditar mais uma vez um trecho da rua","robots":{"index":"index","follow":"follow","max-snippet":"max-snippet:-1","max-image-preview":"max-image-preview:large","max-video-preview":"max-video-preview:-1"},"canonical":"https:\/\/redenoticiaz.com.br\/litoralsp\/2022\/11\/25\/rua-de-santos-tem-nova-interdicao-para-reparos-da-sabesp","og_locale":"pt_BR","og_type":"article","og_title":"Rua de Santos tem nova interdi\u00e7\u00e3o para reparos da Sabesp - Litoral SP","og_description":"isso, a Companhia de Saneamento B\u00e1sico do Estado de S\u00e3o Paulo (Sabesp) vai interditar mais uma vez um trecho da rua","og_url":"https:\/\/redenoticiaz.com.br\/litoralsp\/2022\/11\/25\/rua-de-santos-tem-nova-interdicao-para-reparos-da-sabesp","og_site_name":"Litoral SP","article_published_time":"2022-11-25T12:18:37+00:00","og_image":[{"width":537,"height":353,"url":"https:\/\/redenoticiaz.com.br\/litoralsp\/wp-content\/uploads\/sites\/3\/2022\/11\/RUA-GOIAS.jpg","type":"image\/jpeg"}],"author":"Leonardo Francisco","twitter_card":"summary_large_image","twitter_misc":{"Escrito por":"Leonardo Francisco","Est. tempo de leitura":"2 minutos"},"schema":{"@context":"https:\/\/schema.org","@graph":[{"@type":"Article","@id":"https:\/\/redenoticiaz.com.br\/litoralsp\/2022\/11\/25\/rua-de-santos-tem-nova-interdicao-para-reparos-da-sabesp#article","isPartOf":{"@id":"https:\/\/redenoticiaz.com.br\/litoralsp\/2022\/11\/25\/rua-de-santos-tem-nova-interdicao-para-reparos-da-sabesp"},"author":{"name":"Leonardo Francisco","@id":"https:\/\/redenoticiaz.com.br\/litoralsp\/#\/schema\/person\/0f0b8a5bdafefe82841e07ae8d81ecb3"},"headline":"Rua de Santos tem nova interdi\u00e7\u00e3o para reparos da Sabesp","datePublished":"2022-11-25T12:18:37+00:00","mainEntityOfPage":{"@id":"https:\/\/redenoticiaz.com.br\/litoralsp\/2022\/11\/25\/rua-de-santos-tem-nova-interdicao-para-reparos-da-sabesp"},"wordCount":260,"commentCount":0,"publisher":{"@id":"https:\/\/redenoticiaz.com.br\/litoralsp\/#organization"},"image":{"@id":"https:\/\/redenoticiaz.com.br\/litoralsp\/2022\/11\/25\/rua-de-santos-tem-nova-interdicao-para-reparos-da-sabesp#primaryimage"},"thumbnailUrl":"https:\/\/redenoticiaz.com.br\/litoralsp\/wp-content\/uploads\/sites\/3\/2022\/11\/RUA-GOIAS.jpg","keywords":["BURACOS","OBRAS DE REPAROS","RUA GOI\u00c1S","SABESP","Santos"],"articleSection":["Obras","Santos"],"inLanguage":"pt-BR","potentialAction":[{"@type":"CommentAction","name":"Comment","target":["https:\/\/redenoticiaz.com.br\/litoralsp\/2022\/11\/25\/rua-de-santos-tem-nova-interdicao-para-reparos-da-sabesp#respond"]}]},{"@type":"WebPage","@id":"https:\/\/redenoticiaz.com.br\/litoralsp\/2022\/11\/25\/rua-de-santos-tem-nova-interdicao-para-reparos-da-sabesp","url":"https:\/\/redenoticiaz.com.br\/litoralsp\/2022\/11\/25\/rua-de-santos-tem-nova-interdicao-para-reparos-da-sabesp","name":"Rua de Santos tem nova interdi\u00e7\u00e3o para reparos da Sabesp - Litoral SP","isPartOf":{"@id":"https:\/\/redenoticiaz.com.br\/litoralsp\/#website"},"primaryImageOfPage":{"@id":"https:\/\/redenoticiaz.com.br\/litoralsp\/2022\/11\/25\/rua-de-santos-tem-nova-interdicao-para-reparos-da-sabesp#primaryimage"},"image":{"@id":"https:\/\/redenoticiaz.com.br\/litoralsp\/2022\/11\/25\/rua-de-santos-tem-nova-interdicao-para-reparos-da-sabesp#primaryimage"},"thumbnailUrl":"https:\/\/redenoticiaz.com.br\/litoralsp\/wp-content\/uploads\/sites\/3\/2022\/11\/RUA-GOIAS.jpg","datePublished":"2022-11-25T12:18:37+00:00","description":"isso, a Companhia de Saneamento B\u00e1sico do Estado de S\u00e3o Paulo (Sabesp) vai interditar mais uma vez um trecho da rua","inLanguage":"pt-BR","potentialAction":[{"@type":"ReadAction","target":["https:\/\/redenoticiaz.com.br\/litoralsp\/2022\/11\/25\/rua-de-santos-tem-nova-interdicao-para-reparos-da-sabesp"]}]},{"@type":"ImageObject","inLanguage":"pt-BR","@id":"https:\/\/redenoticiaz.com.br\/litoralsp\/2022\/11\/25\/rua-de-santos-tem-nova-interdicao-para-reparos-da-sabesp#primaryimage","url":"https:\/\/redenoticiaz.com.br\/litoralsp\/wp-content\/uploads\/sites\/3\/2022\/11\/RUA-GOIAS.jpg","contentUrl":"https:\/\/redenoticiaz.com.br\/litoralsp\/wp-content\/uploads\/sites\/3\/2022\/11\/RUA-GOIAS.jpg","width":537,"height":353,"caption":"Cr\u00e9ditos: Reprodu\u00e7\u00e3o"},{"@type":"WebSite","@id":"https:\/\/redenoticiaz.com.br\/litoralsp\/#website","url":"https:\/\/redenoticiaz.com.br\/litoralsp\/","name":"Litoral SP","description":"Rede NoticiaZ","publisher":{"@id":"https:\/\/redenoticiaz.com.br\/litoralsp\/#organization"},"potentialAction":[{"@type":"SearchAction","target":{"@type":"EntryPoint","urlTemplate":"https:\/\/redenoticiaz.com.br\/litoralsp\/?s={search_term_string}"},"query-input":{"@type":"PropertyValueSpecification","valueRequired":true,"valueName":"search_term_string"}}],"inLanguage":"pt-BR"},{"@type":"Organization","@id":"https:\/\/redenoticiaz.com.br\/litoralsp\/#organization","name":"Litoral SP","url":"https:\/\/redenoticiaz.com.br\/litoralsp\/","logo":{"@type":"ImageObject","inLanguage":"pt-BR","@id":"https:\/\/redenoticiaz.com.br\/litoralsp\/#\/schema\/logo\/image\/","url":"https:\/\/redenoticiaz.com.br\/litoralsp\/wp-content\/uploads\/sites\/3\/2020\/11\/logo.jpg","contentUrl":"https:\/\/redenoticiaz.com.br\/litoralsp\/wp-content\/uploads\/sites\/3\/2020\/11\/logo.jpg","width":400,"height":250,"caption":"Litoral SP"},"image":{"@id":"https:\/\/redenoticiaz.com.br\/litoralsp\/#\/schema\/logo\/image\/"}},{"@type":"Person","@id":"https:\/\/redenoticiaz.com.br\/litoralsp\/#\/schema\/person\/0f0b8a5bdafefe82841e07ae8d81ecb3","name":"Leonardo Francisco","image":{"@type":"ImageObject","inLanguage":"pt-BR","@id":"https:\/\/secure.gravatar.com\/avatar\/a7358cb406a99b682ec6df1e77e31ae82e63601f6784e8a3df411d72b37864da?s=96&d=mm&r=g","url":"https:\/\/secure.gravatar.com\/avatar\/a7358cb406a99b682ec6df1e77e31ae82e63601f6784e8a3df411d72b37864da?s=96&d=mm&r=g","contentUrl":"https:\/\/secure.gravatar.com\/avatar\/a7358cb406a99b682ec6df1e77e31ae82e63601f6784e8a3df411d72b37864da?s=96&d=mm&r=g","caption":"Leonardo Francisco"},"url":"https:\/\/redenoticiaz.com.br\/litoralsp\/author\/leonardo-francisco"}]}},"_links":{"self":[{"href":"https:\/\/redenoticiaz.com.br\/litoralsp\/wp-json\/wp\/v2\/posts\/95855","targetHints":{"allow":["GET"]}}],"collection":[{"href":"https:\/\/redenoticiaz.com.br\/litoralsp\/wp-json\/wp\/v2\/posts"}],"about":[{"href":"https:\/\/redenoticiaz.com.br\/litoralsp\/wp-json\/wp\/v2\/types\/post"}],"author":[{"embeddable":true,"href":"https:\/\/redenoticiaz.com.br\/litoralsp\/wp-json\/wp\/v2\/users\/6"}],"replies":[{"embeddable":true,"href":"https:\/\/redenoticiaz.com.br\/litoralsp\/wp-json\/wp\/v2\/comments?post=95855"}],"version-history":[{"count":1,"href":"https:\/\/redenoticiaz.com.br\/litoralsp\/wp-json\/wp\/v2\/posts\/95855\/revisions"}],"predecessor-version":[{"id":95857,"href":"https:\/\/redenoticiaz.com.br\/litoralsp\/wp-json\/wp\/v2\/posts\/95855\/revisions\/95857"}],"wp:featuredmedia":[{"embeddable":true,"href":"https:\/\/redenoticiaz.com.br\/litoralsp\/wp-json\/wp\/v2\/media\/95856"}],"wp:attachment":[{"href":"https:\/\/redenoticiaz.com.br\/litoralsp\/wp-json\/wp\/v2\/media?parent=95855"}],"wp:term":[{"taxonomy":"category","embeddable":true,"href":"https:\/\/redenoticiaz.com.br\/litoralsp\/wp-json\/wp\/v2\/categories?post=95855"},{"taxonomy":"post_tag","embeddable":true,"href":"https:\/\/redenoticiaz.com.br\/litoralsp\/wp-json\/wp\/v2\/tags?post=95855"}],"curies":[{"name":"wp","href":"https:\/\/api.w.org\/{rel}","templated":true}]}}