{"id":95897,"date":"2022-11-25T15:29:28","date_gmt":"2022-11-25T18:29:28","guid":{"rendered":"https:\/\/redenoticiaz.com.br\/litoralsp\/?p=95897"},"modified":"2022-11-25T15:29:28","modified_gmt":"2022-11-25T18:29:28","slug":"prefeito-de-sao-vicente-recebe-secretario-estadual-de-seguranca-publica-e-apresenta-demandas-emergenciais-do-municipio","status":"publish","type":"post","link":"https:\/\/redenoticiaz.com.br\/litoralsp\/2022\/11\/25\/prefeito-de-sao-vicente-recebe-secretario-estadual-de-seguranca-publica-e-apresenta-demandas-emergenciais-do-municipio","title":{"rendered":"Prefeito de S\u00e3o Vicente recebe secret\u00e1rio estadual de Seguran\u00e7a P\u00fablica e apresenta demandas emergenciais do Munic\u00edpio"},"content":{"rendered":"<div>O prefeito de S\u00e3o Vicente, Kayo Amado, recebeu nesta quinta-feira (24) o secret\u00e1rio de Seguran\u00e7a P\u00fablica do Estado, General Jo\u00e3o Camilo Pires de Campos, no Sal\u00e3o Nobre do Pa\u00e7o Municipal.<\/div>\n<div><\/div>\n<div>O encontro contou com a presen\u00e7a de diversas autoridades das esferas do Poder Legislativo, Poder Judici\u00e1rio, e da Seguran\u00e7a P\u00fablica. A discuss\u00e3o teve como intuito estabelecer novas estrat\u00e9gias de combate \u00e0 criminalidade em S\u00e3o Vicente, que, recentemente, tem registrado diversas ocorr\u00eancias policiais.<\/div>\n<div><\/div>\n<div>Reivindicando a\u00e7\u00f5es emergenciais em S\u00e3o Vicente, o prefeito Kayo Amado salientou a import\u00e2ncia do encontro. &#8220;Conseguimos reunir todas as institui\u00e7\u00f5es que est\u00e3o diretamente trabalhando para a melhoria da seguran\u00e7a. O Munic\u00edpio funciona como um articulador disso. Na discuss\u00e3o, cada autoridade apresentou suas demandas, com o objetivo de gerar um trabalho mais efetivo&#8221;.<\/div>\n<div><\/div>\n<div>A Administra\u00e7\u00e3o Municipal tem adotado uma pol\u00edtica de di\u00e1logo com o Governo do Estado, sempre colocando em pauta as necessidades apresentadas pela Cidade.<\/div>\n<div><\/div>\n<div>Em resposta imediata \u00e0 onda de crimes, o prefeito solicitou ao Estado interven\u00e7\u00f5es emergenciais, refor\u00e7ando o pedido de aumento do efetivo de policiais nas ruas. Por conta disso, no dia 17 de novembro o Governo do Estado deslocou cerca de 300 policiais civis e militares para fortalecer a seguran\u00e7a em S\u00e3o Vicente e na Baixada Santista.<\/div>\n<div><\/div>\n<div>Outro fator que atrapalhou S\u00e3o Vicente na \u00faltima semana foi a propaga\u00e7\u00e3o de fake news, uma das pautas abordadas na conversa. Kayo Amado ressaltou a import\u00e2ncia do combate \u00e0 desinforma\u00e7\u00e3o e do incentivo \u00e0s medidas preventivas.<\/div>\n<div><\/div>\n<div><strong>Leia mais<\/strong><\/div>\n<div><a href=\"https:\/\/redenoticiaz.com.br\/litoralsp\/2022\/11\/25\/policia-militar-detem-dupla-por-roubo-de-loja-na-avenida-antonio-emmerich-em-sao-vicente\">Pol\u00edcia Militar det\u00e9m dupla por roubo de loja na Avenida Ant\u00f4nio Emmerich em S\u00e3o Vicente<\/a><\/div>\n","protected":false},"excerpt":{"rendered":"<p>O prefeito de S\u00e3o Vicente, Kayo Amado, recebeu nesta quinta-feira (24) o secret\u00e1rio de Seguran\u00e7a P\u00fablica do Estado, General Jo\u00e3o Camilo Pires de Campos, no Sal\u00e3o Nobre do Pa\u00e7o Municipal. O encontro contou com a presen\u00e7a de diversas autoridades das esferas do Poder Legislativo, Poder Judici\u00e1rio, e da Seguran\u00e7a P\u00fablica. A discuss\u00e3o teve como intuito &hellip;<\/p>\n","protected":false},"author":12,"featured_media":85291,"comment_status":"open","ping_status":"closed","sticky":false,"template":"","format":"standard","meta":{"footnotes":""},"categories":[181],"tags":[10241,1087,33,26508],"class_list":["post-95897","post","type-post","status-publish","format-standard","has-post-thumbnail","hentry","category-sao-vicente","tag-governo-do-estado","tag-kayo-amado","tag-sao-vicente","tag-seguranca-publica"],"yoast_head":"<!-- This site is optimized with the Yoast SEO plugin v27.5 - https:\/\/yoast.com\/product\/yoast-seo-wordpress\/ -->\n<title>Prefeito de S\u00e3o Vicente recebe secret\u00e1rio estadual de Seguran\u00e7a P\u00fablica e apresenta demandas emergenciais do Munic\u00edpio - Litoral SP<\/title>\n<meta name=\"description\" content=\"O prefeito de S\u00e3o Vicente, Kayo Amado, recebeu nesta quinta-feira (24) o secret\u00e1rio de Seguran\u00e7a P\u00fablica do Estado, General Jo\u00e3o Camilo Pires de Campos, no Sal\u00e3o Nobre do Pa\u00e7o Municipal.\u00a0\" \/>\n<meta name=\"robots\" content=\"index, follow, max-snippet:-1, max-image-preview:large, max-video-preview:-1\" \/>\n<link rel=\"canonical\" href=\"https:\/\/redenoticiaz.com.br\/litoralsp\/2022\/11\/25\/prefeito-de-sao-vicente-recebe-secretario-estadual-de-seguranca-publica-e-apresenta-demandas-emergenciais-do-municipio\" \/>\n<meta property=\"og:locale\" content=\"pt_BR\" \/>\n<meta property=\"og:type\" content=\"article\" \/>\n<meta property=\"og:title\" content=\"Prefeito de S\u00e3o Vicente recebe secret\u00e1rio estadual de Seguran\u00e7a P\u00fablica e apresenta demandas emergenciais do Munic\u00edpio - Litoral SP\" \/>\n<meta property=\"og:description\" content=\"O prefeito de S\u00e3o Vicente, Kayo Amado, recebeu nesta quinta-feira (24) o secret\u00e1rio de Seguran\u00e7a P\u00fablica do Estado, General Jo\u00e3o Camilo Pires de Campos, no Sal\u00e3o Nobre do Pa\u00e7o Municipal.\u00a0\" \/>\n<meta property=\"og:url\" content=\"https:\/\/redenoticiaz.com.br\/litoralsp\/2022\/11\/25\/prefeito-de-sao-vicente-recebe-secretario-estadual-de-seguranca-publica-e-apresenta-demandas-emergenciais-do-municipio\" \/>\n<meta property=\"og:site_name\" content=\"Litoral SP\" \/>\n<meta property=\"article:published_time\" content=\"2022-11-25T18:29:28+00:00\" \/>\n<meta property=\"og:image\" content=\"https:\/\/redenoticiaz.com.br\/litoralsp\/wp-content\/uploads\/sites\/3\/2022\/05\/whatsapp-image-2022-05-30-at-10.18.38.jpg\" \/>\n\t<meta property=\"og:image:width\" content=\"984\" \/>\n\t<meta property=\"og:image:height\" content=\"738\" \/>\n\t<meta property=\"og:image:type\" content=\"image\/jpeg\" \/>\n<meta name=\"author\" content=\"Gustavo Silva\" \/>\n<meta name=\"twitter:card\" content=\"summary_large_image\" \/>\n<meta name=\"twitter:label1\" content=\"Escrito por\" \/>\n\t<meta name=\"twitter:data1\" content=\"Gustavo Silva\" \/>\n\t<meta name=\"twitter:label2\" content=\"Est. tempo de leitura\" \/>\n\t<meta name=\"twitter:data2\" content=\"2 minutos\" \/>\n<script type=\"application\/ld+json\" class=\"yoast-schema-graph\">{\"@context\":\"https:\\\/\\\/schema.org\",\"@graph\":[{\"@type\":\"Article\",\"@id\":\"https:\\\/\\\/redenoticiaz.com.br\\\/litoralsp\\\/2022\\\/11\\\/25\\\/prefeito-de-sao-vicente-recebe-secretario-estadual-de-seguranca-publica-e-apresenta-demandas-emergenciais-do-municipio#article\",\"isPartOf\":{\"@id\":\"https:\\\/\\\/redenoticiaz.com.br\\\/litoralsp\\\/2022\\\/11\\\/25\\\/prefeito-de-sao-vicente-recebe-secretario-estadual-de-seguranca-publica-e-apresenta-demandas-emergenciais-do-municipio\"},\"author\":{\"name\":\"Gustavo Silva\",\"@id\":\"https:\\\/\\\/redenoticiaz.com.br\\\/litoralsp\\\/#\\\/schema\\\/person\\\/16057b37a3c0ee6b096d7f887c566e2e\"},\"headline\":\"Prefeito de S\u00e3o Vicente recebe secret\u00e1rio estadual de Seguran\u00e7a P\u00fablica e apresenta demandas emergenciais do Munic\u00edpio\",\"datePublished\":\"2022-11-25T18:29:28+00:00\",\"mainEntityOfPage\":{\"@id\":\"https:\\\/\\\/redenoticiaz.com.br\\\/litoralsp\\\/2022\\\/11\\\/25\\\/prefeito-de-sao-vicente-recebe-secretario-estadual-de-seguranca-publica-e-apresenta-demandas-emergenciais-do-municipio\"},\"wordCount\":309,\"commentCount\":0,\"publisher\":{\"@id\":\"https:\\\/\\\/redenoticiaz.com.br\\\/litoralsp\\\/#organization\"},\"image\":{\"@id\":\"https:\\\/\\\/redenoticiaz.com.br\\\/litoralsp\\\/2022\\\/11\\\/25\\\/prefeito-de-sao-vicente-recebe-secretario-estadual-de-seguranca-publica-e-apresenta-demandas-emergenciais-do-municipio#primaryimage\"},\"thumbnailUrl\":\"https:\\\/\\\/redenoticiaz.com.br\\\/litoralsp\\\/wp-content\\\/uploads\\\/sites\\\/3\\\/2022\\\/05\\\/whatsapp-image-2022-05-30-at-10.18.38.jpg\",\"keywords\":[\"GOVERNO DO ESTADO\",\"kayo amado\",\"S\u00e3o Vicente\",\"SEGURAN\u00c7A P\u00daBLICA\"],\"articleSection\":[\"S\u00e3o Vicente\"],\"inLanguage\":\"pt-BR\",\"potentialAction\":[{\"@type\":\"CommentAction\",\"name\":\"Comment\",\"target\":[\"https:\\\/\\\/redenoticiaz.com.br\\\/litoralsp\\\/2022\\\/11\\\/25\\\/prefeito-de-sao-vicente-recebe-secretario-estadual-de-seguranca-publica-e-apresenta-demandas-emergenciais-do-municipio#respond\"]}]},{\"@type\":\"WebPage\",\"@id\":\"https:\\\/\\\/redenoticiaz.com.br\\\/litoralsp\\\/2022\\\/11\\\/25\\\/prefeito-de-sao-vicente-recebe-secretario-estadual-de-seguranca-publica-e-apresenta-demandas-emergenciais-do-municipio\",\"url\":\"https:\\\/\\\/redenoticiaz.com.br\\\/litoralsp\\\/2022\\\/11\\\/25\\\/prefeito-de-sao-vicente-recebe-secretario-estadual-de-seguranca-publica-e-apresenta-demandas-emergenciais-do-municipio\",\"name\":\"Prefeito de S\u00e3o Vicente recebe secret\u00e1rio estadual de Seguran\u00e7a P\u00fablica e apresenta demandas emergenciais do Munic\u00edpio - Litoral SP\",\"isPartOf\":{\"@id\":\"https:\\\/\\\/redenoticiaz.com.br\\\/litoralsp\\\/#website\"},\"primaryImageOfPage\":{\"@id\":\"https:\\\/\\\/redenoticiaz.com.br\\\/litoralsp\\\/2022\\\/11\\\/25\\\/prefeito-de-sao-vicente-recebe-secretario-estadual-de-seguranca-publica-e-apresenta-demandas-emergenciais-do-municipio#primaryimage\"},\"image\":{\"@id\":\"https:\\\/\\\/redenoticiaz.com.br\\\/litoralsp\\\/2022\\\/11\\\/25\\\/prefeito-de-sao-vicente-recebe-secretario-estadual-de-seguranca-publica-e-apresenta-demandas-emergenciais-do-municipio#primaryimage\"},\"thumbnailUrl\":\"https:\\\/\\\/redenoticiaz.com.br\\\/litoralsp\\\/wp-content\\\/uploads\\\/sites\\\/3\\\/2022\\\/05\\\/whatsapp-image-2022-05-30-at-10.18.38.jpg\",\"datePublished\":\"2022-11-25T18:29:28+00:00\",\"description\":\"O prefeito de S\u00e3o Vicente, Kayo Amado, recebeu nesta quinta-feira (24) o secret\u00e1rio de Seguran\u00e7a P\u00fablica do Estado, General Jo\u00e3o Camilo Pires de Campos, no Sal\u00e3o Nobre do Pa\u00e7o Municipal.\u00a0\",\"inLanguage\":\"pt-BR\",\"potentialAction\":[{\"@type\":\"ReadAction\",\"target\":[\"https:\\\/\\\/redenoticiaz.com.br\\\/litoralsp\\\/2022\\\/11\\\/25\\\/prefeito-de-sao-vicente-recebe-secretario-estadual-de-seguranca-publica-e-apresenta-demandas-emergenciais-do-municipio\"]}]},{\"@type\":\"ImageObject\",\"inLanguage\":\"pt-BR\",\"@id\":\"https:\\\/\\\/redenoticiaz.com.br\\\/litoralsp\\\/2022\\\/11\\\/25\\\/prefeito-de-sao-vicente-recebe-secretario-estadual-de-seguranca-publica-e-apresenta-demandas-emergenciais-do-municipio#primaryimage\",\"url\":\"https:\\\/\\\/redenoticiaz.com.br\\\/litoralsp\\\/wp-content\\\/uploads\\\/sites\\\/3\\\/2022\\\/05\\\/whatsapp-image-2022-05-30-at-10.18.38.jpg\",\"contentUrl\":\"https:\\\/\\\/redenoticiaz.com.br\\\/litoralsp\\\/wp-content\\\/uploads\\\/sites\\\/3\\\/2022\\\/05\\\/whatsapp-image-2022-05-30-at-10.18.38.jpg\",\"width\":984,\"height\":738,\"caption\":\"Tr\u00eas pessoas s\u00e3o presas ap\u00f3s vandalizarem Prefeitura de S\u00e3o Vicente\"},{\"@type\":\"WebSite\",\"@id\":\"https:\\\/\\\/redenoticiaz.com.br\\\/litoralsp\\\/#website\",\"url\":\"https:\\\/\\\/redenoticiaz.com.br\\\/litoralsp\\\/\",\"name\":\"Litoral SP\",\"description\":\"Rede NoticiaZ\",\"publisher\":{\"@id\":\"https:\\\/\\\/redenoticiaz.com.br\\\/litoralsp\\\/#organization\"},\"potentialAction\":[{\"@type\":\"SearchAction\",\"target\":{\"@type\":\"EntryPoint\",\"urlTemplate\":\"https:\\\/\\\/redenoticiaz.com.br\\\/litoralsp\\\/?s={search_term_string}\"},\"query-input\":{\"@type\":\"PropertyValueSpecification\",\"valueRequired\":true,\"valueName\":\"search_term_string\"}}],\"inLanguage\":\"pt-BR\"},{\"@type\":\"Organization\",\"@id\":\"https:\\\/\\\/redenoticiaz.com.br\\\/litoralsp\\\/#organization\",\"name\":\"Litoral SP\",\"url\":\"https:\\\/\\\/redenoticiaz.com.br\\\/litoralsp\\\/\",\"logo\":{\"@type\":\"ImageObject\",\"inLanguage\":\"pt-BR\",\"@id\":\"https:\\\/\\\/redenoticiaz.com.br\\\/litoralsp\\\/#\\\/schema\\\/logo\\\/image\\\/\",\"url\":\"https:\\\/\\\/redenoticiaz.com.br\\\/litoralsp\\\/wp-content\\\/uploads\\\/sites\\\/3\\\/2020\\\/11\\\/logo.jpg\",\"contentUrl\":\"https:\\\/\\\/redenoticiaz.com.br\\\/litoralsp\\\/wp-content\\\/uploads\\\/sites\\\/3\\\/2020\\\/11\\\/logo.jpg\",\"width\":400,\"height\":250,\"caption\":\"Litoral SP\"},\"image\":{\"@id\":\"https:\\\/\\\/redenoticiaz.com.br\\\/litoralsp\\\/#\\\/schema\\\/logo\\\/image\\\/\"}},{\"@type\":\"Person\",\"@id\":\"https:\\\/\\\/redenoticiaz.com.br\\\/litoralsp\\\/#\\\/schema\\\/person\\\/16057b37a3c0ee6b096d7f887c566e2e\",\"name\":\"Gustavo Silva\",\"image\":{\"@type\":\"ImageObject\",\"inLanguage\":\"pt-BR\",\"@id\":\"https:\\\/\\\/secure.gravatar.com\\\/avatar\\\/3ee4e82f93b26de0a7cf4ea5eb7893da637ed6bb0c9170c58065944c56e28a33?s=96&d=mm&r=g\",\"url\":\"https:\\\/\\\/secure.gravatar.com\\\/avatar\\\/3ee4e82f93b26de0a7cf4ea5eb7893da637ed6bb0c9170c58065944c56e28a33?s=96&d=mm&r=g\",\"contentUrl\":\"https:\\\/\\\/secure.gravatar.com\\\/avatar\\\/3ee4e82f93b26de0a7cf4ea5eb7893da637ed6bb0c9170c58065944c56e28a33?s=96&d=mm&r=g\",\"caption\":\"Gustavo Silva\"},\"url\":\"https:\\\/\\\/redenoticiaz.com.br\\\/litoralsp\\\/author\\\/gustavosilva\"}]}<\/script>\n<!-- \/ Yoast SEO plugin. -->","yoast_head_json":{"title":"Prefeito de S\u00e3o Vicente recebe secret\u00e1rio estadual de Seguran\u00e7a P\u00fablica e apresenta demandas emergenciais do Munic\u00edpio - Litoral SP","description":"O prefeito de S\u00e3o Vicente, Kayo Amado, recebeu nesta quinta-feira (24) o secret\u00e1rio de Seguran\u00e7a P\u00fablica do Estado, General Jo\u00e3o Camilo Pires de Campos, no Sal\u00e3o Nobre do Pa\u00e7o Municipal.\u00a0","robots":{"index":"index","follow":"follow","max-snippet":"max-snippet:-1","max-image-preview":"max-image-preview:large","max-video-preview":"max-video-preview:-1"},"canonical":"https:\/\/redenoticiaz.com.br\/litoralsp\/2022\/11\/25\/prefeito-de-sao-vicente-recebe-secretario-estadual-de-seguranca-publica-e-apresenta-demandas-emergenciais-do-municipio","og_locale":"pt_BR","og_type":"article","og_title":"Prefeito de S\u00e3o Vicente recebe secret\u00e1rio estadual de Seguran\u00e7a P\u00fablica e apresenta demandas emergenciais do Munic\u00edpio - Litoral SP","og_description":"O prefeito de S\u00e3o Vicente, Kayo Amado, recebeu nesta quinta-feira (24) o secret\u00e1rio de Seguran\u00e7a P\u00fablica do Estado, General Jo\u00e3o Camilo Pires de Campos, no Sal\u00e3o Nobre do Pa\u00e7o Municipal.\u00a0","og_url":"https:\/\/redenoticiaz.com.br\/litoralsp\/2022\/11\/25\/prefeito-de-sao-vicente-recebe-secretario-estadual-de-seguranca-publica-e-apresenta-demandas-emergenciais-do-municipio","og_site_name":"Litoral SP","article_published_time":"2022-11-25T18:29:28+00:00","og_image":[{"width":984,"height":738,"url":"https:\/\/redenoticiaz.com.br\/litoralsp\/wp-content\/uploads\/sites\/3\/2022\/05\/whatsapp-image-2022-05-30-at-10.18.38.jpg","type":"image\/jpeg"}],"author":"Gustavo Silva","twitter_card":"summary_large_image","twitter_misc":{"Escrito por":"Gustavo Silva","Est. tempo de leitura":"2 minutos"},"schema":{"@context":"https:\/\/schema.org","@graph":[{"@type":"Article","@id":"https:\/\/redenoticiaz.com.br\/litoralsp\/2022\/11\/25\/prefeito-de-sao-vicente-recebe-secretario-estadual-de-seguranca-publica-e-apresenta-demandas-emergenciais-do-municipio#article","isPartOf":{"@id":"https:\/\/redenoticiaz.com.br\/litoralsp\/2022\/11\/25\/prefeito-de-sao-vicente-recebe-secretario-estadual-de-seguranca-publica-e-apresenta-demandas-emergenciais-do-municipio"},"author":{"name":"Gustavo Silva","@id":"https:\/\/redenoticiaz.com.br\/litoralsp\/#\/schema\/person\/16057b37a3c0ee6b096d7f887c566e2e"},"headline":"Prefeito de S\u00e3o Vicente recebe secret\u00e1rio estadual de Seguran\u00e7a P\u00fablica e apresenta demandas emergenciais do Munic\u00edpio","datePublished":"2022-11-25T18:29:28+00:00","mainEntityOfPage":{"@id":"https:\/\/redenoticiaz.com.br\/litoralsp\/2022\/11\/25\/prefeito-de-sao-vicente-recebe-secretario-estadual-de-seguranca-publica-e-apresenta-demandas-emergenciais-do-municipio"},"wordCount":309,"commentCount":0,"publisher":{"@id":"https:\/\/redenoticiaz.com.br\/litoralsp\/#organization"},"image":{"@id":"https:\/\/redenoticiaz.com.br\/litoralsp\/2022\/11\/25\/prefeito-de-sao-vicente-recebe-secretario-estadual-de-seguranca-publica-e-apresenta-demandas-emergenciais-do-municipio#primaryimage"},"thumbnailUrl":"https:\/\/redenoticiaz.com.br\/litoralsp\/wp-content\/uploads\/sites\/3\/2022\/05\/whatsapp-image-2022-05-30-at-10.18.38.jpg","keywords":["GOVERNO DO ESTADO","kayo amado","S\u00e3o Vicente","SEGURAN\u00c7A P\u00daBLICA"],"articleSection":["S\u00e3o Vicente"],"inLanguage":"pt-BR","potentialAction":[{"@type":"CommentAction","name":"Comment","target":["https:\/\/redenoticiaz.com.br\/litoralsp\/2022\/11\/25\/prefeito-de-sao-vicente-recebe-secretario-estadual-de-seguranca-publica-e-apresenta-demandas-emergenciais-do-municipio#respond"]}]},{"@type":"WebPage","@id":"https:\/\/redenoticiaz.com.br\/litoralsp\/2022\/11\/25\/prefeito-de-sao-vicente-recebe-secretario-estadual-de-seguranca-publica-e-apresenta-demandas-emergenciais-do-municipio","url":"https:\/\/redenoticiaz.com.br\/litoralsp\/2022\/11\/25\/prefeito-de-sao-vicente-recebe-secretario-estadual-de-seguranca-publica-e-apresenta-demandas-emergenciais-do-municipio","name":"Prefeito de S\u00e3o Vicente recebe secret\u00e1rio estadual de Seguran\u00e7a P\u00fablica e apresenta demandas emergenciais do Munic\u00edpio - Litoral SP","isPartOf":{"@id":"https:\/\/redenoticiaz.com.br\/litoralsp\/#website"},"primaryImageOfPage":{"@id":"https:\/\/redenoticiaz.com.br\/litoralsp\/2022\/11\/25\/prefeito-de-sao-vicente-recebe-secretario-estadual-de-seguranca-publica-e-apresenta-demandas-emergenciais-do-municipio#primaryimage"},"image":{"@id":"https:\/\/redenoticiaz.com.br\/litoralsp\/2022\/11\/25\/prefeito-de-sao-vicente-recebe-secretario-estadual-de-seguranca-publica-e-apresenta-demandas-emergenciais-do-municipio#primaryimage"},"thumbnailUrl":"https:\/\/redenoticiaz.com.br\/litoralsp\/wp-content\/uploads\/sites\/3\/2022\/05\/whatsapp-image-2022-05-30-at-10.18.38.jpg","datePublished":"2022-11-25T18:29:28+00:00","description":"O prefeito de S\u00e3o Vicente, Kayo Amado, recebeu nesta quinta-feira (24) o secret\u00e1rio de Seguran\u00e7a P\u00fablica do Estado, General Jo\u00e3o Camilo Pires de Campos, no Sal\u00e3o Nobre do Pa\u00e7o Municipal.\u00a0","inLanguage":"pt-BR","potentialAction":[{"@type":"ReadAction","target":["https:\/\/redenoticiaz.com.br\/litoralsp\/2022\/11\/25\/prefeito-de-sao-vicente-recebe-secretario-estadual-de-seguranca-publica-e-apresenta-demandas-emergenciais-do-municipio"]}]},{"@type":"ImageObject","inLanguage":"pt-BR","@id":"https:\/\/redenoticiaz.com.br\/litoralsp\/2022\/11\/25\/prefeito-de-sao-vicente-recebe-secretario-estadual-de-seguranca-publica-e-apresenta-demandas-emergenciais-do-municipio#primaryimage","url":"https:\/\/redenoticiaz.com.br\/litoralsp\/wp-content\/uploads\/sites\/3\/2022\/05\/whatsapp-image-2022-05-30-at-10.18.38.jpg","contentUrl":"https:\/\/redenoticiaz.com.br\/litoralsp\/wp-content\/uploads\/sites\/3\/2022\/05\/whatsapp-image-2022-05-30-at-10.18.38.jpg","width":984,"height":738,"caption":"Tr\u00eas pessoas s\u00e3o presas ap\u00f3s vandalizarem Prefeitura de S\u00e3o Vicente"},{"@type":"WebSite","@id":"https:\/\/redenoticiaz.com.br\/litoralsp\/#website","url":"https:\/\/redenoticiaz.com.br\/litoralsp\/","name":"Litoral SP","description":"Rede NoticiaZ","publisher":{"@id":"https:\/\/redenoticiaz.com.br\/litoralsp\/#organization"},"potentialAction":[{"@type":"SearchAction","target":{"@type":"EntryPoint","urlTemplate":"https:\/\/redenoticiaz.com.br\/litoralsp\/?s={search_term_string}"},"query-input":{"@type":"PropertyValueSpecification","valueRequired":true,"valueName":"search_term_string"}}],"inLanguage":"pt-BR"},{"@type":"Organization","@id":"https:\/\/redenoticiaz.com.br\/litoralsp\/#organization","name":"Litoral SP","url":"https:\/\/redenoticiaz.com.br\/litoralsp\/","logo":{"@type":"ImageObject","inLanguage":"pt-BR","@id":"https:\/\/redenoticiaz.com.br\/litoralsp\/#\/schema\/logo\/image\/","url":"https:\/\/redenoticiaz.com.br\/litoralsp\/wp-content\/uploads\/sites\/3\/2020\/11\/logo.jpg","contentUrl":"https:\/\/redenoticiaz.com.br\/litoralsp\/wp-content\/uploads\/sites\/3\/2020\/11\/logo.jpg","width":400,"height":250,"caption":"Litoral SP"},"image":{"@id":"https:\/\/redenoticiaz.com.br\/litoralsp\/#\/schema\/logo\/image\/"}},{"@type":"Person","@id":"https:\/\/redenoticiaz.com.br\/litoralsp\/#\/schema\/person\/16057b37a3c0ee6b096d7f887c566e2e","name":"Gustavo Silva","image":{"@type":"ImageObject","inLanguage":"pt-BR","@id":"https:\/\/secure.gravatar.com\/avatar\/3ee4e82f93b26de0a7cf4ea5eb7893da637ed6bb0c9170c58065944c56e28a33?s=96&d=mm&r=g","url":"https:\/\/secure.gravatar.com\/avatar\/3ee4e82f93b26de0a7cf4ea5eb7893da637ed6bb0c9170c58065944c56e28a33?s=96&d=mm&r=g","contentUrl":"https:\/\/secure.gravatar.com\/avatar\/3ee4e82f93b26de0a7cf4ea5eb7893da637ed6bb0c9170c58065944c56e28a33?s=96&d=mm&r=g","caption":"Gustavo Silva"},"url":"https:\/\/redenoticiaz.com.br\/litoralsp\/author\/gustavosilva"}]}},"_links":{"self":[{"href":"https:\/\/redenoticiaz.com.br\/litoralsp\/wp-json\/wp\/v2\/posts\/95897","targetHints":{"allow":["GET"]}}],"collection":[{"href":"https:\/\/redenoticiaz.com.br\/litoralsp\/wp-json\/wp\/v2\/posts"}],"about":[{"href":"https:\/\/redenoticiaz.com.br\/litoralsp\/wp-json\/wp\/v2\/types\/post"}],"author":[{"embeddable":true,"href":"https:\/\/redenoticiaz.com.br\/litoralsp\/wp-json\/wp\/v2\/users\/12"}],"replies":[{"embeddable":true,"href":"https:\/\/redenoticiaz.com.br\/litoralsp\/wp-json\/wp\/v2\/comments?post=95897"}],"version-history":[{"count":1,"href":"https:\/\/redenoticiaz.com.br\/litoralsp\/wp-json\/wp\/v2\/posts\/95897\/revisions"}],"predecessor-version":[{"id":95898,"href":"https:\/\/redenoticiaz.com.br\/litoralsp\/wp-json\/wp\/v2\/posts\/95897\/revisions\/95898"}],"wp:featuredmedia":[{"embeddable":true,"href":"https:\/\/redenoticiaz.com.br\/litoralsp\/wp-json\/wp\/v2\/media\/85291"}],"wp:attachment":[{"href":"https:\/\/redenoticiaz.com.br\/litoralsp\/wp-json\/wp\/v2\/media?parent=95897"}],"wp:term":[{"taxonomy":"category","embeddable":true,"href":"https:\/\/redenoticiaz.com.br\/litoralsp\/wp-json\/wp\/v2\/categories?post=95897"},{"taxonomy":"post_tag","embeddable":true,"href":"https:\/\/redenoticiaz.com.br\/litoralsp\/wp-json\/wp\/v2\/tags?post=95897"}],"curies":[{"name":"wp","href":"https:\/\/api.w.org\/{rel}","templated":true}]}}