{"id":96000,"date":"2022-11-27T18:10:41","date_gmt":"2022-11-27T21:10:41","guid":{"rendered":"https:\/\/redenoticiaz.com.br\/litoralsp\/2022\/11\/27\/espanha-e-alemanha-ficam-no-empate-no-melhor-jogo-da-copa-do-mundo"},"modified":"2022-11-27T18:10:41","modified_gmt":"2022-11-27T21:10:41","slug":"espanha-e-alemanha-ficam-no-empate-no-melhor-jogo-da-copa-do-mundo","status":"publish","type":"post","link":"https:\/\/redenoticiaz.com.br\/litoralsp\/2022\/11\/27\/espanha-e-alemanha-ficam-no-empate-no-melhor-jogo-da-copa-do-mundo","title":{"rendered":"Espanha e Alemanha ficam no empate no melhor jogo da Copa do Mundo"},"content":{"rendered":"<p>O principal jogo desta fase de grupos da Copa do Mundo do Qatar foi realizado neste domingo (27) e foi um dos melhores. Alemanha e Espanha se enfrentaram com objetivos distintos. Enquanto os espanh\u00f3is sonhavam com a vit\u00f3ria e a classifica\u00e7\u00e3o antecipada no Grupo E, os alem\u00e3es precisavam vencer para recuperar a m\u00e1 impress\u00e3o deixada na estreia. No fim, o <strong>empate prevaleceu<\/strong> e para os tetracampe\u00f5es mundiais, o resultado p\u00f4de ser comemorado, j\u00e1 que seguem vivos.<\/p>\n<p><span class=\"sc-eJoaVz etUUWk\">A etapa inicial ficou marcada pela F\u00faria obtendo dom\u00ednio e s\u00f3 n\u00e3o abriu o placar com Dani Olmo, porque o goleiro Neuer e o travess\u00e3o atrapalharam, Alba tamb\u00e9m teve uma boa chance em um chute de fora da \u00e1rea. Aos poucos a Alemanha foi crescendo e foi perigosa em um chute de Gnabry. Mas a melhor chance foi com Rudiger, que aos 39, recebeu livre na \u00e1rea e marcou o gol. Entretanto, o lance foi anulado, por impedimento do zagueiro. <\/span><\/p>\n<p>No segundo tempo, o jogo seguiu franco e aberto. A Espanha amea\u00e7ou primeiro com Olmo, mas finalizou fraco para a defesa tranquila de Neuer. Aos 16, n\u00e3o teve jeito. Morata recebeu bom passe de <span class=\"sc-eJoaVz dQbUbh\">Jordi Alba, se adiantou na marca\u00e7\u00e3o de Sule e mandou para o fundo do gol. <\/span><\/p>\n<p>Os alem\u00e3es n\u00e3o se abateram e Musiala exigiu boa defesa de Sim\u00f3n. A press\u00e3o dos tetracampe\u00f5es continuou e de tanto insistir, enfim o empate ocorreu. Aos 37, <span class=\"sc-eJoaVz iuXTHx\">Klostermann puxou com velocidade pela direita, passou para Musiala, que passou pela marca\u00e7\u00e3o e deixou para Fullkrug. Livre, o artilheiro dominou e balan\u00e7ou para as redes. J\u00e1 nos acr\u00e9scimos, Sane chegou com perigo, mas n\u00e3o conseguiu a finaliza\u00e7\u00e3o. No fim, prevaleceu o 1 a 1.<\/span><\/p>\n<h3>E agora?<\/h3>\n<div class=\"sc-iuhWtz cHaSUQ\">\n<div class=\"sc-iNiQeE wBAUy\">\n<div>\n<div id=\"42335b38-5433-4fab-b6c1-6699f03ff7c0\" class=\"backstage-component\">\n<p>A Espanha soma quatro pontos e segue na lideran\u00e7a do Grupo E, seguida do Jap\u00e3o &#8211; com tr\u00eas pontos. A Costa Rica, em terceiro lugar, tamb\u00e9m tem tr\u00eas pontos, e a Alemanha est\u00e1 em \u00faltimo, com um. Todos t\u00eam chance de classifica\u00e7\u00e3o \u00e0s oitavas.<\/p>\n<\/div>\n<\/div>\n<\/div>\n<\/div>\n<div class=\"sc-iuhWtz cHaSUQ\">\n<div class=\"sc-iNiQeE wBAUy\">\n<div>\n<div id=\"ca3c7168-9f4b-4b92-93c0-3221cee63f71\" class=\"backstage-component\">\n<p>Na \u00faltima rodada da fase de grupos, os jogos ser\u00e3o: Jap\u00e3o x Espanha e Costa Rica x Alemanha. Ambos acontecem na quinta-feira, \u00e0s 16h de Bras\u00edlia.<\/p>\n<p><strong>LEIA TAMB\u00c9M<\/strong><\/p>\n<\/div>\n<\/div>\n<\/div>\n<\/div>\n<p><a href=\"https:\/\/redenoticiaz.com.br\/blog\/2022\/11\/27\/resumao-da-copa-marrocos-e-lider-de-grupo-com-croacia-e-belgica-costa-rica-segue-viva\">Resum\u00e3o da Copa: Marrocos \u00e9 l\u00edder de grupo com Cro\u00e1cia e B\u00e9lgica. Costa Rica segue viva<\/a><\/p>\n","protected":false},"excerpt":{"rendered":"<p>O principal jogo desta fase de grupos da Copa do Mundo do Qatar foi realizado neste domingo (27) e foi um dos melhores. Alemanha e Espanha se enfrentaram com objetivos distintos. Enquanto os espanh\u00f3is sonhavam com a vit\u00f3ria e a classifica\u00e7\u00e3o antecipada no Grupo E, os alem\u00e3es precisavam vencer para recuperar a m\u00e1 impress\u00e3o deixada &hellip;<\/p>\n","protected":false},"author":6,"featured_media":96001,"comment_status":"open","ping_status":"closed","sticky":false,"template":"","format":"standard","meta":{"footnotes":""},"categories":[60418],"tags":[20857,54788,61316,9405,61317,56723],"class_list":["post-96000","post","type-post","status-publish","format-standard","has-post-thumbnail","hentry","category-copa","tag-alemanha","tag-copa-do-mundo-2022","tag-copa-do-mundo-qatar","tag-espanha","tag-furia","tag-grupo-e"],"yoast_head":"<!-- This site is optimized with the Yoast SEO plugin v27.4 - https:\/\/yoast.com\/product\/yoast-seo-wordpress\/ -->\n<title>Espanha e Alemanha ficam no empate no melhor jogo da Copa do Mundo - Litoral SP<\/title>\n<meta name=\"description\" content=\"O principal jogo desta fase de grupos da Copa do Mundo do Qatar foi realizado neste domingo (27) e foi um dos melhores. Alemanha e Espanha\" \/>\n<meta name=\"robots\" content=\"index, follow, max-snippet:-1, max-image-preview:large, max-video-preview:-1\" \/>\n<link rel=\"canonical\" href=\"https:\/\/redenoticiaz.com.br\/litoralsp\/2022\/11\/27\/espanha-e-alemanha-ficam-no-empate-no-melhor-jogo-da-copa-do-mundo\" \/>\n<meta property=\"og:locale\" content=\"pt_BR\" \/>\n<meta property=\"og:type\" content=\"article\" \/>\n<meta property=\"og:title\" content=\"Espanha e Alemanha ficam no empate no melhor jogo da Copa do Mundo - Litoral SP\" \/>\n<meta property=\"og:description\" content=\"O principal jogo desta fase de grupos da Copa do Mundo do Qatar foi realizado neste domingo (27) e foi um dos melhores. Alemanha e Espanha\" \/>\n<meta property=\"og:url\" content=\"https:\/\/redenoticiaz.com.br\/litoralsp\/2022\/11\/27\/espanha-e-alemanha-ficam-no-empate-no-melhor-jogo-da-copa-do-mundo\" \/>\n<meta property=\"og:site_name\" content=\"Litoral SP\" \/>\n<meta property=\"article:published_time\" content=\"2022-11-27T21:10:41+00:00\" \/>\n<meta property=\"og:image\" content=\"https:\/\/redenoticiaz.com.br\/litoralsp\/wp-content\/uploads\/sites\/3\/2022\/12\/ISABELA-CARRARI_4068-scaled.jpg\" \/>\n\t<meta property=\"og:image:width\" content=\"1620\" \/>\n\t<meta property=\"og:image:height\" content=\"1080\" \/>\n\t<meta property=\"og:image:type\" content=\"image\/jpeg\" \/>\n<meta name=\"author\" content=\"Leonardo Francisco\" \/>\n<meta name=\"twitter:card\" content=\"summary_large_image\" \/>\n<meta name=\"twitter:label1\" content=\"Escrito por\" \/>\n\t<meta name=\"twitter:data1\" content=\"Leonardo Francisco\" \/>\n\t<meta name=\"twitter:label2\" content=\"Est. tempo de leitura\" \/>\n\t<meta name=\"twitter:data2\" content=\"3 minutos\" \/>\n<script type=\"application\/ld+json\" class=\"yoast-schema-graph\">{\"@context\":\"https:\\\/\\\/schema.org\",\"@graph\":[{\"@type\":\"Article\",\"@id\":\"https:\\\/\\\/redenoticiaz.com.br\\\/litoralsp\\\/2022\\\/11\\\/27\\\/espanha-e-alemanha-ficam-no-empate-no-melhor-jogo-da-copa-do-mundo#article\",\"isPartOf\":{\"@id\":\"https:\\\/\\\/redenoticiaz.com.br\\\/litoralsp\\\/2022\\\/11\\\/27\\\/espanha-e-alemanha-ficam-no-empate-no-melhor-jogo-da-copa-do-mundo\"},\"author\":{\"name\":\"Leonardo Francisco\",\"@id\":\"https:\\\/\\\/redenoticiaz.com.br\\\/litoralsp\\\/#\\\/schema\\\/person\\\/0f0b8a5bdafefe82841e07ae8d81ecb3\"},\"headline\":\"Espanha e Alemanha ficam no empate no melhor jogo da Copa do Mundo\",\"datePublished\":\"2022-11-27T21:10:41+00:00\",\"mainEntityOfPage\":{\"@id\":\"https:\\\/\\\/redenoticiaz.com.br\\\/litoralsp\\\/2022\\\/11\\\/27\\\/espanha-e-alemanha-ficam-no-empate-no-melhor-jogo-da-copa-do-mundo\"},\"wordCount\":413,\"commentCount\":0,\"publisher\":{\"@id\":\"https:\\\/\\\/redenoticiaz.com.br\\\/litoralsp\\\/#organization\"},\"image\":{\"@id\":\"https:\\\/\\\/redenoticiaz.com.br\\\/litoralsp\\\/2022\\\/11\\\/27\\\/espanha-e-alemanha-ficam-no-empate-no-melhor-jogo-da-copa-do-mundo#primaryimage\"},\"thumbnailUrl\":\"https:\\\/\\\/redenoticiaz.com.br\\\/litoralsp\\\/wp-content\\\/uploads\\\/sites\\\/3\\\/2022\\\/11\\\/espxale.jpg?v=1669583384\",\"keywords\":[\"Alemanha\",\"COPA DO MUNDO 2022\",\"COPA DO MUNDO QATAR\",\"ESPANHA\",\"F\u00daRIA\",\"GRUPO E\"],\"articleSection\":[\"Copa\"],\"inLanguage\":\"pt-BR\",\"potentialAction\":[{\"@type\":\"CommentAction\",\"name\":\"Comment\",\"target\":[\"https:\\\/\\\/redenoticiaz.com.br\\\/litoralsp\\\/2022\\\/11\\\/27\\\/espanha-e-alemanha-ficam-no-empate-no-melhor-jogo-da-copa-do-mundo#respond\"]}]},{\"@type\":\"WebPage\",\"@id\":\"https:\\\/\\\/redenoticiaz.com.br\\\/litoralsp\\\/2022\\\/11\\\/27\\\/espanha-e-alemanha-ficam-no-empate-no-melhor-jogo-da-copa-do-mundo\",\"url\":\"https:\\\/\\\/redenoticiaz.com.br\\\/litoralsp\\\/2022\\\/11\\\/27\\\/espanha-e-alemanha-ficam-no-empate-no-melhor-jogo-da-copa-do-mundo\",\"name\":\"Espanha e Alemanha ficam no empate no melhor jogo da Copa do Mundo - Litoral SP\",\"isPartOf\":{\"@id\":\"https:\\\/\\\/redenoticiaz.com.br\\\/litoralsp\\\/#website\"},\"primaryImageOfPage\":{\"@id\":\"https:\\\/\\\/redenoticiaz.com.br\\\/litoralsp\\\/2022\\\/11\\\/27\\\/espanha-e-alemanha-ficam-no-empate-no-melhor-jogo-da-copa-do-mundo#primaryimage\"},\"image\":{\"@id\":\"https:\\\/\\\/redenoticiaz.com.br\\\/litoralsp\\\/2022\\\/11\\\/27\\\/espanha-e-alemanha-ficam-no-empate-no-melhor-jogo-da-copa-do-mundo#primaryimage\"},\"thumbnailUrl\":\"https:\\\/\\\/redenoticiaz.com.br\\\/litoralsp\\\/wp-content\\\/uploads\\\/sites\\\/3\\\/2022\\\/11\\\/espxale.jpg?v=1669583384\",\"datePublished\":\"2022-11-27T21:10:41+00:00\",\"description\":\"O principal jogo desta fase de grupos da Copa do Mundo do Qatar foi realizado neste domingo (27) e foi um dos melhores. Alemanha e Espanha\",\"inLanguage\":\"pt-BR\",\"potentialAction\":[{\"@type\":\"ReadAction\",\"target\":[\"https:\\\/\\\/redenoticiaz.com.br\\\/litoralsp\\\/2022\\\/11\\\/27\\\/espanha-e-alemanha-ficam-no-empate-no-melhor-jogo-da-copa-do-mundo\"]}]},{\"@type\":\"ImageObject\",\"inLanguage\":\"pt-BR\",\"@id\":\"https:\\\/\\\/redenoticiaz.com.br\\\/litoralsp\\\/2022\\\/11\\\/27\\\/espanha-e-alemanha-ficam-no-empate-no-melhor-jogo-da-copa-do-mundo#primaryimage\",\"url\":\"https:\\\/\\\/redenoticiaz.com.br\\\/litoralsp\\\/wp-content\\\/uploads\\\/sites\\\/3\\\/2022\\\/11\\\/espxale.jpg?v=1669583384\",\"contentUrl\":\"https:\\\/\\\/redenoticiaz.com.br\\\/litoralsp\\\/wp-content\\\/uploads\\\/sites\\\/3\\\/2022\\\/11\\\/espxale.jpg?v=1669583384\",\"width\":680,\"height\":491,\"caption\":\"Cr\u00e9ditos: Reprodu\u00e7\u00e3o\\\/Reuters\"},{\"@type\":\"WebSite\",\"@id\":\"https:\\\/\\\/redenoticiaz.com.br\\\/litoralsp\\\/#website\",\"url\":\"https:\\\/\\\/redenoticiaz.com.br\\\/litoralsp\\\/\",\"name\":\"Litoral SP\",\"description\":\"Rede NoticiaZ\",\"publisher\":{\"@id\":\"https:\\\/\\\/redenoticiaz.com.br\\\/litoralsp\\\/#organization\"},\"potentialAction\":[{\"@type\":\"SearchAction\",\"target\":{\"@type\":\"EntryPoint\",\"urlTemplate\":\"https:\\\/\\\/redenoticiaz.com.br\\\/litoralsp\\\/?s={search_term_string}\"},\"query-input\":{\"@type\":\"PropertyValueSpecification\",\"valueRequired\":true,\"valueName\":\"search_term_string\"}}],\"inLanguage\":\"pt-BR\"},{\"@type\":\"Organization\",\"@id\":\"https:\\\/\\\/redenoticiaz.com.br\\\/litoralsp\\\/#organization\",\"name\":\"Litoral SP\",\"url\":\"https:\\\/\\\/redenoticiaz.com.br\\\/litoralsp\\\/\",\"logo\":{\"@type\":\"ImageObject\",\"inLanguage\":\"pt-BR\",\"@id\":\"https:\\\/\\\/redenoticiaz.com.br\\\/litoralsp\\\/#\\\/schema\\\/logo\\\/image\\\/\",\"url\":\"https:\\\/\\\/redenoticiaz.com.br\\\/litoralsp\\\/wp-content\\\/uploads\\\/sites\\\/3\\\/2020\\\/11\\\/logo.jpg\",\"contentUrl\":\"https:\\\/\\\/redenoticiaz.com.br\\\/litoralsp\\\/wp-content\\\/uploads\\\/sites\\\/3\\\/2020\\\/11\\\/logo.jpg\",\"width\":400,\"height\":250,\"caption\":\"Litoral SP\"},\"image\":{\"@id\":\"https:\\\/\\\/redenoticiaz.com.br\\\/litoralsp\\\/#\\\/schema\\\/logo\\\/image\\\/\"}},{\"@type\":\"Person\",\"@id\":\"https:\\\/\\\/redenoticiaz.com.br\\\/litoralsp\\\/#\\\/schema\\\/person\\\/0f0b8a5bdafefe82841e07ae8d81ecb3\",\"name\":\"Leonardo Francisco\",\"image\":{\"@type\":\"ImageObject\",\"inLanguage\":\"pt-BR\",\"@id\":\"https:\\\/\\\/secure.gravatar.com\\\/avatar\\\/a7358cb406a99b682ec6df1e77e31ae82e63601f6784e8a3df411d72b37864da?s=96&d=mm&r=g\",\"url\":\"https:\\\/\\\/secure.gravatar.com\\\/avatar\\\/a7358cb406a99b682ec6df1e77e31ae82e63601f6784e8a3df411d72b37864da?s=96&d=mm&r=g\",\"contentUrl\":\"https:\\\/\\\/secure.gravatar.com\\\/avatar\\\/a7358cb406a99b682ec6df1e77e31ae82e63601f6784e8a3df411d72b37864da?s=96&d=mm&r=g\",\"caption\":\"Leonardo Francisco\"},\"url\":\"https:\\\/\\\/redenoticiaz.com.br\\\/litoralsp\\\/author\\\/leonardo-francisco\"}]}<\/script>\n<!-- \/ Yoast SEO plugin. -->","yoast_head_json":{"title":"Espanha e Alemanha ficam no empate no melhor jogo da Copa do Mundo - Litoral SP","description":"O principal jogo desta fase de grupos da Copa do Mundo do Qatar foi realizado neste domingo (27) e foi um dos melhores. Alemanha e Espanha","robots":{"index":"index","follow":"follow","max-snippet":"max-snippet:-1","max-image-preview":"max-image-preview:large","max-video-preview":"max-video-preview:-1"},"canonical":"https:\/\/redenoticiaz.com.br\/litoralsp\/2022\/11\/27\/espanha-e-alemanha-ficam-no-empate-no-melhor-jogo-da-copa-do-mundo","og_locale":"pt_BR","og_type":"article","og_title":"Espanha e Alemanha ficam no empate no melhor jogo da Copa do Mundo - Litoral SP","og_description":"O principal jogo desta fase de grupos da Copa do Mundo do Qatar foi realizado neste domingo (27) e foi um dos melhores. Alemanha e Espanha","og_url":"https:\/\/redenoticiaz.com.br\/litoralsp\/2022\/11\/27\/espanha-e-alemanha-ficam-no-empate-no-melhor-jogo-da-copa-do-mundo","og_site_name":"Litoral SP","article_published_time":"2022-11-27T21:10:41+00:00","og_image":[{"width":1620,"height":1080,"url":"https:\/\/redenoticiaz.com.br\/litoralsp\/wp-content\/uploads\/sites\/3\/2022\/12\/ISABELA-CARRARI_4068-scaled.jpg","type":"image\/jpeg"}],"author":"Leonardo Francisco","twitter_card":"summary_large_image","twitter_misc":{"Escrito por":"Leonardo Francisco","Est. tempo de leitura":"3 minutos"},"schema":{"@context":"https:\/\/schema.org","@graph":[{"@type":"Article","@id":"https:\/\/redenoticiaz.com.br\/litoralsp\/2022\/11\/27\/espanha-e-alemanha-ficam-no-empate-no-melhor-jogo-da-copa-do-mundo#article","isPartOf":{"@id":"https:\/\/redenoticiaz.com.br\/litoralsp\/2022\/11\/27\/espanha-e-alemanha-ficam-no-empate-no-melhor-jogo-da-copa-do-mundo"},"author":{"name":"Leonardo Francisco","@id":"https:\/\/redenoticiaz.com.br\/litoralsp\/#\/schema\/person\/0f0b8a5bdafefe82841e07ae8d81ecb3"},"headline":"Espanha e Alemanha ficam no empate no melhor jogo da Copa do Mundo","datePublished":"2022-11-27T21:10:41+00:00","mainEntityOfPage":{"@id":"https:\/\/redenoticiaz.com.br\/litoralsp\/2022\/11\/27\/espanha-e-alemanha-ficam-no-empate-no-melhor-jogo-da-copa-do-mundo"},"wordCount":413,"commentCount":0,"publisher":{"@id":"https:\/\/redenoticiaz.com.br\/litoralsp\/#organization"},"image":{"@id":"https:\/\/redenoticiaz.com.br\/litoralsp\/2022\/11\/27\/espanha-e-alemanha-ficam-no-empate-no-melhor-jogo-da-copa-do-mundo#primaryimage"},"thumbnailUrl":"https:\/\/redenoticiaz.com.br\/litoralsp\/wp-content\/uploads\/sites\/3\/2022\/11\/espxale.jpg?v=1669583384","keywords":["Alemanha","COPA DO MUNDO 2022","COPA DO MUNDO QATAR","ESPANHA","F\u00daRIA","GRUPO E"],"articleSection":["Copa"],"inLanguage":"pt-BR","potentialAction":[{"@type":"CommentAction","name":"Comment","target":["https:\/\/redenoticiaz.com.br\/litoralsp\/2022\/11\/27\/espanha-e-alemanha-ficam-no-empate-no-melhor-jogo-da-copa-do-mundo#respond"]}]},{"@type":"WebPage","@id":"https:\/\/redenoticiaz.com.br\/litoralsp\/2022\/11\/27\/espanha-e-alemanha-ficam-no-empate-no-melhor-jogo-da-copa-do-mundo","url":"https:\/\/redenoticiaz.com.br\/litoralsp\/2022\/11\/27\/espanha-e-alemanha-ficam-no-empate-no-melhor-jogo-da-copa-do-mundo","name":"Espanha e Alemanha ficam no empate no melhor jogo da Copa do Mundo - Litoral SP","isPartOf":{"@id":"https:\/\/redenoticiaz.com.br\/litoralsp\/#website"},"primaryImageOfPage":{"@id":"https:\/\/redenoticiaz.com.br\/litoralsp\/2022\/11\/27\/espanha-e-alemanha-ficam-no-empate-no-melhor-jogo-da-copa-do-mundo#primaryimage"},"image":{"@id":"https:\/\/redenoticiaz.com.br\/litoralsp\/2022\/11\/27\/espanha-e-alemanha-ficam-no-empate-no-melhor-jogo-da-copa-do-mundo#primaryimage"},"thumbnailUrl":"https:\/\/redenoticiaz.com.br\/litoralsp\/wp-content\/uploads\/sites\/3\/2022\/11\/espxale.jpg?v=1669583384","datePublished":"2022-11-27T21:10:41+00:00","description":"O principal jogo desta fase de grupos da Copa do Mundo do Qatar foi realizado neste domingo (27) e foi um dos melhores. Alemanha e Espanha","inLanguage":"pt-BR","potentialAction":[{"@type":"ReadAction","target":["https:\/\/redenoticiaz.com.br\/litoralsp\/2022\/11\/27\/espanha-e-alemanha-ficam-no-empate-no-melhor-jogo-da-copa-do-mundo"]}]},{"@type":"ImageObject","inLanguage":"pt-BR","@id":"https:\/\/redenoticiaz.com.br\/litoralsp\/2022\/11\/27\/espanha-e-alemanha-ficam-no-empate-no-melhor-jogo-da-copa-do-mundo#primaryimage","url":"https:\/\/redenoticiaz.com.br\/litoralsp\/wp-content\/uploads\/sites\/3\/2022\/11\/espxale.jpg?v=1669583384","contentUrl":"https:\/\/redenoticiaz.com.br\/litoralsp\/wp-content\/uploads\/sites\/3\/2022\/11\/espxale.jpg?v=1669583384","width":680,"height":491,"caption":"Cr\u00e9ditos: Reprodu\u00e7\u00e3o\/Reuters"},{"@type":"WebSite","@id":"https:\/\/redenoticiaz.com.br\/litoralsp\/#website","url":"https:\/\/redenoticiaz.com.br\/litoralsp\/","name":"Litoral SP","description":"Rede NoticiaZ","publisher":{"@id":"https:\/\/redenoticiaz.com.br\/litoralsp\/#organization"},"potentialAction":[{"@type":"SearchAction","target":{"@type":"EntryPoint","urlTemplate":"https:\/\/redenoticiaz.com.br\/litoralsp\/?s={search_term_string}"},"query-input":{"@type":"PropertyValueSpecification","valueRequired":true,"valueName":"search_term_string"}}],"inLanguage":"pt-BR"},{"@type":"Organization","@id":"https:\/\/redenoticiaz.com.br\/litoralsp\/#organization","name":"Litoral SP","url":"https:\/\/redenoticiaz.com.br\/litoralsp\/","logo":{"@type":"ImageObject","inLanguage":"pt-BR","@id":"https:\/\/redenoticiaz.com.br\/litoralsp\/#\/schema\/logo\/image\/","url":"https:\/\/redenoticiaz.com.br\/litoralsp\/wp-content\/uploads\/sites\/3\/2020\/11\/logo.jpg","contentUrl":"https:\/\/redenoticiaz.com.br\/litoralsp\/wp-content\/uploads\/sites\/3\/2020\/11\/logo.jpg","width":400,"height":250,"caption":"Litoral SP"},"image":{"@id":"https:\/\/redenoticiaz.com.br\/litoralsp\/#\/schema\/logo\/image\/"}},{"@type":"Person","@id":"https:\/\/redenoticiaz.com.br\/litoralsp\/#\/schema\/person\/0f0b8a5bdafefe82841e07ae8d81ecb3","name":"Leonardo Francisco","image":{"@type":"ImageObject","inLanguage":"pt-BR","@id":"https:\/\/secure.gravatar.com\/avatar\/a7358cb406a99b682ec6df1e77e31ae82e63601f6784e8a3df411d72b37864da?s=96&d=mm&r=g","url":"https:\/\/secure.gravatar.com\/avatar\/a7358cb406a99b682ec6df1e77e31ae82e63601f6784e8a3df411d72b37864da?s=96&d=mm&r=g","contentUrl":"https:\/\/secure.gravatar.com\/avatar\/a7358cb406a99b682ec6df1e77e31ae82e63601f6784e8a3df411d72b37864da?s=96&d=mm&r=g","caption":"Leonardo Francisco"},"url":"https:\/\/redenoticiaz.com.br\/litoralsp\/author\/leonardo-francisco"}]}},"_links":{"self":[{"href":"https:\/\/redenoticiaz.com.br\/litoralsp\/wp-json\/wp\/v2\/posts\/96000","targetHints":{"allow":["GET"]}}],"collection":[{"href":"https:\/\/redenoticiaz.com.br\/litoralsp\/wp-json\/wp\/v2\/posts"}],"about":[{"href":"https:\/\/redenoticiaz.com.br\/litoralsp\/wp-json\/wp\/v2\/types\/post"}],"author":[{"embeddable":true,"href":"https:\/\/redenoticiaz.com.br\/litoralsp\/wp-json\/wp\/v2\/users\/6"}],"replies":[{"embeddable":true,"href":"https:\/\/redenoticiaz.com.br\/litoralsp\/wp-json\/wp\/v2\/comments?post=96000"}],"version-history":[{"count":0,"href":"https:\/\/redenoticiaz.com.br\/litoralsp\/wp-json\/wp\/v2\/posts\/96000\/revisions"}],"wp:featuredmedia":[{"embeddable":true,"href":"https:\/\/redenoticiaz.com.br\/litoralsp\/wp-json\/wp\/v2\/media\/96001"}],"wp:attachment":[{"href":"https:\/\/redenoticiaz.com.br\/litoralsp\/wp-json\/wp\/v2\/media?parent=96000"}],"wp:term":[{"taxonomy":"category","embeddable":true,"href":"https:\/\/redenoticiaz.com.br\/litoralsp\/wp-json\/wp\/v2\/categories?post=96000"},{"taxonomy":"post_tag","embeddable":true,"href":"https:\/\/redenoticiaz.com.br\/litoralsp\/wp-json\/wp\/v2\/tags?post=96000"}],"curies":[{"name":"wp","href":"https:\/\/api.w.org\/{rel}","templated":true}]}}