{"id":96099,"date":"2022-11-29T15:53:16","date_gmt":"2022-11-29T18:53:16","guid":{"rendered":"https:\/\/redenoticiaz.com.br\/litoralsp\/?p=96099"},"modified":"2022-11-29T15:53:16","modified_gmt":"2022-11-29T18:53:16","slug":"jovem-que-atuava-no-trafico-da-regiao-e-preso-em-guaruja","status":"publish","type":"post","link":"https:\/\/redenoticiaz.com.br\/litoralsp\/2022\/11\/29\/jovem-que-atuava-no-trafico-da-regiao-e-preso-em-guaruja","title":{"rendered":"Jovem que atuava no tr\u00e1fico da regi\u00e3o \u00e9 preso em Guaruj\u00e1"},"content":{"rendered":"<p>Um jovem que atuava no tr\u00e1fico da regi\u00e3o foi preso em Guaruj\u00e1 na tarde desta \u00faltima segunda-feira (28) durante patrulhamento pela comunidade Morrinhos.<\/p>\n<p>De acordo com as autoridades, policiais do 2\u00ba BAEP identificaram um suspeito correndo com uma sacola em m\u00e3os.<\/p>\n<p>Ainda de acordo com as informa\u00e7\u00f5es, ao se deparar com a equipe ele jogou a sacola no ch\u00e3o e tentou retornar de onde vinha, por\u00e9m, foi realizada a abordagem.<\/p>\n<p>Durante abordagem, o mesmo informou que o conte\u00fado da sacola que carregava era composto por drogas e que estava na pr\u00e1tica de tr\u00e1fico na regi\u00e3o.<\/p>\n<p>Sendo assim, ele afirmou que j\u00e1 foi preso anteriormente por cometer o mesmo crime. O abordado, menor de idade, e a sacola contendo drogas diversas e dinheiro foram conduzidos ao Distrito Policial Sede de Guaruj\u00e1. Onde permaneceu \u00e0 disposi\u00e7\u00e3o da justi\u00e7a.<\/p>\n<p><strong>Leia mais<\/strong><\/p>\n<p><a href=\"https:\/\/redenoticiaz.com.br\/litoralsp\/2022\/11\/27\/vacinacao-noturna-acontece-em-guaruja-nos-proximos-dias\">Vacina\u00e7\u00e3o noturna acontece em Guaruj\u00e1 nos pr\u00f3ximos dias<\/a><\/p>\n<p>&nbsp;<\/p>\n","protected":false},"excerpt":{"rendered":"<p>Um jovem que atuava no tr\u00e1fico da regi\u00e3o foi preso em Guaruj\u00e1 na tarde desta \u00faltima segunda-feira (28) durante patrulhamento pela comunidade Morrinhos. De acordo com as autoridades, policiais do 2\u00ba BAEP identificaram um suspeito correndo com uma sacola em m\u00e3os. Ainda de acordo com as informa\u00e7\u00f5es, ao se deparar com a equipe ele jogou &hellip;<\/p>\n","protected":false},"author":12,"featured_media":96103,"comment_status":"open","ping_status":"closed","sticky":false,"template":"","format":"standard","meta":{"footnotes":""},"categories":[187],"tags":[9218,61235,6426,20536],"class_list":["post-96099","post","type-post","status-publish","format-standard","has-post-thumbnail","hentry","category-guaruja","tag-2o-baep","tag-distrito-policial","tag-guaruja-2","tag-morrinhos"],"yoast_head":"<!-- This site is optimized with the Yoast SEO plugin v27.5 - https:\/\/yoast.com\/product\/yoast-seo-wordpress\/ -->\n<title>Jovem que atuava no tr\u00e1fico da regi\u00e3o \u00e9 preso em Guaruj\u00e1 - Litoral SP<\/title>\n<meta name=\"description\" content=\"Um jovem que atuava no tr\u00e1fico da regi\u00e3o foi preso em Guaruj\u00e1 na tarde desta \u00faltima segunda-feira (28) durante patrulhamento pela comunidade Morrinhos.\" \/>\n<meta name=\"robots\" content=\"index, follow, max-snippet:-1, max-image-preview:large, max-video-preview:-1\" \/>\n<link rel=\"canonical\" href=\"https:\/\/redenoticiaz.com.br\/litoralsp\/2022\/11\/29\/jovem-que-atuava-no-trafico-da-regiao-e-preso-em-guaruja\" \/>\n<meta property=\"og:locale\" content=\"pt_BR\" \/>\n<meta property=\"og:type\" content=\"article\" \/>\n<meta property=\"og:title\" content=\"Jovem que atuava no tr\u00e1fico da regi\u00e3o \u00e9 preso em Guaruj\u00e1 - Litoral SP\" \/>\n<meta property=\"og:description\" content=\"Um jovem que atuava no tr\u00e1fico da regi\u00e3o foi preso em Guaruj\u00e1 na tarde desta \u00faltima segunda-feira (28) durante patrulhamento pela comunidade Morrinhos.\" \/>\n<meta property=\"og:url\" content=\"https:\/\/redenoticiaz.com.br\/litoralsp\/2022\/11\/29\/jovem-que-atuava-no-trafico-da-regiao-e-preso-em-guaruja\" \/>\n<meta property=\"og:site_name\" content=\"Litoral SP\" \/>\n<meta property=\"article:published_time\" content=\"2022-11-29T18:53:16+00:00\" \/>\n<meta property=\"og:image\" content=\"https:\/\/redenoticiaz.com.br\/litoralsp\/wp-content\/uploads\/sites\/3\/2022\/11\/WhatsApp-Image-2022-11-29-at-15.23.43.jpeg\" \/>\n\t<meta property=\"og:image:width\" content=\"905\" \/>\n\t<meta property=\"og:image:height\" content=\"725\" \/>\n\t<meta property=\"og:image:type\" content=\"image\/jpeg\" \/>\n<meta name=\"author\" content=\"Gustavo Silva\" \/>\n<meta name=\"twitter:card\" content=\"summary_large_image\" \/>\n<meta name=\"twitter:label1\" content=\"Escrito por\" \/>\n\t<meta name=\"twitter:data1\" content=\"Gustavo Silva\" \/>\n\t<meta name=\"twitter:label2\" content=\"Est. tempo de leitura\" \/>\n\t<meta name=\"twitter:data2\" content=\"1 minuto\" \/>\n<script type=\"application\/ld+json\" class=\"yoast-schema-graph\">{\"@context\":\"https:\\\/\\\/schema.org\",\"@graph\":[{\"@type\":\"Article\",\"@id\":\"https:\\\/\\\/redenoticiaz.com.br\\\/litoralsp\\\/2022\\\/11\\\/29\\\/jovem-que-atuava-no-trafico-da-regiao-e-preso-em-guaruja#article\",\"isPartOf\":{\"@id\":\"https:\\\/\\\/redenoticiaz.com.br\\\/litoralsp\\\/2022\\\/11\\\/29\\\/jovem-que-atuava-no-trafico-da-regiao-e-preso-em-guaruja\"},\"author\":{\"name\":\"Gustavo Silva\",\"@id\":\"https:\\\/\\\/redenoticiaz.com.br\\\/litoralsp\\\/#\\\/schema\\\/person\\\/16057b37a3c0ee6b096d7f887c566e2e\"},\"headline\":\"Jovem que atuava no tr\u00e1fico da regi\u00e3o \u00e9 preso em Guaruj\u00e1\",\"datePublished\":\"2022-11-29T18:53:16+00:00\",\"mainEntityOfPage\":{\"@id\":\"https:\\\/\\\/redenoticiaz.com.br\\\/litoralsp\\\/2022\\\/11\\\/29\\\/jovem-que-atuava-no-trafico-da-regiao-e-preso-em-guaruja\"},\"wordCount\":170,\"commentCount\":0,\"publisher\":{\"@id\":\"https:\\\/\\\/redenoticiaz.com.br\\\/litoralsp\\\/#organization\"},\"image\":{\"@id\":\"https:\\\/\\\/redenoticiaz.com.br\\\/litoralsp\\\/2022\\\/11\\\/29\\\/jovem-que-atuava-no-trafico-da-regiao-e-preso-em-guaruja#primaryimage\"},\"thumbnailUrl\":\"https:\\\/\\\/redenoticiaz.com.br\\\/litoralsp\\\/wp-content\\\/uploads\\\/sites\\\/3\\\/2022\\\/11\\\/WhatsApp-Image-2022-11-29-at-15.23.43.jpeg\",\"keywords\":[\"2\u00ba BAEP\",\"Distrito Policial\",\"Guaruj\u00e1\",\"MORRINHOS\"],\"articleSection\":[\"Guaruj\u00e1\"],\"inLanguage\":\"pt-BR\",\"potentialAction\":[{\"@type\":\"CommentAction\",\"name\":\"Comment\",\"target\":[\"https:\\\/\\\/redenoticiaz.com.br\\\/litoralsp\\\/2022\\\/11\\\/29\\\/jovem-que-atuava-no-trafico-da-regiao-e-preso-em-guaruja#respond\"]}]},{\"@type\":\"WebPage\",\"@id\":\"https:\\\/\\\/redenoticiaz.com.br\\\/litoralsp\\\/2022\\\/11\\\/29\\\/jovem-que-atuava-no-trafico-da-regiao-e-preso-em-guaruja\",\"url\":\"https:\\\/\\\/redenoticiaz.com.br\\\/litoralsp\\\/2022\\\/11\\\/29\\\/jovem-que-atuava-no-trafico-da-regiao-e-preso-em-guaruja\",\"name\":\"Jovem que atuava no tr\u00e1fico da regi\u00e3o \u00e9 preso em Guaruj\u00e1 - Litoral SP\",\"isPartOf\":{\"@id\":\"https:\\\/\\\/redenoticiaz.com.br\\\/litoralsp\\\/#website\"},\"primaryImageOfPage\":{\"@id\":\"https:\\\/\\\/redenoticiaz.com.br\\\/litoralsp\\\/2022\\\/11\\\/29\\\/jovem-que-atuava-no-trafico-da-regiao-e-preso-em-guaruja#primaryimage\"},\"image\":{\"@id\":\"https:\\\/\\\/redenoticiaz.com.br\\\/litoralsp\\\/2022\\\/11\\\/29\\\/jovem-que-atuava-no-trafico-da-regiao-e-preso-em-guaruja#primaryimage\"},\"thumbnailUrl\":\"https:\\\/\\\/redenoticiaz.com.br\\\/litoralsp\\\/wp-content\\\/uploads\\\/sites\\\/3\\\/2022\\\/11\\\/WhatsApp-Image-2022-11-29-at-15.23.43.jpeg\",\"datePublished\":\"2022-11-29T18:53:16+00:00\",\"description\":\"Um jovem que atuava no tr\u00e1fico da regi\u00e3o foi preso em Guaruj\u00e1 na tarde desta \u00faltima segunda-feira (28) durante patrulhamento pela comunidade Morrinhos.\",\"inLanguage\":\"pt-BR\",\"potentialAction\":[{\"@type\":\"ReadAction\",\"target\":[\"https:\\\/\\\/redenoticiaz.com.br\\\/litoralsp\\\/2022\\\/11\\\/29\\\/jovem-que-atuava-no-trafico-da-regiao-e-preso-em-guaruja\"]}]},{\"@type\":\"ImageObject\",\"inLanguage\":\"pt-BR\",\"@id\":\"https:\\\/\\\/redenoticiaz.com.br\\\/litoralsp\\\/2022\\\/11\\\/29\\\/jovem-que-atuava-no-trafico-da-regiao-e-preso-em-guaruja#primaryimage\",\"url\":\"https:\\\/\\\/redenoticiaz.com.br\\\/litoralsp\\\/wp-content\\\/uploads\\\/sites\\\/3\\\/2022\\\/11\\\/WhatsApp-Image-2022-11-29-at-15.23.43.jpeg\",\"contentUrl\":\"https:\\\/\\\/redenoticiaz.com.br\\\/litoralsp\\\/wp-content\\\/uploads\\\/sites\\\/3\\\/2022\\\/11\\\/WhatsApp-Image-2022-11-29-at-15.23.43.jpeg\",\"width\":905,\"height\":725,\"caption\":\"Jovem que atuava no tr\u00e1fico da regi\u00e3o \u00e9 preso em Guaruj\u00e1\"},{\"@type\":\"WebSite\",\"@id\":\"https:\\\/\\\/redenoticiaz.com.br\\\/litoralsp\\\/#website\",\"url\":\"https:\\\/\\\/redenoticiaz.com.br\\\/litoralsp\\\/\",\"name\":\"Litoral SP\",\"description\":\"Rede NoticiaZ\",\"publisher\":{\"@id\":\"https:\\\/\\\/redenoticiaz.com.br\\\/litoralsp\\\/#organization\"},\"potentialAction\":[{\"@type\":\"SearchAction\",\"target\":{\"@type\":\"EntryPoint\",\"urlTemplate\":\"https:\\\/\\\/redenoticiaz.com.br\\\/litoralsp\\\/?s={search_term_string}\"},\"query-input\":{\"@type\":\"PropertyValueSpecification\",\"valueRequired\":true,\"valueName\":\"search_term_string\"}}],\"inLanguage\":\"pt-BR\"},{\"@type\":\"Organization\",\"@id\":\"https:\\\/\\\/redenoticiaz.com.br\\\/litoralsp\\\/#organization\",\"name\":\"Litoral SP\",\"url\":\"https:\\\/\\\/redenoticiaz.com.br\\\/litoralsp\\\/\",\"logo\":{\"@type\":\"ImageObject\",\"inLanguage\":\"pt-BR\",\"@id\":\"https:\\\/\\\/redenoticiaz.com.br\\\/litoralsp\\\/#\\\/schema\\\/logo\\\/image\\\/\",\"url\":\"https:\\\/\\\/redenoticiaz.com.br\\\/litoralsp\\\/wp-content\\\/uploads\\\/sites\\\/3\\\/2020\\\/11\\\/logo.jpg\",\"contentUrl\":\"https:\\\/\\\/redenoticiaz.com.br\\\/litoralsp\\\/wp-content\\\/uploads\\\/sites\\\/3\\\/2020\\\/11\\\/logo.jpg\",\"width\":400,\"height\":250,\"caption\":\"Litoral SP\"},\"image\":{\"@id\":\"https:\\\/\\\/redenoticiaz.com.br\\\/litoralsp\\\/#\\\/schema\\\/logo\\\/image\\\/\"}},{\"@type\":\"Person\",\"@id\":\"https:\\\/\\\/redenoticiaz.com.br\\\/litoralsp\\\/#\\\/schema\\\/person\\\/16057b37a3c0ee6b096d7f887c566e2e\",\"name\":\"Gustavo Silva\",\"image\":{\"@type\":\"ImageObject\",\"inLanguage\":\"pt-BR\",\"@id\":\"https:\\\/\\\/secure.gravatar.com\\\/avatar\\\/3ee4e82f93b26de0a7cf4ea5eb7893da637ed6bb0c9170c58065944c56e28a33?s=96&d=mm&r=g\",\"url\":\"https:\\\/\\\/secure.gravatar.com\\\/avatar\\\/3ee4e82f93b26de0a7cf4ea5eb7893da637ed6bb0c9170c58065944c56e28a33?s=96&d=mm&r=g\",\"contentUrl\":\"https:\\\/\\\/secure.gravatar.com\\\/avatar\\\/3ee4e82f93b26de0a7cf4ea5eb7893da637ed6bb0c9170c58065944c56e28a33?s=96&d=mm&r=g\",\"caption\":\"Gustavo Silva\"},\"url\":\"https:\\\/\\\/redenoticiaz.com.br\\\/litoralsp\\\/author\\\/gustavosilva\"}]}<\/script>\n<!-- \/ Yoast SEO plugin. -->","yoast_head_json":{"title":"Jovem que atuava no tr\u00e1fico da regi\u00e3o \u00e9 preso em Guaruj\u00e1 - Litoral SP","description":"Um jovem que atuava no tr\u00e1fico da regi\u00e3o foi preso em Guaruj\u00e1 na tarde desta \u00faltima segunda-feira (28) durante patrulhamento pela comunidade Morrinhos.","robots":{"index":"index","follow":"follow","max-snippet":"max-snippet:-1","max-image-preview":"max-image-preview:large","max-video-preview":"max-video-preview:-1"},"canonical":"https:\/\/redenoticiaz.com.br\/litoralsp\/2022\/11\/29\/jovem-que-atuava-no-trafico-da-regiao-e-preso-em-guaruja","og_locale":"pt_BR","og_type":"article","og_title":"Jovem que atuava no tr\u00e1fico da regi\u00e3o \u00e9 preso em Guaruj\u00e1 - Litoral SP","og_description":"Um jovem que atuava no tr\u00e1fico da regi\u00e3o foi preso em Guaruj\u00e1 na tarde desta \u00faltima segunda-feira (28) durante patrulhamento pela comunidade Morrinhos.","og_url":"https:\/\/redenoticiaz.com.br\/litoralsp\/2022\/11\/29\/jovem-que-atuava-no-trafico-da-regiao-e-preso-em-guaruja","og_site_name":"Litoral SP","article_published_time":"2022-11-29T18:53:16+00:00","og_image":[{"width":905,"height":725,"url":"https:\/\/redenoticiaz.com.br\/litoralsp\/wp-content\/uploads\/sites\/3\/2022\/11\/WhatsApp-Image-2022-11-29-at-15.23.43.jpeg","type":"image\/jpeg"}],"author":"Gustavo Silva","twitter_card":"summary_large_image","twitter_misc":{"Escrito por":"Gustavo Silva","Est. tempo de leitura":"1 minuto"},"schema":{"@context":"https:\/\/schema.org","@graph":[{"@type":"Article","@id":"https:\/\/redenoticiaz.com.br\/litoralsp\/2022\/11\/29\/jovem-que-atuava-no-trafico-da-regiao-e-preso-em-guaruja#article","isPartOf":{"@id":"https:\/\/redenoticiaz.com.br\/litoralsp\/2022\/11\/29\/jovem-que-atuava-no-trafico-da-regiao-e-preso-em-guaruja"},"author":{"name":"Gustavo Silva","@id":"https:\/\/redenoticiaz.com.br\/litoralsp\/#\/schema\/person\/16057b37a3c0ee6b096d7f887c566e2e"},"headline":"Jovem que atuava no tr\u00e1fico da regi\u00e3o \u00e9 preso em Guaruj\u00e1","datePublished":"2022-11-29T18:53:16+00:00","mainEntityOfPage":{"@id":"https:\/\/redenoticiaz.com.br\/litoralsp\/2022\/11\/29\/jovem-que-atuava-no-trafico-da-regiao-e-preso-em-guaruja"},"wordCount":170,"commentCount":0,"publisher":{"@id":"https:\/\/redenoticiaz.com.br\/litoralsp\/#organization"},"image":{"@id":"https:\/\/redenoticiaz.com.br\/litoralsp\/2022\/11\/29\/jovem-que-atuava-no-trafico-da-regiao-e-preso-em-guaruja#primaryimage"},"thumbnailUrl":"https:\/\/redenoticiaz.com.br\/litoralsp\/wp-content\/uploads\/sites\/3\/2022\/11\/WhatsApp-Image-2022-11-29-at-15.23.43.jpeg","keywords":["2\u00ba BAEP","Distrito Policial","Guaruj\u00e1","MORRINHOS"],"articleSection":["Guaruj\u00e1"],"inLanguage":"pt-BR","potentialAction":[{"@type":"CommentAction","name":"Comment","target":["https:\/\/redenoticiaz.com.br\/litoralsp\/2022\/11\/29\/jovem-que-atuava-no-trafico-da-regiao-e-preso-em-guaruja#respond"]}]},{"@type":"WebPage","@id":"https:\/\/redenoticiaz.com.br\/litoralsp\/2022\/11\/29\/jovem-que-atuava-no-trafico-da-regiao-e-preso-em-guaruja","url":"https:\/\/redenoticiaz.com.br\/litoralsp\/2022\/11\/29\/jovem-que-atuava-no-trafico-da-regiao-e-preso-em-guaruja","name":"Jovem que atuava no tr\u00e1fico da regi\u00e3o \u00e9 preso em Guaruj\u00e1 - Litoral SP","isPartOf":{"@id":"https:\/\/redenoticiaz.com.br\/litoralsp\/#website"},"primaryImageOfPage":{"@id":"https:\/\/redenoticiaz.com.br\/litoralsp\/2022\/11\/29\/jovem-que-atuava-no-trafico-da-regiao-e-preso-em-guaruja#primaryimage"},"image":{"@id":"https:\/\/redenoticiaz.com.br\/litoralsp\/2022\/11\/29\/jovem-que-atuava-no-trafico-da-regiao-e-preso-em-guaruja#primaryimage"},"thumbnailUrl":"https:\/\/redenoticiaz.com.br\/litoralsp\/wp-content\/uploads\/sites\/3\/2022\/11\/WhatsApp-Image-2022-11-29-at-15.23.43.jpeg","datePublished":"2022-11-29T18:53:16+00:00","description":"Um jovem que atuava no tr\u00e1fico da regi\u00e3o foi preso em Guaruj\u00e1 na tarde desta \u00faltima segunda-feira (28) durante patrulhamento pela comunidade Morrinhos.","inLanguage":"pt-BR","potentialAction":[{"@type":"ReadAction","target":["https:\/\/redenoticiaz.com.br\/litoralsp\/2022\/11\/29\/jovem-que-atuava-no-trafico-da-regiao-e-preso-em-guaruja"]}]},{"@type":"ImageObject","inLanguage":"pt-BR","@id":"https:\/\/redenoticiaz.com.br\/litoralsp\/2022\/11\/29\/jovem-que-atuava-no-trafico-da-regiao-e-preso-em-guaruja#primaryimage","url":"https:\/\/redenoticiaz.com.br\/litoralsp\/wp-content\/uploads\/sites\/3\/2022\/11\/WhatsApp-Image-2022-11-29-at-15.23.43.jpeg","contentUrl":"https:\/\/redenoticiaz.com.br\/litoralsp\/wp-content\/uploads\/sites\/3\/2022\/11\/WhatsApp-Image-2022-11-29-at-15.23.43.jpeg","width":905,"height":725,"caption":"Jovem que atuava no tr\u00e1fico da regi\u00e3o \u00e9 preso em Guaruj\u00e1"},{"@type":"WebSite","@id":"https:\/\/redenoticiaz.com.br\/litoralsp\/#website","url":"https:\/\/redenoticiaz.com.br\/litoralsp\/","name":"Litoral SP","description":"Rede NoticiaZ","publisher":{"@id":"https:\/\/redenoticiaz.com.br\/litoralsp\/#organization"},"potentialAction":[{"@type":"SearchAction","target":{"@type":"EntryPoint","urlTemplate":"https:\/\/redenoticiaz.com.br\/litoralsp\/?s={search_term_string}"},"query-input":{"@type":"PropertyValueSpecification","valueRequired":true,"valueName":"search_term_string"}}],"inLanguage":"pt-BR"},{"@type":"Organization","@id":"https:\/\/redenoticiaz.com.br\/litoralsp\/#organization","name":"Litoral SP","url":"https:\/\/redenoticiaz.com.br\/litoralsp\/","logo":{"@type":"ImageObject","inLanguage":"pt-BR","@id":"https:\/\/redenoticiaz.com.br\/litoralsp\/#\/schema\/logo\/image\/","url":"https:\/\/redenoticiaz.com.br\/litoralsp\/wp-content\/uploads\/sites\/3\/2020\/11\/logo.jpg","contentUrl":"https:\/\/redenoticiaz.com.br\/litoralsp\/wp-content\/uploads\/sites\/3\/2020\/11\/logo.jpg","width":400,"height":250,"caption":"Litoral SP"},"image":{"@id":"https:\/\/redenoticiaz.com.br\/litoralsp\/#\/schema\/logo\/image\/"}},{"@type":"Person","@id":"https:\/\/redenoticiaz.com.br\/litoralsp\/#\/schema\/person\/16057b37a3c0ee6b096d7f887c566e2e","name":"Gustavo Silva","image":{"@type":"ImageObject","inLanguage":"pt-BR","@id":"https:\/\/secure.gravatar.com\/avatar\/3ee4e82f93b26de0a7cf4ea5eb7893da637ed6bb0c9170c58065944c56e28a33?s=96&d=mm&r=g","url":"https:\/\/secure.gravatar.com\/avatar\/3ee4e82f93b26de0a7cf4ea5eb7893da637ed6bb0c9170c58065944c56e28a33?s=96&d=mm&r=g","contentUrl":"https:\/\/secure.gravatar.com\/avatar\/3ee4e82f93b26de0a7cf4ea5eb7893da637ed6bb0c9170c58065944c56e28a33?s=96&d=mm&r=g","caption":"Gustavo Silva"},"url":"https:\/\/redenoticiaz.com.br\/litoralsp\/author\/gustavosilva"}]}},"_links":{"self":[{"href":"https:\/\/redenoticiaz.com.br\/litoralsp\/wp-json\/wp\/v2\/posts\/96099","targetHints":{"allow":["GET"]}}],"collection":[{"href":"https:\/\/redenoticiaz.com.br\/litoralsp\/wp-json\/wp\/v2\/posts"}],"about":[{"href":"https:\/\/redenoticiaz.com.br\/litoralsp\/wp-json\/wp\/v2\/types\/post"}],"author":[{"embeddable":true,"href":"https:\/\/redenoticiaz.com.br\/litoralsp\/wp-json\/wp\/v2\/users\/12"}],"replies":[{"embeddable":true,"href":"https:\/\/redenoticiaz.com.br\/litoralsp\/wp-json\/wp\/v2\/comments?post=96099"}],"version-history":[{"count":1,"href":"https:\/\/redenoticiaz.com.br\/litoralsp\/wp-json\/wp\/v2\/posts\/96099\/revisions"}],"predecessor-version":[{"id":96104,"href":"https:\/\/redenoticiaz.com.br\/litoralsp\/wp-json\/wp\/v2\/posts\/96099\/revisions\/96104"}],"wp:featuredmedia":[{"embeddable":true,"href":"https:\/\/redenoticiaz.com.br\/litoralsp\/wp-json\/wp\/v2\/media\/96103"}],"wp:attachment":[{"href":"https:\/\/redenoticiaz.com.br\/litoralsp\/wp-json\/wp\/v2\/media?parent=96099"}],"wp:term":[{"taxonomy":"category","embeddable":true,"href":"https:\/\/redenoticiaz.com.br\/litoralsp\/wp-json\/wp\/v2\/categories?post=96099"},{"taxonomy":"post_tag","embeddable":true,"href":"https:\/\/redenoticiaz.com.br\/litoralsp\/wp-json\/wp\/v2\/tags?post=96099"}],"curies":[{"name":"wp","href":"https:\/\/api.w.org\/{rel}","templated":true}]}}