{"id":96102,"date":"2022-11-29T16:09:55","date_gmt":"2022-11-29T19:09:55","guid":{"rendered":"https:\/\/redenoticiaz.com.br\/litoralsp\/?p=96102"},"modified":"2022-11-29T16:09:55","modified_gmt":"2022-11-29T19:09:55","slug":"caravana-coca-cola-passara-por-praia-grande-sao-vicente-santos-e-cubatao","status":"publish","type":"post","link":"https:\/\/redenoticiaz.com.br\/litoralsp\/2022\/11\/29\/caravana-coca-cola-passara-por-praia-grande-sao-vicente-santos-e-cubatao","title":{"rendered":"Caravana Coca-Cola passar\u00e1 por Praia Grande, S\u00e3o Vicente, Santos e Cubat\u00e3o"},"content":{"rendered":"<p>A Coca-Cola levar\u00e1 suas caravanas iluminadas para as ruas de Praia Grande, S\u00e3o Vicente, Santos e Cubat\u00e3o nos dias 6 e 7 de dezembro.<\/p>\n<p>Cubat\u00e3o e Praia Grande recebem a caravana no dia 6, a partir das 20 horas; e Santos e S\u00e3o Vicente recebem a caravana no dia 7, a partir das 19h30.<\/p>\n<h4>Confira a rota dos caminh\u00f5es nas quatro cidades:<\/h4>\n<p>\u2022 CUBAT\u00c3O<br \/>\nDia 06, a partir das 18h:<br \/>\n&#8211; Sa\u00edda da Sede da Coca-Cola na Avenida Bandeirantes (Piratininga)<br \/>\n&#8211; Segue pela Avenida Tancredo Neves (Vila S\u00e3o Jos\u00e9)<br \/>\n&#8211; Segue pela Avenida Nove de Abril (em dire\u00e7\u00e3o ao Polo Industrial)<br \/>\n&#8211; Faz o retorno no Cruzeiro Quinhentista;<br \/>\n&#8211; Segue novamente pela Avenida Nove de Abril (em dire\u00e7\u00e3o a Vila Nova)<br \/>\n&#8211; Vira na Avenida Martins Fontes<br \/>\n&#8211; Segue at\u00e9 Rua Arlindo Leandro (lateral do Supermercado Rede Krill Cubat\u00e3o);<\/p>\n<p>\u2022 PRAIA GRANDE<br \/>\nDia 06, a partir das 20h:<br \/>\nSa\u00edda do Boqueir\u00e3o \u00e0s 20h<br \/>\nAv. Pres. Castelo Branco, Guilhermina<br \/>\nAv. Osasco<br \/>\nAv. Presidente Kennedy, Vila Tupi<br \/>\nAv. Mal. Mallet, Canto do Forte<\/p>\n<p>\u2022 S\u00c3O VICENTE E SANTOS<br \/>\nDia 07, a partir das 19h30:<br \/>\nSa\u00edda do Telef\u00e9rico de S\u00e3o Vicente, Itarar\u00e9<br \/>\nAv. Newton Prado, Morro dos Barbosas<br \/>\nAv. Pres. Wilson.<br \/>\nAvenida Afonso Pena &#8211; Macuco<br \/>\nRua Tolentino Filgueiras &#8211; Gonzaga<br \/>\nBR-050 &#8211; Vila Belmiro e Sabo\u00f3<br \/>\nSede da Coca-Cola (Av. Bandeirantes, 598, Piratininga).<\/p>\n<p>A pr\u00f3pria empresa ressalta que as rotas est\u00e3o sujeitas a altera\u00e7\u00e3o sem aviso.<\/p>\n<p><strong>Leia mais<\/strong><\/p>\n<p><a href=\"https:\/\/redenoticiaz.com.br\/litoralsp\/2022\/11\/25\/praia-grande-tera-novo-shopping-inaugurado-em-janeiro-de-2023\">Praia Grande ter\u00e1 novo shopping inaugurado em janeiro de 2023<\/a><\/p>\n","protected":false},"excerpt":{"rendered":"<p>A Coca-Cola levar\u00e1 suas caravanas iluminadas para as ruas de Praia Grande, S\u00e3o Vicente, Santos e Cubat\u00e3o nos dias 6 e 7 de dezembro. Cubat\u00e3o e Praia Grande recebem a caravana no dia 6, a partir das 20 horas; e Santos e S\u00e3o Vicente recebem a caravana no dia 7, a partir das 19h30. Confira &hellip;<\/p>\n","protected":false},"author":12,"featured_media":96106,"comment_status":"open","ping_status":"closed","sticky":false,"template":"","format":"standard","meta":{"footnotes":""},"categories":[10278,186,182,180,188],"tags":[61351,61350,60667],"class_list":["post-96102","post","type-post","status-publish","format-standard","has-post-thumbnail","hentry","category-cidadania","category-cubatao","category-praia-grande","category-santos","category-sao-sebastiao","tag-caminhao-da-coca-cola","tag-caravana-coca-cola","tag-coca-cola"],"yoast_head":"<!-- This site is optimized with the Yoast SEO plugin v27.5 - https:\/\/yoast.com\/product\/yoast-seo-wordpress\/ -->\n<title>Caravana Coca-Cola passar\u00e1 por Praia Grande, S\u00e3o Vicente, Santos e Cubat\u00e3o - Litoral SP<\/title>\n<meta name=\"description\" content=\"A Coca-Cola levar\u00e1 suas caravanas iluminadas para as ruas de Praia Grande, S\u00e3o Vicente, Santos e Cubat\u00e3o nos dias 6 e 7 de dezembro.\" \/>\n<meta name=\"robots\" content=\"index, follow, max-snippet:-1, max-image-preview:large, max-video-preview:-1\" \/>\n<link rel=\"canonical\" href=\"https:\/\/redenoticiaz.com.br\/litoralsp\/2022\/11\/29\/caravana-coca-cola-passara-por-praia-grande-sao-vicente-santos-e-cubatao\" \/>\n<meta property=\"og:locale\" content=\"pt_BR\" \/>\n<meta property=\"og:type\" content=\"article\" \/>\n<meta property=\"og:title\" content=\"Caravana Coca-Cola passar\u00e1 por Praia Grande, S\u00e3o Vicente, Santos e Cubat\u00e3o - Litoral SP\" \/>\n<meta property=\"og:description\" content=\"A Coca-Cola levar\u00e1 suas caravanas iluminadas para as ruas de Praia Grande, S\u00e3o Vicente, Santos e Cubat\u00e3o nos dias 6 e 7 de dezembro.\" \/>\n<meta property=\"og:url\" content=\"https:\/\/redenoticiaz.com.br\/litoralsp\/2022\/11\/29\/caravana-coca-cola-passara-por-praia-grande-sao-vicente-santos-e-cubatao\" \/>\n<meta property=\"og:site_name\" content=\"Litoral SP\" \/>\n<meta property=\"article:published_time\" content=\"2022-11-29T19:09:55+00:00\" \/>\n<meta property=\"og:image\" content=\"https:\/\/redenoticiaz.com.br\/litoralsp\/wp-content\/uploads\/sites\/3\/2022\/11\/imagem_release_1519462.jpg\" \/>\n\t<meta property=\"og:image:width\" content=\"1417\" \/>\n\t<meta property=\"og:image:height\" content=\"935\" \/>\n\t<meta property=\"og:image:type\" content=\"image\/jpeg\" \/>\n<meta name=\"author\" content=\"Gustavo Silva\" \/>\n<meta name=\"twitter:card\" content=\"summary_large_image\" \/>\n<meta name=\"twitter:label1\" content=\"Escrito por\" \/>\n\t<meta name=\"twitter:data1\" content=\"Gustavo Silva\" \/>\n\t<meta name=\"twitter:label2\" content=\"Est. tempo de leitura\" \/>\n\t<meta name=\"twitter:data2\" content=\"2 minutos\" \/>\n<script type=\"application\/ld+json\" class=\"yoast-schema-graph\">{\"@context\":\"https:\\\/\\\/schema.org\",\"@graph\":[{\"@type\":\"Article\",\"@id\":\"https:\\\/\\\/redenoticiaz.com.br\\\/litoralsp\\\/2022\\\/11\\\/29\\\/caravana-coca-cola-passara-por-praia-grande-sao-vicente-santos-e-cubatao#article\",\"isPartOf\":{\"@id\":\"https:\\\/\\\/redenoticiaz.com.br\\\/litoralsp\\\/2022\\\/11\\\/29\\\/caravana-coca-cola-passara-por-praia-grande-sao-vicente-santos-e-cubatao\"},\"author\":{\"name\":\"Gustavo Silva\",\"@id\":\"https:\\\/\\\/redenoticiaz.com.br\\\/litoralsp\\\/#\\\/schema\\\/person\\\/16057b37a3c0ee6b096d7f887c566e2e\"},\"headline\":\"Caravana Coca-Cola passar\u00e1 por Praia Grande, S\u00e3o Vicente, Santos e Cubat\u00e3o\",\"datePublished\":\"2022-11-29T19:09:55+00:00\",\"mainEntityOfPage\":{\"@id\":\"https:\\\/\\\/redenoticiaz.com.br\\\/litoralsp\\\/2022\\\/11\\\/29\\\/caravana-coca-cola-passara-por-praia-grande-sao-vicente-santos-e-cubatao\"},\"wordCount\":266,\"commentCount\":0,\"publisher\":{\"@id\":\"https:\\\/\\\/redenoticiaz.com.br\\\/litoralsp\\\/#organization\"},\"image\":{\"@id\":\"https:\\\/\\\/redenoticiaz.com.br\\\/litoralsp\\\/2022\\\/11\\\/29\\\/caravana-coca-cola-passara-por-praia-grande-sao-vicente-santos-e-cubatao#primaryimage\"},\"thumbnailUrl\":\"https:\\\/\\\/redenoticiaz.com.br\\\/litoralsp\\\/wp-content\\\/uploads\\\/sites\\\/3\\\/2022\\\/11\\\/imagem_release_1519462.jpg\",\"keywords\":[\"CAMINH\u00c3O DA COCA-COLA\",\"Caravana Coca-Cola\",\"Coca-Cola\"],\"articleSection\":[\"Cidadania\",\"Cubat\u00e3o\",\"Praia Grande\",\"Santos\",\"S\u00e3o Sebasti\u00e3o\"],\"inLanguage\":\"pt-BR\",\"potentialAction\":[{\"@type\":\"CommentAction\",\"name\":\"Comment\",\"target\":[\"https:\\\/\\\/redenoticiaz.com.br\\\/litoralsp\\\/2022\\\/11\\\/29\\\/caravana-coca-cola-passara-por-praia-grande-sao-vicente-santos-e-cubatao#respond\"]}]},{\"@type\":\"WebPage\",\"@id\":\"https:\\\/\\\/redenoticiaz.com.br\\\/litoralsp\\\/2022\\\/11\\\/29\\\/caravana-coca-cola-passara-por-praia-grande-sao-vicente-santos-e-cubatao\",\"url\":\"https:\\\/\\\/redenoticiaz.com.br\\\/litoralsp\\\/2022\\\/11\\\/29\\\/caravana-coca-cola-passara-por-praia-grande-sao-vicente-santos-e-cubatao\",\"name\":\"Caravana Coca-Cola passar\u00e1 por Praia Grande, S\u00e3o Vicente, Santos e Cubat\u00e3o - Litoral SP\",\"isPartOf\":{\"@id\":\"https:\\\/\\\/redenoticiaz.com.br\\\/litoralsp\\\/#website\"},\"primaryImageOfPage\":{\"@id\":\"https:\\\/\\\/redenoticiaz.com.br\\\/litoralsp\\\/2022\\\/11\\\/29\\\/caravana-coca-cola-passara-por-praia-grande-sao-vicente-santos-e-cubatao#primaryimage\"},\"image\":{\"@id\":\"https:\\\/\\\/redenoticiaz.com.br\\\/litoralsp\\\/2022\\\/11\\\/29\\\/caravana-coca-cola-passara-por-praia-grande-sao-vicente-santos-e-cubatao#primaryimage\"},\"thumbnailUrl\":\"https:\\\/\\\/redenoticiaz.com.br\\\/litoralsp\\\/wp-content\\\/uploads\\\/sites\\\/3\\\/2022\\\/11\\\/imagem_release_1519462.jpg\",\"datePublished\":\"2022-11-29T19:09:55+00:00\",\"description\":\"A Coca-Cola levar\u00e1 suas caravanas iluminadas para as ruas de Praia Grande, S\u00e3o Vicente, Santos e Cubat\u00e3o nos dias 6 e 7 de dezembro.\",\"inLanguage\":\"pt-BR\",\"potentialAction\":[{\"@type\":\"ReadAction\",\"target\":[\"https:\\\/\\\/redenoticiaz.com.br\\\/litoralsp\\\/2022\\\/11\\\/29\\\/caravana-coca-cola-passara-por-praia-grande-sao-vicente-santos-e-cubatao\"]}]},{\"@type\":\"ImageObject\",\"inLanguage\":\"pt-BR\",\"@id\":\"https:\\\/\\\/redenoticiaz.com.br\\\/litoralsp\\\/2022\\\/11\\\/29\\\/caravana-coca-cola-passara-por-praia-grande-sao-vicente-santos-e-cubatao#primaryimage\",\"url\":\"https:\\\/\\\/redenoticiaz.com.br\\\/litoralsp\\\/wp-content\\\/uploads\\\/sites\\\/3\\\/2022\\\/11\\\/imagem_release_1519462.jpg\",\"contentUrl\":\"https:\\\/\\\/redenoticiaz.com.br\\\/litoralsp\\\/wp-content\\\/uploads\\\/sites\\\/3\\\/2022\\\/11\\\/imagem_release_1519462.jpg\",\"width\":1417,\"height\":935,\"caption\":\"Caravana Coca-Cola passar\u00e1 por Praia Grande, S\u00e3o Vicente, Santos e Cubat\u00e3o\"},{\"@type\":\"WebSite\",\"@id\":\"https:\\\/\\\/redenoticiaz.com.br\\\/litoralsp\\\/#website\",\"url\":\"https:\\\/\\\/redenoticiaz.com.br\\\/litoralsp\\\/\",\"name\":\"Litoral SP\",\"description\":\"Rede NoticiaZ\",\"publisher\":{\"@id\":\"https:\\\/\\\/redenoticiaz.com.br\\\/litoralsp\\\/#organization\"},\"potentialAction\":[{\"@type\":\"SearchAction\",\"target\":{\"@type\":\"EntryPoint\",\"urlTemplate\":\"https:\\\/\\\/redenoticiaz.com.br\\\/litoralsp\\\/?s={search_term_string}\"},\"query-input\":{\"@type\":\"PropertyValueSpecification\",\"valueRequired\":true,\"valueName\":\"search_term_string\"}}],\"inLanguage\":\"pt-BR\"},{\"@type\":\"Organization\",\"@id\":\"https:\\\/\\\/redenoticiaz.com.br\\\/litoralsp\\\/#organization\",\"name\":\"Litoral SP\",\"url\":\"https:\\\/\\\/redenoticiaz.com.br\\\/litoralsp\\\/\",\"logo\":{\"@type\":\"ImageObject\",\"inLanguage\":\"pt-BR\",\"@id\":\"https:\\\/\\\/redenoticiaz.com.br\\\/litoralsp\\\/#\\\/schema\\\/logo\\\/image\\\/\",\"url\":\"https:\\\/\\\/redenoticiaz.com.br\\\/litoralsp\\\/wp-content\\\/uploads\\\/sites\\\/3\\\/2020\\\/11\\\/logo.jpg\",\"contentUrl\":\"https:\\\/\\\/redenoticiaz.com.br\\\/litoralsp\\\/wp-content\\\/uploads\\\/sites\\\/3\\\/2020\\\/11\\\/logo.jpg\",\"width\":400,\"height\":250,\"caption\":\"Litoral SP\"},\"image\":{\"@id\":\"https:\\\/\\\/redenoticiaz.com.br\\\/litoralsp\\\/#\\\/schema\\\/logo\\\/image\\\/\"}},{\"@type\":\"Person\",\"@id\":\"https:\\\/\\\/redenoticiaz.com.br\\\/litoralsp\\\/#\\\/schema\\\/person\\\/16057b37a3c0ee6b096d7f887c566e2e\",\"name\":\"Gustavo Silva\",\"image\":{\"@type\":\"ImageObject\",\"inLanguage\":\"pt-BR\",\"@id\":\"https:\\\/\\\/secure.gravatar.com\\\/avatar\\\/3ee4e82f93b26de0a7cf4ea5eb7893da637ed6bb0c9170c58065944c56e28a33?s=96&d=mm&r=g\",\"url\":\"https:\\\/\\\/secure.gravatar.com\\\/avatar\\\/3ee4e82f93b26de0a7cf4ea5eb7893da637ed6bb0c9170c58065944c56e28a33?s=96&d=mm&r=g\",\"contentUrl\":\"https:\\\/\\\/secure.gravatar.com\\\/avatar\\\/3ee4e82f93b26de0a7cf4ea5eb7893da637ed6bb0c9170c58065944c56e28a33?s=96&d=mm&r=g\",\"caption\":\"Gustavo Silva\"},\"url\":\"https:\\\/\\\/redenoticiaz.com.br\\\/litoralsp\\\/author\\\/gustavosilva\"}]}<\/script>\n<!-- \/ Yoast SEO plugin. -->","yoast_head_json":{"title":"Caravana Coca-Cola passar\u00e1 por Praia Grande, S\u00e3o Vicente, Santos e Cubat\u00e3o - Litoral SP","description":"A Coca-Cola levar\u00e1 suas caravanas iluminadas para as ruas de Praia Grande, S\u00e3o Vicente, Santos e Cubat\u00e3o nos dias 6 e 7 de dezembro.","robots":{"index":"index","follow":"follow","max-snippet":"max-snippet:-1","max-image-preview":"max-image-preview:large","max-video-preview":"max-video-preview:-1"},"canonical":"https:\/\/redenoticiaz.com.br\/litoralsp\/2022\/11\/29\/caravana-coca-cola-passara-por-praia-grande-sao-vicente-santos-e-cubatao","og_locale":"pt_BR","og_type":"article","og_title":"Caravana Coca-Cola passar\u00e1 por Praia Grande, S\u00e3o Vicente, Santos e Cubat\u00e3o - Litoral SP","og_description":"A Coca-Cola levar\u00e1 suas caravanas iluminadas para as ruas de Praia Grande, S\u00e3o Vicente, Santos e Cubat\u00e3o nos dias 6 e 7 de dezembro.","og_url":"https:\/\/redenoticiaz.com.br\/litoralsp\/2022\/11\/29\/caravana-coca-cola-passara-por-praia-grande-sao-vicente-santos-e-cubatao","og_site_name":"Litoral SP","article_published_time":"2022-11-29T19:09:55+00:00","og_image":[{"width":1417,"height":935,"url":"https:\/\/redenoticiaz.com.br\/litoralsp\/wp-content\/uploads\/sites\/3\/2022\/11\/imagem_release_1519462.jpg","type":"image\/jpeg"}],"author":"Gustavo Silva","twitter_card":"summary_large_image","twitter_misc":{"Escrito por":"Gustavo Silva","Est. tempo de leitura":"2 minutos"},"schema":{"@context":"https:\/\/schema.org","@graph":[{"@type":"Article","@id":"https:\/\/redenoticiaz.com.br\/litoralsp\/2022\/11\/29\/caravana-coca-cola-passara-por-praia-grande-sao-vicente-santos-e-cubatao#article","isPartOf":{"@id":"https:\/\/redenoticiaz.com.br\/litoralsp\/2022\/11\/29\/caravana-coca-cola-passara-por-praia-grande-sao-vicente-santos-e-cubatao"},"author":{"name":"Gustavo Silva","@id":"https:\/\/redenoticiaz.com.br\/litoralsp\/#\/schema\/person\/16057b37a3c0ee6b096d7f887c566e2e"},"headline":"Caravana Coca-Cola passar\u00e1 por Praia Grande, S\u00e3o Vicente, Santos e Cubat\u00e3o","datePublished":"2022-11-29T19:09:55+00:00","mainEntityOfPage":{"@id":"https:\/\/redenoticiaz.com.br\/litoralsp\/2022\/11\/29\/caravana-coca-cola-passara-por-praia-grande-sao-vicente-santos-e-cubatao"},"wordCount":266,"commentCount":0,"publisher":{"@id":"https:\/\/redenoticiaz.com.br\/litoralsp\/#organization"},"image":{"@id":"https:\/\/redenoticiaz.com.br\/litoralsp\/2022\/11\/29\/caravana-coca-cola-passara-por-praia-grande-sao-vicente-santos-e-cubatao#primaryimage"},"thumbnailUrl":"https:\/\/redenoticiaz.com.br\/litoralsp\/wp-content\/uploads\/sites\/3\/2022\/11\/imagem_release_1519462.jpg","keywords":["CAMINH\u00c3O DA COCA-COLA","Caravana Coca-Cola","Coca-Cola"],"articleSection":["Cidadania","Cubat\u00e3o","Praia Grande","Santos","S\u00e3o Sebasti\u00e3o"],"inLanguage":"pt-BR","potentialAction":[{"@type":"CommentAction","name":"Comment","target":["https:\/\/redenoticiaz.com.br\/litoralsp\/2022\/11\/29\/caravana-coca-cola-passara-por-praia-grande-sao-vicente-santos-e-cubatao#respond"]}]},{"@type":"WebPage","@id":"https:\/\/redenoticiaz.com.br\/litoralsp\/2022\/11\/29\/caravana-coca-cola-passara-por-praia-grande-sao-vicente-santos-e-cubatao","url":"https:\/\/redenoticiaz.com.br\/litoralsp\/2022\/11\/29\/caravana-coca-cola-passara-por-praia-grande-sao-vicente-santos-e-cubatao","name":"Caravana Coca-Cola passar\u00e1 por Praia Grande, S\u00e3o Vicente, Santos e Cubat\u00e3o - Litoral SP","isPartOf":{"@id":"https:\/\/redenoticiaz.com.br\/litoralsp\/#website"},"primaryImageOfPage":{"@id":"https:\/\/redenoticiaz.com.br\/litoralsp\/2022\/11\/29\/caravana-coca-cola-passara-por-praia-grande-sao-vicente-santos-e-cubatao#primaryimage"},"image":{"@id":"https:\/\/redenoticiaz.com.br\/litoralsp\/2022\/11\/29\/caravana-coca-cola-passara-por-praia-grande-sao-vicente-santos-e-cubatao#primaryimage"},"thumbnailUrl":"https:\/\/redenoticiaz.com.br\/litoralsp\/wp-content\/uploads\/sites\/3\/2022\/11\/imagem_release_1519462.jpg","datePublished":"2022-11-29T19:09:55+00:00","description":"A Coca-Cola levar\u00e1 suas caravanas iluminadas para as ruas de Praia Grande, S\u00e3o Vicente, Santos e Cubat\u00e3o nos dias 6 e 7 de dezembro.","inLanguage":"pt-BR","potentialAction":[{"@type":"ReadAction","target":["https:\/\/redenoticiaz.com.br\/litoralsp\/2022\/11\/29\/caravana-coca-cola-passara-por-praia-grande-sao-vicente-santos-e-cubatao"]}]},{"@type":"ImageObject","inLanguage":"pt-BR","@id":"https:\/\/redenoticiaz.com.br\/litoralsp\/2022\/11\/29\/caravana-coca-cola-passara-por-praia-grande-sao-vicente-santos-e-cubatao#primaryimage","url":"https:\/\/redenoticiaz.com.br\/litoralsp\/wp-content\/uploads\/sites\/3\/2022\/11\/imagem_release_1519462.jpg","contentUrl":"https:\/\/redenoticiaz.com.br\/litoralsp\/wp-content\/uploads\/sites\/3\/2022\/11\/imagem_release_1519462.jpg","width":1417,"height":935,"caption":"Caravana Coca-Cola passar\u00e1 por Praia Grande, S\u00e3o Vicente, Santos e Cubat\u00e3o"},{"@type":"WebSite","@id":"https:\/\/redenoticiaz.com.br\/litoralsp\/#website","url":"https:\/\/redenoticiaz.com.br\/litoralsp\/","name":"Litoral SP","description":"Rede NoticiaZ","publisher":{"@id":"https:\/\/redenoticiaz.com.br\/litoralsp\/#organization"},"potentialAction":[{"@type":"SearchAction","target":{"@type":"EntryPoint","urlTemplate":"https:\/\/redenoticiaz.com.br\/litoralsp\/?s={search_term_string}"},"query-input":{"@type":"PropertyValueSpecification","valueRequired":true,"valueName":"search_term_string"}}],"inLanguage":"pt-BR"},{"@type":"Organization","@id":"https:\/\/redenoticiaz.com.br\/litoralsp\/#organization","name":"Litoral SP","url":"https:\/\/redenoticiaz.com.br\/litoralsp\/","logo":{"@type":"ImageObject","inLanguage":"pt-BR","@id":"https:\/\/redenoticiaz.com.br\/litoralsp\/#\/schema\/logo\/image\/","url":"https:\/\/redenoticiaz.com.br\/litoralsp\/wp-content\/uploads\/sites\/3\/2020\/11\/logo.jpg","contentUrl":"https:\/\/redenoticiaz.com.br\/litoralsp\/wp-content\/uploads\/sites\/3\/2020\/11\/logo.jpg","width":400,"height":250,"caption":"Litoral SP"},"image":{"@id":"https:\/\/redenoticiaz.com.br\/litoralsp\/#\/schema\/logo\/image\/"}},{"@type":"Person","@id":"https:\/\/redenoticiaz.com.br\/litoralsp\/#\/schema\/person\/16057b37a3c0ee6b096d7f887c566e2e","name":"Gustavo Silva","image":{"@type":"ImageObject","inLanguage":"pt-BR","@id":"https:\/\/secure.gravatar.com\/avatar\/3ee4e82f93b26de0a7cf4ea5eb7893da637ed6bb0c9170c58065944c56e28a33?s=96&d=mm&r=g","url":"https:\/\/secure.gravatar.com\/avatar\/3ee4e82f93b26de0a7cf4ea5eb7893da637ed6bb0c9170c58065944c56e28a33?s=96&d=mm&r=g","contentUrl":"https:\/\/secure.gravatar.com\/avatar\/3ee4e82f93b26de0a7cf4ea5eb7893da637ed6bb0c9170c58065944c56e28a33?s=96&d=mm&r=g","caption":"Gustavo Silva"},"url":"https:\/\/redenoticiaz.com.br\/litoralsp\/author\/gustavosilva"}]}},"_links":{"self":[{"href":"https:\/\/redenoticiaz.com.br\/litoralsp\/wp-json\/wp\/v2\/posts\/96102","targetHints":{"allow":["GET"]}}],"collection":[{"href":"https:\/\/redenoticiaz.com.br\/litoralsp\/wp-json\/wp\/v2\/posts"}],"about":[{"href":"https:\/\/redenoticiaz.com.br\/litoralsp\/wp-json\/wp\/v2\/types\/post"}],"author":[{"embeddable":true,"href":"https:\/\/redenoticiaz.com.br\/litoralsp\/wp-json\/wp\/v2\/users\/12"}],"replies":[{"embeddable":true,"href":"https:\/\/redenoticiaz.com.br\/litoralsp\/wp-json\/wp\/v2\/comments?post=96102"}],"version-history":[{"count":1,"href":"https:\/\/redenoticiaz.com.br\/litoralsp\/wp-json\/wp\/v2\/posts\/96102\/revisions"}],"predecessor-version":[{"id":96107,"href":"https:\/\/redenoticiaz.com.br\/litoralsp\/wp-json\/wp\/v2\/posts\/96102\/revisions\/96107"}],"wp:featuredmedia":[{"embeddable":true,"href":"https:\/\/redenoticiaz.com.br\/litoralsp\/wp-json\/wp\/v2\/media\/96106"}],"wp:attachment":[{"href":"https:\/\/redenoticiaz.com.br\/litoralsp\/wp-json\/wp\/v2\/media?parent=96102"}],"wp:term":[{"taxonomy":"category","embeddable":true,"href":"https:\/\/redenoticiaz.com.br\/litoralsp\/wp-json\/wp\/v2\/categories?post=96102"},{"taxonomy":"post_tag","embeddable":true,"href":"https:\/\/redenoticiaz.com.br\/litoralsp\/wp-json\/wp\/v2\/tags?post=96102"}],"curies":[{"name":"wp","href":"https:\/\/api.w.org\/{rel}","templated":true}]}}