{"id":96146,"date":"2022-11-30T08:07:29","date_gmt":"2022-11-30T11:07:29","guid":{"rendered":"https:\/\/redenoticiaz.com.br\/litoralsp\/?p=96146"},"modified":"2022-11-30T08:07:29","modified_gmt":"2022-11-30T11:07:29","slug":"homem-e-preso-por-cometer-agressao-e-homofobia-dentro-de-instituto-de-beleza","status":"publish","type":"post","link":"https:\/\/redenoticiaz.com.br\/litoralsp\/2022\/11\/30\/homem-e-preso-por-cometer-agressao-e-homofobia-dentro-de-instituto-de-beleza","title":{"rendered":"Homem \u00e9 preso por cometer agress\u00e3o e homofobia dentro de instituto de beleza"},"content":{"rendered":"<div id=\"chunk-6bml\">\n<div class=\"mc-column content-text active-extra-styles \" data-block-type=\"unstyled\" data-block-weight=\"58\" data-block-id=\"3\">\n<p class=\"content-text__container \" data-track-category=\"Link no Texto\" data-track-links=\"\">A Pol\u00edcia de Praia Grande prendeu um homem acusado de cometer uma s\u00e9rie de <strong>agress\u00f5es e homofobia<\/strong> em um instituto de beleza na cidade. Ele cometeu crimes de dano, inj\u00faria, amea\u00e7a e les\u00e3o corporal no atentado contra um cabeleireiro da escola de beleza. Os policiais descobriram que ele j\u00e1 respondia a pelo menos outros 10 processos em liberdade.<\/p>\n<\/div>\n<\/div>\n<div class=\"wall protected-content\">\n<div id=\"chunk-fbga6\">\n<div class=\"mc-column content-text active-extra-styles \" data-block-type=\"unstyled\" data-block-weight=\"60\" data-block-id=\"4\">\n<p class=\"content-text__container \" data-track-category=\"Link no Texto\" data-track-links=\"\">A v\u00edtima das agress\u00f5es f\u00edsicas e verbais foi o coordenador pedag\u00f3gico do Instituto, Vitor Hugo de Oliveira. Segundo o boletim de ocorr\u00eancia, ele contou que o agressor entrou no instituto perguntando se poderia cortar o cabelo da uma mulher, mas ela n\u00e3o tinha hor\u00e1rio. Foi feito um pedido para que o agressor verificasse a disponibilidade de cortar o cabelo com Vitor.<\/p>\n<div id=\"chunk-8ack1\">\n<div class=\"mc-column content-text active-extra-styles \" data-block-type=\"unstyled\" data-block-weight=\"58\" data-block-id=\"6\">\n<p class=\"content-text__container \" data-track-category=\"Link no Texto\" data-track-links=\"\">Ap\u00f3s citar a palavra &#8216;senhor&#8217;, ele j\u00e1 surtou e o suspeito alegou que &#8216;senhor&#8217; \u00e9 uma palavra muito feia e deu um soco no queixo. Na sequ\u00eancia, o coordenador do instituto pediu que o agressor se retirasse do local, o que n\u00e3o aconteceu. Ainda segundo a v\u00edtima. o homem disse que, se a pol\u00edcia fosse acionada, ele voltaria ao local para matar o coordenador do instituto.<\/p>\n<\/div>\n<\/div>\n<div id=\"chunk-fe79c\">\n<div class=\"mc-column content-text active-extra-styles \" data-block-type=\"unstyled\" data-block-weight=\"46\" data-block-id=\"7\">\n<p class=\"content-text__container \" data-track-category=\"Link no Texto\" data-track-links=\"\">Al\u00e9m disso, V\u00edtor conta ainda que o agressor pegou uma vassoura, come\u00e7ou a quebrar os espelhos, depois continuou &#8220;o quebra quebra&#8221; utilizando o pedestal de uma lousa. Em meio \u00e0s agress\u00f5es, ele tamb\u00e9m deu uma vassourada em Vitor, que ressalta que tamb\u00e9m sofreu homofobia por parte do homem.<\/p>\n<h3 data-track-category=\"Link no Texto\">Homofobia \u00e9 crime<\/h3>\n<div id=\"chunk-clt9f\">\n<div class=\"mc-column content-text active-extra-styles \" data-block-type=\"unstyled\" data-block-weight=\"35\" data-block-id=\"13\">\n<p class=\"content-text__container \" data-track-category=\"Link no Texto\" data-track-links=\"\">De acordo com advogados, o crime de homofobia \u00e9 legalmente colocado como crime de racismo. Assim, o agressor cometeu crime de inj\u00faria racial ao proferir ataques homof\u00f3bicos.<\/p>\n<\/div>\n<\/div>\n<div id=\"chunk-d4q50\">\n<div class=\"mc-column content-text active-extra-styles \" data-block-type=\"unstyled\" data-block-weight=\"36\" data-block-id=\"14\">\n<p class=\"content-text__container \" data-track-category=\"Link no Texto\" data-track-links=\"\">O agressor j\u00e1 tinha v\u00e1rias passagens pela pol\u00edcia antes do ataque ao Instituto, e a tend\u00eancia \u00e9 que ele responda por novos crimes. entre eles, o dano, inj\u00faria, amea\u00e7a e les\u00e3o corporal, cometidos na escola de beleza.<\/p>\n<\/div>\n<\/div>\n<div id=\"chunk-179ed\">\n<div class=\"mc-column content-text active-extra-styles \" data-block-type=\"unstyled\" data-block-weight=\"48\" data-block-id=\"15\">\n<p class=\"content-text__container \" data-track-category=\"Link no Texto\" data-track-links=\"\"><strong>LEIA TAMB\u00c9M<\/strong><\/p>\n<p data-track-category=\"Link no Texto\" data-track-links=\"\"><a href=\"https:\/\/redenoticiaz.com.br\/litoralsp\/2022\/11\/29\/policia-civil-localiza-cachorro-furtado-de-residencia-em-mongagua-sp\">Pol\u00edcia Civil localiza cachorro furtado de resid\u00eancia em Mongagu\u00e1, SP<\/a><\/p>\n<\/div>\n<\/div>\n<\/div>\n<\/div>\n<\/div>\n<\/div>\n<\/div>\n","protected":false},"excerpt":{"rendered":"<p>A Pol\u00edcia de Praia Grande prendeu um homem acusado de cometer uma s\u00e9rie de agress\u00f5es e homofobia em um instituto de beleza na cidade. Ele cometeu crimes de dano, inj\u00faria, amea\u00e7a e les\u00e3o corporal no atentado contra um cabeleireiro da escola de beleza. Os policiais descobriram que ele j\u00e1 respondia a pelo menos outros 10 &hellip;<\/p>\n","protected":false},"author":6,"featured_media":96147,"comment_status":"open","ping_status":"closed","sticky":false,"template":"","format":"standard","meta":{"footnotes":""},"categories":[10,182],"tags":[1544,6342,39565,61375,1101],"class_list":["post-96146","post","type-post","status-publish","format-standard","has-post-thumbnail","hentry","category-policia","category-praia-grande","tag-agressao","tag-homem-preso","tag-homofobia","tag-instituto-de-beleza","tag-praia-grande"],"yoast_head":"<!-- This site is optimized with the Yoast SEO plugin v28.4 - https:\/\/yoast.com\/product\/yoast-seo-wordpress\/ -->\n<title>Homem \u00e9 preso por cometer agress\u00e3o e homofobia dentro de instituto de beleza - Litoral SP<\/title>\n<meta name=\"description\" content=\"A Pol\u00edcia de Praia Grande prendeu um homem acusado de cometer uma s\u00e9rie de agress\u00f5es e homofobia em um instituto de beleza\" \/>\n<meta name=\"robots\" content=\"index, follow, max-snippet:-1, max-image-preview:large, max-video-preview:-1\" \/>\n<link rel=\"canonical\" href=\"https:\/\/redenoticiaz.com.br\/litoralsp\/2022\/11\/30\/homem-e-preso-por-cometer-agressao-e-homofobia-dentro-de-instituto-de-beleza\" \/>\n<meta property=\"og:locale\" content=\"pt_BR\" \/>\n<meta property=\"og:type\" content=\"article\" \/>\n<meta property=\"og:title\" content=\"Homem \u00e9 preso por cometer agress\u00e3o e homofobia dentro de instituto de beleza - Litoral SP\" \/>\n<meta property=\"og:description\" content=\"A Pol\u00edcia de Praia Grande prendeu um homem acusado de cometer uma s\u00e9rie de agress\u00f5es e homofobia em um instituto de beleza\" \/>\n<meta property=\"og:url\" content=\"https:\/\/redenoticiaz.com.br\/litoralsp\/2022\/11\/30\/homem-e-preso-por-cometer-agressao-e-homofobia-dentro-de-instituto-de-beleza\" \/>\n<meta property=\"og:site_name\" content=\"Litoral SP\" \/>\n<meta property=\"article:published_time\" content=\"2022-11-30T11:07:29+00:00\" \/>\n<meta property=\"og:image\" content=\"https:\/\/redenoticiaz.com.br\/litoralsp\/wp-content\/uploads\/sites\/3\/2022\/11\/INSTITUTO.jpg\" \/>\n\t<meta property=\"og:image:width\" content=\"545\" \/>\n\t<meta property=\"og:image:height\" content=\"294\" \/>\n\t<meta property=\"og:image:type\" content=\"image\/jpeg\" \/>\n<meta name=\"author\" content=\"Leonardo Francisco\" \/>\n<meta name=\"twitter:card\" content=\"summary_large_image\" \/>\n<meta name=\"twitter:label1\" content=\"Escrito por\" \/>\n\t<meta name=\"twitter:data1\" content=\"Leonardo Francisco\" \/>\n\t<meta name=\"twitter:label2\" content=\"Est. tempo de leitura\" \/>\n\t<meta name=\"twitter:data2\" content=\"2 minutos\" \/>\n<script type=\"application\/ld+json\" class=\"yoast-schema-graph\">{\"@context\":\"https:\\\/\\\/schema.org\",\"@graph\":[{\"@type\":\"Article\",\"@id\":\"https:\\\/\\\/redenoticiaz.com.br\\\/litoralsp\\\/2022\\\/11\\\/30\\\/homem-e-preso-por-cometer-agressao-e-homofobia-dentro-de-instituto-de-beleza#article\",\"isPartOf\":{\"@id\":\"https:\\\/\\\/redenoticiaz.com.br\\\/litoralsp\\\/2022\\\/11\\\/30\\\/homem-e-preso-por-cometer-agressao-e-homofobia-dentro-de-instituto-de-beleza\"},\"author\":{\"name\":\"Leonardo Francisco\",\"@id\":\"https:\\\/\\\/redenoticiaz.com.br\\\/litoralsp\\\/#\\\/schema\\\/person\\\/0f0b8a5bdafefe82841e07ae8d81ecb3\"},\"headline\":\"Homem \u00e9 preso por cometer agress\u00e3o e homofobia dentro de instituto de beleza\",\"datePublished\":\"2022-11-30T11:07:29+00:00\",\"mainEntityOfPage\":{\"@id\":\"https:\\\/\\\/redenoticiaz.com.br\\\/litoralsp\\\/2022\\\/11\\\/30\\\/homem-e-preso-por-cometer-agressao-e-homofobia-dentro-de-instituto-de-beleza\"},\"wordCount\":355,\"commentCount\":0,\"publisher\":{\"@id\":\"https:\\\/\\\/redenoticiaz.com.br\\\/litoralsp\\\/#organization\"},\"image\":{\"@id\":\"https:\\\/\\\/redenoticiaz.com.br\\\/litoralsp\\\/2022\\\/11\\\/30\\\/homem-e-preso-por-cometer-agressao-e-homofobia-dentro-de-instituto-de-beleza#primaryimage\"},\"thumbnailUrl\":\"https:\\\/\\\/redenoticiaz.com.br\\\/litoralsp\\\/wp-content\\\/uploads\\\/sites\\\/3\\\/2022\\\/11\\\/INSTITUTO.jpg\",\"keywords\":[\"AGRESS\u00c3O\",\"HOMEM PRESO\",\"HOMOFOBIA\",\"INSTITUTO DE BELEZA\",\"PRAIA GRANDE\"],\"articleSection\":[\"Pol\u00edcia\",\"Praia Grande\"],\"inLanguage\":\"pt-BR\",\"potentialAction\":[{\"@type\":\"CommentAction\",\"name\":\"Comment\",\"target\":[\"https:\\\/\\\/redenoticiaz.com.br\\\/litoralsp\\\/2022\\\/11\\\/30\\\/homem-e-preso-por-cometer-agressao-e-homofobia-dentro-de-instituto-de-beleza#respond\"]}]},{\"@type\":\"WebPage\",\"@id\":\"https:\\\/\\\/redenoticiaz.com.br\\\/litoralsp\\\/2022\\\/11\\\/30\\\/homem-e-preso-por-cometer-agressao-e-homofobia-dentro-de-instituto-de-beleza\",\"url\":\"https:\\\/\\\/redenoticiaz.com.br\\\/litoralsp\\\/2022\\\/11\\\/30\\\/homem-e-preso-por-cometer-agressao-e-homofobia-dentro-de-instituto-de-beleza\",\"name\":\"Homem \u00e9 preso por cometer agress\u00e3o e homofobia dentro de instituto de beleza - Litoral SP\",\"isPartOf\":{\"@id\":\"https:\\\/\\\/redenoticiaz.com.br\\\/litoralsp\\\/#website\"},\"primaryImageOfPage\":{\"@id\":\"https:\\\/\\\/redenoticiaz.com.br\\\/litoralsp\\\/2022\\\/11\\\/30\\\/homem-e-preso-por-cometer-agressao-e-homofobia-dentro-de-instituto-de-beleza#primaryimage\"},\"image\":{\"@id\":\"https:\\\/\\\/redenoticiaz.com.br\\\/litoralsp\\\/2022\\\/11\\\/30\\\/homem-e-preso-por-cometer-agressao-e-homofobia-dentro-de-instituto-de-beleza#primaryimage\"},\"thumbnailUrl\":\"https:\\\/\\\/redenoticiaz.com.br\\\/litoralsp\\\/wp-content\\\/uploads\\\/sites\\\/3\\\/2022\\\/11\\\/INSTITUTO.jpg\",\"datePublished\":\"2022-11-30T11:07:29+00:00\",\"description\":\"A Pol\u00edcia de Praia Grande prendeu um homem acusado de cometer uma s\u00e9rie de agress\u00f5es e homofobia em um instituto de beleza\",\"inLanguage\":\"pt-BR\",\"potentialAction\":[{\"@type\":\"ReadAction\",\"target\":[\"https:\\\/\\\/redenoticiaz.com.br\\\/litoralsp\\\/2022\\\/11\\\/30\\\/homem-e-preso-por-cometer-agressao-e-homofobia-dentro-de-instituto-de-beleza\"]}]},{\"@type\":\"ImageObject\",\"inLanguage\":\"pt-BR\",\"@id\":\"https:\\\/\\\/redenoticiaz.com.br\\\/litoralsp\\\/2022\\\/11\\\/30\\\/homem-e-preso-por-cometer-agressao-e-homofobia-dentro-de-instituto-de-beleza#primaryimage\",\"url\":\"https:\\\/\\\/redenoticiaz.com.br\\\/litoralsp\\\/wp-content\\\/uploads\\\/sites\\\/3\\\/2022\\\/11\\\/INSTITUTO.jpg\",\"contentUrl\":\"https:\\\/\\\/redenoticiaz.com.br\\\/litoralsp\\\/wp-content\\\/uploads\\\/sites\\\/3\\\/2022\\\/11\\\/INSTITUTO.jpg\",\"width\":545,\"height\":294,\"caption\":\"Cr\u00e9ditos: Reprodu\u00e7\u00e3o\\\/TV Tribuna\"},{\"@type\":\"WebSite\",\"@id\":\"https:\\\/\\\/redenoticiaz.com.br\\\/litoralsp\\\/#website\",\"url\":\"https:\\\/\\\/redenoticiaz.com.br\\\/litoralsp\\\/\",\"name\":\"Litoral SP\",\"description\":\"Rede NoticiaZ\",\"publisher\":{\"@id\":\"https:\\\/\\\/redenoticiaz.com.br\\\/litoralsp\\\/#organization\"},\"potentialAction\":[{\"@type\":\"SearchAction\",\"target\":{\"@type\":\"EntryPoint\",\"urlTemplate\":\"https:\\\/\\\/redenoticiaz.com.br\\\/litoralsp\\\/?s={search_term_string}\"},\"query-input\":{\"@type\":\"PropertyValueSpecification\",\"valueRequired\":true,\"valueName\":\"search_term_string\"}}],\"inLanguage\":\"pt-BR\"},{\"@type\":\"Organization\",\"@id\":\"https:\\\/\\\/redenoticiaz.com.br\\\/litoralsp\\\/#organization\",\"name\":\"Litoral SP\",\"url\":\"https:\\\/\\\/redenoticiaz.com.br\\\/litoralsp\\\/\",\"logo\":{\"@type\":\"ImageObject\",\"inLanguage\":\"pt-BR\",\"@id\":\"https:\\\/\\\/redenoticiaz.com.br\\\/litoralsp\\\/#\\\/schema\\\/logo\\\/image\\\/\",\"url\":\"https:\\\/\\\/redenoticiaz.com.br\\\/litoralsp\\\/wp-content\\\/uploads\\\/sites\\\/3\\\/2020\\\/11\\\/logo.jpg\",\"contentUrl\":\"https:\\\/\\\/redenoticiaz.com.br\\\/litoralsp\\\/wp-content\\\/uploads\\\/sites\\\/3\\\/2020\\\/11\\\/logo.jpg\",\"width\":400,\"height\":250,\"caption\":\"Litoral SP\"},\"image\":{\"@id\":\"https:\\\/\\\/redenoticiaz.com.br\\\/litoralsp\\\/#\\\/schema\\\/logo\\\/image\\\/\"}},{\"@type\":\"Person\",\"@id\":\"https:\\\/\\\/redenoticiaz.com.br\\\/litoralsp\\\/#\\\/schema\\\/person\\\/0f0b8a5bdafefe82841e07ae8d81ecb3\",\"name\":\"Leonardo Francisco\",\"image\":{\"@type\":\"ImageObject\",\"inLanguage\":\"pt-BR\",\"@id\":\"https:\\\/\\\/secure.gravatar.com\\\/avatar\\\/a7358cb406a99b682ec6df1e77e31ae82e63601f6784e8a3df411d72b37864da?s=96&d=mm&r=g\",\"url\":\"https:\\\/\\\/secure.gravatar.com\\\/avatar\\\/a7358cb406a99b682ec6df1e77e31ae82e63601f6784e8a3df411d72b37864da?s=96&d=mm&r=g\",\"contentUrl\":\"https:\\\/\\\/secure.gravatar.com\\\/avatar\\\/a7358cb406a99b682ec6df1e77e31ae82e63601f6784e8a3df411d72b37864da?s=96&d=mm&r=g\",\"caption\":\"Leonardo Francisco\"},\"url\":\"https:\\\/\\\/redenoticiaz.com.br\\\/litoralsp\\\/author\\\/leonardo-francisco\"}]}<\/script>\n<!-- \/ Yoast SEO plugin. -->","yoast_head_json":{"title":"Homem \u00e9 preso por cometer agress\u00e3o e homofobia dentro de instituto de beleza - Litoral SP","description":"A Pol\u00edcia de Praia Grande prendeu um homem acusado de cometer uma s\u00e9rie de agress\u00f5es e homofobia em um instituto de beleza","robots":{"index":"index","follow":"follow","max-snippet":"max-snippet:-1","max-image-preview":"max-image-preview:large","max-video-preview":"max-video-preview:-1"},"canonical":"https:\/\/redenoticiaz.com.br\/litoralsp\/2022\/11\/30\/homem-e-preso-por-cometer-agressao-e-homofobia-dentro-de-instituto-de-beleza","og_locale":"pt_BR","og_type":"article","og_title":"Homem \u00e9 preso por cometer agress\u00e3o e homofobia dentro de instituto de beleza - Litoral SP","og_description":"A Pol\u00edcia de Praia Grande prendeu um homem acusado de cometer uma s\u00e9rie de agress\u00f5es e homofobia em um instituto de beleza","og_url":"https:\/\/redenoticiaz.com.br\/litoralsp\/2022\/11\/30\/homem-e-preso-por-cometer-agressao-e-homofobia-dentro-de-instituto-de-beleza","og_site_name":"Litoral SP","article_published_time":"2022-11-30T11:07:29+00:00","og_image":[{"width":545,"height":294,"url":"https:\/\/redenoticiaz.com.br\/litoralsp\/wp-content\/uploads\/sites\/3\/2022\/11\/INSTITUTO.jpg","type":"image\/jpeg"}],"author":"Leonardo Francisco","twitter_card":"summary_large_image","twitter_misc":{"Escrito por":"Leonardo Francisco","Est. tempo de leitura":"2 minutos"},"schema":{"@context":"https:\/\/schema.org","@graph":[{"@type":"Article","@id":"https:\/\/redenoticiaz.com.br\/litoralsp\/2022\/11\/30\/homem-e-preso-por-cometer-agressao-e-homofobia-dentro-de-instituto-de-beleza#article","isPartOf":{"@id":"https:\/\/redenoticiaz.com.br\/litoralsp\/2022\/11\/30\/homem-e-preso-por-cometer-agressao-e-homofobia-dentro-de-instituto-de-beleza"},"author":{"name":"Leonardo Francisco","@id":"https:\/\/redenoticiaz.com.br\/litoralsp\/#\/schema\/person\/0f0b8a5bdafefe82841e07ae8d81ecb3"},"headline":"Homem \u00e9 preso por cometer agress\u00e3o e homofobia dentro de instituto de beleza","datePublished":"2022-11-30T11:07:29+00:00","mainEntityOfPage":{"@id":"https:\/\/redenoticiaz.com.br\/litoralsp\/2022\/11\/30\/homem-e-preso-por-cometer-agressao-e-homofobia-dentro-de-instituto-de-beleza"},"wordCount":355,"commentCount":0,"publisher":{"@id":"https:\/\/redenoticiaz.com.br\/litoralsp\/#organization"},"image":{"@id":"https:\/\/redenoticiaz.com.br\/litoralsp\/2022\/11\/30\/homem-e-preso-por-cometer-agressao-e-homofobia-dentro-de-instituto-de-beleza#primaryimage"},"thumbnailUrl":"https:\/\/redenoticiaz.com.br\/litoralsp\/wp-content\/uploads\/sites\/3\/2022\/11\/INSTITUTO.jpg","keywords":["AGRESS\u00c3O","HOMEM PRESO","HOMOFOBIA","INSTITUTO DE BELEZA","PRAIA GRANDE"],"articleSection":["Pol\u00edcia","Praia Grande"],"inLanguage":"pt-BR","potentialAction":[{"@type":"CommentAction","name":"Comment","target":["https:\/\/redenoticiaz.com.br\/litoralsp\/2022\/11\/30\/homem-e-preso-por-cometer-agressao-e-homofobia-dentro-de-instituto-de-beleza#respond"]}]},{"@type":"WebPage","@id":"https:\/\/redenoticiaz.com.br\/litoralsp\/2022\/11\/30\/homem-e-preso-por-cometer-agressao-e-homofobia-dentro-de-instituto-de-beleza","url":"https:\/\/redenoticiaz.com.br\/litoralsp\/2022\/11\/30\/homem-e-preso-por-cometer-agressao-e-homofobia-dentro-de-instituto-de-beleza","name":"Homem \u00e9 preso por cometer agress\u00e3o e homofobia dentro de instituto de beleza - Litoral SP","isPartOf":{"@id":"https:\/\/redenoticiaz.com.br\/litoralsp\/#website"},"primaryImageOfPage":{"@id":"https:\/\/redenoticiaz.com.br\/litoralsp\/2022\/11\/30\/homem-e-preso-por-cometer-agressao-e-homofobia-dentro-de-instituto-de-beleza#primaryimage"},"image":{"@id":"https:\/\/redenoticiaz.com.br\/litoralsp\/2022\/11\/30\/homem-e-preso-por-cometer-agressao-e-homofobia-dentro-de-instituto-de-beleza#primaryimage"},"thumbnailUrl":"https:\/\/redenoticiaz.com.br\/litoralsp\/wp-content\/uploads\/sites\/3\/2022\/11\/INSTITUTO.jpg","datePublished":"2022-11-30T11:07:29+00:00","description":"A Pol\u00edcia de Praia Grande prendeu um homem acusado de cometer uma s\u00e9rie de agress\u00f5es e homofobia em um instituto de beleza","inLanguage":"pt-BR","potentialAction":[{"@type":"ReadAction","target":["https:\/\/redenoticiaz.com.br\/litoralsp\/2022\/11\/30\/homem-e-preso-por-cometer-agressao-e-homofobia-dentro-de-instituto-de-beleza"]}]},{"@type":"ImageObject","inLanguage":"pt-BR","@id":"https:\/\/redenoticiaz.com.br\/litoralsp\/2022\/11\/30\/homem-e-preso-por-cometer-agressao-e-homofobia-dentro-de-instituto-de-beleza#primaryimage","url":"https:\/\/redenoticiaz.com.br\/litoralsp\/wp-content\/uploads\/sites\/3\/2022\/11\/INSTITUTO.jpg","contentUrl":"https:\/\/redenoticiaz.com.br\/litoralsp\/wp-content\/uploads\/sites\/3\/2022\/11\/INSTITUTO.jpg","width":545,"height":294,"caption":"Cr\u00e9ditos: Reprodu\u00e7\u00e3o\/TV Tribuna"},{"@type":"WebSite","@id":"https:\/\/redenoticiaz.com.br\/litoralsp\/#website","url":"https:\/\/redenoticiaz.com.br\/litoralsp\/","name":"Litoral SP","description":"Rede NoticiaZ","publisher":{"@id":"https:\/\/redenoticiaz.com.br\/litoralsp\/#organization"},"potentialAction":[{"@type":"SearchAction","target":{"@type":"EntryPoint","urlTemplate":"https:\/\/redenoticiaz.com.br\/litoralsp\/?s={search_term_string}"},"query-input":{"@type":"PropertyValueSpecification","valueRequired":true,"valueName":"search_term_string"}}],"inLanguage":"pt-BR"},{"@type":"Organization","@id":"https:\/\/redenoticiaz.com.br\/litoralsp\/#organization","name":"Litoral SP","url":"https:\/\/redenoticiaz.com.br\/litoralsp\/","logo":{"@type":"ImageObject","inLanguage":"pt-BR","@id":"https:\/\/redenoticiaz.com.br\/litoralsp\/#\/schema\/logo\/image\/","url":"https:\/\/redenoticiaz.com.br\/litoralsp\/wp-content\/uploads\/sites\/3\/2020\/11\/logo.jpg","contentUrl":"https:\/\/redenoticiaz.com.br\/litoralsp\/wp-content\/uploads\/sites\/3\/2020\/11\/logo.jpg","width":400,"height":250,"caption":"Litoral SP"},"image":{"@id":"https:\/\/redenoticiaz.com.br\/litoralsp\/#\/schema\/logo\/image\/"}},{"@type":"Person","@id":"https:\/\/redenoticiaz.com.br\/litoralsp\/#\/schema\/person\/0f0b8a5bdafefe82841e07ae8d81ecb3","name":"Leonardo Francisco","image":{"@type":"ImageObject","inLanguage":"pt-BR","@id":"https:\/\/secure.gravatar.com\/avatar\/a7358cb406a99b682ec6df1e77e31ae82e63601f6784e8a3df411d72b37864da?s=96&d=mm&r=g","url":"https:\/\/secure.gravatar.com\/avatar\/a7358cb406a99b682ec6df1e77e31ae82e63601f6784e8a3df411d72b37864da?s=96&d=mm&r=g","contentUrl":"https:\/\/secure.gravatar.com\/avatar\/a7358cb406a99b682ec6df1e77e31ae82e63601f6784e8a3df411d72b37864da?s=96&d=mm&r=g","caption":"Leonardo Francisco"},"url":"https:\/\/redenoticiaz.com.br\/litoralsp\/author\/leonardo-francisco"}]}},"_links":{"self":[{"href":"https:\/\/redenoticiaz.com.br\/litoralsp\/wp-json\/wp\/v2\/posts\/96146","targetHints":{"allow":["GET"]}}],"collection":[{"href":"https:\/\/redenoticiaz.com.br\/litoralsp\/wp-json\/wp\/v2\/posts"}],"about":[{"href":"https:\/\/redenoticiaz.com.br\/litoralsp\/wp-json\/wp\/v2\/types\/post"}],"author":[{"embeddable":true,"href":"https:\/\/redenoticiaz.com.br\/litoralsp\/wp-json\/wp\/v2\/users\/6"}],"replies":[{"embeddable":true,"href":"https:\/\/redenoticiaz.com.br\/litoralsp\/wp-json\/wp\/v2\/comments?post=96146"}],"version-history":[{"count":2,"href":"https:\/\/redenoticiaz.com.br\/litoralsp\/wp-json\/wp\/v2\/posts\/96146\/revisions"}],"predecessor-version":[{"id":96149,"href":"https:\/\/redenoticiaz.com.br\/litoralsp\/wp-json\/wp\/v2\/posts\/96146\/revisions\/96149"}],"wp:featuredmedia":[{"embeddable":true,"href":"https:\/\/redenoticiaz.com.br\/litoralsp\/wp-json\/wp\/v2\/media\/96147"}],"wp:attachment":[{"href":"https:\/\/redenoticiaz.com.br\/litoralsp\/wp-json\/wp\/v2\/media?parent=96146"}],"wp:term":[{"taxonomy":"category","embeddable":true,"href":"https:\/\/redenoticiaz.com.br\/litoralsp\/wp-json\/wp\/v2\/categories?post=96146"},{"taxonomy":"post_tag","embeddable":true,"href":"https:\/\/redenoticiaz.com.br\/litoralsp\/wp-json\/wp\/v2\/tags?post=96146"}],"curies":[{"name":"wp","href":"https:\/\/api.w.org\/{rel}","templated":true}]}}